{"id":30848,"date":"2020-09-23T17:13:46","date_gmt":"2020-09-23T20:13:46","guid":{"rendered":"https:\/\/psol50.org.br\/?p=30848"},"modified":"2020-09-23T17:13:46","modified_gmt":"2020-09-23T20:13:46","slug":"psol-pede-acao-da-onu-contra-discurso-mentiroso-de-bolsonaro","status":"publish","type":"post","link":"https:\/\/psol50.org.br\/psol-pede-acao-da-onu-contra-discurso-mentiroso-de-bolsonaro\/","title":{"rendered":"PSOL vai \u00e0 ONU contra discurso mentiroso de Bolsonaro"},"content":{"rendered":"<p><a href=\"https:\/\/psol50.org.br\/rendajusta\/\" target=\"_blank\" rel=\"noopener noreferrer\"><img loading=\"lazy\" decoding=\"async\" class=\"alignnone size-full wp-image-30552\" src=\"https:\/\/psol50.org.br\/inc\/uploads\/2020\/08\/21-08-2020_LancamentoRendaJusta-2.png\" alt=\"\" width=\"1920\" height=\"383\" srcset=\"https:\/\/psol50.org.br\/inc\/uploads\/2020\/08\/21-08-2020_LancamentoRendaJusta-2.png 1920w, https:\/\/psol50.org.br\/inc\/uploads\/2020\/08\/21-08-2020_LancamentoRendaJusta-2-300x60.png 300w, https:\/\/psol50.org.br\/inc\/uploads\/2020\/08\/21-08-2020_LancamentoRendaJusta-2-1024x204.png 1024w, https:\/\/psol50.org.br\/inc\/uploads\/2020\/08\/21-08-2020_LancamentoRendaJusta-2-768x153.png 768w, https:\/\/psol50.org.br\/inc\/uploads\/2020\/08\/21-08-2020_LancamentoRendaJusta-2-1536x306.png 1536w, https:\/\/psol50.org.br\/inc\/uploads\/2020\/08\/21-08-2020_LancamentoRendaJusta-2-150x30.png 150w, https:\/\/psol50.org.br\/inc\/uploads\/2020\/08\/21-08-2020_LancamentoRendaJusta-2-696x139.png 696w, https:\/\/psol50.org.br\/inc\/uploads\/2020\/08\/21-08-2020_LancamentoRendaJusta-2-1068x213.png 1068w\" sizes=\"auto, (max-width: 1920px) 100vw, 1920px\" \/><\/a><\/p>\n<p>Os parlamentares do PSOL enviaram uma carta ao secret\u00e1rio-geral da ONU, Antonio Guterres, apelando para que o chefe da entidade desconsidere as informa\u00e7\u00f5es apresentadas pelo presidente Jair Bolsonaro em seu discurso de abertura da Assembleia Geral da ONU, na \u00faltima ter\u00e7a-feira (22). Al\u00e9m do PSOL, entidades da sociedade civil e ind\u00edgenas tomaram a palavra em reuni\u00f5es das Na\u00e7\u00f5es Unidas para contestar a fala do presidente brasileiro.<\/p>\n<p>Em seu discurso, Bolsonaro acusou os ind\u00edgenas de serem respons\u00e1veis pelos inc\u00eandios, divulgou desinforma\u00e7\u00e3o sobre a situa\u00e7\u00e3o ambiental, omitiu a dimens\u00e3o da crise da pandemia e n\u00e3o tocou na quest\u00e3o de direitos humanos.<\/p>\n<p>&#8220;O presidente brasileiro tentou usar a Assembleia Geral para promover a ideia de uma teoria de conspira\u00e7\u00e3o sobre inc\u00eandios na Amaz\u00f4nia e no Pantanal, e para atacar povos ind\u00edgenas, movimentos sociais e ONGs&#8221;, escreveram os parlamentares do PSOL na carta.<\/p>\n<p>&#8220;O Brasil violou sistematicamente suas obriga\u00e7\u00f5es ambientais e de direitos humanos internacionais, ignorando v\u00e1rias disposi\u00e7\u00f5es da Declara\u00e7\u00e3o Universal dos Direitos Humanos, e violando o Acordo de Paris, a Conven\u00e7\u00e3o-Quadro das Na\u00e7\u00f5es Unidas sobre Mudan\u00e7a Clim\u00e1tica e a Conven\u00e7\u00e3o sobre Diversidade Biol\u00f3gica. Os inc\u00eandios no Pantanal s\u00e3o ainda um novo cap\u00edtulo grave de um conto severo e cont\u00ednuo de destrui\u00e7\u00e3o e desmatamento&#8221;, alertaram.<\/p>\n<p>Diante da situa\u00e7\u00e3o, o grupo pede que a Assembleia Geral &#8220;desconsidere as falsas informa\u00e7\u00f5es de Bolsonaro e que aprove uma resolu\u00e7\u00e3o sobre a crise ambiental urgente no Brasil, em especial em rela\u00e7\u00e3o aos inc\u00eandios em andamento no Pantanal&#8221;.<\/p>\n<p>Eles tamb\u00e9m pedem que Alto Comissariado da ONU para os Direitos Humanos e seus Relatores Especiais considerem a situa\u00e7\u00e3o como uma emerg\u00eancia e que miss\u00f5es ao Brasil sejam solicitadas &#8220;a fim de avaliar a situa\u00e7\u00e3o no terreno e reunir-se com as comunidades afetadas&#8221;.<\/p>\n<p>&#8220;Mais do que mentir para toda a comunidade internacional, Bolsonaro tenta desesperadamente esconder sua pr\u00f3pria responsabilidade sobre a devasta\u00e7\u00e3o ambiental no Brasil. Seu governo vem promovendo um alarmante desmantelamento do sistema de prote\u00e7\u00e3o ambiental no pa\u00eds, agindo com extrema neglig\u00eancia com rela\u00e7\u00e3o \u00e0s trag\u00e9dias ambientais&#8221;, escreveram os deputados do PSOL.<\/p>\n<p>&#8220;O governo brasileiro tem reduzido drasticamente o or\u00e7amento para as pol\u00edticas ambientais, e promove abertamente o relaxamento das inspe\u00e7\u00f5es e incentiva a impunidade para crimes ambientais. Enquanto isso, Bolsonaro e outros funcion\u00e1rios do governo atacam abertamente movimentos sociais e organiza\u00e7\u00f5es n\u00e3o governamentais&#8221;, destacam.<\/p>\n<p><a href=\"https:\/\/impeachmentpopular.com.br\/\" target=\"_blank\" rel=\"noopener noreferrer\"><img loading=\"lazy\" decoding=\"async\" class=\"alignnone size-full wp-image-29118\" src=\"https:\/\/psol50.org.br\/inc\/uploads\/2020\/05\/Email_Impeachment.png\" alt=\"\" width=\"1080\" height=\"250\" srcset=\"https:\/\/psol50.org.br\/inc\/uploads\/2020\/05\/Email_Impeachment.png 1080w, https:\/\/psol50.org.br\/inc\/uploads\/2020\/05\/Email_Impeachment-300x69.png 300w, https:\/\/psol50.org.br\/inc\/uploads\/2020\/05\/Email_Impeachment-1024x237.png 1024w, https:\/\/psol50.org.br\/inc\/uploads\/2020\/05\/Email_Impeachment-768x178.png 768w, https:\/\/psol50.org.br\/inc\/uploads\/2020\/05\/Email_Impeachment-150x35.png 150w, https:\/\/psol50.org.br\/inc\/uploads\/2020\/05\/Email_Impeachment-696x161.png 696w, https:\/\/psol50.org.br\/inc\/uploads\/2020\/05\/Email_Impeachment-1068x247.png 1068w\" sizes=\"auto, (max-width: 1080px) 100vw, 1080px\" \/><\/a><\/p>\n","protected":false},"excerpt":{"rendered":"<p>Os parlamentares do PSOL enviaram uma carta ao secret\u00e1rio-geral da ONU, Antonio Guterres, apelando para que o chefe da entidade desconsidere as informa\u00e7\u00f5es apresentadas pelo presidente Jair Bolsonaro em seu discurso de abertura da Assembleia Geral da ONU, na \u00faltima ter\u00e7a-feira (22). Al\u00e9m do PSOL, entidades da sociedade civil e ind\u00edgenas tomaram a palavra em [&hellip;]<\/p>\n","protected":false},"author":2,"featured_media":30849,"comment_status":"closed","ping_status":"open","sticky":false,"template":"","format":"standard","meta":{"_acf_changed":false,"footnotes":""},"categories":[10,6],"tags":[56,12,232,22,1101],"class_list":{"0":"post-30848","1":"post","2":"type-post","3":"status-publish","4":"format-standard","5":"has-post-thumbnail","7":"category-acao-parlamentares","8":"category-noticias","9":"tag-bolsonaro","10":"tag-indigenas","11":"tag-onu","12":"tag-psol","13":"tag-queimadas"},"acf":[],"yoast_head":"<!-- This site is optimized with the Yoast SEO plugin v26.5 - https:\/\/yoast.com\/wordpress\/plugins\/seo\/ -->\n<title>PSOL vai \u00e0 ONU contra discurso mentiroso de Bolsonaro<\/title>\n<meta name=\"description\" content=\"Al\u00e9m do PSOL, entidades da sociedade civil e ind\u00edgenas tomaram a palavra em reuni\u00f5es das Na\u00e7\u00f5es Unidas para contestar a fala de Bolsonaro.\" \/>\n<meta name=\"robots\" content=\"index, follow, max-snippet:-1, max-image-preview:large, max-video-preview:-1\" \/>\n<link rel=\"canonical\" href=\"https:\/\/psol50.org.br\/psol-pede-acao-da-onu-contra-discurso-mentiroso-de-bolsonaro\/\" \/>\n<meta property=\"og:locale\" content=\"pt_BR\" \/>\n<meta property=\"og:type\" content=\"article\" \/>\n<meta property=\"og:title\" content=\"PSOL vai \u00e0 ONU contra discurso mentiroso de Bolsonaro\" \/>\n<meta property=\"og:description\" content=\"Al\u00e9m do PSOL, entidades da sociedade civil e ind\u00edgenas tomaram a palavra em reuni\u00f5es das Na\u00e7\u00f5es Unidas para contestar a fala de Bolsonaro.\" \/>\n<meta property=\"og:url\" content=\"https:\/\/psol50.org.br\/psol-pede-acao-da-onu-contra-discurso-mentiroso-de-bolsonaro\/\" \/>\n<meta property=\"og:site_name\" content=\"PSOL 50\" \/>\n<meta property=\"article:publisher\" content=\"https:\/\/www.facebook.com\/psol50\" \/>\n<meta property=\"article:published_time\" content=\"2020-09-23T20:13:46+00:00\" \/>\n<meta property=\"og:image\" content=\"https:\/\/psol50.org.br\/inc\/uploads\/2020\/09\/bolsonaro-onu-2020-1024x682-1.jpg\" \/>\n\t<meta property=\"og:image:width\" content=\"1024\" \/>\n\t<meta property=\"og:image:height\" content=\"682\" \/>\n\t<meta property=\"og:image:type\" content=\"image\/jpeg\" \/>\n<meta name=\"author\" content=\"Comunica\u00e7\u00e3o PSOL\" \/>\n<meta name=\"twitter:card\" content=\"summary_large_image\" \/>\n<meta name=\"twitter:title\" content=\"PSOL vai \u00e0 ONU contra discurso mentiroso de Bolsonaro\" \/>\n<meta name=\"twitter:description\" content=\"Al\u00e9m do PSOL, entidades da sociedade civil e ind\u00edgenas tomaram a palavra em reuni\u00f5es das Na\u00e7\u00f5es Unidas para contestar a fala de Bolsonaro.\" \/>\n<meta name=\"twitter:image\" content=\"https:\/\/psol50.org.br\/inc\/uploads\/2020\/09\/bolsonaro-onu-2020-1024x682-1.jpg\" \/>\n<meta name=\"twitter:creator\" content=\"@psol50\" \/>\n<meta name=\"twitter:site\" content=\"@psol50\" \/>\n<meta name=\"twitter:label1\" content=\"Escrito por\" \/>\n\t<meta name=\"twitter:data1\" content=\"Comunica\u00e7\u00e3o PSOL\" \/>\n\t<meta name=\"twitter:label2\" content=\"Est. tempo de leitura\" \/>\n\t<meta name=\"twitter:data2\" content=\"2 minutos\" \/>\n<script type=\"application\/ld+json\" class=\"yoast-schema-graph\">{\"@context\":\"https:\/\/schema.org\",\"@graph\":[{\"@type\":\"Article\",\"@id\":\"https:\/\/psol50.org.br\/psol-pede-acao-da-onu-contra-discurso-mentiroso-de-bolsonaro\/#article\",\"isPartOf\":{\"@id\":\"https:\/\/psol50.org.br\/psol-pede-acao-da-onu-contra-discurso-mentiroso-de-bolsonaro\/\"},\"author\":{\"name\":\"Comunica\u00e7\u00e3o PSOL\",\"@id\":\"https:\/\/psol50.org.br\/#\/schema\/person\/475dfa57d0b815993c714c2e96491fcd\"},\"headline\":\"PSOL vai \u00e0 ONU contra discurso mentiroso de Bolsonaro\",\"datePublished\":\"2020-09-23T20:13:46+00:00\",\"mainEntityOfPage\":{\"@id\":\"https:\/\/psol50.org.br\/psol-pede-acao-da-onu-contra-discurso-mentiroso-de-bolsonaro\/\"},\"wordCount\":439,\"publisher\":{\"@id\":\"https:\/\/psol50.org.br\/#organization\"},\"image\":{\"@id\":\"https:\/\/psol50.org.br\/psol-pede-acao-da-onu-contra-discurso-mentiroso-de-bolsonaro\/#primaryimage\"},\"thumbnailUrl\":\"https:\/\/psol50.org.br\/inc\/uploads\/2020\/09\/bolsonaro-onu-2020-1024x682-1.jpg\",\"keywords\":[\"Bolsonaro\",\"Ind\u00edgenas\",\"ONU\",\"PSOL\",\"queimadas\"],\"articleSection\":[\"A\u00e7\u00e3o Parlamentar\",\"Not\u00edcias\"],\"inLanguage\":\"pt-BR\"},{\"@type\":\"WebPage\",\"@id\":\"https:\/\/psol50.org.br\/psol-pede-acao-da-onu-contra-discurso-mentiroso-de-bolsonaro\/\",\"url\":\"https:\/\/psol50.org.br\/psol-pede-acao-da-onu-contra-discurso-mentiroso-de-bolsonaro\/\",\"name\":\"PSOL vai \u00e0 ONU contra discurso mentiroso de Bolsonaro\",\"isPartOf\":{\"@id\":\"https:\/\/psol50.org.br\/#website\"},\"primaryImageOfPage\":{\"@id\":\"https:\/\/psol50.org.br\/psol-pede-acao-da-onu-contra-discurso-mentiroso-de-bolsonaro\/#primaryimage\"},\"image\":{\"@id\":\"https:\/\/psol50.org.br\/psol-pede-acao-da-onu-contra-discurso-mentiroso-de-bolsonaro\/#primaryimage\"},\"thumbnailUrl\":\"https:\/\/psol50.org.br\/inc\/uploads\/2020\/09\/bolsonaro-onu-2020-1024x682-1.jpg\",\"datePublished\":\"2020-09-23T20:13:46+00:00\",\"description\":\"Al\u00e9m do PSOL, entidades da sociedade civil e ind\u00edgenas tomaram a palavra em reuni\u00f5es das Na\u00e7\u00f5es Unidas para contestar a fala de Bolsonaro.\",\"breadcrumb\":{\"@id\":\"https:\/\/psol50.org.br\/psol-pede-acao-da-onu-contra-discurso-mentiroso-de-bolsonaro\/#breadcrumb\"},\"inLanguage\":\"pt-BR\",\"potentialAction\":[{\"@type\":\"ReadAction\",\"target\":[\"https:\/\/psol50.org.br\/psol-pede-acao-da-onu-contra-discurso-mentiroso-de-bolsonaro\/\"]}]},{\"@type\":\"ImageObject\",\"inLanguage\":\"pt-BR\",\"@id\":\"https:\/\/psol50.org.br\/psol-pede-acao-da-onu-contra-discurso-mentiroso-de-bolsonaro\/#primaryimage\",\"url\":\"https:\/\/psol50.org.br\/inc\/uploads\/2020\/09\/bolsonaro-onu-2020-1024x682-1.jpg\",\"contentUrl\":\"https:\/\/psol50.org.br\/inc\/uploads\/2020\/09\/bolsonaro-onu-2020-1024x682-1.jpg\",\"width\":1024,\"height\":682},{\"@type\":\"BreadcrumbList\",\"@id\":\"https:\/\/psol50.org.br\/psol-pede-acao-da-onu-contra-discurso-mentiroso-de-bolsonaro\/#breadcrumb\",\"itemListElement\":[{\"@type\":\"ListItem\",\"position\":1,\"name\":\"In\u00edcio\",\"item\":\"https:\/\/psol50.org.br\/\"},{\"@type\":\"ListItem\",\"position\":2,\"name\":\"PSOL vai \u00e0 ONU contra discurso mentiroso de Bolsonaro\"}]},{\"@type\":\"WebSite\",\"@id\":\"https:\/\/psol50.org.br\/#website\",\"url\":\"https:\/\/psol50.org.br\/\",\"name\":\"PSOL 50\",\"description\":\"Site oficial do Partido Socialismo e Liberdade\",\"publisher\":{\"@id\":\"https:\/\/psol50.org.br\/#organization\"},\"alternateName\":\"PSOL50\",\"potentialAction\":[{\"@type\":\"SearchAction\",\"target\":{\"@type\":\"EntryPoint\",\"urlTemplate\":\"https:\/\/psol50.org.br\/?s={search_term_string}\"},\"query-input\":{\"@type\":\"PropertyValueSpecification\",\"valueRequired\":true,\"valueName\":\"search_term_string\"}}],\"inLanguage\":\"pt-BR\"},{\"@type\":\"Organization\",\"@id\":\"https:\/\/psol50.org.br\/#organization\",\"name\":\"PSOL 50\",\"alternateName\":\"PSOL 50\",\"url\":\"https:\/\/psol50.org.br\/\",\"logo\":{\"@type\":\"ImageObject\",\"inLanguage\":\"pt-BR\",\"@id\":\"https:\/\/psol50.org.br\/#\/schema\/logo\/image\/\",\"url\":\"https:\/\/psol50.org.br\/inc\/uploads\/2018\/07\/capa.png\",\"contentUrl\":\"https:\/\/psol50.org.br\/inc\/uploads\/2018\/07\/capa.png\",\"width\":1350,\"height\":900,\"caption\":\"PSOL 50\"},\"image\":{\"@id\":\"https:\/\/psol50.org.br\/#\/schema\/logo\/image\/\"},\"sameAs\":[\"https:\/\/www.facebook.com\/psol50\",\"https:\/\/x.com\/psol50\",\"https:\/\/www.instagram.com\/psol50\/\",\"https:\/\/www.youtube.com\/channel\/UC7SnJS5o1os7a6CaiNabzcg\"]},{\"@type\":\"Person\",\"@id\":\"https:\/\/psol50.org.br\/#\/schema\/person\/475dfa57d0b815993c714c2e96491fcd\",\"name\":\"Comunica\u00e7\u00e3o PSOL\",\"image\":{\"@type\":\"ImageObject\",\"inLanguage\":\"pt-BR\",\"@id\":\"https:\/\/psol50.org.br\/#\/schema\/person\/image\/\",\"url\":\"https:\/\/secure.gravatar.com\/avatar\/b34fc4f4e468a4e51785917065a3db57b841f5c95dba6ad8c73aaf8f66f8f9bf?s=96&d=mm&r=g\",\"contentUrl\":\"https:\/\/secure.gravatar.com\/avatar\/b34fc4f4e468a4e51785917065a3db57b841f5c95dba6ad8c73aaf8f66f8f9bf?s=96&d=mm&r=g\",\"caption\":\"Comunica\u00e7\u00e3o PSOL\"}}]}<\/script>\n<!-- \/ Yoast SEO plugin. -->","yoast_head_json":{"title":"PSOL vai \u00e0 ONU contra discurso mentiroso de Bolsonaro","description":"Al\u00e9m do PSOL, entidades da sociedade civil e ind\u00edgenas tomaram a palavra em reuni\u00f5es das Na\u00e7\u00f5es Unidas para contestar a fala de Bolsonaro.","robots":{"index":"index","follow":"follow","max-snippet":"max-snippet:-1","max-image-preview":"max-image-preview:large","max-video-preview":"max-video-preview:-1"},"canonical":"https:\/\/psol50.org.br\/psol-pede-acao-da-onu-contra-discurso-mentiroso-de-bolsonaro\/","og_locale":"pt_BR","og_type":"article","og_title":"PSOL vai \u00e0 ONU contra discurso mentiroso de Bolsonaro","og_description":"Al\u00e9m do PSOL, entidades da sociedade civil e ind\u00edgenas tomaram a palavra em reuni\u00f5es das Na\u00e7\u00f5es Unidas para contestar a fala de Bolsonaro.","og_url":"https:\/\/psol50.org.br\/psol-pede-acao-da-onu-contra-discurso-mentiroso-de-bolsonaro\/","og_site_name":"PSOL 50","article_publisher":"https:\/\/www.facebook.com\/psol50","article_published_time":"2020-09-23T20:13:46+00:00","og_image":[{"width":1024,"height":682,"url":"https:\/\/psol50.org.br\/inc\/uploads\/2020\/09\/bolsonaro-onu-2020-1024x682-1.jpg","type":"image\/jpeg"}],"author":"Comunica\u00e7\u00e3o PSOL","twitter_card":"summary_large_image","twitter_title":"PSOL vai \u00e0 ONU contra discurso mentiroso de Bolsonaro","twitter_description":"Al\u00e9m do PSOL, entidades da sociedade civil e ind\u00edgenas tomaram a palavra em reuni\u00f5es das Na\u00e7\u00f5es Unidas para contestar a fala de Bolsonaro.","twitter_image":"https:\/\/psol50.org.br\/inc\/uploads\/2020\/09\/bolsonaro-onu-2020-1024x682-1.jpg","twitter_creator":"@psol50","twitter_site":"@psol50","twitter_misc":{"Escrito por":"Comunica\u00e7\u00e3o PSOL","Est. tempo de leitura":"2 minutos"},"schema":{"@context":"https:\/\/schema.org","@graph":[{"@type":"Article","@id":"https:\/\/psol50.org.br\/psol-pede-acao-da-onu-contra-discurso-mentiroso-de-bolsonaro\/#article","isPartOf":{"@id":"https:\/\/psol50.org.br\/psol-pede-acao-da-onu-contra-discurso-mentiroso-de-bolsonaro\/"},"author":{"name":"Comunica\u00e7\u00e3o PSOL","@id":"https:\/\/psol50.org.br\/#\/schema\/person\/475dfa57d0b815993c714c2e96491fcd"},"headline":"PSOL vai \u00e0 ONU contra discurso mentiroso de Bolsonaro","datePublished":"2020-09-23T20:13:46+00:00","mainEntityOfPage":{"@id":"https:\/\/psol50.org.br\/psol-pede-acao-da-onu-contra-discurso-mentiroso-de-bolsonaro\/"},"wordCount":439,"publisher":{"@id":"https:\/\/psol50.org.br\/#organization"},"image":{"@id":"https:\/\/psol50.org.br\/psol-pede-acao-da-onu-contra-discurso-mentiroso-de-bolsonaro\/#primaryimage"},"thumbnailUrl":"https:\/\/psol50.org.br\/inc\/uploads\/2020\/09\/bolsonaro-onu-2020-1024x682-1.jpg","keywords":["Bolsonaro","Ind\u00edgenas","ONU","PSOL","queimadas"],"articleSection":["A\u00e7\u00e3o Parlamentar","Not\u00edcias"],"inLanguage":"pt-BR"},{"@type":"WebPage","@id":"https:\/\/psol50.org.br\/psol-pede-acao-da-onu-contra-discurso-mentiroso-de-bolsonaro\/","url":"https:\/\/psol50.org.br\/psol-pede-acao-da-onu-contra-discurso-mentiroso-de-bolsonaro\/","name":"PSOL vai \u00e0 ONU contra discurso mentiroso de Bolsonaro","isPartOf":{"@id":"https:\/\/psol50.org.br\/#website"},"primaryImageOfPage":{"@id":"https:\/\/psol50.org.br\/psol-pede-acao-da-onu-contra-discurso-mentiroso-de-bolsonaro\/#primaryimage"},"image":{"@id":"https:\/\/psol50.org.br\/psol-pede-acao-da-onu-contra-discurso-mentiroso-de-bolsonaro\/#primaryimage"},"thumbnailUrl":"https:\/\/psol50.org.br\/inc\/uploads\/2020\/09\/bolsonaro-onu-2020-1024x682-1.jpg","datePublished":"2020-09-23T20:13:46+00:00","description":"Al\u00e9m do PSOL, entidades da sociedade civil e ind\u00edgenas tomaram a palavra em reuni\u00f5es das Na\u00e7\u00f5es Unidas para contestar a fala de Bolsonaro.","breadcrumb":{"@id":"https:\/\/psol50.org.br\/psol-pede-acao-da-onu-contra-discurso-mentiroso-de-bolsonaro\/#breadcrumb"},"inLanguage":"pt-BR","potentialAction":[{"@type":"ReadAction","target":["https:\/\/psol50.org.br\/psol-pede-acao-da-onu-contra-discurso-mentiroso-de-bolsonaro\/"]}]},{"@type":"ImageObject","inLanguage":"pt-BR","@id":"https:\/\/psol50.org.br\/psol-pede-acao-da-onu-contra-discurso-mentiroso-de-bolsonaro\/#primaryimage","url":"https:\/\/psol50.org.br\/inc\/uploads\/2020\/09\/bolsonaro-onu-2020-1024x682-1.jpg","contentUrl":"https:\/\/psol50.org.br\/inc\/uploads\/2020\/09\/bolsonaro-onu-2020-1024x682-1.jpg","width":1024,"height":682},{"@type":"BreadcrumbList","@id":"https:\/\/psol50.org.br\/psol-pede-acao-da-onu-contra-discurso-mentiroso-de-bolsonaro\/#breadcrumb","itemListElement":[{"@type":"ListItem","position":1,"name":"In\u00edcio","item":"https:\/\/psol50.org.br\/"},{"@type":"ListItem","position":2,"name":"PSOL vai \u00e0 ONU contra discurso mentiroso de Bolsonaro"}]},{"@type":"WebSite","@id":"https:\/\/psol50.org.br\/#website","url":"https:\/\/psol50.org.br\/","name":"PSOL 50","description":"Site oficial do Partido Socialismo e Liberdade","publisher":{"@id":"https:\/\/psol50.org.br\/#organization"},"alternateName":"PSOL50","potentialAction":[{"@type":"SearchAction","target":{"@type":"EntryPoint","urlTemplate":"https:\/\/psol50.org.br\/?s={search_term_string}"},"query-input":{"@type":"PropertyValueSpecification","valueRequired":true,"valueName":"search_term_string"}}],"inLanguage":"pt-BR"},{"@type":"Organization","@id":"https:\/\/psol50.org.br\/#organization","name":"PSOL 50","alternateName":"PSOL 50","url":"https:\/\/psol50.org.br\/","logo":{"@type":"ImageObject","inLanguage":"pt-BR","@id":"https:\/\/psol50.org.br\/#\/schema\/logo\/image\/","url":"https:\/\/psol50.org.br\/inc\/uploads\/2018\/07\/capa.png","contentUrl":"https:\/\/psol50.org.br\/inc\/uploads\/2018\/07\/capa.png","width":1350,"height":900,"caption":"PSOL 50"},"image":{"@id":"https:\/\/psol50.org.br\/#\/schema\/logo\/image\/"},"sameAs":["https:\/\/www.facebook.com\/psol50","https:\/\/x.com\/psol50","https:\/\/www.instagram.com\/psol50\/","https:\/\/www.youtube.com\/channel\/UC7SnJS5o1os7a6CaiNabzcg"]},{"@type":"Person","@id":"https:\/\/psol50.org.br\/#\/schema\/person\/475dfa57d0b815993c714c2e96491fcd","name":"Comunica\u00e7\u00e3o PSOL","image":{"@type":"ImageObject","inLanguage":"pt-BR","@id":"https:\/\/psol50.org.br\/#\/schema\/person\/image\/","url":"https:\/\/secure.gravatar.com\/avatar\/b34fc4f4e468a4e51785917065a3db57b841f5c95dba6ad8c73aaf8f66f8f9bf?s=96&d=mm&r=g","contentUrl":"https:\/\/secure.gravatar.com\/avatar\/b34fc4f4e468a4e51785917065a3db57b841f5c95dba6ad8c73aaf8f66f8f9bf?s=96&d=mm&r=g","caption":"Comunica\u00e7\u00e3o PSOL"}}]}},"_links":{"self":[{"href":"https:\/\/psol50.org.br\/rest\/wp\/v2\/posts\/30848","targetHints":{"allow":["GET"]}}],"collection":[{"href":"https:\/\/psol50.org.br\/rest\/wp\/v2\/posts"}],"about":[{"href":"https:\/\/psol50.org.br\/rest\/wp\/v2\/types\/post"}],"author":[{"embeddable":true,"href":"https:\/\/psol50.org.br\/rest\/wp\/v2\/users\/2"}],"replies":[{"embeddable":true,"href":"https:\/\/psol50.org.br\/rest\/wp\/v2\/comments?post=30848"}],"version-history":[{"count":0,"href":"https:\/\/psol50.org.br\/rest\/wp\/v2\/posts\/30848\/revisions"}],"wp:featuredmedia":[{"embeddable":true,"href":"https:\/\/psol50.org.br\/rest\/wp\/v2\/media\/30849"}],"wp:attachment":[{"href":"https:\/\/psol50.org.br\/rest\/wp\/v2\/media?parent=30848"}],"wp:term":[{"taxonomy":"category","embeddable":true,"href":"https:\/\/psol50.org.br\/rest\/wp\/v2\/categories?post=30848"},{"taxonomy":"post_tag","embeddable":true,"href":"https:\/\/psol50.org.br\/rest\/wp\/v2\/tags?post=30848"}],"curies":[{"name":"wp","href":"https:\/\/api.w.org\/{rel}","templated":true}]}}