{"id":3085,"date":"2014-12-05T00:00:00","date_gmt":"2014-12-05T18:35:23","guid":{"rendered":"http:\/\/psol50.org.br\/arquivo\/2014\/12\/05\/psol-go-quer-que-mpf-investigue-marconi-perillo-e-iris-rezende\/"},"modified":"2014-12-05T00:00:00","modified_gmt":"2014-12-05T18:35:23","slug":"psol-go-quer-que-mpf-investigue-marconi-perillo-e-iris-rezende","status":"publish","type":"post","link":"https:\/\/psol50.org.br\/psol-go-quer-que-mpf-investigue-marconi-perillo-e-iris-rezende\/","title":{"rendered":"PSOL-GO quer que MPF investigue Marconi Perillo e Iris Rezende"},"content":{"rendered":"<div style=\"text-align: justify;\">\n\tO PSOL de Goi\u00e1s entrou com uma representa\u00e7\u00e3o junto ao Minist\u00e9rio P\u00fablico Federal contra o governador Marconi Perillo, do PSDB-GO, e contra o ex-governador e ex-candidato Iris Resende Machado, do PMDB-GO, para que estes esclare\u00e7am o fato de terem recebido doa\u00e7\u00f5es das empresas envolvidas na Opera\u00e7\u00e3o Lava Jato. Recentemente, o partido protocolou uma representa\u00e7\u00e3o contra o deputado Ronaldo Caiado, do DEM-GO, (agora eleito senador da Rep\u00fablica). Na ocasi\u00e3o, a dire\u00e7\u00e3o alertou que seria quest\u00e3o de tempo para aparecer nas presta\u00e7\u00f5es de contas dos candidatos aos cargos majorit\u00e1rios as doa\u00e7\u00f5es das empreiteiras que est\u00e3o envolvidas no esc\u00e2ndalo da Opera\u00e7\u00e3o Lava Jato da Pol\u00edcia Federal. \u201cN\u00e3o t\u00ednhamos d\u00favidas que essas empreiteiras apareceriam como doadoras, n\u00e3o s\u00f3 das campanhas dos candidatos ao poder Legislativo, mas como tamb\u00e9m nas campanhas majorit\u00e1rias de Marconi e Iris Resende\u201d, ressalta a Executiva do PSOL-GO.<br \/>\n\t&nbsp;<br \/>\n\tO fato novo \u00e9 a declara\u00e7\u00e3o do ex-diretor da Petrobras, Paulo Roberto Costa, em seu \u00faltimo depoimento, divulgado em reportagem da revista Carta Capital, em que afirmou que a empreiteira Odebrecht pagou propina para ganhar a licita\u00e7\u00e3o para assumir os contratos de Subdelega\u00e7\u00e3o da Saneago (empresa de saneamento de Goi\u00e1s) nas cidades de Rio Verde, Trindade, Aparecida de Goi\u00e2nia e Jata\u00ed.&nbsp; A Saneago aparece tamb\u00e9m em uma planilha de anota\u00e7\u00f5es aprendida pela PF, com o Doleiro Youssef.<br \/>\n\t&nbsp;<br \/>\n\tPara o PSOL-GO, \u00e9 preciso investigar esse contrato, como tamb\u00e9m a licita\u00e7\u00e3o ganha pela Odebrecht para operar as obras do VLT (Ve\u00edculo Leve Sobre Trilho).&nbsp; \u201c\u00c9 evidente que essas empresas superfaturam as obras para depois fazerem doa\u00e7\u00f5es de campanha e at\u00e9 mesmo doa\u00e7\u00f5es individuais para contas pessoais de agentes p\u00fablicos e privados, como a investiga\u00e7\u00e3o da PF est\u00e1 demonstrando. O PSOL prop\u00f5e que o \u00f3rg\u00e3o de controle aprofunde a investiga\u00e7\u00e3o e em se comprovando o pagamento de propinas, que estas licita\u00e7\u00f5es sejam anuladas\u201d, ressalta a dire\u00e7\u00e3o do PSOL-GO.<br \/>\n\t&nbsp;<br \/>\n\tO partido defende que as licita\u00e7\u00f5es sejam anuladas e os governantes e parlamentares eleitos com dinheiro fruto da corrup\u00e7\u00e3o sejam impedidos de tomar posse.<br \/>\n\t&nbsp;<\/div>\n<p>&nbsp;<\/p>\n","protected":false},"excerpt":{"rendered":"<p>O PSOL de Goi\u00e1s entrou com uma representa\u00e7\u00e3o junto ao Minist\u00e9rio P\u00fablico Federal contra o governador Marconi Perillo, do PSDB-GO, e contra o ex-governador e ex-candidato Iris Resende Machado, do PMDB-GO, para que estes esclare\u00e7am o fato de terem recebido doa\u00e7\u00f5es das empresas envolvidas na Opera\u00e7\u00e3o Lava Jato. Recentemente, o partido protocolou uma representa\u00e7\u00e3o contra [&hellip;]<\/p>\n","protected":false},"author":2,"featured_media":0,"comment_status":"open","ping_status":"open","sticky":false,"template":"","format":"standard","meta":{"_acf_changed":false,"footnotes":""},"categories":[4766,6],"tags":[22],"class_list":{"0":"post-3085","1":"post","2":"type-post","3":"status-publish","4":"format-standard","6":"category-arquivo","7":"category-noticias","8":"tag-psol"},"acf":[],"yoast_head":"<!-- This site is optimized with the Yoast SEO plugin v26.5 - https:\/\/yoast.com\/wordpress\/plugins\/seo\/ -->\n<title>PSOL-GO quer que MPF investigue Marconi Perillo e Iris Rezende - PSOL 50<\/title>\n<meta name=\"robots\" content=\"index, follow, max-snippet:-1, max-image-preview:large, max-video-preview:-1\" \/>\n<link rel=\"canonical\" href=\"https:\/\/psol50.org.br\/psol-go-quer-que-mpf-investigue-marconi-perillo-e-iris-rezende\/\" \/>\n<meta property=\"og:locale\" content=\"pt_BR\" \/>\n<meta property=\"og:type\" content=\"article\" \/>\n<meta property=\"og:title\" content=\"PSOL-GO quer que MPF investigue Marconi Perillo e Iris Rezende - PSOL 50\" \/>\n<meta property=\"og:description\" content=\"O PSOL de Goi\u00e1s entrou com uma representa\u00e7\u00e3o junto ao Minist\u00e9rio P\u00fablico Federal contra o governador Marconi Perillo, do PSDB-GO, e contra o ex-governador e ex-candidato Iris Resende Machado, do PMDB-GO, para que estes esclare\u00e7am o fato de terem recebido doa\u00e7\u00f5es das empresas envolvidas na Opera\u00e7\u00e3o Lava Jato. Recentemente, o partido protocolou uma representa\u00e7\u00e3o contra [&hellip;]\" \/>\n<meta property=\"og:url\" content=\"https:\/\/psol50.org.br\/psol-go-quer-que-mpf-investigue-marconi-perillo-e-iris-rezende\/\" \/>\n<meta property=\"og:site_name\" content=\"PSOL 50\" \/>\n<meta property=\"article:publisher\" content=\"https:\/\/www.facebook.com\/psol50\" \/>\n<meta property=\"article:published_time\" content=\"2014-12-05T18:35:23+00:00\" \/>\n<meta property=\"og:image\" content=\"https:\/\/psol50.org.br\/inc\/uploads\/2018\/07\/capa.png\" \/>\n\t<meta property=\"og:image:width\" content=\"1350\" \/>\n\t<meta property=\"og:image:height\" content=\"900\" \/>\n\t<meta property=\"og:image:type\" content=\"image\/png\" \/>\n<meta name=\"author\" content=\"Comunica\u00e7\u00e3o PSOL\" \/>\n<meta name=\"twitter:card\" content=\"summary_large_image\" \/>\n<meta name=\"twitter:creator\" content=\"@psol50\" \/>\n<meta name=\"twitter:site\" content=\"@psol50\" \/>\n<meta name=\"twitter:label1\" content=\"Escrito por\" \/>\n\t<meta name=\"twitter:data1\" content=\"Comunica\u00e7\u00e3o PSOL\" \/>\n\t<meta name=\"twitter:label2\" content=\"Est. tempo de leitura\" \/>\n\t<meta name=\"twitter:data2\" content=\"2 minutos\" \/>\n<script type=\"application\/ld+json\" class=\"yoast-schema-graph\">{\"@context\":\"https:\/\/schema.org\",\"@graph\":[{\"@type\":\"Article\",\"@id\":\"https:\/\/psol50.org.br\/psol-go-quer-que-mpf-investigue-marconi-perillo-e-iris-rezende\/#article\",\"isPartOf\":{\"@id\":\"https:\/\/psol50.org.br\/psol-go-quer-que-mpf-investigue-marconi-perillo-e-iris-rezende\/\"},\"author\":{\"name\":\"Comunica\u00e7\u00e3o PSOL\",\"@id\":\"https:\/\/psol50.org.br\/#\/schema\/person\/475dfa57d0b815993c714c2e96491fcd\"},\"headline\":\"PSOL-GO quer que MPF investigue Marconi Perillo e Iris Rezende\",\"datePublished\":\"2014-12-05T18:35:23+00:00\",\"mainEntityOfPage\":{\"@id\":\"https:\/\/psol50.org.br\/psol-go-quer-que-mpf-investigue-marconi-perillo-e-iris-rezende\/\"},\"wordCount\":386,\"commentCount\":0,\"publisher\":{\"@id\":\"https:\/\/psol50.org.br\/#organization\"},\"keywords\":[\"PSOL\"],\"articleSection\":[\"Arquivo\",\"Not\u00edcias\"],\"inLanguage\":\"pt-BR\",\"potentialAction\":[{\"@type\":\"CommentAction\",\"name\":\"Comment\",\"target\":[\"https:\/\/psol50.org.br\/psol-go-quer-que-mpf-investigue-marconi-perillo-e-iris-rezende\/#respond\"]}]},{\"@type\":\"WebPage\",\"@id\":\"https:\/\/psol50.org.br\/psol-go-quer-que-mpf-investigue-marconi-perillo-e-iris-rezende\/\",\"url\":\"https:\/\/psol50.org.br\/psol-go-quer-que-mpf-investigue-marconi-perillo-e-iris-rezende\/\",\"name\":\"PSOL-GO quer que MPF investigue Marconi Perillo e Iris Rezende - PSOL 50\",\"isPartOf\":{\"@id\":\"https:\/\/psol50.org.br\/#website\"},\"datePublished\":\"2014-12-05T18:35:23+00:00\",\"breadcrumb\":{\"@id\":\"https:\/\/psol50.org.br\/psol-go-quer-que-mpf-investigue-marconi-perillo-e-iris-rezende\/#breadcrumb\"},\"inLanguage\":\"pt-BR\",\"potentialAction\":[{\"@type\":\"ReadAction\",\"target\":[\"https:\/\/psol50.org.br\/psol-go-quer-que-mpf-investigue-marconi-perillo-e-iris-rezende\/\"]}]},{\"@type\":\"BreadcrumbList\",\"@id\":\"https:\/\/psol50.org.br\/psol-go-quer-que-mpf-investigue-marconi-perillo-e-iris-rezende\/#breadcrumb\",\"itemListElement\":[{\"@type\":\"ListItem\",\"position\":1,\"name\":\"In\u00edcio\",\"item\":\"https:\/\/psol50.org.br\/\"},{\"@type\":\"ListItem\",\"position\":2,\"name\":\"PSOL-GO quer que MPF investigue Marconi Perillo e Iris Rezende\"}]},{\"@type\":\"WebSite\",\"@id\":\"https:\/\/psol50.org.br\/#website\",\"url\":\"https:\/\/psol50.org.br\/\",\"name\":\"PSOL 50\",\"description\":\"Site oficial do Partido Socialismo e Liberdade\",\"publisher\":{\"@id\":\"https:\/\/psol50.org.br\/#organization\"},\"alternateName\":\"PSOL50\",\"potentialAction\":[{\"@type\":\"SearchAction\",\"target\":{\"@type\":\"EntryPoint\",\"urlTemplate\":\"https:\/\/psol50.org.br\/?s={search_term_string}\"},\"query-input\":{\"@type\":\"PropertyValueSpecification\",\"valueRequired\":true,\"valueName\":\"search_term_string\"}}],\"inLanguage\":\"pt-BR\"},{\"@type\":\"Organization\",\"@id\":\"https:\/\/psol50.org.br\/#organization\",\"name\":\"PSOL 50\",\"alternateName\":\"PSOL 50\",\"url\":\"https:\/\/psol50.org.br\/\",\"logo\":{\"@type\":\"ImageObject\",\"inLanguage\":\"pt-BR\",\"@id\":\"https:\/\/psol50.org.br\/#\/schema\/logo\/image\/\",\"url\":\"https:\/\/psol50.org.br\/inc\/uploads\/2018\/07\/capa.png\",\"contentUrl\":\"https:\/\/psol50.org.br\/inc\/uploads\/2018\/07\/capa.png\",\"width\":1350,\"height\":900,\"caption\":\"PSOL 50\"},\"image\":{\"@id\":\"https:\/\/psol50.org.br\/#\/schema\/logo\/image\/\"},\"sameAs\":[\"https:\/\/www.facebook.com\/psol50\",\"https:\/\/x.com\/psol50\",\"https:\/\/www.instagram.com\/psol50\/\",\"https:\/\/www.youtube.com\/channel\/UC7SnJS5o1os7a6CaiNabzcg\"]},{\"@type\":\"Person\",\"@id\":\"https:\/\/psol50.org.br\/#\/schema\/person\/475dfa57d0b815993c714c2e96491fcd\",\"name\":\"Comunica\u00e7\u00e3o PSOL\",\"image\":{\"@type\":\"ImageObject\",\"inLanguage\":\"pt-BR\",\"@id\":\"https:\/\/psol50.org.br\/#\/schema\/person\/image\/\",\"url\":\"https:\/\/secure.gravatar.com\/avatar\/b34fc4f4e468a4e51785917065a3db57b841f5c95dba6ad8c73aaf8f66f8f9bf?s=96&d=mm&r=g\",\"contentUrl\":\"https:\/\/secure.gravatar.com\/avatar\/b34fc4f4e468a4e51785917065a3db57b841f5c95dba6ad8c73aaf8f66f8f9bf?s=96&d=mm&r=g\",\"caption\":\"Comunica\u00e7\u00e3o PSOL\"}}]}<\/script>\n<!-- \/ Yoast SEO plugin. -->","yoast_head_json":{"title":"PSOL-GO quer que MPF investigue Marconi Perillo e Iris Rezende - PSOL 50","robots":{"index":"index","follow":"follow","max-snippet":"max-snippet:-1","max-image-preview":"max-image-preview:large","max-video-preview":"max-video-preview:-1"},"canonical":"https:\/\/psol50.org.br\/psol-go-quer-que-mpf-investigue-marconi-perillo-e-iris-rezende\/","og_locale":"pt_BR","og_type":"article","og_title":"PSOL-GO quer que MPF investigue Marconi Perillo e Iris Rezende - PSOL 50","og_description":"O PSOL de Goi\u00e1s entrou com uma representa\u00e7\u00e3o junto ao Minist\u00e9rio P\u00fablico Federal contra o governador Marconi Perillo, do PSDB-GO, e contra o ex-governador e ex-candidato Iris Resende Machado, do PMDB-GO, para que estes esclare\u00e7am o fato de terem recebido doa\u00e7\u00f5es das empresas envolvidas na Opera\u00e7\u00e3o Lava Jato. Recentemente, o partido protocolou uma representa\u00e7\u00e3o contra [&hellip;]","og_url":"https:\/\/psol50.org.br\/psol-go-quer-que-mpf-investigue-marconi-perillo-e-iris-rezende\/","og_site_name":"PSOL 50","article_publisher":"https:\/\/www.facebook.com\/psol50","article_published_time":"2014-12-05T18:35:23+00:00","og_image":[{"width":1350,"height":900,"url":"https:\/\/psol50.org.br\/inc\/uploads\/2018\/07\/capa.png","type":"image\/png"}],"author":"Comunica\u00e7\u00e3o PSOL","twitter_card":"summary_large_image","twitter_creator":"@psol50","twitter_site":"@psol50","twitter_misc":{"Escrito por":"Comunica\u00e7\u00e3o PSOL","Est. tempo de leitura":"2 minutos"},"schema":{"@context":"https:\/\/schema.org","@graph":[{"@type":"Article","@id":"https:\/\/psol50.org.br\/psol-go-quer-que-mpf-investigue-marconi-perillo-e-iris-rezende\/#article","isPartOf":{"@id":"https:\/\/psol50.org.br\/psol-go-quer-que-mpf-investigue-marconi-perillo-e-iris-rezende\/"},"author":{"name":"Comunica\u00e7\u00e3o PSOL","@id":"https:\/\/psol50.org.br\/#\/schema\/person\/475dfa57d0b815993c714c2e96491fcd"},"headline":"PSOL-GO quer que MPF investigue Marconi Perillo e Iris Rezende","datePublished":"2014-12-05T18:35:23+00:00","mainEntityOfPage":{"@id":"https:\/\/psol50.org.br\/psol-go-quer-que-mpf-investigue-marconi-perillo-e-iris-rezende\/"},"wordCount":386,"commentCount":0,"publisher":{"@id":"https:\/\/psol50.org.br\/#organization"},"keywords":["PSOL"],"articleSection":["Arquivo","Not\u00edcias"],"inLanguage":"pt-BR","potentialAction":[{"@type":"CommentAction","name":"Comment","target":["https:\/\/psol50.org.br\/psol-go-quer-que-mpf-investigue-marconi-perillo-e-iris-rezende\/#respond"]}]},{"@type":"WebPage","@id":"https:\/\/psol50.org.br\/psol-go-quer-que-mpf-investigue-marconi-perillo-e-iris-rezende\/","url":"https:\/\/psol50.org.br\/psol-go-quer-que-mpf-investigue-marconi-perillo-e-iris-rezende\/","name":"PSOL-GO quer que MPF investigue Marconi Perillo e Iris Rezende - PSOL 50","isPartOf":{"@id":"https:\/\/psol50.org.br\/#website"},"datePublished":"2014-12-05T18:35:23+00:00","breadcrumb":{"@id":"https:\/\/psol50.org.br\/psol-go-quer-que-mpf-investigue-marconi-perillo-e-iris-rezende\/#breadcrumb"},"inLanguage":"pt-BR","potentialAction":[{"@type":"ReadAction","target":["https:\/\/psol50.org.br\/psol-go-quer-que-mpf-investigue-marconi-perillo-e-iris-rezende\/"]}]},{"@type":"BreadcrumbList","@id":"https:\/\/psol50.org.br\/psol-go-quer-que-mpf-investigue-marconi-perillo-e-iris-rezende\/#breadcrumb","itemListElement":[{"@type":"ListItem","position":1,"name":"In\u00edcio","item":"https:\/\/psol50.org.br\/"},{"@type":"ListItem","position":2,"name":"PSOL-GO quer que MPF investigue Marconi Perillo e Iris Rezende"}]},{"@type":"WebSite","@id":"https:\/\/psol50.org.br\/#website","url":"https:\/\/psol50.org.br\/","name":"PSOL 50","description":"Site oficial do Partido Socialismo e Liberdade","publisher":{"@id":"https:\/\/psol50.org.br\/#organization"},"alternateName":"PSOL50","potentialAction":[{"@type":"SearchAction","target":{"@type":"EntryPoint","urlTemplate":"https:\/\/psol50.org.br\/?s={search_term_string}"},"query-input":{"@type":"PropertyValueSpecification","valueRequired":true,"valueName":"search_term_string"}}],"inLanguage":"pt-BR"},{"@type":"Organization","@id":"https:\/\/psol50.org.br\/#organization","name":"PSOL 50","alternateName":"PSOL 50","url":"https:\/\/psol50.org.br\/","logo":{"@type":"ImageObject","inLanguage":"pt-BR","@id":"https:\/\/psol50.org.br\/#\/schema\/logo\/image\/","url":"https:\/\/psol50.org.br\/inc\/uploads\/2018\/07\/capa.png","contentUrl":"https:\/\/psol50.org.br\/inc\/uploads\/2018\/07\/capa.png","width":1350,"height":900,"caption":"PSOL 50"},"image":{"@id":"https:\/\/psol50.org.br\/#\/schema\/logo\/image\/"},"sameAs":["https:\/\/www.facebook.com\/psol50","https:\/\/x.com\/psol50","https:\/\/www.instagram.com\/psol50\/","https:\/\/www.youtube.com\/channel\/UC7SnJS5o1os7a6CaiNabzcg"]},{"@type":"Person","@id":"https:\/\/psol50.org.br\/#\/schema\/person\/475dfa57d0b815993c714c2e96491fcd","name":"Comunica\u00e7\u00e3o PSOL","image":{"@type":"ImageObject","inLanguage":"pt-BR","@id":"https:\/\/psol50.org.br\/#\/schema\/person\/image\/","url":"https:\/\/secure.gravatar.com\/avatar\/b34fc4f4e468a4e51785917065a3db57b841f5c95dba6ad8c73aaf8f66f8f9bf?s=96&d=mm&r=g","contentUrl":"https:\/\/secure.gravatar.com\/avatar\/b34fc4f4e468a4e51785917065a3db57b841f5c95dba6ad8c73aaf8f66f8f9bf?s=96&d=mm&r=g","caption":"Comunica\u00e7\u00e3o PSOL"}}]}},"_links":{"self":[{"href":"https:\/\/psol50.org.br\/rest\/wp\/v2\/posts\/3085","targetHints":{"allow":["GET"]}}],"collection":[{"href":"https:\/\/psol50.org.br\/rest\/wp\/v2\/posts"}],"about":[{"href":"https:\/\/psol50.org.br\/rest\/wp\/v2\/types\/post"}],"author":[{"embeddable":true,"href":"https:\/\/psol50.org.br\/rest\/wp\/v2\/users\/2"}],"replies":[{"embeddable":true,"href":"https:\/\/psol50.org.br\/rest\/wp\/v2\/comments?post=3085"}],"version-history":[{"count":0,"href":"https:\/\/psol50.org.br\/rest\/wp\/v2\/posts\/3085\/revisions"}],"wp:attachment":[{"href":"https:\/\/psol50.org.br\/rest\/wp\/v2\/media?parent=3085"}],"wp:term":[{"taxonomy":"category","embeddable":true,"href":"https:\/\/psol50.org.br\/rest\/wp\/v2\/categories?post=3085"},{"taxonomy":"post_tag","embeddable":true,"href":"https:\/\/psol50.org.br\/rest\/wp\/v2\/tags?post=3085"}],"curies":[{"name":"wp","href":"https:\/\/api.w.org\/{rel}","templated":true}]}}