{"id":3092,"date":"2014-12-11T00:00:00","date_gmt":"2014-12-11T15:45:57","guid":{"rendered":"http:\/\/psol50.org.br\/arquivo\/2014\/12\/11\/defesa-dos-direitos-humanos-na-america-latina-e-caribe-e-atividade-perigosa\/"},"modified":"2014-12-11T00:00:00","modified_gmt":"2014-12-11T15:45:57","slug":"defesa-dos-direitos-humanos-na-america-latina-e-caribe-e-atividade-perigosa","status":"publish","type":"post","link":"https:\/\/psol50.org.br\/defesa-dos-direitos-humanos-na-america-latina-e-caribe-e-atividade-perigosa\/","title":{"rendered":"Defesa dos direitos humanos na Am\u00e9rica Latina e Caribe \u00e9 atividade perigosa"},"content":{"rendered":"<p style=\"text-align: justify;\">\n\t<span style=\"font-family:arial,helvetica,sans-serif;\"><span style=\"font-size: 12px;\">Em novo relat\u00f3rio, intitulado <a href=\"https:\/\/anistia.org.br\/inc\/uploads\/2014\/12\/Defensores-de-DH-nas-Am%C3%A9ricas-2014.pdf\">&#8220;Defender Direitos Humanos: Necess\u00e1rio, Leg\u00edtimo e Perigoso\u201d,<\/a> a Anistia Internacional constata que defensores e defensoras de direitos humanos na Am\u00e9rica Latina e Caribe continuam sofrendo intimida\u00e7\u00e3o e viol\u00eancia. Assassinatos, sequestros, amea\u00e7as de morte, intimida\u00e7\u00e3o, repress\u00e3o pelo sistema judici\u00e1rio foram a s\u00e9rie de viola\u00e7\u00f5es \u00e0 defesa dos direitos humanos na regi\u00e3o.&nbsp;<br \/>\n\t&nbsp;<br \/>\n\tSegundo a diretora do Programa para a Am\u00e9rica da Anistia Internacional, Erika Guevara Rosas, &#8220;a tr\u00e1gica realidade \u00e9 que muitas das pessoas que defendem os direitos humanos na Am\u00e9rica Latina e Caribe sofrem persegui\u00e7\u00e3o e ataques constantes em repres\u00e1lia por seu trabalho. Em diversos pa\u00edses, temos observado um incremento inquietante e vergonhoso do n\u00edvel de viol\u00eancia e repress\u00e3o sofrido por essas pessoas, apenas por defenderem os direitos humanos e a justi\u00e7a\u201d.<br \/>\n\t&nbsp;<br \/>\n\tA Col\u00f4mbia \u00e9 considerada o pa\u00eds com os \u00edndices mais graves. Nos nove primeiros meses deste ano, foram 40 mortes de defensores, de acordo com o Escrit\u00f3rio do Alto Comissariado das Na\u00e7\u00f5es Unidas para os Direitos Humanos. S\u00f3 entre setembro e outubro de 2014, mais de 100 defensores foram amea\u00e7ados de morte. Em 2013, foram assassinados 27 sindicalistas e 188 foram amea\u00e7ados.<br \/>\n\t&nbsp;<br \/>\n\tNa Guatemala, foram registradas 657 agress\u00f5es a defensores, em 2013, o que representa um aumento de 46% em rela\u00e7\u00e3o ao ano anterior e o n\u00famero mais alto dos \u00faltimos 14 anos. E mais de 50 sindicalistas foram assassinados nos \u00faltimos seis anos.<br \/>\n\t&nbsp;<br \/>\n\tNo M\u00e9xico, ocorreram 89 casos de agress\u00e3o, em 2013. J\u00e1 em Cuba, pa\u00eds no qual o governo mant\u00e9m o monop\u00f3lio dos meios de comunica\u00e7\u00e3o, existem s\u00e9rias restri\u00e7\u00f5es \u00e0 liberdade de express\u00e3o e opini\u00e3o como, por exemplo, a liberdade de receber e compartilhar informa\u00e7\u00f5es atrav\u00e9s de qualquer meio e al\u00e9m das fronteiras.&nbsp;<br \/>\n\t&nbsp;<br \/>\n\tO relat\u00f3rio aponta que a viol\u00eancia \u00e9 maior nas quest\u00f5es relacionadas \u00e0 terra e aos recursos naturais, contra os defensores de mulheres e meninas, defensores do grupo LGBTI (gays, l\u00e9sbicas, bissexuais, transg\u00eaneros ou intersexuais), defensores dos migrantes, jornalistas e contra sindicalistas.<br \/>\n\t&nbsp;<br \/>\n\tDe acordo com o artigo 1\u00b0 da Declara\u00e7\u00e3o da Organiza\u00e7\u00e3o das Na\u00e7\u00f5es Unidas ONU) sobre os Defensores dos Direitos Humanos, &#8220;toda pessoa tem o direito, individual ou coletivamente, de promover e buscar a prote\u00e7\u00e3o e realiza\u00e7\u00e3o dos direitos humanos e das liberdades fundamentais.\u201d Por\u00e9m, lutar contra a impunidade da viola\u00e7\u00e3o contra os direitos humanos na Am\u00e9rica Latina e Caribe \u00e9 ainda uma tarefa que exige esfor\u00e7os e alto risco contra a vida.<br \/>\n\t&nbsp;<br \/>\n\tPara Erika, &#8220;embora as normas internacionais sobre a prote\u00e7\u00e3o dos defensores e defensoras dos direitos humanos tenham avan\u00e7ado, ainda resta um longo caminho a percorrer para os que est\u00e3o na linha de frente do trabalho de direitos humanos gozem do respeito e da prote\u00e7\u00e3o que t\u00e3o claramente necessitam\u201d.<br \/>\n\t&nbsp;<br \/>\n\tO relat\u00f3rio destaca ainda a preocupa\u00e7\u00e3o dos organismos internacionais com a viol\u00eancia e o uso excessivo da for\u00e7a para reprimir protestos pac\u00edficos, especificamente em rela\u00e7\u00e3o \u00e0 repress\u00e3o contra os e as defensores de direitos humanos. Ressalta tamb\u00e9m a intensifica\u00e7\u00e3o do uso indevido do sistema de justi\u00e7a para incriminar essas pessoas.&nbsp;<br \/>\n\t&nbsp;<br \/>\n\tA Anistia Internacional faz s\u00e9rias recomenda\u00e7\u00f5es aos governos e os convoca a porem fim aos ataques, viol\u00eancia e abusos cometidos pelos \u00f3rg\u00e3os estatais e n\u00e3o estatais contra os defensores. Os Estados devem reconhecer, publicamente, os essas pessoas como atores leg\u00edtimos e fundamentais, promovendo a legitimidade desse tipo de trabalho junto em todos os n\u00edveis do governo.<br \/>\n\t&nbsp;<br \/>\n\tEm pa\u00edses como Brasil, Col\u00f4mbia, Guatemala e M\u00e9xico, o informe aponta que \u00e9 necess\u00e1rio refor\u00e7ar mecanismos e entidades especializadas na prote\u00e7\u00e3o dos defensores. Nesse sentido, a comunidade internacional tem desempenhado um papel importante na fiscaliza\u00e7\u00e3o, cobran\u00e7a e prote\u00e7\u00e3o dos direitos.<br \/>\n\t&nbsp;<br \/>\n\tA Anistia Internacional refor\u00e7a ainda que a responsabilidade dos Estados n\u00e3o se limita a estabelecerem medidas de prote\u00e7\u00e3o ou seguran\u00e7a. \u00c9 necess\u00e1rio que os governos adotem uma prote\u00e7\u00e3o com vis\u00e3o integral, na qual se reconhe\u00e7a a legitimidade dos defensores e defensoras de direitos humanos.<\/span><\/span><\/p>\n<p>&nbsp;<\/p>\n","protected":false},"excerpt":{"rendered":"<p>Em novo relat\u00f3rio, intitulado &#8220;Defender Direitos Humanos: Necess\u00e1rio, Leg\u00edtimo e Perigoso\u201d, a Anistia Internacional constata que defensores e defensoras de direitos humanos na Am\u00e9rica Latina e Caribe continuam sofrendo intimida\u00e7\u00e3o e viol\u00eancia. Assassinatos, sequestros, amea\u00e7as de morte, intimida\u00e7\u00e3o, repress\u00e3o pelo sistema judici\u00e1rio foram a s\u00e9rie de viola\u00e7\u00f5es \u00e0 defesa dos direitos humanos na regi\u00e3o.&nbsp; &nbsp; [&hellip;]<\/p>\n","protected":false},"author":2,"featured_media":0,"comment_status":"open","ping_status":"open","sticky":false,"template":"","format":"standard","meta":{"_acf_changed":false,"footnotes":""},"categories":[4766,1104,6],"tags":[],"class_list":{"0":"post-3092","1":"post","2":"type-post","3":"status-publish","4":"format-standard","6":"category-arquivo","7":"category-movimento","8":"category-noticias"},"acf":[],"yoast_head":"<!-- This site is optimized with the Yoast SEO plugin v26.5 - https:\/\/yoast.com\/wordpress\/plugins\/seo\/ -->\n<title>Defesa dos direitos humanos na Am\u00e9rica Latina e Caribe \u00e9 atividade perigosa - PSOL 50<\/title>\n<meta name=\"robots\" content=\"index, follow, max-snippet:-1, max-image-preview:large, max-video-preview:-1\" \/>\n<link rel=\"canonical\" href=\"https:\/\/psol50.org.br\/defesa-dos-direitos-humanos-na-america-latina-e-caribe-e-atividade-perigosa\/\" \/>\n<meta property=\"og:locale\" content=\"pt_BR\" \/>\n<meta property=\"og:type\" content=\"article\" \/>\n<meta property=\"og:title\" content=\"Defesa dos direitos humanos na Am\u00e9rica Latina e Caribe \u00e9 atividade perigosa - PSOL 50\" \/>\n<meta property=\"og:description\" content=\"Em novo relat\u00f3rio, intitulado &#8220;Defender Direitos Humanos: Necess\u00e1rio, Leg\u00edtimo e Perigoso\u201d, a Anistia Internacional constata que defensores e defensoras de direitos humanos na Am\u00e9rica Latina e Caribe continuam sofrendo intimida\u00e7\u00e3o e viol\u00eancia. Assassinatos, sequestros, amea\u00e7as de morte, intimida\u00e7\u00e3o, repress\u00e3o pelo sistema judici\u00e1rio foram a s\u00e9rie de viola\u00e7\u00f5es \u00e0 defesa dos direitos humanos na regi\u00e3o.&nbsp; &nbsp; [&hellip;]\" \/>\n<meta property=\"og:url\" content=\"https:\/\/psol50.org.br\/defesa-dos-direitos-humanos-na-america-latina-e-caribe-e-atividade-perigosa\/\" \/>\n<meta property=\"og:site_name\" content=\"PSOL 50\" \/>\n<meta property=\"article:publisher\" content=\"https:\/\/www.facebook.com\/psol50\" \/>\n<meta property=\"article:published_time\" content=\"2014-12-11T15:45:57+00:00\" \/>\n<meta property=\"og:image\" content=\"https:\/\/psol50.org.br\/inc\/uploads\/2018\/07\/capa.png\" \/>\n\t<meta property=\"og:image:width\" content=\"1350\" \/>\n\t<meta property=\"og:image:height\" content=\"900\" \/>\n\t<meta property=\"og:image:type\" content=\"image\/png\" \/>\n<meta name=\"author\" content=\"Comunica\u00e7\u00e3o PSOL\" \/>\n<meta name=\"twitter:card\" content=\"summary_large_image\" \/>\n<meta name=\"twitter:creator\" content=\"@psol50\" \/>\n<meta name=\"twitter:site\" content=\"@psol50\" \/>\n<meta name=\"twitter:label1\" content=\"Escrito por\" \/>\n\t<meta name=\"twitter:data1\" content=\"Comunica\u00e7\u00e3o PSOL\" \/>\n\t<meta name=\"twitter:label2\" content=\"Est. tempo de leitura\" \/>\n\t<meta name=\"twitter:data2\" content=\"4 minutos\" \/>\n<script type=\"application\/ld+json\" class=\"yoast-schema-graph\">{\"@context\":\"https:\/\/schema.org\",\"@graph\":[{\"@type\":\"Article\",\"@id\":\"https:\/\/psol50.org.br\/defesa-dos-direitos-humanos-na-america-latina-e-caribe-e-atividade-perigosa\/#article\",\"isPartOf\":{\"@id\":\"https:\/\/psol50.org.br\/defesa-dos-direitos-humanos-na-america-latina-e-caribe-e-atividade-perigosa\/\"},\"author\":{\"name\":\"Comunica\u00e7\u00e3o PSOL\",\"@id\":\"https:\/\/psol50.org.br\/#\/schema\/person\/475dfa57d0b815993c714c2e96491fcd\"},\"headline\":\"Defesa dos direitos humanos na Am\u00e9rica Latina e Caribe \u00e9 atividade perigosa\",\"datePublished\":\"2014-12-11T15:45:57+00:00\",\"mainEntityOfPage\":{\"@id\":\"https:\/\/psol50.org.br\/defesa-dos-direitos-humanos-na-america-latina-e-caribe-e-atividade-perigosa\/\"},\"wordCount\":732,\"commentCount\":0,\"publisher\":{\"@id\":\"https:\/\/psol50.org.br\/#organization\"},\"articleSection\":[\"Arquivo\",\"Movimento\",\"Not\u00edcias\"],\"inLanguage\":\"pt-BR\",\"potentialAction\":[{\"@type\":\"CommentAction\",\"name\":\"Comment\",\"target\":[\"https:\/\/psol50.org.br\/defesa-dos-direitos-humanos-na-america-latina-e-caribe-e-atividade-perigosa\/#respond\"]}]},{\"@type\":\"WebPage\",\"@id\":\"https:\/\/psol50.org.br\/defesa-dos-direitos-humanos-na-america-latina-e-caribe-e-atividade-perigosa\/\",\"url\":\"https:\/\/psol50.org.br\/defesa-dos-direitos-humanos-na-america-latina-e-caribe-e-atividade-perigosa\/\",\"name\":\"Defesa dos direitos humanos na Am\u00e9rica Latina e Caribe \u00e9 atividade perigosa - PSOL 50\",\"isPartOf\":{\"@id\":\"https:\/\/psol50.org.br\/#website\"},\"datePublished\":\"2014-12-11T15:45:57+00:00\",\"breadcrumb\":{\"@id\":\"https:\/\/psol50.org.br\/defesa-dos-direitos-humanos-na-america-latina-e-caribe-e-atividade-perigosa\/#breadcrumb\"},\"inLanguage\":\"pt-BR\",\"potentialAction\":[{\"@type\":\"ReadAction\",\"target\":[\"https:\/\/psol50.org.br\/defesa-dos-direitos-humanos-na-america-latina-e-caribe-e-atividade-perigosa\/\"]}]},{\"@type\":\"BreadcrumbList\",\"@id\":\"https:\/\/psol50.org.br\/defesa-dos-direitos-humanos-na-america-latina-e-caribe-e-atividade-perigosa\/#breadcrumb\",\"itemListElement\":[{\"@type\":\"ListItem\",\"position\":1,\"name\":\"In\u00edcio\",\"item\":\"https:\/\/psol50.org.br\/\"},{\"@type\":\"ListItem\",\"position\":2,\"name\":\"Defesa dos direitos humanos na Am\u00e9rica Latina e Caribe \u00e9 atividade perigosa\"}]},{\"@type\":\"WebSite\",\"@id\":\"https:\/\/psol50.org.br\/#website\",\"url\":\"https:\/\/psol50.org.br\/\",\"name\":\"PSOL 50\",\"description\":\"Site oficial do Partido Socialismo e Liberdade\",\"publisher\":{\"@id\":\"https:\/\/psol50.org.br\/#organization\"},\"alternateName\":\"PSOL50\",\"potentialAction\":[{\"@type\":\"SearchAction\",\"target\":{\"@type\":\"EntryPoint\",\"urlTemplate\":\"https:\/\/psol50.org.br\/?s={search_term_string}\"},\"query-input\":{\"@type\":\"PropertyValueSpecification\",\"valueRequired\":true,\"valueName\":\"search_term_string\"}}],\"inLanguage\":\"pt-BR\"},{\"@type\":\"Organization\",\"@id\":\"https:\/\/psol50.org.br\/#organization\",\"name\":\"PSOL 50\",\"alternateName\":\"PSOL 50\",\"url\":\"https:\/\/psol50.org.br\/\",\"logo\":{\"@type\":\"ImageObject\",\"inLanguage\":\"pt-BR\",\"@id\":\"https:\/\/psol50.org.br\/#\/schema\/logo\/image\/\",\"url\":\"https:\/\/psol50.org.br\/inc\/uploads\/2018\/07\/capa.png\",\"contentUrl\":\"https:\/\/psol50.org.br\/inc\/uploads\/2018\/07\/capa.png\",\"width\":1350,\"height\":900,\"caption\":\"PSOL 50\"},\"image\":{\"@id\":\"https:\/\/psol50.org.br\/#\/schema\/logo\/image\/\"},\"sameAs\":[\"https:\/\/www.facebook.com\/psol50\",\"https:\/\/x.com\/psol50\",\"https:\/\/www.instagram.com\/psol50\/\",\"https:\/\/www.youtube.com\/channel\/UC7SnJS5o1os7a6CaiNabzcg\"]},{\"@type\":\"Person\",\"@id\":\"https:\/\/psol50.org.br\/#\/schema\/person\/475dfa57d0b815993c714c2e96491fcd\",\"name\":\"Comunica\u00e7\u00e3o PSOL\",\"image\":{\"@type\":\"ImageObject\",\"inLanguage\":\"pt-BR\",\"@id\":\"https:\/\/psol50.org.br\/#\/schema\/person\/image\/\",\"url\":\"https:\/\/secure.gravatar.com\/avatar\/b34fc4f4e468a4e51785917065a3db57b841f5c95dba6ad8c73aaf8f66f8f9bf?s=96&d=mm&r=g\",\"contentUrl\":\"https:\/\/secure.gravatar.com\/avatar\/b34fc4f4e468a4e51785917065a3db57b841f5c95dba6ad8c73aaf8f66f8f9bf?s=96&d=mm&r=g\",\"caption\":\"Comunica\u00e7\u00e3o PSOL\"}}]}<\/script>\n<!-- \/ Yoast SEO plugin. -->","yoast_head_json":{"title":"Defesa dos direitos humanos na Am\u00e9rica Latina e Caribe \u00e9 atividade perigosa - PSOL 50","robots":{"index":"index","follow":"follow","max-snippet":"max-snippet:-1","max-image-preview":"max-image-preview:large","max-video-preview":"max-video-preview:-1"},"canonical":"https:\/\/psol50.org.br\/defesa-dos-direitos-humanos-na-america-latina-e-caribe-e-atividade-perigosa\/","og_locale":"pt_BR","og_type":"article","og_title":"Defesa dos direitos humanos na Am\u00e9rica Latina e Caribe \u00e9 atividade perigosa - PSOL 50","og_description":"Em novo relat\u00f3rio, intitulado &#8220;Defender Direitos Humanos: Necess\u00e1rio, Leg\u00edtimo e Perigoso\u201d, a Anistia Internacional constata que defensores e defensoras de direitos humanos na Am\u00e9rica Latina e Caribe continuam sofrendo intimida\u00e7\u00e3o e viol\u00eancia. Assassinatos, sequestros, amea\u00e7as de morte, intimida\u00e7\u00e3o, repress\u00e3o pelo sistema judici\u00e1rio foram a s\u00e9rie de viola\u00e7\u00f5es \u00e0 defesa dos direitos humanos na regi\u00e3o.&nbsp; &nbsp; [&hellip;]","og_url":"https:\/\/psol50.org.br\/defesa-dos-direitos-humanos-na-america-latina-e-caribe-e-atividade-perigosa\/","og_site_name":"PSOL 50","article_publisher":"https:\/\/www.facebook.com\/psol50","article_published_time":"2014-12-11T15:45:57+00:00","og_image":[{"width":1350,"height":900,"url":"https:\/\/psol50.org.br\/inc\/uploads\/2018\/07\/capa.png","type":"image\/png"}],"author":"Comunica\u00e7\u00e3o PSOL","twitter_card":"summary_large_image","twitter_creator":"@psol50","twitter_site":"@psol50","twitter_misc":{"Escrito por":"Comunica\u00e7\u00e3o PSOL","Est. tempo de leitura":"4 minutos"},"schema":{"@context":"https:\/\/schema.org","@graph":[{"@type":"Article","@id":"https:\/\/psol50.org.br\/defesa-dos-direitos-humanos-na-america-latina-e-caribe-e-atividade-perigosa\/#article","isPartOf":{"@id":"https:\/\/psol50.org.br\/defesa-dos-direitos-humanos-na-america-latina-e-caribe-e-atividade-perigosa\/"},"author":{"name":"Comunica\u00e7\u00e3o PSOL","@id":"https:\/\/psol50.org.br\/#\/schema\/person\/475dfa57d0b815993c714c2e96491fcd"},"headline":"Defesa dos direitos humanos na Am\u00e9rica Latina e Caribe \u00e9 atividade perigosa","datePublished":"2014-12-11T15:45:57+00:00","mainEntityOfPage":{"@id":"https:\/\/psol50.org.br\/defesa-dos-direitos-humanos-na-america-latina-e-caribe-e-atividade-perigosa\/"},"wordCount":732,"commentCount":0,"publisher":{"@id":"https:\/\/psol50.org.br\/#organization"},"articleSection":["Arquivo","Movimento","Not\u00edcias"],"inLanguage":"pt-BR","potentialAction":[{"@type":"CommentAction","name":"Comment","target":["https:\/\/psol50.org.br\/defesa-dos-direitos-humanos-na-america-latina-e-caribe-e-atividade-perigosa\/#respond"]}]},{"@type":"WebPage","@id":"https:\/\/psol50.org.br\/defesa-dos-direitos-humanos-na-america-latina-e-caribe-e-atividade-perigosa\/","url":"https:\/\/psol50.org.br\/defesa-dos-direitos-humanos-na-america-latina-e-caribe-e-atividade-perigosa\/","name":"Defesa dos direitos humanos na Am\u00e9rica Latina e Caribe \u00e9 atividade perigosa - PSOL 50","isPartOf":{"@id":"https:\/\/psol50.org.br\/#website"},"datePublished":"2014-12-11T15:45:57+00:00","breadcrumb":{"@id":"https:\/\/psol50.org.br\/defesa-dos-direitos-humanos-na-america-latina-e-caribe-e-atividade-perigosa\/#breadcrumb"},"inLanguage":"pt-BR","potentialAction":[{"@type":"ReadAction","target":["https:\/\/psol50.org.br\/defesa-dos-direitos-humanos-na-america-latina-e-caribe-e-atividade-perigosa\/"]}]},{"@type":"BreadcrumbList","@id":"https:\/\/psol50.org.br\/defesa-dos-direitos-humanos-na-america-latina-e-caribe-e-atividade-perigosa\/#breadcrumb","itemListElement":[{"@type":"ListItem","position":1,"name":"In\u00edcio","item":"https:\/\/psol50.org.br\/"},{"@type":"ListItem","position":2,"name":"Defesa dos direitos humanos na Am\u00e9rica Latina e Caribe \u00e9 atividade perigosa"}]},{"@type":"WebSite","@id":"https:\/\/psol50.org.br\/#website","url":"https:\/\/psol50.org.br\/","name":"PSOL 50","description":"Site oficial do Partido Socialismo e Liberdade","publisher":{"@id":"https:\/\/psol50.org.br\/#organization"},"alternateName":"PSOL50","potentialAction":[{"@type":"SearchAction","target":{"@type":"EntryPoint","urlTemplate":"https:\/\/psol50.org.br\/?s={search_term_string}"},"query-input":{"@type":"PropertyValueSpecification","valueRequired":true,"valueName":"search_term_string"}}],"inLanguage":"pt-BR"},{"@type":"Organization","@id":"https:\/\/psol50.org.br\/#organization","name":"PSOL 50","alternateName":"PSOL 50","url":"https:\/\/psol50.org.br\/","logo":{"@type":"ImageObject","inLanguage":"pt-BR","@id":"https:\/\/psol50.org.br\/#\/schema\/logo\/image\/","url":"https:\/\/psol50.org.br\/inc\/uploads\/2018\/07\/capa.png","contentUrl":"https:\/\/psol50.org.br\/inc\/uploads\/2018\/07\/capa.png","width":1350,"height":900,"caption":"PSOL 50"},"image":{"@id":"https:\/\/psol50.org.br\/#\/schema\/logo\/image\/"},"sameAs":["https:\/\/www.facebook.com\/psol50","https:\/\/x.com\/psol50","https:\/\/www.instagram.com\/psol50\/","https:\/\/www.youtube.com\/channel\/UC7SnJS5o1os7a6CaiNabzcg"]},{"@type":"Person","@id":"https:\/\/psol50.org.br\/#\/schema\/person\/475dfa57d0b815993c714c2e96491fcd","name":"Comunica\u00e7\u00e3o PSOL","image":{"@type":"ImageObject","inLanguage":"pt-BR","@id":"https:\/\/psol50.org.br\/#\/schema\/person\/image\/","url":"https:\/\/secure.gravatar.com\/avatar\/b34fc4f4e468a4e51785917065a3db57b841f5c95dba6ad8c73aaf8f66f8f9bf?s=96&d=mm&r=g","contentUrl":"https:\/\/secure.gravatar.com\/avatar\/b34fc4f4e468a4e51785917065a3db57b841f5c95dba6ad8c73aaf8f66f8f9bf?s=96&d=mm&r=g","caption":"Comunica\u00e7\u00e3o PSOL"}}]}},"_links":{"self":[{"href":"https:\/\/psol50.org.br\/rest\/wp\/v2\/posts\/3092","targetHints":{"allow":["GET"]}}],"collection":[{"href":"https:\/\/psol50.org.br\/rest\/wp\/v2\/posts"}],"about":[{"href":"https:\/\/psol50.org.br\/rest\/wp\/v2\/types\/post"}],"author":[{"embeddable":true,"href":"https:\/\/psol50.org.br\/rest\/wp\/v2\/users\/2"}],"replies":[{"embeddable":true,"href":"https:\/\/psol50.org.br\/rest\/wp\/v2\/comments?post=3092"}],"version-history":[{"count":0,"href":"https:\/\/psol50.org.br\/rest\/wp\/v2\/posts\/3092\/revisions"}],"wp:attachment":[{"href":"https:\/\/psol50.org.br\/rest\/wp\/v2\/media?parent=3092"}],"wp:term":[{"taxonomy":"category","embeddable":true,"href":"https:\/\/psol50.org.br\/rest\/wp\/v2\/categories?post=3092"},{"taxonomy":"post_tag","embeddable":true,"href":"https:\/\/psol50.org.br\/rest\/wp\/v2\/tags?post=3092"}],"curies":[{"name":"wp","href":"https:\/\/api.w.org\/{rel}","templated":true}]}}