{"id":30931,"date":"2020-09-30T12:25:24","date_gmt":"2020-09-30T15:25:24","guid":{"rendered":"https:\/\/psol50.org.br\/?p=30931"},"modified":"2020-09-30T12:25:24","modified_gmt":"2020-09-30T15:25:24","slug":"taliria-petrone-pede-protecao-a-onu-apos-novas-gravacoes-de-ameacas-de-morte","status":"publish","type":"post","link":"https:\/\/psol50.org.br\/taliria-petrone-pede-protecao-a-onu-apos-novas-gravacoes-de-ameacas-de-morte\/","title":{"rendered":"Tal\u00edria Petrone pede prote\u00e7\u00e3o \u00e0 ONU ap\u00f3s novas grava\u00e7\u00f5es de amea\u00e7as de morte"},"content":{"rendered":"<p><a href=\"https:\/\/psol50.org.br\/rendajusta\/\" target=\"_blank\" rel=\"noopener noreferrer\"><img loading=\"lazy\" decoding=\"async\" class=\"alignnone size-full wp-image-30552\" src=\"https:\/\/psol50.org.br\/inc\/uploads\/2020\/08\/21-08-2020_LancamentoRendaJusta-2.png\" alt=\"\" width=\"1920\" height=\"383\" srcset=\"https:\/\/psol50.org.br\/inc\/uploads\/2020\/08\/21-08-2020_LancamentoRendaJusta-2.png 1920w, https:\/\/psol50.org.br\/inc\/uploads\/2020\/08\/21-08-2020_LancamentoRendaJusta-2-300x60.png 300w, https:\/\/psol50.org.br\/inc\/uploads\/2020\/08\/21-08-2020_LancamentoRendaJusta-2-1024x204.png 1024w, https:\/\/psol50.org.br\/inc\/uploads\/2020\/08\/21-08-2020_LancamentoRendaJusta-2-768x153.png 768w, https:\/\/psol50.org.br\/inc\/uploads\/2020\/08\/21-08-2020_LancamentoRendaJusta-2-1536x306.png 1536w, https:\/\/psol50.org.br\/inc\/uploads\/2020\/08\/21-08-2020_LancamentoRendaJusta-2-150x30.png 150w, https:\/\/psol50.org.br\/inc\/uploads\/2020\/08\/21-08-2020_LancamentoRendaJusta-2-696x139.png 696w, https:\/\/psol50.org.br\/inc\/uploads\/2020\/08\/21-08-2020_LancamentoRendaJusta-2-1068x213.png 1068w\" sizes=\"auto, (max-width: 1920px) 100vw, 1920px\" \/><\/a><\/p>\n<p>A deputada federal Tal\u00edria Petrone acionou a Organiza\u00e7\u00e3o das Na\u00e7\u00f5es Unidas (ONU) diante das amea\u00e7as de morte que vem sofrendo e pede que as relatoras de direitos humanos da entidade cobrem explica\u00e7\u00f5es do governo brasileiro.<\/p>\n<p>&#8220;Como se as amea\u00e7as anteriores \u00e0 minha vida n\u00e3o fossem suficientes, alguns dias ap\u00f3s o nascimento de minha filha, recebi novas amea\u00e7as. Em junho de 2020, a linha telef\u00f4nica &#8220;Disque Den\u00fancia&#8221; da Pol\u00edcia do Rio de Janeiro noticiou \u00e0 C\u00e2mara dos Deputados que havia mais de cinco grava\u00e7\u00f5es de pessoas falando sobre a minha morte&#8221;, declarou Tal\u00edria.<\/p>\n<p>Em carta, a deputada fez a den\u00fancia \u00e0 relatora da ONU sobre execu\u00e7\u00f5es sum\u00e1rias, Agnes Callamard. Foi ela quem liderou a investiga\u00e7\u00e3o sobre o assassinato do jornalista saudita Jamal Khashoggi. Tamb\u00e9m receberam a den\u00fancia a relatora sobre racismo da ONU, E. Tendayi, e a relatora sobre a situa\u00e7\u00e3o de defensores de direitos humanos, Mary Lawlor.<\/p>\n<p>&#8220;Somos o pa\u00eds que mais mata defensores e defensoras de direitos humanos no mundo e, sem d\u00favida, a viol\u00eancia pol\u00edtica \u00e9 uma express\u00e3o do tamanho da fragilidade da democracia brasileira&#8221;, afirmou. &#8220;\u00c9 muito grave o que ocorre no Brasil neste momento&#8221;, disse a parlamentar.<\/p>\n<p>&#8220;Tenho recebido amea\u00e7as contra minha vida desde minha primeira elei\u00e7\u00e3o em 2016 para a C\u00e2mara Municipal de Niter\u00f3i, no estado do Rio de Janeiro&#8221;, contou. &#8220;No in\u00edcio, n\u00e3o percebi como este tipo de intimida\u00e7\u00e3o poderia ser grave. Entretanto, ap\u00f3s o assassinato de minha companheira e amiga Marielle Franco, eleita no mesmo ano, percebi o perigo real&#8221;, diz.<\/p>\n<p><strong>Na carta, Tal\u00edria Petrone faz tr\u00eas pedidos \u00e0s relatoras da ONU:<\/strong><\/p>\n<p><em>&#8211; Exigir respostas do Estado brasileiro sobre quem ordenou a morte de Marielle Franco;<\/em><\/p>\n<p><em>&#8211; Condenar as amea\u00e7as contra sua vida e exigir explica\u00e7\u00f5es sobre \u00e0 miss\u00e3o do Brasil na ONU sobre as investiga\u00e7\u00f5es em andamento a seu respeito;<\/em><\/p>\n<p><em>&#8211; Instar o Estado brasileiro a apresentar um plano para proteger as mulheres, especialmente as mulheres de cor por sofrer viol\u00eancia pol\u00edtica.<\/em><\/p>\n<p><a href=\"https:\/\/impeachmentpopular.com.br\/\" target=\"_blank\" rel=\"noopener noreferrer\"><img loading=\"lazy\" decoding=\"async\" class=\"alignnone size-full wp-image-29118\" src=\"https:\/\/psol50.org.br\/inc\/uploads\/2020\/05\/Email_Impeachment.png\" alt=\"\" width=\"1080\" height=\"250\" srcset=\"https:\/\/psol50.org.br\/inc\/uploads\/2020\/05\/Email_Impeachment.png 1080w, https:\/\/psol50.org.br\/inc\/uploads\/2020\/05\/Email_Impeachment-300x69.png 300w, https:\/\/psol50.org.br\/inc\/uploads\/2020\/05\/Email_Impeachment-1024x237.png 1024w, https:\/\/psol50.org.br\/inc\/uploads\/2020\/05\/Email_Impeachment-768x178.png 768w, https:\/\/psol50.org.br\/inc\/uploads\/2020\/05\/Email_Impeachment-150x35.png 150w, https:\/\/psol50.org.br\/inc\/uploads\/2020\/05\/Email_Impeachment-696x161.png 696w, https:\/\/psol50.org.br\/inc\/uploads\/2020\/05\/Email_Impeachment-1068x247.png 1068w\" sizes=\"auto, (max-width: 1080px) 100vw, 1080px\" \/><\/a><\/p>\n","protected":false},"excerpt":{"rendered":"<p>A deputada federal Tal\u00edria Petrone acionou a Organiza\u00e7\u00e3o das Na\u00e7\u00f5es Unidas (ONU) diante das amea\u00e7as de morte que vem sofrendo e pede que as relatoras de direitos humanos da entidade cobrem explica\u00e7\u00f5es do governo brasileiro. &#8220;Como se as amea\u00e7as anteriores \u00e0 minha vida n\u00e3o fossem suficientes, alguns dias ap\u00f3s o nascimento de minha filha, recebi [&hellip;]<\/p>\n","protected":false},"author":2,"featured_media":30932,"comment_status":"closed","ping_status":"open","sticky":false,"template":"","format":"standard","meta":{"_acf_changed":false,"footnotes":""},"categories":[10,6],"tags":[704,107,808,232,382],"class_list":{"0":"post-30931","1":"post","2":"type-post","3":"status-publish","4":"format-standard","5":"has-post-thumbnail","7":"category-acao-parlamentares","8":"category-noticias","9":"tag-ameacas","10":"tag-marielle","11":"tag-morte","12":"tag-onu","13":"tag-taliria-petrone"},"acf":[],"yoast_head":"<!-- This site is optimized with the Yoast SEO plugin v26.5 - https:\/\/yoast.com\/wordpress\/plugins\/seo\/ -->\n<title>Tal\u00edria Petrone pede prote\u00e7\u00e3o \u00e0 ONU ap\u00f3s novas grava\u00e7\u00f5es de amea\u00e7as de morte<\/title>\n<meta name=\"description\" content=\"Como se as amea\u00e7as anteriores n\u00e3o fossem suficientes, alguns dias ap\u00f3s o nascimento de sua filha, Tal\u00edria recebeu novas amea\u00e7as.\" \/>\n<meta name=\"robots\" content=\"index, follow, max-snippet:-1, max-image-preview:large, max-video-preview:-1\" \/>\n<link rel=\"canonical\" href=\"https:\/\/psol50.org.br\/taliria-petrone-pede-protecao-a-onu-apos-novas-gravacoes-de-ameacas-de-morte\/\" \/>\n<meta property=\"og:locale\" content=\"pt_BR\" \/>\n<meta property=\"og:type\" content=\"article\" \/>\n<meta property=\"og:title\" content=\"Tal\u00edria Petrone pede prote\u00e7\u00e3o \u00e0 ONU ap\u00f3s novas grava\u00e7\u00f5es de amea\u00e7as de morte\" \/>\n<meta property=\"og:description\" content=\"Como se as amea\u00e7as anteriores n\u00e3o fossem suficientes, alguns dias ap\u00f3s o nascimento de sua filha, Tal\u00edria recebeu novas amea\u00e7as.\" \/>\n<meta property=\"og:url\" content=\"https:\/\/psol50.org.br\/taliria-petrone-pede-protecao-a-onu-apos-novas-gravacoes-de-ameacas-de-morte\/\" \/>\n<meta property=\"og:site_name\" content=\"PSOL 50\" \/>\n<meta property=\"article:publisher\" content=\"https:\/\/www.facebook.com\/psol50\" \/>\n<meta property=\"article:published_time\" content=\"2020-09-30T15:25:24+00:00\" \/>\n<meta property=\"og:image\" content=\"https:\/\/psol50.org.br\/inc\/uploads\/2020\/09\/38164177_1452051364896028_3433944868479565824_n.jpg\" \/>\n\t<meta property=\"og:image:width\" content=\"960\" \/>\n\t<meta property=\"og:image:height\" content=\"639\" \/>\n\t<meta property=\"og:image:type\" content=\"image\/jpeg\" \/>\n<meta name=\"author\" content=\"Comunica\u00e7\u00e3o PSOL\" \/>\n<meta name=\"twitter:card\" content=\"summary_large_image\" \/>\n<meta name=\"twitter:title\" content=\"Tal\u00edria Petrone pede prote\u00e7\u00e3o \u00e0 ONU ap\u00f3s novas grava\u00e7\u00f5es de amea\u00e7as de morte\" \/>\n<meta name=\"twitter:description\" content=\"Como se as amea\u00e7as anteriores n\u00e3o fossem suficientes, alguns dias ap\u00f3s o nascimento de sua filha, Tal\u00edria recebeu novas amea\u00e7as.\" \/>\n<meta name=\"twitter:image\" content=\"https:\/\/psol50.org.br\/inc\/uploads\/2020\/09\/38164177_1452051364896028_3433944868479565824_n.jpg\" \/>\n<meta name=\"twitter:creator\" content=\"@psol50\" \/>\n<meta name=\"twitter:site\" content=\"@psol50\" \/>\n<meta name=\"twitter:label1\" content=\"Escrito por\" \/>\n\t<meta name=\"twitter:data1\" content=\"Comunica\u00e7\u00e3o PSOL\" \/>\n\t<meta name=\"twitter:label2\" content=\"Est. tempo de leitura\" \/>\n\t<meta name=\"twitter:data2\" content=\"2 minutos\" \/>\n<script type=\"application\/ld+json\" class=\"yoast-schema-graph\">{\"@context\":\"https:\/\/schema.org\",\"@graph\":[{\"@type\":\"Article\",\"@id\":\"https:\/\/psol50.org.br\/taliria-petrone-pede-protecao-a-onu-apos-novas-gravacoes-de-ameacas-de-morte\/#article\",\"isPartOf\":{\"@id\":\"https:\/\/psol50.org.br\/taliria-petrone-pede-protecao-a-onu-apos-novas-gravacoes-de-ameacas-de-morte\/\"},\"author\":{\"name\":\"Comunica\u00e7\u00e3o PSOL\",\"@id\":\"https:\/\/psol50.org.br\/#\/schema\/person\/475dfa57d0b815993c714c2e96491fcd\"},\"headline\":\"Tal\u00edria Petrone pede prote\u00e7\u00e3o \u00e0 ONU ap\u00f3s novas grava\u00e7\u00f5es de amea\u00e7as de morte\",\"datePublished\":\"2020-09-30T15:25:24+00:00\",\"mainEntityOfPage\":{\"@id\":\"https:\/\/psol50.org.br\/taliria-petrone-pede-protecao-a-onu-apos-novas-gravacoes-de-ameacas-de-morte\/\"},\"wordCount\":372,\"publisher\":{\"@id\":\"https:\/\/psol50.org.br\/#organization\"},\"image\":{\"@id\":\"https:\/\/psol50.org.br\/taliria-petrone-pede-protecao-a-onu-apos-novas-gravacoes-de-ameacas-de-morte\/#primaryimage\"},\"thumbnailUrl\":\"https:\/\/psol50.org.br\/inc\/uploads\/2020\/09\/38164177_1452051364896028_3433944868479565824_n.jpg\",\"keywords\":[\"amea\u00e7as\",\"Marielle\",\"morte\",\"ONU\",\"Tal\u00edria Petrone\"],\"articleSection\":[\"A\u00e7\u00e3o Parlamentar\",\"Not\u00edcias\"],\"inLanguage\":\"pt-BR\"},{\"@type\":\"WebPage\",\"@id\":\"https:\/\/psol50.org.br\/taliria-petrone-pede-protecao-a-onu-apos-novas-gravacoes-de-ameacas-de-morte\/\",\"url\":\"https:\/\/psol50.org.br\/taliria-petrone-pede-protecao-a-onu-apos-novas-gravacoes-de-ameacas-de-morte\/\",\"name\":\"Tal\u00edria Petrone pede prote\u00e7\u00e3o \u00e0 ONU ap\u00f3s novas grava\u00e7\u00f5es de amea\u00e7as de morte\",\"isPartOf\":{\"@id\":\"https:\/\/psol50.org.br\/#website\"},\"primaryImageOfPage\":{\"@id\":\"https:\/\/psol50.org.br\/taliria-petrone-pede-protecao-a-onu-apos-novas-gravacoes-de-ameacas-de-morte\/#primaryimage\"},\"image\":{\"@id\":\"https:\/\/psol50.org.br\/taliria-petrone-pede-protecao-a-onu-apos-novas-gravacoes-de-ameacas-de-morte\/#primaryimage\"},\"thumbnailUrl\":\"https:\/\/psol50.org.br\/inc\/uploads\/2020\/09\/38164177_1452051364896028_3433944868479565824_n.jpg\",\"datePublished\":\"2020-09-30T15:25:24+00:00\",\"description\":\"Como se as amea\u00e7as anteriores n\u00e3o fossem suficientes, alguns dias ap\u00f3s o nascimento de sua filha, Tal\u00edria recebeu novas amea\u00e7as.\",\"breadcrumb\":{\"@id\":\"https:\/\/psol50.org.br\/taliria-petrone-pede-protecao-a-onu-apos-novas-gravacoes-de-ameacas-de-morte\/#breadcrumb\"},\"inLanguage\":\"pt-BR\",\"potentialAction\":[{\"@type\":\"ReadAction\",\"target\":[\"https:\/\/psol50.org.br\/taliria-petrone-pede-protecao-a-onu-apos-novas-gravacoes-de-ameacas-de-morte\/\"]}]},{\"@type\":\"ImageObject\",\"inLanguage\":\"pt-BR\",\"@id\":\"https:\/\/psol50.org.br\/taliria-petrone-pede-protecao-a-onu-apos-novas-gravacoes-de-ameacas-de-morte\/#primaryimage\",\"url\":\"https:\/\/psol50.org.br\/inc\/uploads\/2020\/09\/38164177_1452051364896028_3433944868479565824_n.jpg\",\"contentUrl\":\"https:\/\/psol50.org.br\/inc\/uploads\/2020\/09\/38164177_1452051364896028_3433944868479565824_n.jpg\",\"width\":960,\"height\":639},{\"@type\":\"BreadcrumbList\",\"@id\":\"https:\/\/psol50.org.br\/taliria-petrone-pede-protecao-a-onu-apos-novas-gravacoes-de-ameacas-de-morte\/#breadcrumb\",\"itemListElement\":[{\"@type\":\"ListItem\",\"position\":1,\"name\":\"In\u00edcio\",\"item\":\"https:\/\/psol50.org.br\/\"},{\"@type\":\"ListItem\",\"position\":2,\"name\":\"Tal\u00edria Petrone pede prote\u00e7\u00e3o \u00e0 ONU ap\u00f3s novas grava\u00e7\u00f5es de amea\u00e7as de morte\"}]},{\"@type\":\"WebSite\",\"@id\":\"https:\/\/psol50.org.br\/#website\",\"url\":\"https:\/\/psol50.org.br\/\",\"name\":\"PSOL 50\",\"description\":\"Site oficial do Partido Socialismo e Liberdade\",\"publisher\":{\"@id\":\"https:\/\/psol50.org.br\/#organization\"},\"alternateName\":\"PSOL50\",\"potentialAction\":[{\"@type\":\"SearchAction\",\"target\":{\"@type\":\"EntryPoint\",\"urlTemplate\":\"https:\/\/psol50.org.br\/?s={search_term_string}\"},\"query-input\":{\"@type\":\"PropertyValueSpecification\",\"valueRequired\":true,\"valueName\":\"search_term_string\"}}],\"inLanguage\":\"pt-BR\"},{\"@type\":\"Organization\",\"@id\":\"https:\/\/psol50.org.br\/#organization\",\"name\":\"PSOL 50\",\"alternateName\":\"PSOL 50\",\"url\":\"https:\/\/psol50.org.br\/\",\"logo\":{\"@type\":\"ImageObject\",\"inLanguage\":\"pt-BR\",\"@id\":\"https:\/\/psol50.org.br\/#\/schema\/logo\/image\/\",\"url\":\"https:\/\/psol50.org.br\/inc\/uploads\/2018\/07\/capa.png\",\"contentUrl\":\"https:\/\/psol50.org.br\/inc\/uploads\/2018\/07\/capa.png\",\"width\":1350,\"height\":900,\"caption\":\"PSOL 50\"},\"image\":{\"@id\":\"https:\/\/psol50.org.br\/#\/schema\/logo\/image\/\"},\"sameAs\":[\"https:\/\/www.facebook.com\/psol50\",\"https:\/\/x.com\/psol50\",\"https:\/\/www.instagram.com\/psol50\/\",\"https:\/\/www.youtube.com\/channel\/UC7SnJS5o1os7a6CaiNabzcg\"]},{\"@type\":\"Person\",\"@id\":\"https:\/\/psol50.org.br\/#\/schema\/person\/475dfa57d0b815993c714c2e96491fcd\",\"name\":\"Comunica\u00e7\u00e3o PSOL\",\"image\":{\"@type\":\"ImageObject\",\"inLanguage\":\"pt-BR\",\"@id\":\"https:\/\/psol50.org.br\/#\/schema\/person\/image\/\",\"url\":\"https:\/\/secure.gravatar.com\/avatar\/b34fc4f4e468a4e51785917065a3db57b841f5c95dba6ad8c73aaf8f66f8f9bf?s=96&d=mm&r=g\",\"contentUrl\":\"https:\/\/secure.gravatar.com\/avatar\/b34fc4f4e468a4e51785917065a3db57b841f5c95dba6ad8c73aaf8f66f8f9bf?s=96&d=mm&r=g\",\"caption\":\"Comunica\u00e7\u00e3o PSOL\"}}]}<\/script>\n<!-- \/ Yoast SEO plugin. -->","yoast_head_json":{"title":"Tal\u00edria Petrone pede prote\u00e7\u00e3o \u00e0 ONU ap\u00f3s novas grava\u00e7\u00f5es de amea\u00e7as de morte","description":"Como se as amea\u00e7as anteriores n\u00e3o fossem suficientes, alguns dias ap\u00f3s o nascimento de sua filha, Tal\u00edria recebeu novas amea\u00e7as.","robots":{"index":"index","follow":"follow","max-snippet":"max-snippet:-1","max-image-preview":"max-image-preview:large","max-video-preview":"max-video-preview:-1"},"canonical":"https:\/\/psol50.org.br\/taliria-petrone-pede-protecao-a-onu-apos-novas-gravacoes-de-ameacas-de-morte\/","og_locale":"pt_BR","og_type":"article","og_title":"Tal\u00edria Petrone pede prote\u00e7\u00e3o \u00e0 ONU ap\u00f3s novas grava\u00e7\u00f5es de amea\u00e7as de morte","og_description":"Como se as amea\u00e7as anteriores n\u00e3o fossem suficientes, alguns dias ap\u00f3s o nascimento de sua filha, Tal\u00edria recebeu novas amea\u00e7as.","og_url":"https:\/\/psol50.org.br\/taliria-petrone-pede-protecao-a-onu-apos-novas-gravacoes-de-ameacas-de-morte\/","og_site_name":"PSOL 50","article_publisher":"https:\/\/www.facebook.com\/psol50","article_published_time":"2020-09-30T15:25:24+00:00","og_image":[{"width":960,"height":639,"url":"https:\/\/psol50.org.br\/inc\/uploads\/2020\/09\/38164177_1452051364896028_3433944868479565824_n.jpg","type":"image\/jpeg"}],"author":"Comunica\u00e7\u00e3o PSOL","twitter_card":"summary_large_image","twitter_title":"Tal\u00edria Petrone pede prote\u00e7\u00e3o \u00e0 ONU ap\u00f3s novas grava\u00e7\u00f5es de amea\u00e7as de morte","twitter_description":"Como se as amea\u00e7as anteriores n\u00e3o fossem suficientes, alguns dias ap\u00f3s o nascimento de sua filha, Tal\u00edria recebeu novas amea\u00e7as.","twitter_image":"https:\/\/psol50.org.br\/inc\/uploads\/2020\/09\/38164177_1452051364896028_3433944868479565824_n.jpg","twitter_creator":"@psol50","twitter_site":"@psol50","twitter_misc":{"Escrito por":"Comunica\u00e7\u00e3o PSOL","Est. tempo de leitura":"2 minutos"},"schema":{"@context":"https:\/\/schema.org","@graph":[{"@type":"Article","@id":"https:\/\/psol50.org.br\/taliria-petrone-pede-protecao-a-onu-apos-novas-gravacoes-de-ameacas-de-morte\/#article","isPartOf":{"@id":"https:\/\/psol50.org.br\/taliria-petrone-pede-protecao-a-onu-apos-novas-gravacoes-de-ameacas-de-morte\/"},"author":{"name":"Comunica\u00e7\u00e3o PSOL","@id":"https:\/\/psol50.org.br\/#\/schema\/person\/475dfa57d0b815993c714c2e96491fcd"},"headline":"Tal\u00edria Petrone pede prote\u00e7\u00e3o \u00e0 ONU ap\u00f3s novas grava\u00e7\u00f5es de amea\u00e7as de morte","datePublished":"2020-09-30T15:25:24+00:00","mainEntityOfPage":{"@id":"https:\/\/psol50.org.br\/taliria-petrone-pede-protecao-a-onu-apos-novas-gravacoes-de-ameacas-de-morte\/"},"wordCount":372,"publisher":{"@id":"https:\/\/psol50.org.br\/#organization"},"image":{"@id":"https:\/\/psol50.org.br\/taliria-petrone-pede-protecao-a-onu-apos-novas-gravacoes-de-ameacas-de-morte\/#primaryimage"},"thumbnailUrl":"https:\/\/psol50.org.br\/inc\/uploads\/2020\/09\/38164177_1452051364896028_3433944868479565824_n.jpg","keywords":["amea\u00e7as","Marielle","morte","ONU","Tal\u00edria Petrone"],"articleSection":["A\u00e7\u00e3o Parlamentar","Not\u00edcias"],"inLanguage":"pt-BR"},{"@type":"WebPage","@id":"https:\/\/psol50.org.br\/taliria-petrone-pede-protecao-a-onu-apos-novas-gravacoes-de-ameacas-de-morte\/","url":"https:\/\/psol50.org.br\/taliria-petrone-pede-protecao-a-onu-apos-novas-gravacoes-de-ameacas-de-morte\/","name":"Tal\u00edria Petrone pede prote\u00e7\u00e3o \u00e0 ONU ap\u00f3s novas grava\u00e7\u00f5es de amea\u00e7as de morte","isPartOf":{"@id":"https:\/\/psol50.org.br\/#website"},"primaryImageOfPage":{"@id":"https:\/\/psol50.org.br\/taliria-petrone-pede-protecao-a-onu-apos-novas-gravacoes-de-ameacas-de-morte\/#primaryimage"},"image":{"@id":"https:\/\/psol50.org.br\/taliria-petrone-pede-protecao-a-onu-apos-novas-gravacoes-de-ameacas-de-morte\/#primaryimage"},"thumbnailUrl":"https:\/\/psol50.org.br\/inc\/uploads\/2020\/09\/38164177_1452051364896028_3433944868479565824_n.jpg","datePublished":"2020-09-30T15:25:24+00:00","description":"Como se as amea\u00e7as anteriores n\u00e3o fossem suficientes, alguns dias ap\u00f3s o nascimento de sua filha, Tal\u00edria recebeu novas amea\u00e7as.","breadcrumb":{"@id":"https:\/\/psol50.org.br\/taliria-petrone-pede-protecao-a-onu-apos-novas-gravacoes-de-ameacas-de-morte\/#breadcrumb"},"inLanguage":"pt-BR","potentialAction":[{"@type":"ReadAction","target":["https:\/\/psol50.org.br\/taliria-petrone-pede-protecao-a-onu-apos-novas-gravacoes-de-ameacas-de-morte\/"]}]},{"@type":"ImageObject","inLanguage":"pt-BR","@id":"https:\/\/psol50.org.br\/taliria-petrone-pede-protecao-a-onu-apos-novas-gravacoes-de-ameacas-de-morte\/#primaryimage","url":"https:\/\/psol50.org.br\/inc\/uploads\/2020\/09\/38164177_1452051364896028_3433944868479565824_n.jpg","contentUrl":"https:\/\/psol50.org.br\/inc\/uploads\/2020\/09\/38164177_1452051364896028_3433944868479565824_n.jpg","width":960,"height":639},{"@type":"BreadcrumbList","@id":"https:\/\/psol50.org.br\/taliria-petrone-pede-protecao-a-onu-apos-novas-gravacoes-de-ameacas-de-morte\/#breadcrumb","itemListElement":[{"@type":"ListItem","position":1,"name":"In\u00edcio","item":"https:\/\/psol50.org.br\/"},{"@type":"ListItem","position":2,"name":"Tal\u00edria Petrone pede prote\u00e7\u00e3o \u00e0 ONU ap\u00f3s novas grava\u00e7\u00f5es de amea\u00e7as de morte"}]},{"@type":"WebSite","@id":"https:\/\/psol50.org.br\/#website","url":"https:\/\/psol50.org.br\/","name":"PSOL 50","description":"Site oficial do Partido Socialismo e Liberdade","publisher":{"@id":"https:\/\/psol50.org.br\/#organization"},"alternateName":"PSOL50","potentialAction":[{"@type":"SearchAction","target":{"@type":"EntryPoint","urlTemplate":"https:\/\/psol50.org.br\/?s={search_term_string}"},"query-input":{"@type":"PropertyValueSpecification","valueRequired":true,"valueName":"search_term_string"}}],"inLanguage":"pt-BR"},{"@type":"Organization","@id":"https:\/\/psol50.org.br\/#organization","name":"PSOL 50","alternateName":"PSOL 50","url":"https:\/\/psol50.org.br\/","logo":{"@type":"ImageObject","inLanguage":"pt-BR","@id":"https:\/\/psol50.org.br\/#\/schema\/logo\/image\/","url":"https:\/\/psol50.org.br\/inc\/uploads\/2018\/07\/capa.png","contentUrl":"https:\/\/psol50.org.br\/inc\/uploads\/2018\/07\/capa.png","width":1350,"height":900,"caption":"PSOL 50"},"image":{"@id":"https:\/\/psol50.org.br\/#\/schema\/logo\/image\/"},"sameAs":["https:\/\/www.facebook.com\/psol50","https:\/\/x.com\/psol50","https:\/\/www.instagram.com\/psol50\/","https:\/\/www.youtube.com\/channel\/UC7SnJS5o1os7a6CaiNabzcg"]},{"@type":"Person","@id":"https:\/\/psol50.org.br\/#\/schema\/person\/475dfa57d0b815993c714c2e96491fcd","name":"Comunica\u00e7\u00e3o PSOL","image":{"@type":"ImageObject","inLanguage":"pt-BR","@id":"https:\/\/psol50.org.br\/#\/schema\/person\/image\/","url":"https:\/\/secure.gravatar.com\/avatar\/b34fc4f4e468a4e51785917065a3db57b841f5c95dba6ad8c73aaf8f66f8f9bf?s=96&d=mm&r=g","contentUrl":"https:\/\/secure.gravatar.com\/avatar\/b34fc4f4e468a4e51785917065a3db57b841f5c95dba6ad8c73aaf8f66f8f9bf?s=96&d=mm&r=g","caption":"Comunica\u00e7\u00e3o PSOL"}}]}},"_links":{"self":[{"href":"https:\/\/psol50.org.br\/rest\/wp\/v2\/posts\/30931","targetHints":{"allow":["GET"]}}],"collection":[{"href":"https:\/\/psol50.org.br\/rest\/wp\/v2\/posts"}],"about":[{"href":"https:\/\/psol50.org.br\/rest\/wp\/v2\/types\/post"}],"author":[{"embeddable":true,"href":"https:\/\/psol50.org.br\/rest\/wp\/v2\/users\/2"}],"replies":[{"embeddable":true,"href":"https:\/\/psol50.org.br\/rest\/wp\/v2\/comments?post=30931"}],"version-history":[{"count":0,"href":"https:\/\/psol50.org.br\/rest\/wp\/v2\/posts\/30931\/revisions"}],"wp:featuredmedia":[{"embeddable":true,"href":"https:\/\/psol50.org.br\/rest\/wp\/v2\/media\/30932"}],"wp:attachment":[{"href":"https:\/\/psol50.org.br\/rest\/wp\/v2\/media?parent=30931"}],"wp:term":[{"taxonomy":"category","embeddable":true,"href":"https:\/\/psol50.org.br\/rest\/wp\/v2\/categories?post=30931"},{"taxonomy":"post_tag","embeddable":true,"href":"https:\/\/psol50.org.br\/rest\/wp\/v2\/tags?post=30931"}],"curies":[{"name":"wp","href":"https:\/\/api.w.org\/{rel}","templated":true}]}}