{"id":31001,"date":"2020-10-15T15:57:28","date_gmt":"2020-10-15T18:57:28","guid":{"rendered":"https:\/\/psol50.org.br\/?p=31001"},"modified":"2020-10-15T15:57:28","modified_gmt":"2020-10-15T18:57:28","slug":"psol-denuncia-general-heleno-e-ernesto-araujo","status":"publish","type":"post","link":"https:\/\/psol50.org.br\/psol-denuncia-general-heleno-e-ernesto-araujo\/","title":{"rendered":"PSOL denuncia General Heleno e Ernesto Ara\u00fajo por omitir agentes da Abin que monitoraram ativistas na C\u00fapula do Clima da ONU"},"content":{"rendered":"<p><a href=\"https:\/\/psol50.org.br\/rendajusta\/\" target=\"_blank\" rel=\"noopener noreferrer\"><img loading=\"lazy\" decoding=\"async\" class=\"alignnone size-full wp-image-30552\" src=\"https:\/\/psol50.org.br\/inc\/uploads\/2020\/08\/21-08-2020_LancamentoRendaJusta-2.png\" alt=\"\" width=\"1920\" height=\"383\" srcset=\"https:\/\/psol50.org.br\/inc\/uploads\/2020\/08\/21-08-2020_LancamentoRendaJusta-2.png 1920w, https:\/\/psol50.org.br\/inc\/uploads\/2020\/08\/21-08-2020_LancamentoRendaJusta-2-300x60.png 300w, https:\/\/psol50.org.br\/inc\/uploads\/2020\/08\/21-08-2020_LancamentoRendaJusta-2-1024x204.png 1024w, https:\/\/psol50.org.br\/inc\/uploads\/2020\/08\/21-08-2020_LancamentoRendaJusta-2-768x153.png 768w, https:\/\/psol50.org.br\/inc\/uploads\/2020\/08\/21-08-2020_LancamentoRendaJusta-2-1536x306.png 1536w, https:\/\/psol50.org.br\/inc\/uploads\/2020\/08\/21-08-2020_LancamentoRendaJusta-2-150x30.png 150w, https:\/\/psol50.org.br\/inc\/uploads\/2020\/08\/21-08-2020_LancamentoRendaJusta-2-696x139.png 696w, https:\/\/psol50.org.br\/inc\/uploads\/2020\/08\/21-08-2020_LancamentoRendaJusta-2-1068x213.png 1068w\" sizes=\"auto, (max-width: 1920px) 100vw, 1920px\" \/><\/a><\/p>\n<p>Os parlamentares do PSOL na C\u00e2mara dos Deputados entraram com uma representa\u00e7\u00e3o, na \u00faltima quarta-feira (14), na Procuradoria Geral da Rep\u00fablica (PGR), para denunciar os crimes de improbidade administrativa e crime de responsabilidade por parte dos ministros Augusto Heleno e Ernesto Ara\u00fajo.<\/p>\n<p>O governo de Jair Bolsonaro escondeu do Congresso Nacional o elo entre a Ag\u00eancia Brasileira de Intelig\u00eancia (Abin) e quatro agentes enviados \u00e0 C\u00fapula do Clima das Na\u00e7\u00f5es Unidas (COP-25), em Madri, na Espanha. Ocultou tamb\u00e9m a participa\u00e7\u00e3o de servidores da pr\u00f3pria Abin e do Gabinete de Seguran\u00e7a Institucional (GSI) da Presid\u00eancia da Rep\u00fablica naquela confer\u00eancia, realizada em dezembro de 2019.<\/p>\n<p>O Minist\u00e9rio das Rela\u00e7\u00f5es Exteriores enviou a deputados um of\u00edcio, assinado pelo chanceler\u00a0Ernesto Ara\u00fajo, no qual os quatro nomes foram identificados como \u201cassessores\u201d da &#8220;Presid\u00eancia da Rep\u00fablica&#8221;. O documento sugere que eles estariam envolvidos na rodada de \u201cnegocia\u00e7\u00f5es\u201d da COP 25. Os nomes aparecem sem qualquer liga\u00e7\u00e3o com a Abin ou o GSI.<\/p>\n<p>\u201cO monitoramento conduzido por parte do Gabinete de Seguran\u00e7a Institucional, em parceria com o Minist\u00e9rio das Rela\u00e7\u00f5es Exteriores, aliado \u00e0 omiss\u00e3o e manipula\u00e7\u00e3o de informa\u00e7\u00f5es ao Poder Legislativo em documentos oficiais, \u00e9 mais uma pe\u00e7a do quebra-cabe\u00e7a autorit\u00e1rio que visa a desmontar a Constitui\u00e7\u00e3o democr\u00e1tica de 1988\u201d, alertam os deputados do PSOL.<\/p>\n<p>\u201cO Minist\u00e9rio das Rela\u00e7\u00f5es Exteriores teve a clara inten\u00e7\u00e3o de omitir informa\u00e7\u00f5es ao Congresso Nacional. \u00c9 uma tentativa de esconder informa\u00e7\u00f5es e desviar da tentativa de fiscaliza\u00e7\u00e3o &#8211; leg\u00edtima e legal &#8211; por parte do Poder Legislativo&#8221;, concluem.<\/p>\n<p>A Abin, dirigida pelo delegado da Pol\u00edcia Federal Alexandre Ramagem, \u00e9 subordinada ao GSI, antiga Casa Militar da Presid\u00eancia da Rep\u00fablica. O ministro-chefe do GSI \u00e9 o general de Ex\u00e9rcito Augusto Heleno, hoje na reserva. Se uma informa\u00e7\u00e3o encaminhada por escrito \u00e0 C\u00e2mara ou ao Senado for considerada falsa, o ministro respons\u00e1vel pode vir a responder por crime de responsabilidade.<\/p>\n<p><a href=\"https:\/\/impeachmentpopular.com.br\/\" target=\"_blank\" rel=\"noopener noreferrer\"><img loading=\"lazy\" decoding=\"async\" class=\"alignnone size-full wp-image-29118\" src=\"https:\/\/psol50.org.br\/inc\/uploads\/2020\/05\/Email_Impeachment.png\" alt=\"\" width=\"1080\" height=\"250\" srcset=\"https:\/\/psol50.org.br\/inc\/uploads\/2020\/05\/Email_Impeachment.png 1080w, https:\/\/psol50.org.br\/inc\/uploads\/2020\/05\/Email_Impeachment-300x69.png 300w, https:\/\/psol50.org.br\/inc\/uploads\/2020\/05\/Email_Impeachment-1024x237.png 1024w, https:\/\/psol50.org.br\/inc\/uploads\/2020\/05\/Email_Impeachment-768x178.png 768w, https:\/\/psol50.org.br\/inc\/uploads\/2020\/05\/Email_Impeachment-150x35.png 150w, https:\/\/psol50.org.br\/inc\/uploads\/2020\/05\/Email_Impeachment-696x161.png 696w, https:\/\/psol50.org.br\/inc\/uploads\/2020\/05\/Email_Impeachment-1068x247.png 1068w\" sizes=\"auto, (max-width: 1080px) 100vw, 1080px\" \/><\/a><\/p>\n","protected":false},"excerpt":{"rendered":"<p>Os parlamentares do PSOL na C\u00e2mara dos Deputados entraram com uma representa\u00e7\u00e3o, na \u00faltima quarta-feira (14), na Procuradoria Geral da Rep\u00fablica (PGR), para denunciar os crimes de improbidade administrativa e crime de responsabilidade por parte dos ministros Augusto Heleno e Ernesto Ara\u00fajo. O governo de Jair Bolsonaro escondeu do Congresso Nacional o elo entre a [&hellip;]<\/p>\n","protected":false},"author":2,"featured_media":31002,"comment_status":"closed","ping_status":"open","sticky":false,"template":"","format":"standard","meta":{"_acf_changed":false,"footnotes":""},"categories":[10,6],"tags":[598,1204,1205,600,740,232,22],"class_list":{"0":"post-31001","1":"post","2":"type-post","3":"status-publish","4":"format-standard","5":"has-post-thumbnail","7":"category-acao-parlamentares","8":"category-noticias","9":"tag-abin","10":"tag-ativistas","11":"tag-cupula-do-clima","12":"tag-ernesto-araujo","13":"tag-general-heleno","14":"tag-onu","15":"tag-psol"},"acf":[],"yoast_head":"<!-- This site is optimized with the Yoast SEO plugin v26.5 - https:\/\/yoast.com\/wordpress\/plugins\/seo\/ -->\n<title>PSOL denuncia General Heleno e Ernesto Ara\u00fajo por omitir agentes da Abin que monitoraram ativistas na C\u00fapula do Clima da ONU<\/title>\n<meta name=\"description\" content=\"O monitoramento \u00e9 mais uma pe\u00e7a do quebra-cabe\u00e7a autorit\u00e1rio que pretende desmontar a Constitui\u00e7\u00e3o de 1988.\" \/>\n<meta name=\"robots\" content=\"index, follow, max-snippet:-1, max-image-preview:large, max-video-preview:-1\" \/>\n<link rel=\"canonical\" href=\"https:\/\/psol50.org.br\/psol-denuncia-general-heleno-e-ernesto-araujo\/\" \/>\n<meta property=\"og:locale\" content=\"pt_BR\" \/>\n<meta property=\"og:type\" content=\"article\" \/>\n<meta property=\"og:title\" content=\"PSOL denuncia General Heleno e Ernesto Ara\u00fajo por omitir agentes da Abin que monitoraram ativistas na C\u00fapula do Clima da ONU\" \/>\n<meta property=\"og:description\" content=\"O monitoramento \u00e9 mais uma pe\u00e7a do quebra-cabe\u00e7a autorit\u00e1rio que pretende desmontar a Constitui\u00e7\u00e3o de 1988.\" \/>\n<meta property=\"og:url\" content=\"https:\/\/psol50.org.br\/psol-denuncia-general-heleno-e-ernesto-araujo\/\" \/>\n<meta property=\"og:site_name\" content=\"PSOL 50\" \/>\n<meta property=\"article:publisher\" content=\"https:\/\/www.facebook.com\/psol50\" \/>\n<meta property=\"article:published_time\" content=\"2020-10-15T18:57:28+00:00\" \/>\n<meta property=\"og:image\" content=\"https:\/\/psol50.org.br\/inc\/uploads\/2020\/10\/fcpzzb_abr_01081919692.jpg\" \/>\n\t<meta property=\"og:image:width\" content=\"900\" \/>\n\t<meta property=\"og:image:height\" content=\"600\" \/>\n\t<meta property=\"og:image:type\" content=\"image\/jpeg\" \/>\n<meta name=\"author\" content=\"Comunica\u00e7\u00e3o PSOL\" \/>\n<meta name=\"twitter:card\" content=\"summary_large_image\" \/>\n<meta name=\"twitter:title\" content=\"PSOL denuncia General Heleno e Ernesto Ara\u00fajo por omitir agentes da Abin que monitoraram ativistas na C\u00fapula do Clima da ONU\" \/>\n<meta name=\"twitter:description\" content=\"O monitoramento \u00e9 mais uma pe\u00e7a do quebra-cabe\u00e7a autorit\u00e1rio que pretende desmontar a Constitui\u00e7\u00e3o de 1988.\" \/>\n<meta name=\"twitter:image\" content=\"https:\/\/psol50.org.br\/inc\/uploads\/2020\/10\/fcpzzb_abr_01081919692.jpg\" \/>\n<meta name=\"twitter:creator\" content=\"@psol50\" \/>\n<meta name=\"twitter:site\" content=\"@psol50\" \/>\n<meta name=\"twitter:label1\" content=\"Escrito por\" \/>\n\t<meta name=\"twitter:data1\" content=\"Comunica\u00e7\u00e3o PSOL\" \/>\n\t<meta name=\"twitter:label2\" content=\"Est. tempo de leitura\" \/>\n\t<meta name=\"twitter:data2\" content=\"2 minutos\" \/>\n<script type=\"application\/ld+json\" class=\"yoast-schema-graph\">{\"@context\":\"https:\/\/schema.org\",\"@graph\":[{\"@type\":\"Article\",\"@id\":\"https:\/\/psol50.org.br\/psol-denuncia-general-heleno-e-ernesto-araujo\/#article\",\"isPartOf\":{\"@id\":\"https:\/\/psol50.org.br\/psol-denuncia-general-heleno-e-ernesto-araujo\/\"},\"author\":{\"name\":\"Comunica\u00e7\u00e3o PSOL\",\"@id\":\"https:\/\/psol50.org.br\/#\/schema\/person\/475dfa57d0b815993c714c2e96491fcd\"},\"headline\":\"PSOL denuncia General Heleno e Ernesto Ara\u00fajo por omitir agentes da Abin que monitoraram ativistas na C\u00fapula do Clima da ONU\",\"datePublished\":\"2020-10-15T18:57:28+00:00\",\"mainEntityOfPage\":{\"@id\":\"https:\/\/psol50.org.br\/psol-denuncia-general-heleno-e-ernesto-araujo\/\"},\"wordCount\":367,\"publisher\":{\"@id\":\"https:\/\/psol50.org.br\/#organization\"},\"image\":{\"@id\":\"https:\/\/psol50.org.br\/psol-denuncia-general-heleno-e-ernesto-araujo\/#primaryimage\"},\"thumbnailUrl\":\"https:\/\/psol50.org.br\/inc\/uploads\/2020\/10\/fcpzzb_abr_01081919692.jpg\",\"keywords\":[\"Abin\",\"ativistas\",\"c\u00fapula do clima\",\"ernesto ara\u00fajo\",\"general heleno\",\"ONU\",\"PSOL\"],\"articleSection\":[\"A\u00e7\u00e3o Parlamentar\",\"Not\u00edcias\"],\"inLanguage\":\"pt-BR\"},{\"@type\":\"WebPage\",\"@id\":\"https:\/\/psol50.org.br\/psol-denuncia-general-heleno-e-ernesto-araujo\/\",\"url\":\"https:\/\/psol50.org.br\/psol-denuncia-general-heleno-e-ernesto-araujo\/\",\"name\":\"PSOL denuncia General Heleno e Ernesto Ara\u00fajo por omitir agentes da Abin que monitoraram ativistas na C\u00fapula do Clima da ONU\",\"isPartOf\":{\"@id\":\"https:\/\/psol50.org.br\/#website\"},\"primaryImageOfPage\":{\"@id\":\"https:\/\/psol50.org.br\/psol-denuncia-general-heleno-e-ernesto-araujo\/#primaryimage\"},\"image\":{\"@id\":\"https:\/\/psol50.org.br\/psol-denuncia-general-heleno-e-ernesto-araujo\/#primaryimage\"},\"thumbnailUrl\":\"https:\/\/psol50.org.br\/inc\/uploads\/2020\/10\/fcpzzb_abr_01081919692.jpg\",\"datePublished\":\"2020-10-15T18:57:28+00:00\",\"description\":\"O monitoramento \u00e9 mais uma pe\u00e7a do quebra-cabe\u00e7a autorit\u00e1rio que pretende desmontar a Constitui\u00e7\u00e3o de 1988.\",\"breadcrumb\":{\"@id\":\"https:\/\/psol50.org.br\/psol-denuncia-general-heleno-e-ernesto-araujo\/#breadcrumb\"},\"inLanguage\":\"pt-BR\",\"potentialAction\":[{\"@type\":\"ReadAction\",\"target\":[\"https:\/\/psol50.org.br\/psol-denuncia-general-heleno-e-ernesto-araujo\/\"]}]},{\"@type\":\"ImageObject\",\"inLanguage\":\"pt-BR\",\"@id\":\"https:\/\/psol50.org.br\/psol-denuncia-general-heleno-e-ernesto-araujo\/#primaryimage\",\"url\":\"https:\/\/psol50.org.br\/inc\/uploads\/2020\/10\/fcpzzb_abr_01081919692.jpg\",\"contentUrl\":\"https:\/\/psol50.org.br\/inc\/uploads\/2020\/10\/fcpzzb_abr_01081919692.jpg\",\"width\":900,\"height\":600,\"caption\":\"Foto: EBC\"},{\"@type\":\"BreadcrumbList\",\"@id\":\"https:\/\/psol50.org.br\/psol-denuncia-general-heleno-e-ernesto-araujo\/#breadcrumb\",\"itemListElement\":[{\"@type\":\"ListItem\",\"position\":1,\"name\":\"In\u00edcio\",\"item\":\"https:\/\/psol50.org.br\/\"},{\"@type\":\"ListItem\",\"position\":2,\"name\":\"PSOL denuncia General Heleno e Ernesto Ara\u00fajo por omitir agentes da Abin que monitoraram ativistas na C\u00fapula do Clima da ONU\"}]},{\"@type\":\"WebSite\",\"@id\":\"https:\/\/psol50.org.br\/#website\",\"url\":\"https:\/\/psol50.org.br\/\",\"name\":\"PSOL 50\",\"description\":\"Site oficial do Partido Socialismo e Liberdade\",\"publisher\":{\"@id\":\"https:\/\/psol50.org.br\/#organization\"},\"alternateName\":\"PSOL50\",\"potentialAction\":[{\"@type\":\"SearchAction\",\"target\":{\"@type\":\"EntryPoint\",\"urlTemplate\":\"https:\/\/psol50.org.br\/?s={search_term_string}\"},\"query-input\":{\"@type\":\"PropertyValueSpecification\",\"valueRequired\":true,\"valueName\":\"search_term_string\"}}],\"inLanguage\":\"pt-BR\"},{\"@type\":\"Organization\",\"@id\":\"https:\/\/psol50.org.br\/#organization\",\"name\":\"PSOL 50\",\"alternateName\":\"PSOL 50\",\"url\":\"https:\/\/psol50.org.br\/\",\"logo\":{\"@type\":\"ImageObject\",\"inLanguage\":\"pt-BR\",\"@id\":\"https:\/\/psol50.org.br\/#\/schema\/logo\/image\/\",\"url\":\"https:\/\/psol50.org.br\/inc\/uploads\/2018\/07\/capa.png\",\"contentUrl\":\"https:\/\/psol50.org.br\/inc\/uploads\/2018\/07\/capa.png\",\"width\":1350,\"height\":900,\"caption\":\"PSOL 50\"},\"image\":{\"@id\":\"https:\/\/psol50.org.br\/#\/schema\/logo\/image\/\"},\"sameAs\":[\"https:\/\/www.facebook.com\/psol50\",\"https:\/\/x.com\/psol50\",\"https:\/\/www.instagram.com\/psol50\/\",\"https:\/\/www.youtube.com\/channel\/UC7SnJS5o1os7a6CaiNabzcg\"]},{\"@type\":\"Person\",\"@id\":\"https:\/\/psol50.org.br\/#\/schema\/person\/475dfa57d0b815993c714c2e96491fcd\",\"name\":\"Comunica\u00e7\u00e3o PSOL\",\"image\":{\"@type\":\"ImageObject\",\"inLanguage\":\"pt-BR\",\"@id\":\"https:\/\/psol50.org.br\/#\/schema\/person\/image\/\",\"url\":\"https:\/\/secure.gravatar.com\/avatar\/b34fc4f4e468a4e51785917065a3db57b841f5c95dba6ad8c73aaf8f66f8f9bf?s=96&d=mm&r=g\",\"contentUrl\":\"https:\/\/secure.gravatar.com\/avatar\/b34fc4f4e468a4e51785917065a3db57b841f5c95dba6ad8c73aaf8f66f8f9bf?s=96&d=mm&r=g\",\"caption\":\"Comunica\u00e7\u00e3o PSOL\"}}]}<\/script>\n<!-- \/ Yoast SEO plugin. -->","yoast_head_json":{"title":"PSOL denuncia General Heleno e Ernesto Ara\u00fajo por omitir agentes da Abin que monitoraram ativistas na C\u00fapula do Clima da ONU","description":"O monitoramento \u00e9 mais uma pe\u00e7a do quebra-cabe\u00e7a autorit\u00e1rio que pretende desmontar a Constitui\u00e7\u00e3o de 1988.","robots":{"index":"index","follow":"follow","max-snippet":"max-snippet:-1","max-image-preview":"max-image-preview:large","max-video-preview":"max-video-preview:-1"},"canonical":"https:\/\/psol50.org.br\/psol-denuncia-general-heleno-e-ernesto-araujo\/","og_locale":"pt_BR","og_type":"article","og_title":"PSOL denuncia General Heleno e Ernesto Ara\u00fajo por omitir agentes da Abin que monitoraram ativistas na C\u00fapula do Clima da ONU","og_description":"O monitoramento \u00e9 mais uma pe\u00e7a do quebra-cabe\u00e7a autorit\u00e1rio que pretende desmontar a Constitui\u00e7\u00e3o de 1988.","og_url":"https:\/\/psol50.org.br\/psol-denuncia-general-heleno-e-ernesto-araujo\/","og_site_name":"PSOL 50","article_publisher":"https:\/\/www.facebook.com\/psol50","article_published_time":"2020-10-15T18:57:28+00:00","og_image":[{"width":900,"height":600,"url":"https:\/\/psol50.org.br\/inc\/uploads\/2020\/10\/fcpzzb_abr_01081919692.jpg","type":"image\/jpeg"}],"author":"Comunica\u00e7\u00e3o PSOL","twitter_card":"summary_large_image","twitter_title":"PSOL denuncia General Heleno e Ernesto Ara\u00fajo por omitir agentes da Abin que monitoraram ativistas na C\u00fapula do Clima da ONU","twitter_description":"O monitoramento \u00e9 mais uma pe\u00e7a do quebra-cabe\u00e7a autorit\u00e1rio que pretende desmontar a Constitui\u00e7\u00e3o de 1988.","twitter_image":"https:\/\/psol50.org.br\/inc\/uploads\/2020\/10\/fcpzzb_abr_01081919692.jpg","twitter_creator":"@psol50","twitter_site":"@psol50","twitter_misc":{"Escrito por":"Comunica\u00e7\u00e3o PSOL","Est. tempo de leitura":"2 minutos"},"schema":{"@context":"https:\/\/schema.org","@graph":[{"@type":"Article","@id":"https:\/\/psol50.org.br\/psol-denuncia-general-heleno-e-ernesto-araujo\/#article","isPartOf":{"@id":"https:\/\/psol50.org.br\/psol-denuncia-general-heleno-e-ernesto-araujo\/"},"author":{"name":"Comunica\u00e7\u00e3o PSOL","@id":"https:\/\/psol50.org.br\/#\/schema\/person\/475dfa57d0b815993c714c2e96491fcd"},"headline":"PSOL denuncia General Heleno e Ernesto Ara\u00fajo por omitir agentes da Abin que monitoraram ativistas na C\u00fapula do Clima da ONU","datePublished":"2020-10-15T18:57:28+00:00","mainEntityOfPage":{"@id":"https:\/\/psol50.org.br\/psol-denuncia-general-heleno-e-ernesto-araujo\/"},"wordCount":367,"publisher":{"@id":"https:\/\/psol50.org.br\/#organization"},"image":{"@id":"https:\/\/psol50.org.br\/psol-denuncia-general-heleno-e-ernesto-araujo\/#primaryimage"},"thumbnailUrl":"https:\/\/psol50.org.br\/inc\/uploads\/2020\/10\/fcpzzb_abr_01081919692.jpg","keywords":["Abin","ativistas","c\u00fapula do clima","ernesto ara\u00fajo","general heleno","ONU","PSOL"],"articleSection":["A\u00e7\u00e3o Parlamentar","Not\u00edcias"],"inLanguage":"pt-BR"},{"@type":"WebPage","@id":"https:\/\/psol50.org.br\/psol-denuncia-general-heleno-e-ernesto-araujo\/","url":"https:\/\/psol50.org.br\/psol-denuncia-general-heleno-e-ernesto-araujo\/","name":"PSOL denuncia General Heleno e Ernesto Ara\u00fajo por omitir agentes da Abin que monitoraram ativistas na C\u00fapula do Clima da ONU","isPartOf":{"@id":"https:\/\/psol50.org.br\/#website"},"primaryImageOfPage":{"@id":"https:\/\/psol50.org.br\/psol-denuncia-general-heleno-e-ernesto-araujo\/#primaryimage"},"image":{"@id":"https:\/\/psol50.org.br\/psol-denuncia-general-heleno-e-ernesto-araujo\/#primaryimage"},"thumbnailUrl":"https:\/\/psol50.org.br\/inc\/uploads\/2020\/10\/fcpzzb_abr_01081919692.jpg","datePublished":"2020-10-15T18:57:28+00:00","description":"O monitoramento \u00e9 mais uma pe\u00e7a do quebra-cabe\u00e7a autorit\u00e1rio que pretende desmontar a Constitui\u00e7\u00e3o de 1988.","breadcrumb":{"@id":"https:\/\/psol50.org.br\/psol-denuncia-general-heleno-e-ernesto-araujo\/#breadcrumb"},"inLanguage":"pt-BR","potentialAction":[{"@type":"ReadAction","target":["https:\/\/psol50.org.br\/psol-denuncia-general-heleno-e-ernesto-araujo\/"]}]},{"@type":"ImageObject","inLanguage":"pt-BR","@id":"https:\/\/psol50.org.br\/psol-denuncia-general-heleno-e-ernesto-araujo\/#primaryimage","url":"https:\/\/psol50.org.br\/inc\/uploads\/2020\/10\/fcpzzb_abr_01081919692.jpg","contentUrl":"https:\/\/psol50.org.br\/inc\/uploads\/2020\/10\/fcpzzb_abr_01081919692.jpg","width":900,"height":600,"caption":"Foto: EBC"},{"@type":"BreadcrumbList","@id":"https:\/\/psol50.org.br\/psol-denuncia-general-heleno-e-ernesto-araujo\/#breadcrumb","itemListElement":[{"@type":"ListItem","position":1,"name":"In\u00edcio","item":"https:\/\/psol50.org.br\/"},{"@type":"ListItem","position":2,"name":"PSOL denuncia General Heleno e Ernesto Ara\u00fajo por omitir agentes da Abin que monitoraram ativistas na C\u00fapula do Clima da ONU"}]},{"@type":"WebSite","@id":"https:\/\/psol50.org.br\/#website","url":"https:\/\/psol50.org.br\/","name":"PSOL 50","description":"Site oficial do Partido Socialismo e Liberdade","publisher":{"@id":"https:\/\/psol50.org.br\/#organization"},"alternateName":"PSOL50","potentialAction":[{"@type":"SearchAction","target":{"@type":"EntryPoint","urlTemplate":"https:\/\/psol50.org.br\/?s={search_term_string}"},"query-input":{"@type":"PropertyValueSpecification","valueRequired":true,"valueName":"search_term_string"}}],"inLanguage":"pt-BR"},{"@type":"Organization","@id":"https:\/\/psol50.org.br\/#organization","name":"PSOL 50","alternateName":"PSOL 50","url":"https:\/\/psol50.org.br\/","logo":{"@type":"ImageObject","inLanguage":"pt-BR","@id":"https:\/\/psol50.org.br\/#\/schema\/logo\/image\/","url":"https:\/\/psol50.org.br\/inc\/uploads\/2018\/07\/capa.png","contentUrl":"https:\/\/psol50.org.br\/inc\/uploads\/2018\/07\/capa.png","width":1350,"height":900,"caption":"PSOL 50"},"image":{"@id":"https:\/\/psol50.org.br\/#\/schema\/logo\/image\/"},"sameAs":["https:\/\/www.facebook.com\/psol50","https:\/\/x.com\/psol50","https:\/\/www.instagram.com\/psol50\/","https:\/\/www.youtube.com\/channel\/UC7SnJS5o1os7a6CaiNabzcg"]},{"@type":"Person","@id":"https:\/\/psol50.org.br\/#\/schema\/person\/475dfa57d0b815993c714c2e96491fcd","name":"Comunica\u00e7\u00e3o PSOL","image":{"@type":"ImageObject","inLanguage":"pt-BR","@id":"https:\/\/psol50.org.br\/#\/schema\/person\/image\/","url":"https:\/\/secure.gravatar.com\/avatar\/b34fc4f4e468a4e51785917065a3db57b841f5c95dba6ad8c73aaf8f66f8f9bf?s=96&d=mm&r=g","contentUrl":"https:\/\/secure.gravatar.com\/avatar\/b34fc4f4e468a4e51785917065a3db57b841f5c95dba6ad8c73aaf8f66f8f9bf?s=96&d=mm&r=g","caption":"Comunica\u00e7\u00e3o PSOL"}}]}},"_links":{"self":[{"href":"https:\/\/psol50.org.br\/rest\/wp\/v2\/posts\/31001","targetHints":{"allow":["GET"]}}],"collection":[{"href":"https:\/\/psol50.org.br\/rest\/wp\/v2\/posts"}],"about":[{"href":"https:\/\/psol50.org.br\/rest\/wp\/v2\/types\/post"}],"author":[{"embeddable":true,"href":"https:\/\/psol50.org.br\/rest\/wp\/v2\/users\/2"}],"replies":[{"embeddable":true,"href":"https:\/\/psol50.org.br\/rest\/wp\/v2\/comments?post=31001"}],"version-history":[{"count":0,"href":"https:\/\/psol50.org.br\/rest\/wp\/v2\/posts\/31001\/revisions"}],"wp:featuredmedia":[{"embeddable":true,"href":"https:\/\/psol50.org.br\/rest\/wp\/v2\/media\/31002"}],"wp:attachment":[{"href":"https:\/\/psol50.org.br\/rest\/wp\/v2\/media?parent=31001"}],"wp:term":[{"taxonomy":"category","embeddable":true,"href":"https:\/\/psol50.org.br\/rest\/wp\/v2\/categories?post=31001"},{"taxonomy":"post_tag","embeddable":true,"href":"https:\/\/psol50.org.br\/rest\/wp\/v2\/tags?post=31001"}],"curies":[{"name":"wp","href":"https:\/\/api.w.org\/{rel}","templated":true}]}}