{"id":3103,"date":"2014-12-18T00:00:00","date_gmt":"2014-12-18T18:04:00","guid":{"rendered":"http:\/\/psol50.org.br\/arquivo\/2014\/12\/18\/setorial-de-mulheres-do-psol-repudia-declaracoes-de-bolsonaro-e-participa-de-ato-em-sao-paulo\/"},"modified":"2014-12-18T00:00:00","modified_gmt":"2014-12-18T18:04:00","slug":"setorial-de-mulheres-do-psol-repudia-declaracoes-de-bolsonaro-e-participa-de-ato-em-sao-paulo","status":"publish","type":"post","link":"https:\/\/psol50.org.br\/setorial-de-mulheres-do-psol-repudia-declaracoes-de-bolsonaro-e-participa-de-ato-em-sao-paulo\/","title":{"rendered":"Setorial de Mulheres do PSOL repudia declara\u00e7\u00f5es de Bolsonaro e participa de ato em S\u00e3o Paulo"},"content":{"rendered":"<p style=\"text-align: justify;\">\n\t<span style=\"font-size:12px;\"><span style=\"font-family: arial,helvetica,sans-serif;\">O Setorial de Mulheres do PSOL Nacional divulgou nesta quinta-feira (18) uma nota em que repudia, com veem\u00eancia, as \u00faltimas declara\u00e7\u00f5es do deputado Jair Bolsonaro (PP-RJ), ao dizer para a deputada Maria do Ros\u00e1rio (PT-RS) que s\u00f3 n\u00e3o a estupraria porque ela n\u00e3o merecia. A agress\u00e3o causou indigna\u00e7\u00e3o no PSOL e em seus parlamentares, que pediram a imediata cassa\u00e7\u00e3o do mandato do parlamentar.<br \/>\n\t&nbsp;<br \/>\n\tNa nota, o Setorial de Mulheres afirma que \u201ca viol\u00eancia de Bolsonaro, ao amea\u00e7ar uma colega deputada, \u00e9 uma investida contra todas as mulheres que disputam o espa\u00e7o pol\u00edtico, ao afirmar que uma vez que n\u00f3s, mulheres, assumamos posi\u00e7\u00f5es pol\u00edticas, estamos sujeitas a sermos violentadas f\u00edsica, emocional e verbalmente\u201d.<br \/>\n\t&nbsp;<br \/>\n\tAs militantes do partido pedem a cassa\u00e7\u00e3o do mandato do deputado e informam, ainda, que no pr\u00f3ximo s\u00e1bado (20), \u00e0s 17h, ser\u00e1 realizado o ato #Ningu\u00e9mMereceSerEstupradx #Ningu\u00e9mMereceBolsonaro, na Pra\u00e7a Roosevelt.<br \/>\n\t&nbsp;<br \/>\n\tConfira abaixo a \u00edntegra da nota do Setorial de Mulheres do PSOL.<br \/>\n\t&nbsp;<br \/>\n\t<strong>A intoler\u00e2ncia e o machismo n\u00e3o nos representam<\/strong><br \/>\n\t&nbsp;<br \/>\n\tO deputado Jair Bolsonaro (PP-RJ) tem se tornado conhecido pela defesa do golpe de 1964 no Brasil que nos legou anos de uma Ditadura Militar feroz. A viol\u00eancia em todas as suas formas s\u00e3o elementos fundantes dos discursos do parlamentar cotidianamente.<br \/>\n\t&nbsp;<br \/>\n\tA defesa de a\u00e7\u00f5es homolebobistransf\u00f3bicas, machistas, racistas e xenof\u00f3bicas por parte de Bolsonaro j\u00e1 podem ser consideradas hist\u00f3ricas. N\u00e3o apenas no discurso ele se vale da incita\u00e7\u00e3o cotidiana da viol\u00eancia de g\u00eanero e ra\u00e7a, \u00e9 not\u00f3rio o fato dele nesta \u00faltima legislatura agredir diversas parlamentares mulheres quando estas n\u00e3o concordam com suas posi\u00e7\u00f5es pol\u00edticas reacion\u00e1rias. Lembramos dos embates entre o deputado e a ex-senadora Marinor Brito, do PSOL-PA, em 2011 durante atividade parlamentar contra a homofobia no Senado.<br \/>\n\t&nbsp;<br \/>\n\tAo dizer que a deputada federal Maria do Ros\u00e1rio (PT-RS) &#8220;n\u00e3o merece ser estuprada&#8221;, Bolsonaro mostra a compreens\u00e3o de que viol\u00eancia sexual n\u00e3o seria viol\u00eancia, mas sim um pr\u00eamio para determinadas mulheres. Em um pa\u00eds onde o n\u00famero de estupros \u00e9 maior do que o de homic\u00eddios dolosos, superando as 50 mil notifica\u00e7\u00f5es por ano, e se apresenta o \u00edndice alarmante de uma mulher v\u00edtima de viol\u00eancia a cada 12 segundos, a interven\u00e7\u00e3o de Bolsonaro reafirma a ideologia ainda muito presente em nossa sociedade de que a vida das mulheres vale menos, que n\u00e3o temos direito \u00e0 autonomia sobre nossos corpos e que os espa\u00e7os p\u00fablicos ainda n\u00e3o nos pertencem.<br \/>\n\t&nbsp;<br \/>\n\tA viol\u00eancia de Bolsonaro, ao amea\u00e7ar uma colega deputada, \u00e9 uma investida contra todas as mulheres que disputam o espa\u00e7o pol\u00edtico, ao afirmar que uma vez que n\u00f3s, mulheres, assumamos posi\u00e7\u00f5es pol\u00edticas, estamos sujeitas a sermos violentadas f\u00edsica, emocional e verbalmente. N\u00e3o foi a primeira vez, mas esperamos que dessa vez seja a \u00faltima e que a intoler\u00e2ncia n\u00e3o tenha voz no parlamento na pr\u00f3xima legislatura que se inicia em . N\u00f3s, Mulheres do PSOL, exigimos a cassa\u00e7\u00e3o do deputado federal Jair Bolsonaro!<br \/>\n\t&nbsp;<br \/>\n\tPor todo o pa\u00eds, as mulheres do PSOL se fizeram presentes em manifesta\u00e7\u00f5es contra a intoler\u00e2ncia e exigindo a cassa\u00e7\u00e3o do deputado. Neste s\u00e1bado, em S\u00e3o Paulo, construiremos junto a outras organiza\u00e7\u00f5es de mulheres o Ato #Ningu\u00e9mMereceSerEstupradx #Ningu\u00e9mMereceBolsonaro. Convidamos a todas e todos a se somarem a esta manifesta\u00e7\u00e3o pol\u00edtico-cultural dia 20\/12, \u00e0s 17h, na Pra\u00e7a Roosevelt!<br \/>\n\t&nbsp;<br \/>\n\tConfira a p\u00e1gina do evento no Facebook: <a href=\"https:\/\/www.facebook.com\/events\/790712771001331\/?fref=ts\" target=\"_blank\" rel=\"noopener\">https:\/\/www.facebook.com\/events\/790712771001331\/?fref=ts<\/a><br \/>\n\t&nbsp;<br \/>\n\t&nbsp;<br \/>\n\t#ForaBolsonaro!<br \/>\n\t&nbsp;<br \/>\n\t<strong>Setorial de Mulheres do PSOL<\/strong><\/span><\/span><\/p>\n<p>&nbsp;<\/p>\n","protected":false},"excerpt":{"rendered":"<p>O Setorial de Mulheres do PSOL Nacional divulgou nesta quinta-feira (18) uma nota em que repudia, com veem\u00eancia, as \u00faltimas declara\u00e7\u00f5es do deputado Jair Bolsonaro (PP-RJ), ao dizer para a deputada Maria do Ros\u00e1rio (PT-RS) que s\u00f3 n\u00e3o a estupraria porque ela n\u00e3o merecia. A agress\u00e3o causou indigna\u00e7\u00e3o no PSOL e em seus parlamentares, que [&hellip;]<\/p>\n","protected":false},"author":2,"featured_media":0,"comment_status":"open","ping_status":"open","sticky":false,"template":"","format":"standard","meta":{"_acf_changed":false,"footnotes":""},"categories":[4766,6],"tags":[22],"class_list":{"0":"post-3103","1":"post","2":"type-post","3":"status-publish","4":"format-standard","6":"category-arquivo","7":"category-noticias","8":"tag-psol"},"acf":[],"yoast_head":"<!-- This site is optimized with the Yoast SEO plugin v26.5 - https:\/\/yoast.com\/wordpress\/plugins\/seo\/ -->\n<title>Setorial de Mulheres do PSOL repudia declara\u00e7\u00f5es de Bolsonaro e participa de ato em S\u00e3o Paulo - PSOL 50<\/title>\n<meta name=\"robots\" content=\"index, follow, max-snippet:-1, max-image-preview:large, max-video-preview:-1\" \/>\n<link rel=\"canonical\" href=\"https:\/\/psol50.org.br\/setorial-de-mulheres-do-psol-repudia-declaracoes-de-bolsonaro-e-participa-de-ato-em-sao-paulo\/\" \/>\n<meta property=\"og:locale\" content=\"pt_BR\" \/>\n<meta property=\"og:type\" content=\"article\" \/>\n<meta property=\"og:title\" content=\"Setorial de Mulheres do PSOL repudia declara\u00e7\u00f5es de Bolsonaro e participa de ato em S\u00e3o Paulo - PSOL 50\" \/>\n<meta property=\"og:description\" content=\"O Setorial de Mulheres do PSOL Nacional divulgou nesta quinta-feira (18) uma nota em que repudia, com veem\u00eancia, as \u00faltimas declara\u00e7\u00f5es do deputado Jair Bolsonaro (PP-RJ), ao dizer para a deputada Maria do Ros\u00e1rio (PT-RS) que s\u00f3 n\u00e3o a estupraria porque ela n\u00e3o merecia. A agress\u00e3o causou indigna\u00e7\u00e3o no PSOL e em seus parlamentares, que [&hellip;]\" \/>\n<meta property=\"og:url\" content=\"https:\/\/psol50.org.br\/setorial-de-mulheres-do-psol-repudia-declaracoes-de-bolsonaro-e-participa-de-ato-em-sao-paulo\/\" \/>\n<meta property=\"og:site_name\" content=\"PSOL 50\" \/>\n<meta property=\"article:publisher\" content=\"https:\/\/www.facebook.com\/psol50\" \/>\n<meta property=\"article:published_time\" content=\"2014-12-18T18:04:00+00:00\" \/>\n<meta property=\"og:image\" content=\"https:\/\/psol50.org.br\/inc\/uploads\/2018\/07\/capa.png\" \/>\n\t<meta property=\"og:image:width\" content=\"1350\" \/>\n\t<meta property=\"og:image:height\" content=\"900\" \/>\n\t<meta property=\"og:image:type\" content=\"image\/png\" \/>\n<meta name=\"author\" content=\"Comunica\u00e7\u00e3o PSOL\" \/>\n<meta name=\"twitter:card\" content=\"summary_large_image\" \/>\n<meta name=\"twitter:creator\" content=\"@psol50\" \/>\n<meta name=\"twitter:site\" content=\"@psol50\" \/>\n<meta name=\"twitter:label1\" content=\"Escrito por\" \/>\n\t<meta name=\"twitter:data1\" content=\"Comunica\u00e7\u00e3o PSOL\" \/>\n\t<meta name=\"twitter:label2\" content=\"Est. tempo de leitura\" \/>\n\t<meta name=\"twitter:data2\" content=\"3 minutos\" \/>\n<script type=\"application\/ld+json\" class=\"yoast-schema-graph\">{\"@context\":\"https:\/\/schema.org\",\"@graph\":[{\"@type\":\"Article\",\"@id\":\"https:\/\/psol50.org.br\/setorial-de-mulheres-do-psol-repudia-declaracoes-de-bolsonaro-e-participa-de-ato-em-sao-paulo\/#article\",\"isPartOf\":{\"@id\":\"https:\/\/psol50.org.br\/setorial-de-mulheres-do-psol-repudia-declaracoes-de-bolsonaro-e-participa-de-ato-em-sao-paulo\/\"},\"author\":{\"name\":\"Comunica\u00e7\u00e3o PSOL\",\"@id\":\"https:\/\/psol50.org.br\/#\/schema\/person\/475dfa57d0b815993c714c2e96491fcd\"},\"headline\":\"Setorial de Mulheres do PSOL repudia declara\u00e7\u00f5es de Bolsonaro e participa de ato em S\u00e3o Paulo\",\"datePublished\":\"2014-12-18T18:04:00+00:00\",\"mainEntityOfPage\":{\"@id\":\"https:\/\/psol50.org.br\/setorial-de-mulheres-do-psol-repudia-declaracoes-de-bolsonaro-e-participa-de-ato-em-sao-paulo\/\"},\"wordCount\":655,\"commentCount\":0,\"publisher\":{\"@id\":\"https:\/\/psol50.org.br\/#organization\"},\"keywords\":[\"PSOL\"],\"articleSection\":[\"Arquivo\",\"Not\u00edcias\"],\"inLanguage\":\"pt-BR\",\"potentialAction\":[{\"@type\":\"CommentAction\",\"name\":\"Comment\",\"target\":[\"https:\/\/psol50.org.br\/setorial-de-mulheres-do-psol-repudia-declaracoes-de-bolsonaro-e-participa-de-ato-em-sao-paulo\/#respond\"]}]},{\"@type\":\"WebPage\",\"@id\":\"https:\/\/psol50.org.br\/setorial-de-mulheres-do-psol-repudia-declaracoes-de-bolsonaro-e-participa-de-ato-em-sao-paulo\/\",\"url\":\"https:\/\/psol50.org.br\/setorial-de-mulheres-do-psol-repudia-declaracoes-de-bolsonaro-e-participa-de-ato-em-sao-paulo\/\",\"name\":\"Setorial de Mulheres do PSOL repudia declara\u00e7\u00f5es de Bolsonaro e participa de ato em S\u00e3o Paulo - PSOL 50\",\"isPartOf\":{\"@id\":\"https:\/\/psol50.org.br\/#website\"},\"datePublished\":\"2014-12-18T18:04:00+00:00\",\"breadcrumb\":{\"@id\":\"https:\/\/psol50.org.br\/setorial-de-mulheres-do-psol-repudia-declaracoes-de-bolsonaro-e-participa-de-ato-em-sao-paulo\/#breadcrumb\"},\"inLanguage\":\"pt-BR\",\"potentialAction\":[{\"@type\":\"ReadAction\",\"target\":[\"https:\/\/psol50.org.br\/setorial-de-mulheres-do-psol-repudia-declaracoes-de-bolsonaro-e-participa-de-ato-em-sao-paulo\/\"]}]},{\"@type\":\"BreadcrumbList\",\"@id\":\"https:\/\/psol50.org.br\/setorial-de-mulheres-do-psol-repudia-declaracoes-de-bolsonaro-e-participa-de-ato-em-sao-paulo\/#breadcrumb\",\"itemListElement\":[{\"@type\":\"ListItem\",\"position\":1,\"name\":\"In\u00edcio\",\"item\":\"https:\/\/psol50.org.br\/\"},{\"@type\":\"ListItem\",\"position\":2,\"name\":\"Setorial de Mulheres do PSOL repudia declara\u00e7\u00f5es de Bolsonaro e participa de ato em S\u00e3o Paulo\"}]},{\"@type\":\"WebSite\",\"@id\":\"https:\/\/psol50.org.br\/#website\",\"url\":\"https:\/\/psol50.org.br\/\",\"name\":\"PSOL 50\",\"description\":\"Site oficial do Partido Socialismo e Liberdade\",\"publisher\":{\"@id\":\"https:\/\/psol50.org.br\/#organization\"},\"alternateName\":\"PSOL50\",\"potentialAction\":[{\"@type\":\"SearchAction\",\"target\":{\"@type\":\"EntryPoint\",\"urlTemplate\":\"https:\/\/psol50.org.br\/?s={search_term_string}\"},\"query-input\":{\"@type\":\"PropertyValueSpecification\",\"valueRequired\":true,\"valueName\":\"search_term_string\"}}],\"inLanguage\":\"pt-BR\"},{\"@type\":\"Organization\",\"@id\":\"https:\/\/psol50.org.br\/#organization\",\"name\":\"PSOL 50\",\"alternateName\":\"PSOL 50\",\"url\":\"https:\/\/psol50.org.br\/\",\"logo\":{\"@type\":\"ImageObject\",\"inLanguage\":\"pt-BR\",\"@id\":\"https:\/\/psol50.org.br\/#\/schema\/logo\/image\/\",\"url\":\"https:\/\/psol50.org.br\/inc\/uploads\/2018\/07\/capa.png\",\"contentUrl\":\"https:\/\/psol50.org.br\/inc\/uploads\/2018\/07\/capa.png\",\"width\":1350,\"height\":900,\"caption\":\"PSOL 50\"},\"image\":{\"@id\":\"https:\/\/psol50.org.br\/#\/schema\/logo\/image\/\"},\"sameAs\":[\"https:\/\/www.facebook.com\/psol50\",\"https:\/\/x.com\/psol50\",\"https:\/\/www.instagram.com\/psol50\/\",\"https:\/\/www.youtube.com\/channel\/UC7SnJS5o1os7a6CaiNabzcg\"]},{\"@type\":\"Person\",\"@id\":\"https:\/\/psol50.org.br\/#\/schema\/person\/475dfa57d0b815993c714c2e96491fcd\",\"name\":\"Comunica\u00e7\u00e3o PSOL\",\"image\":{\"@type\":\"ImageObject\",\"inLanguage\":\"pt-BR\",\"@id\":\"https:\/\/psol50.org.br\/#\/schema\/person\/image\/\",\"url\":\"https:\/\/secure.gravatar.com\/avatar\/b34fc4f4e468a4e51785917065a3db57b841f5c95dba6ad8c73aaf8f66f8f9bf?s=96&d=mm&r=g\",\"contentUrl\":\"https:\/\/secure.gravatar.com\/avatar\/b34fc4f4e468a4e51785917065a3db57b841f5c95dba6ad8c73aaf8f66f8f9bf?s=96&d=mm&r=g\",\"caption\":\"Comunica\u00e7\u00e3o PSOL\"}}]}<\/script>\n<!-- \/ Yoast SEO plugin. -->","yoast_head_json":{"title":"Setorial de Mulheres do PSOL repudia declara\u00e7\u00f5es de Bolsonaro e participa de ato em S\u00e3o Paulo - PSOL 50","robots":{"index":"index","follow":"follow","max-snippet":"max-snippet:-1","max-image-preview":"max-image-preview:large","max-video-preview":"max-video-preview:-1"},"canonical":"https:\/\/psol50.org.br\/setorial-de-mulheres-do-psol-repudia-declaracoes-de-bolsonaro-e-participa-de-ato-em-sao-paulo\/","og_locale":"pt_BR","og_type":"article","og_title":"Setorial de Mulheres do PSOL repudia declara\u00e7\u00f5es de Bolsonaro e participa de ato em S\u00e3o Paulo - PSOL 50","og_description":"O Setorial de Mulheres do PSOL Nacional divulgou nesta quinta-feira (18) uma nota em que repudia, com veem\u00eancia, as \u00faltimas declara\u00e7\u00f5es do deputado Jair Bolsonaro (PP-RJ), ao dizer para a deputada Maria do Ros\u00e1rio (PT-RS) que s\u00f3 n\u00e3o a estupraria porque ela n\u00e3o merecia. A agress\u00e3o causou indigna\u00e7\u00e3o no PSOL e em seus parlamentares, que [&hellip;]","og_url":"https:\/\/psol50.org.br\/setorial-de-mulheres-do-psol-repudia-declaracoes-de-bolsonaro-e-participa-de-ato-em-sao-paulo\/","og_site_name":"PSOL 50","article_publisher":"https:\/\/www.facebook.com\/psol50","article_published_time":"2014-12-18T18:04:00+00:00","og_image":[{"width":1350,"height":900,"url":"https:\/\/psol50.org.br\/inc\/uploads\/2018\/07\/capa.png","type":"image\/png"}],"author":"Comunica\u00e7\u00e3o PSOL","twitter_card":"summary_large_image","twitter_creator":"@psol50","twitter_site":"@psol50","twitter_misc":{"Escrito por":"Comunica\u00e7\u00e3o PSOL","Est. tempo de leitura":"3 minutos"},"schema":{"@context":"https:\/\/schema.org","@graph":[{"@type":"Article","@id":"https:\/\/psol50.org.br\/setorial-de-mulheres-do-psol-repudia-declaracoes-de-bolsonaro-e-participa-de-ato-em-sao-paulo\/#article","isPartOf":{"@id":"https:\/\/psol50.org.br\/setorial-de-mulheres-do-psol-repudia-declaracoes-de-bolsonaro-e-participa-de-ato-em-sao-paulo\/"},"author":{"name":"Comunica\u00e7\u00e3o PSOL","@id":"https:\/\/psol50.org.br\/#\/schema\/person\/475dfa57d0b815993c714c2e96491fcd"},"headline":"Setorial de Mulheres do PSOL repudia declara\u00e7\u00f5es de Bolsonaro e participa de ato em S\u00e3o Paulo","datePublished":"2014-12-18T18:04:00+00:00","mainEntityOfPage":{"@id":"https:\/\/psol50.org.br\/setorial-de-mulheres-do-psol-repudia-declaracoes-de-bolsonaro-e-participa-de-ato-em-sao-paulo\/"},"wordCount":655,"commentCount":0,"publisher":{"@id":"https:\/\/psol50.org.br\/#organization"},"keywords":["PSOL"],"articleSection":["Arquivo","Not\u00edcias"],"inLanguage":"pt-BR","potentialAction":[{"@type":"CommentAction","name":"Comment","target":["https:\/\/psol50.org.br\/setorial-de-mulheres-do-psol-repudia-declaracoes-de-bolsonaro-e-participa-de-ato-em-sao-paulo\/#respond"]}]},{"@type":"WebPage","@id":"https:\/\/psol50.org.br\/setorial-de-mulheres-do-psol-repudia-declaracoes-de-bolsonaro-e-participa-de-ato-em-sao-paulo\/","url":"https:\/\/psol50.org.br\/setorial-de-mulheres-do-psol-repudia-declaracoes-de-bolsonaro-e-participa-de-ato-em-sao-paulo\/","name":"Setorial de Mulheres do PSOL repudia declara\u00e7\u00f5es de Bolsonaro e participa de ato em S\u00e3o Paulo - PSOL 50","isPartOf":{"@id":"https:\/\/psol50.org.br\/#website"},"datePublished":"2014-12-18T18:04:00+00:00","breadcrumb":{"@id":"https:\/\/psol50.org.br\/setorial-de-mulheres-do-psol-repudia-declaracoes-de-bolsonaro-e-participa-de-ato-em-sao-paulo\/#breadcrumb"},"inLanguage":"pt-BR","potentialAction":[{"@type":"ReadAction","target":["https:\/\/psol50.org.br\/setorial-de-mulheres-do-psol-repudia-declaracoes-de-bolsonaro-e-participa-de-ato-em-sao-paulo\/"]}]},{"@type":"BreadcrumbList","@id":"https:\/\/psol50.org.br\/setorial-de-mulheres-do-psol-repudia-declaracoes-de-bolsonaro-e-participa-de-ato-em-sao-paulo\/#breadcrumb","itemListElement":[{"@type":"ListItem","position":1,"name":"In\u00edcio","item":"https:\/\/psol50.org.br\/"},{"@type":"ListItem","position":2,"name":"Setorial de Mulheres do PSOL repudia declara\u00e7\u00f5es de Bolsonaro e participa de ato em S\u00e3o Paulo"}]},{"@type":"WebSite","@id":"https:\/\/psol50.org.br\/#website","url":"https:\/\/psol50.org.br\/","name":"PSOL 50","description":"Site oficial do Partido Socialismo e Liberdade","publisher":{"@id":"https:\/\/psol50.org.br\/#organization"},"alternateName":"PSOL50","potentialAction":[{"@type":"SearchAction","target":{"@type":"EntryPoint","urlTemplate":"https:\/\/psol50.org.br\/?s={search_term_string}"},"query-input":{"@type":"PropertyValueSpecification","valueRequired":true,"valueName":"search_term_string"}}],"inLanguage":"pt-BR"},{"@type":"Organization","@id":"https:\/\/psol50.org.br\/#organization","name":"PSOL 50","alternateName":"PSOL 50","url":"https:\/\/psol50.org.br\/","logo":{"@type":"ImageObject","inLanguage":"pt-BR","@id":"https:\/\/psol50.org.br\/#\/schema\/logo\/image\/","url":"https:\/\/psol50.org.br\/inc\/uploads\/2018\/07\/capa.png","contentUrl":"https:\/\/psol50.org.br\/inc\/uploads\/2018\/07\/capa.png","width":1350,"height":900,"caption":"PSOL 50"},"image":{"@id":"https:\/\/psol50.org.br\/#\/schema\/logo\/image\/"},"sameAs":["https:\/\/www.facebook.com\/psol50","https:\/\/x.com\/psol50","https:\/\/www.instagram.com\/psol50\/","https:\/\/www.youtube.com\/channel\/UC7SnJS5o1os7a6CaiNabzcg"]},{"@type":"Person","@id":"https:\/\/psol50.org.br\/#\/schema\/person\/475dfa57d0b815993c714c2e96491fcd","name":"Comunica\u00e7\u00e3o PSOL","image":{"@type":"ImageObject","inLanguage":"pt-BR","@id":"https:\/\/psol50.org.br\/#\/schema\/person\/image\/","url":"https:\/\/secure.gravatar.com\/avatar\/b34fc4f4e468a4e51785917065a3db57b841f5c95dba6ad8c73aaf8f66f8f9bf?s=96&d=mm&r=g","contentUrl":"https:\/\/secure.gravatar.com\/avatar\/b34fc4f4e468a4e51785917065a3db57b841f5c95dba6ad8c73aaf8f66f8f9bf?s=96&d=mm&r=g","caption":"Comunica\u00e7\u00e3o PSOL"}}]}},"_links":{"self":[{"href":"https:\/\/psol50.org.br\/rest\/wp\/v2\/posts\/3103","targetHints":{"allow":["GET"]}}],"collection":[{"href":"https:\/\/psol50.org.br\/rest\/wp\/v2\/posts"}],"about":[{"href":"https:\/\/psol50.org.br\/rest\/wp\/v2\/types\/post"}],"author":[{"embeddable":true,"href":"https:\/\/psol50.org.br\/rest\/wp\/v2\/users\/2"}],"replies":[{"embeddable":true,"href":"https:\/\/psol50.org.br\/rest\/wp\/v2\/comments?post=3103"}],"version-history":[{"count":0,"href":"https:\/\/psol50.org.br\/rest\/wp\/v2\/posts\/3103\/revisions"}],"wp:attachment":[{"href":"https:\/\/psol50.org.br\/rest\/wp\/v2\/media?parent=3103"}],"wp:term":[{"taxonomy":"category","embeddable":true,"href":"https:\/\/psol50.org.br\/rest\/wp\/v2\/categories?post=3103"},{"taxonomy":"post_tag","embeddable":true,"href":"https:\/\/psol50.org.br\/rest\/wp\/v2\/tags?post=3103"}],"curies":[{"name":"wp","href":"https:\/\/api.w.org\/{rel}","templated":true}]}}