{"id":3106,"date":"2014-12-19T00:00:00","date_gmt":"2014-12-19T18:12:14","guid":{"rendered":"http:\/\/psol50.org.br\/arquivo\/2014\/12\/19\/milhares-de-peruanos-protestam-contra-lei-sobre-trabalho-juvenil\/"},"modified":"2014-12-19T00:00:00","modified_gmt":"2014-12-19T18:12:14","slug":"milhares-de-peruanos-protestam-contra-lei-sobre-trabalho-juvenil","status":"publish","type":"post","link":"https:\/\/psol50.org.br\/milhares-de-peruanos-protestam-contra-lei-sobre-trabalho-juvenil\/","title":{"rendered":"Milhares de peruanos protestam contra lei sobre trabalho juvenil"},"content":{"rendered":"<p class=\"western\" style=\"text-align: justify;\">\n\t<span style=\"font-family:arial,helvetica,sans-serif;\"><span style=\"font-size: 12px;\">Cerca de 3 mil peruanos protestaram, nessa quinta-feira (18), no centro hist\u00f3rico de Lima, contra a nova lei de trabalho juvenil, que desencadeou uma s\u00e9rie de cr\u00edticas por excluir benef\u00edcios para jovens entre 18 anos e 24 anos.<\/p>\n<p>\tOs manifestantes, convocados durante esta semana nas redes sociais, concentraram-se em uma pra\u00e7a, saindo depois para as ruas da capital, divididos em v\u00e1rios grupos. Alguns deles acabaram por se envolver em confrontos com agentes da Pol\u00edcia Nacional.<\/p>\n<p>\tNa maioria jovens universit\u00e1rios, representantes de partidos pol\u00edticos e membros da oposi\u00e7\u00e3o, os manifestantes levavam bandeiras e cartazes com mensagens reivindicando direitos de trabalho adquiridos.<\/p>\n<p>\t\u201cQue a crise seja paga pelos capitalistas, n\u00e3o pelo povo\u201d, lia-se em alguns dos cartazes dos manifestantes, que gritavam <em>slogans<\/em> contra a lei que, segundo eles, viola tratados internacionais sobre prote\u00e7\u00e3o laboral.<\/p>\n<p>\tInicialmente, tentaram ir em dire\u00e7\u00e3o \u00e0 sede do Congresso, mas um cord\u00e3o policial bloqueou a passagem, o que desencadeou confrontos com os agentes, montados a cavalo.<\/p>\n<p>\t\u201c\u00c9 uma lei de escravid\u00e3o\u201d, disse uma jovem, acrescentando ter sido, junto com colegas, agredida pela pol\u00edcia quando fazia uma marcha pac\u00edfica.<\/p>\n<p>\tOutro grupo, que pretendia ir para a sede do Partido Nacionalista, que est\u00e1 no poder, foi bloqueado tamb\u00e9m pela pol\u00edcia, que recorreu ao g\u00e1s lacrimog\u00eaneo. Segundo a imprensa local, v\u00e1rios jovens ficaram feridos.<\/p>\n<p>\tA nova lei de promo\u00e7\u00e3o do trabalho juvenil foi promulgada ter\u00e7a-feira (16) pelo presidente do Peru, Ollanta Humala, e \u00e9 defendida pelo governo com o argumento de que visa a reduzir o desemprego jovem. Contudo, muitos partidos pol\u00edticos e organiza\u00e7\u00f5es civis pediram que fosse revogada, por considerar que promove \u201co trabalho prec\u00e1rio sem direitos nem benef\u00edcios\u201d.<\/p>\n<p>\tO secret\u00e1rio-geral da Confedera\u00e7\u00e3o de Trabalhadores do Peru, El\u00edas Grijalva, disse, na ter\u00e7a-feira (16), que a organiza\u00e7\u00e3o pretende apresentar uma queixa \u00e0 Organiza\u00e7\u00e3o Internacional do Trabalho (OIT) contra essa lei e outras que \u201cv\u00e3o gerar demiss\u00f5es coletivas\u201d no ano que vem.<\/p>\n<p>\tOs ex-presidentes peruanos Alan Garc\u00eda e Alejandro Toledo tamb\u00e9m criticaram o governo por causa da nova lei, que faz parte de um pacote de medidas destinadas a reativar a economia e voltadas \u00e0 contrata\u00e7\u00e3o de jovens entre 18 anos e 24 anos.<\/p>\n<p>\tA lei, de car\u00e1ter tempor\u00e1rio, com prazo m\u00e1ximo de vig\u00eancia de cinco anos, prev\u00ea o pagamento de sal\u00e1rio m\u00ednimo dia (US$ 256 ou R$ 665), por oito horas de trabalho, 15 dias de f\u00e9rias, seguro social de sa\u00fade e uma indeniza\u00e7\u00e3o por demiss\u00e3o sem justa causa.<\/p>\n<p>\tN\u00e3o contempla, por\u00e9m, o pagamento de compensa\u00e7\u00e3o pelo tempo de servi\u00e7o, gratifica\u00e7\u00f5es anuais ou seguro de vida, constituindo os principais motivos de cr\u00edtica por organiza\u00e7\u00f5es laborais ou setores da oposi\u00e7\u00e3o peruana. <\/span><\/span><\/p>\n","protected":false},"excerpt":{"rendered":"<p>Cerca de 3 mil peruanos protestaram, nessa quinta-feira (18), no centro hist\u00f3rico de Lima, contra a nova lei de trabalho juvenil, que desencadeou uma s\u00e9rie de cr\u00edticas por excluir benef\u00edcios para jovens entre 18 anos e 24 anos. Os manifestantes, convocados durante esta semana nas redes sociais, concentraram-se em uma pra\u00e7a, saindo depois para as [&hellip;]<\/p>\n","protected":false},"author":2,"featured_media":0,"comment_status":"open","ping_status":"open","sticky":false,"template":"","format":"standard","meta":{"_acf_changed":false,"footnotes":""},"categories":[4766,6],"tags":[],"class_list":{"0":"post-3106","1":"post","2":"type-post","3":"status-publish","4":"format-standard","6":"category-arquivo","7":"category-noticias"},"acf":[],"yoast_head":"<!-- This site is optimized with the Yoast SEO plugin v26.5 - https:\/\/yoast.com\/wordpress\/plugins\/seo\/ -->\n<title>Milhares de peruanos protestam contra lei sobre trabalho juvenil - PSOL 50<\/title>\n<meta name=\"robots\" content=\"index, follow, max-snippet:-1, max-image-preview:large, max-video-preview:-1\" \/>\n<link rel=\"canonical\" href=\"https:\/\/psol50.org.br\/milhares-de-peruanos-protestam-contra-lei-sobre-trabalho-juvenil\/\" \/>\n<meta property=\"og:locale\" content=\"pt_BR\" \/>\n<meta property=\"og:type\" content=\"article\" \/>\n<meta property=\"og:title\" content=\"Milhares de peruanos protestam contra lei sobre trabalho juvenil - PSOL 50\" \/>\n<meta property=\"og:description\" content=\"Cerca de 3 mil peruanos protestaram, nessa quinta-feira (18), no centro hist\u00f3rico de Lima, contra a nova lei de trabalho juvenil, que desencadeou uma s\u00e9rie de cr\u00edticas por excluir benef\u00edcios para jovens entre 18 anos e 24 anos. Os manifestantes, convocados durante esta semana nas redes sociais, concentraram-se em uma pra\u00e7a, saindo depois para as [&hellip;]\" \/>\n<meta property=\"og:url\" content=\"https:\/\/psol50.org.br\/milhares-de-peruanos-protestam-contra-lei-sobre-trabalho-juvenil\/\" \/>\n<meta property=\"og:site_name\" content=\"PSOL 50\" \/>\n<meta property=\"article:publisher\" content=\"https:\/\/www.facebook.com\/psol50\" \/>\n<meta property=\"article:published_time\" content=\"2014-12-19T18:12:14+00:00\" \/>\n<meta property=\"og:image\" content=\"https:\/\/psol50.org.br\/inc\/uploads\/2018\/07\/capa.png\" \/>\n\t<meta property=\"og:image:width\" content=\"1350\" \/>\n\t<meta property=\"og:image:height\" content=\"900\" \/>\n\t<meta property=\"og:image:type\" content=\"image\/png\" \/>\n<meta name=\"author\" content=\"Comunica\u00e7\u00e3o PSOL\" \/>\n<meta name=\"twitter:card\" content=\"summary_large_image\" \/>\n<meta name=\"twitter:creator\" content=\"@psol50\" \/>\n<meta name=\"twitter:site\" content=\"@psol50\" \/>\n<meta name=\"twitter:label1\" content=\"Escrito por\" \/>\n\t<meta name=\"twitter:data1\" content=\"Comunica\u00e7\u00e3o PSOL\" \/>\n\t<meta name=\"twitter:label2\" content=\"Est. tempo de leitura\" \/>\n\t<meta name=\"twitter:data2\" content=\"2 minutos\" \/>\n<script type=\"application\/ld+json\" class=\"yoast-schema-graph\">{\"@context\":\"https:\/\/schema.org\",\"@graph\":[{\"@type\":\"Article\",\"@id\":\"https:\/\/psol50.org.br\/milhares-de-peruanos-protestam-contra-lei-sobre-trabalho-juvenil\/#article\",\"isPartOf\":{\"@id\":\"https:\/\/psol50.org.br\/milhares-de-peruanos-protestam-contra-lei-sobre-trabalho-juvenil\/\"},\"author\":{\"name\":\"Comunica\u00e7\u00e3o PSOL\",\"@id\":\"https:\/\/psol50.org.br\/#\/schema\/person\/475dfa57d0b815993c714c2e96491fcd\"},\"headline\":\"Milhares de peruanos protestam contra lei sobre trabalho juvenil\",\"datePublished\":\"2014-12-19T18:12:14+00:00\",\"mainEntityOfPage\":{\"@id\":\"https:\/\/psol50.org.br\/milhares-de-peruanos-protestam-contra-lei-sobre-trabalho-juvenil\/\"},\"wordCount\":479,\"commentCount\":0,\"publisher\":{\"@id\":\"https:\/\/psol50.org.br\/#organization\"},\"articleSection\":[\"Arquivo\",\"Not\u00edcias\"],\"inLanguage\":\"pt-BR\",\"potentialAction\":[{\"@type\":\"CommentAction\",\"name\":\"Comment\",\"target\":[\"https:\/\/psol50.org.br\/milhares-de-peruanos-protestam-contra-lei-sobre-trabalho-juvenil\/#respond\"]}]},{\"@type\":\"WebPage\",\"@id\":\"https:\/\/psol50.org.br\/milhares-de-peruanos-protestam-contra-lei-sobre-trabalho-juvenil\/\",\"url\":\"https:\/\/psol50.org.br\/milhares-de-peruanos-protestam-contra-lei-sobre-trabalho-juvenil\/\",\"name\":\"Milhares de peruanos protestam contra lei sobre trabalho juvenil - PSOL 50\",\"isPartOf\":{\"@id\":\"https:\/\/psol50.org.br\/#website\"},\"datePublished\":\"2014-12-19T18:12:14+00:00\",\"breadcrumb\":{\"@id\":\"https:\/\/psol50.org.br\/milhares-de-peruanos-protestam-contra-lei-sobre-trabalho-juvenil\/#breadcrumb\"},\"inLanguage\":\"pt-BR\",\"potentialAction\":[{\"@type\":\"ReadAction\",\"target\":[\"https:\/\/psol50.org.br\/milhares-de-peruanos-protestam-contra-lei-sobre-trabalho-juvenil\/\"]}]},{\"@type\":\"BreadcrumbList\",\"@id\":\"https:\/\/psol50.org.br\/milhares-de-peruanos-protestam-contra-lei-sobre-trabalho-juvenil\/#breadcrumb\",\"itemListElement\":[{\"@type\":\"ListItem\",\"position\":1,\"name\":\"In\u00edcio\",\"item\":\"https:\/\/psol50.org.br\/\"},{\"@type\":\"ListItem\",\"position\":2,\"name\":\"Milhares de peruanos protestam contra lei sobre trabalho juvenil\"}]},{\"@type\":\"WebSite\",\"@id\":\"https:\/\/psol50.org.br\/#website\",\"url\":\"https:\/\/psol50.org.br\/\",\"name\":\"PSOL 50\",\"description\":\"Site oficial do Partido Socialismo e Liberdade\",\"publisher\":{\"@id\":\"https:\/\/psol50.org.br\/#organization\"},\"alternateName\":\"PSOL50\",\"potentialAction\":[{\"@type\":\"SearchAction\",\"target\":{\"@type\":\"EntryPoint\",\"urlTemplate\":\"https:\/\/psol50.org.br\/?s={search_term_string}\"},\"query-input\":{\"@type\":\"PropertyValueSpecification\",\"valueRequired\":true,\"valueName\":\"search_term_string\"}}],\"inLanguage\":\"pt-BR\"},{\"@type\":\"Organization\",\"@id\":\"https:\/\/psol50.org.br\/#organization\",\"name\":\"PSOL 50\",\"alternateName\":\"PSOL 50\",\"url\":\"https:\/\/psol50.org.br\/\",\"logo\":{\"@type\":\"ImageObject\",\"inLanguage\":\"pt-BR\",\"@id\":\"https:\/\/psol50.org.br\/#\/schema\/logo\/image\/\",\"url\":\"https:\/\/psol50.org.br\/inc\/uploads\/2018\/07\/capa.png\",\"contentUrl\":\"https:\/\/psol50.org.br\/inc\/uploads\/2018\/07\/capa.png\",\"width\":1350,\"height\":900,\"caption\":\"PSOL 50\"},\"image\":{\"@id\":\"https:\/\/psol50.org.br\/#\/schema\/logo\/image\/\"},\"sameAs\":[\"https:\/\/www.facebook.com\/psol50\",\"https:\/\/x.com\/psol50\",\"https:\/\/www.instagram.com\/psol50\/\",\"https:\/\/www.youtube.com\/channel\/UC7SnJS5o1os7a6CaiNabzcg\"]},{\"@type\":\"Person\",\"@id\":\"https:\/\/psol50.org.br\/#\/schema\/person\/475dfa57d0b815993c714c2e96491fcd\",\"name\":\"Comunica\u00e7\u00e3o PSOL\",\"image\":{\"@type\":\"ImageObject\",\"inLanguage\":\"pt-BR\",\"@id\":\"https:\/\/psol50.org.br\/#\/schema\/person\/image\/\",\"url\":\"https:\/\/secure.gravatar.com\/avatar\/b34fc4f4e468a4e51785917065a3db57b841f5c95dba6ad8c73aaf8f66f8f9bf?s=96&d=mm&r=g\",\"contentUrl\":\"https:\/\/secure.gravatar.com\/avatar\/b34fc4f4e468a4e51785917065a3db57b841f5c95dba6ad8c73aaf8f66f8f9bf?s=96&d=mm&r=g\",\"caption\":\"Comunica\u00e7\u00e3o PSOL\"}}]}<\/script>\n<!-- \/ Yoast SEO plugin. -->","yoast_head_json":{"title":"Milhares de peruanos protestam contra lei sobre trabalho juvenil - PSOL 50","robots":{"index":"index","follow":"follow","max-snippet":"max-snippet:-1","max-image-preview":"max-image-preview:large","max-video-preview":"max-video-preview:-1"},"canonical":"https:\/\/psol50.org.br\/milhares-de-peruanos-protestam-contra-lei-sobre-trabalho-juvenil\/","og_locale":"pt_BR","og_type":"article","og_title":"Milhares de peruanos protestam contra lei sobre trabalho juvenil - PSOL 50","og_description":"Cerca de 3 mil peruanos protestaram, nessa quinta-feira (18), no centro hist\u00f3rico de Lima, contra a nova lei de trabalho juvenil, que desencadeou uma s\u00e9rie de cr\u00edticas por excluir benef\u00edcios para jovens entre 18 anos e 24 anos. Os manifestantes, convocados durante esta semana nas redes sociais, concentraram-se em uma pra\u00e7a, saindo depois para as [&hellip;]","og_url":"https:\/\/psol50.org.br\/milhares-de-peruanos-protestam-contra-lei-sobre-trabalho-juvenil\/","og_site_name":"PSOL 50","article_publisher":"https:\/\/www.facebook.com\/psol50","article_published_time":"2014-12-19T18:12:14+00:00","og_image":[{"width":1350,"height":900,"url":"https:\/\/psol50.org.br\/inc\/uploads\/2018\/07\/capa.png","type":"image\/png"}],"author":"Comunica\u00e7\u00e3o PSOL","twitter_card":"summary_large_image","twitter_creator":"@psol50","twitter_site":"@psol50","twitter_misc":{"Escrito por":"Comunica\u00e7\u00e3o PSOL","Est. tempo de leitura":"2 minutos"},"schema":{"@context":"https:\/\/schema.org","@graph":[{"@type":"Article","@id":"https:\/\/psol50.org.br\/milhares-de-peruanos-protestam-contra-lei-sobre-trabalho-juvenil\/#article","isPartOf":{"@id":"https:\/\/psol50.org.br\/milhares-de-peruanos-protestam-contra-lei-sobre-trabalho-juvenil\/"},"author":{"name":"Comunica\u00e7\u00e3o PSOL","@id":"https:\/\/psol50.org.br\/#\/schema\/person\/475dfa57d0b815993c714c2e96491fcd"},"headline":"Milhares de peruanos protestam contra lei sobre trabalho juvenil","datePublished":"2014-12-19T18:12:14+00:00","mainEntityOfPage":{"@id":"https:\/\/psol50.org.br\/milhares-de-peruanos-protestam-contra-lei-sobre-trabalho-juvenil\/"},"wordCount":479,"commentCount":0,"publisher":{"@id":"https:\/\/psol50.org.br\/#organization"},"articleSection":["Arquivo","Not\u00edcias"],"inLanguage":"pt-BR","potentialAction":[{"@type":"CommentAction","name":"Comment","target":["https:\/\/psol50.org.br\/milhares-de-peruanos-protestam-contra-lei-sobre-trabalho-juvenil\/#respond"]}]},{"@type":"WebPage","@id":"https:\/\/psol50.org.br\/milhares-de-peruanos-protestam-contra-lei-sobre-trabalho-juvenil\/","url":"https:\/\/psol50.org.br\/milhares-de-peruanos-protestam-contra-lei-sobre-trabalho-juvenil\/","name":"Milhares de peruanos protestam contra lei sobre trabalho juvenil - PSOL 50","isPartOf":{"@id":"https:\/\/psol50.org.br\/#website"},"datePublished":"2014-12-19T18:12:14+00:00","breadcrumb":{"@id":"https:\/\/psol50.org.br\/milhares-de-peruanos-protestam-contra-lei-sobre-trabalho-juvenil\/#breadcrumb"},"inLanguage":"pt-BR","potentialAction":[{"@type":"ReadAction","target":["https:\/\/psol50.org.br\/milhares-de-peruanos-protestam-contra-lei-sobre-trabalho-juvenil\/"]}]},{"@type":"BreadcrumbList","@id":"https:\/\/psol50.org.br\/milhares-de-peruanos-protestam-contra-lei-sobre-trabalho-juvenil\/#breadcrumb","itemListElement":[{"@type":"ListItem","position":1,"name":"In\u00edcio","item":"https:\/\/psol50.org.br\/"},{"@type":"ListItem","position":2,"name":"Milhares de peruanos protestam contra lei sobre trabalho juvenil"}]},{"@type":"WebSite","@id":"https:\/\/psol50.org.br\/#website","url":"https:\/\/psol50.org.br\/","name":"PSOL 50","description":"Site oficial do Partido Socialismo e Liberdade","publisher":{"@id":"https:\/\/psol50.org.br\/#organization"},"alternateName":"PSOL50","potentialAction":[{"@type":"SearchAction","target":{"@type":"EntryPoint","urlTemplate":"https:\/\/psol50.org.br\/?s={search_term_string}"},"query-input":{"@type":"PropertyValueSpecification","valueRequired":true,"valueName":"search_term_string"}}],"inLanguage":"pt-BR"},{"@type":"Organization","@id":"https:\/\/psol50.org.br\/#organization","name":"PSOL 50","alternateName":"PSOL 50","url":"https:\/\/psol50.org.br\/","logo":{"@type":"ImageObject","inLanguage":"pt-BR","@id":"https:\/\/psol50.org.br\/#\/schema\/logo\/image\/","url":"https:\/\/psol50.org.br\/inc\/uploads\/2018\/07\/capa.png","contentUrl":"https:\/\/psol50.org.br\/inc\/uploads\/2018\/07\/capa.png","width":1350,"height":900,"caption":"PSOL 50"},"image":{"@id":"https:\/\/psol50.org.br\/#\/schema\/logo\/image\/"},"sameAs":["https:\/\/www.facebook.com\/psol50","https:\/\/x.com\/psol50","https:\/\/www.instagram.com\/psol50\/","https:\/\/www.youtube.com\/channel\/UC7SnJS5o1os7a6CaiNabzcg"]},{"@type":"Person","@id":"https:\/\/psol50.org.br\/#\/schema\/person\/475dfa57d0b815993c714c2e96491fcd","name":"Comunica\u00e7\u00e3o PSOL","image":{"@type":"ImageObject","inLanguage":"pt-BR","@id":"https:\/\/psol50.org.br\/#\/schema\/person\/image\/","url":"https:\/\/secure.gravatar.com\/avatar\/b34fc4f4e468a4e51785917065a3db57b841f5c95dba6ad8c73aaf8f66f8f9bf?s=96&d=mm&r=g","contentUrl":"https:\/\/secure.gravatar.com\/avatar\/b34fc4f4e468a4e51785917065a3db57b841f5c95dba6ad8c73aaf8f66f8f9bf?s=96&d=mm&r=g","caption":"Comunica\u00e7\u00e3o PSOL"}}]}},"_links":{"self":[{"href":"https:\/\/psol50.org.br\/rest\/wp\/v2\/posts\/3106","targetHints":{"allow":["GET"]}}],"collection":[{"href":"https:\/\/psol50.org.br\/rest\/wp\/v2\/posts"}],"about":[{"href":"https:\/\/psol50.org.br\/rest\/wp\/v2\/types\/post"}],"author":[{"embeddable":true,"href":"https:\/\/psol50.org.br\/rest\/wp\/v2\/users\/2"}],"replies":[{"embeddable":true,"href":"https:\/\/psol50.org.br\/rest\/wp\/v2\/comments?post=3106"}],"version-history":[{"count":0,"href":"https:\/\/psol50.org.br\/rest\/wp\/v2\/posts\/3106\/revisions"}],"wp:attachment":[{"href":"https:\/\/psol50.org.br\/rest\/wp\/v2\/media?parent=3106"}],"wp:term":[{"taxonomy":"category","embeddable":true,"href":"https:\/\/psol50.org.br\/rest\/wp\/v2\/categories?post=3106"},{"taxonomy":"post_tag","embeddable":true,"href":"https:\/\/psol50.org.br\/rest\/wp\/v2\/tags?post=3106"}],"curies":[{"name":"wp","href":"https:\/\/api.w.org\/{rel}","templated":true}]}}