{"id":31071,"date":"2020-10-30T17:20:01","date_gmt":"2020-10-30T20:20:01","guid":{"rendered":"https:\/\/psol50.org.br\/?p=31071"},"modified":"2020-10-30T17:20:01","modified_gmt":"2020-10-30T20:20:01","slug":"psol-processa-criminalmente-sikera-junior-da-rede-tv-por-difamacao","status":"publish","type":"post","link":"https:\/\/psol50.org.br\/psol-processa-criminalmente-sikera-junior-da-rede-tv-por-difamacao\/","title":{"rendered":"PSOL processa criminalmente Sik\u00eara J\u00fanior, da Rede TV, por difama\u00e7\u00e3o"},"content":{"rendered":"<p><a href=\"https:\/\/psol50.org.br\/rendajusta\/\" target=\"_blank\" rel=\"noopener noreferrer\"><img loading=\"lazy\" decoding=\"async\" class=\"alignnone size-full wp-image-30552\" src=\"https:\/\/psol50.org.br\/inc\/uploads\/2020\/08\/21-08-2020_LancamentoRendaJusta-2.png\" alt=\"\" width=\"1920\" height=\"383\" srcset=\"https:\/\/psol50.org.br\/inc\/uploads\/2020\/08\/21-08-2020_LancamentoRendaJusta-2.png 1920w, https:\/\/psol50.org.br\/inc\/uploads\/2020\/08\/21-08-2020_LancamentoRendaJusta-2-300x60.png 300w, https:\/\/psol50.org.br\/inc\/uploads\/2020\/08\/21-08-2020_LancamentoRendaJusta-2-1024x204.png 1024w, https:\/\/psol50.org.br\/inc\/uploads\/2020\/08\/21-08-2020_LancamentoRendaJusta-2-768x153.png 768w, https:\/\/psol50.org.br\/inc\/uploads\/2020\/08\/21-08-2020_LancamentoRendaJusta-2-1536x306.png 1536w, https:\/\/psol50.org.br\/inc\/uploads\/2020\/08\/21-08-2020_LancamentoRendaJusta-2-150x30.png 150w, https:\/\/psol50.org.br\/inc\/uploads\/2020\/08\/21-08-2020_LancamentoRendaJusta-2-696x139.png 696w, https:\/\/psol50.org.br\/inc\/uploads\/2020\/08\/21-08-2020_LancamentoRendaJusta-2-1068x213.png 1068w\" sizes=\"auto, (max-width: 1920px) 100vw, 1920px\" \/><\/a><\/p>\n<h5>Partido tamb\u00e9m protocolou uma a\u00e7\u00e3o civil, contra o apresentador, a emissora, o Jornal da Cidade On-line e o Google para que o conte\u00fado deixe de ser veiculado.<\/h5>\n<p>O PSOL entrou, na \u00faltima quarta-feira (28), com uma a\u00e7\u00e3o criminal por difama\u00e7\u00e3o contra o apresentador da Rede TV Sik\u00eara J\u00fanior por causa das declara\u00e7\u00f5es falsas que fez no dia 26 em seu programa na televis\u00e3o. Na ocasi\u00e3o, ele chamou o partido de \u201cbando de ped\u00f3filos\u201d e afirmou, entre outros absurdos, que a legenda entrou com recurso no Supremo Tribunal Federal (STF) para \u201cobrigar o ensino da ideologia de g\u00eanero nas escolas brasileiras\u201d. Tamb\u00e9m foi protocolada uma a\u00e7\u00e3o civil, por repara\u00e7\u00e3o e danos morais, contra o apresentador, a emissora, o Jornal da Cidade On-line e o Google para que o conte\u00fado deixe de ser veiculado na internet e redes sociais (Youtube, Instagram e Twitter).<\/p>\n<p>Muito diferente das mentiras e da desinforma\u00e7\u00e3o propagada por Sik\u00eara J\u00fanior, a A\u00e7\u00e3o Direta de Inconstitucionalidade (ADI) 5668, apoiada por in\u00fameros segmentos sociais e pol\u00edticos, pede que o STF interprete o Plano Nacional de Educa\u00e7\u00e3o (aprovado pela Lei 13.005\/2014) conforme a Constitui\u00e7\u00e3o, alegando que n\u00e3o est\u00e3o contempladas a preven\u00e7\u00e3o e proibi\u00e7\u00e3o do bullying homof\u00f3bico. A vota\u00e7\u00e3o ser\u00e1 realizada pelos ministros do STF no pr\u00f3ximo dia 11 de novembro.<\/p>\n<p>Nas a\u00e7\u00f5es o partido argumenta que uma coisa \u00e9 oposi\u00e7\u00e3o a teses jur\u00eddicas, outra s\u00e3o mentiras, baseadas em atos falsos, que causam a desinforma\u00e7\u00e3o e a confus\u00e3o no espectador, o que \u00e9 antijur\u00eddico, antidemocr\u00e1tico e um crime. \u201cO apresentador cria uma fake news grosseira com o \u00fanico objetivo de ofender a reputa\u00e7\u00e3o do PSOL. Ele e os ve\u00edculos que propagaram as suas declara\u00e7\u00f5es precisam ser responsabilizados com a mesma gravidade das mentiras criadas\u201d, afirma Juliano Medeiros, presidente nacional do PSOL.<\/p>\n<p>Entre os outros absurdos ditos pelo apresentador est\u00e3o que o partido tem \u201ctaras em crian\u00e7as\u201d, que quer acabar com a \u201cfam\u00edlia brasileira\u201d, que pretende trazer a \u201csafadeza\u201d para as escolas e determinar que os banheiros sejam unissex. \u201cTudo isso \u00e9 falso, n\u00e3o tem qualquer rela\u00e7\u00e3o com a ADI 5658\u201d, reafirma o dirigente.<\/p>\n<p>Segundo o presidente do partido, com esse discurso, Sik\u00eara J\u00fanior estimula o \u00f3dio, a intoler\u00e2ncia e a viol\u00eancia contra determinados grupos pol\u00edticos e ideol\u00f3gicos, em especial contra o PSOL. \u201cConforme as elei\u00e7\u00f5es se aproximam e nossos candidatos se destacam nas pesquisas, a divulga\u00e7\u00e3o de fake news tende a aumentar. Essa \u00e9 uma t\u00e1tica j\u00e1 conhecida daqueles que se promovem por meio da mentira e da destrui\u00e7\u00e3o da honra de seus concorrentes. Mas acreditamos na Justi\u00e7a para combat\u00ea-las e n\u00e3o pouparemos esfor\u00e7os para responsabilizar seus autores e restabelecer a verdade\u201d, conclui Medeiros.<\/p>\n<p><a href=\"https:\/\/impeachmentpopular.com.br\/\" target=\"_blank\" rel=\"noopener noreferrer\"><img loading=\"lazy\" decoding=\"async\" class=\"alignnone size-full wp-image-29118\" src=\"https:\/\/psol50.org.br\/inc\/uploads\/2020\/05\/Email_Impeachment.png\" alt=\"\" width=\"1080\" height=\"250\" srcset=\"https:\/\/psol50.org.br\/inc\/uploads\/2020\/05\/Email_Impeachment.png 1080w, https:\/\/psol50.org.br\/inc\/uploads\/2020\/05\/Email_Impeachment-300x69.png 300w, https:\/\/psol50.org.br\/inc\/uploads\/2020\/05\/Email_Impeachment-1024x237.png 1024w, https:\/\/psol50.org.br\/inc\/uploads\/2020\/05\/Email_Impeachment-768x178.png 768w, https:\/\/psol50.org.br\/inc\/uploads\/2020\/05\/Email_Impeachment-150x35.png 150w, https:\/\/psol50.org.br\/inc\/uploads\/2020\/05\/Email_Impeachment-696x161.png 696w, https:\/\/psol50.org.br\/inc\/uploads\/2020\/05\/Email_Impeachment-1068x247.png 1068w\" sizes=\"auto, (max-width: 1080px) 100vw, 1080px\" \/><\/a><\/p>\n","protected":false},"excerpt":{"rendered":"<p>Partido tamb\u00e9m protocolou uma a\u00e7\u00e3o civil, contra o apresentador, a emissora, o Jornal da Cidade On-line e o Google para que o conte\u00fado deixe de ser veiculado. O PSOL entrou, na \u00faltima quarta-feira (28), com uma a\u00e7\u00e3o criminal por difama\u00e7\u00e3o contra o apresentador da Rede TV Sik\u00eara J\u00fanior por causa das declara\u00e7\u00f5es falsas que fez [&hellip;]<\/p>\n","protected":false},"author":2,"featured_media":31072,"comment_status":"closed","ping_status":"open","sticky":false,"template":"","format":"standard","meta":{"_acf_changed":false,"footnotes":""},"categories":[6,14],"tags":[1234,1093,338,1225,981,22,1226,1227],"class_list":{"0":"post-31071","1":"post","2":"type-post","3":"status-publish","4":"format-standard","5":"has-post-thumbnail","7":"category-noticias","8":"category-partido","9":"tag-apresentador","10":"tag-criancas","11":"tag-fake-news","12":"tag-ideologia-de-genero","13":"tag-pedofilia","14":"tag-psol","15":"tag-redetv","16":"tag-sikera-jr"},"acf":[],"yoast_head":"<!-- This site is optimized with the Yoast SEO plugin v26.5 - https:\/\/yoast.com\/wordpress\/plugins\/seo\/ -->\n<title>PSOL processa criminalmente Sik\u00eara J\u00fanior, da Rede TV, por difama\u00e7\u00e3o<\/title>\n<meta name=\"description\" content=\"Partido tamb\u00e9m protocolou a\u00e7\u00e3o contra o apresentador, a emissora, o Jornal da Cidade On-line e o Google para que o conte\u00fado saia do ar.\" \/>\n<meta name=\"robots\" content=\"index, follow, max-snippet:-1, max-image-preview:large, max-video-preview:-1\" \/>\n<link rel=\"canonical\" href=\"https:\/\/psol50.org.br\/psol-processa-criminalmente-sikera-junior-da-rede-tv-por-difamacao\/\" \/>\n<meta property=\"og:locale\" content=\"pt_BR\" \/>\n<meta property=\"og:type\" content=\"article\" \/>\n<meta property=\"og:title\" content=\"PSOL processa criminalmente Sik\u00eara J\u00fanior, da Rede TV, por difama\u00e7\u00e3o\" \/>\n<meta property=\"og:description\" content=\"Partido tamb\u00e9m protocolou a\u00e7\u00e3o contra o apresentador, a emissora, o Jornal da Cidade On-line e o Google para que o conte\u00fado saia do ar.\" \/>\n<meta property=\"og:url\" content=\"https:\/\/psol50.org.br\/psol-processa-criminalmente-sikera-junior-da-rede-tv-por-difamacao\/\" \/>\n<meta property=\"og:site_name\" content=\"PSOL 50\" \/>\n<meta property=\"article:publisher\" content=\"https:\/\/www.facebook.com\/psol50\" \/>\n<meta property=\"article:published_time\" content=\"2020-10-30T20:20:01+00:00\" \/>\n<meta property=\"og:image\" content=\"https:\/\/psol50.org.br\/inc\/uploads\/2020\/10\/sikera.png\" \/>\n\t<meta property=\"og:image:width\" content=\"721\" \/>\n\t<meta property=\"og:image:height\" content=\"405\" \/>\n\t<meta property=\"og:image:type\" content=\"image\/png\" \/>\n<meta name=\"author\" content=\"Comunica\u00e7\u00e3o PSOL\" \/>\n<meta name=\"twitter:card\" content=\"summary_large_image\" \/>\n<meta name=\"twitter:title\" content=\"PSOL processa criminalmente Sik\u00eara J\u00fanior, da Rede TV, por difama\u00e7\u00e3o\" \/>\n<meta name=\"twitter:description\" content=\"Partido tamb\u00e9m protocolou a\u00e7\u00e3o contra o apresentador, a emissora, o Jornal da Cidade On-line e o Google para que o conte\u00fado saia do ar.\" \/>\n<meta name=\"twitter:image\" content=\"https:\/\/psol50.org.br\/inc\/uploads\/2020\/10\/sikera.png\" \/>\n<meta name=\"twitter:creator\" content=\"@psol50\" \/>\n<meta name=\"twitter:site\" content=\"@psol50\" \/>\n<meta name=\"twitter:label1\" content=\"Escrito por\" \/>\n\t<meta name=\"twitter:data1\" content=\"Comunica\u00e7\u00e3o PSOL\" \/>\n\t<meta name=\"twitter:label2\" content=\"Est. tempo de leitura\" \/>\n\t<meta name=\"twitter:data2\" content=\"2 minutos\" \/>\n<script type=\"application\/ld+json\" class=\"yoast-schema-graph\">{\"@context\":\"https:\/\/schema.org\",\"@graph\":[{\"@type\":\"Article\",\"@id\":\"https:\/\/psol50.org.br\/psol-processa-criminalmente-sikera-junior-da-rede-tv-por-difamacao\/#article\",\"isPartOf\":{\"@id\":\"https:\/\/psol50.org.br\/psol-processa-criminalmente-sikera-junior-da-rede-tv-por-difamacao\/\"},\"author\":{\"name\":\"Comunica\u00e7\u00e3o PSOL\",\"@id\":\"https:\/\/psol50.org.br\/#\/schema\/person\/475dfa57d0b815993c714c2e96491fcd\"},\"headline\":\"PSOL processa criminalmente Sik\u00eara J\u00fanior, da Rede TV, por difama\u00e7\u00e3o\",\"datePublished\":\"2020-10-30T20:20:01+00:00\",\"mainEntityOfPage\":{\"@id\":\"https:\/\/psol50.org.br\/psol-processa-criminalmente-sikera-junior-da-rede-tv-por-difamacao\/\"},\"wordCount\":496,\"publisher\":{\"@id\":\"https:\/\/psol50.org.br\/#organization\"},\"image\":{\"@id\":\"https:\/\/psol50.org.br\/psol-processa-criminalmente-sikera-junior-da-rede-tv-por-difamacao\/#primaryimage\"},\"thumbnailUrl\":\"https:\/\/psol50.org.br\/inc\/uploads\/2020\/10\/sikera.png\",\"keywords\":[\"apresentador\",\"crian\u00e7as\",\"fake news\",\"ideologia de g\u00eanero\",\"pedofilia\",\"PSOL\",\"RedeTV!\",\"sik\u00eara jr\"],\"articleSection\":[\"Not\u00edcias\",\"Partido\"],\"inLanguage\":\"pt-BR\"},{\"@type\":\"WebPage\",\"@id\":\"https:\/\/psol50.org.br\/psol-processa-criminalmente-sikera-junior-da-rede-tv-por-difamacao\/\",\"url\":\"https:\/\/psol50.org.br\/psol-processa-criminalmente-sikera-junior-da-rede-tv-por-difamacao\/\",\"name\":\"PSOL processa criminalmente Sik\u00eara J\u00fanior, da Rede TV, por difama\u00e7\u00e3o\",\"isPartOf\":{\"@id\":\"https:\/\/psol50.org.br\/#website\"},\"primaryImageOfPage\":{\"@id\":\"https:\/\/psol50.org.br\/psol-processa-criminalmente-sikera-junior-da-rede-tv-por-difamacao\/#primaryimage\"},\"image\":{\"@id\":\"https:\/\/psol50.org.br\/psol-processa-criminalmente-sikera-junior-da-rede-tv-por-difamacao\/#primaryimage\"},\"thumbnailUrl\":\"https:\/\/psol50.org.br\/inc\/uploads\/2020\/10\/sikera.png\",\"datePublished\":\"2020-10-30T20:20:01+00:00\",\"description\":\"Partido tamb\u00e9m protocolou a\u00e7\u00e3o contra o apresentador, a emissora, o Jornal da Cidade On-line e o Google para que o conte\u00fado saia do ar.\",\"breadcrumb\":{\"@id\":\"https:\/\/psol50.org.br\/psol-processa-criminalmente-sikera-junior-da-rede-tv-por-difamacao\/#breadcrumb\"},\"inLanguage\":\"pt-BR\",\"potentialAction\":[{\"@type\":\"ReadAction\",\"target\":[\"https:\/\/psol50.org.br\/psol-processa-criminalmente-sikera-junior-da-rede-tv-por-difamacao\/\"]}]},{\"@type\":\"ImageObject\",\"inLanguage\":\"pt-BR\",\"@id\":\"https:\/\/psol50.org.br\/psol-processa-criminalmente-sikera-junior-da-rede-tv-por-difamacao\/#primaryimage\",\"url\":\"https:\/\/psol50.org.br\/inc\/uploads\/2020\/10\/sikera.png\",\"contentUrl\":\"https:\/\/psol50.org.br\/inc\/uploads\/2020\/10\/sikera.png\",\"width\":721,\"height\":405},{\"@type\":\"BreadcrumbList\",\"@id\":\"https:\/\/psol50.org.br\/psol-processa-criminalmente-sikera-junior-da-rede-tv-por-difamacao\/#breadcrumb\",\"itemListElement\":[{\"@type\":\"ListItem\",\"position\":1,\"name\":\"In\u00edcio\",\"item\":\"https:\/\/psol50.org.br\/\"},{\"@type\":\"ListItem\",\"position\":2,\"name\":\"PSOL processa criminalmente Sik\u00eara J\u00fanior, da Rede TV, por difama\u00e7\u00e3o\"}]},{\"@type\":\"WebSite\",\"@id\":\"https:\/\/psol50.org.br\/#website\",\"url\":\"https:\/\/psol50.org.br\/\",\"name\":\"PSOL 50\",\"description\":\"Site oficial do Partido Socialismo e Liberdade\",\"publisher\":{\"@id\":\"https:\/\/psol50.org.br\/#organization\"},\"alternateName\":\"PSOL50\",\"potentialAction\":[{\"@type\":\"SearchAction\",\"target\":{\"@type\":\"EntryPoint\",\"urlTemplate\":\"https:\/\/psol50.org.br\/?s={search_term_string}\"},\"query-input\":{\"@type\":\"PropertyValueSpecification\",\"valueRequired\":true,\"valueName\":\"search_term_string\"}}],\"inLanguage\":\"pt-BR\"},{\"@type\":\"Organization\",\"@id\":\"https:\/\/psol50.org.br\/#organization\",\"name\":\"PSOL 50\",\"alternateName\":\"PSOL 50\",\"url\":\"https:\/\/psol50.org.br\/\",\"logo\":{\"@type\":\"ImageObject\",\"inLanguage\":\"pt-BR\",\"@id\":\"https:\/\/psol50.org.br\/#\/schema\/logo\/image\/\",\"url\":\"https:\/\/psol50.org.br\/inc\/uploads\/2018\/07\/capa.png\",\"contentUrl\":\"https:\/\/psol50.org.br\/inc\/uploads\/2018\/07\/capa.png\",\"width\":1350,\"height\":900,\"caption\":\"PSOL 50\"},\"image\":{\"@id\":\"https:\/\/psol50.org.br\/#\/schema\/logo\/image\/\"},\"sameAs\":[\"https:\/\/www.facebook.com\/psol50\",\"https:\/\/x.com\/psol50\",\"https:\/\/www.instagram.com\/psol50\/\",\"https:\/\/www.youtube.com\/channel\/UC7SnJS5o1os7a6CaiNabzcg\"]},{\"@type\":\"Person\",\"@id\":\"https:\/\/psol50.org.br\/#\/schema\/person\/475dfa57d0b815993c714c2e96491fcd\",\"name\":\"Comunica\u00e7\u00e3o PSOL\",\"image\":{\"@type\":\"ImageObject\",\"inLanguage\":\"pt-BR\",\"@id\":\"https:\/\/psol50.org.br\/#\/schema\/person\/image\/\",\"url\":\"https:\/\/secure.gravatar.com\/avatar\/b34fc4f4e468a4e51785917065a3db57b841f5c95dba6ad8c73aaf8f66f8f9bf?s=96&d=mm&r=g\",\"contentUrl\":\"https:\/\/secure.gravatar.com\/avatar\/b34fc4f4e468a4e51785917065a3db57b841f5c95dba6ad8c73aaf8f66f8f9bf?s=96&d=mm&r=g\",\"caption\":\"Comunica\u00e7\u00e3o PSOL\"}}]}<\/script>\n<!-- \/ Yoast SEO plugin. -->","yoast_head_json":{"title":"PSOL processa criminalmente Sik\u00eara J\u00fanior, da Rede TV, por difama\u00e7\u00e3o","description":"Partido tamb\u00e9m protocolou a\u00e7\u00e3o contra o apresentador, a emissora, o Jornal da Cidade On-line e o Google para que o conte\u00fado saia do ar.","robots":{"index":"index","follow":"follow","max-snippet":"max-snippet:-1","max-image-preview":"max-image-preview:large","max-video-preview":"max-video-preview:-1"},"canonical":"https:\/\/psol50.org.br\/psol-processa-criminalmente-sikera-junior-da-rede-tv-por-difamacao\/","og_locale":"pt_BR","og_type":"article","og_title":"PSOL processa criminalmente Sik\u00eara J\u00fanior, da Rede TV, por difama\u00e7\u00e3o","og_description":"Partido tamb\u00e9m protocolou a\u00e7\u00e3o contra o apresentador, a emissora, o Jornal da Cidade On-line e o Google para que o conte\u00fado saia do ar.","og_url":"https:\/\/psol50.org.br\/psol-processa-criminalmente-sikera-junior-da-rede-tv-por-difamacao\/","og_site_name":"PSOL 50","article_publisher":"https:\/\/www.facebook.com\/psol50","article_published_time":"2020-10-30T20:20:01+00:00","og_image":[{"width":721,"height":405,"url":"https:\/\/psol50.org.br\/inc\/uploads\/2020\/10\/sikera.png","type":"image\/png"}],"author":"Comunica\u00e7\u00e3o PSOL","twitter_card":"summary_large_image","twitter_title":"PSOL processa criminalmente Sik\u00eara J\u00fanior, da Rede TV, por difama\u00e7\u00e3o","twitter_description":"Partido tamb\u00e9m protocolou a\u00e7\u00e3o contra o apresentador, a emissora, o Jornal da Cidade On-line e o Google para que o conte\u00fado saia do ar.","twitter_image":"https:\/\/psol50.org.br\/inc\/uploads\/2020\/10\/sikera.png","twitter_creator":"@psol50","twitter_site":"@psol50","twitter_misc":{"Escrito por":"Comunica\u00e7\u00e3o PSOL","Est. tempo de leitura":"2 minutos"},"schema":{"@context":"https:\/\/schema.org","@graph":[{"@type":"Article","@id":"https:\/\/psol50.org.br\/psol-processa-criminalmente-sikera-junior-da-rede-tv-por-difamacao\/#article","isPartOf":{"@id":"https:\/\/psol50.org.br\/psol-processa-criminalmente-sikera-junior-da-rede-tv-por-difamacao\/"},"author":{"name":"Comunica\u00e7\u00e3o PSOL","@id":"https:\/\/psol50.org.br\/#\/schema\/person\/475dfa57d0b815993c714c2e96491fcd"},"headline":"PSOL processa criminalmente Sik\u00eara J\u00fanior, da Rede TV, por difama\u00e7\u00e3o","datePublished":"2020-10-30T20:20:01+00:00","mainEntityOfPage":{"@id":"https:\/\/psol50.org.br\/psol-processa-criminalmente-sikera-junior-da-rede-tv-por-difamacao\/"},"wordCount":496,"publisher":{"@id":"https:\/\/psol50.org.br\/#organization"},"image":{"@id":"https:\/\/psol50.org.br\/psol-processa-criminalmente-sikera-junior-da-rede-tv-por-difamacao\/#primaryimage"},"thumbnailUrl":"https:\/\/psol50.org.br\/inc\/uploads\/2020\/10\/sikera.png","keywords":["apresentador","crian\u00e7as","fake news","ideologia de g\u00eanero","pedofilia","PSOL","RedeTV!","sik\u00eara jr"],"articleSection":["Not\u00edcias","Partido"],"inLanguage":"pt-BR"},{"@type":"WebPage","@id":"https:\/\/psol50.org.br\/psol-processa-criminalmente-sikera-junior-da-rede-tv-por-difamacao\/","url":"https:\/\/psol50.org.br\/psol-processa-criminalmente-sikera-junior-da-rede-tv-por-difamacao\/","name":"PSOL processa criminalmente Sik\u00eara J\u00fanior, da Rede TV, por difama\u00e7\u00e3o","isPartOf":{"@id":"https:\/\/psol50.org.br\/#website"},"primaryImageOfPage":{"@id":"https:\/\/psol50.org.br\/psol-processa-criminalmente-sikera-junior-da-rede-tv-por-difamacao\/#primaryimage"},"image":{"@id":"https:\/\/psol50.org.br\/psol-processa-criminalmente-sikera-junior-da-rede-tv-por-difamacao\/#primaryimage"},"thumbnailUrl":"https:\/\/psol50.org.br\/inc\/uploads\/2020\/10\/sikera.png","datePublished":"2020-10-30T20:20:01+00:00","description":"Partido tamb\u00e9m protocolou a\u00e7\u00e3o contra o apresentador, a emissora, o Jornal da Cidade On-line e o Google para que o conte\u00fado saia do ar.","breadcrumb":{"@id":"https:\/\/psol50.org.br\/psol-processa-criminalmente-sikera-junior-da-rede-tv-por-difamacao\/#breadcrumb"},"inLanguage":"pt-BR","potentialAction":[{"@type":"ReadAction","target":["https:\/\/psol50.org.br\/psol-processa-criminalmente-sikera-junior-da-rede-tv-por-difamacao\/"]}]},{"@type":"ImageObject","inLanguage":"pt-BR","@id":"https:\/\/psol50.org.br\/psol-processa-criminalmente-sikera-junior-da-rede-tv-por-difamacao\/#primaryimage","url":"https:\/\/psol50.org.br\/inc\/uploads\/2020\/10\/sikera.png","contentUrl":"https:\/\/psol50.org.br\/inc\/uploads\/2020\/10\/sikera.png","width":721,"height":405},{"@type":"BreadcrumbList","@id":"https:\/\/psol50.org.br\/psol-processa-criminalmente-sikera-junior-da-rede-tv-por-difamacao\/#breadcrumb","itemListElement":[{"@type":"ListItem","position":1,"name":"In\u00edcio","item":"https:\/\/psol50.org.br\/"},{"@type":"ListItem","position":2,"name":"PSOL processa criminalmente Sik\u00eara J\u00fanior, da Rede TV, por difama\u00e7\u00e3o"}]},{"@type":"WebSite","@id":"https:\/\/psol50.org.br\/#website","url":"https:\/\/psol50.org.br\/","name":"PSOL 50","description":"Site oficial do Partido Socialismo e Liberdade","publisher":{"@id":"https:\/\/psol50.org.br\/#organization"},"alternateName":"PSOL50","potentialAction":[{"@type":"SearchAction","target":{"@type":"EntryPoint","urlTemplate":"https:\/\/psol50.org.br\/?s={search_term_string}"},"query-input":{"@type":"PropertyValueSpecification","valueRequired":true,"valueName":"search_term_string"}}],"inLanguage":"pt-BR"},{"@type":"Organization","@id":"https:\/\/psol50.org.br\/#organization","name":"PSOL 50","alternateName":"PSOL 50","url":"https:\/\/psol50.org.br\/","logo":{"@type":"ImageObject","inLanguage":"pt-BR","@id":"https:\/\/psol50.org.br\/#\/schema\/logo\/image\/","url":"https:\/\/psol50.org.br\/inc\/uploads\/2018\/07\/capa.png","contentUrl":"https:\/\/psol50.org.br\/inc\/uploads\/2018\/07\/capa.png","width":1350,"height":900,"caption":"PSOL 50"},"image":{"@id":"https:\/\/psol50.org.br\/#\/schema\/logo\/image\/"},"sameAs":["https:\/\/www.facebook.com\/psol50","https:\/\/x.com\/psol50","https:\/\/www.instagram.com\/psol50\/","https:\/\/www.youtube.com\/channel\/UC7SnJS5o1os7a6CaiNabzcg"]},{"@type":"Person","@id":"https:\/\/psol50.org.br\/#\/schema\/person\/475dfa57d0b815993c714c2e96491fcd","name":"Comunica\u00e7\u00e3o PSOL","image":{"@type":"ImageObject","inLanguage":"pt-BR","@id":"https:\/\/psol50.org.br\/#\/schema\/person\/image\/","url":"https:\/\/secure.gravatar.com\/avatar\/b34fc4f4e468a4e51785917065a3db57b841f5c95dba6ad8c73aaf8f66f8f9bf?s=96&d=mm&r=g","contentUrl":"https:\/\/secure.gravatar.com\/avatar\/b34fc4f4e468a4e51785917065a3db57b841f5c95dba6ad8c73aaf8f66f8f9bf?s=96&d=mm&r=g","caption":"Comunica\u00e7\u00e3o PSOL"}}]}},"_links":{"self":[{"href":"https:\/\/psol50.org.br\/rest\/wp\/v2\/posts\/31071","targetHints":{"allow":["GET"]}}],"collection":[{"href":"https:\/\/psol50.org.br\/rest\/wp\/v2\/posts"}],"about":[{"href":"https:\/\/psol50.org.br\/rest\/wp\/v2\/types\/post"}],"author":[{"embeddable":true,"href":"https:\/\/psol50.org.br\/rest\/wp\/v2\/users\/2"}],"replies":[{"embeddable":true,"href":"https:\/\/psol50.org.br\/rest\/wp\/v2\/comments?post=31071"}],"version-history":[{"count":0,"href":"https:\/\/psol50.org.br\/rest\/wp\/v2\/posts\/31071\/revisions"}],"wp:featuredmedia":[{"embeddable":true,"href":"https:\/\/psol50.org.br\/rest\/wp\/v2\/media\/31072"}],"wp:attachment":[{"href":"https:\/\/psol50.org.br\/rest\/wp\/v2\/media?parent=31071"}],"wp:term":[{"taxonomy":"category","embeddable":true,"href":"https:\/\/psol50.org.br\/rest\/wp\/v2\/categories?post=31071"},{"taxonomy":"post_tag","embeddable":true,"href":"https:\/\/psol50.org.br\/rest\/wp\/v2\/tags?post=31071"}],"curies":[{"name":"wp","href":"https:\/\/api.w.org\/{rel}","templated":true}]}}