{"id":31111,"date":"2020-11-09T12:43:29","date_gmt":"2020-11-09T15:43:29","guid":{"rendered":"https:\/\/psol50.org.br\/?p=31111"},"modified":"2020-11-09T12:43:29","modified_gmt":"2020-11-09T15:43:29","slug":"da-mare-para-o-mundo-vote-em-quem-sempre-esteve-do-seu-lado-vote-renata-souza-50-para-prefeita-do-rio","status":"publish","type":"post","link":"https:\/\/psol50.org.br\/da-mare-para-o-mundo-vote-em-quem-sempre-esteve-do-seu-lado-vote-renata-souza-50-para-prefeita-do-rio\/","title":{"rendered":"Da Mar\u00e9 para o mundo: Vote em quem sempre esteve do seu lado. Vote Renata Souza 50 para prefeita do Rio"},"content":{"rendered":"<p><a href=\"https:\/\/psol50.org.br\/rendajusta\/\" target=\"_blank\" rel=\"noopener noreferrer\"><img loading=\"lazy\" decoding=\"async\" class=\"alignnone size-full wp-image-30552\" src=\"https:\/\/psol50.org.br\/inc\/uploads\/2020\/08\/21-08-2020_LancamentoRendaJusta-2.png\" alt=\"\" width=\"1920\" height=\"383\" srcset=\"https:\/\/psol50.org.br\/inc\/uploads\/2020\/08\/21-08-2020_LancamentoRendaJusta-2.png 1920w, https:\/\/psol50.org.br\/inc\/uploads\/2020\/08\/21-08-2020_LancamentoRendaJusta-2-300x60.png 300w, https:\/\/psol50.org.br\/inc\/uploads\/2020\/08\/21-08-2020_LancamentoRendaJusta-2-1024x204.png 1024w, https:\/\/psol50.org.br\/inc\/uploads\/2020\/08\/21-08-2020_LancamentoRendaJusta-2-768x153.png 768w, https:\/\/psol50.org.br\/inc\/uploads\/2020\/08\/21-08-2020_LancamentoRendaJusta-2-1536x306.png 1536w, https:\/\/psol50.org.br\/inc\/uploads\/2020\/08\/21-08-2020_LancamentoRendaJusta-2-150x30.png 150w, https:\/\/psol50.org.br\/inc\/uploads\/2020\/08\/21-08-2020_LancamentoRendaJusta-2-696x139.png 696w, https:\/\/psol50.org.br\/inc\/uploads\/2020\/08\/21-08-2020_LancamentoRendaJusta-2-1068x213.png 1068w\" sizes=\"auto, (max-width: 1920px) 100vw, 1920px\" \/><\/a><\/p>\n<p>No pr\u00f3ximo dia 15 de novembro a cidade do Rio de Janeiro vai \u00e0s urnas escolher seu novo prefeito ou prefeita. Depois de quatro anos tr\u00e1gicos com Marcelo Crivella \u00e0 frente da Prefeitura, o Rio de Janeiro tem a chance de eleger pela primeira vez uma cria da favela da Mar\u00e9 para o cargo mais importante da cidade. Uma candidata que esteve ao lado das lutas mais importantes do povo carioca nos \u00faltimos dez anos e nunca esteve ao lado de S\u00e9rgio Cabral e outros bandidos da pol\u00edtica carioca. Ela \u00e9 Renata Souza e o n\u00famero dela \u00e9 50!<\/p>\n<p>Renata Souza nasceu e cresceu na favela da Mar\u00e9, filha de Dona Jorgelita, costureira e dona de casa, e Antonio Carlos, torneiro mec\u00e2nico. Fez pr\u00e9-vestibular comunit\u00e1rio, se formou em jornalismo, trabalhou por 10 anos com Marcelo Freixo e Marielle Franco e hoje \u00e9 deputada estadual eleita com 63 mil votos e presidenta da Comiss\u00e3o de Direitos Humanos da Assembleia Legislativa do Rio de Janeiro, cargo j\u00e1 ocupado por Marcelo Freixo.<\/p>\n<blockquote class=\"twitter-tweet\" data-width=\"550\" data-dnt=\"true\">\n<p lang=\"pt\" dir=\"ltr\">clipe oficial Jingle <a href=\"https:\/\/twitter.com\/hashtag\/RenataSouza50?src=hash&amp;ref_src=twsrc%5Etfw\">#RenataSouza50<\/a> com a Rainha do Funk <a href=\"https:\/\/twitter.com\/TatiQBOficial?ref_src=twsrc%5Etfw\">@TatiQBOficial<\/a> dando o papo reto: <a href=\"https:\/\/t.co\/UEdqap5bcj\">pic.twitter.com\/UEdqap5bcj<\/a><\/p>\n<p>&mdash; Renata Souza (@renatasouzario) <a href=\"https:\/\/twitter.com\/renatasouzario\/status\/1319385985571000323?ref_src=twsrc%5Etfw\">October 22, 2020<\/a><\/p><\/blockquote>\n<p><script async src=\"https:\/\/platform.twitter.com\/widgets.js\" charset=\"utf-8\"><\/script><\/p>\n<p>\u00c9 importante ressaltar tamb\u00e9m o papel hist\u00f3rico do PSOL na pol\u00edtica carioca. O partido esteve \u00e0 frente das CPIs das Mil\u00edcias, dos \u00d4nibus e das Enchentes! \u00c9 o partido que nunca esteve ao lado de Eduardo Paes, Pez\u00e3o, Cabral ou Garotinho e sempre em defesa dos cariocas.<\/p>\n<p>Como diz o pastor Henrique Vieira, a candidatura de Renata Souza \u00e9 \u201cuma campanha que desafia as estruturas de poder, uma campanha que \u00e9 antirracista na sua representatividade, no seu m\u00e9todo, no seu programa de cidade. Uma campanha que \u00e9 fruto de um projeto coletivo que nunca esteve ao lado do Cabral e do Eduardo Paes e que tem independ\u00eancia \u00e9tica, coer\u00eancia hist\u00f3rica para enfrentar essa estrutura de poder, para ganhar essa cidade para uma verdadeira democracia&#8221;.<\/p>\n<blockquote class=\"twitter-tweet\" data-width=\"550\" data-dnt=\"true\">\n<p lang=\"pt\" dir=\"ltr\">Nossas vozes ecoam, aqui na Cinel\u00e2ndia e por todo o pa\u00eds, pedindo <a href=\"https:\/\/twitter.com\/hashtag\/Justi%C3%A7aporMariFerrer?src=hash&amp;ref_src=twsrc%5Etfw\">#Justi\u00e7aporMariFerrer<\/a> e por cada uma de n\u00f3s. Feminismo \u00e9 revolu\u00e7\u00e3o e juntas vamos mais longe. Uma leva a outra sempre! Todas por todas!<a href=\"https:\/\/twitter.com\/hashtag\/CoragemParaMudar?src=hash&amp;ref_src=twsrc%5Etfw\">#CoragemParaMudar<\/a><a href=\"https:\/\/twitter.com\/hashtag\/RenataSouza50?src=hash&amp;ref_src=twsrc%5Etfw\">#RenataSouza50<\/a> <a href=\"https:\/\/t.co\/h6HoeAFNoJ\">pic.twitter.com\/h6HoeAFNoJ<\/a><\/p>\n<p>&mdash; Renata Souza (@renatasouzario) <a href=\"https:\/\/twitter.com\/renatasouzario\/status\/1325513685289332741?ref_src=twsrc%5Etfw\">November 8, 2020<\/a><\/p><\/blockquote>\n<p><script async src=\"https:\/\/platform.twitter.com\/widgets.js\" charset=\"utf-8\"><\/script><\/p>\n<h5>PSOL no Rio de Janeiro \u00e9 partido de chegada<\/h5>\n<p>N\u00e3o se esque\u00e7a que no Rio de Janeiro o PSOL \u00e9 o partido mais forte e mais enraizado na popula\u00e7\u00e3o de todo o campo da esquerda carioca. Mais que isso, no Rio o PSOL \u00e9 um partido de chegada. Em 2016, a 20 dias do 1\u00b0 turno, o Ibope dava Freixo com 9%. Na v\u00e9spera da elei\u00e7\u00e3o, 12%. Ele obteve 18% nas urnas. Em 2014, o Ibope dava 5% para o Tarc\u00edsio. Ele terminou com 9%, praticamente o dobro. O PSOL tem milit\u00e2ncia, tem base eleitoral, j\u00e1 obteve 28% dos votos em 2012 e chegou ao segundo turno em 2016, nas \u00faltimas elei\u00e7\u00f5es municipais. Pode chegar em 2020 tamb\u00e9m, s\u00f3 depende de <strong><a href=\"https:\/\/www.viravoto50.com.br\/\" target=\"_blank\" rel=\"noopener noreferrer\">cada um de n\u00f3s virar 5 votos para o 50<\/a><\/strong>.<\/p>\n<p>No Rio de Janeiro, para combater o projeto fundamentalista de Marcelo Crivella, Wilson Witzel e companhia, n\u00e3o tem erro: \u00e9 Renata Souza 50. Chegou a vez de uma cria da Mar\u00e9 chegar na Prefeitura do Rio de Janeiro!<\/p>\n<blockquote class=\"twitter-tweet\" data-width=\"550\" data-dnt=\"true\">\n<p lang=\"pt\" dir=\"ltr\">Se voc\u00ea \u00e9 do Rio de Janeiro, voc\u00ea conhece o PSOL. O partido que sempre combateu Cabral, Paes, Pez\u00e3o, Crivella, Witzel e companhia. Sempre nos encontramos nas ruas. Agora vamos nos encontrar nas urnas. Vote <a href=\"https:\/\/twitter.com\/renatasouzario?ref_src=twsrc%5Etfw\">@renatasouzario<\/a> para prefeita do Rio. Vote 50! <a href=\"https:\/\/t.co\/ICzmvNZQmX\">pic.twitter.com\/ICzmvNZQmX<\/a><\/p>\n<p>&mdash; PSOL 50 (@psol50) <a href=\"https:\/\/twitter.com\/psol50\/status\/1325831577281191936?ref_src=twsrc%5Etfw\">November 9, 2020<\/a><\/p><\/blockquote>\n<p><script async src=\"https:\/\/platform.twitter.com\/widgets.js\" charset=\"utf-8\"><\/script><\/p>\n<h6><strong>Redes da Renata<\/strong><\/h6>\n<p><strong><a href=\"https:\/\/www.facebook.com\/RenataSouzaPSOL\" target=\"_blank\" rel=\"noopener noreferrer\">Facebook<\/a><\/strong><br \/>\n<strong><a href=\"https:\/\/twitter.com\/renatasouzario\" target=\"_blank\" rel=\"noopener noreferrer\">Twitter<\/a><\/strong><br \/>\n<strong><a href=\"https:\/\/www.instagram.com\/renatasouzario\/\" target=\"_blank\" rel=\"noopener noreferrer\">Instagram<\/a><\/strong><br \/>\n<strong><a href=\"https:\/\/www.tiktok.com\/@renatasouzario\" target=\"_blank\" rel=\"noopener noreferrer\">TikTok<\/a><\/strong><br \/>\n<strong><a href=\"https:\/\/www.youtube.com\/channel\/UC9HjU7ud0tPNTVLz-Bd3XRQ\" target=\"_blank\" rel=\"noopener noreferrer\">YouTube<\/a><\/strong><\/p>\n<p><a href=\"https:\/\/impeachmentpopular.com.br\/\" target=\"_blank\" rel=\"noopener noreferrer\"><img loading=\"lazy\" decoding=\"async\" class=\"alignnone size-full wp-image-29118\" src=\"https:\/\/psol50.org.br\/inc\/uploads\/2020\/05\/Email_Impeachment.png\" alt=\"\" width=\"1080\" height=\"250\" srcset=\"https:\/\/psol50.org.br\/inc\/uploads\/2020\/05\/Email_Impeachment.png 1080w, https:\/\/psol50.org.br\/inc\/uploads\/2020\/05\/Email_Impeachment-300x69.png 300w, https:\/\/psol50.org.br\/inc\/uploads\/2020\/05\/Email_Impeachment-1024x237.png 1024w, https:\/\/psol50.org.br\/inc\/uploads\/2020\/05\/Email_Impeachment-768x178.png 768w, https:\/\/psol50.org.br\/inc\/uploads\/2020\/05\/Email_Impeachment-150x35.png 150w, https:\/\/psol50.org.br\/inc\/uploads\/2020\/05\/Email_Impeachment-696x161.png 696w, https:\/\/psol50.org.br\/inc\/uploads\/2020\/05\/Email_Impeachment-1068x247.png 1068w\" sizes=\"auto, (max-width: 1080px) 100vw, 1080px\" \/><\/a><\/p>\n","protected":false},"excerpt":{"rendered":"<p>No pr\u00f3ximo dia 15 de novembro a cidade do Rio de Janeiro vai \u00e0s urnas escolher seu novo prefeito ou prefeita. Depois de quatro anos tr\u00e1gicos com Marcelo Crivella \u00e0 frente da Prefeitura, o Rio de Janeiro tem a chance de eleger pela primeira vez uma cria da favela da Mar\u00e9 para o cargo mais [&hellip;]<\/p>\n","protected":false},"author":2,"featured_media":31112,"comment_status":"closed","ping_status":"open","sticky":false,"template":"","format":"standard","meta":{"_acf_changed":false,"footnotes":""},"categories":[6],"tags":[204,343,1186,8,307,162,729],"class_list":{"0":"post-31111","1":"post","2":"type-post","3":"status-publish","4":"format-standard","5":"has-post-thumbnail","7":"category-noticias","8":"tag-204","9":"tag-eleicoes","10":"tag-prefeita","11":"tag-renata-souza","12":"tag-rio","13":"tag-rio-de-janeiro","14":"tag-rj"},"acf":[],"yoast_head":"<!-- This site is optimized with the Yoast SEO plugin v26.5 - https:\/\/yoast.com\/wordpress\/plugins\/seo\/ -->\n<title>Da Mar\u00e9 para o mundo: Vote em quem sempre esteve do seu lado. Vote Renata Souza 50 para prefeita do Rio<\/title>\n<meta name=\"description\" content=\"Esteve ao lado das lutas mais importantes do povo carioca e nunca esteve ao lado de Cabral e outros bandidos da pol\u00edtica carioca.\" \/>\n<meta name=\"robots\" content=\"index, follow, max-snippet:-1, max-image-preview:large, max-video-preview:-1\" \/>\n<link rel=\"canonical\" href=\"https:\/\/psol50.org.br\/da-mare-para-o-mundo-vote-em-quem-sempre-esteve-do-seu-lado-vote-renata-souza-50-para-prefeita-do-rio\/\" \/>\n<meta property=\"og:locale\" content=\"pt_BR\" \/>\n<meta property=\"og:type\" content=\"article\" \/>\n<meta property=\"og:title\" content=\"Da Mar\u00e9 para o mundo: Vote em quem sempre esteve do seu lado. Vote Renata Souza 50 para prefeita do Rio\" \/>\n<meta property=\"og:description\" content=\"Esteve ao lado das lutas mais importantes do povo carioca e nunca esteve ao lado de Cabral e outros bandidos da pol\u00edtica carioca.\" \/>\n<meta property=\"og:url\" content=\"https:\/\/psol50.org.br\/da-mare-para-o-mundo-vote-em-quem-sempre-esteve-do-seu-lado-vote-renata-souza-50-para-prefeita-do-rio\/\" \/>\n<meta property=\"og:site_name\" content=\"PSOL 50\" \/>\n<meta property=\"article:publisher\" content=\"https:\/\/www.facebook.com\/psol50\" \/>\n<meta property=\"article:published_time\" content=\"2020-11-09T15:43:29+00:00\" \/>\n<meta property=\"og:image\" content=\"https:\/\/psol50.org.br\/inc\/uploads\/2020\/11\/renata_souza-1.jpg\" \/>\n\t<meta property=\"og:image:width\" content=\"960\" \/>\n\t<meta property=\"og:image:height\" content=\"640\" \/>\n\t<meta property=\"og:image:type\" content=\"image\/jpeg\" \/>\n<meta name=\"author\" content=\"Comunica\u00e7\u00e3o PSOL\" \/>\n<meta name=\"twitter:card\" content=\"summary_large_image\" \/>\n<meta name=\"twitter:title\" content=\"Da Mar\u00e9 para o mundo: Vote em quem sempre esteve do seu lado. Vote Renata Souza 50 para prefeita do Rio\" \/>\n<meta name=\"twitter:description\" content=\"Esteve ao lado das lutas mais importantes do povo carioca e nunca esteve ao lado de Cabral e outros bandidos da pol\u00edtica carioca.\" \/>\n<meta name=\"twitter:image\" content=\"https:\/\/psol50.org.br\/inc\/uploads\/2020\/11\/renata_souza-1.jpg\" \/>\n<meta name=\"twitter:creator\" content=\"@psol50\" \/>\n<meta name=\"twitter:site\" content=\"@psol50\" \/>\n<meta name=\"twitter:label1\" content=\"Escrito por\" \/>\n\t<meta name=\"twitter:data1\" content=\"Comunica\u00e7\u00e3o PSOL\" \/>\n\t<meta name=\"twitter:label2\" content=\"Est. tempo de leitura\" \/>\n\t<meta name=\"twitter:data2\" content=\"2 minutos\" \/>\n<script type=\"application\/ld+json\" class=\"yoast-schema-graph\">{\"@context\":\"https:\/\/schema.org\",\"@graph\":[{\"@type\":\"Article\",\"@id\":\"https:\/\/psol50.org.br\/da-mare-para-o-mundo-vote-em-quem-sempre-esteve-do-seu-lado-vote-renata-souza-50-para-prefeita-do-rio\/#article\",\"isPartOf\":{\"@id\":\"https:\/\/psol50.org.br\/da-mare-para-o-mundo-vote-em-quem-sempre-esteve-do-seu-lado-vote-renata-souza-50-para-prefeita-do-rio\/\"},\"author\":{\"name\":\"Comunica\u00e7\u00e3o PSOL\",\"@id\":\"https:\/\/psol50.org.br\/#\/schema\/person\/475dfa57d0b815993c714c2e96491fcd\"},\"headline\":\"Da Mar\u00e9 para o mundo: Vote em quem sempre esteve do seu lado. Vote Renata Souza 50 para prefeita do Rio\",\"datePublished\":\"2020-11-09T15:43:29+00:00\",\"mainEntityOfPage\":{\"@id\":\"https:\/\/psol50.org.br\/da-mare-para-o-mundo-vote-em-quem-sempre-esteve-do-seu-lado-vote-renata-souza-50-para-prefeita-do-rio\/\"},\"wordCount\":500,\"publisher\":{\"@id\":\"https:\/\/psol50.org.br\/#organization\"},\"image\":{\"@id\":\"https:\/\/psol50.org.br\/da-mare-para-o-mundo-vote-em-quem-sempre-esteve-do-seu-lado-vote-renata-souza-50-para-prefeita-do-rio\/#primaryimage\"},\"thumbnailUrl\":\"https:\/\/psol50.org.br\/inc\/uploads\/2020\/11\/renata_souza-1.jpg\",\"keywords\":[\"2020\",\"elei\u00e7\u00f5es\",\"prefeita\",\"renata souza\",\"Rio\",\"Rio de Janeiro\",\"RJ\"],\"articleSection\":[\"Not\u00edcias\"],\"inLanguage\":\"pt-BR\"},{\"@type\":\"WebPage\",\"@id\":\"https:\/\/psol50.org.br\/da-mare-para-o-mundo-vote-em-quem-sempre-esteve-do-seu-lado-vote-renata-souza-50-para-prefeita-do-rio\/\",\"url\":\"https:\/\/psol50.org.br\/da-mare-para-o-mundo-vote-em-quem-sempre-esteve-do-seu-lado-vote-renata-souza-50-para-prefeita-do-rio\/\",\"name\":\"Da Mar\u00e9 para o mundo: Vote em quem sempre esteve do seu lado. Vote Renata Souza 50 para prefeita do Rio\",\"isPartOf\":{\"@id\":\"https:\/\/psol50.org.br\/#website\"},\"primaryImageOfPage\":{\"@id\":\"https:\/\/psol50.org.br\/da-mare-para-o-mundo-vote-em-quem-sempre-esteve-do-seu-lado-vote-renata-souza-50-para-prefeita-do-rio\/#primaryimage\"},\"image\":{\"@id\":\"https:\/\/psol50.org.br\/da-mare-para-o-mundo-vote-em-quem-sempre-esteve-do-seu-lado-vote-renata-souza-50-para-prefeita-do-rio\/#primaryimage\"},\"thumbnailUrl\":\"https:\/\/psol50.org.br\/inc\/uploads\/2020\/11\/renata_souza-1.jpg\",\"datePublished\":\"2020-11-09T15:43:29+00:00\",\"description\":\"Esteve ao lado das lutas mais importantes do povo carioca e nunca esteve ao lado de Cabral e outros bandidos da pol\u00edtica carioca.\",\"breadcrumb\":{\"@id\":\"https:\/\/psol50.org.br\/da-mare-para-o-mundo-vote-em-quem-sempre-esteve-do-seu-lado-vote-renata-souza-50-para-prefeita-do-rio\/#breadcrumb\"},\"inLanguage\":\"pt-BR\",\"potentialAction\":[{\"@type\":\"ReadAction\",\"target\":[\"https:\/\/psol50.org.br\/da-mare-para-o-mundo-vote-em-quem-sempre-esteve-do-seu-lado-vote-renata-souza-50-para-prefeita-do-rio\/\"]}]},{\"@type\":\"ImageObject\",\"inLanguage\":\"pt-BR\",\"@id\":\"https:\/\/psol50.org.br\/da-mare-para-o-mundo-vote-em-quem-sempre-esteve-do-seu-lado-vote-renata-souza-50-para-prefeita-do-rio\/#primaryimage\",\"url\":\"https:\/\/psol50.org.br\/inc\/uploads\/2020\/11\/renata_souza-1.jpg\",\"contentUrl\":\"https:\/\/psol50.org.br\/inc\/uploads\/2020\/11\/renata_souza-1.jpg\",\"width\":960,\"height\":640},{\"@type\":\"BreadcrumbList\",\"@id\":\"https:\/\/psol50.org.br\/da-mare-para-o-mundo-vote-em-quem-sempre-esteve-do-seu-lado-vote-renata-souza-50-para-prefeita-do-rio\/#breadcrumb\",\"itemListElement\":[{\"@type\":\"ListItem\",\"position\":1,\"name\":\"In\u00edcio\",\"item\":\"https:\/\/psol50.org.br\/\"},{\"@type\":\"ListItem\",\"position\":2,\"name\":\"Da Mar\u00e9 para o mundo: Vote em quem sempre esteve do seu lado. Vote Renata Souza 50 para prefeita do Rio\"}]},{\"@type\":\"WebSite\",\"@id\":\"https:\/\/psol50.org.br\/#website\",\"url\":\"https:\/\/psol50.org.br\/\",\"name\":\"PSOL 50\",\"description\":\"Site oficial do Partido Socialismo e Liberdade\",\"publisher\":{\"@id\":\"https:\/\/psol50.org.br\/#organization\"},\"alternateName\":\"PSOL50\",\"potentialAction\":[{\"@type\":\"SearchAction\",\"target\":{\"@type\":\"EntryPoint\",\"urlTemplate\":\"https:\/\/psol50.org.br\/?s={search_term_string}\"},\"query-input\":{\"@type\":\"PropertyValueSpecification\",\"valueRequired\":true,\"valueName\":\"search_term_string\"}}],\"inLanguage\":\"pt-BR\"},{\"@type\":\"Organization\",\"@id\":\"https:\/\/psol50.org.br\/#organization\",\"name\":\"PSOL 50\",\"alternateName\":\"PSOL 50\",\"url\":\"https:\/\/psol50.org.br\/\",\"logo\":{\"@type\":\"ImageObject\",\"inLanguage\":\"pt-BR\",\"@id\":\"https:\/\/psol50.org.br\/#\/schema\/logo\/image\/\",\"url\":\"https:\/\/psol50.org.br\/inc\/uploads\/2018\/07\/capa.png\",\"contentUrl\":\"https:\/\/psol50.org.br\/inc\/uploads\/2018\/07\/capa.png\",\"width\":1350,\"height\":900,\"caption\":\"PSOL 50\"},\"image\":{\"@id\":\"https:\/\/psol50.org.br\/#\/schema\/logo\/image\/\"},\"sameAs\":[\"https:\/\/www.facebook.com\/psol50\",\"https:\/\/x.com\/psol50\",\"https:\/\/www.instagram.com\/psol50\/\",\"https:\/\/www.youtube.com\/channel\/UC7SnJS5o1os7a6CaiNabzcg\"]},{\"@type\":\"Person\",\"@id\":\"https:\/\/psol50.org.br\/#\/schema\/person\/475dfa57d0b815993c714c2e96491fcd\",\"name\":\"Comunica\u00e7\u00e3o PSOL\",\"image\":{\"@type\":\"ImageObject\",\"inLanguage\":\"pt-BR\",\"@id\":\"https:\/\/psol50.org.br\/#\/schema\/person\/image\/\",\"url\":\"https:\/\/secure.gravatar.com\/avatar\/b34fc4f4e468a4e51785917065a3db57b841f5c95dba6ad8c73aaf8f66f8f9bf?s=96&d=mm&r=g\",\"contentUrl\":\"https:\/\/secure.gravatar.com\/avatar\/b34fc4f4e468a4e51785917065a3db57b841f5c95dba6ad8c73aaf8f66f8f9bf?s=96&d=mm&r=g\",\"caption\":\"Comunica\u00e7\u00e3o PSOL\"}}]}<\/script>\n<!-- \/ Yoast SEO plugin. -->","yoast_head_json":{"title":"Da Mar\u00e9 para o mundo: Vote em quem sempre esteve do seu lado. Vote Renata Souza 50 para prefeita do Rio","description":"Esteve ao lado das lutas mais importantes do povo carioca e nunca esteve ao lado de Cabral e outros bandidos da pol\u00edtica carioca.","robots":{"index":"index","follow":"follow","max-snippet":"max-snippet:-1","max-image-preview":"max-image-preview:large","max-video-preview":"max-video-preview:-1"},"canonical":"https:\/\/psol50.org.br\/da-mare-para-o-mundo-vote-em-quem-sempre-esteve-do-seu-lado-vote-renata-souza-50-para-prefeita-do-rio\/","og_locale":"pt_BR","og_type":"article","og_title":"Da Mar\u00e9 para o mundo: Vote em quem sempre esteve do seu lado. Vote Renata Souza 50 para prefeita do Rio","og_description":"Esteve ao lado das lutas mais importantes do povo carioca e nunca esteve ao lado de Cabral e outros bandidos da pol\u00edtica carioca.","og_url":"https:\/\/psol50.org.br\/da-mare-para-o-mundo-vote-em-quem-sempre-esteve-do-seu-lado-vote-renata-souza-50-para-prefeita-do-rio\/","og_site_name":"PSOL 50","article_publisher":"https:\/\/www.facebook.com\/psol50","article_published_time":"2020-11-09T15:43:29+00:00","og_image":[{"width":960,"height":640,"url":"https:\/\/psol50.org.br\/inc\/uploads\/2020\/11\/renata_souza-1.jpg","type":"image\/jpeg"}],"author":"Comunica\u00e7\u00e3o PSOL","twitter_card":"summary_large_image","twitter_title":"Da Mar\u00e9 para o mundo: Vote em quem sempre esteve do seu lado. Vote Renata Souza 50 para prefeita do Rio","twitter_description":"Esteve ao lado das lutas mais importantes do povo carioca e nunca esteve ao lado de Cabral e outros bandidos da pol\u00edtica carioca.","twitter_image":"https:\/\/psol50.org.br\/inc\/uploads\/2020\/11\/renata_souza-1.jpg","twitter_creator":"@psol50","twitter_site":"@psol50","twitter_misc":{"Escrito por":"Comunica\u00e7\u00e3o PSOL","Est. tempo de leitura":"2 minutos"},"schema":{"@context":"https:\/\/schema.org","@graph":[{"@type":"Article","@id":"https:\/\/psol50.org.br\/da-mare-para-o-mundo-vote-em-quem-sempre-esteve-do-seu-lado-vote-renata-souza-50-para-prefeita-do-rio\/#article","isPartOf":{"@id":"https:\/\/psol50.org.br\/da-mare-para-o-mundo-vote-em-quem-sempre-esteve-do-seu-lado-vote-renata-souza-50-para-prefeita-do-rio\/"},"author":{"name":"Comunica\u00e7\u00e3o PSOL","@id":"https:\/\/psol50.org.br\/#\/schema\/person\/475dfa57d0b815993c714c2e96491fcd"},"headline":"Da Mar\u00e9 para o mundo: Vote em quem sempre esteve do seu lado. Vote Renata Souza 50 para prefeita do Rio","datePublished":"2020-11-09T15:43:29+00:00","mainEntityOfPage":{"@id":"https:\/\/psol50.org.br\/da-mare-para-o-mundo-vote-em-quem-sempre-esteve-do-seu-lado-vote-renata-souza-50-para-prefeita-do-rio\/"},"wordCount":500,"publisher":{"@id":"https:\/\/psol50.org.br\/#organization"},"image":{"@id":"https:\/\/psol50.org.br\/da-mare-para-o-mundo-vote-em-quem-sempre-esteve-do-seu-lado-vote-renata-souza-50-para-prefeita-do-rio\/#primaryimage"},"thumbnailUrl":"https:\/\/psol50.org.br\/inc\/uploads\/2020\/11\/renata_souza-1.jpg","keywords":["2020","elei\u00e7\u00f5es","prefeita","renata souza","Rio","Rio de Janeiro","RJ"],"articleSection":["Not\u00edcias"],"inLanguage":"pt-BR"},{"@type":"WebPage","@id":"https:\/\/psol50.org.br\/da-mare-para-o-mundo-vote-em-quem-sempre-esteve-do-seu-lado-vote-renata-souza-50-para-prefeita-do-rio\/","url":"https:\/\/psol50.org.br\/da-mare-para-o-mundo-vote-em-quem-sempre-esteve-do-seu-lado-vote-renata-souza-50-para-prefeita-do-rio\/","name":"Da Mar\u00e9 para o mundo: Vote em quem sempre esteve do seu lado. Vote Renata Souza 50 para prefeita do Rio","isPartOf":{"@id":"https:\/\/psol50.org.br\/#website"},"primaryImageOfPage":{"@id":"https:\/\/psol50.org.br\/da-mare-para-o-mundo-vote-em-quem-sempre-esteve-do-seu-lado-vote-renata-souza-50-para-prefeita-do-rio\/#primaryimage"},"image":{"@id":"https:\/\/psol50.org.br\/da-mare-para-o-mundo-vote-em-quem-sempre-esteve-do-seu-lado-vote-renata-souza-50-para-prefeita-do-rio\/#primaryimage"},"thumbnailUrl":"https:\/\/psol50.org.br\/inc\/uploads\/2020\/11\/renata_souza-1.jpg","datePublished":"2020-11-09T15:43:29+00:00","description":"Esteve ao lado das lutas mais importantes do povo carioca e nunca esteve ao lado de Cabral e outros bandidos da pol\u00edtica carioca.","breadcrumb":{"@id":"https:\/\/psol50.org.br\/da-mare-para-o-mundo-vote-em-quem-sempre-esteve-do-seu-lado-vote-renata-souza-50-para-prefeita-do-rio\/#breadcrumb"},"inLanguage":"pt-BR","potentialAction":[{"@type":"ReadAction","target":["https:\/\/psol50.org.br\/da-mare-para-o-mundo-vote-em-quem-sempre-esteve-do-seu-lado-vote-renata-souza-50-para-prefeita-do-rio\/"]}]},{"@type":"ImageObject","inLanguage":"pt-BR","@id":"https:\/\/psol50.org.br\/da-mare-para-o-mundo-vote-em-quem-sempre-esteve-do-seu-lado-vote-renata-souza-50-para-prefeita-do-rio\/#primaryimage","url":"https:\/\/psol50.org.br\/inc\/uploads\/2020\/11\/renata_souza-1.jpg","contentUrl":"https:\/\/psol50.org.br\/inc\/uploads\/2020\/11\/renata_souza-1.jpg","width":960,"height":640},{"@type":"BreadcrumbList","@id":"https:\/\/psol50.org.br\/da-mare-para-o-mundo-vote-em-quem-sempre-esteve-do-seu-lado-vote-renata-souza-50-para-prefeita-do-rio\/#breadcrumb","itemListElement":[{"@type":"ListItem","position":1,"name":"In\u00edcio","item":"https:\/\/psol50.org.br\/"},{"@type":"ListItem","position":2,"name":"Da Mar\u00e9 para o mundo: Vote em quem sempre esteve do seu lado. Vote Renata Souza 50 para prefeita do Rio"}]},{"@type":"WebSite","@id":"https:\/\/psol50.org.br\/#website","url":"https:\/\/psol50.org.br\/","name":"PSOL 50","description":"Site oficial do Partido Socialismo e Liberdade","publisher":{"@id":"https:\/\/psol50.org.br\/#organization"},"alternateName":"PSOL50","potentialAction":[{"@type":"SearchAction","target":{"@type":"EntryPoint","urlTemplate":"https:\/\/psol50.org.br\/?s={search_term_string}"},"query-input":{"@type":"PropertyValueSpecification","valueRequired":true,"valueName":"search_term_string"}}],"inLanguage":"pt-BR"},{"@type":"Organization","@id":"https:\/\/psol50.org.br\/#organization","name":"PSOL 50","alternateName":"PSOL 50","url":"https:\/\/psol50.org.br\/","logo":{"@type":"ImageObject","inLanguage":"pt-BR","@id":"https:\/\/psol50.org.br\/#\/schema\/logo\/image\/","url":"https:\/\/psol50.org.br\/inc\/uploads\/2018\/07\/capa.png","contentUrl":"https:\/\/psol50.org.br\/inc\/uploads\/2018\/07\/capa.png","width":1350,"height":900,"caption":"PSOL 50"},"image":{"@id":"https:\/\/psol50.org.br\/#\/schema\/logo\/image\/"},"sameAs":["https:\/\/www.facebook.com\/psol50","https:\/\/x.com\/psol50","https:\/\/www.instagram.com\/psol50\/","https:\/\/www.youtube.com\/channel\/UC7SnJS5o1os7a6CaiNabzcg"]},{"@type":"Person","@id":"https:\/\/psol50.org.br\/#\/schema\/person\/475dfa57d0b815993c714c2e96491fcd","name":"Comunica\u00e7\u00e3o PSOL","image":{"@type":"ImageObject","inLanguage":"pt-BR","@id":"https:\/\/psol50.org.br\/#\/schema\/person\/image\/","url":"https:\/\/secure.gravatar.com\/avatar\/b34fc4f4e468a4e51785917065a3db57b841f5c95dba6ad8c73aaf8f66f8f9bf?s=96&d=mm&r=g","contentUrl":"https:\/\/secure.gravatar.com\/avatar\/b34fc4f4e468a4e51785917065a3db57b841f5c95dba6ad8c73aaf8f66f8f9bf?s=96&d=mm&r=g","caption":"Comunica\u00e7\u00e3o PSOL"}}]}},"_links":{"self":[{"href":"https:\/\/psol50.org.br\/rest\/wp\/v2\/posts\/31111","targetHints":{"allow":["GET"]}}],"collection":[{"href":"https:\/\/psol50.org.br\/rest\/wp\/v2\/posts"}],"about":[{"href":"https:\/\/psol50.org.br\/rest\/wp\/v2\/types\/post"}],"author":[{"embeddable":true,"href":"https:\/\/psol50.org.br\/rest\/wp\/v2\/users\/2"}],"replies":[{"embeddable":true,"href":"https:\/\/psol50.org.br\/rest\/wp\/v2\/comments?post=31111"}],"version-history":[{"count":0,"href":"https:\/\/psol50.org.br\/rest\/wp\/v2\/posts\/31111\/revisions"}],"wp:featuredmedia":[{"embeddable":true,"href":"https:\/\/psol50.org.br\/rest\/wp\/v2\/media\/31112"}],"wp:attachment":[{"href":"https:\/\/psol50.org.br\/rest\/wp\/v2\/media?parent=31111"}],"wp:term":[{"taxonomy":"category","embeddable":true,"href":"https:\/\/psol50.org.br\/rest\/wp\/v2\/categories?post=31111"},{"taxonomy":"post_tag","embeddable":true,"href":"https:\/\/psol50.org.br\/rest\/wp\/v2\/tags?post=31111"}],"curies":[{"name":"wp","href":"https:\/\/api.w.org\/{rel}","templated":true}]}}