{"id":31120,"date":"2020-11-10T12:11:18","date_gmt":"2020-11-10T15:11:18","guid":{"rendered":"https:\/\/psol50.org.br\/?p=31120"},"modified":"2020-11-10T12:11:18","modified_gmt":"2020-11-10T15:11:18","slug":"edmilson-rodrigues-pode-ser-eleito-prefeito-de-belem-pa-no-1o-turno","status":"publish","type":"post","link":"https:\/\/psol50.org.br\/edmilson-rodrigues-pode-ser-eleito-prefeito-de-belem-pa-no-1o-turno\/","title":{"rendered":"Edmilson Rodrigues pode ser eleito prefeito de Bel\u00e9m (PA) no 1\u00ba turno"},"content":{"rendered":"<p><a href=\"https:\/\/psol50.org.br\/rendajusta\/\" target=\"_blank\" rel=\"noopener noreferrer\"><img loading=\"lazy\" decoding=\"async\" class=\"alignnone size-full wp-image-30552\" src=\"https:\/\/psol50.org.br\/inc\/uploads\/2020\/08\/21-08-2020_LancamentoRendaJusta-2.png\" alt=\"\" width=\"1920\" height=\"383\" srcset=\"https:\/\/psol50.org.br\/inc\/uploads\/2020\/08\/21-08-2020_LancamentoRendaJusta-2.png 1920w, https:\/\/psol50.org.br\/inc\/uploads\/2020\/08\/21-08-2020_LancamentoRendaJusta-2-300x60.png 300w, https:\/\/psol50.org.br\/inc\/uploads\/2020\/08\/21-08-2020_LancamentoRendaJusta-2-1024x204.png 1024w, https:\/\/psol50.org.br\/inc\/uploads\/2020\/08\/21-08-2020_LancamentoRendaJusta-2-768x153.png 768w, https:\/\/psol50.org.br\/inc\/uploads\/2020\/08\/21-08-2020_LancamentoRendaJusta-2-1536x306.png 1536w, https:\/\/psol50.org.br\/inc\/uploads\/2020\/08\/21-08-2020_LancamentoRendaJusta-2-150x30.png 150w, https:\/\/psol50.org.br\/inc\/uploads\/2020\/08\/21-08-2020_LancamentoRendaJusta-2-696x139.png 696w, https:\/\/psol50.org.br\/inc\/uploads\/2020\/08\/21-08-2020_LancamentoRendaJusta-2-1068x213.png 1068w\" sizes=\"auto, (max-width: 1920px) 100vw, 1920px\" \/><\/a><\/p>\n<p>Edmilson Rodrigues \u00e9 deputado federal pelo PSOL e ex-prefeito de Bel\u00e9m, capital do Par\u00e1, cidade que geriu entre os anos de 1997 e 2004, quando foi eleito e reeleito. No pr\u00f3ximo domingo (15), ele pode ser eleito novamente como prefeito j\u00e1 no primeiro turno das elei\u00e7\u00f5es.<\/p>\n<blockquote class=\"twitter-tweet\" data-width=\"550\" data-dnt=\"true\">\n<p lang=\"pt\" dir=\"ltr\">Estamos disparados nas pesquisas. Vamos juntos, rumo a vit\u00f3ria!<a href=\"https:\/\/twitter.com\/hashtag\/DisparaEd?src=hash&amp;ref_src=twsrc%5Etfw\">#DisparaEd<\/a> <a href=\"https:\/\/twitter.com\/hashtag\/Ed50?src=hash&amp;ref_src=twsrc%5Etfw\">#Ed50<\/a> <a href=\"https:\/\/twitter.com\/hashtag\/Belemdenovasideias?src=hash&amp;ref_src=twsrc%5Etfw\">#Belemdenovasideias<\/a> <a href=\"https:\/\/t.co\/x0LEMEOVgH\">pic.twitter.com\/x0LEMEOVgH<\/a><\/p>\n<p>&mdash; Edmilson Rodrigues (@EdmilsonPSOL) <a href=\"https:\/\/twitter.com\/EdmilsonPSOL\/status\/1323747533718474757?ref_src=twsrc%5Etfw\">November 3, 2020<\/a><\/p><\/blockquote>\n<p><script async src=\"https:\/\/platform.twitter.com\/widgets.js\" charset=\"utf-8\"><\/script><\/p>\n<p>Na \u00faltima pesquisa Ibope divulgada, Edmilson Rodrigues tem 38% das inten\u00e7\u00f5es de voto na pesquisa estimulada, quando a lista de candidatos \u00e9 apresentada ao entrevistado, al\u00e9m de ter 32% na pesquisa espont\u00e2nea, quando a situa\u00e7\u00e3o da urna \u00e9 repetida e n\u00e3o h\u00e1 uma lista para escolher o candidato. Contando apenas os votos v\u00e1lidos, que excluem brancos e nulos (10% nesta pesquisa), Edmilson Rodrigues pode estar perto de vencer j\u00e1 no primeiro turno das elei\u00e7\u00f5es. Seus advers\u00e1rios n\u00e3o passam de 15% nas pesquisas eleitorais, menos da metade das men\u00e7\u00f5es a Edmilson.<\/p>\n<blockquote class=\"twitter-tweet\" data-width=\"550\" data-dnt=\"true\">\n<p lang=\"pt\" dir=\"ltr\">SP: <a href=\"https:\/\/twitter.com\/GuilhermeBoulos?ref_src=twsrc%5Etfw\">@GuilhermeBoulos<\/a> cresce a cada nova pesquisa rumo ao 2\u00ba turno.<\/p>\n<p>Floripa: <a href=\"https:\/\/twitter.com\/Prof_Elson50?ref_src=twsrc%5Etfw\">@Prof_Elson50<\/a> DOBROU as inten\u00e7\u00f5es de voto e j\u00e1 \u00e9 o 2\u00ba, com 13%.<\/p>\n<p>Bel\u00e9m: <a href=\"https:\/\/twitter.com\/EdmilsonPSOL?ref_src=twsrc%5Etfw\">@EdmilsonPSOL<\/a> DISPAROU e tem 37%, 1\u00ba lugar em todas pesquisas.<\/p>\n<p>\u00c9 o PSOL semeando esperan\u00e7a nos 4 cantos do Brasil. Venceremos! \u270a<\/p>\n<p>&mdash; PSOL 50 (@psol50) <a href=\"https:\/\/twitter.com\/psol50\/status\/1323640620733390848?ref_src=twsrc%5Etfw\">November 3, 2020<\/a><\/p><\/blockquote>\n<p><script async src=\"https:\/\/platform.twitter.com\/widgets.js\" charset=\"utf-8\"><\/script><\/p>\n<p>A pesquisa CNN\/RealTime Big Data, divulgada no \u00faltimo dia 2 de novembro, tamb\u00e9m refor\u00e7a este cen\u00e1rio, com Edmilson Rodrigues marcando 37% das inten\u00e7\u00f5es de voto, conta menos de 20% do principal concorrente. Na pesquisa espont\u00e2nea, por este instituto, ele tamb\u00e9m repete os 32%.<\/p>\n<blockquote class=\"twitter-tweet\" data-width=\"550\" data-dnt=\"true\">\n<p lang=\"pt\" dir=\"ltr\">Cuidado! Nesta reta final de campanha, as m\u00e1quinas de fake news v\u00e3o tentar te enganar a todo custo. Em cidades como Bel\u00e9m, onde <a href=\"https:\/\/twitter.com\/EdmilsonPSOL?ref_src=twsrc%5Etfw\">@EdmilsonPSOL<\/a> lidera todas as pesquisas at\u00e9 aqui, as mentiras contra n\u00f3s s\u00e3o ainda mais frequentes. Quem conhece Edmilson confia. Compartilhe a verdade! <a href=\"https:\/\/t.co\/pIwvB9FMbk\">pic.twitter.com\/pIwvB9FMbk<\/a><\/p>\n<p>&mdash; PSOL 50 (@psol50) <a href=\"https:\/\/twitter.com\/psol50\/status\/1325936208103530500?ref_src=twsrc%5Etfw\">November 9, 2020<\/a><\/p><\/blockquote>\n<p><script async src=\"https:\/\/platform.twitter.com\/widgets.js\" charset=\"utf-8\"><\/script><\/p>\n<p>Edmilson Rodrigues lidera uma frente cidad\u00e3 e de partidos e movimentos populares na disputa da prefeitura de Bel\u00e9m este ano. A frente conta, al\u00e9m do PSOL, com PT, PDT, PCdoB, Rede, PCB e UP.<\/p>\n<p>Quando foi prefeito, entre 1997 e 2004, Edmilson se destacou pela amplia\u00e7\u00e3o da participa\u00e7\u00e3o popular no planejamento da cidade, implantando o Or\u00e7amento Participativo como forma de aumentar a decis\u00e3o popular no or\u00e7amento da Prefeitura.<\/p>\n<p>A gest\u00e3o como prefeito tamb\u00e9m foi marcada pela implanta\u00e7\u00e3o de projetos sociais e culturais para a cidade, o que rendeu a Edmilson pr\u00eamios como o de Prefeito Amigo da Crian\u00e7a por dois anos consecutivos, concedido pela ONU, em virtude do projeto Sementes do Amanh\u00e3, que retirava crian\u00e7as da \u00e1rea de dep\u00f3sito de lixo dando apoio social, financeiro, educacional e profissional para toda a fam\u00edlia. Tamb\u00e9m obteve destaque em outros projetos como a Escola Circo; o Bolsa Fam\u00edlia de um sal\u00e1rio m\u00ednimo; Banco Municipal do Povo e Fam\u00edlia Saud\u00e1vel.<\/p>\n<blockquote class=\"twitter-tweet\" data-width=\"550\" data-dnt=\"true\">\n<p lang=\"pt\" dir=\"ltr\">Segue a thread com projetos executados durante a gest\u00e3o do <a href=\"https:\/\/twitter.com\/EdmilsonPSOL?ref_src=twsrc%5Etfw\">@EdmilsonPSOL<\/a> entre 1997-2004. <a href=\"https:\/\/t.co\/ee7TIav7GW\">pic.twitter.com\/ee7TIav7GW<\/a><\/p>\n<p>&mdash; Lucas Negr\u00e3o \ud83c\uddf5\ud83c\uddf8 (@negraolucas) <a href=\"https:\/\/twitter.com\/negraolucas\/status\/1319996949169344517?ref_src=twsrc%5Etfw\">October 24, 2020<\/a><\/p><\/blockquote>\n<p><script async src=\"https:\/\/platform.twitter.com\/widgets.js\" charset=\"utf-8\"><\/script><\/p>\n<h6>Redes do Edmilson<\/h6>\n<p><strong><a href=\"https:\/\/www.facebook.com\/edmilsonpsol\" target=\"_blank\" rel=\"noopener noreferrer\">Facebook<\/a><\/strong><br \/>\n<strong><a href=\"https:\/\/twitter.com\/EdmilsonPSOL\" target=\"_blank\" rel=\"noopener noreferrer\">Twitter<\/a><\/strong><br \/>\n<strong><a href=\"https:\/\/www.instagram.com\/edmilsonpsol\/\" target=\"_blank\" rel=\"noopener noreferrer\">Instagram<\/a><\/strong><\/p>\n<p><a href=\"https:\/\/impeachmentpopular.com.br\/\" target=\"_blank\" rel=\"noopener noreferrer\"><img loading=\"lazy\" decoding=\"async\" class=\"alignnone size-full wp-image-29118\" src=\"https:\/\/psol50.org.br\/inc\/uploads\/2020\/05\/Email_Impeachment.png\" alt=\"\" width=\"1080\" height=\"250\" srcset=\"https:\/\/psol50.org.br\/inc\/uploads\/2020\/05\/Email_Impeachment.png 1080w, https:\/\/psol50.org.br\/inc\/uploads\/2020\/05\/Email_Impeachment-300x69.png 300w, https:\/\/psol50.org.br\/inc\/uploads\/2020\/05\/Email_Impeachment-1024x237.png 1024w, https:\/\/psol50.org.br\/inc\/uploads\/2020\/05\/Email_Impeachment-768x178.png 768w, https:\/\/psol50.org.br\/inc\/uploads\/2020\/05\/Email_Impeachment-150x35.png 150w, https:\/\/psol50.org.br\/inc\/uploads\/2020\/05\/Email_Impeachment-696x161.png 696w, https:\/\/psol50.org.br\/inc\/uploads\/2020\/05\/Email_Impeachment-1068x247.png 1068w\" sizes=\"auto, (max-width: 1080px) 100vw, 1080px\" \/><\/a><\/p>\n","protected":false},"excerpt":{"rendered":"<p>Edmilson Rodrigues \u00e9 deputado federal pelo PSOL e ex-prefeito de Bel\u00e9m, capital do Par\u00e1, cidade que geriu entre os anos de 1997 e 2004, quando foi eleito e reeleito. No pr\u00f3ximo domingo (15), ele pode ser eleito novamente como prefeito j\u00e1 no primeiro turno das elei\u00e7\u00f5es. Estamos disparados nas pesquisas. Vamos juntos, rumo a vit\u00f3ria!#DisparaEd [&hellip;]<\/p>\n","protected":false},"author":2,"featured_media":31125,"comment_status":"closed","ping_status":"open","sticky":false,"template":"","format":"standard","meta":{"_acf_changed":false,"footnotes":""},"categories":[6],"tags":[204,643,973,343,50],"class_list":{"0":"post-31120","1":"post","2":"type-post","3":"status-publish","4":"format-standard","5":"has-post-thumbnail","7":"category-noticias","8":"tag-204","9":"tag-belem","10":"tag-edmilson-rodrigues","11":"tag-eleicoes","12":"tag-para"},"acf":[],"yoast_head":"<!-- This site is optimized with the Yoast SEO plugin v26.5 - https:\/\/yoast.com\/wordpress\/plugins\/seo\/ -->\n<title>Edmilson Rodrigues pode ser eleito prefeito de Bel\u00e9m (PA) no 1\u00ba turno<\/title>\n<meta name=\"description\" content=\"Na \u00faltima pesquisa Ibope, Edmilson Rodrigues tem 38% das inten\u00e7\u00f5es de voto na pesquisa estimulada. Na espont\u00e2nea, tem 32%.\" \/>\n<meta name=\"robots\" content=\"index, follow, max-snippet:-1, max-image-preview:large, max-video-preview:-1\" \/>\n<link rel=\"canonical\" href=\"https:\/\/psol50.org.br\/edmilson-rodrigues-pode-ser-eleito-prefeito-de-belem-pa-no-1o-turno\/\" \/>\n<meta property=\"og:locale\" content=\"pt_BR\" \/>\n<meta property=\"og:type\" content=\"article\" \/>\n<meta property=\"og:title\" content=\"Edmilson Rodrigues pode ser eleito prefeito de Bel\u00e9m (PA) no 1\u00ba turno\" \/>\n<meta property=\"og:description\" content=\"Na \u00faltima pesquisa Ibope, Edmilson Rodrigues tem 38% das inten\u00e7\u00f5es de voto na pesquisa estimulada. Na espont\u00e2nea, tem 32%.\" \/>\n<meta property=\"og:url\" content=\"https:\/\/psol50.org.br\/edmilson-rodrigues-pode-ser-eleito-prefeito-de-belem-pa-no-1o-turno\/\" \/>\n<meta property=\"og:site_name\" content=\"PSOL 50\" \/>\n<meta property=\"article:publisher\" content=\"https:\/\/www.facebook.com\/psol50\" \/>\n<meta property=\"article:published_time\" content=\"2020-11-10T15:11:18+00:00\" \/>\n<meta property=\"og:image\" content=\"https:\/\/psol50.org.br\/inc\/uploads\/2020\/11\/images-2-2.jpeg\" \/>\n\t<meta property=\"og:image:width\" content=\"739\" \/>\n\t<meta property=\"og:image:height\" content=\"415\" \/>\n\t<meta property=\"og:image:type\" content=\"image\/jpeg\" \/>\n<meta name=\"author\" content=\"Comunica\u00e7\u00e3o PSOL\" \/>\n<meta name=\"twitter:card\" content=\"summary_large_image\" \/>\n<meta name=\"twitter:title\" content=\"Edmilson Rodrigues pode ser eleito prefeito de Bel\u00e9m (PA) no 1\u00ba turno\" \/>\n<meta name=\"twitter:description\" content=\"Na \u00faltima pesquisa Ibope, Edmilson Rodrigues tem 38% das inten\u00e7\u00f5es de voto na pesquisa estimulada. Na espont\u00e2nea, tem 32%.\" \/>\n<meta name=\"twitter:image\" content=\"https:\/\/psol50.org.br\/inc\/uploads\/2020\/11\/images-2-2.jpeg\" \/>\n<meta name=\"twitter:creator\" content=\"@psol50\" \/>\n<meta name=\"twitter:site\" content=\"@psol50\" \/>\n<meta name=\"twitter:label1\" content=\"Escrito por\" \/>\n\t<meta name=\"twitter:data1\" content=\"Comunica\u00e7\u00e3o PSOL\" \/>\n\t<meta name=\"twitter:label2\" content=\"Est. tempo de leitura\" \/>\n\t<meta name=\"twitter:data2\" content=\"2 minutos\" \/>\n<script type=\"application\/ld+json\" class=\"yoast-schema-graph\">{\"@context\":\"https:\/\/schema.org\",\"@graph\":[{\"@type\":\"Article\",\"@id\":\"https:\/\/psol50.org.br\/edmilson-rodrigues-pode-ser-eleito-prefeito-de-belem-pa-no-1o-turno\/#article\",\"isPartOf\":{\"@id\":\"https:\/\/psol50.org.br\/edmilson-rodrigues-pode-ser-eleito-prefeito-de-belem-pa-no-1o-turno\/\"},\"author\":{\"name\":\"Comunica\u00e7\u00e3o PSOL\",\"@id\":\"https:\/\/psol50.org.br\/#\/schema\/person\/475dfa57d0b815993c714c2e96491fcd\"},\"headline\":\"Edmilson Rodrigues pode ser eleito prefeito de Bel\u00e9m (PA) no 1\u00ba turno\",\"datePublished\":\"2020-11-10T15:11:18+00:00\",\"mainEntityOfPage\":{\"@id\":\"https:\/\/psol50.org.br\/edmilson-rodrigues-pode-ser-eleito-prefeito-de-belem-pa-no-1o-turno\/\"},\"wordCount\":398,\"publisher\":{\"@id\":\"https:\/\/psol50.org.br\/#organization\"},\"image\":{\"@id\":\"https:\/\/psol50.org.br\/edmilson-rodrigues-pode-ser-eleito-prefeito-de-belem-pa-no-1o-turno\/#primaryimage\"},\"thumbnailUrl\":\"https:\/\/psol50.org.br\/inc\/uploads\/2020\/11\/images-2-2.jpeg\",\"keywords\":[\"2020\",\"Bel\u00e9m\",\"Edmilson Rodrigues\",\"elei\u00e7\u00f5es\",\"Par\u00e1\"],\"articleSection\":[\"Not\u00edcias\"],\"inLanguage\":\"pt-BR\"},{\"@type\":\"WebPage\",\"@id\":\"https:\/\/psol50.org.br\/edmilson-rodrigues-pode-ser-eleito-prefeito-de-belem-pa-no-1o-turno\/\",\"url\":\"https:\/\/psol50.org.br\/edmilson-rodrigues-pode-ser-eleito-prefeito-de-belem-pa-no-1o-turno\/\",\"name\":\"Edmilson Rodrigues pode ser eleito prefeito de Bel\u00e9m (PA) no 1\u00ba turno\",\"isPartOf\":{\"@id\":\"https:\/\/psol50.org.br\/#website\"},\"primaryImageOfPage\":{\"@id\":\"https:\/\/psol50.org.br\/edmilson-rodrigues-pode-ser-eleito-prefeito-de-belem-pa-no-1o-turno\/#primaryimage\"},\"image\":{\"@id\":\"https:\/\/psol50.org.br\/edmilson-rodrigues-pode-ser-eleito-prefeito-de-belem-pa-no-1o-turno\/#primaryimage\"},\"thumbnailUrl\":\"https:\/\/psol50.org.br\/inc\/uploads\/2020\/11\/images-2-2.jpeg\",\"datePublished\":\"2020-11-10T15:11:18+00:00\",\"description\":\"Na \u00faltima pesquisa Ibope, Edmilson Rodrigues tem 38% das inten\u00e7\u00f5es de voto na pesquisa estimulada. Na espont\u00e2nea, tem 32%.\",\"breadcrumb\":{\"@id\":\"https:\/\/psol50.org.br\/edmilson-rodrigues-pode-ser-eleito-prefeito-de-belem-pa-no-1o-turno\/#breadcrumb\"},\"inLanguage\":\"pt-BR\",\"potentialAction\":[{\"@type\":\"ReadAction\",\"target\":[\"https:\/\/psol50.org.br\/edmilson-rodrigues-pode-ser-eleito-prefeito-de-belem-pa-no-1o-turno\/\"]}]},{\"@type\":\"ImageObject\",\"inLanguage\":\"pt-BR\",\"@id\":\"https:\/\/psol50.org.br\/edmilson-rodrigues-pode-ser-eleito-prefeito-de-belem-pa-no-1o-turno\/#primaryimage\",\"url\":\"https:\/\/psol50.org.br\/inc\/uploads\/2020\/11\/images-2-2.jpeg\",\"contentUrl\":\"https:\/\/psol50.org.br\/inc\/uploads\/2020\/11\/images-2-2.jpeg\",\"width\":739,\"height\":415},{\"@type\":\"BreadcrumbList\",\"@id\":\"https:\/\/psol50.org.br\/edmilson-rodrigues-pode-ser-eleito-prefeito-de-belem-pa-no-1o-turno\/#breadcrumb\",\"itemListElement\":[{\"@type\":\"ListItem\",\"position\":1,\"name\":\"In\u00edcio\",\"item\":\"https:\/\/psol50.org.br\/\"},{\"@type\":\"ListItem\",\"position\":2,\"name\":\"Edmilson Rodrigues pode ser eleito prefeito de Bel\u00e9m (PA) no 1\u00ba turno\"}]},{\"@type\":\"WebSite\",\"@id\":\"https:\/\/psol50.org.br\/#website\",\"url\":\"https:\/\/psol50.org.br\/\",\"name\":\"PSOL 50\",\"description\":\"Site oficial do Partido Socialismo e Liberdade\",\"publisher\":{\"@id\":\"https:\/\/psol50.org.br\/#organization\"},\"alternateName\":\"PSOL50\",\"potentialAction\":[{\"@type\":\"SearchAction\",\"target\":{\"@type\":\"EntryPoint\",\"urlTemplate\":\"https:\/\/psol50.org.br\/?s={search_term_string}\"},\"query-input\":{\"@type\":\"PropertyValueSpecification\",\"valueRequired\":true,\"valueName\":\"search_term_string\"}}],\"inLanguage\":\"pt-BR\"},{\"@type\":\"Organization\",\"@id\":\"https:\/\/psol50.org.br\/#organization\",\"name\":\"PSOL 50\",\"alternateName\":\"PSOL 50\",\"url\":\"https:\/\/psol50.org.br\/\",\"logo\":{\"@type\":\"ImageObject\",\"inLanguage\":\"pt-BR\",\"@id\":\"https:\/\/psol50.org.br\/#\/schema\/logo\/image\/\",\"url\":\"https:\/\/psol50.org.br\/inc\/uploads\/2018\/07\/capa.png\",\"contentUrl\":\"https:\/\/psol50.org.br\/inc\/uploads\/2018\/07\/capa.png\",\"width\":1350,\"height\":900,\"caption\":\"PSOL 50\"},\"image\":{\"@id\":\"https:\/\/psol50.org.br\/#\/schema\/logo\/image\/\"},\"sameAs\":[\"https:\/\/www.facebook.com\/psol50\",\"https:\/\/x.com\/psol50\",\"https:\/\/www.instagram.com\/psol50\/\",\"https:\/\/www.youtube.com\/channel\/UC7SnJS5o1os7a6CaiNabzcg\"]},{\"@type\":\"Person\",\"@id\":\"https:\/\/psol50.org.br\/#\/schema\/person\/475dfa57d0b815993c714c2e96491fcd\",\"name\":\"Comunica\u00e7\u00e3o PSOL\",\"image\":{\"@type\":\"ImageObject\",\"inLanguage\":\"pt-BR\",\"@id\":\"https:\/\/psol50.org.br\/#\/schema\/person\/image\/\",\"url\":\"https:\/\/secure.gravatar.com\/avatar\/b34fc4f4e468a4e51785917065a3db57b841f5c95dba6ad8c73aaf8f66f8f9bf?s=96&d=mm&r=g\",\"contentUrl\":\"https:\/\/secure.gravatar.com\/avatar\/b34fc4f4e468a4e51785917065a3db57b841f5c95dba6ad8c73aaf8f66f8f9bf?s=96&d=mm&r=g\",\"caption\":\"Comunica\u00e7\u00e3o PSOL\"}}]}<\/script>\n<!-- \/ Yoast SEO plugin. -->","yoast_head_json":{"title":"Edmilson Rodrigues pode ser eleito prefeito de Bel\u00e9m (PA) no 1\u00ba turno","description":"Na \u00faltima pesquisa Ibope, Edmilson Rodrigues tem 38% das inten\u00e7\u00f5es de voto na pesquisa estimulada. Na espont\u00e2nea, tem 32%.","robots":{"index":"index","follow":"follow","max-snippet":"max-snippet:-1","max-image-preview":"max-image-preview:large","max-video-preview":"max-video-preview:-1"},"canonical":"https:\/\/psol50.org.br\/edmilson-rodrigues-pode-ser-eleito-prefeito-de-belem-pa-no-1o-turno\/","og_locale":"pt_BR","og_type":"article","og_title":"Edmilson Rodrigues pode ser eleito prefeito de Bel\u00e9m (PA) no 1\u00ba turno","og_description":"Na \u00faltima pesquisa Ibope, Edmilson Rodrigues tem 38% das inten\u00e7\u00f5es de voto na pesquisa estimulada. Na espont\u00e2nea, tem 32%.","og_url":"https:\/\/psol50.org.br\/edmilson-rodrigues-pode-ser-eleito-prefeito-de-belem-pa-no-1o-turno\/","og_site_name":"PSOL 50","article_publisher":"https:\/\/www.facebook.com\/psol50","article_published_time":"2020-11-10T15:11:18+00:00","og_image":[{"width":739,"height":415,"url":"https:\/\/psol50.org.br\/inc\/uploads\/2020\/11\/images-2-2.jpeg","type":"image\/jpeg"}],"author":"Comunica\u00e7\u00e3o PSOL","twitter_card":"summary_large_image","twitter_title":"Edmilson Rodrigues pode ser eleito prefeito de Bel\u00e9m (PA) no 1\u00ba turno","twitter_description":"Na \u00faltima pesquisa Ibope, Edmilson Rodrigues tem 38% das inten\u00e7\u00f5es de voto na pesquisa estimulada. Na espont\u00e2nea, tem 32%.","twitter_image":"https:\/\/psol50.org.br\/inc\/uploads\/2020\/11\/images-2-2.jpeg","twitter_creator":"@psol50","twitter_site":"@psol50","twitter_misc":{"Escrito por":"Comunica\u00e7\u00e3o PSOL","Est. tempo de leitura":"2 minutos"},"schema":{"@context":"https:\/\/schema.org","@graph":[{"@type":"Article","@id":"https:\/\/psol50.org.br\/edmilson-rodrigues-pode-ser-eleito-prefeito-de-belem-pa-no-1o-turno\/#article","isPartOf":{"@id":"https:\/\/psol50.org.br\/edmilson-rodrigues-pode-ser-eleito-prefeito-de-belem-pa-no-1o-turno\/"},"author":{"name":"Comunica\u00e7\u00e3o PSOL","@id":"https:\/\/psol50.org.br\/#\/schema\/person\/475dfa57d0b815993c714c2e96491fcd"},"headline":"Edmilson Rodrigues pode ser eleito prefeito de Bel\u00e9m (PA) no 1\u00ba turno","datePublished":"2020-11-10T15:11:18+00:00","mainEntityOfPage":{"@id":"https:\/\/psol50.org.br\/edmilson-rodrigues-pode-ser-eleito-prefeito-de-belem-pa-no-1o-turno\/"},"wordCount":398,"publisher":{"@id":"https:\/\/psol50.org.br\/#organization"},"image":{"@id":"https:\/\/psol50.org.br\/edmilson-rodrigues-pode-ser-eleito-prefeito-de-belem-pa-no-1o-turno\/#primaryimage"},"thumbnailUrl":"https:\/\/psol50.org.br\/inc\/uploads\/2020\/11\/images-2-2.jpeg","keywords":["2020","Bel\u00e9m","Edmilson Rodrigues","elei\u00e7\u00f5es","Par\u00e1"],"articleSection":["Not\u00edcias"],"inLanguage":"pt-BR"},{"@type":"WebPage","@id":"https:\/\/psol50.org.br\/edmilson-rodrigues-pode-ser-eleito-prefeito-de-belem-pa-no-1o-turno\/","url":"https:\/\/psol50.org.br\/edmilson-rodrigues-pode-ser-eleito-prefeito-de-belem-pa-no-1o-turno\/","name":"Edmilson Rodrigues pode ser eleito prefeito de Bel\u00e9m (PA) no 1\u00ba turno","isPartOf":{"@id":"https:\/\/psol50.org.br\/#website"},"primaryImageOfPage":{"@id":"https:\/\/psol50.org.br\/edmilson-rodrigues-pode-ser-eleito-prefeito-de-belem-pa-no-1o-turno\/#primaryimage"},"image":{"@id":"https:\/\/psol50.org.br\/edmilson-rodrigues-pode-ser-eleito-prefeito-de-belem-pa-no-1o-turno\/#primaryimage"},"thumbnailUrl":"https:\/\/psol50.org.br\/inc\/uploads\/2020\/11\/images-2-2.jpeg","datePublished":"2020-11-10T15:11:18+00:00","description":"Na \u00faltima pesquisa Ibope, Edmilson Rodrigues tem 38% das inten\u00e7\u00f5es de voto na pesquisa estimulada. Na espont\u00e2nea, tem 32%.","breadcrumb":{"@id":"https:\/\/psol50.org.br\/edmilson-rodrigues-pode-ser-eleito-prefeito-de-belem-pa-no-1o-turno\/#breadcrumb"},"inLanguage":"pt-BR","potentialAction":[{"@type":"ReadAction","target":["https:\/\/psol50.org.br\/edmilson-rodrigues-pode-ser-eleito-prefeito-de-belem-pa-no-1o-turno\/"]}]},{"@type":"ImageObject","inLanguage":"pt-BR","@id":"https:\/\/psol50.org.br\/edmilson-rodrigues-pode-ser-eleito-prefeito-de-belem-pa-no-1o-turno\/#primaryimage","url":"https:\/\/psol50.org.br\/inc\/uploads\/2020\/11\/images-2-2.jpeg","contentUrl":"https:\/\/psol50.org.br\/inc\/uploads\/2020\/11\/images-2-2.jpeg","width":739,"height":415},{"@type":"BreadcrumbList","@id":"https:\/\/psol50.org.br\/edmilson-rodrigues-pode-ser-eleito-prefeito-de-belem-pa-no-1o-turno\/#breadcrumb","itemListElement":[{"@type":"ListItem","position":1,"name":"In\u00edcio","item":"https:\/\/psol50.org.br\/"},{"@type":"ListItem","position":2,"name":"Edmilson Rodrigues pode ser eleito prefeito de Bel\u00e9m (PA) no 1\u00ba turno"}]},{"@type":"WebSite","@id":"https:\/\/psol50.org.br\/#website","url":"https:\/\/psol50.org.br\/","name":"PSOL 50","description":"Site oficial do Partido Socialismo e Liberdade","publisher":{"@id":"https:\/\/psol50.org.br\/#organization"},"alternateName":"PSOL50","potentialAction":[{"@type":"SearchAction","target":{"@type":"EntryPoint","urlTemplate":"https:\/\/psol50.org.br\/?s={search_term_string}"},"query-input":{"@type":"PropertyValueSpecification","valueRequired":true,"valueName":"search_term_string"}}],"inLanguage":"pt-BR"},{"@type":"Organization","@id":"https:\/\/psol50.org.br\/#organization","name":"PSOL 50","alternateName":"PSOL 50","url":"https:\/\/psol50.org.br\/","logo":{"@type":"ImageObject","inLanguage":"pt-BR","@id":"https:\/\/psol50.org.br\/#\/schema\/logo\/image\/","url":"https:\/\/psol50.org.br\/inc\/uploads\/2018\/07\/capa.png","contentUrl":"https:\/\/psol50.org.br\/inc\/uploads\/2018\/07\/capa.png","width":1350,"height":900,"caption":"PSOL 50"},"image":{"@id":"https:\/\/psol50.org.br\/#\/schema\/logo\/image\/"},"sameAs":["https:\/\/www.facebook.com\/psol50","https:\/\/x.com\/psol50","https:\/\/www.instagram.com\/psol50\/","https:\/\/www.youtube.com\/channel\/UC7SnJS5o1os7a6CaiNabzcg"]},{"@type":"Person","@id":"https:\/\/psol50.org.br\/#\/schema\/person\/475dfa57d0b815993c714c2e96491fcd","name":"Comunica\u00e7\u00e3o PSOL","image":{"@type":"ImageObject","inLanguage":"pt-BR","@id":"https:\/\/psol50.org.br\/#\/schema\/person\/image\/","url":"https:\/\/secure.gravatar.com\/avatar\/b34fc4f4e468a4e51785917065a3db57b841f5c95dba6ad8c73aaf8f66f8f9bf?s=96&d=mm&r=g","contentUrl":"https:\/\/secure.gravatar.com\/avatar\/b34fc4f4e468a4e51785917065a3db57b841f5c95dba6ad8c73aaf8f66f8f9bf?s=96&d=mm&r=g","caption":"Comunica\u00e7\u00e3o PSOL"}}]}},"_links":{"self":[{"href":"https:\/\/psol50.org.br\/rest\/wp\/v2\/posts\/31120","targetHints":{"allow":["GET"]}}],"collection":[{"href":"https:\/\/psol50.org.br\/rest\/wp\/v2\/posts"}],"about":[{"href":"https:\/\/psol50.org.br\/rest\/wp\/v2\/types\/post"}],"author":[{"embeddable":true,"href":"https:\/\/psol50.org.br\/rest\/wp\/v2\/users\/2"}],"replies":[{"embeddable":true,"href":"https:\/\/psol50.org.br\/rest\/wp\/v2\/comments?post=31120"}],"version-history":[{"count":0,"href":"https:\/\/psol50.org.br\/rest\/wp\/v2\/posts\/31120\/revisions"}],"wp:featuredmedia":[{"embeddable":true,"href":"https:\/\/psol50.org.br\/rest\/wp\/v2\/media\/31125"}],"wp:attachment":[{"href":"https:\/\/psol50.org.br\/rest\/wp\/v2\/media?parent=31120"}],"wp:term":[{"taxonomy":"category","embeddable":true,"href":"https:\/\/psol50.org.br\/rest\/wp\/v2\/categories?post=31120"},{"taxonomy":"post_tag","embeddable":true,"href":"https:\/\/psol50.org.br\/rest\/wp\/v2\/tags?post=31120"}],"curies":[{"name":"wp","href":"https:\/\/api.w.org\/{rel}","templated":true}]}}