{"id":3113,"date":"2015-01-09T00:00:00","date_gmt":"2015-01-09T17:37:37","guid":{"rendered":"http:\/\/psol50.org.br\/arquivo\/2015\/01\/09\/mais-de-13-mil-trabalhadores-da-volks-continuam-em-greve-contra-demissoes\/"},"modified":"2015-01-09T00:00:00","modified_gmt":"2015-01-09T17:37:37","slug":"mais-de-13-mil-trabalhadores-da-volks-continuam-em-greve-contra-demissoes","status":"publish","type":"post","link":"https:\/\/psol50.org.br\/mais-de-13-mil-trabalhadores-da-volks-continuam-em-greve-contra-demissoes\/","title":{"rendered":"Mais de 13 mil trabalhadores da Volks continuam em greve contra demiss\u00f5es"},"content":{"rendered":"<p style=\"text-align: justify;\">\n\t<span style=\"font-size:12px;\"><span style=\"font-family: arial,helvetica,sans-serif;\"><em>Do PSOL Nacional, Leonor Costa<\/em><br \/>\n\t&nbsp;<br \/>\n\tDesde a \u00faltima ter\u00e7a-feira (06) mais de 13 mil trabalhadores da Volks em S\u00e3o Bernardo do Campo, no ABC Paulista, est\u00e3o em greve por tempo indeterminado contra a demiss\u00e3o de 800 metal\u00fargicos, feita pela dire\u00e7\u00e3o da empresa no in\u00edcio desta semana. Em assembleia realizada ontem (08) os grevistas decidiram continuar o movimento at\u00e9 que os demitidos sejam reintegrados. &nbsp;<br \/>\n\t&nbsp;<br \/>\n\tOs trabalhadores souberam de sua demiss\u00e3o por meio de telegrama que falava para n\u00e3o retornarem aos seus postos de trabalho ap\u00f3s o fim das f\u00e9rias coletivas. A correspond\u00eancia come\u00e7ou a ser enviada pela empresa dia 30 de dezembro e atingiu 800 funcion\u00e1rios. Al\u00e9m deles, a amea\u00e7a de demiss\u00e3o existe para outros 1300 trabalhadores, j\u00e1 que a Volks anunciou publicamente sua avalia\u00e7\u00e3o de que existem 2.100 excedentes na f\u00e1brica do ABC.<br \/>\n\t&nbsp;<br \/>\n\tPara a candidata \u00e0 Presid\u00eancia da Rep\u00fablica pelo PSOL, Luciana Genro, o \u00e2nimo de luta dos trabalhadores \u00e9 a sinaliza\u00e7\u00e3o mais importante contra os ajustes que j\u00e1 est\u00e3o em curso nesse segundo mandato da presidenta Dilma Rousseff, refor\u00e7ados no discurso de posse do ministro da Fazenda, Joaquim Levy. \u201cO governo e o empresariado caminham lado a lado para que o custo da crise que vive o pa\u00eds seja pago com demiss\u00f5es, cortes de direitos, aumentos de impostos e tarifas p\u00fablicas, como a gasolina e a energia el\u00e9trica. Este \u00e9 apenas o primeiro <em>round<\/em> da luta contra o ajuste. O PSOL tem lado e est\u00e1 junto ao povo lutando para resistir e derrotar o plano de Dilma-Levy. Uma vit\u00f3ria no ABC pode se espalhar pelo Brasil como um exemplo em defesa dos direitos sociais e trabalhistas\u201d, afirmou.<br \/>\n\t&nbsp;<br \/>\n\tSegundo informa\u00e7\u00f5es do Sindicato dos Metal\u00fargicos do ABC, desde o in\u00edcio da greve nenhum ve\u00edculo foi produzido na f\u00e1brica da montadora na Via Anchieta. O sindicato afirma, ainda, que o movimento ser\u00e1 intensificado nos pr\u00f3ximos dias. Na segunda-feira (12), ser\u00e1 realizado um grande ato p\u00fablico, \u00e0s 7h, no p\u00e1tio da Volks, contra as demiss\u00f5es e em defesa dos empregos. <\/span><\/span><\/p>\n<p>\n\t<span style=\"font-size:12px;\"><span style=\"font-family: arial,helvetica,sans-serif;\">&nbsp;<\/span><\/span><\/p>\n","protected":false},"excerpt":{"rendered":"<p>Do PSOL Nacional, Leonor Costa &nbsp; Desde a \u00faltima ter\u00e7a-feira (06) mais de 13 mil trabalhadores da Volks em S\u00e3o Bernardo do Campo, no ABC Paulista, est\u00e3o em greve por tempo indeterminado contra a demiss\u00e3o de 800 metal\u00fargicos, feita pela dire\u00e7\u00e3o da empresa no in\u00edcio desta semana. Em assembleia realizada ontem (08) os grevistas decidiram [&hellip;]<\/p>\n","protected":false},"author":2,"featured_media":0,"comment_status":"open","ping_status":"open","sticky":false,"template":"","format":"standard","meta":{"_acf_changed":false,"footnotes":""},"categories":[6],"tags":[],"class_list":{"0":"post-3113","1":"post","2":"type-post","3":"status-publish","4":"format-standard","6":"category-noticias"},"acf":[],"yoast_head":"<!-- This site is optimized with the Yoast SEO plugin v26.5 - https:\/\/yoast.com\/wordpress\/plugins\/seo\/ -->\n<title>Mais de 13 mil trabalhadores da Volks continuam em greve contra demiss\u00f5es - PSOL 50<\/title>\n<meta name=\"robots\" content=\"index, follow, max-snippet:-1, max-image-preview:large, max-video-preview:-1\" \/>\n<link rel=\"canonical\" href=\"https:\/\/psol50.org.br\/mais-de-13-mil-trabalhadores-da-volks-continuam-em-greve-contra-demissoes\/\" \/>\n<meta property=\"og:locale\" content=\"pt_BR\" \/>\n<meta property=\"og:type\" content=\"article\" \/>\n<meta property=\"og:title\" content=\"Mais de 13 mil trabalhadores da Volks continuam em greve contra demiss\u00f5es - PSOL 50\" \/>\n<meta property=\"og:description\" content=\"Do PSOL Nacional, Leonor Costa &nbsp; Desde a \u00faltima ter\u00e7a-feira (06) mais de 13 mil trabalhadores da Volks em S\u00e3o Bernardo do Campo, no ABC Paulista, est\u00e3o em greve por tempo indeterminado contra a demiss\u00e3o de 800 metal\u00fargicos, feita pela dire\u00e7\u00e3o da empresa no in\u00edcio desta semana. Em assembleia realizada ontem (08) os grevistas decidiram [&hellip;]\" \/>\n<meta property=\"og:url\" content=\"https:\/\/psol50.org.br\/mais-de-13-mil-trabalhadores-da-volks-continuam-em-greve-contra-demissoes\/\" \/>\n<meta property=\"og:site_name\" content=\"PSOL 50\" \/>\n<meta property=\"article:publisher\" content=\"https:\/\/www.facebook.com\/psol50\" \/>\n<meta property=\"article:published_time\" content=\"2015-01-09T17:37:37+00:00\" \/>\n<meta property=\"og:image\" content=\"https:\/\/psol50.org.br\/inc\/uploads\/2018\/07\/capa.png\" \/>\n\t<meta property=\"og:image:width\" content=\"1350\" \/>\n\t<meta property=\"og:image:height\" content=\"900\" \/>\n\t<meta property=\"og:image:type\" content=\"image\/png\" \/>\n<meta name=\"author\" content=\"Comunica\u00e7\u00e3o PSOL\" \/>\n<meta name=\"twitter:card\" content=\"summary_large_image\" \/>\n<meta name=\"twitter:creator\" content=\"@psol50\" \/>\n<meta name=\"twitter:site\" content=\"@psol50\" \/>\n<meta name=\"twitter:label1\" content=\"Escrito por\" \/>\n\t<meta name=\"twitter:data1\" content=\"Comunica\u00e7\u00e3o PSOL\" \/>\n\t<meta name=\"twitter:label2\" content=\"Est. tempo de leitura\" \/>\n\t<meta name=\"twitter:data2\" content=\"2 minutos\" \/>\n<script type=\"application\/ld+json\" class=\"yoast-schema-graph\">{\"@context\":\"https:\/\/schema.org\",\"@graph\":[{\"@type\":\"Article\",\"@id\":\"https:\/\/psol50.org.br\/mais-de-13-mil-trabalhadores-da-volks-continuam-em-greve-contra-demissoes\/#article\",\"isPartOf\":{\"@id\":\"https:\/\/psol50.org.br\/mais-de-13-mil-trabalhadores-da-volks-continuam-em-greve-contra-demissoes\/\"},\"author\":{\"name\":\"Comunica\u00e7\u00e3o PSOL\",\"@id\":\"https:\/\/psol50.org.br\/#\/schema\/person\/475dfa57d0b815993c714c2e96491fcd\"},\"headline\":\"Mais de 13 mil trabalhadores da Volks continuam em greve contra demiss\u00f5es\",\"datePublished\":\"2015-01-09T17:37:37+00:00\",\"mainEntityOfPage\":{\"@id\":\"https:\/\/psol50.org.br\/mais-de-13-mil-trabalhadores-da-volks-continuam-em-greve-contra-demissoes\/\"},\"wordCount\":372,\"commentCount\":0,\"publisher\":{\"@id\":\"https:\/\/psol50.org.br\/#organization\"},\"articleSection\":[\"Not\u00edcias\"],\"inLanguage\":\"pt-BR\",\"potentialAction\":[{\"@type\":\"CommentAction\",\"name\":\"Comment\",\"target\":[\"https:\/\/psol50.org.br\/mais-de-13-mil-trabalhadores-da-volks-continuam-em-greve-contra-demissoes\/#respond\"]}]},{\"@type\":\"WebPage\",\"@id\":\"https:\/\/psol50.org.br\/mais-de-13-mil-trabalhadores-da-volks-continuam-em-greve-contra-demissoes\/\",\"url\":\"https:\/\/psol50.org.br\/mais-de-13-mil-trabalhadores-da-volks-continuam-em-greve-contra-demissoes\/\",\"name\":\"Mais de 13 mil trabalhadores da Volks continuam em greve contra demiss\u00f5es - PSOL 50\",\"isPartOf\":{\"@id\":\"https:\/\/psol50.org.br\/#website\"},\"datePublished\":\"2015-01-09T17:37:37+00:00\",\"breadcrumb\":{\"@id\":\"https:\/\/psol50.org.br\/mais-de-13-mil-trabalhadores-da-volks-continuam-em-greve-contra-demissoes\/#breadcrumb\"},\"inLanguage\":\"pt-BR\",\"potentialAction\":[{\"@type\":\"ReadAction\",\"target\":[\"https:\/\/psol50.org.br\/mais-de-13-mil-trabalhadores-da-volks-continuam-em-greve-contra-demissoes\/\"]}]},{\"@type\":\"BreadcrumbList\",\"@id\":\"https:\/\/psol50.org.br\/mais-de-13-mil-trabalhadores-da-volks-continuam-em-greve-contra-demissoes\/#breadcrumb\",\"itemListElement\":[{\"@type\":\"ListItem\",\"position\":1,\"name\":\"In\u00edcio\",\"item\":\"https:\/\/psol50.org.br\/\"},{\"@type\":\"ListItem\",\"position\":2,\"name\":\"Mais de 13 mil trabalhadores da Volks continuam em greve contra demiss\u00f5es\"}]},{\"@type\":\"WebSite\",\"@id\":\"https:\/\/psol50.org.br\/#website\",\"url\":\"https:\/\/psol50.org.br\/\",\"name\":\"PSOL 50\",\"description\":\"Site oficial do Partido Socialismo e Liberdade\",\"publisher\":{\"@id\":\"https:\/\/psol50.org.br\/#organization\"},\"alternateName\":\"PSOL50\",\"potentialAction\":[{\"@type\":\"SearchAction\",\"target\":{\"@type\":\"EntryPoint\",\"urlTemplate\":\"https:\/\/psol50.org.br\/?s={search_term_string}\"},\"query-input\":{\"@type\":\"PropertyValueSpecification\",\"valueRequired\":true,\"valueName\":\"search_term_string\"}}],\"inLanguage\":\"pt-BR\"},{\"@type\":\"Organization\",\"@id\":\"https:\/\/psol50.org.br\/#organization\",\"name\":\"PSOL 50\",\"alternateName\":\"PSOL 50\",\"url\":\"https:\/\/psol50.org.br\/\",\"logo\":{\"@type\":\"ImageObject\",\"inLanguage\":\"pt-BR\",\"@id\":\"https:\/\/psol50.org.br\/#\/schema\/logo\/image\/\",\"url\":\"https:\/\/psol50.org.br\/inc\/uploads\/2018\/07\/capa.png\",\"contentUrl\":\"https:\/\/psol50.org.br\/inc\/uploads\/2018\/07\/capa.png\",\"width\":1350,\"height\":900,\"caption\":\"PSOL 50\"},\"image\":{\"@id\":\"https:\/\/psol50.org.br\/#\/schema\/logo\/image\/\"},\"sameAs\":[\"https:\/\/www.facebook.com\/psol50\",\"https:\/\/x.com\/psol50\",\"https:\/\/www.instagram.com\/psol50\/\",\"https:\/\/www.youtube.com\/channel\/UC7SnJS5o1os7a6CaiNabzcg\"]},{\"@type\":\"Person\",\"@id\":\"https:\/\/psol50.org.br\/#\/schema\/person\/475dfa57d0b815993c714c2e96491fcd\",\"name\":\"Comunica\u00e7\u00e3o PSOL\",\"image\":{\"@type\":\"ImageObject\",\"inLanguage\":\"pt-BR\",\"@id\":\"https:\/\/psol50.org.br\/#\/schema\/person\/image\/\",\"url\":\"https:\/\/secure.gravatar.com\/avatar\/b34fc4f4e468a4e51785917065a3db57b841f5c95dba6ad8c73aaf8f66f8f9bf?s=96&d=mm&r=g\",\"contentUrl\":\"https:\/\/secure.gravatar.com\/avatar\/b34fc4f4e468a4e51785917065a3db57b841f5c95dba6ad8c73aaf8f66f8f9bf?s=96&d=mm&r=g\",\"caption\":\"Comunica\u00e7\u00e3o PSOL\"}}]}<\/script>\n<!-- \/ Yoast SEO plugin. -->","yoast_head_json":{"title":"Mais de 13 mil trabalhadores da Volks continuam em greve contra demiss\u00f5es - PSOL 50","robots":{"index":"index","follow":"follow","max-snippet":"max-snippet:-1","max-image-preview":"max-image-preview:large","max-video-preview":"max-video-preview:-1"},"canonical":"https:\/\/psol50.org.br\/mais-de-13-mil-trabalhadores-da-volks-continuam-em-greve-contra-demissoes\/","og_locale":"pt_BR","og_type":"article","og_title":"Mais de 13 mil trabalhadores da Volks continuam em greve contra demiss\u00f5es - PSOL 50","og_description":"Do PSOL Nacional, Leonor Costa &nbsp; Desde a \u00faltima ter\u00e7a-feira (06) mais de 13 mil trabalhadores da Volks em S\u00e3o Bernardo do Campo, no ABC Paulista, est\u00e3o em greve por tempo indeterminado contra a demiss\u00e3o de 800 metal\u00fargicos, feita pela dire\u00e7\u00e3o da empresa no in\u00edcio desta semana. Em assembleia realizada ontem (08) os grevistas decidiram [&hellip;]","og_url":"https:\/\/psol50.org.br\/mais-de-13-mil-trabalhadores-da-volks-continuam-em-greve-contra-demissoes\/","og_site_name":"PSOL 50","article_publisher":"https:\/\/www.facebook.com\/psol50","article_published_time":"2015-01-09T17:37:37+00:00","og_image":[{"width":1350,"height":900,"url":"https:\/\/psol50.org.br\/inc\/uploads\/2018\/07\/capa.png","type":"image\/png"}],"author":"Comunica\u00e7\u00e3o PSOL","twitter_card":"summary_large_image","twitter_creator":"@psol50","twitter_site":"@psol50","twitter_misc":{"Escrito por":"Comunica\u00e7\u00e3o PSOL","Est. tempo de leitura":"2 minutos"},"schema":{"@context":"https:\/\/schema.org","@graph":[{"@type":"Article","@id":"https:\/\/psol50.org.br\/mais-de-13-mil-trabalhadores-da-volks-continuam-em-greve-contra-demissoes\/#article","isPartOf":{"@id":"https:\/\/psol50.org.br\/mais-de-13-mil-trabalhadores-da-volks-continuam-em-greve-contra-demissoes\/"},"author":{"name":"Comunica\u00e7\u00e3o PSOL","@id":"https:\/\/psol50.org.br\/#\/schema\/person\/475dfa57d0b815993c714c2e96491fcd"},"headline":"Mais de 13 mil trabalhadores da Volks continuam em greve contra demiss\u00f5es","datePublished":"2015-01-09T17:37:37+00:00","mainEntityOfPage":{"@id":"https:\/\/psol50.org.br\/mais-de-13-mil-trabalhadores-da-volks-continuam-em-greve-contra-demissoes\/"},"wordCount":372,"commentCount":0,"publisher":{"@id":"https:\/\/psol50.org.br\/#organization"},"articleSection":["Not\u00edcias"],"inLanguage":"pt-BR","potentialAction":[{"@type":"CommentAction","name":"Comment","target":["https:\/\/psol50.org.br\/mais-de-13-mil-trabalhadores-da-volks-continuam-em-greve-contra-demissoes\/#respond"]}]},{"@type":"WebPage","@id":"https:\/\/psol50.org.br\/mais-de-13-mil-trabalhadores-da-volks-continuam-em-greve-contra-demissoes\/","url":"https:\/\/psol50.org.br\/mais-de-13-mil-trabalhadores-da-volks-continuam-em-greve-contra-demissoes\/","name":"Mais de 13 mil trabalhadores da Volks continuam em greve contra demiss\u00f5es - PSOL 50","isPartOf":{"@id":"https:\/\/psol50.org.br\/#website"},"datePublished":"2015-01-09T17:37:37+00:00","breadcrumb":{"@id":"https:\/\/psol50.org.br\/mais-de-13-mil-trabalhadores-da-volks-continuam-em-greve-contra-demissoes\/#breadcrumb"},"inLanguage":"pt-BR","potentialAction":[{"@type":"ReadAction","target":["https:\/\/psol50.org.br\/mais-de-13-mil-trabalhadores-da-volks-continuam-em-greve-contra-demissoes\/"]}]},{"@type":"BreadcrumbList","@id":"https:\/\/psol50.org.br\/mais-de-13-mil-trabalhadores-da-volks-continuam-em-greve-contra-demissoes\/#breadcrumb","itemListElement":[{"@type":"ListItem","position":1,"name":"In\u00edcio","item":"https:\/\/psol50.org.br\/"},{"@type":"ListItem","position":2,"name":"Mais de 13 mil trabalhadores da Volks continuam em greve contra demiss\u00f5es"}]},{"@type":"WebSite","@id":"https:\/\/psol50.org.br\/#website","url":"https:\/\/psol50.org.br\/","name":"PSOL 50","description":"Site oficial do Partido Socialismo e Liberdade","publisher":{"@id":"https:\/\/psol50.org.br\/#organization"},"alternateName":"PSOL50","potentialAction":[{"@type":"SearchAction","target":{"@type":"EntryPoint","urlTemplate":"https:\/\/psol50.org.br\/?s={search_term_string}"},"query-input":{"@type":"PropertyValueSpecification","valueRequired":true,"valueName":"search_term_string"}}],"inLanguage":"pt-BR"},{"@type":"Organization","@id":"https:\/\/psol50.org.br\/#organization","name":"PSOL 50","alternateName":"PSOL 50","url":"https:\/\/psol50.org.br\/","logo":{"@type":"ImageObject","inLanguage":"pt-BR","@id":"https:\/\/psol50.org.br\/#\/schema\/logo\/image\/","url":"https:\/\/psol50.org.br\/inc\/uploads\/2018\/07\/capa.png","contentUrl":"https:\/\/psol50.org.br\/inc\/uploads\/2018\/07\/capa.png","width":1350,"height":900,"caption":"PSOL 50"},"image":{"@id":"https:\/\/psol50.org.br\/#\/schema\/logo\/image\/"},"sameAs":["https:\/\/www.facebook.com\/psol50","https:\/\/x.com\/psol50","https:\/\/www.instagram.com\/psol50\/","https:\/\/www.youtube.com\/channel\/UC7SnJS5o1os7a6CaiNabzcg"]},{"@type":"Person","@id":"https:\/\/psol50.org.br\/#\/schema\/person\/475dfa57d0b815993c714c2e96491fcd","name":"Comunica\u00e7\u00e3o PSOL","image":{"@type":"ImageObject","inLanguage":"pt-BR","@id":"https:\/\/psol50.org.br\/#\/schema\/person\/image\/","url":"https:\/\/secure.gravatar.com\/avatar\/b34fc4f4e468a4e51785917065a3db57b841f5c95dba6ad8c73aaf8f66f8f9bf?s=96&d=mm&r=g","contentUrl":"https:\/\/secure.gravatar.com\/avatar\/b34fc4f4e468a4e51785917065a3db57b841f5c95dba6ad8c73aaf8f66f8f9bf?s=96&d=mm&r=g","caption":"Comunica\u00e7\u00e3o PSOL"}}]}},"_links":{"self":[{"href":"https:\/\/psol50.org.br\/rest\/wp\/v2\/posts\/3113","targetHints":{"allow":["GET"]}}],"collection":[{"href":"https:\/\/psol50.org.br\/rest\/wp\/v2\/posts"}],"about":[{"href":"https:\/\/psol50.org.br\/rest\/wp\/v2\/types\/post"}],"author":[{"embeddable":true,"href":"https:\/\/psol50.org.br\/rest\/wp\/v2\/users\/2"}],"replies":[{"embeddable":true,"href":"https:\/\/psol50.org.br\/rest\/wp\/v2\/comments?post=3113"}],"version-history":[{"count":0,"href":"https:\/\/psol50.org.br\/rest\/wp\/v2\/posts\/3113\/revisions"}],"wp:attachment":[{"href":"https:\/\/psol50.org.br\/rest\/wp\/v2\/media?parent=3113"}],"wp:term":[{"taxonomy":"category","embeddable":true,"href":"https:\/\/psol50.org.br\/rest\/wp\/v2\/categories?post=3113"},{"taxonomy":"post_tag","embeddable":true,"href":"https:\/\/psol50.org.br\/rest\/wp\/v2\/tags?post=3113"}],"curies":[{"name":"wp","href":"https:\/\/api.w.org\/{rel}","templated":true}]}}