{"id":3114,"date":"2015-01-12T00:00:00","date_gmt":"2015-01-12T14:59:29","guid":{"rendered":"http:\/\/psol50.org.br\/arquivo\/2015\/01\/12\/ex-candidato-do-psol-pb-a-governador-esclarece-que-nao-fara-parte-do-governo-estadual\/"},"modified":"2015-01-12T00:00:00","modified_gmt":"2015-01-12T14:59:29","slug":"ex-candidato-do-psol-pb-a-governador-esclarece-que-nao-fara-parte-do-governo-estadual","status":"publish","type":"post","link":"https:\/\/psol50.org.br\/ex-candidato-do-psol-pb-a-governador-esclarece-que-nao-fara-parte-do-governo-estadual\/","title":{"rendered":"Ex-candidato do PSOL-PB a governador esclarece que n\u00e3o far\u00e1 parte do governo estadual"},"content":{"rendered":"<p style=\"text-align: justify;\">\n\t<span style=\"font-family:arial,helvetica,sans-serif;\"><span style=\"font-size: 12px;\">O ex-candidato do PSOL ao Governo da Para\u00edba, T\u00e1rcio Teixeira, divulgou neste domingo (11) nota de esclarecimento desmentindo a falsa informa\u00e7\u00e3o de que ele faria parte do Governo de Ricardo Coutinho, reeleito governador do Estado nas elei\u00e7\u00f5es de outubro. &nbsp;Isso porque, em entrevista no \u00faltimo dia 8 de janeiro, um deputado estadual afirmou que o ex-candidato do PSOL, que \u00e9 vice-presidente do partido na Para\u00edba, seria nomeado secret\u00e1rio de Planejamento. &nbsp;<br \/>\n\t&nbsp;<br \/>\n\t\u201cN\u00e3o sou e n\u00e3o farei parte de um governo que \u00e9 apenas o aprofundamento de um primeiro governo que esteve (e segue na mesma linha) atrelado \u00e0s oligarquias, atacando servidores\/as, n\u00e3o avan\u00e7ando no aprimoramento estrutural das diferentes pol\u00edticas p\u00fablicas e que segue entregando o patrim\u00f4nio p\u00fablico para iniciativa privada\u201d, afirmou o dirigente do PSOL-PB.<br \/>\n\t&nbsp;<br \/>\n\tLeia a \u00edntegra da nota.<br \/>\n\t&nbsp;<br \/>\n\t\u201cNota de Esclarecimento: N\u00e3o fa\u00e7o (e n\u00e3o farei) parte do Governo Ricardo II<br \/>\n\t&nbsp;<br \/>\n\tNa \u00faltima quinta-feira, 8 de janeiro, em entrevista publicada no Parlamento PB, importante e respeitado portal de not\u00edcia, o deputado Estadual Raniery Paulino afirmou que eu seria o Secret\u00e1rio de Planejamento do Estado da Para\u00edba. Por mais que eu saiba que o deputado apenas trocou os nomes, a mat\u00e9ria foi reproduzida em dezenas de outros portais apresentando meu nome, T\u00e1rcio Teixeira, como Secret\u00e1rio de Planejamento do Governo Ricardo II, fato este que obriga alguns esclarecimentos.<br \/>\n\t&nbsp;<br \/>\n\tN\u00e3o sou e n\u00e3o farei parte de um governo que \u00e9 apenas o aprofundamento de um primeiro governo que esteve (e segue na mesma linha) atrelado \u00e0s oligarquias, atacando servidores\/as, n\u00e3o avan\u00e7ando no aprimoramento estrutural das diferentes pol\u00edticas p\u00fablicas e que segue entregando o patrim\u00f4nio p\u00fablico para iniciativa privada.<br \/>\n\t&nbsp;<br \/>\n\tPelos mesmos motivos, nem eu, nem o PSOL como um todo, faremos parte do governo do PT em Jo\u00e3o Pessoa, governo este que tem recebido duras cr\u00edticas da popula\u00e7\u00e3o e que deixa ainda mais claro o seu perfil ao rastejar na tentativa de que o PSB fa\u00e7a parte do Secretariado da Prefeitura de Jo\u00e3o Pessoa e ao ter o PSDB na sua base aliada, um n\u00edtido processo de negociata pol\u00edtica que n\u00e3o ajuda tecnicamente (ou politicamente) ao desenvolvimento da nossa Capital.<br \/>\n\t&nbsp;<br \/>\n\tSeguimos no campo da oposi\u00e7\u00e3o de esquerda, n\u00e3o recuaremos por cargos, como fazem as legendas que j\u00e1 governaram a Para\u00edba e que estiveram, em um momento ou em outro, de bra\u00e7os dados, remando o mesmo barco; para que n\u00e3o reste d\u00favida, falo especialmente da hist\u00f3rica rela\u00e7\u00e3o entre PT, PSB, PSDB e do PMDB. \u00c9 hora de uma verdadeira mudan\u00e7a em Jo\u00e3o Pessoa e na Para\u00edba\u201d.<br \/>\n\t&nbsp;<\/span><\/span><\/p>\n","protected":false},"excerpt":{"rendered":"<p>O ex-candidato do PSOL ao Governo da Para\u00edba, T\u00e1rcio Teixeira, divulgou neste domingo (11) nota de esclarecimento desmentindo a falsa informa\u00e7\u00e3o de que ele faria parte do Governo de Ricardo Coutinho, reeleito governador do Estado nas elei\u00e7\u00f5es de outubro. &nbsp;Isso porque, em entrevista no \u00faltimo dia 8 de janeiro, um deputado estadual afirmou que o [&hellip;]<\/p>\n","protected":false},"author":2,"featured_media":0,"comment_status":"open","ping_status":"open","sticky":false,"template":"","format":"standard","meta":{"_acf_changed":false,"footnotes":""},"categories":[6],"tags":[22],"class_list":{"0":"post-3114","1":"post","2":"type-post","3":"status-publish","4":"format-standard","6":"category-noticias","7":"tag-psol"},"acf":[],"yoast_head":"<!-- This site is optimized with the Yoast SEO plugin v26.5 - https:\/\/yoast.com\/wordpress\/plugins\/seo\/ -->\n<title>Ex-candidato do PSOL-PB a governador esclarece que n\u00e3o far\u00e1 parte do governo estadual - PSOL 50<\/title>\n<meta name=\"robots\" content=\"index, follow, max-snippet:-1, max-image-preview:large, max-video-preview:-1\" \/>\n<link rel=\"canonical\" href=\"https:\/\/psol50.org.br\/ex-candidato-do-psol-pb-a-governador-esclarece-que-nao-fara-parte-do-governo-estadual\/\" \/>\n<meta property=\"og:locale\" content=\"pt_BR\" \/>\n<meta property=\"og:type\" content=\"article\" \/>\n<meta property=\"og:title\" content=\"Ex-candidato do PSOL-PB a governador esclarece que n\u00e3o far\u00e1 parte do governo estadual - PSOL 50\" \/>\n<meta property=\"og:description\" content=\"O ex-candidato do PSOL ao Governo da Para\u00edba, T\u00e1rcio Teixeira, divulgou neste domingo (11) nota de esclarecimento desmentindo a falsa informa\u00e7\u00e3o de que ele faria parte do Governo de Ricardo Coutinho, reeleito governador do Estado nas elei\u00e7\u00f5es de outubro. &nbsp;Isso porque, em entrevista no \u00faltimo dia 8 de janeiro, um deputado estadual afirmou que o [&hellip;]\" \/>\n<meta property=\"og:url\" content=\"https:\/\/psol50.org.br\/ex-candidato-do-psol-pb-a-governador-esclarece-que-nao-fara-parte-do-governo-estadual\/\" \/>\n<meta property=\"og:site_name\" content=\"PSOL 50\" \/>\n<meta property=\"article:publisher\" content=\"https:\/\/www.facebook.com\/psol50\" \/>\n<meta property=\"article:published_time\" content=\"2015-01-12T14:59:29+00:00\" \/>\n<meta property=\"og:image\" content=\"https:\/\/psol50.org.br\/inc\/uploads\/2018\/07\/capa.png\" \/>\n\t<meta property=\"og:image:width\" content=\"1350\" \/>\n\t<meta property=\"og:image:height\" content=\"900\" \/>\n\t<meta property=\"og:image:type\" content=\"image\/png\" \/>\n<meta name=\"author\" content=\"Comunica\u00e7\u00e3o PSOL\" \/>\n<meta name=\"twitter:card\" content=\"summary_large_image\" \/>\n<meta name=\"twitter:creator\" content=\"@psol50\" \/>\n<meta name=\"twitter:site\" content=\"@psol50\" \/>\n<meta name=\"twitter:label1\" content=\"Escrito por\" \/>\n\t<meta name=\"twitter:data1\" content=\"Comunica\u00e7\u00e3o PSOL\" \/>\n\t<meta name=\"twitter:label2\" content=\"Est. tempo de leitura\" \/>\n\t<meta name=\"twitter:data2\" content=\"2 minutos\" \/>\n<script type=\"application\/ld+json\" class=\"yoast-schema-graph\">{\"@context\":\"https:\/\/schema.org\",\"@graph\":[{\"@type\":\"Article\",\"@id\":\"https:\/\/psol50.org.br\/ex-candidato-do-psol-pb-a-governador-esclarece-que-nao-fara-parte-do-governo-estadual\/#article\",\"isPartOf\":{\"@id\":\"https:\/\/psol50.org.br\/ex-candidato-do-psol-pb-a-governador-esclarece-que-nao-fara-parte-do-governo-estadual\/\"},\"author\":{\"name\":\"Comunica\u00e7\u00e3o PSOL\",\"@id\":\"https:\/\/psol50.org.br\/#\/schema\/person\/475dfa57d0b815993c714c2e96491fcd\"},\"headline\":\"Ex-candidato do PSOL-PB a governador esclarece que n\u00e3o far\u00e1 parte do governo estadual\",\"datePublished\":\"2015-01-12T14:59:29+00:00\",\"mainEntityOfPage\":{\"@id\":\"https:\/\/psol50.org.br\/ex-candidato-do-psol-pb-a-governador-esclarece-que-nao-fara-parte-do-governo-estadual\/\"},\"wordCount\":481,\"commentCount\":0,\"publisher\":{\"@id\":\"https:\/\/psol50.org.br\/#organization\"},\"keywords\":[\"PSOL\"],\"articleSection\":[\"Not\u00edcias\"],\"inLanguage\":\"pt-BR\",\"potentialAction\":[{\"@type\":\"CommentAction\",\"name\":\"Comment\",\"target\":[\"https:\/\/psol50.org.br\/ex-candidato-do-psol-pb-a-governador-esclarece-que-nao-fara-parte-do-governo-estadual\/#respond\"]}]},{\"@type\":\"WebPage\",\"@id\":\"https:\/\/psol50.org.br\/ex-candidato-do-psol-pb-a-governador-esclarece-que-nao-fara-parte-do-governo-estadual\/\",\"url\":\"https:\/\/psol50.org.br\/ex-candidato-do-psol-pb-a-governador-esclarece-que-nao-fara-parte-do-governo-estadual\/\",\"name\":\"Ex-candidato do PSOL-PB a governador esclarece que n\u00e3o far\u00e1 parte do governo estadual - PSOL 50\",\"isPartOf\":{\"@id\":\"https:\/\/psol50.org.br\/#website\"},\"datePublished\":\"2015-01-12T14:59:29+00:00\",\"breadcrumb\":{\"@id\":\"https:\/\/psol50.org.br\/ex-candidato-do-psol-pb-a-governador-esclarece-que-nao-fara-parte-do-governo-estadual\/#breadcrumb\"},\"inLanguage\":\"pt-BR\",\"potentialAction\":[{\"@type\":\"ReadAction\",\"target\":[\"https:\/\/psol50.org.br\/ex-candidato-do-psol-pb-a-governador-esclarece-que-nao-fara-parte-do-governo-estadual\/\"]}]},{\"@type\":\"BreadcrumbList\",\"@id\":\"https:\/\/psol50.org.br\/ex-candidato-do-psol-pb-a-governador-esclarece-que-nao-fara-parte-do-governo-estadual\/#breadcrumb\",\"itemListElement\":[{\"@type\":\"ListItem\",\"position\":1,\"name\":\"In\u00edcio\",\"item\":\"https:\/\/psol50.org.br\/\"},{\"@type\":\"ListItem\",\"position\":2,\"name\":\"Ex-candidato do PSOL-PB a governador esclarece que n\u00e3o far\u00e1 parte do governo estadual\"}]},{\"@type\":\"WebSite\",\"@id\":\"https:\/\/psol50.org.br\/#website\",\"url\":\"https:\/\/psol50.org.br\/\",\"name\":\"PSOL 50\",\"description\":\"Site oficial do Partido Socialismo e Liberdade\",\"publisher\":{\"@id\":\"https:\/\/psol50.org.br\/#organization\"},\"alternateName\":\"PSOL50\",\"potentialAction\":[{\"@type\":\"SearchAction\",\"target\":{\"@type\":\"EntryPoint\",\"urlTemplate\":\"https:\/\/psol50.org.br\/?s={search_term_string}\"},\"query-input\":{\"@type\":\"PropertyValueSpecification\",\"valueRequired\":true,\"valueName\":\"search_term_string\"}}],\"inLanguage\":\"pt-BR\"},{\"@type\":\"Organization\",\"@id\":\"https:\/\/psol50.org.br\/#organization\",\"name\":\"PSOL 50\",\"alternateName\":\"PSOL 50\",\"url\":\"https:\/\/psol50.org.br\/\",\"logo\":{\"@type\":\"ImageObject\",\"inLanguage\":\"pt-BR\",\"@id\":\"https:\/\/psol50.org.br\/#\/schema\/logo\/image\/\",\"url\":\"https:\/\/psol50.org.br\/inc\/uploads\/2018\/07\/capa.png\",\"contentUrl\":\"https:\/\/psol50.org.br\/inc\/uploads\/2018\/07\/capa.png\",\"width\":1350,\"height\":900,\"caption\":\"PSOL 50\"},\"image\":{\"@id\":\"https:\/\/psol50.org.br\/#\/schema\/logo\/image\/\"},\"sameAs\":[\"https:\/\/www.facebook.com\/psol50\",\"https:\/\/x.com\/psol50\",\"https:\/\/www.instagram.com\/psol50\/\",\"https:\/\/www.youtube.com\/channel\/UC7SnJS5o1os7a6CaiNabzcg\"]},{\"@type\":\"Person\",\"@id\":\"https:\/\/psol50.org.br\/#\/schema\/person\/475dfa57d0b815993c714c2e96491fcd\",\"name\":\"Comunica\u00e7\u00e3o PSOL\",\"image\":{\"@type\":\"ImageObject\",\"inLanguage\":\"pt-BR\",\"@id\":\"https:\/\/psol50.org.br\/#\/schema\/person\/image\/\",\"url\":\"https:\/\/secure.gravatar.com\/avatar\/b34fc4f4e468a4e51785917065a3db57b841f5c95dba6ad8c73aaf8f66f8f9bf?s=96&d=mm&r=g\",\"contentUrl\":\"https:\/\/secure.gravatar.com\/avatar\/b34fc4f4e468a4e51785917065a3db57b841f5c95dba6ad8c73aaf8f66f8f9bf?s=96&d=mm&r=g\",\"caption\":\"Comunica\u00e7\u00e3o PSOL\"}}]}<\/script>\n<!-- \/ Yoast SEO plugin. -->","yoast_head_json":{"title":"Ex-candidato do PSOL-PB a governador esclarece que n\u00e3o far\u00e1 parte do governo estadual - PSOL 50","robots":{"index":"index","follow":"follow","max-snippet":"max-snippet:-1","max-image-preview":"max-image-preview:large","max-video-preview":"max-video-preview:-1"},"canonical":"https:\/\/psol50.org.br\/ex-candidato-do-psol-pb-a-governador-esclarece-que-nao-fara-parte-do-governo-estadual\/","og_locale":"pt_BR","og_type":"article","og_title":"Ex-candidato do PSOL-PB a governador esclarece que n\u00e3o far\u00e1 parte do governo estadual - PSOL 50","og_description":"O ex-candidato do PSOL ao Governo da Para\u00edba, T\u00e1rcio Teixeira, divulgou neste domingo (11) nota de esclarecimento desmentindo a falsa informa\u00e7\u00e3o de que ele faria parte do Governo de Ricardo Coutinho, reeleito governador do Estado nas elei\u00e7\u00f5es de outubro. &nbsp;Isso porque, em entrevista no \u00faltimo dia 8 de janeiro, um deputado estadual afirmou que o [&hellip;]","og_url":"https:\/\/psol50.org.br\/ex-candidato-do-psol-pb-a-governador-esclarece-que-nao-fara-parte-do-governo-estadual\/","og_site_name":"PSOL 50","article_publisher":"https:\/\/www.facebook.com\/psol50","article_published_time":"2015-01-12T14:59:29+00:00","og_image":[{"width":1350,"height":900,"url":"https:\/\/psol50.org.br\/inc\/uploads\/2018\/07\/capa.png","type":"image\/png"}],"author":"Comunica\u00e7\u00e3o PSOL","twitter_card":"summary_large_image","twitter_creator":"@psol50","twitter_site":"@psol50","twitter_misc":{"Escrito por":"Comunica\u00e7\u00e3o PSOL","Est. tempo de leitura":"2 minutos"},"schema":{"@context":"https:\/\/schema.org","@graph":[{"@type":"Article","@id":"https:\/\/psol50.org.br\/ex-candidato-do-psol-pb-a-governador-esclarece-que-nao-fara-parte-do-governo-estadual\/#article","isPartOf":{"@id":"https:\/\/psol50.org.br\/ex-candidato-do-psol-pb-a-governador-esclarece-que-nao-fara-parte-do-governo-estadual\/"},"author":{"name":"Comunica\u00e7\u00e3o PSOL","@id":"https:\/\/psol50.org.br\/#\/schema\/person\/475dfa57d0b815993c714c2e96491fcd"},"headline":"Ex-candidato do PSOL-PB a governador esclarece que n\u00e3o far\u00e1 parte do governo estadual","datePublished":"2015-01-12T14:59:29+00:00","mainEntityOfPage":{"@id":"https:\/\/psol50.org.br\/ex-candidato-do-psol-pb-a-governador-esclarece-que-nao-fara-parte-do-governo-estadual\/"},"wordCount":481,"commentCount":0,"publisher":{"@id":"https:\/\/psol50.org.br\/#organization"},"keywords":["PSOL"],"articleSection":["Not\u00edcias"],"inLanguage":"pt-BR","potentialAction":[{"@type":"CommentAction","name":"Comment","target":["https:\/\/psol50.org.br\/ex-candidato-do-psol-pb-a-governador-esclarece-que-nao-fara-parte-do-governo-estadual\/#respond"]}]},{"@type":"WebPage","@id":"https:\/\/psol50.org.br\/ex-candidato-do-psol-pb-a-governador-esclarece-que-nao-fara-parte-do-governo-estadual\/","url":"https:\/\/psol50.org.br\/ex-candidato-do-psol-pb-a-governador-esclarece-que-nao-fara-parte-do-governo-estadual\/","name":"Ex-candidato do PSOL-PB a governador esclarece que n\u00e3o far\u00e1 parte do governo estadual - PSOL 50","isPartOf":{"@id":"https:\/\/psol50.org.br\/#website"},"datePublished":"2015-01-12T14:59:29+00:00","breadcrumb":{"@id":"https:\/\/psol50.org.br\/ex-candidato-do-psol-pb-a-governador-esclarece-que-nao-fara-parte-do-governo-estadual\/#breadcrumb"},"inLanguage":"pt-BR","potentialAction":[{"@type":"ReadAction","target":["https:\/\/psol50.org.br\/ex-candidato-do-psol-pb-a-governador-esclarece-que-nao-fara-parte-do-governo-estadual\/"]}]},{"@type":"BreadcrumbList","@id":"https:\/\/psol50.org.br\/ex-candidato-do-psol-pb-a-governador-esclarece-que-nao-fara-parte-do-governo-estadual\/#breadcrumb","itemListElement":[{"@type":"ListItem","position":1,"name":"In\u00edcio","item":"https:\/\/psol50.org.br\/"},{"@type":"ListItem","position":2,"name":"Ex-candidato do PSOL-PB a governador esclarece que n\u00e3o far\u00e1 parte do governo estadual"}]},{"@type":"WebSite","@id":"https:\/\/psol50.org.br\/#website","url":"https:\/\/psol50.org.br\/","name":"PSOL 50","description":"Site oficial do Partido Socialismo e Liberdade","publisher":{"@id":"https:\/\/psol50.org.br\/#organization"},"alternateName":"PSOL50","potentialAction":[{"@type":"SearchAction","target":{"@type":"EntryPoint","urlTemplate":"https:\/\/psol50.org.br\/?s={search_term_string}"},"query-input":{"@type":"PropertyValueSpecification","valueRequired":true,"valueName":"search_term_string"}}],"inLanguage":"pt-BR"},{"@type":"Organization","@id":"https:\/\/psol50.org.br\/#organization","name":"PSOL 50","alternateName":"PSOL 50","url":"https:\/\/psol50.org.br\/","logo":{"@type":"ImageObject","inLanguage":"pt-BR","@id":"https:\/\/psol50.org.br\/#\/schema\/logo\/image\/","url":"https:\/\/psol50.org.br\/inc\/uploads\/2018\/07\/capa.png","contentUrl":"https:\/\/psol50.org.br\/inc\/uploads\/2018\/07\/capa.png","width":1350,"height":900,"caption":"PSOL 50"},"image":{"@id":"https:\/\/psol50.org.br\/#\/schema\/logo\/image\/"},"sameAs":["https:\/\/www.facebook.com\/psol50","https:\/\/x.com\/psol50","https:\/\/www.instagram.com\/psol50\/","https:\/\/www.youtube.com\/channel\/UC7SnJS5o1os7a6CaiNabzcg"]},{"@type":"Person","@id":"https:\/\/psol50.org.br\/#\/schema\/person\/475dfa57d0b815993c714c2e96491fcd","name":"Comunica\u00e7\u00e3o PSOL","image":{"@type":"ImageObject","inLanguage":"pt-BR","@id":"https:\/\/psol50.org.br\/#\/schema\/person\/image\/","url":"https:\/\/secure.gravatar.com\/avatar\/b34fc4f4e468a4e51785917065a3db57b841f5c95dba6ad8c73aaf8f66f8f9bf?s=96&d=mm&r=g","contentUrl":"https:\/\/secure.gravatar.com\/avatar\/b34fc4f4e468a4e51785917065a3db57b841f5c95dba6ad8c73aaf8f66f8f9bf?s=96&d=mm&r=g","caption":"Comunica\u00e7\u00e3o PSOL"}}]}},"_links":{"self":[{"href":"https:\/\/psol50.org.br\/rest\/wp\/v2\/posts\/3114","targetHints":{"allow":["GET"]}}],"collection":[{"href":"https:\/\/psol50.org.br\/rest\/wp\/v2\/posts"}],"about":[{"href":"https:\/\/psol50.org.br\/rest\/wp\/v2\/types\/post"}],"author":[{"embeddable":true,"href":"https:\/\/psol50.org.br\/rest\/wp\/v2\/users\/2"}],"replies":[{"embeddable":true,"href":"https:\/\/psol50.org.br\/rest\/wp\/v2\/comments?post=3114"}],"version-history":[{"count":0,"href":"https:\/\/psol50.org.br\/rest\/wp\/v2\/posts\/3114\/revisions"}],"wp:attachment":[{"href":"https:\/\/psol50.org.br\/rest\/wp\/v2\/media?parent=3114"}],"wp:term":[{"taxonomy":"category","embeddable":true,"href":"https:\/\/psol50.org.br\/rest\/wp\/v2\/categories?post=3114"},{"taxonomy":"post_tag","embeddable":true,"href":"https:\/\/psol50.org.br\/rest\/wp\/v2\/tags?post=3114"}],"curies":[{"name":"wp","href":"https:\/\/api.w.org\/{rel}","templated":true}]}}