{"id":31147,"date":"2020-11-12T12:31:40","date_gmt":"2020-11-12T15:31:40","guid":{"rendered":"https:\/\/psol50.org.br\/?p=31147"},"modified":"2020-11-12T12:31:40","modified_gmt":"2020-11-12T15:31:40","slug":"professor-elson-esta-em-2o-nas-pesquisas-e-frente-democratica-pode-ir-ao-segundo-turno-em-florianopolis","status":"publish","type":"post","link":"https:\/\/psol50.org.br\/professor-elson-esta-em-2o-nas-pesquisas-e-frente-democratica-pode-ir-ao-segundo-turno-em-florianopolis\/","title":{"rendered":"Professor Elson est\u00e1 em 2\u00ba nas pesquisas e Frente Democr\u00e1tica pode ir ao segundo turno em Florian\u00f3polis"},"content":{"rendered":"<p><a href=\"https:\/\/psol50.org.br\/rendajusta\/\" target=\"_blank\" rel=\"noopener noreferrer\"><img loading=\"lazy\" decoding=\"async\" class=\"alignnone size-full wp-image-30552\" src=\"https:\/\/psol50.org.br\/inc\/uploads\/2020\/08\/21-08-2020_LancamentoRendaJusta-2.png\" alt=\"\" width=\"1920\" height=\"383\" srcset=\"https:\/\/psol50.org.br\/inc\/uploads\/2020\/08\/21-08-2020_LancamentoRendaJusta-2.png 1920w, https:\/\/psol50.org.br\/inc\/uploads\/2020\/08\/21-08-2020_LancamentoRendaJusta-2-300x60.png 300w, https:\/\/psol50.org.br\/inc\/uploads\/2020\/08\/21-08-2020_LancamentoRendaJusta-2-1024x204.png 1024w, https:\/\/psol50.org.br\/inc\/uploads\/2020\/08\/21-08-2020_LancamentoRendaJusta-2-768x153.png 768w, https:\/\/psol50.org.br\/inc\/uploads\/2020\/08\/21-08-2020_LancamentoRendaJusta-2-1536x306.png 1536w, https:\/\/psol50.org.br\/inc\/uploads\/2020\/08\/21-08-2020_LancamentoRendaJusta-2-150x30.png 150w, https:\/\/psol50.org.br\/inc\/uploads\/2020\/08\/21-08-2020_LancamentoRendaJusta-2-696x139.png 696w, https:\/\/psol50.org.br\/inc\/uploads\/2020\/08\/21-08-2020_LancamentoRendaJusta-2-1068x213.png 1068w\" sizes=\"auto, (max-width: 1920px) 100vw, 1920px\" \/><\/a><\/p>\n<p>No pr\u00f3ximo domingo (15), a cidade de Florian\u00f3polis vai \u00e0s urnas para escolher o novo prefeito da capital catarinense. Em uma das experi\u00eancias mais bem sucedidas de uni\u00e3o das esquerdas e das for\u00e7as progressistas e democr\u00e1ticas de todo o Brasil, a candidatura do Professor Elson Pereira, que encabe\u00e7a a chapa da Frente Democr\u00e1tica por Floripa representando o PSOL, dobrou suas inten\u00e7\u00f5es de voto de uma pesquisa para outra, com 13%, e est\u00e1 em segundo lugar na disputa \u00e0 Prefeitura.<\/p>\n<blockquote class=\"twitter-tweet\" data-width=\"550\" data-dnt=\"true\">\n<p lang=\"pt\" dir=\"ltr\">Na capital catarinense, <a href=\"https:\/\/twitter.com\/Prof_Elson50?ref_src=twsrc%5Etfw\">@Prof_Elson50<\/a> cresceu e est\u00e1 a caminho do segundo turno. Vote 50 em Floripa! <a href=\"https:\/\/t.co\/LDzOT4JrGx\">pic.twitter.com\/LDzOT4JrGx<\/a><\/p>\n<p>&mdash; PSOL 50 (@psol50) <a href=\"https:\/\/twitter.com\/psol50\/status\/1323632241721909248?ref_src=twsrc%5Etfw\">November 3, 2020<\/a><\/p><\/blockquote>\n<p><script async src=\"https:\/\/platform.twitter.com\/widgets.js\" charset=\"utf-8\"><\/script><\/p>\n<p>Elson foi escolhido como cabe\u00e7a de chapa de uma ampla coaliz\u00e3o da esquerda na cidade, que re\u00fane nove organiza\u00e7\u00f5es pol\u00edticas (PSOL, PDT, PT, PCdoB, PSB, REDE, UP, PCLCP e UCB). O candidato a vice na chapa \u00e9 o vereador e militante do movimento negro Lino Peres (PT).<\/p>\n<blockquote class=\"twitter-tweet\" data-width=\"550\" data-dnt=\"true\">\n<p lang=\"pt\" dir=\"ltr\">\u00c9 assim que vamos pro segundo turno, com o apoio de quem quer uma cidade plural, justa, que esteja ao lado do povo. Venha tamb\u00e9m construir a Floripa de Toda Nossa Gente! \u270a\ud83c\udffd<a href=\"https:\/\/twitter.com\/hashtag\/FrenteFloripa?src=hash&amp;ref_src=twsrc%5Etfw\">#FrenteFloripa<\/a> <a href=\"https:\/\/twitter.com\/hashtag\/Elson50?src=hash&amp;ref_src=twsrc%5Etfw\">#Elson50<\/a> <a href=\"https:\/\/twitter.com\/hashtag\/ElsonELino50?src=hash&amp;ref_src=twsrc%5Etfw\">#ElsonELino50<\/a> <a href=\"https:\/\/twitter.com\/hashtag\/Florian%C3%B3polis?src=hash&amp;ref_src=twsrc%5Etfw\">#Florian\u00f3polis<\/a> <a href=\"https:\/\/twitter.com\/hashtag\/Floripadetodanossagente?src=hash&amp;ref_src=twsrc%5Etfw\">#Floripadetodanossagente<\/a> <a href=\"https:\/\/twitter.com\/hashtag\/Floripadenossagente?src=hash&amp;ref_src=twsrc%5Etfw\">#Floripadenossagente<\/a> <a href=\"https:\/\/t.co\/fr8ea8Vf64\">pic.twitter.com\/fr8ea8Vf64<\/a><\/p>\n<p>&mdash; Elson Pereira (@Prof_Elson50) <a href=\"https:\/\/twitter.com\/Prof_Elson50\/status\/1321107631524765696?ref_src=twsrc%5Etfw\">October 27, 2020<\/a><\/p><\/blockquote>\n<p><script async src=\"https:\/\/platform.twitter.com\/widgets.js\" charset=\"utf-8\"><\/script><\/p>\n<p>Com 13% na \u00faltima pesquisa Ibope divulgada, Professor Elson aparece \u00e0 frente de todos os concorrentes, com exce\u00e7\u00e3o do atual prefeito Gean Loureiro. A candidatura do PSOL se consolida como a principal alternativa de oposi\u00e7\u00e3o na cidade e a \u00fanica capaz de fazer com que aconte\u00e7a o segundo turno em Florian\u00f3polis.<\/p>\n<blockquote class=\"twitter-tweet\" data-width=\"550\" data-dnt=\"true\">\n<p lang=\"pt\" dir=\"ltr\">Reta final! <br \/>Hoje quem veio para as\u00a0ruas nos apoiar foi o presidente nacional do PSOL, Juliano Medeiros. Tamb\u00e9m precisamos do seu voto para seguirmos rumo ao segundo turno.<a href=\"https:\/\/twitter.com\/hashtag\/Elson50?src=hash&amp;ref_src=twsrc%5Etfw\">#Elson50<\/a> <a href=\"https:\/\/twitter.com\/hashtag\/ElsonELino50?src=hash&amp;ref_src=twsrc%5Etfw\">#ElsonELino50<\/a> <a href=\"https:\/\/twitter.com\/hashtag\/Florian%C3%B3polis?src=hash&amp;ref_src=twsrc%5Etfw\">#Florian\u00f3polis<\/a> <a href=\"https:\/\/twitter.com\/hashtag\/Floripadetodanossagente?src=hash&amp;ref_src=twsrc%5Etfw\">#Floripadetodanossagente<\/a> <a href=\"https:\/\/twitter.com\/hashtag\/Floripadenossagente?src=hash&amp;ref_src=twsrc%5Etfw\">#Floripadenossagente<\/a> <a href=\"https:\/\/twitter.com\/hashtag\/Vote50?src=hash&amp;ref_src=twsrc%5Etfw\">#Vote50<\/a> <a href=\"https:\/\/t.co\/kH3fTZVDOy\">pic.twitter.com\/kH3fTZVDOy<\/a><\/p>\n<p>&mdash; Elson Pereira (@Prof_Elson50) <a href=\"https:\/\/twitter.com\/Prof_Elson50\/status\/1324826238742073345?ref_src=twsrc%5Etfw\">November 6, 2020<\/a><\/p><\/blockquote>\n<p><script async src=\"https:\/\/platform.twitter.com\/widgets.js\" charset=\"utf-8\"><\/script><\/p>\n<p>Defensor da gest\u00e3o participativa, Elson prop\u00f5e junto com a coliga\u00e7\u00e3o, uma administra\u00e7\u00e3o p\u00fablica que ouve e chama as pessoas para as decis\u00f5es da cidade. \u201cMais do que uma uni\u00e3o de siglas partid\u00e1rias, que tem hist\u00f3ria na constru\u00e7\u00e3o de uma cidade mais solid\u00e1ria, justa e humanista, a nossa coliga\u00e7\u00e3o representa um programa de governo que objetiva colocar nas m\u00e3os da popula\u00e7\u00e3o de Florian\u00f3polis a constru\u00e7\u00e3o de seu futuro\u201d, afirmou ainda na formaliza\u00e7\u00e3o da candidatura, no in\u00edcio da campanha.<\/p>\n<blockquote class=\"twitter-tweet\" data-width=\"550\" data-dnt=\"true\">\n<p lang=\"pt\" dir=\"ltr\">Uma Florian\u00f3polis mais democr\u00e1tica, inclusiva e participativa \u00e9 poss\u00edvel. Para isso, \u00e9 preciso levar ao segundo turno a candidatura do <a href=\"https:\/\/twitter.com\/Prof_Elson50?ref_src=twsrc%5Etfw\">@Prof_Elson50<\/a>, que \u00e9 a \u00fanica que prop\u00f5e este novo modelo para Floripa. <a href=\"https:\/\/t.co\/OXm8HLXQqP\">pic.twitter.com\/OXm8HLXQqP<\/a><\/p>\n<p>&mdash; PSOL 50 (@psol50) <a href=\"https:\/\/twitter.com\/psol50\/status\/1325181228580958209?ref_src=twsrc%5Etfw\">November 7, 2020<\/a><\/p><\/blockquote>\n<p><script async src=\"https:\/\/platform.twitter.com\/widgets.js\" charset=\"utf-8\"><\/script><\/p>\n<p>Pode ser a primeira vez em 24 anos que a esquerda retorne a um segundo turno na capital catarinense. A coaliz\u00e3o do campo democr\u00e1tico e popular come\u00e7ou a ser desenhada h\u00e1 quase dois anos, com o compromisso de reverter o cen\u00e1rio de conservadorismo na cidade.<\/p>\n<p>Natural de Florian\u00f3polis, Elson Manoel Pereira tem 57 anos, \u00e9 professor de planejamento urbano na gradua\u00e7\u00e3o e leciona na p\u00f3s-gradua\u00e7\u00e3o de geografia da Universidade Federal de Santa Catarina (UFSC). Se candidatou por duas vezes \u00e0 Prefeitura de Florian\u00f3polis, obtendo 51.106 votos, ou 20,60% dos votos v\u00e1lidos no \u00faltimo pleito, ficando em terceiro lugar, a quatro pontos da segunda colocada. Al\u00e9m de candidato a prefeito, Elson tamb\u00e9m disputou duas vezes o cargo de deputado estadual, sendo o mais votado na capital em 2018.<\/p>\n<blockquote class=\"twitter-tweet\" data-width=\"550\" data-dnt=\"true\">\n<p lang=\"pt\" dir=\"ltr\">Como diz o companheiro <a href=\"https:\/\/twitter.com\/MarceloFreixo?ref_src=twsrc%5Etfw\">@marcelofreixo<\/a>, \u00e9 hora de ningu\u00e9m dormir, \u00e9 hora de ir para rua virar voto! Voc\u00ea que quer uma cidade do bem viver, chame o amigo, a amiga, a vizinha, o colega de trabalho e mostre que nossa frente popular \u00e9 a \u00fanica que realmente far\u00e1 a diferen\u00e7a. <a href=\"https:\/\/twitter.com\/hashtag\/elson50?src=hash&amp;ref_src=twsrc%5Etfw\">#elson50<\/a> <a href=\"https:\/\/t.co\/UBr0PuOT1i\">pic.twitter.com\/UBr0PuOT1i<\/a><\/p>\n<p>&mdash; Elson Pereira (@Prof_Elson50) <a href=\"https:\/\/twitter.com\/Prof_Elson50\/status\/1326637439046258688?ref_src=twsrc%5Etfw\">November 11, 2020<\/a><\/p><\/blockquote>\n<p><script async src=\"https:\/\/platform.twitter.com\/widgets.js\" charset=\"utf-8\"><\/script><\/p>\n<h6>Redes do Professor Elson<\/h6>\n<p><strong><a href=\"https:\/\/www.facebook.com\/professorelson50\" target=\"_blank\" rel=\"noopener noreferrer\">Facebook<\/a><\/strong><br \/>\n<strong><a href=\"https:\/\/twitter.com\/Prof_Elson50\" target=\"_blank\" rel=\"noopener noreferrer\">Twitter<\/a><\/strong><br \/>\n<strong><a href=\"https:\/\/www.instagram.com\/prof.elsonpereira\/\" target=\"_blank\" rel=\"noopener noreferrer\">Instagram<\/a><\/strong><\/p>\n<p><a href=\"https:\/\/impeachmentpopular.com.br\/\" target=\"_blank\" rel=\"noopener noreferrer\"><img loading=\"lazy\" decoding=\"async\" class=\"alignnone size-full wp-image-29118\" src=\"https:\/\/psol50.org.br\/inc\/uploads\/2020\/05\/Email_Impeachment.png\" alt=\"\" width=\"1080\" height=\"250\" srcset=\"https:\/\/psol50.org.br\/inc\/uploads\/2020\/05\/Email_Impeachment.png 1080w, https:\/\/psol50.org.br\/inc\/uploads\/2020\/05\/Email_Impeachment-300x69.png 300w, https:\/\/psol50.org.br\/inc\/uploads\/2020\/05\/Email_Impeachment-1024x237.png 1024w, https:\/\/psol50.org.br\/inc\/uploads\/2020\/05\/Email_Impeachment-768x178.png 768w, https:\/\/psol50.org.br\/inc\/uploads\/2020\/05\/Email_Impeachment-150x35.png 150w, https:\/\/psol50.org.br\/inc\/uploads\/2020\/05\/Email_Impeachment-696x161.png 696w, https:\/\/psol50.org.br\/inc\/uploads\/2020\/05\/Email_Impeachment-1068x247.png 1068w\" sizes=\"auto, (max-width: 1080px) 100vw, 1080px\" \/><\/a><\/p>\n","protected":false},"excerpt":{"rendered":"<p>No pr\u00f3ximo domingo (15), a cidade de Florian\u00f3polis vai \u00e0s urnas para escolher o novo prefeito da capital catarinense. Em uma das experi\u00eancias mais bem sucedidas de uni\u00e3o das esquerdas e das for\u00e7as progressistas e democr\u00e1ticas de todo o Brasil, a candidatura do Professor Elson Pereira, que encabe\u00e7a a chapa da Frente Democr\u00e1tica por Floripa [&hellip;]<\/p>\n","protected":false},"author":2,"featured_media":30912,"comment_status":"closed","ping_status":"open","sticky":false,"template":"","format":"standard","meta":{"_acf_changed":false,"footnotes":""},"categories":[6],"tags":[204,343,921,922,923,1254,1255],"class_list":{"0":"post-31147","1":"post","2":"type-post","3":"status-publish","4":"format-standard","5":"has-post-thumbnail","7":"category-noticias","8":"tag-204","9":"tag-eleicoes","10":"tag-elson-pereira","11":"tag-florianopolis","12":"tag-frente-de-esquerda","13":"tag-frente-democratica","14":"tag-professor-elson"},"acf":[],"yoast_head":"<!-- This site is optimized with the Yoast SEO plugin v26.5 - https:\/\/yoast.com\/wordpress\/plugins\/seo\/ -->\n<title>Professor Elson est\u00e1 em 2\u00ba nas pesquisas e Frente Democr\u00e1tica pode ir ao segundo turno em Florian\u00f3polis<\/title>\n<meta name=\"description\" content=\"Elson \u00e9 o representante de uma ampla coaliz\u00e3o da esquerda na cidade, que re\u00fane nove organiza\u00e7\u00f5es pol\u00edticas e pode ir ao 2\u00ba turno.\" \/>\n<meta name=\"robots\" content=\"index, follow, max-snippet:-1, max-image-preview:large, max-video-preview:-1\" \/>\n<link rel=\"canonical\" href=\"https:\/\/psol50.org.br\/professor-elson-esta-em-2o-nas-pesquisas-e-frente-democratica-pode-ir-ao-segundo-turno-em-florianopolis\/\" \/>\n<meta property=\"og:locale\" content=\"pt_BR\" \/>\n<meta property=\"og:type\" content=\"article\" \/>\n<meta property=\"og:title\" content=\"Professor Elson est\u00e1 em 2\u00ba nas pesquisas e Frente Democr\u00e1tica pode ir ao segundo turno em Florian\u00f3polis\" \/>\n<meta property=\"og:description\" content=\"Elson \u00e9 o representante de uma ampla coaliz\u00e3o da esquerda na cidade, que re\u00fane nove organiza\u00e7\u00f5es pol\u00edticas e pode ir ao 2\u00ba turno.\" \/>\n<meta property=\"og:url\" content=\"https:\/\/psol50.org.br\/professor-elson-esta-em-2o-nas-pesquisas-e-frente-democratica-pode-ir-ao-segundo-turno-em-florianopolis\/\" \/>\n<meta property=\"og:site_name\" content=\"PSOL 50\" \/>\n<meta property=\"article:publisher\" content=\"https:\/\/www.facebook.com\/psol50\" \/>\n<meta property=\"article:published_time\" content=\"2020-11-12T15:31:40+00:00\" \/>\n<meta property=\"og:image\" content=\"https:\/\/psol50.org.br\/inc\/uploads\/2020\/09\/ELSON2020_FOTO_SERGIO-VIGNES_1_0-e1601421039535.jpg\" \/>\n\t<meta property=\"og:image:width\" content=\"400\" \/>\n\t<meta property=\"og:image:height\" content=\"266\" \/>\n\t<meta property=\"og:image:type\" content=\"image\/jpeg\" \/>\n<meta name=\"author\" content=\"Comunica\u00e7\u00e3o PSOL\" \/>\n<meta name=\"twitter:card\" content=\"summary_large_image\" \/>\n<meta name=\"twitter:title\" content=\"Professor Elson est\u00e1 em 2\u00ba nas pesquisas e Frente Democr\u00e1tica pode ir ao segundo turno em Florian\u00f3polis\" \/>\n<meta name=\"twitter:description\" content=\"Elson \u00e9 o representante de uma ampla coaliz\u00e3o da esquerda na cidade, que re\u00fane nove organiza\u00e7\u00f5es pol\u00edticas e pode ir ao 2\u00ba turno.\" \/>\n<meta name=\"twitter:image\" content=\"https:\/\/psol50.org.br\/inc\/uploads\/2020\/09\/ELSON2020_FOTO_SERGIO-VIGNES_1_0-e1601421039535.jpg\" \/>\n<meta name=\"twitter:creator\" content=\"@psol50\" \/>\n<meta name=\"twitter:site\" content=\"@psol50\" \/>\n<meta name=\"twitter:label1\" content=\"Escrito por\" \/>\n\t<meta name=\"twitter:data1\" content=\"Comunica\u00e7\u00e3o PSOL\" \/>\n\t<meta name=\"twitter:label2\" content=\"Est. tempo de leitura\" \/>\n\t<meta name=\"twitter:data2\" content=\"2 minutos\" \/>\n<script type=\"application\/ld+json\" class=\"yoast-schema-graph\">{\"@context\":\"https:\/\/schema.org\",\"@graph\":[{\"@type\":\"Article\",\"@id\":\"https:\/\/psol50.org.br\/professor-elson-esta-em-2o-nas-pesquisas-e-frente-democratica-pode-ir-ao-segundo-turno-em-florianopolis\/#article\",\"isPartOf\":{\"@id\":\"https:\/\/psol50.org.br\/professor-elson-esta-em-2o-nas-pesquisas-e-frente-democratica-pode-ir-ao-segundo-turno-em-florianopolis\/\"},\"author\":{\"name\":\"Comunica\u00e7\u00e3o PSOL\",\"@id\":\"https:\/\/psol50.org.br\/#\/schema\/person\/475dfa57d0b815993c714c2e96491fcd\"},\"headline\":\"Professor Elson est\u00e1 em 2\u00ba nas pesquisas e Frente Democr\u00e1tica pode ir ao segundo turno em Florian\u00f3polis\",\"datePublished\":\"2020-11-12T15:31:40+00:00\",\"mainEntityOfPage\":{\"@id\":\"https:\/\/psol50.org.br\/professor-elson-esta-em-2o-nas-pesquisas-e-frente-democratica-pode-ir-ao-segundo-turno-em-florianopolis\/\"},\"wordCount\":469,\"publisher\":{\"@id\":\"https:\/\/psol50.org.br\/#organization\"},\"image\":{\"@id\":\"https:\/\/psol50.org.br\/professor-elson-esta-em-2o-nas-pesquisas-e-frente-democratica-pode-ir-ao-segundo-turno-em-florianopolis\/#primaryimage\"},\"thumbnailUrl\":\"https:\/\/psol50.org.br\/inc\/uploads\/2020\/09\/ELSON2020_FOTO_SERGIO-VIGNES_1_0-e1601421039535.jpg\",\"keywords\":[\"2020\",\"elei\u00e7\u00f5es\",\"Elson Pereira\",\"Florian\u00f3polis\",\"frente de esquerda\",\"frente democr\u00e1tica\",\"professor elson\"],\"articleSection\":[\"Not\u00edcias\"],\"inLanguage\":\"pt-BR\"},{\"@type\":\"WebPage\",\"@id\":\"https:\/\/psol50.org.br\/professor-elson-esta-em-2o-nas-pesquisas-e-frente-democratica-pode-ir-ao-segundo-turno-em-florianopolis\/\",\"url\":\"https:\/\/psol50.org.br\/professor-elson-esta-em-2o-nas-pesquisas-e-frente-democratica-pode-ir-ao-segundo-turno-em-florianopolis\/\",\"name\":\"Professor Elson est\u00e1 em 2\u00ba nas pesquisas e Frente Democr\u00e1tica pode ir ao segundo turno em Florian\u00f3polis\",\"isPartOf\":{\"@id\":\"https:\/\/psol50.org.br\/#website\"},\"primaryImageOfPage\":{\"@id\":\"https:\/\/psol50.org.br\/professor-elson-esta-em-2o-nas-pesquisas-e-frente-democratica-pode-ir-ao-segundo-turno-em-florianopolis\/#primaryimage\"},\"image\":{\"@id\":\"https:\/\/psol50.org.br\/professor-elson-esta-em-2o-nas-pesquisas-e-frente-democratica-pode-ir-ao-segundo-turno-em-florianopolis\/#primaryimage\"},\"thumbnailUrl\":\"https:\/\/psol50.org.br\/inc\/uploads\/2020\/09\/ELSON2020_FOTO_SERGIO-VIGNES_1_0-e1601421039535.jpg\",\"datePublished\":\"2020-11-12T15:31:40+00:00\",\"description\":\"Elson \u00e9 o representante de uma ampla coaliz\u00e3o da esquerda na cidade, que re\u00fane nove organiza\u00e7\u00f5es pol\u00edticas e pode ir ao 2\u00ba turno.\",\"breadcrumb\":{\"@id\":\"https:\/\/psol50.org.br\/professor-elson-esta-em-2o-nas-pesquisas-e-frente-democratica-pode-ir-ao-segundo-turno-em-florianopolis\/#breadcrumb\"},\"inLanguage\":\"pt-BR\",\"potentialAction\":[{\"@type\":\"ReadAction\",\"target\":[\"https:\/\/psol50.org.br\/professor-elson-esta-em-2o-nas-pesquisas-e-frente-democratica-pode-ir-ao-segundo-turno-em-florianopolis\/\"]}]},{\"@type\":\"ImageObject\",\"inLanguage\":\"pt-BR\",\"@id\":\"https:\/\/psol50.org.br\/professor-elson-esta-em-2o-nas-pesquisas-e-frente-democratica-pode-ir-ao-segundo-turno-em-florianopolis\/#primaryimage\",\"url\":\"https:\/\/psol50.org.br\/inc\/uploads\/2020\/09\/ELSON2020_FOTO_SERGIO-VIGNES_1_0-e1601421039535.jpg\",\"contentUrl\":\"https:\/\/psol50.org.br\/inc\/uploads\/2020\/09\/ELSON2020_FOTO_SERGIO-VIGNES_1_0-e1601421039535.jpg\",\"width\":400,\"height\":266},{\"@type\":\"BreadcrumbList\",\"@id\":\"https:\/\/psol50.org.br\/professor-elson-esta-em-2o-nas-pesquisas-e-frente-democratica-pode-ir-ao-segundo-turno-em-florianopolis\/#breadcrumb\",\"itemListElement\":[{\"@type\":\"ListItem\",\"position\":1,\"name\":\"In\u00edcio\",\"item\":\"https:\/\/psol50.org.br\/\"},{\"@type\":\"ListItem\",\"position\":2,\"name\":\"Professor Elson est\u00e1 em 2\u00ba nas pesquisas e Frente Democr\u00e1tica pode ir ao segundo turno em Florian\u00f3polis\"}]},{\"@type\":\"WebSite\",\"@id\":\"https:\/\/psol50.org.br\/#website\",\"url\":\"https:\/\/psol50.org.br\/\",\"name\":\"PSOL 50\",\"description\":\"Site oficial do Partido Socialismo e Liberdade\",\"publisher\":{\"@id\":\"https:\/\/psol50.org.br\/#organization\"},\"alternateName\":\"PSOL50\",\"potentialAction\":[{\"@type\":\"SearchAction\",\"target\":{\"@type\":\"EntryPoint\",\"urlTemplate\":\"https:\/\/psol50.org.br\/?s={search_term_string}\"},\"query-input\":{\"@type\":\"PropertyValueSpecification\",\"valueRequired\":true,\"valueName\":\"search_term_string\"}}],\"inLanguage\":\"pt-BR\"},{\"@type\":\"Organization\",\"@id\":\"https:\/\/psol50.org.br\/#organization\",\"name\":\"PSOL 50\",\"alternateName\":\"PSOL 50\",\"url\":\"https:\/\/psol50.org.br\/\",\"logo\":{\"@type\":\"ImageObject\",\"inLanguage\":\"pt-BR\",\"@id\":\"https:\/\/psol50.org.br\/#\/schema\/logo\/image\/\",\"url\":\"https:\/\/psol50.org.br\/inc\/uploads\/2018\/07\/capa.png\",\"contentUrl\":\"https:\/\/psol50.org.br\/inc\/uploads\/2018\/07\/capa.png\",\"width\":1350,\"height\":900,\"caption\":\"PSOL 50\"},\"image\":{\"@id\":\"https:\/\/psol50.org.br\/#\/schema\/logo\/image\/\"},\"sameAs\":[\"https:\/\/www.facebook.com\/psol50\",\"https:\/\/x.com\/psol50\",\"https:\/\/www.instagram.com\/psol50\/\",\"https:\/\/www.youtube.com\/channel\/UC7SnJS5o1os7a6CaiNabzcg\"]},{\"@type\":\"Person\",\"@id\":\"https:\/\/psol50.org.br\/#\/schema\/person\/475dfa57d0b815993c714c2e96491fcd\",\"name\":\"Comunica\u00e7\u00e3o PSOL\",\"image\":{\"@type\":\"ImageObject\",\"inLanguage\":\"pt-BR\",\"@id\":\"https:\/\/psol50.org.br\/#\/schema\/person\/image\/\",\"url\":\"https:\/\/secure.gravatar.com\/avatar\/b34fc4f4e468a4e51785917065a3db57b841f5c95dba6ad8c73aaf8f66f8f9bf?s=96&d=mm&r=g\",\"contentUrl\":\"https:\/\/secure.gravatar.com\/avatar\/b34fc4f4e468a4e51785917065a3db57b841f5c95dba6ad8c73aaf8f66f8f9bf?s=96&d=mm&r=g\",\"caption\":\"Comunica\u00e7\u00e3o PSOL\"}}]}<\/script>\n<!-- \/ Yoast SEO plugin. -->","yoast_head_json":{"title":"Professor Elson est\u00e1 em 2\u00ba nas pesquisas e Frente Democr\u00e1tica pode ir ao segundo turno em Florian\u00f3polis","description":"Elson \u00e9 o representante de uma ampla coaliz\u00e3o da esquerda na cidade, que re\u00fane nove organiza\u00e7\u00f5es pol\u00edticas e pode ir ao 2\u00ba turno.","robots":{"index":"index","follow":"follow","max-snippet":"max-snippet:-1","max-image-preview":"max-image-preview:large","max-video-preview":"max-video-preview:-1"},"canonical":"https:\/\/psol50.org.br\/professor-elson-esta-em-2o-nas-pesquisas-e-frente-democratica-pode-ir-ao-segundo-turno-em-florianopolis\/","og_locale":"pt_BR","og_type":"article","og_title":"Professor Elson est\u00e1 em 2\u00ba nas pesquisas e Frente Democr\u00e1tica pode ir ao segundo turno em Florian\u00f3polis","og_description":"Elson \u00e9 o representante de uma ampla coaliz\u00e3o da esquerda na cidade, que re\u00fane nove organiza\u00e7\u00f5es pol\u00edticas e pode ir ao 2\u00ba turno.","og_url":"https:\/\/psol50.org.br\/professor-elson-esta-em-2o-nas-pesquisas-e-frente-democratica-pode-ir-ao-segundo-turno-em-florianopolis\/","og_site_name":"PSOL 50","article_publisher":"https:\/\/www.facebook.com\/psol50","article_published_time":"2020-11-12T15:31:40+00:00","og_image":[{"width":400,"height":266,"url":"https:\/\/psol50.org.br\/inc\/uploads\/2020\/09\/ELSON2020_FOTO_SERGIO-VIGNES_1_0-e1601421039535.jpg","type":"image\/jpeg"}],"author":"Comunica\u00e7\u00e3o PSOL","twitter_card":"summary_large_image","twitter_title":"Professor Elson est\u00e1 em 2\u00ba nas pesquisas e Frente Democr\u00e1tica pode ir ao segundo turno em Florian\u00f3polis","twitter_description":"Elson \u00e9 o representante de uma ampla coaliz\u00e3o da esquerda na cidade, que re\u00fane nove organiza\u00e7\u00f5es pol\u00edticas e pode ir ao 2\u00ba turno.","twitter_image":"https:\/\/psol50.org.br\/inc\/uploads\/2020\/09\/ELSON2020_FOTO_SERGIO-VIGNES_1_0-e1601421039535.jpg","twitter_creator":"@psol50","twitter_site":"@psol50","twitter_misc":{"Escrito por":"Comunica\u00e7\u00e3o PSOL","Est. tempo de leitura":"2 minutos"},"schema":{"@context":"https:\/\/schema.org","@graph":[{"@type":"Article","@id":"https:\/\/psol50.org.br\/professor-elson-esta-em-2o-nas-pesquisas-e-frente-democratica-pode-ir-ao-segundo-turno-em-florianopolis\/#article","isPartOf":{"@id":"https:\/\/psol50.org.br\/professor-elson-esta-em-2o-nas-pesquisas-e-frente-democratica-pode-ir-ao-segundo-turno-em-florianopolis\/"},"author":{"name":"Comunica\u00e7\u00e3o PSOL","@id":"https:\/\/psol50.org.br\/#\/schema\/person\/475dfa57d0b815993c714c2e96491fcd"},"headline":"Professor Elson est\u00e1 em 2\u00ba nas pesquisas e Frente Democr\u00e1tica pode ir ao segundo turno em Florian\u00f3polis","datePublished":"2020-11-12T15:31:40+00:00","mainEntityOfPage":{"@id":"https:\/\/psol50.org.br\/professor-elson-esta-em-2o-nas-pesquisas-e-frente-democratica-pode-ir-ao-segundo-turno-em-florianopolis\/"},"wordCount":469,"publisher":{"@id":"https:\/\/psol50.org.br\/#organization"},"image":{"@id":"https:\/\/psol50.org.br\/professor-elson-esta-em-2o-nas-pesquisas-e-frente-democratica-pode-ir-ao-segundo-turno-em-florianopolis\/#primaryimage"},"thumbnailUrl":"https:\/\/psol50.org.br\/inc\/uploads\/2020\/09\/ELSON2020_FOTO_SERGIO-VIGNES_1_0-e1601421039535.jpg","keywords":["2020","elei\u00e7\u00f5es","Elson Pereira","Florian\u00f3polis","frente de esquerda","frente democr\u00e1tica","professor elson"],"articleSection":["Not\u00edcias"],"inLanguage":"pt-BR"},{"@type":"WebPage","@id":"https:\/\/psol50.org.br\/professor-elson-esta-em-2o-nas-pesquisas-e-frente-democratica-pode-ir-ao-segundo-turno-em-florianopolis\/","url":"https:\/\/psol50.org.br\/professor-elson-esta-em-2o-nas-pesquisas-e-frente-democratica-pode-ir-ao-segundo-turno-em-florianopolis\/","name":"Professor Elson est\u00e1 em 2\u00ba nas pesquisas e Frente Democr\u00e1tica pode ir ao segundo turno em Florian\u00f3polis","isPartOf":{"@id":"https:\/\/psol50.org.br\/#website"},"primaryImageOfPage":{"@id":"https:\/\/psol50.org.br\/professor-elson-esta-em-2o-nas-pesquisas-e-frente-democratica-pode-ir-ao-segundo-turno-em-florianopolis\/#primaryimage"},"image":{"@id":"https:\/\/psol50.org.br\/professor-elson-esta-em-2o-nas-pesquisas-e-frente-democratica-pode-ir-ao-segundo-turno-em-florianopolis\/#primaryimage"},"thumbnailUrl":"https:\/\/psol50.org.br\/inc\/uploads\/2020\/09\/ELSON2020_FOTO_SERGIO-VIGNES_1_0-e1601421039535.jpg","datePublished":"2020-11-12T15:31:40+00:00","description":"Elson \u00e9 o representante de uma ampla coaliz\u00e3o da esquerda na cidade, que re\u00fane nove organiza\u00e7\u00f5es pol\u00edticas e pode ir ao 2\u00ba turno.","breadcrumb":{"@id":"https:\/\/psol50.org.br\/professor-elson-esta-em-2o-nas-pesquisas-e-frente-democratica-pode-ir-ao-segundo-turno-em-florianopolis\/#breadcrumb"},"inLanguage":"pt-BR","potentialAction":[{"@type":"ReadAction","target":["https:\/\/psol50.org.br\/professor-elson-esta-em-2o-nas-pesquisas-e-frente-democratica-pode-ir-ao-segundo-turno-em-florianopolis\/"]}]},{"@type":"ImageObject","inLanguage":"pt-BR","@id":"https:\/\/psol50.org.br\/professor-elson-esta-em-2o-nas-pesquisas-e-frente-democratica-pode-ir-ao-segundo-turno-em-florianopolis\/#primaryimage","url":"https:\/\/psol50.org.br\/inc\/uploads\/2020\/09\/ELSON2020_FOTO_SERGIO-VIGNES_1_0-e1601421039535.jpg","contentUrl":"https:\/\/psol50.org.br\/inc\/uploads\/2020\/09\/ELSON2020_FOTO_SERGIO-VIGNES_1_0-e1601421039535.jpg","width":400,"height":266},{"@type":"BreadcrumbList","@id":"https:\/\/psol50.org.br\/professor-elson-esta-em-2o-nas-pesquisas-e-frente-democratica-pode-ir-ao-segundo-turno-em-florianopolis\/#breadcrumb","itemListElement":[{"@type":"ListItem","position":1,"name":"In\u00edcio","item":"https:\/\/psol50.org.br\/"},{"@type":"ListItem","position":2,"name":"Professor Elson est\u00e1 em 2\u00ba nas pesquisas e Frente Democr\u00e1tica pode ir ao segundo turno em Florian\u00f3polis"}]},{"@type":"WebSite","@id":"https:\/\/psol50.org.br\/#website","url":"https:\/\/psol50.org.br\/","name":"PSOL 50","description":"Site oficial do Partido Socialismo e Liberdade","publisher":{"@id":"https:\/\/psol50.org.br\/#organization"},"alternateName":"PSOL50","potentialAction":[{"@type":"SearchAction","target":{"@type":"EntryPoint","urlTemplate":"https:\/\/psol50.org.br\/?s={search_term_string}"},"query-input":{"@type":"PropertyValueSpecification","valueRequired":true,"valueName":"search_term_string"}}],"inLanguage":"pt-BR"},{"@type":"Organization","@id":"https:\/\/psol50.org.br\/#organization","name":"PSOL 50","alternateName":"PSOL 50","url":"https:\/\/psol50.org.br\/","logo":{"@type":"ImageObject","inLanguage":"pt-BR","@id":"https:\/\/psol50.org.br\/#\/schema\/logo\/image\/","url":"https:\/\/psol50.org.br\/inc\/uploads\/2018\/07\/capa.png","contentUrl":"https:\/\/psol50.org.br\/inc\/uploads\/2018\/07\/capa.png","width":1350,"height":900,"caption":"PSOL 50"},"image":{"@id":"https:\/\/psol50.org.br\/#\/schema\/logo\/image\/"},"sameAs":["https:\/\/www.facebook.com\/psol50","https:\/\/x.com\/psol50","https:\/\/www.instagram.com\/psol50\/","https:\/\/www.youtube.com\/channel\/UC7SnJS5o1os7a6CaiNabzcg"]},{"@type":"Person","@id":"https:\/\/psol50.org.br\/#\/schema\/person\/475dfa57d0b815993c714c2e96491fcd","name":"Comunica\u00e7\u00e3o PSOL","image":{"@type":"ImageObject","inLanguage":"pt-BR","@id":"https:\/\/psol50.org.br\/#\/schema\/person\/image\/","url":"https:\/\/secure.gravatar.com\/avatar\/b34fc4f4e468a4e51785917065a3db57b841f5c95dba6ad8c73aaf8f66f8f9bf?s=96&d=mm&r=g","contentUrl":"https:\/\/secure.gravatar.com\/avatar\/b34fc4f4e468a4e51785917065a3db57b841f5c95dba6ad8c73aaf8f66f8f9bf?s=96&d=mm&r=g","caption":"Comunica\u00e7\u00e3o PSOL"}}]}},"_links":{"self":[{"href":"https:\/\/psol50.org.br\/rest\/wp\/v2\/posts\/31147","targetHints":{"allow":["GET"]}}],"collection":[{"href":"https:\/\/psol50.org.br\/rest\/wp\/v2\/posts"}],"about":[{"href":"https:\/\/psol50.org.br\/rest\/wp\/v2\/types\/post"}],"author":[{"embeddable":true,"href":"https:\/\/psol50.org.br\/rest\/wp\/v2\/users\/2"}],"replies":[{"embeddable":true,"href":"https:\/\/psol50.org.br\/rest\/wp\/v2\/comments?post=31147"}],"version-history":[{"count":0,"href":"https:\/\/psol50.org.br\/rest\/wp\/v2\/posts\/31147\/revisions"}],"wp:featuredmedia":[{"embeddable":true,"href":"https:\/\/psol50.org.br\/rest\/wp\/v2\/media\/30912"}],"wp:attachment":[{"href":"https:\/\/psol50.org.br\/rest\/wp\/v2\/media?parent=31147"}],"wp:term":[{"taxonomy":"category","embeddable":true,"href":"https:\/\/psol50.org.br\/rest\/wp\/v2\/categories?post=31147"},{"taxonomy":"post_tag","embeddable":true,"href":"https:\/\/psol50.org.br\/rest\/wp\/v2\/tags?post=31147"}],"curies":[{"name":"wp","href":"https:\/\/api.w.org\/{rel}","templated":true}]}}