{"id":31167,"date":"2020-11-13T12:15:54","date_gmt":"2020-11-13T15:15:54","guid":{"rendered":"https:\/\/psol50.org.br\/?p=31167"},"modified":"2020-11-13T12:15:54","modified_gmt":"2020-11-13T15:15:54","slug":"aurea-carolina-e-a-alternativa-de-esquerda-para-bh-e-possivel-leva-la-ao-2o-turno","status":"publish","type":"post","link":"https:\/\/psol50.org.br\/aurea-carolina-e-a-alternativa-de-esquerda-para-bh-e-possivel-leva-la-ao-2o-turno\/","title":{"rendered":"\u00c1urea Carolina \u00e9 a alternativa de esquerda para BH. \u00c9 poss\u00edvel lev\u00e1-la ao 2\u00ba turno!"},"content":{"rendered":"<p><a href=\"https:\/\/psol50.org.br\/rendajusta\/\" target=\"_blank\" rel=\"noopener noreferrer\"><img loading=\"lazy\" decoding=\"async\" class=\"alignnone size-full wp-image-30552\" src=\"https:\/\/psol50.org.br\/inc\/uploads\/2020\/08\/21-08-2020_LancamentoRendaJusta-2.png\" alt=\"\" width=\"1920\" height=\"383\" srcset=\"https:\/\/psol50.org.br\/inc\/uploads\/2020\/08\/21-08-2020_LancamentoRendaJusta-2.png 1920w, https:\/\/psol50.org.br\/inc\/uploads\/2020\/08\/21-08-2020_LancamentoRendaJusta-2-300x60.png 300w, https:\/\/psol50.org.br\/inc\/uploads\/2020\/08\/21-08-2020_LancamentoRendaJusta-2-1024x204.png 1024w, https:\/\/psol50.org.br\/inc\/uploads\/2020\/08\/21-08-2020_LancamentoRendaJusta-2-768x153.png 768w, https:\/\/psol50.org.br\/inc\/uploads\/2020\/08\/21-08-2020_LancamentoRendaJusta-2-1536x306.png 1536w, https:\/\/psol50.org.br\/inc\/uploads\/2020\/08\/21-08-2020_LancamentoRendaJusta-2-150x30.png 150w, https:\/\/psol50.org.br\/inc\/uploads\/2020\/08\/21-08-2020_LancamentoRendaJusta-2-696x139.png 696w, https:\/\/psol50.org.br\/inc\/uploads\/2020\/08\/21-08-2020_LancamentoRendaJusta-2-1068x213.png 1068w\" sizes=\"auto, (max-width: 1920px) 100vw, 1920px\" \/><\/a><\/p>\n<p>No pr\u00f3ximo domingo (15), a cidade de Belo Horizonte vai \u00e0s urnas e tem a possibilidade incr\u00edvel de colocar \u00c1urea Carolina no segundo turno das elei\u00e7\u00f5es \u00e0 Prefeitura da capital de Minas Gerais. Com uma campanha que tem semeado esperan\u00e7a por toda a cidade e apresentado um projeto de transforma\u00e7\u00e3o real para BH, \u00c1urea Carolina faz hist\u00f3ria e \u00e9 a principal alternativa de oposi\u00e7\u00e3o \u00e0 gest\u00e3o atual do prefeito Alexandre Kalil, candidato a reelei\u00e7\u00e3o.<\/p>\n<blockquote class=\"twitter-tweet\" data-width=\"550\" data-dnt=\"true\">\n<p lang=\"pt\" dir=\"ltr\">Se cada uma conseguir mais um voto, a gente vai pro segundo turno!! Vem sonhar junto com a gente a BH do futuro. Nesse domingo, dia 15, bora de 50 nas urnas! \ud83d\udc4a\ud83c\udffd \u2728 <a href=\"https:\/\/t.co\/xV4gvYyoHa\">pic.twitter.com\/xV4gvYyoHa<\/a><\/p>\n<p>&mdash; \u00c1urea Carolina (@aureacarolinax) <a href=\"https:\/\/twitter.com\/aureacarolinax\/status\/1326988761352319004?ref_src=twsrc%5Etfw\">November 12, 2020<\/a><\/p><\/blockquote>\n<p><script async src=\"https:\/\/platform.twitter.com\/widgets.js\" charset=\"utf-8\"><\/script><\/p>\n<p>Na \u00faltima pesquisa Datafolha, divulgada na \u00faltima quarta-feira (11), \u00c1urea Carolina aparece em empate t\u00e9cnico na segunda coloca\u00e7\u00e3o, com 7% dos votos v\u00e1lidos e 5% das men\u00e7\u00f5es espont\u00e2neas, quando o entrevistado n\u00e3o tem a lista de candidatos \u00e0 disposi\u00e7\u00e3o para declarar seu voto. O principal obst\u00e1culo para a realiza\u00e7\u00e3o do segundo turno \u00e9 a alta porcentagem de inten\u00e7\u00f5es de voto em Alexandre Kalil nas pesquisas, que em algumas delas ultrapassa os 60%.<\/p>\n<blockquote class=\"twitter-tweet\" data-width=\"550\" data-dnt=\"true\">\n<p lang=\"pt\" dir=\"ltr\">Salve, <a href=\"https:\/\/twitter.com\/emicida?ref_src=twsrc%5Etfw\">@emicida<\/a>! Honra enorme ouvir palavras t\u00e3o carinhosas de algu\u00e9m que tanto respeito e admiro. Fico at\u00e9 emocionada, sou f\u00e3 demais. &quot;Tudo que n\u00f3s tem \u00e9 n\u00f3s&quot;, meu querido! E parab\u00e9ns pela vit\u00f3ria no Pr\u00eamio <a href=\"https:\/\/twitter.com\/MuItishow?ref_src=twsrc%5Etfw\">@MuItishow<\/a>! Muita sorte e muita for\u00e7a nessa nossa caminhada coletiva. <a href=\"https:\/\/t.co\/lP08UPePYP\">pic.twitter.com\/lP08UPePYP<\/a><\/p>\n<p>&mdash; \u00c1urea Carolina (@aureacarolinax) <a href=\"https:\/\/twitter.com\/aureacarolinax\/status\/1327061870663135233?ref_src=twsrc%5Etfw\">November 13, 2020<\/a><\/p><\/blockquote>\n<p><script async src=\"https:\/\/platform.twitter.com\/widgets.js\" charset=\"utf-8\"><\/script><\/p>\n<p>A campanha de \u00c1urea Carolina tem feito a campanha #ViraVoto50 para virar votos para o 50 nesta reta final e viabilizar a chegada da principal candidatura de oposi\u00e7\u00e3o ao segundo turno.<\/p>\n<blockquote class=\"twitter-tweet\" data-width=\"550\" data-dnt=\"true\">\n<p lang=\"pt\" dir=\"ltr\">Ningu\u00e9m controla a for\u00e7a da mudan\u00e7a:<br \/>AVAN\u00c7AMOS DE NOVO NAS PESQUISAS!<\/p>\n<p>Estamos em empate t\u00e9cnico com o 2\u00ba colocado e 26% ainda podem mudar de voto. <\/p>\n<p>Datafolha aponta o caminho: \u00e9 <a href=\"https:\/\/twitter.com\/hashtag\/ViraVotoBH?src=hash&amp;ref_src=twsrc%5Etfw\">#ViraVotoBH<\/a> pra afirmar nas urnas que a gente n\u00e3o vai se contentar! Vamos lutar por uma BH melhor!<\/p>\n<p>&mdash; \u00c1urea Carolina (@aureacarolinax) <a href=\"https:\/\/twitter.com\/aureacarolinax\/status\/1326676368055267330?ref_src=twsrc%5Etfw\">November 12, 2020<\/a><\/p><\/blockquote>\n<p><script async src=\"https:\/\/platform.twitter.com\/widgets.js\" charset=\"utf-8\"><\/script><\/p>\n<p>A &#8220;Frente de Esquerda &#8211; BH em Movimento&#8221; conta ainda, al\u00e9m do PSOL, com a Unidade Popular pelo Socialismo (UP) e o Partido Comunista Brasileiro (PCB). O candidato a vice, inclusive, \u00e9 L\u00e9o P\u00e9ricles, presidente nacional da UP e morador de uma ocupa\u00e7\u00e3o urbana em Belo Horizonte.<\/p>\n<blockquote class=\"twitter-tweet\" data-width=\"550\" data-dnt=\"true\">\n<p lang=\"pt\" dir=\"ltr\">Doming\u00e3o e noiz t\u00e1 como? Batendo perna p\/ espalhar a palavra da BH dos nossos sonhos!<\/p>\n<p>Hj recebemos da Dona Esmerina, lideran\u00e7a do Alto Vera Cruz e av\u00f3 da <a href=\"https:\/\/twitter.com\/TainRosa8?ref_src=twsrc%5Etfw\">@TainRosa8<\/a>, essa carta maravilhosa com demandas da comunidade. \u00c9 batid\u00e3o, gente, mas \u00e9 bom demais! \ud83c\udf3b <a href=\"https:\/\/t.co\/lrwYugqNGt\">pic.twitter.com\/lrwYugqNGt<\/a><\/p>\n<p>&mdash; \u00c1urea Carolina (@aureacarolinax) <a href=\"https:\/\/twitter.com\/aureacarolinax\/status\/1322981071714209792?ref_src=twsrc%5Etfw\">November 1, 2020<\/a><\/p><\/blockquote>\n<p><script async src=\"https:\/\/platform.twitter.com\/widgets.js\" charset=\"utf-8\"><\/script><\/p>\n<p>\u00c1urea Carolina, mulher, negra, cientista pol\u00edtica e educadora popular, foi a vereadora mais votada de Belo Horizonte em 2016, com 17.420 votos, e dois anos depois, em 2018, teve a maior vota\u00e7\u00e3o na capital, com 6,14% dos votos da cidade, e a quinta maior de todo o estado de Minas Gerais para o cargo de deputada federal, com 162.740 votos, que ocupa desde ent\u00e3o.<\/p>\n<blockquote class=\"twitter-tweet\" data-width=\"550\" data-dnt=\"true\">\n<p lang=\"pt\" dir=\"ltr\">\u00c9 fundamental que a futura prefeita de Belo Horizonte seja algu\u00e9m que andou de \u00f4nibus a vida toda, como foi com <a href=\"https:\/\/twitter.com\/aureacarolinax?ref_src=twsrc%5Etfw\">@aureacarolinax<\/a>. D\u00e1 uma olhada nas principais propostas dela pra mobilidade urbana em BH! <a href=\"https:\/\/twitter.com\/hashtag\/ViraVoto%C3%81urea50?src=hash&amp;ref_src=twsrc%5Etfw\">#ViraVoto\u00c1urea50<\/a> <a href=\"https:\/\/t.co\/EVUyjZjHSD\">pic.twitter.com\/EVUyjZjHSD<\/a><\/p>\n<p>&mdash; PSOL 50 (@psol50) <a href=\"https:\/\/twitter.com\/psol50\/status\/1325966406408691712?ref_src=twsrc%5Etfw\">November 10, 2020<\/a><\/p><\/blockquote>\n<p><script async src=\"https:\/\/platform.twitter.com\/widgets.js\" charset=\"utf-8\"><\/script><\/p>\n<p>\u201cVamos juntas apresentar a Belo Horizonte o projeto de uma cidade mais justa e solid\u00e1ria. Uma cidade para as trabalhadoras e os trabalhadores, para quem mora nas periferias, para a popula\u00e7\u00e3o negra, as mulheres, as pessoas LGBTIQs, os povos e comunidades tradicionais, as professoras, as gentes da cultura, as m\u00e3es e as crian\u00e7as. Uma Belo Horizonte pensada para quem faz a cidade acontecer todos os dias e merece viver melhor\u201d, foi o que disse a dire\u00e7\u00e3o do PSOL Belo Horizonte quando anunciou a candidatura de \u00c1urea Carolina.<\/p>\n<blockquote class=\"twitter-tweet\" data-width=\"550\" data-dnt=\"true\">\n<p lang=\"pt\" dir=\"ltr\">A BH que queremos \u00e9 uma cidade em que o desenvolvimento n\u00e3o seja sin\u00f4nimo de trag\u00e9dia ambiental. Conhe\u00e7a as principais propostas de <a href=\"https:\/\/twitter.com\/aureacarolinax?ref_src=twsrc%5Etfw\">@aureacarolinax<\/a> para o Meio Ambiente e no pr\u00f3ximo dia 15 vamos coloc\u00e1-la no segundo turno \u00e0 Prefeitura de BH. <a href=\"https:\/\/t.co\/s43bjJYjqQ\">pic.twitter.com\/s43bjJYjqQ<\/a><\/p>\n<p>&mdash; PSOL 50 (@psol50) <a href=\"https:\/\/twitter.com\/psol50\/status\/1325120831387803649?ref_src=twsrc%5Etfw\">November 7, 2020<\/a><\/p><\/blockquote>\n<p><script async src=\"https:\/\/platform.twitter.com\/widgets.js\" charset=\"utf-8\"><\/script><\/p>\n<h6>Redes da \u00c1urea<\/h6>\n<p><strong><a href=\"https:\/\/www.facebook.com\/aureacarolina\" target=\"_blank\" rel=\"noopener noreferrer\">Facebook<\/a><\/strong><br \/>\n<strong><a href=\"https:\/\/twitter.com\/aureacarolinax\" target=\"_blank\" rel=\"noopener noreferrer\">Twitter<\/a><\/strong><br \/>\n<strong><a href=\"https:\/\/www.instagram.com\/aureacarolina\/\" target=\"_blank\" rel=\"noopener noreferrer\">Instagram<\/a><\/strong><br \/>\n<strong><a href=\"https:\/\/www.tiktok.com\/@aureacarolinax\" target=\"_blank\" rel=\"noopener noreferrer\">TikTok<\/a><\/strong><\/p>\n<p><a href=\"https:\/\/impeachmentpopular.com.br\/\" target=\"_blank\" rel=\"noopener noreferrer\"><img loading=\"lazy\" decoding=\"async\" class=\"alignnone size-full wp-image-29118\" src=\"https:\/\/psol50.org.br\/inc\/uploads\/2020\/05\/Email_Impeachment.png\" alt=\"\" width=\"1080\" height=\"250\" srcset=\"https:\/\/psol50.org.br\/inc\/uploads\/2020\/05\/Email_Impeachment.png 1080w, https:\/\/psol50.org.br\/inc\/uploads\/2020\/05\/Email_Impeachment-300x69.png 300w, https:\/\/psol50.org.br\/inc\/uploads\/2020\/05\/Email_Impeachment-1024x237.png 1024w, https:\/\/psol50.org.br\/inc\/uploads\/2020\/05\/Email_Impeachment-768x178.png 768w, https:\/\/psol50.org.br\/inc\/uploads\/2020\/05\/Email_Impeachment-150x35.png 150w, https:\/\/psol50.org.br\/inc\/uploads\/2020\/05\/Email_Impeachment-696x161.png 696w, https:\/\/psol50.org.br\/inc\/uploads\/2020\/05\/Email_Impeachment-1068x247.png 1068w\" sizes=\"auto, (max-width: 1080px) 100vw, 1080px\" \/><\/a><\/p>\n","protected":false},"excerpt":{"rendered":"<p>No pr\u00f3ximo domingo (15), a cidade de Belo Horizonte vai \u00e0s urnas e tem a possibilidade incr\u00edvel de colocar \u00c1urea Carolina no segundo turno das elei\u00e7\u00f5es \u00e0 Prefeitura da capital de Minas Gerais. Com uma campanha que tem semeado esperan\u00e7a por toda a cidade e apresentado um projeto de transforma\u00e7\u00e3o real para BH, \u00c1urea Carolina [&hellip;]<\/p>\n","protected":false},"author":2,"featured_media":30011,"comment_status":"closed","ping_status":"open","sticky":false,"template":"","format":"standard","meta":{"_acf_changed":false,"footnotes":""},"categories":[6],"tags":[204,29,876,343,121,22],"class_list":{"0":"post-31167","1":"post","2":"type-post","3":"status-publish","4":"format-standard","5":"has-post-thumbnail","7":"category-noticias","8":"tag-204","9":"tag-aurea-carolina","10":"tag-belo-horizonte","11":"tag-eleicoes","12":"tag-minas-gerais","13":"tag-psol"},"acf":[],"yoast_head":"<!-- This site is optimized with the Yoast SEO plugin v26.5 - https:\/\/yoast.com\/wordpress\/plugins\/seo\/ -->\n<title>\u00c1urea Carolina \u00e9 a alternativa de esquerda para BH. \u00c9 poss\u00edvel lev\u00e1-la ao 2\u00ba turno!<\/title>\n<meta name=\"description\" content=\"\u00c1urea Carolina faz hist\u00f3ria e \u00e9 a principal alternativa de oposi\u00e7\u00e3o \u00e0 gest\u00e3o atual do prefeito Alexandre Kalil, candidato a reelei\u00e7\u00e3o.\" \/>\n<meta name=\"robots\" content=\"index, follow, max-snippet:-1, max-image-preview:large, max-video-preview:-1\" \/>\n<link rel=\"canonical\" href=\"https:\/\/psol50.org.br\/aurea-carolina-e-a-alternativa-de-esquerda-para-bh-e-possivel-leva-la-ao-2o-turno\/\" \/>\n<meta property=\"og:locale\" content=\"pt_BR\" \/>\n<meta property=\"og:type\" content=\"article\" \/>\n<meta property=\"og:title\" content=\"\u00c1urea Carolina \u00e9 a alternativa de esquerda para BH. \u00c9 poss\u00edvel lev\u00e1-la ao 2\u00ba turno!\" \/>\n<meta property=\"og:description\" content=\"\u00c1urea Carolina faz hist\u00f3ria e \u00e9 a principal alternativa de oposi\u00e7\u00e3o \u00e0 gest\u00e3o atual do prefeito Alexandre Kalil, candidato a reelei\u00e7\u00e3o.\" \/>\n<meta property=\"og:url\" content=\"https:\/\/psol50.org.br\/aurea-carolina-e-a-alternativa-de-esquerda-para-bh-e-possivel-leva-la-ao-2o-turno\/\" \/>\n<meta property=\"og:site_name\" content=\"PSOL 50\" \/>\n<meta property=\"article:publisher\" content=\"https:\/\/www.facebook.com\/psol50\" \/>\n<meta property=\"article:published_time\" content=\"2020-11-13T15:15:54+00:00\" \/>\n<meta property=\"og:image\" content=\"https:\/\/psol50.org.br\/inc\/uploads\/2020\/07\/aurea-carolina-blog-da-boitempo.jpg\" \/>\n\t<meta property=\"og:image:width\" content=\"653\" \/>\n\t<meta property=\"og:image:height\" content=\"436\" \/>\n\t<meta property=\"og:image:type\" content=\"image\/jpeg\" \/>\n<meta name=\"author\" content=\"Comunica\u00e7\u00e3o PSOL\" \/>\n<meta name=\"twitter:card\" content=\"summary_large_image\" \/>\n<meta name=\"twitter:title\" content=\"\u00c1urea Carolina \u00e9 a alternativa de esquerda para BH. \u00c9 poss\u00edvel lev\u00e1-la ao 2\u00ba turno!\" \/>\n<meta name=\"twitter:description\" content=\"\u00c1urea Carolina faz hist\u00f3ria e \u00e9 a principal alternativa de oposi\u00e7\u00e3o \u00e0 gest\u00e3o atual do prefeito Alexandre Kalil, candidato a reelei\u00e7\u00e3o.\" \/>\n<meta name=\"twitter:image\" content=\"https:\/\/psol50.org.br\/inc\/uploads\/2020\/07\/aurea-carolina-blog-da-boitempo.jpg\" \/>\n<meta name=\"twitter:creator\" content=\"@psol50\" \/>\n<meta name=\"twitter:site\" content=\"@psol50\" \/>\n<meta name=\"twitter:label1\" content=\"Escrito por\" \/>\n\t<meta name=\"twitter:data1\" content=\"Comunica\u00e7\u00e3o PSOL\" \/>\n\t<meta name=\"twitter:label2\" content=\"Est. tempo de leitura\" \/>\n\t<meta name=\"twitter:data2\" content=\"2 minutos\" \/>\n<script type=\"application\/ld+json\" class=\"yoast-schema-graph\">{\"@context\":\"https:\/\/schema.org\",\"@graph\":[{\"@type\":\"Article\",\"@id\":\"https:\/\/psol50.org.br\/aurea-carolina-e-a-alternativa-de-esquerda-para-bh-e-possivel-leva-la-ao-2o-turno\/#article\",\"isPartOf\":{\"@id\":\"https:\/\/psol50.org.br\/aurea-carolina-e-a-alternativa-de-esquerda-para-bh-e-possivel-leva-la-ao-2o-turno\/\"},\"author\":{\"name\":\"Comunica\u00e7\u00e3o PSOL\",\"@id\":\"https:\/\/psol50.org.br\/#\/schema\/person\/475dfa57d0b815993c714c2e96491fcd\"},\"headline\":\"\u00c1urea Carolina \u00e9 a alternativa de esquerda para BH. \u00c9 poss\u00edvel lev\u00e1-la ao 2\u00ba turno!\",\"datePublished\":\"2020-11-13T15:15:54+00:00\",\"mainEntityOfPage\":{\"@id\":\"https:\/\/psol50.org.br\/aurea-carolina-e-a-alternativa-de-esquerda-para-bh-e-possivel-leva-la-ao-2o-turno\/\"},\"wordCount\":441,\"publisher\":{\"@id\":\"https:\/\/psol50.org.br\/#organization\"},\"image\":{\"@id\":\"https:\/\/psol50.org.br\/aurea-carolina-e-a-alternativa-de-esquerda-para-bh-e-possivel-leva-la-ao-2o-turno\/#primaryimage\"},\"thumbnailUrl\":\"https:\/\/psol50.org.br\/inc\/uploads\/2020\/07\/aurea-carolina-blog-da-boitempo.jpg\",\"keywords\":[\"2020\",\"\u00c1urea Carolina\",\"Belo Horizonte\",\"elei\u00e7\u00f5es\",\"Minas Gerais\",\"PSOL\"],\"articleSection\":[\"Not\u00edcias\"],\"inLanguage\":\"pt-BR\"},{\"@type\":\"WebPage\",\"@id\":\"https:\/\/psol50.org.br\/aurea-carolina-e-a-alternativa-de-esquerda-para-bh-e-possivel-leva-la-ao-2o-turno\/\",\"url\":\"https:\/\/psol50.org.br\/aurea-carolina-e-a-alternativa-de-esquerda-para-bh-e-possivel-leva-la-ao-2o-turno\/\",\"name\":\"\u00c1urea Carolina \u00e9 a alternativa de esquerda para BH. \u00c9 poss\u00edvel lev\u00e1-la ao 2\u00ba turno!\",\"isPartOf\":{\"@id\":\"https:\/\/psol50.org.br\/#website\"},\"primaryImageOfPage\":{\"@id\":\"https:\/\/psol50.org.br\/aurea-carolina-e-a-alternativa-de-esquerda-para-bh-e-possivel-leva-la-ao-2o-turno\/#primaryimage\"},\"image\":{\"@id\":\"https:\/\/psol50.org.br\/aurea-carolina-e-a-alternativa-de-esquerda-para-bh-e-possivel-leva-la-ao-2o-turno\/#primaryimage\"},\"thumbnailUrl\":\"https:\/\/psol50.org.br\/inc\/uploads\/2020\/07\/aurea-carolina-blog-da-boitempo.jpg\",\"datePublished\":\"2020-11-13T15:15:54+00:00\",\"description\":\"\u00c1urea Carolina faz hist\u00f3ria e \u00e9 a principal alternativa de oposi\u00e7\u00e3o \u00e0 gest\u00e3o atual do prefeito Alexandre Kalil, candidato a reelei\u00e7\u00e3o.\",\"breadcrumb\":{\"@id\":\"https:\/\/psol50.org.br\/aurea-carolina-e-a-alternativa-de-esquerda-para-bh-e-possivel-leva-la-ao-2o-turno\/#breadcrumb\"},\"inLanguage\":\"pt-BR\",\"potentialAction\":[{\"@type\":\"ReadAction\",\"target\":[\"https:\/\/psol50.org.br\/aurea-carolina-e-a-alternativa-de-esquerda-para-bh-e-possivel-leva-la-ao-2o-turno\/\"]}]},{\"@type\":\"ImageObject\",\"inLanguage\":\"pt-BR\",\"@id\":\"https:\/\/psol50.org.br\/aurea-carolina-e-a-alternativa-de-esquerda-para-bh-e-possivel-leva-la-ao-2o-turno\/#primaryimage\",\"url\":\"https:\/\/psol50.org.br\/inc\/uploads\/2020\/07\/aurea-carolina-blog-da-boitempo.jpg\",\"contentUrl\":\"https:\/\/psol50.org.br\/inc\/uploads\/2020\/07\/aurea-carolina-blog-da-boitempo.jpg\",\"width\":653,\"height\":436},{\"@type\":\"BreadcrumbList\",\"@id\":\"https:\/\/psol50.org.br\/aurea-carolina-e-a-alternativa-de-esquerda-para-bh-e-possivel-leva-la-ao-2o-turno\/#breadcrumb\",\"itemListElement\":[{\"@type\":\"ListItem\",\"position\":1,\"name\":\"In\u00edcio\",\"item\":\"https:\/\/psol50.org.br\/\"},{\"@type\":\"ListItem\",\"position\":2,\"name\":\"\u00c1urea Carolina \u00e9 a alternativa de esquerda para BH. \u00c9 poss\u00edvel lev\u00e1-la ao 2\u00ba turno!\"}]},{\"@type\":\"WebSite\",\"@id\":\"https:\/\/psol50.org.br\/#website\",\"url\":\"https:\/\/psol50.org.br\/\",\"name\":\"PSOL 50\",\"description\":\"Site oficial do Partido Socialismo e Liberdade\",\"publisher\":{\"@id\":\"https:\/\/psol50.org.br\/#organization\"},\"alternateName\":\"PSOL50\",\"potentialAction\":[{\"@type\":\"SearchAction\",\"target\":{\"@type\":\"EntryPoint\",\"urlTemplate\":\"https:\/\/psol50.org.br\/?s={search_term_string}\"},\"query-input\":{\"@type\":\"PropertyValueSpecification\",\"valueRequired\":true,\"valueName\":\"search_term_string\"}}],\"inLanguage\":\"pt-BR\"},{\"@type\":\"Organization\",\"@id\":\"https:\/\/psol50.org.br\/#organization\",\"name\":\"PSOL 50\",\"alternateName\":\"PSOL 50\",\"url\":\"https:\/\/psol50.org.br\/\",\"logo\":{\"@type\":\"ImageObject\",\"inLanguage\":\"pt-BR\",\"@id\":\"https:\/\/psol50.org.br\/#\/schema\/logo\/image\/\",\"url\":\"https:\/\/psol50.org.br\/inc\/uploads\/2018\/07\/capa.png\",\"contentUrl\":\"https:\/\/psol50.org.br\/inc\/uploads\/2018\/07\/capa.png\",\"width\":1350,\"height\":900,\"caption\":\"PSOL 50\"},\"image\":{\"@id\":\"https:\/\/psol50.org.br\/#\/schema\/logo\/image\/\"},\"sameAs\":[\"https:\/\/www.facebook.com\/psol50\",\"https:\/\/x.com\/psol50\",\"https:\/\/www.instagram.com\/psol50\/\",\"https:\/\/www.youtube.com\/channel\/UC7SnJS5o1os7a6CaiNabzcg\"]},{\"@type\":\"Person\",\"@id\":\"https:\/\/psol50.org.br\/#\/schema\/person\/475dfa57d0b815993c714c2e96491fcd\",\"name\":\"Comunica\u00e7\u00e3o PSOL\",\"image\":{\"@type\":\"ImageObject\",\"inLanguage\":\"pt-BR\",\"@id\":\"https:\/\/psol50.org.br\/#\/schema\/person\/image\/\",\"url\":\"https:\/\/secure.gravatar.com\/avatar\/b34fc4f4e468a4e51785917065a3db57b841f5c95dba6ad8c73aaf8f66f8f9bf?s=96&d=mm&r=g\",\"contentUrl\":\"https:\/\/secure.gravatar.com\/avatar\/b34fc4f4e468a4e51785917065a3db57b841f5c95dba6ad8c73aaf8f66f8f9bf?s=96&d=mm&r=g\",\"caption\":\"Comunica\u00e7\u00e3o PSOL\"}}]}<\/script>\n<!-- \/ Yoast SEO plugin. -->","yoast_head_json":{"title":"\u00c1urea Carolina \u00e9 a alternativa de esquerda para BH. \u00c9 poss\u00edvel lev\u00e1-la ao 2\u00ba turno!","description":"\u00c1urea Carolina faz hist\u00f3ria e \u00e9 a principal alternativa de oposi\u00e7\u00e3o \u00e0 gest\u00e3o atual do prefeito Alexandre Kalil, candidato a reelei\u00e7\u00e3o.","robots":{"index":"index","follow":"follow","max-snippet":"max-snippet:-1","max-image-preview":"max-image-preview:large","max-video-preview":"max-video-preview:-1"},"canonical":"https:\/\/psol50.org.br\/aurea-carolina-e-a-alternativa-de-esquerda-para-bh-e-possivel-leva-la-ao-2o-turno\/","og_locale":"pt_BR","og_type":"article","og_title":"\u00c1urea Carolina \u00e9 a alternativa de esquerda para BH. \u00c9 poss\u00edvel lev\u00e1-la ao 2\u00ba turno!","og_description":"\u00c1urea Carolina faz hist\u00f3ria e \u00e9 a principal alternativa de oposi\u00e7\u00e3o \u00e0 gest\u00e3o atual do prefeito Alexandre Kalil, candidato a reelei\u00e7\u00e3o.","og_url":"https:\/\/psol50.org.br\/aurea-carolina-e-a-alternativa-de-esquerda-para-bh-e-possivel-leva-la-ao-2o-turno\/","og_site_name":"PSOL 50","article_publisher":"https:\/\/www.facebook.com\/psol50","article_published_time":"2020-11-13T15:15:54+00:00","og_image":[{"width":653,"height":436,"url":"https:\/\/psol50.org.br\/inc\/uploads\/2020\/07\/aurea-carolina-blog-da-boitempo.jpg","type":"image\/jpeg"}],"author":"Comunica\u00e7\u00e3o PSOL","twitter_card":"summary_large_image","twitter_title":"\u00c1urea Carolina \u00e9 a alternativa de esquerda para BH. \u00c9 poss\u00edvel lev\u00e1-la ao 2\u00ba turno!","twitter_description":"\u00c1urea Carolina faz hist\u00f3ria e \u00e9 a principal alternativa de oposi\u00e7\u00e3o \u00e0 gest\u00e3o atual do prefeito Alexandre Kalil, candidato a reelei\u00e7\u00e3o.","twitter_image":"https:\/\/psol50.org.br\/inc\/uploads\/2020\/07\/aurea-carolina-blog-da-boitempo.jpg","twitter_creator":"@psol50","twitter_site":"@psol50","twitter_misc":{"Escrito por":"Comunica\u00e7\u00e3o PSOL","Est. tempo de leitura":"2 minutos"},"schema":{"@context":"https:\/\/schema.org","@graph":[{"@type":"Article","@id":"https:\/\/psol50.org.br\/aurea-carolina-e-a-alternativa-de-esquerda-para-bh-e-possivel-leva-la-ao-2o-turno\/#article","isPartOf":{"@id":"https:\/\/psol50.org.br\/aurea-carolina-e-a-alternativa-de-esquerda-para-bh-e-possivel-leva-la-ao-2o-turno\/"},"author":{"name":"Comunica\u00e7\u00e3o PSOL","@id":"https:\/\/psol50.org.br\/#\/schema\/person\/475dfa57d0b815993c714c2e96491fcd"},"headline":"\u00c1urea Carolina \u00e9 a alternativa de esquerda para BH. \u00c9 poss\u00edvel lev\u00e1-la ao 2\u00ba turno!","datePublished":"2020-11-13T15:15:54+00:00","mainEntityOfPage":{"@id":"https:\/\/psol50.org.br\/aurea-carolina-e-a-alternativa-de-esquerda-para-bh-e-possivel-leva-la-ao-2o-turno\/"},"wordCount":441,"publisher":{"@id":"https:\/\/psol50.org.br\/#organization"},"image":{"@id":"https:\/\/psol50.org.br\/aurea-carolina-e-a-alternativa-de-esquerda-para-bh-e-possivel-leva-la-ao-2o-turno\/#primaryimage"},"thumbnailUrl":"https:\/\/psol50.org.br\/inc\/uploads\/2020\/07\/aurea-carolina-blog-da-boitempo.jpg","keywords":["2020","\u00c1urea Carolina","Belo Horizonte","elei\u00e7\u00f5es","Minas Gerais","PSOL"],"articleSection":["Not\u00edcias"],"inLanguage":"pt-BR"},{"@type":"WebPage","@id":"https:\/\/psol50.org.br\/aurea-carolina-e-a-alternativa-de-esquerda-para-bh-e-possivel-leva-la-ao-2o-turno\/","url":"https:\/\/psol50.org.br\/aurea-carolina-e-a-alternativa-de-esquerda-para-bh-e-possivel-leva-la-ao-2o-turno\/","name":"\u00c1urea Carolina \u00e9 a alternativa de esquerda para BH. \u00c9 poss\u00edvel lev\u00e1-la ao 2\u00ba turno!","isPartOf":{"@id":"https:\/\/psol50.org.br\/#website"},"primaryImageOfPage":{"@id":"https:\/\/psol50.org.br\/aurea-carolina-e-a-alternativa-de-esquerda-para-bh-e-possivel-leva-la-ao-2o-turno\/#primaryimage"},"image":{"@id":"https:\/\/psol50.org.br\/aurea-carolina-e-a-alternativa-de-esquerda-para-bh-e-possivel-leva-la-ao-2o-turno\/#primaryimage"},"thumbnailUrl":"https:\/\/psol50.org.br\/inc\/uploads\/2020\/07\/aurea-carolina-blog-da-boitempo.jpg","datePublished":"2020-11-13T15:15:54+00:00","description":"\u00c1urea Carolina faz hist\u00f3ria e \u00e9 a principal alternativa de oposi\u00e7\u00e3o \u00e0 gest\u00e3o atual do prefeito Alexandre Kalil, candidato a reelei\u00e7\u00e3o.","breadcrumb":{"@id":"https:\/\/psol50.org.br\/aurea-carolina-e-a-alternativa-de-esquerda-para-bh-e-possivel-leva-la-ao-2o-turno\/#breadcrumb"},"inLanguage":"pt-BR","potentialAction":[{"@type":"ReadAction","target":["https:\/\/psol50.org.br\/aurea-carolina-e-a-alternativa-de-esquerda-para-bh-e-possivel-leva-la-ao-2o-turno\/"]}]},{"@type":"ImageObject","inLanguage":"pt-BR","@id":"https:\/\/psol50.org.br\/aurea-carolina-e-a-alternativa-de-esquerda-para-bh-e-possivel-leva-la-ao-2o-turno\/#primaryimage","url":"https:\/\/psol50.org.br\/inc\/uploads\/2020\/07\/aurea-carolina-blog-da-boitempo.jpg","contentUrl":"https:\/\/psol50.org.br\/inc\/uploads\/2020\/07\/aurea-carolina-blog-da-boitempo.jpg","width":653,"height":436},{"@type":"BreadcrumbList","@id":"https:\/\/psol50.org.br\/aurea-carolina-e-a-alternativa-de-esquerda-para-bh-e-possivel-leva-la-ao-2o-turno\/#breadcrumb","itemListElement":[{"@type":"ListItem","position":1,"name":"In\u00edcio","item":"https:\/\/psol50.org.br\/"},{"@type":"ListItem","position":2,"name":"\u00c1urea Carolina \u00e9 a alternativa de esquerda para BH. \u00c9 poss\u00edvel lev\u00e1-la ao 2\u00ba turno!"}]},{"@type":"WebSite","@id":"https:\/\/psol50.org.br\/#website","url":"https:\/\/psol50.org.br\/","name":"PSOL 50","description":"Site oficial do Partido Socialismo e Liberdade","publisher":{"@id":"https:\/\/psol50.org.br\/#organization"},"alternateName":"PSOL50","potentialAction":[{"@type":"SearchAction","target":{"@type":"EntryPoint","urlTemplate":"https:\/\/psol50.org.br\/?s={search_term_string}"},"query-input":{"@type":"PropertyValueSpecification","valueRequired":true,"valueName":"search_term_string"}}],"inLanguage":"pt-BR"},{"@type":"Organization","@id":"https:\/\/psol50.org.br\/#organization","name":"PSOL 50","alternateName":"PSOL 50","url":"https:\/\/psol50.org.br\/","logo":{"@type":"ImageObject","inLanguage":"pt-BR","@id":"https:\/\/psol50.org.br\/#\/schema\/logo\/image\/","url":"https:\/\/psol50.org.br\/inc\/uploads\/2018\/07\/capa.png","contentUrl":"https:\/\/psol50.org.br\/inc\/uploads\/2018\/07\/capa.png","width":1350,"height":900,"caption":"PSOL 50"},"image":{"@id":"https:\/\/psol50.org.br\/#\/schema\/logo\/image\/"},"sameAs":["https:\/\/www.facebook.com\/psol50","https:\/\/x.com\/psol50","https:\/\/www.instagram.com\/psol50\/","https:\/\/www.youtube.com\/channel\/UC7SnJS5o1os7a6CaiNabzcg"]},{"@type":"Person","@id":"https:\/\/psol50.org.br\/#\/schema\/person\/475dfa57d0b815993c714c2e96491fcd","name":"Comunica\u00e7\u00e3o PSOL","image":{"@type":"ImageObject","inLanguage":"pt-BR","@id":"https:\/\/psol50.org.br\/#\/schema\/person\/image\/","url":"https:\/\/secure.gravatar.com\/avatar\/b34fc4f4e468a4e51785917065a3db57b841f5c95dba6ad8c73aaf8f66f8f9bf?s=96&d=mm&r=g","contentUrl":"https:\/\/secure.gravatar.com\/avatar\/b34fc4f4e468a4e51785917065a3db57b841f5c95dba6ad8c73aaf8f66f8f9bf?s=96&d=mm&r=g","caption":"Comunica\u00e7\u00e3o PSOL"}}]}},"_links":{"self":[{"href":"https:\/\/psol50.org.br\/rest\/wp\/v2\/posts\/31167","targetHints":{"allow":["GET"]}}],"collection":[{"href":"https:\/\/psol50.org.br\/rest\/wp\/v2\/posts"}],"about":[{"href":"https:\/\/psol50.org.br\/rest\/wp\/v2\/types\/post"}],"author":[{"embeddable":true,"href":"https:\/\/psol50.org.br\/rest\/wp\/v2\/users\/2"}],"replies":[{"embeddable":true,"href":"https:\/\/psol50.org.br\/rest\/wp\/v2\/comments?post=31167"}],"version-history":[{"count":0,"href":"https:\/\/psol50.org.br\/rest\/wp\/v2\/posts\/31167\/revisions"}],"wp:featuredmedia":[{"embeddable":true,"href":"https:\/\/psol50.org.br\/rest\/wp\/v2\/media\/30011"}],"wp:attachment":[{"href":"https:\/\/psol50.org.br\/rest\/wp\/v2\/media?parent=31167"}],"wp:term":[{"taxonomy":"category","embeddable":true,"href":"https:\/\/psol50.org.br\/rest\/wp\/v2\/categories?post=31167"},{"taxonomy":"post_tag","embeddable":true,"href":"https:\/\/psol50.org.br\/rest\/wp\/v2\/tags?post=31167"}],"curies":[{"name":"wp","href":"https:\/\/api.w.org\/{rel}","templated":true}]}}