{"id":3119,"date":"2015-01-16T00:00:00","date_gmt":"2015-01-16T10:57:06","guid":{"rendered":"http:\/\/psol50.org.br\/arquivo\/2015\/01\/16\/psol-vai-a-grecia-em-apoio-ao-syriza-favorito-na-disputa-do-dia-25\/"},"modified":"2015-01-16T00:00:00","modified_gmt":"2015-01-16T10:57:06","slug":"psol-vai-a-grecia-em-apoio-ao-syriza-favorito-na-disputa-do-dia-25","status":"publish","type":"post","link":"https:\/\/psol50.org.br\/psol-vai-a-grecia-em-apoio-ao-syriza-favorito-na-disputa-do-dia-25\/","title":{"rendered":"PSOL vai \u00e0 Gr\u00e9cia em apoio ao Syriza, favorito na disputa do dia 25"},"content":{"rendered":"<p style=\"margin-bottom: 0cm; text-align: justify;\">\n\t<span style=\"font-family:arial,helvetica,sans-serif;\"><span style=\"font-size: 12px;\"><em>Do PSOL Nacional, Leonor Costa<\/em><\/p>\n<p>\tNo pr\u00f3ximo dia 25 de janeiro os eleitores da Gr\u00e9cia ir\u00e3o \u00e0s urnas para eleger o novo governo dos pr\u00f3ximos 5 anos. Dois projetos claramente antag\u00f4nicos est\u00e3o sendo apresentados \u00e0 popula\u00e7\u00e3o grega: um \u00e9 liderado pelo atual primeiro-ministro, Antonis Samar\u00e1s, da Nova Democracia (ND), que pretende manter a pol\u00edtica de ajuste fiscal imposta pelo trip\u00e9 Fundo Monet\u00e1rio Internacional (FMI), Uni\u00e3o Europeia e Banco Central Europeu (BCE) &#8211; conhecido como Tr\u00f3ika; e o outro liderado por Alexis Tsipras, do partido de esquerda Syriza, que quer romper com a l\u00f3gica econ\u00f4mica que segue desde os \u00faltimos anos e que tem penalizado milhares de trabalhadores gregos devido aos ajustes fiscais e \u00e0s constantes medidas de retirada de direitos.<\/p>\n<p>\tO pleito, convocado antecipadamente, ocorrer\u00e1 no dia 25 pr\u00f3ximo porque o parlamento grego n\u00e3o conseguiu eleger o presidente do pa\u00eds. Embora com pouca relev\u00e2ncia institucional na pol\u00edtica grega, sempre que o cargo de presidente n\u00e3o pode ser eleito por uma maioria s\u00f3lida pelo parlamento, \u00e9 necess\u00e1rio que sejam realizadas novas elei\u00e7\u00f5es. Numa vota\u00e7\u00e3o nominal, os 300 deputados gregos se pronunciaram a favor ou contra o candidato apresentado por Antonis Samar\u00e1s, que obteve 168 votos. Para ser eleito, eram necess\u00e1rios 180. Com essa insatisfat\u00f3ria performance, Samar\u00e1s n\u00e3o conseguiu evitar a \u201caventura das urnas\u201d, conforme disse na ocasi\u00e3o, em declara\u00e7\u00f5es \u00e0 imprensa, externando a sua preocupa\u00e7\u00e3o com a amea\u00e7a que estaria por vir em fun\u00e7\u00e3o do crescimento do partido opositor.<\/p>\n<p>\tFavorito nas \u00faltimas pesquisas, o Syriza conta com o apoio do PSOL e de v\u00e1rios partidos de esquerda da Am\u00e9rica Latina e da Europa. Sem d\u00favida a vit\u00f3ria do partido de Alexis Tsipras representar\u00e1 importantes mudan\u00e7as para o povo n\u00e3o s\u00f3 da Gr\u00e9cia como de outros pa\u00edses da Europa, que v\u00eam pagando um alto pre\u00e7o pelas medidas de austeridade do FMI e da Uni\u00e3o Europeia.<\/p>\n<p>\tEm nota, divulgada no dia 5 de janeiro, o PSOL reafirmou o seu apoio ao Syriza e considerou que sua vit\u00f3ria dar\u00e1 uma grande sacudida na pol\u00edtica de ajuste que hoje se aplica em toda Europa, o que certamente ter\u00e1 repercuss\u00e3o em outros pa\u00edses, inclusive no Brasil. \u201cSyriza, um partido irm\u00e3o que como o nosso se op\u00f5e aos ajustes do governo, decretados pela Troika comandada por Angela Merkel (FMI, Banco Central Europeu e Comunidade Europeia), tem possibilidade de ganhar as pr\u00f3ximas elei\u00e7\u00f5es. Se isso ocorrer, n\u00e3o mudar\u00e1 somente a situa\u00e7\u00e3o grega\u201d, afirmou a nota, assinada pela Secretaria de Rela\u00e7\u00f5es Internacionais do partido. Leia a nota completa <a href=\"http:\/\/www.psol50.org.br\/site\/noticias\/3108\/todo-o-apoio-ao-syriza\">aqui<\/a>.<\/p>\n<p>\tJuliano Medeiros, Secret\u00e1rio Nacional de Comunica\u00e7\u00e3o do partido, faz uma an\u00e1lise do que levou o Syriza a ter um bom desempenho nos \u00faltimos anos. Segundo ele, que ir\u00e1 \u00e0 Gr\u00e9cia representar o PSOL nas elei\u00e7\u00f5es do dia 25 de janeiro, a crise econ\u00f4mica europeia fortaleceu ou fez surgir novos atores pol\u00edticos e sociais que n\u00e3o se submetem aos ditames do FMI ou da Comiss\u00e3o Europeia. \u201cO surgimento do Podemos, na Espanha, e do Syriza, na Gr\u00e9cia; al\u00e9m do fortalecimento de partidos anticapitalistas na Fran\u00e7a, Portugal e Alemanha, faz parte de um renascimento da esquerda naquele continente. O PSOL se inspira nessas experi\u00eancias para oferecer uma alternativa de esquerda, socialista e independente ao povo brasileiro. Por isso, estar ao lado desses partidos, prestando nossa solidariedade ao povo grego, ser\u00e1 muito importante para o PSOL e para todos aqueles que acreditam numa verdadeira mudan\u00e7a de esquerda&#8221;, enfatiza.<\/p>\n<p>\t<b>O que o Syriza prop\u00f5e<\/b><br \/>\n\tEm artigo reproduzido no site Esquerda.net, Dimitrios Stratoulis, respons\u00e1vel pela pol\u00edtica de emprego do Syriza, apresentou as pol\u00edticas anti-austeridade que ser\u00e3o implementadas caso o partido liderado por Alexis Tsipras saia vitorioso no pr\u00f3ximo dia 25.<\/p>\n<p>\tSegundo ele, os crit\u00e9rios das decis\u00f5es enquanto governo progressista de esquerda n\u00e3o ser\u00e3o as exig\u00eancias dos credores e dos fundos especulativos, mas a sobreviv\u00eancia do povo, a dignidade do pa\u00eds e tamb\u00e9m a necessidade de tra\u00e7ar novos caminhos para todos os povos da Europa, \u201cderrubando as pol\u00edticas destrutivas da austeridade sem fim\u201d. Para isso, conforme explica Stratoulis, o objetivo \u00e9 obter uma maioria parlamentar nas elei\u00e7\u00f5es e formar uma alian\u00e7a com outras for\u00e7as da esquerda para formar governo.<\/p>\n<p>\t\u201cEle (o governo) dar\u00e1 resposta imediata aos problemas urgentes do desemprego, do restabelecimento dos rendimentos da classe trabalhadora, dos direitos sociais, da prote\u00e7\u00e3o legislativa do trabalho e de todos os direitos democr\u00e1ticos que foram abolidos nos \u00faltimos anos. Neste quadro, a renegocia\u00e7\u00e3o dos acordos de empr\u00e9stimo com os credores para anular as cl\u00e1usulas abusivas, as cl\u00e1usulas \u2018coloniais\u2019 que estrangulam a popula\u00e7\u00e3o e de apagar uma grande parte da d\u00edvida p\u00fablica, \u00e9 necess\u00e1rio e primordial\u201d, defendeu.<\/p>\n<p>\tEntre as propostas que ser\u00e3o apresentadas pelo governo, caso o Syriza seja eleito, vale destacar os seguintes:<br \/>\n\t&#8211; restabelecimento do sal\u00e1rio m\u00ednimo para 751 euros (que tinha sido cortado para 586 euros pelas leis dos memorandos) e do 13\u00ba m\u00eas para os pensionistas com rendimentos abaixo dos 700 euros;<br \/>\n\t&#8211; supress\u00e3o das medidas legislativas que permitiram as demiss\u00f5es abusivas no servi\u00e7o p\u00fablico e recontrata\u00e7\u00e3o das v\u00edtimas dessas medidas;<br \/>\n\t&#8211; restabelecimento das leis laborais que protegem os trabalhadores do setor privado contra as demiss\u00f5es abusivas e extin\u00e7\u00e3o das medidas antidemocr\u00e1ticas que permitem ao governo requisitar abusiva e autoritariamente os grevistas;<br \/>\n\t&#8211; acesso aos servi\u00e7os de sa\u00fade para as pessoas sem cobertura social;<br \/>\n\t&#8211; acesso gratuito aos meios de transporte p\u00fablico para desempregados e pessoas de baixa renda;<br \/>\n\t&#8211; supress\u00e3o da maior parte do valor nominal da d\u00edvida p\u00fablica, atrav\u00e9s de mecanismos que n\u00e3o prejudiquem a popula\u00e7\u00e3o;<br \/>\n\t&#8211; plano nacional para o crescimento do emprego;<br \/>\n\t&#8211; reformas do sistema institucional e democratiza\u00e7\u00e3o da administra\u00e7\u00e3o p\u00fablica;<br \/>\n\t&#8211; programa de garantia de habita\u00e7\u00e3o.<\/p>\n<p>\tDurante os quatro dias que o secret\u00e1rio nacional de Comunica\u00e7\u00e3o do PSOL, Juliano Medeiros, e o representante da Funda\u00e7\u00e3o Lauro Campos, Thiago Aguiar, ficar\u00e3o na Gr\u00e9cia, o site e as redes sociais do partido divulgar\u00e3o informa\u00e7\u00f5es atualizadas sobre o processo eleitoral. Acesse e acompanhe mais not\u00edcias.<\/p>\n<p>\tPara saber mais sobre o programa do Syriza, clique <a href=\"http:\/\/www.esquerda.net\/artigo\/prioridades-de-um-governo-de-esquerda-na-grecia\/35432\">aqui<\/a>.<\/span><\/span><\/p>\n<p style=\"margin-bottom: 0cm\">\n\t&nbsp;<\/p>\n","protected":false},"excerpt":{"rendered":"<p>Secret\u00e1rio nacional de Comunica\u00e7\u00e3o do partido e representante da Funda\u00e7\u00e3o Lauro Campos v\u00e3o refor\u00e7ar o apoio ao grupo de Alexis Tsipras e acompanhar as elei\u00e7\u00f5es, direto de Atenas. Syriza \u00e9 a alternativa \u00e0 pol\u00edtica de austeridade da Nova Democracia, de Antonis Samar\u00e1s, e pode representar mudan\u00e7as para outros pa\u00edses da Europa<\/p>\n","protected":false},"author":2,"featured_media":0,"comment_status":"open","ping_status":"open","sticky":false,"template":"","format":"standard","meta":{"_acf_changed":false,"footnotes":""},"categories":[4764,836],"tags":[790,3993,1216,22,4765],"class_list":{"0":"post-3119","1":"post","2":"type-post","3":"status-publish","4":"format-standard","6":"category-grecia","7":"category-internacional","8":"tag-esquerda","9":"tag-grecia","10":"tag-internacional","11":"tag-psol","12":"tag-syriza"},"acf":[],"yoast_head":"<!-- This site is optimized with the Yoast SEO plugin v26.5 - https:\/\/yoast.com\/wordpress\/plugins\/seo\/ -->\n<title>PSOL vai \u00e0 Gr\u00e9cia em apoio ao Syriza, favorito na disputa do dia 25 - PSOL 50<\/title>\n<meta name=\"robots\" content=\"index, follow, max-snippet:-1, max-image-preview:large, max-video-preview:-1\" \/>\n<link rel=\"canonical\" href=\"https:\/\/psol50.org.br\/psol-vai-a-grecia-em-apoio-ao-syriza-favorito-na-disputa-do-dia-25\/\" \/>\n<meta property=\"og:locale\" content=\"pt_BR\" \/>\n<meta property=\"og:type\" content=\"article\" \/>\n<meta property=\"og:title\" content=\"PSOL vai \u00e0 Gr\u00e9cia em apoio ao Syriza, favorito na disputa do dia 25 - PSOL 50\" \/>\n<meta property=\"og:description\" content=\"Secret\u00e1rio nacional de Comunica\u00e7\u00e3o do partido e representante da Funda\u00e7\u00e3o Lauro Campos v\u00e3o refor\u00e7ar o apoio ao grupo de Alexis Tsipras e acompanhar as elei\u00e7\u00f5es, direto de Atenas. Syriza \u00e9 a alternativa \u00e0 pol\u00edtica de austeridade da Nova Democracia, de Antonis Samar\u00e1s, e pode representar mudan\u00e7as para outros pa\u00edses da Europa\" \/>\n<meta property=\"og:url\" content=\"https:\/\/psol50.org.br\/psol-vai-a-grecia-em-apoio-ao-syriza-favorito-na-disputa-do-dia-25\/\" \/>\n<meta property=\"og:site_name\" content=\"PSOL 50\" \/>\n<meta property=\"article:publisher\" content=\"https:\/\/www.facebook.com\/psol50\" \/>\n<meta property=\"article:published_time\" content=\"2015-01-16T10:57:06+00:00\" \/>\n<meta property=\"og:image\" content=\"https:\/\/psol50.org.br\/inc\/uploads\/2018\/07\/capa.png\" \/>\n\t<meta property=\"og:image:width\" content=\"1350\" \/>\n\t<meta property=\"og:image:height\" content=\"900\" \/>\n\t<meta property=\"og:image:type\" content=\"image\/png\" \/>\n<meta name=\"author\" content=\"Comunica\u00e7\u00e3o PSOL\" \/>\n<meta name=\"twitter:card\" content=\"summary_large_image\" \/>\n<meta name=\"twitter:creator\" content=\"@psol50\" \/>\n<meta name=\"twitter:site\" content=\"@psol50\" \/>\n<meta name=\"twitter:label1\" content=\"Escrito por\" \/>\n\t<meta name=\"twitter:data1\" content=\"Comunica\u00e7\u00e3o PSOL\" \/>\n\t<meta name=\"twitter:label2\" content=\"Est. tempo de leitura\" \/>\n\t<meta name=\"twitter:data2\" content=\"5 minutos\" \/>\n<script type=\"application\/ld+json\" class=\"yoast-schema-graph\">{\"@context\":\"https:\/\/schema.org\",\"@graph\":[{\"@type\":\"Article\",\"@id\":\"https:\/\/psol50.org.br\/psol-vai-a-grecia-em-apoio-ao-syriza-favorito-na-disputa-do-dia-25\/#article\",\"isPartOf\":{\"@id\":\"https:\/\/psol50.org.br\/psol-vai-a-grecia-em-apoio-ao-syriza-favorito-na-disputa-do-dia-25\/\"},\"author\":{\"name\":\"Comunica\u00e7\u00e3o PSOL\",\"@id\":\"https:\/\/psol50.org.br\/#\/schema\/person\/475dfa57d0b815993c714c2e96491fcd\"},\"headline\":\"PSOL vai \u00e0 Gr\u00e9cia em apoio ao Syriza, favorito na disputa do dia 25\",\"datePublished\":\"2015-01-16T10:57:06+00:00\",\"mainEntityOfPage\":{\"@id\":\"https:\/\/psol50.org.br\/psol-vai-a-grecia-em-apoio-ao-syriza-favorito-na-disputa-do-dia-25\/\"},\"wordCount\":1101,\"commentCount\":0,\"publisher\":{\"@id\":\"https:\/\/psol50.org.br\/#organization\"},\"keywords\":[\"esquerda\",\"Gr\u00e9cia\",\"Internacional\",\"PSOL\",\"Syriza\"],\"articleSection\":[\"Gr\u00e9cia\",\"Internacional\"],\"inLanguage\":\"pt-BR\",\"potentialAction\":[{\"@type\":\"CommentAction\",\"name\":\"Comment\",\"target\":[\"https:\/\/psol50.org.br\/psol-vai-a-grecia-em-apoio-ao-syriza-favorito-na-disputa-do-dia-25\/#respond\"]}]},{\"@type\":\"WebPage\",\"@id\":\"https:\/\/psol50.org.br\/psol-vai-a-grecia-em-apoio-ao-syriza-favorito-na-disputa-do-dia-25\/\",\"url\":\"https:\/\/psol50.org.br\/psol-vai-a-grecia-em-apoio-ao-syriza-favorito-na-disputa-do-dia-25\/\",\"name\":\"PSOL vai \u00e0 Gr\u00e9cia em apoio ao Syriza, favorito na disputa do dia 25 - PSOL 50\",\"isPartOf\":{\"@id\":\"https:\/\/psol50.org.br\/#website\"},\"datePublished\":\"2015-01-16T10:57:06+00:00\",\"breadcrumb\":{\"@id\":\"https:\/\/psol50.org.br\/psol-vai-a-grecia-em-apoio-ao-syriza-favorito-na-disputa-do-dia-25\/#breadcrumb\"},\"inLanguage\":\"pt-BR\",\"potentialAction\":[{\"@type\":\"ReadAction\",\"target\":[\"https:\/\/psol50.org.br\/psol-vai-a-grecia-em-apoio-ao-syriza-favorito-na-disputa-do-dia-25\/\"]}]},{\"@type\":\"BreadcrumbList\",\"@id\":\"https:\/\/psol50.org.br\/psol-vai-a-grecia-em-apoio-ao-syriza-favorito-na-disputa-do-dia-25\/#breadcrumb\",\"itemListElement\":[{\"@type\":\"ListItem\",\"position\":1,\"name\":\"In\u00edcio\",\"item\":\"https:\/\/psol50.org.br\/\"},{\"@type\":\"ListItem\",\"position\":2,\"name\":\"PSOL vai \u00e0 Gr\u00e9cia em apoio ao Syriza, favorito na disputa do dia 25\"}]},{\"@type\":\"WebSite\",\"@id\":\"https:\/\/psol50.org.br\/#website\",\"url\":\"https:\/\/psol50.org.br\/\",\"name\":\"PSOL 50\",\"description\":\"Site oficial do Partido Socialismo e Liberdade\",\"publisher\":{\"@id\":\"https:\/\/psol50.org.br\/#organization\"},\"alternateName\":\"PSOL50\",\"potentialAction\":[{\"@type\":\"SearchAction\",\"target\":{\"@type\":\"EntryPoint\",\"urlTemplate\":\"https:\/\/psol50.org.br\/?s={search_term_string}\"},\"query-input\":{\"@type\":\"PropertyValueSpecification\",\"valueRequired\":true,\"valueName\":\"search_term_string\"}}],\"inLanguage\":\"pt-BR\"},{\"@type\":\"Organization\",\"@id\":\"https:\/\/psol50.org.br\/#organization\",\"name\":\"PSOL 50\",\"alternateName\":\"PSOL 50\",\"url\":\"https:\/\/psol50.org.br\/\",\"logo\":{\"@type\":\"ImageObject\",\"inLanguage\":\"pt-BR\",\"@id\":\"https:\/\/psol50.org.br\/#\/schema\/logo\/image\/\",\"url\":\"https:\/\/psol50.org.br\/inc\/uploads\/2018\/07\/capa.png\",\"contentUrl\":\"https:\/\/psol50.org.br\/inc\/uploads\/2018\/07\/capa.png\",\"width\":1350,\"height\":900,\"caption\":\"PSOL 50\"},\"image\":{\"@id\":\"https:\/\/psol50.org.br\/#\/schema\/logo\/image\/\"},\"sameAs\":[\"https:\/\/www.facebook.com\/psol50\",\"https:\/\/x.com\/psol50\",\"https:\/\/www.instagram.com\/psol50\/\",\"https:\/\/www.youtube.com\/channel\/UC7SnJS5o1os7a6CaiNabzcg\"]},{\"@type\":\"Person\",\"@id\":\"https:\/\/psol50.org.br\/#\/schema\/person\/475dfa57d0b815993c714c2e96491fcd\",\"name\":\"Comunica\u00e7\u00e3o PSOL\",\"image\":{\"@type\":\"ImageObject\",\"inLanguage\":\"pt-BR\",\"@id\":\"https:\/\/psol50.org.br\/#\/schema\/person\/image\/\",\"url\":\"https:\/\/secure.gravatar.com\/avatar\/b34fc4f4e468a4e51785917065a3db57b841f5c95dba6ad8c73aaf8f66f8f9bf?s=96&d=mm&r=g\",\"contentUrl\":\"https:\/\/secure.gravatar.com\/avatar\/b34fc4f4e468a4e51785917065a3db57b841f5c95dba6ad8c73aaf8f66f8f9bf?s=96&d=mm&r=g\",\"caption\":\"Comunica\u00e7\u00e3o PSOL\"}}]}<\/script>\n<!-- \/ Yoast SEO plugin. -->","yoast_head_json":{"title":"PSOL vai \u00e0 Gr\u00e9cia em apoio ao Syriza, favorito na disputa do dia 25 - PSOL 50","robots":{"index":"index","follow":"follow","max-snippet":"max-snippet:-1","max-image-preview":"max-image-preview:large","max-video-preview":"max-video-preview:-1"},"canonical":"https:\/\/psol50.org.br\/psol-vai-a-grecia-em-apoio-ao-syriza-favorito-na-disputa-do-dia-25\/","og_locale":"pt_BR","og_type":"article","og_title":"PSOL vai \u00e0 Gr\u00e9cia em apoio ao Syriza, favorito na disputa do dia 25 - PSOL 50","og_description":"Secret\u00e1rio nacional de Comunica\u00e7\u00e3o do partido e representante da Funda\u00e7\u00e3o Lauro Campos v\u00e3o refor\u00e7ar o apoio ao grupo de Alexis Tsipras e acompanhar as elei\u00e7\u00f5es, direto de Atenas. Syriza \u00e9 a alternativa \u00e0 pol\u00edtica de austeridade da Nova Democracia, de Antonis Samar\u00e1s, e pode representar mudan\u00e7as para outros pa\u00edses da Europa","og_url":"https:\/\/psol50.org.br\/psol-vai-a-grecia-em-apoio-ao-syriza-favorito-na-disputa-do-dia-25\/","og_site_name":"PSOL 50","article_publisher":"https:\/\/www.facebook.com\/psol50","article_published_time":"2015-01-16T10:57:06+00:00","og_image":[{"width":1350,"height":900,"url":"https:\/\/psol50.org.br\/inc\/uploads\/2018\/07\/capa.png","type":"image\/png"}],"author":"Comunica\u00e7\u00e3o PSOL","twitter_card":"summary_large_image","twitter_creator":"@psol50","twitter_site":"@psol50","twitter_misc":{"Escrito por":"Comunica\u00e7\u00e3o PSOL","Est. tempo de leitura":"5 minutos"},"schema":{"@context":"https:\/\/schema.org","@graph":[{"@type":"Article","@id":"https:\/\/psol50.org.br\/psol-vai-a-grecia-em-apoio-ao-syriza-favorito-na-disputa-do-dia-25\/#article","isPartOf":{"@id":"https:\/\/psol50.org.br\/psol-vai-a-grecia-em-apoio-ao-syriza-favorito-na-disputa-do-dia-25\/"},"author":{"name":"Comunica\u00e7\u00e3o PSOL","@id":"https:\/\/psol50.org.br\/#\/schema\/person\/475dfa57d0b815993c714c2e96491fcd"},"headline":"PSOL vai \u00e0 Gr\u00e9cia em apoio ao Syriza, favorito na disputa do dia 25","datePublished":"2015-01-16T10:57:06+00:00","mainEntityOfPage":{"@id":"https:\/\/psol50.org.br\/psol-vai-a-grecia-em-apoio-ao-syriza-favorito-na-disputa-do-dia-25\/"},"wordCount":1101,"commentCount":0,"publisher":{"@id":"https:\/\/psol50.org.br\/#organization"},"keywords":["esquerda","Gr\u00e9cia","Internacional","PSOL","Syriza"],"articleSection":["Gr\u00e9cia","Internacional"],"inLanguage":"pt-BR","potentialAction":[{"@type":"CommentAction","name":"Comment","target":["https:\/\/psol50.org.br\/psol-vai-a-grecia-em-apoio-ao-syriza-favorito-na-disputa-do-dia-25\/#respond"]}]},{"@type":"WebPage","@id":"https:\/\/psol50.org.br\/psol-vai-a-grecia-em-apoio-ao-syriza-favorito-na-disputa-do-dia-25\/","url":"https:\/\/psol50.org.br\/psol-vai-a-grecia-em-apoio-ao-syriza-favorito-na-disputa-do-dia-25\/","name":"PSOL vai \u00e0 Gr\u00e9cia em apoio ao Syriza, favorito na disputa do dia 25 - PSOL 50","isPartOf":{"@id":"https:\/\/psol50.org.br\/#website"},"datePublished":"2015-01-16T10:57:06+00:00","breadcrumb":{"@id":"https:\/\/psol50.org.br\/psol-vai-a-grecia-em-apoio-ao-syriza-favorito-na-disputa-do-dia-25\/#breadcrumb"},"inLanguage":"pt-BR","potentialAction":[{"@type":"ReadAction","target":["https:\/\/psol50.org.br\/psol-vai-a-grecia-em-apoio-ao-syriza-favorito-na-disputa-do-dia-25\/"]}]},{"@type":"BreadcrumbList","@id":"https:\/\/psol50.org.br\/psol-vai-a-grecia-em-apoio-ao-syriza-favorito-na-disputa-do-dia-25\/#breadcrumb","itemListElement":[{"@type":"ListItem","position":1,"name":"In\u00edcio","item":"https:\/\/psol50.org.br\/"},{"@type":"ListItem","position":2,"name":"PSOL vai \u00e0 Gr\u00e9cia em apoio ao Syriza, favorito na disputa do dia 25"}]},{"@type":"WebSite","@id":"https:\/\/psol50.org.br\/#website","url":"https:\/\/psol50.org.br\/","name":"PSOL 50","description":"Site oficial do Partido Socialismo e Liberdade","publisher":{"@id":"https:\/\/psol50.org.br\/#organization"},"alternateName":"PSOL50","potentialAction":[{"@type":"SearchAction","target":{"@type":"EntryPoint","urlTemplate":"https:\/\/psol50.org.br\/?s={search_term_string}"},"query-input":{"@type":"PropertyValueSpecification","valueRequired":true,"valueName":"search_term_string"}}],"inLanguage":"pt-BR"},{"@type":"Organization","@id":"https:\/\/psol50.org.br\/#organization","name":"PSOL 50","alternateName":"PSOL 50","url":"https:\/\/psol50.org.br\/","logo":{"@type":"ImageObject","inLanguage":"pt-BR","@id":"https:\/\/psol50.org.br\/#\/schema\/logo\/image\/","url":"https:\/\/psol50.org.br\/inc\/uploads\/2018\/07\/capa.png","contentUrl":"https:\/\/psol50.org.br\/inc\/uploads\/2018\/07\/capa.png","width":1350,"height":900,"caption":"PSOL 50"},"image":{"@id":"https:\/\/psol50.org.br\/#\/schema\/logo\/image\/"},"sameAs":["https:\/\/www.facebook.com\/psol50","https:\/\/x.com\/psol50","https:\/\/www.instagram.com\/psol50\/","https:\/\/www.youtube.com\/channel\/UC7SnJS5o1os7a6CaiNabzcg"]},{"@type":"Person","@id":"https:\/\/psol50.org.br\/#\/schema\/person\/475dfa57d0b815993c714c2e96491fcd","name":"Comunica\u00e7\u00e3o PSOL","image":{"@type":"ImageObject","inLanguage":"pt-BR","@id":"https:\/\/psol50.org.br\/#\/schema\/person\/image\/","url":"https:\/\/secure.gravatar.com\/avatar\/b34fc4f4e468a4e51785917065a3db57b841f5c95dba6ad8c73aaf8f66f8f9bf?s=96&d=mm&r=g","contentUrl":"https:\/\/secure.gravatar.com\/avatar\/b34fc4f4e468a4e51785917065a3db57b841f5c95dba6ad8c73aaf8f66f8f9bf?s=96&d=mm&r=g","caption":"Comunica\u00e7\u00e3o PSOL"}}]}},"_links":{"self":[{"href":"https:\/\/psol50.org.br\/rest\/wp\/v2\/posts\/3119","targetHints":{"allow":["GET"]}}],"collection":[{"href":"https:\/\/psol50.org.br\/rest\/wp\/v2\/posts"}],"about":[{"href":"https:\/\/psol50.org.br\/rest\/wp\/v2\/types\/post"}],"author":[{"embeddable":true,"href":"https:\/\/psol50.org.br\/rest\/wp\/v2\/users\/2"}],"replies":[{"embeddable":true,"href":"https:\/\/psol50.org.br\/rest\/wp\/v2\/comments?post=3119"}],"version-history":[{"count":0,"href":"https:\/\/psol50.org.br\/rest\/wp\/v2\/posts\/3119\/revisions"}],"wp:attachment":[{"href":"https:\/\/psol50.org.br\/rest\/wp\/v2\/media?parent=3119"}],"wp:term":[{"taxonomy":"category","embeddable":true,"href":"https:\/\/psol50.org.br\/rest\/wp\/v2\/categories?post=3119"},{"taxonomy":"post_tag","embeddable":true,"href":"https:\/\/psol50.org.br\/rest\/wp\/v2\/tags?post=3119"}],"curies":[{"name":"wp","href":"https:\/\/api.w.org\/{rel}","templated":true}]}}