{"id":31197,"date":"2020-11-16T15:24:17","date_gmt":"2020-11-16T18:24:17","guid":{"rendered":"https:\/\/psol50.org.br\/?p=31197"},"modified":"2020-11-16T15:24:17","modified_gmt":"2020-11-16T18:24:17","slug":"edson-veriato-e-eleito-prefeito-de-potengi-ce-o-1o-da-historia-do-psol-no-ceara","status":"publish","type":"post","link":"https:\/\/psol50.org.br\/edson-veriato-e-eleito-prefeito-de-potengi-ce-o-1o-da-historia-do-psol-no-ceara\/","title":{"rendered":"Edson Veriato \u00e9 eleito prefeito de Potengi (CE), o 1\u00ba da hist\u00f3ria do PSOL no Cear\u00e1"},"content":{"rendered":"<p><a href=\"https:\/\/psol50.org.br\/rendajusta\/\" target=\"_blank\" rel=\"noopener noreferrer\"><img loading=\"lazy\" decoding=\"async\" class=\"alignnone size-full wp-image-30552\" src=\"https:\/\/psol50.org.br\/inc\/uploads\/2020\/08\/21-08-2020_LancamentoRendaJusta-2.png\" alt=\"\" width=\"1920\" height=\"383\" srcset=\"https:\/\/psol50.org.br\/inc\/uploads\/2020\/08\/21-08-2020_LancamentoRendaJusta-2.png 1920w, https:\/\/psol50.org.br\/inc\/uploads\/2020\/08\/21-08-2020_LancamentoRendaJusta-2-300x60.png 300w, https:\/\/psol50.org.br\/inc\/uploads\/2020\/08\/21-08-2020_LancamentoRendaJusta-2-1024x204.png 1024w, https:\/\/psol50.org.br\/inc\/uploads\/2020\/08\/21-08-2020_LancamentoRendaJusta-2-768x153.png 768w, https:\/\/psol50.org.br\/inc\/uploads\/2020\/08\/21-08-2020_LancamentoRendaJusta-2-1536x306.png 1536w, https:\/\/psol50.org.br\/inc\/uploads\/2020\/08\/21-08-2020_LancamentoRendaJusta-2-150x30.png 150w, https:\/\/psol50.org.br\/inc\/uploads\/2020\/08\/21-08-2020_LancamentoRendaJusta-2-696x139.png 696w, https:\/\/psol50.org.br\/inc\/uploads\/2020\/08\/21-08-2020_LancamentoRendaJusta-2-1068x213.png 1068w\" sizes=\"auto, (max-width: 1920px) 100vw, 1920px\" \/><\/a><\/p>\n<p>A cidade de Potengi, na regi\u00e3o do cariri oeste no estado do Cear\u00e1, elegeu o jovem agricultor, radialista e ativista comunit\u00e1rio Edson Veriato como o novo prefeito da cidade pelo PSOL. Ao fim da apura\u00e7\u00e3o, Edson Veriato teve 58,89% dos votos. Foram 3.457 votos no total.<\/p>\n<p>Ele derrotou na elei\u00e7\u00e3o a candidata Alizandra (PT), que ficou em 2\u00ba lugar com 39,49% dos votos. O vice-prefeito eleito tamb\u00e9m \u00e9 do PSOL, o comerciante Humberto Oliveira, popularmente conhecido por Humberto dos Barreiros, de 44 anos.<\/p>\n<p>Al\u00e9m do prefeito, Potengi tamb\u00e9m elegeu 3 vereadores do PSOL, dos 9 que comp\u00f5em a C\u00e2mara Municipal da cidade. Aline S\u00e9rgio foi a mais votada do partido, seguida por Z\u00e9 de J\u00falio e A\u00edlton Leite, que completam a nova bancada de vereadores do PSOL na cidade.<\/p>\n<p>Com forte apoio da juventude e do povo de Potengi, Edson Veriato fez hist\u00f3ria e se tornou o primeiro prefeito eleito pelo PSOL no estado do Cear\u00e1. Quando oficializou sua candidatura na Conven\u00e7\u00e3o do PSOL de Potengi em setembro, Edson tinha afirmado que \u201cum amanh\u00e3 diferente, melhor e de mudan\u00e7a logo chegar\u00e1\u201d. Agora, dois meses depois, a previs\u00e3o se concretizou e a esperan\u00e7a venceu em Potengi. Deu PSOL!<\/p>\n<p><a href=\"https:\/\/impeachmentpopular.com.br\/\" target=\"_blank\" rel=\"noopener noreferrer\"><img loading=\"lazy\" decoding=\"async\" class=\"alignnone size-full wp-image-29118\" src=\"https:\/\/psol50.org.br\/inc\/uploads\/2020\/05\/Email_Impeachment.png\" alt=\"\" width=\"1080\" height=\"250\" srcset=\"https:\/\/psol50.org.br\/inc\/uploads\/2020\/05\/Email_Impeachment.png 1080w, https:\/\/psol50.org.br\/inc\/uploads\/2020\/05\/Email_Impeachment-300x69.png 300w, https:\/\/psol50.org.br\/inc\/uploads\/2020\/05\/Email_Impeachment-1024x237.png 1024w, https:\/\/psol50.org.br\/inc\/uploads\/2020\/05\/Email_Impeachment-768x178.png 768w, https:\/\/psol50.org.br\/inc\/uploads\/2020\/05\/Email_Impeachment-150x35.png 150w, https:\/\/psol50.org.br\/inc\/uploads\/2020\/05\/Email_Impeachment-696x161.png 696w, https:\/\/psol50.org.br\/inc\/uploads\/2020\/05\/Email_Impeachment-1068x247.png 1068w\" sizes=\"auto, (max-width: 1080px) 100vw, 1080px\" \/><\/a><\/p>\n","protected":false},"excerpt":{"rendered":"<p>A cidade de Potengi, na regi\u00e3o do cariri oeste no estado do Cear\u00e1, elegeu o jovem agricultor, radialista e ativista comunit\u00e1rio Edson Veriato como o novo prefeito da cidade pelo PSOL. Ao fim da apura\u00e7\u00e3o, Edson Veriato teve 58,89% dos votos. Foram 3.457 votos no total. Ele derrotou na elei\u00e7\u00e3o a candidata Alizandra (PT), que [&hellip;]<\/p>\n","protected":false},"author":2,"featured_media":31207,"comment_status":"closed","ping_status":"open","sticky":false,"template":"","format":"standard","meta":{"_acf_changed":false,"footnotes":""},"categories":[6,14],"tags":[204,11,1162,343,1163,1187],"class_list":{"0":"post-31197","1":"post","2":"type-post","3":"status-publish","4":"format-standard","5":"has-post-thumbnail","7":"category-noticias","8":"category-partido","9":"tag-204","10":"tag-ceara","11":"tag-edson-veriato","12":"tag-eleicoes","13":"tag-potengi","14":"tag-prefeito"},"acf":[],"yoast_head":"<!-- This site is optimized with the Yoast SEO plugin v26.5 - https:\/\/yoast.com\/wordpress\/plugins\/seo\/ -->\n<title>Edson Veriato \u00e9 eleito prefeito de Potengi (CE), o 1\u00ba da hist\u00f3ria do PSOL no Cear\u00e1<\/title>\n<meta name=\"description\" content=\"Al\u00e9m do prefeito, Potengi tamb\u00e9m elegeu 3 vereadores do PSOL, dos 9 que comp\u00f5em a C\u00e2mara Municipal da cidade.\" \/>\n<meta name=\"robots\" content=\"index, follow, max-snippet:-1, max-image-preview:large, max-video-preview:-1\" \/>\n<link rel=\"canonical\" href=\"https:\/\/psol50.org.br\/edson-veriato-e-eleito-prefeito-de-potengi-ce-o-1o-da-historia-do-psol-no-ceara\/\" \/>\n<meta property=\"og:locale\" content=\"pt_BR\" \/>\n<meta property=\"og:type\" content=\"article\" \/>\n<meta property=\"og:title\" content=\"Edson Veriato \u00e9 eleito prefeito de Potengi (CE), o 1\u00ba da hist\u00f3ria do PSOL no Cear\u00e1\" \/>\n<meta property=\"og:description\" content=\"Al\u00e9m do prefeito, Potengi tamb\u00e9m elegeu 3 vereadores do PSOL, dos 9 que comp\u00f5em a C\u00e2mara Municipal da cidade.\" \/>\n<meta property=\"og:url\" content=\"https:\/\/psol50.org.br\/edson-veriato-e-eleito-prefeito-de-potengi-ce-o-1o-da-historia-do-psol-no-ceara\/\" \/>\n<meta property=\"og:site_name\" content=\"PSOL 50\" \/>\n<meta property=\"article:publisher\" content=\"https:\/\/www.facebook.com\/psol50\" \/>\n<meta property=\"article:published_time\" content=\"2020-11-16T18:24:17+00:00\" \/>\n<meta property=\"og:image\" content=\"https:\/\/psol50.org.br\/inc\/uploads\/2020\/11\/119587170_3945240402156037_8810873934368830085_o.jpg\" \/>\n\t<meta property=\"og:image:width\" content=\"1280\" \/>\n\t<meta property=\"og:image:height\" content=\"853\" \/>\n\t<meta property=\"og:image:type\" content=\"image\/jpeg\" \/>\n<meta name=\"author\" content=\"Comunica\u00e7\u00e3o PSOL\" \/>\n<meta name=\"twitter:card\" content=\"summary_large_image\" \/>\n<meta name=\"twitter:title\" content=\"Edson Veriato \u00e9 eleito prefeito de Potengi (CE), o 1\u00ba da hist\u00f3ria do PSOL no Cear\u00e1\" \/>\n<meta name=\"twitter:description\" content=\"Al\u00e9m do prefeito, Potengi tamb\u00e9m elegeu 3 vereadores do PSOL, dos 9 que comp\u00f5em a C\u00e2mara Municipal da cidade.\" \/>\n<meta name=\"twitter:image\" content=\"https:\/\/psol50.org.br\/inc\/uploads\/2020\/11\/119587170_3945240402156037_8810873934368830085_o.jpg\" \/>\n<meta name=\"twitter:creator\" content=\"@psol50\" \/>\n<meta name=\"twitter:site\" content=\"@psol50\" \/>\n<meta name=\"twitter:label1\" content=\"Escrito por\" \/>\n\t<meta name=\"twitter:data1\" content=\"Comunica\u00e7\u00e3o PSOL\" \/>\n\t<meta name=\"twitter:label2\" content=\"Est. tempo de leitura\" \/>\n\t<meta name=\"twitter:data2\" content=\"1 minuto\" \/>\n<script type=\"application\/ld+json\" class=\"yoast-schema-graph\">{\"@context\":\"https:\/\/schema.org\",\"@graph\":[{\"@type\":\"Article\",\"@id\":\"https:\/\/psol50.org.br\/edson-veriato-e-eleito-prefeito-de-potengi-ce-o-1o-da-historia-do-psol-no-ceara\/#article\",\"isPartOf\":{\"@id\":\"https:\/\/psol50.org.br\/edson-veriato-e-eleito-prefeito-de-potengi-ce-o-1o-da-historia-do-psol-no-ceara\/\"},\"author\":{\"name\":\"Comunica\u00e7\u00e3o PSOL\",\"@id\":\"https:\/\/psol50.org.br\/#\/schema\/person\/475dfa57d0b815993c714c2e96491fcd\"},\"headline\":\"Edson Veriato \u00e9 eleito prefeito de Potengi (CE), o 1\u00ba da hist\u00f3ria do PSOL no Cear\u00e1\",\"datePublished\":\"2020-11-16T18:24:17+00:00\",\"mainEntityOfPage\":{\"@id\":\"https:\/\/psol50.org.br\/edson-veriato-e-eleito-prefeito-de-potengi-ce-o-1o-da-historia-do-psol-no-ceara\/\"},\"wordCount\":221,\"publisher\":{\"@id\":\"https:\/\/psol50.org.br\/#organization\"},\"image\":{\"@id\":\"https:\/\/psol50.org.br\/edson-veriato-e-eleito-prefeito-de-potengi-ce-o-1o-da-historia-do-psol-no-ceara\/#primaryimage\"},\"thumbnailUrl\":\"https:\/\/psol50.org.br\/inc\/uploads\/2020\/11\/119587170_3945240402156037_8810873934368830085_o.jpg\",\"keywords\":[\"2020\",\"Cear\u00e1\",\"edson veriato\",\"elei\u00e7\u00f5es\",\"potengi\",\"prefeito\"],\"articleSection\":[\"Not\u00edcias\",\"Partido\"],\"inLanguage\":\"pt-BR\"},{\"@type\":\"WebPage\",\"@id\":\"https:\/\/psol50.org.br\/edson-veriato-e-eleito-prefeito-de-potengi-ce-o-1o-da-historia-do-psol-no-ceara\/\",\"url\":\"https:\/\/psol50.org.br\/edson-veriato-e-eleito-prefeito-de-potengi-ce-o-1o-da-historia-do-psol-no-ceara\/\",\"name\":\"Edson Veriato \u00e9 eleito prefeito de Potengi (CE), o 1\u00ba da hist\u00f3ria do PSOL no Cear\u00e1\",\"isPartOf\":{\"@id\":\"https:\/\/psol50.org.br\/#website\"},\"primaryImageOfPage\":{\"@id\":\"https:\/\/psol50.org.br\/edson-veriato-e-eleito-prefeito-de-potengi-ce-o-1o-da-historia-do-psol-no-ceara\/#primaryimage\"},\"image\":{\"@id\":\"https:\/\/psol50.org.br\/edson-veriato-e-eleito-prefeito-de-potengi-ce-o-1o-da-historia-do-psol-no-ceara\/#primaryimage\"},\"thumbnailUrl\":\"https:\/\/psol50.org.br\/inc\/uploads\/2020\/11\/119587170_3945240402156037_8810873934368830085_o.jpg\",\"datePublished\":\"2020-11-16T18:24:17+00:00\",\"description\":\"Al\u00e9m do prefeito, Potengi tamb\u00e9m elegeu 3 vereadores do PSOL, dos 9 que comp\u00f5em a C\u00e2mara Municipal da cidade.\",\"breadcrumb\":{\"@id\":\"https:\/\/psol50.org.br\/edson-veriato-e-eleito-prefeito-de-potengi-ce-o-1o-da-historia-do-psol-no-ceara\/#breadcrumb\"},\"inLanguage\":\"pt-BR\",\"potentialAction\":[{\"@type\":\"ReadAction\",\"target\":[\"https:\/\/psol50.org.br\/edson-veriato-e-eleito-prefeito-de-potengi-ce-o-1o-da-historia-do-psol-no-ceara\/\"]}]},{\"@type\":\"ImageObject\",\"inLanguage\":\"pt-BR\",\"@id\":\"https:\/\/psol50.org.br\/edson-veriato-e-eleito-prefeito-de-potengi-ce-o-1o-da-historia-do-psol-no-ceara\/#primaryimage\",\"url\":\"https:\/\/psol50.org.br\/inc\/uploads\/2020\/11\/119587170_3945240402156037_8810873934368830085_o.jpg\",\"contentUrl\":\"https:\/\/psol50.org.br\/inc\/uploads\/2020\/11\/119587170_3945240402156037_8810873934368830085_o.jpg\",\"width\":1280,\"height\":853},{\"@type\":\"BreadcrumbList\",\"@id\":\"https:\/\/psol50.org.br\/edson-veriato-e-eleito-prefeito-de-potengi-ce-o-1o-da-historia-do-psol-no-ceara\/#breadcrumb\",\"itemListElement\":[{\"@type\":\"ListItem\",\"position\":1,\"name\":\"In\u00edcio\",\"item\":\"https:\/\/psol50.org.br\/\"},{\"@type\":\"ListItem\",\"position\":2,\"name\":\"Edson Veriato \u00e9 eleito prefeito de Potengi (CE), o 1\u00ba da hist\u00f3ria do PSOL no Cear\u00e1\"}]},{\"@type\":\"WebSite\",\"@id\":\"https:\/\/psol50.org.br\/#website\",\"url\":\"https:\/\/psol50.org.br\/\",\"name\":\"PSOL 50\",\"description\":\"Site oficial do Partido Socialismo e Liberdade\",\"publisher\":{\"@id\":\"https:\/\/psol50.org.br\/#organization\"},\"alternateName\":\"PSOL50\",\"potentialAction\":[{\"@type\":\"SearchAction\",\"target\":{\"@type\":\"EntryPoint\",\"urlTemplate\":\"https:\/\/psol50.org.br\/?s={search_term_string}\"},\"query-input\":{\"@type\":\"PropertyValueSpecification\",\"valueRequired\":true,\"valueName\":\"search_term_string\"}}],\"inLanguage\":\"pt-BR\"},{\"@type\":\"Organization\",\"@id\":\"https:\/\/psol50.org.br\/#organization\",\"name\":\"PSOL 50\",\"alternateName\":\"PSOL 50\",\"url\":\"https:\/\/psol50.org.br\/\",\"logo\":{\"@type\":\"ImageObject\",\"inLanguage\":\"pt-BR\",\"@id\":\"https:\/\/psol50.org.br\/#\/schema\/logo\/image\/\",\"url\":\"https:\/\/psol50.org.br\/inc\/uploads\/2018\/07\/capa.png\",\"contentUrl\":\"https:\/\/psol50.org.br\/inc\/uploads\/2018\/07\/capa.png\",\"width\":1350,\"height\":900,\"caption\":\"PSOL 50\"},\"image\":{\"@id\":\"https:\/\/psol50.org.br\/#\/schema\/logo\/image\/\"},\"sameAs\":[\"https:\/\/www.facebook.com\/psol50\",\"https:\/\/x.com\/psol50\",\"https:\/\/www.instagram.com\/psol50\/\",\"https:\/\/www.youtube.com\/channel\/UC7SnJS5o1os7a6CaiNabzcg\"]},{\"@type\":\"Person\",\"@id\":\"https:\/\/psol50.org.br\/#\/schema\/person\/475dfa57d0b815993c714c2e96491fcd\",\"name\":\"Comunica\u00e7\u00e3o PSOL\",\"image\":{\"@type\":\"ImageObject\",\"inLanguage\":\"pt-BR\",\"@id\":\"https:\/\/psol50.org.br\/#\/schema\/person\/image\/\",\"url\":\"https:\/\/secure.gravatar.com\/avatar\/b34fc4f4e468a4e51785917065a3db57b841f5c95dba6ad8c73aaf8f66f8f9bf?s=96&d=mm&r=g\",\"contentUrl\":\"https:\/\/secure.gravatar.com\/avatar\/b34fc4f4e468a4e51785917065a3db57b841f5c95dba6ad8c73aaf8f66f8f9bf?s=96&d=mm&r=g\",\"caption\":\"Comunica\u00e7\u00e3o PSOL\"}}]}<\/script>\n<!-- \/ Yoast SEO plugin. -->","yoast_head_json":{"title":"Edson Veriato \u00e9 eleito prefeito de Potengi (CE), o 1\u00ba da hist\u00f3ria do PSOL no Cear\u00e1","description":"Al\u00e9m do prefeito, Potengi tamb\u00e9m elegeu 3 vereadores do PSOL, dos 9 que comp\u00f5em a C\u00e2mara Municipal da cidade.","robots":{"index":"index","follow":"follow","max-snippet":"max-snippet:-1","max-image-preview":"max-image-preview:large","max-video-preview":"max-video-preview:-1"},"canonical":"https:\/\/psol50.org.br\/edson-veriato-e-eleito-prefeito-de-potengi-ce-o-1o-da-historia-do-psol-no-ceara\/","og_locale":"pt_BR","og_type":"article","og_title":"Edson Veriato \u00e9 eleito prefeito de Potengi (CE), o 1\u00ba da hist\u00f3ria do PSOL no Cear\u00e1","og_description":"Al\u00e9m do prefeito, Potengi tamb\u00e9m elegeu 3 vereadores do PSOL, dos 9 que comp\u00f5em a C\u00e2mara Municipal da cidade.","og_url":"https:\/\/psol50.org.br\/edson-veriato-e-eleito-prefeito-de-potengi-ce-o-1o-da-historia-do-psol-no-ceara\/","og_site_name":"PSOL 50","article_publisher":"https:\/\/www.facebook.com\/psol50","article_published_time":"2020-11-16T18:24:17+00:00","og_image":[{"width":1280,"height":853,"url":"https:\/\/psol50.org.br\/inc\/uploads\/2020\/11\/119587170_3945240402156037_8810873934368830085_o.jpg","type":"image\/jpeg"}],"author":"Comunica\u00e7\u00e3o PSOL","twitter_card":"summary_large_image","twitter_title":"Edson Veriato \u00e9 eleito prefeito de Potengi (CE), o 1\u00ba da hist\u00f3ria do PSOL no Cear\u00e1","twitter_description":"Al\u00e9m do prefeito, Potengi tamb\u00e9m elegeu 3 vereadores do PSOL, dos 9 que comp\u00f5em a C\u00e2mara Municipal da cidade.","twitter_image":"https:\/\/psol50.org.br\/inc\/uploads\/2020\/11\/119587170_3945240402156037_8810873934368830085_o.jpg","twitter_creator":"@psol50","twitter_site":"@psol50","twitter_misc":{"Escrito por":"Comunica\u00e7\u00e3o PSOL","Est. tempo de leitura":"1 minuto"},"schema":{"@context":"https:\/\/schema.org","@graph":[{"@type":"Article","@id":"https:\/\/psol50.org.br\/edson-veriato-e-eleito-prefeito-de-potengi-ce-o-1o-da-historia-do-psol-no-ceara\/#article","isPartOf":{"@id":"https:\/\/psol50.org.br\/edson-veriato-e-eleito-prefeito-de-potengi-ce-o-1o-da-historia-do-psol-no-ceara\/"},"author":{"name":"Comunica\u00e7\u00e3o PSOL","@id":"https:\/\/psol50.org.br\/#\/schema\/person\/475dfa57d0b815993c714c2e96491fcd"},"headline":"Edson Veriato \u00e9 eleito prefeito de Potengi (CE), o 1\u00ba da hist\u00f3ria do PSOL no Cear\u00e1","datePublished":"2020-11-16T18:24:17+00:00","mainEntityOfPage":{"@id":"https:\/\/psol50.org.br\/edson-veriato-e-eleito-prefeito-de-potengi-ce-o-1o-da-historia-do-psol-no-ceara\/"},"wordCount":221,"publisher":{"@id":"https:\/\/psol50.org.br\/#organization"},"image":{"@id":"https:\/\/psol50.org.br\/edson-veriato-e-eleito-prefeito-de-potengi-ce-o-1o-da-historia-do-psol-no-ceara\/#primaryimage"},"thumbnailUrl":"https:\/\/psol50.org.br\/inc\/uploads\/2020\/11\/119587170_3945240402156037_8810873934368830085_o.jpg","keywords":["2020","Cear\u00e1","edson veriato","elei\u00e7\u00f5es","potengi","prefeito"],"articleSection":["Not\u00edcias","Partido"],"inLanguage":"pt-BR"},{"@type":"WebPage","@id":"https:\/\/psol50.org.br\/edson-veriato-e-eleito-prefeito-de-potengi-ce-o-1o-da-historia-do-psol-no-ceara\/","url":"https:\/\/psol50.org.br\/edson-veriato-e-eleito-prefeito-de-potengi-ce-o-1o-da-historia-do-psol-no-ceara\/","name":"Edson Veriato \u00e9 eleito prefeito de Potengi (CE), o 1\u00ba da hist\u00f3ria do PSOL no Cear\u00e1","isPartOf":{"@id":"https:\/\/psol50.org.br\/#website"},"primaryImageOfPage":{"@id":"https:\/\/psol50.org.br\/edson-veriato-e-eleito-prefeito-de-potengi-ce-o-1o-da-historia-do-psol-no-ceara\/#primaryimage"},"image":{"@id":"https:\/\/psol50.org.br\/edson-veriato-e-eleito-prefeito-de-potengi-ce-o-1o-da-historia-do-psol-no-ceara\/#primaryimage"},"thumbnailUrl":"https:\/\/psol50.org.br\/inc\/uploads\/2020\/11\/119587170_3945240402156037_8810873934368830085_o.jpg","datePublished":"2020-11-16T18:24:17+00:00","description":"Al\u00e9m do prefeito, Potengi tamb\u00e9m elegeu 3 vereadores do PSOL, dos 9 que comp\u00f5em a C\u00e2mara Municipal da cidade.","breadcrumb":{"@id":"https:\/\/psol50.org.br\/edson-veriato-e-eleito-prefeito-de-potengi-ce-o-1o-da-historia-do-psol-no-ceara\/#breadcrumb"},"inLanguage":"pt-BR","potentialAction":[{"@type":"ReadAction","target":["https:\/\/psol50.org.br\/edson-veriato-e-eleito-prefeito-de-potengi-ce-o-1o-da-historia-do-psol-no-ceara\/"]}]},{"@type":"ImageObject","inLanguage":"pt-BR","@id":"https:\/\/psol50.org.br\/edson-veriato-e-eleito-prefeito-de-potengi-ce-o-1o-da-historia-do-psol-no-ceara\/#primaryimage","url":"https:\/\/psol50.org.br\/inc\/uploads\/2020\/11\/119587170_3945240402156037_8810873934368830085_o.jpg","contentUrl":"https:\/\/psol50.org.br\/inc\/uploads\/2020\/11\/119587170_3945240402156037_8810873934368830085_o.jpg","width":1280,"height":853},{"@type":"BreadcrumbList","@id":"https:\/\/psol50.org.br\/edson-veriato-e-eleito-prefeito-de-potengi-ce-o-1o-da-historia-do-psol-no-ceara\/#breadcrumb","itemListElement":[{"@type":"ListItem","position":1,"name":"In\u00edcio","item":"https:\/\/psol50.org.br\/"},{"@type":"ListItem","position":2,"name":"Edson Veriato \u00e9 eleito prefeito de Potengi (CE), o 1\u00ba da hist\u00f3ria do PSOL no Cear\u00e1"}]},{"@type":"WebSite","@id":"https:\/\/psol50.org.br\/#website","url":"https:\/\/psol50.org.br\/","name":"PSOL 50","description":"Site oficial do Partido Socialismo e Liberdade","publisher":{"@id":"https:\/\/psol50.org.br\/#organization"},"alternateName":"PSOL50","potentialAction":[{"@type":"SearchAction","target":{"@type":"EntryPoint","urlTemplate":"https:\/\/psol50.org.br\/?s={search_term_string}"},"query-input":{"@type":"PropertyValueSpecification","valueRequired":true,"valueName":"search_term_string"}}],"inLanguage":"pt-BR"},{"@type":"Organization","@id":"https:\/\/psol50.org.br\/#organization","name":"PSOL 50","alternateName":"PSOL 50","url":"https:\/\/psol50.org.br\/","logo":{"@type":"ImageObject","inLanguage":"pt-BR","@id":"https:\/\/psol50.org.br\/#\/schema\/logo\/image\/","url":"https:\/\/psol50.org.br\/inc\/uploads\/2018\/07\/capa.png","contentUrl":"https:\/\/psol50.org.br\/inc\/uploads\/2018\/07\/capa.png","width":1350,"height":900,"caption":"PSOL 50"},"image":{"@id":"https:\/\/psol50.org.br\/#\/schema\/logo\/image\/"},"sameAs":["https:\/\/www.facebook.com\/psol50","https:\/\/x.com\/psol50","https:\/\/www.instagram.com\/psol50\/","https:\/\/www.youtube.com\/channel\/UC7SnJS5o1os7a6CaiNabzcg"]},{"@type":"Person","@id":"https:\/\/psol50.org.br\/#\/schema\/person\/475dfa57d0b815993c714c2e96491fcd","name":"Comunica\u00e7\u00e3o PSOL","image":{"@type":"ImageObject","inLanguage":"pt-BR","@id":"https:\/\/psol50.org.br\/#\/schema\/person\/image\/","url":"https:\/\/secure.gravatar.com\/avatar\/b34fc4f4e468a4e51785917065a3db57b841f5c95dba6ad8c73aaf8f66f8f9bf?s=96&d=mm&r=g","contentUrl":"https:\/\/secure.gravatar.com\/avatar\/b34fc4f4e468a4e51785917065a3db57b841f5c95dba6ad8c73aaf8f66f8f9bf?s=96&d=mm&r=g","caption":"Comunica\u00e7\u00e3o PSOL"}}]}},"_links":{"self":[{"href":"https:\/\/psol50.org.br\/rest\/wp\/v2\/posts\/31197","targetHints":{"allow":["GET"]}}],"collection":[{"href":"https:\/\/psol50.org.br\/rest\/wp\/v2\/posts"}],"about":[{"href":"https:\/\/psol50.org.br\/rest\/wp\/v2\/types\/post"}],"author":[{"embeddable":true,"href":"https:\/\/psol50.org.br\/rest\/wp\/v2\/users\/2"}],"replies":[{"embeddable":true,"href":"https:\/\/psol50.org.br\/rest\/wp\/v2\/comments?post=31197"}],"version-history":[{"count":0,"href":"https:\/\/psol50.org.br\/rest\/wp\/v2\/posts\/31197\/revisions"}],"wp:featuredmedia":[{"embeddable":true,"href":"https:\/\/psol50.org.br\/rest\/wp\/v2\/media\/31207"}],"wp:attachment":[{"href":"https:\/\/psol50.org.br\/rest\/wp\/v2\/media?parent=31197"}],"wp:term":[{"taxonomy":"category","embeddable":true,"href":"https:\/\/psol50.org.br\/rest\/wp\/v2\/categories?post=31197"},{"taxonomy":"post_tag","embeddable":true,"href":"https:\/\/psol50.org.br\/rest\/wp\/v2\/tags?post=31197"}],"curies":[{"name":"wp","href":"https:\/\/api.w.org\/{rel}","templated":true}]}}