{"id":31201,"date":"2020-11-16T14:22:01","date_gmt":"2020-11-16T17:22:01","guid":{"rendered":"https:\/\/psol50.org.br\/?p=31201"},"modified":"2020-11-16T14:22:01","modified_gmt":"2020-11-16T17:22:01","slug":"ribas-do-rio-pardo-joao-alfredo-e-eleito-o-primeiro-prefeito-pelo-psol-no-mato-grosso-do-sul","status":"publish","type":"post","link":"https:\/\/psol50.org.br\/ribas-do-rio-pardo-joao-alfredo-e-eleito-o-primeiro-prefeito-pelo-psol-no-mato-grosso-do-sul\/","title":{"rendered":"Ribas do Rio Pardo: Jo\u00e3o Alfredo \u00e9 eleito o primeiro Prefeito pelo PSOL no Mato Grosso do Sul"},"content":{"rendered":"<p><a href=\"https:\/\/psol50.org.br\/rendajusta\/\" target=\"_blank\" rel=\"noopener noreferrer\"><img loading=\"lazy\" decoding=\"async\" class=\"alignnone size-full wp-image-30552\" src=\"https:\/\/psol50.org.br\/inc\/uploads\/2020\/08\/21-08-2020_LancamentoRendaJusta-2.png\" alt=\"\" width=\"1920\" height=\"383\" srcset=\"https:\/\/psol50.org.br\/inc\/uploads\/2020\/08\/21-08-2020_LancamentoRendaJusta-2.png 1920w, https:\/\/psol50.org.br\/inc\/uploads\/2020\/08\/21-08-2020_LancamentoRendaJusta-2-300x60.png 300w, https:\/\/psol50.org.br\/inc\/uploads\/2020\/08\/21-08-2020_LancamentoRendaJusta-2-1024x204.png 1024w, https:\/\/psol50.org.br\/inc\/uploads\/2020\/08\/21-08-2020_LancamentoRendaJusta-2-768x153.png 768w, https:\/\/psol50.org.br\/inc\/uploads\/2020\/08\/21-08-2020_LancamentoRendaJusta-2-1536x306.png 1536w, https:\/\/psol50.org.br\/inc\/uploads\/2020\/08\/21-08-2020_LancamentoRendaJusta-2-150x30.png 150w, https:\/\/psol50.org.br\/inc\/uploads\/2020\/08\/21-08-2020_LancamentoRendaJusta-2-696x139.png 696w, https:\/\/psol50.org.br\/inc\/uploads\/2020\/08\/21-08-2020_LancamentoRendaJusta-2-1068x213.png 1068w\" sizes=\"auto, (max-width: 1920px) 100vw, 1920px\" \/><\/a><\/p>\n<p>Com 34,33% dos votos v\u00e1lidos, Jo\u00e3o Alfredo foi eleito prefeito em Ribas do Rio Pardo, munic\u00edpio distante 102 Km da capital do Mato Grosso do Sul, Campo Grande. A carreata de comemora\u00e7\u00e3o tomou as ruas de Ribas e foi uma grande festa da vit\u00f3ria, com a presen\u00e7a do prefeito eleito. Muito emocionado, ele afirma que s\u00f3 tem a agradecer.<\/p>\n<p>\u201cPrimeiro quero agradecer a confian\u00e7a que a popula\u00e7\u00e3o depositou em mim, e dizer que a partir de primeiro de janeiro inicia-se uma nova etapa. Administra\u00e7\u00e3o da moralidade, da dec\u00eancia, do emprego e com muita vontade de fazer as coisas acontecerem.\u201d<\/p>\n<p>Ele afirma tamb\u00e9m, que no seu governo, n\u00e3o haver\u00e1 retalia\u00e7\u00e3o ou persegui\u00e7\u00e3o, como acontece hoje no munic\u00edpio. E afirma: \u201cEu s\u00f3 tenho a agradecer, a toda a minha fam\u00edlia, \u00e0 equipe 50, aos meus vereadores que participaram deste processo e principalmente a Deus.\u201d<\/p>\n<p>A partir de primeiro de janeiro, ele ser\u00e1 o primeiro prefeito do PSOL no Mato Grosso do Sul. Jo\u00e3o Alfredo liderou todas as pesquisas divulgadas ao longo do per\u00edodo eleitoral. Professora Guiomar (REDE) foi eleita ao cargo de vice-prefeita, na coliga\u00e7\u00e3o que contava, al\u00e9m de PSOL e Rede, tamb\u00e9m com o PV.<\/p>\n<h6>Quem \u00e9 Jo\u00e3o Alfredo?<\/h6>\n<p>Natural de Auriflama (SP), Jo\u00e3o Alfredo tem 57 anos e \u00e9 formado em Direito. Mora em Ribas do Rio Pardo desde 1993, sempre atuando como advogado e mais tarde como empreendedor. Trabalha como fiscal volunt\u00e1rio do uso do dinheiro p\u00fablico em Ribas desde 1994 e por este motivo entrou para a pol\u00edtica institucional em 2004, quando foi candidato a prefeito neste ano.<\/p>\n<p>Em 2008 foi candidato a vice-prefeito da chapa que venceu as elei\u00e7\u00f5es e se tornou o primeiro e \u00fanico vice que renunciou ao cargo por n\u00e3o concordar com as a\u00e7\u00f5es do ent\u00e3o prefeito. Depois disso foi candidato a prefeito em 2008, 2012 e 2016. J\u00e1 em 2018 foi candidato a Governador pelo Estado do Mato Grosso do sul. Agora em 2020 faz hist\u00f3ria e \u00e9 o primeiro prefeito eleito pelo PSOL no estado do Mato Grosso do Sul.<\/p>\n<p><a href=\"https:\/\/impeachmentpopular.com.br\/\" target=\"_blank\" rel=\"noopener noreferrer\"><img loading=\"lazy\" decoding=\"async\" class=\"alignnone size-full wp-image-29118\" src=\"https:\/\/psol50.org.br\/inc\/uploads\/2020\/05\/Email_Impeachment.png\" alt=\"\" width=\"1080\" height=\"250\" srcset=\"https:\/\/psol50.org.br\/inc\/uploads\/2020\/05\/Email_Impeachment.png 1080w, https:\/\/psol50.org.br\/inc\/uploads\/2020\/05\/Email_Impeachment-300x69.png 300w, https:\/\/psol50.org.br\/inc\/uploads\/2020\/05\/Email_Impeachment-1024x237.png 1024w, https:\/\/psol50.org.br\/inc\/uploads\/2020\/05\/Email_Impeachment-768x178.png 768w, https:\/\/psol50.org.br\/inc\/uploads\/2020\/05\/Email_Impeachment-150x35.png 150w, https:\/\/psol50.org.br\/inc\/uploads\/2020\/05\/Email_Impeachment-696x161.png 696w, https:\/\/psol50.org.br\/inc\/uploads\/2020\/05\/Email_Impeachment-1068x247.png 1068w\" sizes=\"auto, (max-width: 1080px) 100vw, 1080px\" \/><\/a><\/p>\n","protected":false},"excerpt":{"rendered":"<p>Com 34,33% dos votos v\u00e1lidos, Jo\u00e3o Alfredo foi eleito prefeito em Ribas do Rio Pardo, munic\u00edpio distante 102 Km da capital do Mato Grosso do Sul, Campo Grande. A carreata de comemora\u00e7\u00e3o tomou as ruas de Ribas e foi uma grande festa da vit\u00f3ria, com a presen\u00e7a do prefeito eleito. Muito emocionado, ele afirma que [&hellip;]<\/p>\n","protected":false},"author":2,"featured_media":31202,"comment_status":"closed","ping_status":"open","sticky":false,"template":"","format":"standard","meta":{"_acf_changed":false,"footnotes":""},"categories":[6,14],"tags":[204,343,181,22,1267],"class_list":{"0":"post-31201","1":"post","2":"type-post","3":"status-publish","4":"format-standard","5":"has-post-thumbnail","7":"category-noticias","8":"category-partido","9":"tag-204","10":"tag-eleicoes","11":"tag-mato-grosso-do-sul","12":"tag-psol","13":"tag-ribas-do-rio-pardo"},"acf":[],"yoast_head":"<!-- This site is optimized with the Yoast SEO plugin v26.5 - https:\/\/yoast.com\/wordpress\/plugins\/seo\/ -->\n<title>Ribas do Rio Pardo: Jo\u00e3o Alfredo \u00e9 eleito o primeiro Prefeito pelo PSOL no Mato Grosso do Sul<\/title>\n<meta name=\"description\" content=\"Com 34,33% dos votos v\u00e1lidos, Jo\u00e3o Alfredo foi eleito prefeito em Ribas do Rio Pardo, munic\u00edpio distante 102 km da capital Campo Grande.\" \/>\n<meta name=\"robots\" content=\"index, follow, max-snippet:-1, max-image-preview:large, max-video-preview:-1\" \/>\n<link rel=\"canonical\" href=\"https:\/\/psol50.org.br\/ribas-do-rio-pardo-joao-alfredo-e-eleito-o-primeiro-prefeito-pelo-psol-no-mato-grosso-do-sul\/\" \/>\n<meta property=\"og:locale\" content=\"pt_BR\" \/>\n<meta property=\"og:type\" content=\"article\" \/>\n<meta property=\"og:title\" content=\"Ribas do Rio Pardo: Jo\u00e3o Alfredo \u00e9 eleito o primeiro Prefeito pelo PSOL no Mato Grosso do Sul\" \/>\n<meta property=\"og:description\" content=\"Com 34,33% dos votos v\u00e1lidos, Jo\u00e3o Alfredo foi eleito prefeito em Ribas do Rio Pardo, munic\u00edpio distante 102 km da capital Campo Grande.\" \/>\n<meta property=\"og:url\" content=\"https:\/\/psol50.org.br\/ribas-do-rio-pardo-joao-alfredo-e-eleito-o-primeiro-prefeito-pelo-psol-no-mato-grosso-do-sul\/\" \/>\n<meta property=\"og:site_name\" content=\"PSOL 50\" \/>\n<meta property=\"article:publisher\" content=\"https:\/\/www.facebook.com\/psol50\" \/>\n<meta property=\"article:published_time\" content=\"2020-11-16T17:22:01+00:00\" \/>\n<meta property=\"og:image\" content=\"https:\/\/psol50.org.br\/inc\/uploads\/2020\/11\/image_2020-11-16_13-51-44-3.png\" \/>\n\t<meta property=\"og:image:width\" content=\"1280\" \/>\n\t<meta property=\"og:image:height\" content=\"594\" \/>\n\t<meta property=\"og:image:type\" content=\"image\/png\" \/>\n<meta name=\"author\" content=\"Comunica\u00e7\u00e3o PSOL\" \/>\n<meta name=\"twitter:card\" content=\"summary_large_image\" \/>\n<meta name=\"twitter:title\" content=\"Ribas do Rio Pardo: Jo\u00e3o Alfredo \u00e9 eleito o primeiro Prefeito pelo PSOL no Mato Grosso do Sul\" \/>\n<meta name=\"twitter:description\" content=\"Com 34,33% dos votos v\u00e1lidos, Jo\u00e3o Alfredo foi eleito prefeito em Ribas do Rio Pardo, munic\u00edpio distante 102 km da capital Campo Grande.\" \/>\n<meta name=\"twitter:image\" content=\"https:\/\/psol50.org.br\/inc\/uploads\/2020\/11\/image_2020-11-16_13-51-44-3.png\" \/>\n<meta name=\"twitter:creator\" content=\"@psol50\" \/>\n<meta name=\"twitter:site\" content=\"@psol50\" \/>\n<meta name=\"twitter:label1\" content=\"Escrito por\" \/>\n\t<meta name=\"twitter:data1\" content=\"Comunica\u00e7\u00e3o PSOL\" \/>\n\t<meta name=\"twitter:label2\" content=\"Est. tempo de leitura\" \/>\n\t<meta name=\"twitter:data2\" content=\"2 minutos\" \/>\n<script type=\"application\/ld+json\" class=\"yoast-schema-graph\">{\"@context\":\"https:\/\/schema.org\",\"@graph\":[{\"@type\":\"Article\",\"@id\":\"https:\/\/psol50.org.br\/ribas-do-rio-pardo-joao-alfredo-e-eleito-o-primeiro-prefeito-pelo-psol-no-mato-grosso-do-sul\/#article\",\"isPartOf\":{\"@id\":\"https:\/\/psol50.org.br\/ribas-do-rio-pardo-joao-alfredo-e-eleito-o-primeiro-prefeito-pelo-psol-no-mato-grosso-do-sul\/\"},\"author\":{\"name\":\"Comunica\u00e7\u00e3o PSOL\",\"@id\":\"https:\/\/psol50.org.br\/#\/schema\/person\/475dfa57d0b815993c714c2e96491fcd\"},\"headline\":\"Ribas do Rio Pardo: Jo\u00e3o Alfredo \u00e9 eleito o primeiro Prefeito pelo PSOL no Mato Grosso do Sul\",\"datePublished\":\"2020-11-16T17:22:01+00:00\",\"mainEntityOfPage\":{\"@id\":\"https:\/\/psol50.org.br\/ribas-do-rio-pardo-joao-alfredo-e-eleito-o-primeiro-prefeito-pelo-psol-no-mato-grosso-do-sul\/\"},\"wordCount\":370,\"publisher\":{\"@id\":\"https:\/\/psol50.org.br\/#organization\"},\"image\":{\"@id\":\"https:\/\/psol50.org.br\/ribas-do-rio-pardo-joao-alfredo-e-eleito-o-primeiro-prefeito-pelo-psol-no-mato-grosso-do-sul\/#primaryimage\"},\"thumbnailUrl\":\"https:\/\/psol50.org.br\/inc\/uploads\/2020\/11\/image_2020-11-16_13-51-44-3.png\",\"keywords\":[\"2020\",\"elei\u00e7\u00f5es\",\"Mato Grosso do Sul\",\"PSOL\",\"ribas do rio pardo\"],\"articleSection\":[\"Not\u00edcias\",\"Partido\"],\"inLanguage\":\"pt-BR\"},{\"@type\":\"WebPage\",\"@id\":\"https:\/\/psol50.org.br\/ribas-do-rio-pardo-joao-alfredo-e-eleito-o-primeiro-prefeito-pelo-psol-no-mato-grosso-do-sul\/\",\"url\":\"https:\/\/psol50.org.br\/ribas-do-rio-pardo-joao-alfredo-e-eleito-o-primeiro-prefeito-pelo-psol-no-mato-grosso-do-sul\/\",\"name\":\"Ribas do Rio Pardo: Jo\u00e3o Alfredo \u00e9 eleito o primeiro Prefeito pelo PSOL no Mato Grosso do Sul\",\"isPartOf\":{\"@id\":\"https:\/\/psol50.org.br\/#website\"},\"primaryImageOfPage\":{\"@id\":\"https:\/\/psol50.org.br\/ribas-do-rio-pardo-joao-alfredo-e-eleito-o-primeiro-prefeito-pelo-psol-no-mato-grosso-do-sul\/#primaryimage\"},\"image\":{\"@id\":\"https:\/\/psol50.org.br\/ribas-do-rio-pardo-joao-alfredo-e-eleito-o-primeiro-prefeito-pelo-psol-no-mato-grosso-do-sul\/#primaryimage\"},\"thumbnailUrl\":\"https:\/\/psol50.org.br\/inc\/uploads\/2020\/11\/image_2020-11-16_13-51-44-3.png\",\"datePublished\":\"2020-11-16T17:22:01+00:00\",\"description\":\"Com 34,33% dos votos v\u00e1lidos, Jo\u00e3o Alfredo foi eleito prefeito em Ribas do Rio Pardo, munic\u00edpio distante 102 km da capital Campo Grande.\",\"breadcrumb\":{\"@id\":\"https:\/\/psol50.org.br\/ribas-do-rio-pardo-joao-alfredo-e-eleito-o-primeiro-prefeito-pelo-psol-no-mato-grosso-do-sul\/#breadcrumb\"},\"inLanguage\":\"pt-BR\",\"potentialAction\":[{\"@type\":\"ReadAction\",\"target\":[\"https:\/\/psol50.org.br\/ribas-do-rio-pardo-joao-alfredo-e-eleito-o-primeiro-prefeito-pelo-psol-no-mato-grosso-do-sul\/\"]}]},{\"@type\":\"ImageObject\",\"inLanguage\":\"pt-BR\",\"@id\":\"https:\/\/psol50.org.br\/ribas-do-rio-pardo-joao-alfredo-e-eleito-o-primeiro-prefeito-pelo-psol-no-mato-grosso-do-sul\/#primaryimage\",\"url\":\"https:\/\/psol50.org.br\/inc\/uploads\/2020\/11\/image_2020-11-16_13-51-44-3.png\",\"contentUrl\":\"https:\/\/psol50.org.br\/inc\/uploads\/2020\/11\/image_2020-11-16_13-51-44-3.png\",\"width\":1280,\"height\":594},{\"@type\":\"BreadcrumbList\",\"@id\":\"https:\/\/psol50.org.br\/ribas-do-rio-pardo-joao-alfredo-e-eleito-o-primeiro-prefeito-pelo-psol-no-mato-grosso-do-sul\/#breadcrumb\",\"itemListElement\":[{\"@type\":\"ListItem\",\"position\":1,\"name\":\"In\u00edcio\",\"item\":\"https:\/\/psol50.org.br\/\"},{\"@type\":\"ListItem\",\"position\":2,\"name\":\"Ribas do Rio Pardo: Jo\u00e3o Alfredo \u00e9 eleito o primeiro Prefeito pelo PSOL no Mato Grosso do Sul\"}]},{\"@type\":\"WebSite\",\"@id\":\"https:\/\/psol50.org.br\/#website\",\"url\":\"https:\/\/psol50.org.br\/\",\"name\":\"PSOL 50\",\"description\":\"Site oficial do Partido Socialismo e Liberdade\",\"publisher\":{\"@id\":\"https:\/\/psol50.org.br\/#organization\"},\"alternateName\":\"PSOL50\",\"potentialAction\":[{\"@type\":\"SearchAction\",\"target\":{\"@type\":\"EntryPoint\",\"urlTemplate\":\"https:\/\/psol50.org.br\/?s={search_term_string}\"},\"query-input\":{\"@type\":\"PropertyValueSpecification\",\"valueRequired\":true,\"valueName\":\"search_term_string\"}}],\"inLanguage\":\"pt-BR\"},{\"@type\":\"Organization\",\"@id\":\"https:\/\/psol50.org.br\/#organization\",\"name\":\"PSOL 50\",\"alternateName\":\"PSOL 50\",\"url\":\"https:\/\/psol50.org.br\/\",\"logo\":{\"@type\":\"ImageObject\",\"inLanguage\":\"pt-BR\",\"@id\":\"https:\/\/psol50.org.br\/#\/schema\/logo\/image\/\",\"url\":\"https:\/\/psol50.org.br\/inc\/uploads\/2018\/07\/capa.png\",\"contentUrl\":\"https:\/\/psol50.org.br\/inc\/uploads\/2018\/07\/capa.png\",\"width\":1350,\"height\":900,\"caption\":\"PSOL 50\"},\"image\":{\"@id\":\"https:\/\/psol50.org.br\/#\/schema\/logo\/image\/\"},\"sameAs\":[\"https:\/\/www.facebook.com\/psol50\",\"https:\/\/x.com\/psol50\",\"https:\/\/www.instagram.com\/psol50\/\",\"https:\/\/www.youtube.com\/channel\/UC7SnJS5o1os7a6CaiNabzcg\"]},{\"@type\":\"Person\",\"@id\":\"https:\/\/psol50.org.br\/#\/schema\/person\/475dfa57d0b815993c714c2e96491fcd\",\"name\":\"Comunica\u00e7\u00e3o PSOL\",\"image\":{\"@type\":\"ImageObject\",\"inLanguage\":\"pt-BR\",\"@id\":\"https:\/\/psol50.org.br\/#\/schema\/person\/image\/\",\"url\":\"https:\/\/secure.gravatar.com\/avatar\/b34fc4f4e468a4e51785917065a3db57b841f5c95dba6ad8c73aaf8f66f8f9bf?s=96&d=mm&r=g\",\"contentUrl\":\"https:\/\/secure.gravatar.com\/avatar\/b34fc4f4e468a4e51785917065a3db57b841f5c95dba6ad8c73aaf8f66f8f9bf?s=96&d=mm&r=g\",\"caption\":\"Comunica\u00e7\u00e3o PSOL\"}}]}<\/script>\n<!-- \/ Yoast SEO plugin. -->","yoast_head_json":{"title":"Ribas do Rio Pardo: Jo\u00e3o Alfredo \u00e9 eleito o primeiro Prefeito pelo PSOL no Mato Grosso do Sul","description":"Com 34,33% dos votos v\u00e1lidos, Jo\u00e3o Alfredo foi eleito prefeito em Ribas do Rio Pardo, munic\u00edpio distante 102 km da capital Campo Grande.","robots":{"index":"index","follow":"follow","max-snippet":"max-snippet:-1","max-image-preview":"max-image-preview:large","max-video-preview":"max-video-preview:-1"},"canonical":"https:\/\/psol50.org.br\/ribas-do-rio-pardo-joao-alfredo-e-eleito-o-primeiro-prefeito-pelo-psol-no-mato-grosso-do-sul\/","og_locale":"pt_BR","og_type":"article","og_title":"Ribas do Rio Pardo: Jo\u00e3o Alfredo \u00e9 eleito o primeiro Prefeito pelo PSOL no Mato Grosso do Sul","og_description":"Com 34,33% dos votos v\u00e1lidos, Jo\u00e3o Alfredo foi eleito prefeito em Ribas do Rio Pardo, munic\u00edpio distante 102 km da capital Campo Grande.","og_url":"https:\/\/psol50.org.br\/ribas-do-rio-pardo-joao-alfredo-e-eleito-o-primeiro-prefeito-pelo-psol-no-mato-grosso-do-sul\/","og_site_name":"PSOL 50","article_publisher":"https:\/\/www.facebook.com\/psol50","article_published_time":"2020-11-16T17:22:01+00:00","og_image":[{"width":1280,"height":594,"url":"https:\/\/psol50.org.br\/inc\/uploads\/2020\/11\/image_2020-11-16_13-51-44-3.png","type":"image\/png"}],"author":"Comunica\u00e7\u00e3o PSOL","twitter_card":"summary_large_image","twitter_title":"Ribas do Rio Pardo: Jo\u00e3o Alfredo \u00e9 eleito o primeiro Prefeito pelo PSOL no Mato Grosso do Sul","twitter_description":"Com 34,33% dos votos v\u00e1lidos, Jo\u00e3o Alfredo foi eleito prefeito em Ribas do Rio Pardo, munic\u00edpio distante 102 km da capital Campo Grande.","twitter_image":"https:\/\/psol50.org.br\/inc\/uploads\/2020\/11\/image_2020-11-16_13-51-44-3.png","twitter_creator":"@psol50","twitter_site":"@psol50","twitter_misc":{"Escrito por":"Comunica\u00e7\u00e3o PSOL","Est. tempo de leitura":"2 minutos"},"schema":{"@context":"https:\/\/schema.org","@graph":[{"@type":"Article","@id":"https:\/\/psol50.org.br\/ribas-do-rio-pardo-joao-alfredo-e-eleito-o-primeiro-prefeito-pelo-psol-no-mato-grosso-do-sul\/#article","isPartOf":{"@id":"https:\/\/psol50.org.br\/ribas-do-rio-pardo-joao-alfredo-e-eleito-o-primeiro-prefeito-pelo-psol-no-mato-grosso-do-sul\/"},"author":{"name":"Comunica\u00e7\u00e3o PSOL","@id":"https:\/\/psol50.org.br\/#\/schema\/person\/475dfa57d0b815993c714c2e96491fcd"},"headline":"Ribas do Rio Pardo: Jo\u00e3o Alfredo \u00e9 eleito o primeiro Prefeito pelo PSOL no Mato Grosso do Sul","datePublished":"2020-11-16T17:22:01+00:00","mainEntityOfPage":{"@id":"https:\/\/psol50.org.br\/ribas-do-rio-pardo-joao-alfredo-e-eleito-o-primeiro-prefeito-pelo-psol-no-mato-grosso-do-sul\/"},"wordCount":370,"publisher":{"@id":"https:\/\/psol50.org.br\/#organization"},"image":{"@id":"https:\/\/psol50.org.br\/ribas-do-rio-pardo-joao-alfredo-e-eleito-o-primeiro-prefeito-pelo-psol-no-mato-grosso-do-sul\/#primaryimage"},"thumbnailUrl":"https:\/\/psol50.org.br\/inc\/uploads\/2020\/11\/image_2020-11-16_13-51-44-3.png","keywords":["2020","elei\u00e7\u00f5es","Mato Grosso do Sul","PSOL","ribas do rio pardo"],"articleSection":["Not\u00edcias","Partido"],"inLanguage":"pt-BR"},{"@type":"WebPage","@id":"https:\/\/psol50.org.br\/ribas-do-rio-pardo-joao-alfredo-e-eleito-o-primeiro-prefeito-pelo-psol-no-mato-grosso-do-sul\/","url":"https:\/\/psol50.org.br\/ribas-do-rio-pardo-joao-alfredo-e-eleito-o-primeiro-prefeito-pelo-psol-no-mato-grosso-do-sul\/","name":"Ribas do Rio Pardo: Jo\u00e3o Alfredo \u00e9 eleito o primeiro Prefeito pelo PSOL no Mato Grosso do Sul","isPartOf":{"@id":"https:\/\/psol50.org.br\/#website"},"primaryImageOfPage":{"@id":"https:\/\/psol50.org.br\/ribas-do-rio-pardo-joao-alfredo-e-eleito-o-primeiro-prefeito-pelo-psol-no-mato-grosso-do-sul\/#primaryimage"},"image":{"@id":"https:\/\/psol50.org.br\/ribas-do-rio-pardo-joao-alfredo-e-eleito-o-primeiro-prefeito-pelo-psol-no-mato-grosso-do-sul\/#primaryimage"},"thumbnailUrl":"https:\/\/psol50.org.br\/inc\/uploads\/2020\/11\/image_2020-11-16_13-51-44-3.png","datePublished":"2020-11-16T17:22:01+00:00","description":"Com 34,33% dos votos v\u00e1lidos, Jo\u00e3o Alfredo foi eleito prefeito em Ribas do Rio Pardo, munic\u00edpio distante 102 km da capital Campo Grande.","breadcrumb":{"@id":"https:\/\/psol50.org.br\/ribas-do-rio-pardo-joao-alfredo-e-eleito-o-primeiro-prefeito-pelo-psol-no-mato-grosso-do-sul\/#breadcrumb"},"inLanguage":"pt-BR","potentialAction":[{"@type":"ReadAction","target":["https:\/\/psol50.org.br\/ribas-do-rio-pardo-joao-alfredo-e-eleito-o-primeiro-prefeito-pelo-psol-no-mato-grosso-do-sul\/"]}]},{"@type":"ImageObject","inLanguage":"pt-BR","@id":"https:\/\/psol50.org.br\/ribas-do-rio-pardo-joao-alfredo-e-eleito-o-primeiro-prefeito-pelo-psol-no-mato-grosso-do-sul\/#primaryimage","url":"https:\/\/psol50.org.br\/inc\/uploads\/2020\/11\/image_2020-11-16_13-51-44-3.png","contentUrl":"https:\/\/psol50.org.br\/inc\/uploads\/2020\/11\/image_2020-11-16_13-51-44-3.png","width":1280,"height":594},{"@type":"BreadcrumbList","@id":"https:\/\/psol50.org.br\/ribas-do-rio-pardo-joao-alfredo-e-eleito-o-primeiro-prefeito-pelo-psol-no-mato-grosso-do-sul\/#breadcrumb","itemListElement":[{"@type":"ListItem","position":1,"name":"In\u00edcio","item":"https:\/\/psol50.org.br\/"},{"@type":"ListItem","position":2,"name":"Ribas do Rio Pardo: Jo\u00e3o Alfredo \u00e9 eleito o primeiro Prefeito pelo PSOL no Mato Grosso do Sul"}]},{"@type":"WebSite","@id":"https:\/\/psol50.org.br\/#website","url":"https:\/\/psol50.org.br\/","name":"PSOL 50","description":"Site oficial do Partido Socialismo e Liberdade","publisher":{"@id":"https:\/\/psol50.org.br\/#organization"},"alternateName":"PSOL50","potentialAction":[{"@type":"SearchAction","target":{"@type":"EntryPoint","urlTemplate":"https:\/\/psol50.org.br\/?s={search_term_string}"},"query-input":{"@type":"PropertyValueSpecification","valueRequired":true,"valueName":"search_term_string"}}],"inLanguage":"pt-BR"},{"@type":"Organization","@id":"https:\/\/psol50.org.br\/#organization","name":"PSOL 50","alternateName":"PSOL 50","url":"https:\/\/psol50.org.br\/","logo":{"@type":"ImageObject","inLanguage":"pt-BR","@id":"https:\/\/psol50.org.br\/#\/schema\/logo\/image\/","url":"https:\/\/psol50.org.br\/inc\/uploads\/2018\/07\/capa.png","contentUrl":"https:\/\/psol50.org.br\/inc\/uploads\/2018\/07\/capa.png","width":1350,"height":900,"caption":"PSOL 50"},"image":{"@id":"https:\/\/psol50.org.br\/#\/schema\/logo\/image\/"},"sameAs":["https:\/\/www.facebook.com\/psol50","https:\/\/x.com\/psol50","https:\/\/www.instagram.com\/psol50\/","https:\/\/www.youtube.com\/channel\/UC7SnJS5o1os7a6CaiNabzcg"]},{"@type":"Person","@id":"https:\/\/psol50.org.br\/#\/schema\/person\/475dfa57d0b815993c714c2e96491fcd","name":"Comunica\u00e7\u00e3o PSOL","image":{"@type":"ImageObject","inLanguage":"pt-BR","@id":"https:\/\/psol50.org.br\/#\/schema\/person\/image\/","url":"https:\/\/secure.gravatar.com\/avatar\/b34fc4f4e468a4e51785917065a3db57b841f5c95dba6ad8c73aaf8f66f8f9bf?s=96&d=mm&r=g","contentUrl":"https:\/\/secure.gravatar.com\/avatar\/b34fc4f4e468a4e51785917065a3db57b841f5c95dba6ad8c73aaf8f66f8f9bf?s=96&d=mm&r=g","caption":"Comunica\u00e7\u00e3o PSOL"}}]}},"_links":{"self":[{"href":"https:\/\/psol50.org.br\/rest\/wp\/v2\/posts\/31201","targetHints":{"allow":["GET"]}}],"collection":[{"href":"https:\/\/psol50.org.br\/rest\/wp\/v2\/posts"}],"about":[{"href":"https:\/\/psol50.org.br\/rest\/wp\/v2\/types\/post"}],"author":[{"embeddable":true,"href":"https:\/\/psol50.org.br\/rest\/wp\/v2\/users\/2"}],"replies":[{"embeddable":true,"href":"https:\/\/psol50.org.br\/rest\/wp\/v2\/comments?post=31201"}],"version-history":[{"count":0,"href":"https:\/\/psol50.org.br\/rest\/wp\/v2\/posts\/31201\/revisions"}],"wp:featuredmedia":[{"embeddable":true,"href":"https:\/\/psol50.org.br\/rest\/wp\/v2\/media\/31202"}],"wp:attachment":[{"href":"https:\/\/psol50.org.br\/rest\/wp\/v2\/media?parent=31201"}],"wp:term":[{"taxonomy":"category","embeddable":true,"href":"https:\/\/psol50.org.br\/rest\/wp\/v2\/categories?post=31201"},{"taxonomy":"post_tag","embeddable":true,"href":"https:\/\/psol50.org.br\/rest\/wp\/v2\/tags?post=31201"}],"curies":[{"name":"wp","href":"https:\/\/api.w.org\/{rel}","templated":true}]}}