{"id":31212,"date":"2020-11-17T15:38:38","date_gmt":"2020-11-17T18:38:38","guid":{"rendered":"https:\/\/psol50.org.br\/?p=31212"},"modified":"2020-11-17T15:38:38","modified_gmt":"2020-11-17T18:38:38","slug":"mulheres-negros-pessoas-trans-trabalhadores-mandatos-coletivos-psol-elege-bancadas-mais-diversas","status":"publish","type":"post","link":"https:\/\/psol50.org.br\/mulheres-negros-pessoas-trans-trabalhadores-mandatos-coletivos-psol-elege-bancadas-mais-diversas\/","title":{"rendered":"Mulheres, negros, pessoas trans, trabalhadores e mandatos coletivos: PSOL elege as bancadas mais diversas do Brasil"},"content":{"rendered":"<p><a href=\"https:\/\/psol50.org.br\/rendajusta\/\" target=\"_blank\" rel=\"noopener noreferrer\"><img loading=\"lazy\" decoding=\"async\" class=\"alignnone size-full wp-image-30552\" src=\"https:\/\/psol50.org.br\/inc\/uploads\/2020\/08\/21-08-2020_LancamentoRendaJusta-2.png\" alt=\"\" width=\"1920\" height=\"383\" srcset=\"https:\/\/psol50.org.br\/inc\/uploads\/2020\/08\/21-08-2020_LancamentoRendaJusta-2.png 1920w, https:\/\/psol50.org.br\/inc\/uploads\/2020\/08\/21-08-2020_LancamentoRendaJusta-2-300x60.png 300w, https:\/\/psol50.org.br\/inc\/uploads\/2020\/08\/21-08-2020_LancamentoRendaJusta-2-1024x204.png 1024w, https:\/\/psol50.org.br\/inc\/uploads\/2020\/08\/21-08-2020_LancamentoRendaJusta-2-768x153.png 768w, https:\/\/psol50.org.br\/inc\/uploads\/2020\/08\/21-08-2020_LancamentoRendaJusta-2-1536x306.png 1536w, https:\/\/psol50.org.br\/inc\/uploads\/2020\/08\/21-08-2020_LancamentoRendaJusta-2-150x30.png 150w, https:\/\/psol50.org.br\/inc\/uploads\/2020\/08\/21-08-2020_LancamentoRendaJusta-2-696x139.png 696w, https:\/\/psol50.org.br\/inc\/uploads\/2020\/08\/21-08-2020_LancamentoRendaJusta-2-1068x213.png 1068w\" sizes=\"auto, (max-width: 1920px) 100vw, 1920px\" \/><\/a><\/p>\n<p>Com a consolida\u00e7\u00e3o das bancadas eleitas nas C\u00e2maras Municipais de todo o Brasil, o PSOL elegeu 90 mandatos de vereador espalhados pelas cinco regi\u00f5es do Brasil. Desse total, quase 40% s\u00e3o mulheres, quase a metade \u00e9 de negros e negras, al\u00e9m de 4 mandatos encabe\u00e7ados por mulheres trans e outros 9 mandatos coletivos.<\/p>\n<p>53 desses mandatos foram eleitos em capitais ou cidades acima de 200 mil habitantes, o que representa 60% do total. A capital que mais elegeu mandatos de vereador do PSOL foi o Rio de Janeiro, com 7 parlamentares eleitos, incluindo o mais votado da cidade, Tarc\u00edsio Motta, com 86.243 votos, al\u00e9m da vi\u00fava de Marielle Franco, M\u00f4nica Ben\u00edcio, com 22.919 votos. Em seguida aparece a cidade de S\u00e3o Paulo, que triplicou a bancada de vereadores e agora tem 6 mandatos do PSOL eleitos, incluindo a primeira mulher trans eleita na cidade, \u00c9rika Hilton, e o primeiro mandato coletivo, com a Bancada Feminista encabe\u00e7ada por S\u00edlvia Ferraro.<\/p>\n<p>Dos 90 mandatos eleitos pelo PSOL, 34 deles s\u00e3o encabe\u00e7ados por mulheres, o que representa quase 40% do total. S\u00f3 contando as capitais, essa porcentagem sobe para acima dos 50%. Em cidades como Belo Horizonte, Bel\u00e9m e S\u00e3o Paulo, as bancadas eleitas pelo PSOL s\u00e3o majoritariamente femininas.<\/p>\n<p>J\u00e1 a quantidade de negros e negras eleitas pelo PSOL \u00e9 ainda maior: s\u00e3o 43. Isso representa 47,7% do total de mandatos eleitos pelo PSOL no Brasil. Em estados como Bahia, Par\u00e1 e Rio Grande do Norte, o PSOL elegeu majoritariamente mandatos de pessoas negras.<\/p>\n<p>O fen\u00f4meno dos mandatos coletivos tamb\u00e9m chegou para ficar e teve no PSOL o seu principal impulsionador. Foram 10 mandatos coletivos pelo PSOL no Brasil, em importantes capitais como Salvador, Fortaleza, Florian\u00f3polis e S\u00e3o Paulo, al\u00e9m de outras importantes cidades que tiveram mandatos do PSOL eleitos pela primeira vez, como Ribeir\u00e3o Preto, Osasco, S\u00e3o Carlos, S\u00e3o Caetano, no estado de S\u00e3o Paulo, e Ponta Grossa , no Paran\u00e1.<\/p>\n<p>O PSOL tamb\u00e9m fez hist\u00f3ria e elegeu quatro mulheres trans para as C\u00e2maras Municipais. \u00c9rika Hilton, por exemplo, ser\u00e1 a primeira mulher trans e negra a ocupar a C\u00e2mara Municipal de S\u00e3o Paulo, com a 6\u00aa maior vota\u00e7\u00e3o da cidade, com 50.508 votos. Em Aracaju, Linda Brasil foi a mais votada da cidade e ser\u00e1 a primeira mulher trans da hist\u00f3ria da C\u00e2mara Municipal da cidade, com 5.773 votos. J\u00e1 em Niter\u00f3i, Benny Briolly, que era assessora do mandato federal de Tal\u00edria Petrone, foi eleita com 4.367 votos. Para completar, Anabella Pav\u00e3o foi eleita em Batatais, no interior de S\u00e3o Paulo, com o primeiro mandato da hist\u00f3ria do PSOL na cidade.<\/p>\n<p>Al\u00e9m disso, 23 vereadores e vereadoras do PSOL foram reeleitas para mais quatro anos de mandato, a grande maioria em capitais importantes, como o Rio de Janeiro, que reelegeu Tarc\u00edsio Motta, Paulo Pinheiro e Dr. Marcos Paulo; Belo Horizonte, que reelegeu Bella Gon\u00e7alves; Florian\u00f3polis, que reelegeu Marquito e Afr\u00e2nio Boppr\u00e9; Porto Alegre, com Karen Santos e Roberto Robaina; Recife, com Ivan Moraes reeleito; S\u00e3o Paulo, com Celso Giannazi e Toninho Vespoli, al\u00e9m de Fernando Carneiro em Bel\u00e9m.<\/p>\n<h5>Veja abaixo a lista completa de vereadores e vereadoras eleitas pelo PSOL no Brasil<\/h5>\n<h6>BAHIA<\/h6>\n<p><strong>Salvador<\/strong> &#8211; Laina Pretas por Salvador<br \/>\n<strong>Aureliano Leal<\/strong> &#8211; Osvaldo Nery<br \/>\n<strong>Conde\u00faba<\/strong> &#8211; Fabiano Ferreiro<br \/>\n<strong>Feira de Santana<\/strong> &#8211; Jhonatas Monteiro<br \/>\n<strong>Itaet\u00e9<\/strong> &#8211; Sargento Dorival<br \/>\n<strong>Itaquara<\/strong> &#8211; Joabe da Rifa<br \/>\n<strong>Ouri\u00e7angas<\/strong> &#8211; Lalo Game<br \/>\n<strong>Santa Terezinha<\/strong> &#8211; Danilo Santana<\/p>\n<h6>CEAR\u00c1<\/h6>\n<p><strong>Fortaleza<\/strong> &#8211; Gabriel Aguiar e Adriana do Nossa Cara<br \/>\n<strong>Potengi<\/strong> &#8211; Aline S\u00e9rgio, Z\u00e9 de J\u00falio e Ailton Leite<\/p>\n<h6>PERNAMBUCO<\/h6>\n<p><strong>Recife<\/strong> &#8211; Dani Portela e Ivan Moraes<br \/>\n<strong>Ouricuri<\/strong> &#8211; Professor Massilon<\/p>\n<h6>RIO GRANDE DO NORTE<\/h6>\n<p><strong>Natal<\/strong> &#8211; Rob\u00e9rio Paulino<br \/>\n<strong>Jandu\u00eds<\/strong> &#8211; Marinaldo, Henrique de Dod\u00f3, Arthur Barbosa, Fernando Gurgel, Paloma Veras e Ade\u00edlson Alves<br \/>\n<strong>Ja\u00e7an\u00e3<\/strong> &#8211; Naldo do Maracuj\u00e1 e Branco Motos<br \/>\n<strong>Currais Novos<\/strong> &#8211; Iranilson Medeiros<br \/>\n<strong>S\u00edtio Novo<\/strong> &#8211; Uesclay Carneiro<\/p>\n<h6>SERGIPE<\/h6>\n<p><strong>Aracaju<\/strong> &#8211; Linda Brasil<br \/>\n<strong>Est\u00e2ncia<\/strong> &#8211; Isaias Negobia e Evandro da Praia<\/p>\n<h6>ESP\u00cdRITO SANTO<\/h6>\n<p><strong>Vit\u00f3ria<\/strong> &#8211; Camila Valad\u00e3o<\/p>\n<h6>MINAS GERAIS<\/h6>\n<p><strong>Belo Horizonte<\/strong> &#8211; Iza Louren\u00e7a e Bella Gon\u00e7alves<br \/>\n<strong>Frutal <\/strong>&#8211; Gislene<strong><br \/>\nJuiz de Fora<\/strong> &#8211; Tallia Sobral<\/p>\n<h6>RIO DE JANEIRO<\/h6>\n<p><strong>Rio de Janeiro<\/strong> &#8211; Tarc\u00edsio Motta, Chico Alencar, M\u00f4nica Ben\u00edcio, Paulo Pinheiro, Tha\u00eds Ferreira, William Siri e Dr. Marcos Paulo<br \/>\n<strong>Niter\u00f3i<\/strong> &#8211; Professor T\u00falio, Benny Briolly e Paulo Eduardo Gomes<br \/>\n<strong>Petr\u00f3polis<\/strong> &#8211; Yuri Moura<br \/>\n<strong>S\u00e3o Gon\u00e7alo<\/strong> &#8211; Professor Josemar<\/p>\n<h6>S\u00c3O PAULO<\/h6>\n<p><strong>S\u00e3o Paulo<\/strong> &#8211; \u00c9rika Hilton, S\u00edlvia da Bancada Feminista, Luana Alves, Celso Giannazi, Toninho Vespoli e Elaine do Quilombo Perif\u00e9rico<br \/>\n<strong>Batatais<\/strong> &#8211; Anabella Pav\u00e3o<br \/>\n<strong>Campinas<\/strong> &#8211; Mariana Conti e Paulo B\u00fafalo<br \/>\n<strong>Guarulhos<\/strong> &#8211; Edmilson Souza<br \/>\n<strong>Itapira<\/strong> &#8211; Leandro Sartori<br \/>\n<strong>Marab\u00e1 Paulista<\/strong> &#8211; Jo\u00e3o de Souza, Reginaldo Miranda e D\u00e9bora Firmo do Assentamento<br \/>\n<strong>Mogi das Cruzes<\/strong> &#8211; In\u00eas Paz<br \/>\n<strong>Osasco<\/strong> &#8211; Juliana da Ativoz<br \/>\n<strong>Ribeir\u00e3o Preto<\/strong> &#8211; Ramon Todas as Vozes<br \/>\n<strong>Santo Anast\u00e1cio<\/strong> &#8211; Bruno Lozzi<br \/>\n<strong>Santo Andr\u00e9<\/strong> &#8211; Ricardo Alvarez<br \/>\n<strong>Santos<\/strong> &#8211; D\u00e9bora Camilo<br \/>\n<strong>S\u00e3o Caetano<\/strong> &#8211; Bruna Mulheres por Direitos<br \/>\n<strong>S\u00e3o Carlos<\/strong> &#8211; Djalma Nery<br \/>\n<strong>S\u00e3o Jos\u00e9 do Rio Preto<\/strong> &#8211; Jo\u00e3o Paulo Rillo<br \/>\n<strong>Sorocaba<\/strong> &#8211; Fernanda Garcia<\/p>\n<h6>MATO GROSSO DO SUL<\/h6>\n<p><strong>Ribas do Rio Pardo<\/strong> &#8211; Mission\u00e1ria Rose Pereira<\/p>\n<h6>AMAP\u00c1<\/h6>\n<p><strong>Macap\u00e1<\/strong> &#8211; Daniel Theodoro<\/p>\n<h6>PAR\u00c1<\/h6>\n<p><strong>Bel\u00e9m<\/strong> &#8211; Vivi Reis, L\u00edvia Duarte e Fernando Carneiro<br \/>\n<strong>Abaetetuba<\/strong> &#8211; Professora Madalena<br \/>\n<strong>Juruti &#8211; Jose\u00edlson Xavier<br \/>\nS\u00e3o Jo\u00e3o de Pirabas<\/strong> &#8211; Robson da P\u00e1 Mec\u00e2nica<\/p>\n<h6>PARAN\u00c1<\/h6>\n<p><strong>Ponta Grossa<\/strong> &#8211; Josi Mais Coletivo<br \/>\n<strong>Quedas do Igua\u00e7u<\/strong> &#8211; Claudinei do Ana Lanches<\/p>\n<h6>RIO GRANDE DO SUL<\/h6>\n<p><strong>Porto Alegre<\/strong> &#8211; Karen Santos, Pedro Ruas, Matheus Gomes e Roberto Robaina<br \/>\n<strong>Pelotas<\/strong> &#8211; Fernanda Miranda e Jurandir Silva<\/p>\n<h6>SANTA CATARINA<\/h6>\n<p><strong>Florian\u00f3polis<\/strong> &#8211; Marquito, Afr\u00e2nio Boppr\u00e9 e C\u00edntia Bem Viver<\/p>\n<p><a href=\"https:\/\/impeachmentpopular.com.br\/\" target=\"_blank\" rel=\"noopener noreferrer\"><img loading=\"lazy\" decoding=\"async\" class=\"alignnone size-full wp-image-29118\" src=\"https:\/\/psol50.org.br\/inc\/uploads\/2020\/05\/Email_Impeachment.png\" alt=\"\" width=\"1080\" height=\"250\" srcset=\"https:\/\/psol50.org.br\/inc\/uploads\/2020\/05\/Email_Impeachment.png 1080w, https:\/\/psol50.org.br\/inc\/uploads\/2020\/05\/Email_Impeachment-300x69.png 300w, https:\/\/psol50.org.br\/inc\/uploads\/2020\/05\/Email_Impeachment-1024x237.png 1024w, https:\/\/psol50.org.br\/inc\/uploads\/2020\/05\/Email_Impeachment-768x178.png 768w, https:\/\/psol50.org.br\/inc\/uploads\/2020\/05\/Email_Impeachment-150x35.png 150w, https:\/\/psol50.org.br\/inc\/uploads\/2020\/05\/Email_Impeachment-696x161.png 696w, https:\/\/psol50.org.br\/inc\/uploads\/2020\/05\/Email_Impeachment-1068x247.png 1068w\" sizes=\"auto, (max-width: 1080px) 100vw, 1080px\" \/><\/a><\/p>\n","protected":false},"excerpt":{"rendered":"<p>Com a consolida\u00e7\u00e3o das bancadas eleitas nas C\u00e2maras Municipais de todo o Brasil, o PSOL elegeu 90 mandatos de vereador espalhados pelas cinco regi\u00f5es do Brasil. Desse total, quase 40% s\u00e3o mulheres, quase a metade \u00e9 de negros e negras, al\u00e9m de 4 mandatos encabe\u00e7ados por mulheres trans e outros 9 mandatos coletivos. 53 desses [&hellip;]<\/p>\n","protected":false},"author":2,"featured_media":31214,"comment_status":"closed","ping_status":"open","sticky":false,"template":"","format":"standard","meta":{"_acf_changed":false,"footnotes":""},"categories":[6,14],"tags":[343,231,5,765,22,146,1269],"class_list":{"0":"post-31212","1":"post","2":"type-post","3":"status-publish","4":"format-standard","5":"has-post-thumbnail","7":"category-noticias","8":"category-partido","9":"tag-eleicoes","10":"tag-mulher","11":"tag-negras","12":"tag-negros","13":"tag-psol","14":"tag-trans","15":"tag-vereador"},"acf":[],"yoast_head":"<!-- This site is optimized with the Yoast SEO plugin v26.5 - https:\/\/yoast.com\/wordpress\/plugins\/seo\/ -->\n<title>Mulheres, negros, pessoas trans, trabalhadores e mandatos coletivos: PSOL elege as bancadas mais diversas do Brasil<\/title>\n<meta name=\"description\" content=\"O PSOL elegeu 88 mandatos de vereador espalhados pelas cinco regi\u00f5es do Brasil. Quase a metade dele \u00e9 de negros e negras.\" \/>\n<meta name=\"robots\" content=\"index, follow, max-snippet:-1, max-image-preview:large, max-video-preview:-1\" \/>\n<link rel=\"canonical\" href=\"https:\/\/psol50.org.br\/mulheres-negros-pessoas-trans-trabalhadores-mandatos-coletivos-psol-elege-bancadas-mais-diversas\/\" \/>\n<meta property=\"og:locale\" content=\"pt_BR\" \/>\n<meta property=\"og:type\" content=\"article\" \/>\n<meta property=\"og:title\" content=\"Mulheres, negros, pessoas trans, trabalhadores e mandatos coletivos: PSOL elege as bancadas mais diversas do Brasil\" \/>\n<meta property=\"og:description\" content=\"O PSOL elegeu 88 mandatos de vereador espalhados pelas cinco regi\u00f5es do Brasil. Quase a metade dele \u00e9 de negros e negras.\" \/>\n<meta property=\"og:url\" content=\"https:\/\/psol50.org.br\/mulheres-negros-pessoas-trans-trabalhadores-mandatos-coletivos-psol-elege-bancadas-mais-diversas\/\" \/>\n<meta property=\"og:site_name\" content=\"PSOL 50\" \/>\n<meta property=\"article:publisher\" content=\"https:\/\/www.facebook.com\/psol50\" \/>\n<meta property=\"article:published_time\" content=\"2020-11-17T18:38:38+00:00\" \/>\n<meta property=\"og:image\" content=\"https:\/\/psol50.org.br\/inc\/uploads\/2020\/11\/156498_354664147926864_335159493210663_959279_570390224_n.jpg\" \/>\n\t<meta property=\"og:image:width\" content=\"960\" \/>\n\t<meta property=\"og:image:height\" content=\"639\" \/>\n\t<meta property=\"og:image:type\" content=\"image\/jpeg\" \/>\n<meta name=\"author\" content=\"Comunica\u00e7\u00e3o PSOL\" \/>\n<meta name=\"twitter:card\" content=\"summary_large_image\" \/>\n<meta name=\"twitter:title\" content=\"Mulheres, negros, pessoas trans, trabalhadores e mandatos coletivos: PSOL elege as bancadas mais diversas do Brasil\" \/>\n<meta name=\"twitter:description\" content=\"O PSOL elegeu 88 mandatos de vereador espalhados pelas cinco regi\u00f5es do Brasil. Quase a metade dele \u00e9 de negros e negras.\" \/>\n<meta name=\"twitter:image\" content=\"https:\/\/psol50.org.br\/inc\/uploads\/2020\/11\/156498_354664147926864_335159493210663_959279_570390224_n.jpg\" \/>\n<meta name=\"twitter:creator\" content=\"@psol50\" \/>\n<meta name=\"twitter:site\" content=\"@psol50\" \/>\n<meta name=\"twitter:label1\" content=\"Escrito por\" \/>\n\t<meta name=\"twitter:data1\" content=\"Comunica\u00e7\u00e3o PSOL\" \/>\n\t<meta name=\"twitter:label2\" content=\"Est. tempo de leitura\" \/>\n\t<meta name=\"twitter:data2\" content=\"5 minutos\" \/>\n<script type=\"application\/ld+json\" class=\"yoast-schema-graph\">{\"@context\":\"https:\/\/schema.org\",\"@graph\":[{\"@type\":\"Article\",\"@id\":\"https:\/\/psol50.org.br\/mulheres-negros-pessoas-trans-trabalhadores-mandatos-coletivos-psol-elege-bancadas-mais-diversas\/#article\",\"isPartOf\":{\"@id\":\"https:\/\/psol50.org.br\/mulheres-negros-pessoas-trans-trabalhadores-mandatos-coletivos-psol-elege-bancadas-mais-diversas\/\"},\"author\":{\"name\":\"Comunica\u00e7\u00e3o PSOL\",\"@id\":\"https:\/\/psol50.org.br\/#\/schema\/person\/475dfa57d0b815993c714c2e96491fcd\"},\"headline\":\"Mulheres, negros, pessoas trans, trabalhadores e mandatos coletivos: PSOL elege as bancadas mais diversas do Brasil\",\"datePublished\":\"2020-11-17T18:38:38+00:00\",\"mainEntityOfPage\":{\"@id\":\"https:\/\/psol50.org.br\/mulheres-negros-pessoas-trans-trabalhadores-mandatos-coletivos-psol-elege-bancadas-mais-diversas\/\"},\"wordCount\":1009,\"publisher\":{\"@id\":\"https:\/\/psol50.org.br\/#organization\"},\"image\":{\"@id\":\"https:\/\/psol50.org.br\/mulheres-negros-pessoas-trans-trabalhadores-mandatos-coletivos-psol-elege-bancadas-mais-diversas\/#primaryimage\"},\"thumbnailUrl\":\"https:\/\/psol50.org.br\/inc\/uploads\/2020\/11\/156498_354664147926864_335159493210663_959279_570390224_n.jpg\",\"keywords\":[\"elei\u00e7\u00f5es\",\"mulher\",\"negras\",\"negros\",\"PSOL\",\"trans\",\"vereador\"],\"articleSection\":[\"Not\u00edcias\",\"Partido\"],\"inLanguage\":\"pt-BR\"},{\"@type\":\"WebPage\",\"@id\":\"https:\/\/psol50.org.br\/mulheres-negros-pessoas-trans-trabalhadores-mandatos-coletivos-psol-elege-bancadas-mais-diversas\/\",\"url\":\"https:\/\/psol50.org.br\/mulheres-negros-pessoas-trans-trabalhadores-mandatos-coletivos-psol-elege-bancadas-mais-diversas\/\",\"name\":\"Mulheres, negros, pessoas trans, trabalhadores e mandatos coletivos: PSOL elege as bancadas mais diversas do Brasil\",\"isPartOf\":{\"@id\":\"https:\/\/psol50.org.br\/#website\"},\"primaryImageOfPage\":{\"@id\":\"https:\/\/psol50.org.br\/mulheres-negros-pessoas-trans-trabalhadores-mandatos-coletivos-psol-elege-bancadas-mais-diversas\/#primaryimage\"},\"image\":{\"@id\":\"https:\/\/psol50.org.br\/mulheres-negros-pessoas-trans-trabalhadores-mandatos-coletivos-psol-elege-bancadas-mais-diversas\/#primaryimage\"},\"thumbnailUrl\":\"https:\/\/psol50.org.br\/inc\/uploads\/2020\/11\/156498_354664147926864_335159493210663_959279_570390224_n.jpg\",\"datePublished\":\"2020-11-17T18:38:38+00:00\",\"description\":\"O PSOL elegeu 88 mandatos de vereador espalhados pelas cinco regi\u00f5es do Brasil. Quase a metade dele \u00e9 de negros e negras.\",\"breadcrumb\":{\"@id\":\"https:\/\/psol50.org.br\/mulheres-negros-pessoas-trans-trabalhadores-mandatos-coletivos-psol-elege-bancadas-mais-diversas\/#breadcrumb\"},\"inLanguage\":\"pt-BR\",\"potentialAction\":[{\"@type\":\"ReadAction\",\"target\":[\"https:\/\/psol50.org.br\/mulheres-negros-pessoas-trans-trabalhadores-mandatos-coletivos-psol-elege-bancadas-mais-diversas\/\"]}]},{\"@type\":\"ImageObject\",\"inLanguage\":\"pt-BR\",\"@id\":\"https:\/\/psol50.org.br\/mulheres-negros-pessoas-trans-trabalhadores-mandatos-coletivos-psol-elege-bancadas-mais-diversas\/#primaryimage\",\"url\":\"https:\/\/psol50.org.br\/inc\/uploads\/2020\/11\/156498_354664147926864_335159493210663_959279_570390224_n.jpg\",\"contentUrl\":\"https:\/\/psol50.org.br\/inc\/uploads\/2020\/11\/156498_354664147926864_335159493210663_959279_570390224_n.jpg\",\"width\":960,\"height\":639},{\"@type\":\"BreadcrumbList\",\"@id\":\"https:\/\/psol50.org.br\/mulheres-negros-pessoas-trans-trabalhadores-mandatos-coletivos-psol-elege-bancadas-mais-diversas\/#breadcrumb\",\"itemListElement\":[{\"@type\":\"ListItem\",\"position\":1,\"name\":\"In\u00edcio\",\"item\":\"https:\/\/psol50.org.br\/\"},{\"@type\":\"ListItem\",\"position\":2,\"name\":\"Mulheres, negros, pessoas trans, trabalhadores e mandatos coletivos: PSOL elege as bancadas mais diversas do Brasil\"}]},{\"@type\":\"WebSite\",\"@id\":\"https:\/\/psol50.org.br\/#website\",\"url\":\"https:\/\/psol50.org.br\/\",\"name\":\"PSOL 50\",\"description\":\"Site oficial do Partido Socialismo e Liberdade\",\"publisher\":{\"@id\":\"https:\/\/psol50.org.br\/#organization\"},\"alternateName\":\"PSOL50\",\"potentialAction\":[{\"@type\":\"SearchAction\",\"target\":{\"@type\":\"EntryPoint\",\"urlTemplate\":\"https:\/\/psol50.org.br\/?s={search_term_string}\"},\"query-input\":{\"@type\":\"PropertyValueSpecification\",\"valueRequired\":true,\"valueName\":\"search_term_string\"}}],\"inLanguage\":\"pt-BR\"},{\"@type\":\"Organization\",\"@id\":\"https:\/\/psol50.org.br\/#organization\",\"name\":\"PSOL 50\",\"alternateName\":\"PSOL 50\",\"url\":\"https:\/\/psol50.org.br\/\",\"logo\":{\"@type\":\"ImageObject\",\"inLanguage\":\"pt-BR\",\"@id\":\"https:\/\/psol50.org.br\/#\/schema\/logo\/image\/\",\"url\":\"https:\/\/psol50.org.br\/inc\/uploads\/2018\/07\/capa.png\",\"contentUrl\":\"https:\/\/psol50.org.br\/inc\/uploads\/2018\/07\/capa.png\",\"width\":1350,\"height\":900,\"caption\":\"PSOL 50\"},\"image\":{\"@id\":\"https:\/\/psol50.org.br\/#\/schema\/logo\/image\/\"},\"sameAs\":[\"https:\/\/www.facebook.com\/psol50\",\"https:\/\/x.com\/psol50\",\"https:\/\/www.instagram.com\/psol50\/\",\"https:\/\/www.youtube.com\/channel\/UC7SnJS5o1os7a6CaiNabzcg\"]},{\"@type\":\"Person\",\"@id\":\"https:\/\/psol50.org.br\/#\/schema\/person\/475dfa57d0b815993c714c2e96491fcd\",\"name\":\"Comunica\u00e7\u00e3o PSOL\",\"image\":{\"@type\":\"ImageObject\",\"inLanguage\":\"pt-BR\",\"@id\":\"https:\/\/psol50.org.br\/#\/schema\/person\/image\/\",\"url\":\"https:\/\/secure.gravatar.com\/avatar\/b34fc4f4e468a4e51785917065a3db57b841f5c95dba6ad8c73aaf8f66f8f9bf?s=96&d=mm&r=g\",\"contentUrl\":\"https:\/\/secure.gravatar.com\/avatar\/b34fc4f4e468a4e51785917065a3db57b841f5c95dba6ad8c73aaf8f66f8f9bf?s=96&d=mm&r=g\",\"caption\":\"Comunica\u00e7\u00e3o PSOL\"}}]}<\/script>\n<!-- \/ Yoast SEO plugin. -->","yoast_head_json":{"title":"Mulheres, negros, pessoas trans, trabalhadores e mandatos coletivos: PSOL elege as bancadas mais diversas do Brasil","description":"O PSOL elegeu 88 mandatos de vereador espalhados pelas cinco regi\u00f5es do Brasil. Quase a metade dele \u00e9 de negros e negras.","robots":{"index":"index","follow":"follow","max-snippet":"max-snippet:-1","max-image-preview":"max-image-preview:large","max-video-preview":"max-video-preview:-1"},"canonical":"https:\/\/psol50.org.br\/mulheres-negros-pessoas-trans-trabalhadores-mandatos-coletivos-psol-elege-bancadas-mais-diversas\/","og_locale":"pt_BR","og_type":"article","og_title":"Mulheres, negros, pessoas trans, trabalhadores e mandatos coletivos: PSOL elege as bancadas mais diversas do Brasil","og_description":"O PSOL elegeu 88 mandatos de vereador espalhados pelas cinco regi\u00f5es do Brasil. Quase a metade dele \u00e9 de negros e negras.","og_url":"https:\/\/psol50.org.br\/mulheres-negros-pessoas-trans-trabalhadores-mandatos-coletivos-psol-elege-bancadas-mais-diversas\/","og_site_name":"PSOL 50","article_publisher":"https:\/\/www.facebook.com\/psol50","article_published_time":"2020-11-17T18:38:38+00:00","og_image":[{"width":960,"height":639,"url":"https:\/\/psol50.org.br\/inc\/uploads\/2020\/11\/156498_354664147926864_335159493210663_959279_570390224_n.jpg","type":"image\/jpeg"}],"author":"Comunica\u00e7\u00e3o PSOL","twitter_card":"summary_large_image","twitter_title":"Mulheres, negros, pessoas trans, trabalhadores e mandatos coletivos: PSOL elege as bancadas mais diversas do Brasil","twitter_description":"O PSOL elegeu 88 mandatos de vereador espalhados pelas cinco regi\u00f5es do Brasil. Quase a metade dele \u00e9 de negros e negras.","twitter_image":"https:\/\/psol50.org.br\/inc\/uploads\/2020\/11\/156498_354664147926864_335159493210663_959279_570390224_n.jpg","twitter_creator":"@psol50","twitter_site":"@psol50","twitter_misc":{"Escrito por":"Comunica\u00e7\u00e3o PSOL","Est. tempo de leitura":"5 minutos"},"schema":{"@context":"https:\/\/schema.org","@graph":[{"@type":"Article","@id":"https:\/\/psol50.org.br\/mulheres-negros-pessoas-trans-trabalhadores-mandatos-coletivos-psol-elege-bancadas-mais-diversas\/#article","isPartOf":{"@id":"https:\/\/psol50.org.br\/mulheres-negros-pessoas-trans-trabalhadores-mandatos-coletivos-psol-elege-bancadas-mais-diversas\/"},"author":{"name":"Comunica\u00e7\u00e3o PSOL","@id":"https:\/\/psol50.org.br\/#\/schema\/person\/475dfa57d0b815993c714c2e96491fcd"},"headline":"Mulheres, negros, pessoas trans, trabalhadores e mandatos coletivos: PSOL elege as bancadas mais diversas do Brasil","datePublished":"2020-11-17T18:38:38+00:00","mainEntityOfPage":{"@id":"https:\/\/psol50.org.br\/mulheres-negros-pessoas-trans-trabalhadores-mandatos-coletivos-psol-elege-bancadas-mais-diversas\/"},"wordCount":1009,"publisher":{"@id":"https:\/\/psol50.org.br\/#organization"},"image":{"@id":"https:\/\/psol50.org.br\/mulheres-negros-pessoas-trans-trabalhadores-mandatos-coletivos-psol-elege-bancadas-mais-diversas\/#primaryimage"},"thumbnailUrl":"https:\/\/psol50.org.br\/inc\/uploads\/2020\/11\/156498_354664147926864_335159493210663_959279_570390224_n.jpg","keywords":["elei\u00e7\u00f5es","mulher","negras","negros","PSOL","trans","vereador"],"articleSection":["Not\u00edcias","Partido"],"inLanguage":"pt-BR"},{"@type":"WebPage","@id":"https:\/\/psol50.org.br\/mulheres-negros-pessoas-trans-trabalhadores-mandatos-coletivos-psol-elege-bancadas-mais-diversas\/","url":"https:\/\/psol50.org.br\/mulheres-negros-pessoas-trans-trabalhadores-mandatos-coletivos-psol-elege-bancadas-mais-diversas\/","name":"Mulheres, negros, pessoas trans, trabalhadores e mandatos coletivos: PSOL elege as bancadas mais diversas do Brasil","isPartOf":{"@id":"https:\/\/psol50.org.br\/#website"},"primaryImageOfPage":{"@id":"https:\/\/psol50.org.br\/mulheres-negros-pessoas-trans-trabalhadores-mandatos-coletivos-psol-elege-bancadas-mais-diversas\/#primaryimage"},"image":{"@id":"https:\/\/psol50.org.br\/mulheres-negros-pessoas-trans-trabalhadores-mandatos-coletivos-psol-elege-bancadas-mais-diversas\/#primaryimage"},"thumbnailUrl":"https:\/\/psol50.org.br\/inc\/uploads\/2020\/11\/156498_354664147926864_335159493210663_959279_570390224_n.jpg","datePublished":"2020-11-17T18:38:38+00:00","description":"O PSOL elegeu 88 mandatos de vereador espalhados pelas cinco regi\u00f5es do Brasil. Quase a metade dele \u00e9 de negros e negras.","breadcrumb":{"@id":"https:\/\/psol50.org.br\/mulheres-negros-pessoas-trans-trabalhadores-mandatos-coletivos-psol-elege-bancadas-mais-diversas\/#breadcrumb"},"inLanguage":"pt-BR","potentialAction":[{"@type":"ReadAction","target":["https:\/\/psol50.org.br\/mulheres-negros-pessoas-trans-trabalhadores-mandatos-coletivos-psol-elege-bancadas-mais-diversas\/"]}]},{"@type":"ImageObject","inLanguage":"pt-BR","@id":"https:\/\/psol50.org.br\/mulheres-negros-pessoas-trans-trabalhadores-mandatos-coletivos-psol-elege-bancadas-mais-diversas\/#primaryimage","url":"https:\/\/psol50.org.br\/inc\/uploads\/2020\/11\/156498_354664147926864_335159493210663_959279_570390224_n.jpg","contentUrl":"https:\/\/psol50.org.br\/inc\/uploads\/2020\/11\/156498_354664147926864_335159493210663_959279_570390224_n.jpg","width":960,"height":639},{"@type":"BreadcrumbList","@id":"https:\/\/psol50.org.br\/mulheres-negros-pessoas-trans-trabalhadores-mandatos-coletivos-psol-elege-bancadas-mais-diversas\/#breadcrumb","itemListElement":[{"@type":"ListItem","position":1,"name":"In\u00edcio","item":"https:\/\/psol50.org.br\/"},{"@type":"ListItem","position":2,"name":"Mulheres, negros, pessoas trans, trabalhadores e mandatos coletivos: PSOL elege as bancadas mais diversas do Brasil"}]},{"@type":"WebSite","@id":"https:\/\/psol50.org.br\/#website","url":"https:\/\/psol50.org.br\/","name":"PSOL 50","description":"Site oficial do Partido Socialismo e Liberdade","publisher":{"@id":"https:\/\/psol50.org.br\/#organization"},"alternateName":"PSOL50","potentialAction":[{"@type":"SearchAction","target":{"@type":"EntryPoint","urlTemplate":"https:\/\/psol50.org.br\/?s={search_term_string}"},"query-input":{"@type":"PropertyValueSpecification","valueRequired":true,"valueName":"search_term_string"}}],"inLanguage":"pt-BR"},{"@type":"Organization","@id":"https:\/\/psol50.org.br\/#organization","name":"PSOL 50","alternateName":"PSOL 50","url":"https:\/\/psol50.org.br\/","logo":{"@type":"ImageObject","inLanguage":"pt-BR","@id":"https:\/\/psol50.org.br\/#\/schema\/logo\/image\/","url":"https:\/\/psol50.org.br\/inc\/uploads\/2018\/07\/capa.png","contentUrl":"https:\/\/psol50.org.br\/inc\/uploads\/2018\/07\/capa.png","width":1350,"height":900,"caption":"PSOL 50"},"image":{"@id":"https:\/\/psol50.org.br\/#\/schema\/logo\/image\/"},"sameAs":["https:\/\/www.facebook.com\/psol50","https:\/\/x.com\/psol50","https:\/\/www.instagram.com\/psol50\/","https:\/\/www.youtube.com\/channel\/UC7SnJS5o1os7a6CaiNabzcg"]},{"@type":"Person","@id":"https:\/\/psol50.org.br\/#\/schema\/person\/475dfa57d0b815993c714c2e96491fcd","name":"Comunica\u00e7\u00e3o PSOL","image":{"@type":"ImageObject","inLanguage":"pt-BR","@id":"https:\/\/psol50.org.br\/#\/schema\/person\/image\/","url":"https:\/\/secure.gravatar.com\/avatar\/b34fc4f4e468a4e51785917065a3db57b841f5c95dba6ad8c73aaf8f66f8f9bf?s=96&d=mm&r=g","contentUrl":"https:\/\/secure.gravatar.com\/avatar\/b34fc4f4e468a4e51785917065a3db57b841f5c95dba6ad8c73aaf8f66f8f9bf?s=96&d=mm&r=g","caption":"Comunica\u00e7\u00e3o PSOL"}}]}},"_links":{"self":[{"href":"https:\/\/psol50.org.br\/rest\/wp\/v2\/posts\/31212","targetHints":{"allow":["GET"]}}],"collection":[{"href":"https:\/\/psol50.org.br\/rest\/wp\/v2\/posts"}],"about":[{"href":"https:\/\/psol50.org.br\/rest\/wp\/v2\/types\/post"}],"author":[{"embeddable":true,"href":"https:\/\/psol50.org.br\/rest\/wp\/v2\/users\/2"}],"replies":[{"embeddable":true,"href":"https:\/\/psol50.org.br\/rest\/wp\/v2\/comments?post=31212"}],"version-history":[{"count":0,"href":"https:\/\/psol50.org.br\/rest\/wp\/v2\/posts\/31212\/revisions"}],"wp:featuredmedia":[{"embeddable":true,"href":"https:\/\/psol50.org.br\/rest\/wp\/v2\/media\/31214"}],"wp:attachment":[{"href":"https:\/\/psol50.org.br\/rest\/wp\/v2\/media?parent=31212"}],"wp:term":[{"taxonomy":"category","embeddable":true,"href":"https:\/\/psol50.org.br\/rest\/wp\/v2\/categories?post=31212"},{"taxonomy":"post_tag","embeddable":true,"href":"https:\/\/psol50.org.br\/rest\/wp\/v2\/tags?post=31212"}],"curies":[{"name":"wp","href":"https:\/\/api.w.org\/{rel}","templated":true}]}}