{"id":31237,"date":"2020-11-24T12:07:02","date_gmt":"2020-11-24T15:07:02","guid":{"rendered":"https:\/\/psol50.org.br\/?p=31237"},"modified":"2020-11-24T12:07:02","modified_gmt":"2020-11-24T15:07:02","slug":"psol-denuncia-bolsonaro-e-pazuello-ao-mpf-apos-governo-nao-ter-distribuido-68-milhoes-de-testes-de-covid-19","status":"publish","type":"post","link":"https:\/\/psol50.org.br\/psol-denuncia-bolsonaro-e-pazuello-ao-mpf-apos-governo-nao-ter-distribuido-68-milhoes-de-testes-de-covid-19\/","title":{"rendered":"PSOL denuncia Bolsonaro e Pazuello ao MPF ap\u00f3s governo n\u00e3o ter distribu\u00eddo 6,8 milh\u00f5es de testes de Covid-19"},"content":{"rendered":"<p><a href=\"https:\/\/psol50.org.br\/rendajusta\/\" target=\"_blank\" rel=\"noopener noreferrer\"><img loading=\"lazy\" decoding=\"async\" class=\"alignnone size-full wp-image-30552\" src=\"https:\/\/psol50.org.br\/inc\/uploads\/2020\/08\/21-08-2020_LancamentoRendaJusta-2.png\" alt=\"\" width=\"1920\" height=\"383\" srcset=\"https:\/\/psol50.org.br\/inc\/uploads\/2020\/08\/21-08-2020_LancamentoRendaJusta-2.png 1920w, https:\/\/psol50.org.br\/inc\/uploads\/2020\/08\/21-08-2020_LancamentoRendaJusta-2-300x60.png 300w, https:\/\/psol50.org.br\/inc\/uploads\/2020\/08\/21-08-2020_LancamentoRendaJusta-2-1024x204.png 1024w, https:\/\/psol50.org.br\/inc\/uploads\/2020\/08\/21-08-2020_LancamentoRendaJusta-2-768x153.png 768w, https:\/\/psol50.org.br\/inc\/uploads\/2020\/08\/21-08-2020_LancamentoRendaJusta-2-1536x306.png 1536w, https:\/\/psol50.org.br\/inc\/uploads\/2020\/08\/21-08-2020_LancamentoRendaJusta-2-150x30.png 150w, https:\/\/psol50.org.br\/inc\/uploads\/2020\/08\/21-08-2020_LancamentoRendaJusta-2-696x139.png 696w, https:\/\/psol50.org.br\/inc\/uploads\/2020\/08\/21-08-2020_LancamentoRendaJusta-2-1068x213.png 1068w\" sizes=\"auto, (max-width: 1920px) 100vw, 1920px\" \/><\/a><\/p>\n<p>A iminente perda de validade de mais de 6,8 milh\u00f5es de testes para o diagn\u00f3stico da Covid-19 levou a bancada do PSOL na C\u00e2mara dos Deputados a solicitar provid\u00eancias e investiga\u00e7\u00e3o do Minist\u00e9rio P\u00fablico Federal. O of\u00edcio foi encaminhado na \u00faltima segunda-feira (23) \u00e0 C\u00e2mara de Direitos Sociais e Fiscaliza\u00e7\u00e3o de Atos Administrativos em Geral.<\/p>\n<p>O PSOL denuncia que o governo federal nunca adotou uma pol\u00edtica r\u00edgida e estruturada de testagem em massa da popula\u00e7\u00e3o, sendo um dos pa\u00edses que menos realizaram o procedimento no mundo. Da meta de 24,6 milh\u00f5es de testes, o Minist\u00e9rio da Sa\u00fade s\u00f3 realizou um quinto. Em outubro, da meta di\u00e1ria de 70 mil testes, s\u00f3 27,3 mil foram realizados.<\/p>\n<p>No of\u00edcio, a bancada do PSOL pede apura\u00e7\u00e3o de responsabilidade civil e penal do presidente Jair Bolsonaro e do ministro da Sa\u00fade, Eduardo Pazuello.<\/p>\n<p>Os testes RT-PCR para diagn\u00f3stico do novo coronav\u00edrus est\u00e3o estocados em um armaz\u00e9m do governo federal no munic\u00edpio de Guarulhos (SP). Para se ter uma ideia, o SUS aplicou cinco milh\u00f5es de testes deste tipo. Ou seja, o Brasil pode acabar descartando mais exames do que j\u00e1 realizou at\u00e9 agora. Ao todo, a Sa\u00fade investiu R$ 764,5 milh\u00f5es em testes e as unidades para vencer custaram R$ 290 milh\u00f5es \u2013 o lote encalhado tem validade de oito meses.<\/p>\n<p>O RT-PCR \u00e9 um dos exames mais eficazes para diagnosticar a covid-19. A coleta \u00e9 feita por meio de um cotonete aplicado na regi\u00e3o nasal e far\u00edngea (a regi\u00e3o da garganta logo atr\u00e1s do nariz e da boca) do paciente. Na rede privada, o exame custa de R$ 290 a R$ 400. As evid\u00eancias de falhas de planejamento e log\u00edstica no setor ocorrem num per\u00edodo de aumento dos casos no Pa\u00eds.<\/p>\n<p>Especialistas, por\u00e9m, dizem que o teste n\u00e3o serve s\u00f3 para diagn\u00f3stico. \u00c9 essencial na interrup\u00e7\u00e3o de cadeias de infec\u00e7\u00e3o. \u201cA vantagem da Europa, agora, \u00e9 que aumentou tanto a capacidade de testagem que \u00e9 poss\u00edvel detectar casos leves\u201d, diz o vice-diretor da Organiza\u00e7\u00e3o Pan-Americana de Sa\u00fade (Opas), Jarbas Barbosa.<\/p>\n<p>Para ele, um bom indicador para verificar se o pa\u00eds testa pouco \u00e9 o n\u00famero de positivos. Se for acima de 5%, \u00e9 sinal de que os testes s\u00e3o insuficientes. No Brasil, cerca de 30% dos exames RT-PCR no SUS deram positivo.<\/p>\n<p><a href=\"https:\/\/impeachmentpopular.com.br\/\" target=\"_blank\" rel=\"noopener noreferrer\"><img loading=\"lazy\" decoding=\"async\" class=\"alignnone size-full wp-image-29118\" src=\"https:\/\/psol50.org.br\/inc\/uploads\/2020\/05\/Email_Impeachment.png\" alt=\"\" width=\"1080\" height=\"250\" srcset=\"https:\/\/psol50.org.br\/inc\/uploads\/2020\/05\/Email_Impeachment.png 1080w, https:\/\/psol50.org.br\/inc\/uploads\/2020\/05\/Email_Impeachment-300x69.png 300w, https:\/\/psol50.org.br\/inc\/uploads\/2020\/05\/Email_Impeachment-1024x237.png 1024w, https:\/\/psol50.org.br\/inc\/uploads\/2020\/05\/Email_Impeachment-768x178.png 768w, https:\/\/psol50.org.br\/inc\/uploads\/2020\/05\/Email_Impeachment-150x35.png 150w, https:\/\/psol50.org.br\/inc\/uploads\/2020\/05\/Email_Impeachment-696x161.png 696w, https:\/\/psol50.org.br\/inc\/uploads\/2020\/05\/Email_Impeachment-1068x247.png 1068w\" sizes=\"auto, (max-width: 1080px) 100vw, 1080px\" \/><\/a><\/p>\n","protected":false},"excerpt":{"rendered":"<p>A iminente perda de validade de mais de 6,8 milh\u00f5es de testes para o diagn\u00f3stico da Covid-19 levou a bancada do PSOL na C\u00e2mara dos Deputados a solicitar provid\u00eancias e investiga\u00e7\u00e3o do Minist\u00e9rio P\u00fablico Federal. O of\u00edcio foi encaminhado na \u00faltima segunda-feira (23) \u00e0 C\u00e2mara de Direitos Sociais e Fiscaliza\u00e7\u00e3o de Atos Administrativos em Geral. [&hellip;]<\/p>\n","protected":false},"author":2,"featured_media":31241,"comment_status":"closed","ping_status":"open","sticky":false,"template":"","format":"standard","meta":{"_acf_changed":false,"footnotes":""},"categories":[10,6],"tags":[56,171,371,76,1276,22,366,1249],"class_list":{"0":"post-31237","1":"post","2":"type-post","3":"status-publish","4":"format-standard","5":"has-post-thumbnail","7":"category-acao-parlamentares","8":"category-noticias","9":"tag-bolsonaro","10":"tag-coronavirus","11":"tag-covid-19","12":"tag-mpf","13":"tag-pazuello","14":"tag-psol","15":"tag-psolcontraocoronavirus","16":"tag-testes"},"acf":[],"yoast_head":"<!-- This site is optimized with the Yoast SEO plugin v26.5 - https:\/\/yoast.com\/wordpress\/plugins\/seo\/ -->\n<title>PSOL denuncia Bolsonaro e Pazuello ao MPF ap\u00f3s governo n\u00e3o ter distribu\u00eddo 6,8 milh\u00f5es de testes de Covid-19<\/title>\n<meta name=\"description\" content=\"No of\u00edcio, a bancada do PSOL pede apura\u00e7\u00e3o de responsabilidade civil e penal de Jair Bolsonaro e do ministro da Sa\u00fade, Eduardo Pazuello.\" \/>\n<meta name=\"robots\" content=\"index, follow, max-snippet:-1, max-image-preview:large, max-video-preview:-1\" \/>\n<link rel=\"canonical\" href=\"https:\/\/psol50.org.br\/psol-denuncia-bolsonaro-e-pazuello-ao-mpf-apos-governo-nao-ter-distribuido-68-milhoes-de-testes-de-covid-19\/\" \/>\n<meta property=\"og:locale\" content=\"pt_BR\" \/>\n<meta property=\"og:type\" content=\"article\" \/>\n<meta property=\"og:title\" content=\"PSOL denuncia Bolsonaro e Pazuello ao MPF ap\u00f3s governo n\u00e3o ter distribu\u00eddo 6,8 milh\u00f5es de testes de Covid-19\" \/>\n<meta property=\"og:description\" content=\"No of\u00edcio, a bancada do PSOL pede apura\u00e7\u00e3o de responsabilidade civil e penal de Jair Bolsonaro e do ministro da Sa\u00fade, Eduardo Pazuello.\" \/>\n<meta property=\"og:url\" content=\"https:\/\/psol50.org.br\/psol-denuncia-bolsonaro-e-pazuello-ao-mpf-apos-governo-nao-ter-distribuido-68-milhoes-de-testes-de-covid-19\/\" \/>\n<meta property=\"og:site_name\" content=\"PSOL 50\" \/>\n<meta property=\"article:publisher\" content=\"https:\/\/www.facebook.com\/psol50\" \/>\n<meta property=\"article:published_time\" content=\"2020-11-24T15:07:02+00:00\" \/>\n<meta property=\"og:image\" content=\"https:\/\/psol50.org.br\/inc\/uploads\/2020\/11\/bolsonaro-pazuello.jpg\" \/>\n\t<meta property=\"og:image:width\" content=\"1170\" \/>\n\t<meta property=\"og:image:height\" content=\"700\" \/>\n\t<meta property=\"og:image:type\" content=\"image\/jpeg\" \/>\n<meta name=\"author\" content=\"Comunica\u00e7\u00e3o PSOL\" \/>\n<meta name=\"twitter:card\" content=\"summary_large_image\" \/>\n<meta name=\"twitter:title\" content=\"PSOL denuncia Bolsonaro e Pazuello ao MPF ap\u00f3s governo n\u00e3o ter distribu\u00eddo 6,8 milh\u00f5es de testes de Covid-19\" \/>\n<meta name=\"twitter:description\" content=\"No of\u00edcio, a bancada do PSOL pede apura\u00e7\u00e3o de responsabilidade civil e penal de Jair Bolsonaro e do ministro da Sa\u00fade, Eduardo Pazuello.\" \/>\n<meta name=\"twitter:image\" content=\"https:\/\/psol50.org.br\/inc\/uploads\/2020\/11\/bolsonaro-pazuello.jpg\" \/>\n<meta name=\"twitter:creator\" content=\"@psol50\" \/>\n<meta name=\"twitter:site\" content=\"@psol50\" \/>\n<meta name=\"twitter:label1\" content=\"Escrito por\" \/>\n\t<meta name=\"twitter:data1\" content=\"Comunica\u00e7\u00e3o PSOL\" \/>\n\t<meta name=\"twitter:label2\" content=\"Est. tempo de leitura\" \/>\n\t<meta name=\"twitter:data2\" content=\"2 minutos\" \/>\n<script type=\"application\/ld+json\" class=\"yoast-schema-graph\">{\"@context\":\"https:\/\/schema.org\",\"@graph\":[{\"@type\":\"Article\",\"@id\":\"https:\/\/psol50.org.br\/psol-denuncia-bolsonaro-e-pazuello-ao-mpf-apos-governo-nao-ter-distribuido-68-milhoes-de-testes-de-covid-19\/#article\",\"isPartOf\":{\"@id\":\"https:\/\/psol50.org.br\/psol-denuncia-bolsonaro-e-pazuello-ao-mpf-apos-governo-nao-ter-distribuido-68-milhoes-de-testes-de-covid-19\/\"},\"author\":{\"name\":\"Comunica\u00e7\u00e3o PSOL\",\"@id\":\"https:\/\/psol50.org.br\/#\/schema\/person\/475dfa57d0b815993c714c2e96491fcd\"},\"headline\":\"PSOL denuncia Bolsonaro e Pazuello ao MPF ap\u00f3s governo n\u00e3o ter distribu\u00eddo 6,8 milh\u00f5es de testes de Covid-19\",\"datePublished\":\"2020-11-24T15:07:02+00:00\",\"mainEntityOfPage\":{\"@id\":\"https:\/\/psol50.org.br\/psol-denuncia-bolsonaro-e-pazuello-ao-mpf-apos-governo-nao-ter-distribuido-68-milhoes-de-testes-de-covid-19\/\"},\"wordCount\":429,\"publisher\":{\"@id\":\"https:\/\/psol50.org.br\/#organization\"},\"image\":{\"@id\":\"https:\/\/psol50.org.br\/psol-denuncia-bolsonaro-e-pazuello-ao-mpf-apos-governo-nao-ter-distribuido-68-milhoes-de-testes-de-covid-19\/#primaryimage\"},\"thumbnailUrl\":\"https:\/\/psol50.org.br\/inc\/uploads\/2020\/11\/bolsonaro-pazuello.jpg\",\"keywords\":[\"Bolsonaro\",\"coronav\u00edrus\",\"covid-19\",\"MPF\",\"pazuello\",\"PSOL\",\"psolcontraocoronavirus\",\"testes\"],\"articleSection\":[\"A\u00e7\u00e3o Parlamentar\",\"Not\u00edcias\"],\"inLanguage\":\"pt-BR\"},{\"@type\":\"WebPage\",\"@id\":\"https:\/\/psol50.org.br\/psol-denuncia-bolsonaro-e-pazuello-ao-mpf-apos-governo-nao-ter-distribuido-68-milhoes-de-testes-de-covid-19\/\",\"url\":\"https:\/\/psol50.org.br\/psol-denuncia-bolsonaro-e-pazuello-ao-mpf-apos-governo-nao-ter-distribuido-68-milhoes-de-testes-de-covid-19\/\",\"name\":\"PSOL denuncia Bolsonaro e Pazuello ao MPF ap\u00f3s governo n\u00e3o ter distribu\u00eddo 6,8 milh\u00f5es de testes de Covid-19\",\"isPartOf\":{\"@id\":\"https:\/\/psol50.org.br\/#website\"},\"primaryImageOfPage\":{\"@id\":\"https:\/\/psol50.org.br\/psol-denuncia-bolsonaro-e-pazuello-ao-mpf-apos-governo-nao-ter-distribuido-68-milhoes-de-testes-de-covid-19\/#primaryimage\"},\"image\":{\"@id\":\"https:\/\/psol50.org.br\/psol-denuncia-bolsonaro-e-pazuello-ao-mpf-apos-governo-nao-ter-distribuido-68-milhoes-de-testes-de-covid-19\/#primaryimage\"},\"thumbnailUrl\":\"https:\/\/psol50.org.br\/inc\/uploads\/2020\/11\/bolsonaro-pazuello.jpg\",\"datePublished\":\"2020-11-24T15:07:02+00:00\",\"description\":\"No of\u00edcio, a bancada do PSOL pede apura\u00e7\u00e3o de responsabilidade civil e penal de Jair Bolsonaro e do ministro da Sa\u00fade, Eduardo Pazuello.\",\"breadcrumb\":{\"@id\":\"https:\/\/psol50.org.br\/psol-denuncia-bolsonaro-e-pazuello-ao-mpf-apos-governo-nao-ter-distribuido-68-milhoes-de-testes-de-covid-19\/#breadcrumb\"},\"inLanguage\":\"pt-BR\",\"potentialAction\":[{\"@type\":\"ReadAction\",\"target\":[\"https:\/\/psol50.org.br\/psol-denuncia-bolsonaro-e-pazuello-ao-mpf-apos-governo-nao-ter-distribuido-68-milhoes-de-testes-de-covid-19\/\"]}]},{\"@type\":\"ImageObject\",\"inLanguage\":\"pt-BR\",\"@id\":\"https:\/\/psol50.org.br\/psol-denuncia-bolsonaro-e-pazuello-ao-mpf-apos-governo-nao-ter-distribuido-68-milhoes-de-testes-de-covid-19\/#primaryimage\",\"url\":\"https:\/\/psol50.org.br\/inc\/uploads\/2020\/11\/bolsonaro-pazuello.jpg\",\"contentUrl\":\"https:\/\/psol50.org.br\/inc\/uploads\/2020\/11\/bolsonaro-pazuello.jpg\",\"width\":1170,\"height\":700},{\"@type\":\"BreadcrumbList\",\"@id\":\"https:\/\/psol50.org.br\/psol-denuncia-bolsonaro-e-pazuello-ao-mpf-apos-governo-nao-ter-distribuido-68-milhoes-de-testes-de-covid-19\/#breadcrumb\",\"itemListElement\":[{\"@type\":\"ListItem\",\"position\":1,\"name\":\"In\u00edcio\",\"item\":\"https:\/\/psol50.org.br\/\"},{\"@type\":\"ListItem\",\"position\":2,\"name\":\"PSOL denuncia Bolsonaro e Pazuello ao MPF ap\u00f3s governo n\u00e3o ter distribu\u00eddo 6,8 milh\u00f5es de testes de Covid-19\"}]},{\"@type\":\"WebSite\",\"@id\":\"https:\/\/psol50.org.br\/#website\",\"url\":\"https:\/\/psol50.org.br\/\",\"name\":\"PSOL 50\",\"description\":\"Site oficial do Partido Socialismo e Liberdade\",\"publisher\":{\"@id\":\"https:\/\/psol50.org.br\/#organization\"},\"alternateName\":\"PSOL50\",\"potentialAction\":[{\"@type\":\"SearchAction\",\"target\":{\"@type\":\"EntryPoint\",\"urlTemplate\":\"https:\/\/psol50.org.br\/?s={search_term_string}\"},\"query-input\":{\"@type\":\"PropertyValueSpecification\",\"valueRequired\":true,\"valueName\":\"search_term_string\"}}],\"inLanguage\":\"pt-BR\"},{\"@type\":\"Organization\",\"@id\":\"https:\/\/psol50.org.br\/#organization\",\"name\":\"PSOL 50\",\"alternateName\":\"PSOL 50\",\"url\":\"https:\/\/psol50.org.br\/\",\"logo\":{\"@type\":\"ImageObject\",\"inLanguage\":\"pt-BR\",\"@id\":\"https:\/\/psol50.org.br\/#\/schema\/logo\/image\/\",\"url\":\"https:\/\/psol50.org.br\/inc\/uploads\/2018\/07\/capa.png\",\"contentUrl\":\"https:\/\/psol50.org.br\/inc\/uploads\/2018\/07\/capa.png\",\"width\":1350,\"height\":900,\"caption\":\"PSOL 50\"},\"image\":{\"@id\":\"https:\/\/psol50.org.br\/#\/schema\/logo\/image\/\"},\"sameAs\":[\"https:\/\/www.facebook.com\/psol50\",\"https:\/\/x.com\/psol50\",\"https:\/\/www.instagram.com\/psol50\/\",\"https:\/\/www.youtube.com\/channel\/UC7SnJS5o1os7a6CaiNabzcg\"]},{\"@type\":\"Person\",\"@id\":\"https:\/\/psol50.org.br\/#\/schema\/person\/475dfa57d0b815993c714c2e96491fcd\",\"name\":\"Comunica\u00e7\u00e3o PSOL\",\"image\":{\"@type\":\"ImageObject\",\"inLanguage\":\"pt-BR\",\"@id\":\"https:\/\/psol50.org.br\/#\/schema\/person\/image\/\",\"url\":\"https:\/\/secure.gravatar.com\/avatar\/b34fc4f4e468a4e51785917065a3db57b841f5c95dba6ad8c73aaf8f66f8f9bf?s=96&d=mm&r=g\",\"contentUrl\":\"https:\/\/secure.gravatar.com\/avatar\/b34fc4f4e468a4e51785917065a3db57b841f5c95dba6ad8c73aaf8f66f8f9bf?s=96&d=mm&r=g\",\"caption\":\"Comunica\u00e7\u00e3o PSOL\"}}]}<\/script>\n<!-- \/ Yoast SEO plugin. -->","yoast_head_json":{"title":"PSOL denuncia Bolsonaro e Pazuello ao MPF ap\u00f3s governo n\u00e3o ter distribu\u00eddo 6,8 milh\u00f5es de testes de Covid-19","description":"No of\u00edcio, a bancada do PSOL pede apura\u00e7\u00e3o de responsabilidade civil e penal de Jair Bolsonaro e do ministro da Sa\u00fade, Eduardo Pazuello.","robots":{"index":"index","follow":"follow","max-snippet":"max-snippet:-1","max-image-preview":"max-image-preview:large","max-video-preview":"max-video-preview:-1"},"canonical":"https:\/\/psol50.org.br\/psol-denuncia-bolsonaro-e-pazuello-ao-mpf-apos-governo-nao-ter-distribuido-68-milhoes-de-testes-de-covid-19\/","og_locale":"pt_BR","og_type":"article","og_title":"PSOL denuncia Bolsonaro e Pazuello ao MPF ap\u00f3s governo n\u00e3o ter distribu\u00eddo 6,8 milh\u00f5es de testes de Covid-19","og_description":"No of\u00edcio, a bancada do PSOL pede apura\u00e7\u00e3o de responsabilidade civil e penal de Jair Bolsonaro e do ministro da Sa\u00fade, Eduardo Pazuello.","og_url":"https:\/\/psol50.org.br\/psol-denuncia-bolsonaro-e-pazuello-ao-mpf-apos-governo-nao-ter-distribuido-68-milhoes-de-testes-de-covid-19\/","og_site_name":"PSOL 50","article_publisher":"https:\/\/www.facebook.com\/psol50","article_published_time":"2020-11-24T15:07:02+00:00","og_image":[{"width":1170,"height":700,"url":"https:\/\/psol50.org.br\/inc\/uploads\/2020\/11\/bolsonaro-pazuello.jpg","type":"image\/jpeg"}],"author":"Comunica\u00e7\u00e3o PSOL","twitter_card":"summary_large_image","twitter_title":"PSOL denuncia Bolsonaro e Pazuello ao MPF ap\u00f3s governo n\u00e3o ter distribu\u00eddo 6,8 milh\u00f5es de testes de Covid-19","twitter_description":"No of\u00edcio, a bancada do PSOL pede apura\u00e7\u00e3o de responsabilidade civil e penal de Jair Bolsonaro e do ministro da Sa\u00fade, Eduardo Pazuello.","twitter_image":"https:\/\/psol50.org.br\/inc\/uploads\/2020\/11\/bolsonaro-pazuello.jpg","twitter_creator":"@psol50","twitter_site":"@psol50","twitter_misc":{"Escrito por":"Comunica\u00e7\u00e3o PSOL","Est. tempo de leitura":"2 minutos"},"schema":{"@context":"https:\/\/schema.org","@graph":[{"@type":"Article","@id":"https:\/\/psol50.org.br\/psol-denuncia-bolsonaro-e-pazuello-ao-mpf-apos-governo-nao-ter-distribuido-68-milhoes-de-testes-de-covid-19\/#article","isPartOf":{"@id":"https:\/\/psol50.org.br\/psol-denuncia-bolsonaro-e-pazuello-ao-mpf-apos-governo-nao-ter-distribuido-68-milhoes-de-testes-de-covid-19\/"},"author":{"name":"Comunica\u00e7\u00e3o PSOL","@id":"https:\/\/psol50.org.br\/#\/schema\/person\/475dfa57d0b815993c714c2e96491fcd"},"headline":"PSOL denuncia Bolsonaro e Pazuello ao MPF ap\u00f3s governo n\u00e3o ter distribu\u00eddo 6,8 milh\u00f5es de testes de Covid-19","datePublished":"2020-11-24T15:07:02+00:00","mainEntityOfPage":{"@id":"https:\/\/psol50.org.br\/psol-denuncia-bolsonaro-e-pazuello-ao-mpf-apos-governo-nao-ter-distribuido-68-milhoes-de-testes-de-covid-19\/"},"wordCount":429,"publisher":{"@id":"https:\/\/psol50.org.br\/#organization"},"image":{"@id":"https:\/\/psol50.org.br\/psol-denuncia-bolsonaro-e-pazuello-ao-mpf-apos-governo-nao-ter-distribuido-68-milhoes-de-testes-de-covid-19\/#primaryimage"},"thumbnailUrl":"https:\/\/psol50.org.br\/inc\/uploads\/2020\/11\/bolsonaro-pazuello.jpg","keywords":["Bolsonaro","coronav\u00edrus","covid-19","MPF","pazuello","PSOL","psolcontraocoronavirus","testes"],"articleSection":["A\u00e7\u00e3o Parlamentar","Not\u00edcias"],"inLanguage":"pt-BR"},{"@type":"WebPage","@id":"https:\/\/psol50.org.br\/psol-denuncia-bolsonaro-e-pazuello-ao-mpf-apos-governo-nao-ter-distribuido-68-milhoes-de-testes-de-covid-19\/","url":"https:\/\/psol50.org.br\/psol-denuncia-bolsonaro-e-pazuello-ao-mpf-apos-governo-nao-ter-distribuido-68-milhoes-de-testes-de-covid-19\/","name":"PSOL denuncia Bolsonaro e Pazuello ao MPF ap\u00f3s governo n\u00e3o ter distribu\u00eddo 6,8 milh\u00f5es de testes de Covid-19","isPartOf":{"@id":"https:\/\/psol50.org.br\/#website"},"primaryImageOfPage":{"@id":"https:\/\/psol50.org.br\/psol-denuncia-bolsonaro-e-pazuello-ao-mpf-apos-governo-nao-ter-distribuido-68-milhoes-de-testes-de-covid-19\/#primaryimage"},"image":{"@id":"https:\/\/psol50.org.br\/psol-denuncia-bolsonaro-e-pazuello-ao-mpf-apos-governo-nao-ter-distribuido-68-milhoes-de-testes-de-covid-19\/#primaryimage"},"thumbnailUrl":"https:\/\/psol50.org.br\/inc\/uploads\/2020\/11\/bolsonaro-pazuello.jpg","datePublished":"2020-11-24T15:07:02+00:00","description":"No of\u00edcio, a bancada do PSOL pede apura\u00e7\u00e3o de responsabilidade civil e penal de Jair Bolsonaro e do ministro da Sa\u00fade, Eduardo Pazuello.","breadcrumb":{"@id":"https:\/\/psol50.org.br\/psol-denuncia-bolsonaro-e-pazuello-ao-mpf-apos-governo-nao-ter-distribuido-68-milhoes-de-testes-de-covid-19\/#breadcrumb"},"inLanguage":"pt-BR","potentialAction":[{"@type":"ReadAction","target":["https:\/\/psol50.org.br\/psol-denuncia-bolsonaro-e-pazuello-ao-mpf-apos-governo-nao-ter-distribuido-68-milhoes-de-testes-de-covid-19\/"]}]},{"@type":"ImageObject","inLanguage":"pt-BR","@id":"https:\/\/psol50.org.br\/psol-denuncia-bolsonaro-e-pazuello-ao-mpf-apos-governo-nao-ter-distribuido-68-milhoes-de-testes-de-covid-19\/#primaryimage","url":"https:\/\/psol50.org.br\/inc\/uploads\/2020\/11\/bolsonaro-pazuello.jpg","contentUrl":"https:\/\/psol50.org.br\/inc\/uploads\/2020\/11\/bolsonaro-pazuello.jpg","width":1170,"height":700},{"@type":"BreadcrumbList","@id":"https:\/\/psol50.org.br\/psol-denuncia-bolsonaro-e-pazuello-ao-mpf-apos-governo-nao-ter-distribuido-68-milhoes-de-testes-de-covid-19\/#breadcrumb","itemListElement":[{"@type":"ListItem","position":1,"name":"In\u00edcio","item":"https:\/\/psol50.org.br\/"},{"@type":"ListItem","position":2,"name":"PSOL denuncia Bolsonaro e Pazuello ao MPF ap\u00f3s governo n\u00e3o ter distribu\u00eddo 6,8 milh\u00f5es de testes de Covid-19"}]},{"@type":"WebSite","@id":"https:\/\/psol50.org.br\/#website","url":"https:\/\/psol50.org.br\/","name":"PSOL 50","description":"Site oficial do Partido Socialismo e Liberdade","publisher":{"@id":"https:\/\/psol50.org.br\/#organization"},"alternateName":"PSOL50","potentialAction":[{"@type":"SearchAction","target":{"@type":"EntryPoint","urlTemplate":"https:\/\/psol50.org.br\/?s={search_term_string}"},"query-input":{"@type":"PropertyValueSpecification","valueRequired":true,"valueName":"search_term_string"}}],"inLanguage":"pt-BR"},{"@type":"Organization","@id":"https:\/\/psol50.org.br\/#organization","name":"PSOL 50","alternateName":"PSOL 50","url":"https:\/\/psol50.org.br\/","logo":{"@type":"ImageObject","inLanguage":"pt-BR","@id":"https:\/\/psol50.org.br\/#\/schema\/logo\/image\/","url":"https:\/\/psol50.org.br\/inc\/uploads\/2018\/07\/capa.png","contentUrl":"https:\/\/psol50.org.br\/inc\/uploads\/2018\/07\/capa.png","width":1350,"height":900,"caption":"PSOL 50"},"image":{"@id":"https:\/\/psol50.org.br\/#\/schema\/logo\/image\/"},"sameAs":["https:\/\/www.facebook.com\/psol50","https:\/\/x.com\/psol50","https:\/\/www.instagram.com\/psol50\/","https:\/\/www.youtube.com\/channel\/UC7SnJS5o1os7a6CaiNabzcg"]},{"@type":"Person","@id":"https:\/\/psol50.org.br\/#\/schema\/person\/475dfa57d0b815993c714c2e96491fcd","name":"Comunica\u00e7\u00e3o PSOL","image":{"@type":"ImageObject","inLanguage":"pt-BR","@id":"https:\/\/psol50.org.br\/#\/schema\/person\/image\/","url":"https:\/\/secure.gravatar.com\/avatar\/b34fc4f4e468a4e51785917065a3db57b841f5c95dba6ad8c73aaf8f66f8f9bf?s=96&d=mm&r=g","contentUrl":"https:\/\/secure.gravatar.com\/avatar\/b34fc4f4e468a4e51785917065a3db57b841f5c95dba6ad8c73aaf8f66f8f9bf?s=96&d=mm&r=g","caption":"Comunica\u00e7\u00e3o PSOL"}}]}},"_links":{"self":[{"href":"https:\/\/psol50.org.br\/rest\/wp\/v2\/posts\/31237","targetHints":{"allow":["GET"]}}],"collection":[{"href":"https:\/\/psol50.org.br\/rest\/wp\/v2\/posts"}],"about":[{"href":"https:\/\/psol50.org.br\/rest\/wp\/v2\/types\/post"}],"author":[{"embeddable":true,"href":"https:\/\/psol50.org.br\/rest\/wp\/v2\/users\/2"}],"replies":[{"embeddable":true,"href":"https:\/\/psol50.org.br\/rest\/wp\/v2\/comments?post=31237"}],"version-history":[{"count":0,"href":"https:\/\/psol50.org.br\/rest\/wp\/v2\/posts\/31237\/revisions"}],"wp:featuredmedia":[{"embeddable":true,"href":"https:\/\/psol50.org.br\/rest\/wp\/v2\/media\/31241"}],"wp:attachment":[{"href":"https:\/\/psol50.org.br\/rest\/wp\/v2\/media?parent=31237"}],"wp:term":[{"taxonomy":"category","embeddable":true,"href":"https:\/\/psol50.org.br\/rest\/wp\/v2\/categories?post=31237"},{"taxonomy":"post_tag","embeddable":true,"href":"https:\/\/psol50.org.br\/rest\/wp\/v2\/tags?post=31237"}],"curies":[{"name":"wp","href":"https:\/\/api.w.org\/{rel}","templated":true}]}}