{"id":31244,"date":"2020-11-24T15:03:22","date_gmt":"2020-11-24T18:03:22","guid":{"rendered":"https:\/\/psol50.org.br\/?p=31244"},"modified":"2020-11-24T15:03:22","modified_gmt":"2020-11-24T18:03:22","slug":"psol-se-tornou-o-partido-do-ativismo-brasileiro-diz-juliano-medeiros-a-folha","status":"publish","type":"post","link":"https:\/\/psol50.org.br\/psol-se-tornou-o-partido-do-ativismo-brasileiro-diz-juliano-medeiros-a-folha\/","title":{"rendered":"&#8220;PSOL se tornou o partido do ativismo brasileiro&#8221;, diz Juliano Medeiros \u00e0 Folha"},"content":{"rendered":"<p><a href=\"https:\/\/psol50.org.br\/rendajusta\/\" target=\"_blank\" rel=\"noopener noreferrer\"><img loading=\"lazy\" decoding=\"async\" class=\"alignnone size-full wp-image-30552\" src=\"https:\/\/psol50.org.br\/inc\/uploads\/2020\/08\/21-08-2020_LancamentoRendaJusta-2.png\" alt=\"\" width=\"1920\" height=\"383\" srcset=\"https:\/\/psol50.org.br\/inc\/uploads\/2020\/08\/21-08-2020_LancamentoRendaJusta-2.png 1920w, https:\/\/psol50.org.br\/inc\/uploads\/2020\/08\/21-08-2020_LancamentoRendaJusta-2-300x60.png 300w, https:\/\/psol50.org.br\/inc\/uploads\/2020\/08\/21-08-2020_LancamentoRendaJusta-2-1024x204.png 1024w, https:\/\/psol50.org.br\/inc\/uploads\/2020\/08\/21-08-2020_LancamentoRendaJusta-2-768x153.png 768w, https:\/\/psol50.org.br\/inc\/uploads\/2020\/08\/21-08-2020_LancamentoRendaJusta-2-1536x306.png 1536w, https:\/\/psol50.org.br\/inc\/uploads\/2020\/08\/21-08-2020_LancamentoRendaJusta-2-150x30.png 150w, https:\/\/psol50.org.br\/inc\/uploads\/2020\/08\/21-08-2020_LancamentoRendaJusta-2-696x139.png 696w, https:\/\/psol50.org.br\/inc\/uploads\/2020\/08\/21-08-2020_LancamentoRendaJusta-2-1068x213.png 1068w\" sizes=\"auto, (max-width: 1920px) 100vw, 1920px\" \/><\/a><\/p>\n<p>O presidente nacional do PSOL, Juliano Medeiros, concedeu uma entrevista exclusiva ao jornal Folha de S. Paulo, publicada nesta ter\u00e7a-feira (24), sobre os resultados do partido no primeiro turno das elei\u00e7\u00f5es municipais, as expectativas para o segundo turno de domingo em S\u00e3o Paulo (SP) e Bel\u00e9m (PA), que tem Guilherme Boulos e Edmilson Rodrigues concorrendo \u00e0 prefeitura em cada cidade, respectivamente.<\/p>\n<p>Ao ser questionado sobre o avan\u00e7o eleitoral do PSOL, principalmente nos grandes centros urbanos, Juliano Medeiros apontou para a capacidade do partido de acolher pautas fundamentais \u00e0 esquerda do s\u00e9culo XXI. &#8220;Somos uma esquerda que incorporou temas como direitos humanos, meio ambiente, direitos das mulheres, LGBTs, negros, juventude&#8221;.<\/p>\n<p>Enquanto boa parte dos partidos de oposi\u00e7\u00e3o brasileiros estiveram nos governos nas \u00faltimas duas d\u00e9cadas, o PSOL fortaleceu seu trabalho de base e a rela\u00e7\u00e3o direta com os movimentos sociais, que comumente veem o PSOL como o principal partido aliado de suas pautas e que veem suas vozes ecoando para dentro e para fora do partido. &#8220;Nos tornamos o partido do ativismo brasileiro&#8221;, crava Juliano Medeiros.<\/p>\n<p>Sobre a possibilidade do PSOL governar grandes cidades pela primeira vez, como Bel\u00e9m e S\u00e3o Paulo, o presidente do partido manda o recado sobre como ser\u00e1 o modelo psolista de governar. &#8220;Estamos conscientes de que chegar ao Executivo traz muitas responsabilidades. Governar \u00e9 muito mais complexo do que fazer oposi\u00e7\u00e3o. Ao mesmo tempo, recha\u00e7amos o mito de que s\u00f3 h\u00e1 uma forma de gerir o Estado. As experi\u00eancias mais inovadoras de gest\u00e3o p\u00fablica, os governos de Luiza Erundina [S\u00e3o Paulo], Ol\u00edvio Dutra e Tarso Genro [Porto Alegre], Maria Luiza Fontenele em Fortaleza e Edmilson Rodrigues em Bel\u00e9m, foram promovidas com governos de minoria&#8221;, relembra Medeiros.<\/p>\n<p>Juliano tamb\u00e9m aponta que o PSOL n\u00e3o fugir\u00e1 do conflito para governar e rebate os que chamam as propostas do partido de &#8220;ut\u00f3picas&#8221;. &#8220;O conflito \u00e9 um elemento presente na pol\u00edtica. Fazer pol\u00edtica dialogando e negociando \u00e9 positivo, mas fazer pol\u00edtica em contextos de conflito tamb\u00e9m \u00e9 algo aceit\u00e1vel. A ideia de uma absoluta harmonia entre todos \u00e9 uma utopia&#8221;, rebate o dirigente<\/p>\n<p>O presidente do partido conclui dizendo quem s\u00e3o as pessoas que devem temer governos do PSOL. &#8220;Nosso projeto n\u00e3o prev\u00ea preju\u00edzo para as classes m\u00e9dias, os setores produtivos. Mas h\u00e1 uma parte que vive da especula\u00e7\u00e3o, da jogatina no mercado financeiro, que ser\u00e1 atingida. Esses setores t\u00eam boas raz\u00f5es para serem contra os nossos pressupostos econ\u00f4micos&#8221;, termina.<\/p>\n<p><em><a href=\"https:\/\/www1.folha.uol.com.br\/poder\/2020\/11\/psol-nao-renega-origem-radical-mas-amadureceu-diz-presidente-nacional-do-partido.shtml\" target=\"_blank\" rel=\"noopener noreferrer\">Leia a entrevista na \u00edntegra.<\/a><\/em><\/p>\n<p><a href=\"https:\/\/impeachmentpopular.com.br\/\" target=\"_blank\" rel=\"noopener noreferrer\"><img loading=\"lazy\" decoding=\"async\" class=\"alignnone size-full wp-image-29118\" src=\"https:\/\/psol50.org.br\/inc\/uploads\/2020\/05\/Email_Impeachment.png\" alt=\"\" width=\"1080\" height=\"250\" srcset=\"https:\/\/psol50.org.br\/inc\/uploads\/2020\/05\/Email_Impeachment.png 1080w, https:\/\/psol50.org.br\/inc\/uploads\/2020\/05\/Email_Impeachment-300x69.png 300w, https:\/\/psol50.org.br\/inc\/uploads\/2020\/05\/Email_Impeachment-1024x237.png 1024w, https:\/\/psol50.org.br\/inc\/uploads\/2020\/05\/Email_Impeachment-768x178.png 768w, https:\/\/psol50.org.br\/inc\/uploads\/2020\/05\/Email_Impeachment-150x35.png 150w, https:\/\/psol50.org.br\/inc\/uploads\/2020\/05\/Email_Impeachment-696x161.png 696w, https:\/\/psol50.org.br\/inc\/uploads\/2020\/05\/Email_Impeachment-1068x247.png 1068w\" sizes=\"auto, (max-width: 1080px) 100vw, 1080px\" \/><\/a><\/p>\n","protected":false},"excerpt":{"rendered":"<p>O presidente nacional do PSOL, Juliano Medeiros, concedeu uma entrevista exclusiva ao jornal Folha de S. Paulo, publicada nesta ter\u00e7a-feira (24), sobre os resultados do partido no primeiro turno das elei\u00e7\u00f5es municipais, as expectativas para o segundo turno de domingo em S\u00e3o Paulo (SP) e Bel\u00e9m (PA), que tem Guilherme Boulos e Edmilson Rodrigues concorrendo [&hellip;]<\/p>\n","protected":false},"author":2,"featured_media":19453,"comment_status":"closed","ping_status":"open","sticky":false,"template":"","format":"standard","meta":{"_acf_changed":false,"footnotes":""},"categories":[3,648,6],"tags":[204,1277,343,639,1278,259,22],"class_list":{"0":"post-31244","1":"post","2":"type-post","3":"status-publish","4":"format-standard","5":"has-post-thumbnail","7":"category-artigos-e-entrevistas","8":"category-entrevistas","9":"category-noticias","10":"tag-204","11":"tag-ativismo","12":"tag-eleicoes","13":"tag-entrevista","14":"tag-folha","15":"tag-juliano-medeiros","16":"tag-psol"},"acf":[],"yoast_head":"<!-- This site is optimized with the Yoast SEO plugin v26.5 - https:\/\/yoast.com\/wordpress\/plugins\/seo\/ -->\n<title>&quot;PSOL se tornou o partido do ativismo brasileiro&quot;, diz Juliano Medeiros \u00e0 Folha<\/title>\n<meta name=\"description\" content=\"Enquanto alguns partidos de oposi\u00e7\u00e3o estiveram nos governos, o PSOL fortaleceu seu trabalho de base e sua rela\u00e7\u00e3o com os movimentos sociais.\" \/>\n<meta name=\"robots\" content=\"index, follow, max-snippet:-1, max-image-preview:large, max-video-preview:-1\" \/>\n<link rel=\"canonical\" href=\"https:\/\/psol50.org.br\/psol-se-tornou-o-partido-do-ativismo-brasileiro-diz-juliano-medeiros-a-folha\/\" \/>\n<meta property=\"og:locale\" content=\"pt_BR\" \/>\n<meta property=\"og:type\" content=\"article\" \/>\n<meta property=\"og:title\" content=\"&quot;PSOL se tornou o partido do ativismo brasileiro&quot;, diz Juliano Medeiros \u00e0 Folha\" \/>\n<meta property=\"og:description\" content=\"Enquanto alguns partidos de oposi\u00e7\u00e3o estiveram nos governos, o PSOL fortaleceu seu trabalho de base e sua rela\u00e7\u00e3o com os movimentos sociais.\" \/>\n<meta property=\"og:url\" content=\"https:\/\/psol50.org.br\/psol-se-tornou-o-partido-do-ativismo-brasileiro-diz-juliano-medeiros-a-folha\/\" \/>\n<meta property=\"og:site_name\" content=\"PSOL 50\" \/>\n<meta property=\"article:publisher\" content=\"https:\/\/www.facebook.com\/psol50\" \/>\n<meta property=\"article:published_time\" content=\"2020-11-24T18:03:22+00:00\" \/>\n<meta property=\"og:image\" content=\"https:\/\/psol50.org.br\/inc\/uploads\/2018\/01\/ExecutivaPSOL-3646.jpg\" \/>\n\t<meta property=\"og:image:width\" content=\"1800\" \/>\n\t<meta property=\"og:image:height\" content=\"1200\" \/>\n\t<meta property=\"og:image:type\" content=\"image\/jpeg\" \/>\n<meta name=\"author\" content=\"Comunica\u00e7\u00e3o PSOL\" \/>\n<meta name=\"twitter:card\" content=\"summary_large_image\" \/>\n<meta name=\"twitter:title\" content=\"&quot;PSOL se tornou o partido do ativismo brasileiro&quot;, diz Juliano Medeiros \u00e0 Folha\" \/>\n<meta name=\"twitter:description\" content=\"Enquanto alguns partidos de oposi\u00e7\u00e3o estiveram nos governos, o PSOL fortaleceu seu trabalho de base e sua rela\u00e7\u00e3o com os movimentos sociais.\" \/>\n<meta name=\"twitter:image\" content=\"https:\/\/psol50.org.br\/inc\/uploads\/2018\/01\/ExecutivaPSOL-3646.jpg\" \/>\n<meta name=\"twitter:creator\" content=\"@psol50\" \/>\n<meta name=\"twitter:site\" content=\"@psol50\" \/>\n<meta name=\"twitter:label1\" content=\"Escrito por\" \/>\n\t<meta name=\"twitter:data1\" content=\"Comunica\u00e7\u00e3o PSOL\" \/>\n\t<meta name=\"twitter:label2\" content=\"Est. tempo de leitura\" \/>\n\t<meta name=\"twitter:data2\" content=\"2 minutos\" \/>\n<script type=\"application\/ld+json\" class=\"yoast-schema-graph\">{\"@context\":\"https:\/\/schema.org\",\"@graph\":[{\"@type\":\"Article\",\"@id\":\"https:\/\/psol50.org.br\/psol-se-tornou-o-partido-do-ativismo-brasileiro-diz-juliano-medeiros-a-folha\/#article\",\"isPartOf\":{\"@id\":\"https:\/\/psol50.org.br\/psol-se-tornou-o-partido-do-ativismo-brasileiro-diz-juliano-medeiros-a-folha\/\"},\"author\":{\"name\":\"Comunica\u00e7\u00e3o PSOL\",\"@id\":\"https:\/\/psol50.org.br\/#\/schema\/person\/475dfa57d0b815993c714c2e96491fcd\"},\"headline\":\"&#8220;PSOL se tornou o partido do ativismo brasileiro&#8221;, diz Juliano Medeiros \u00e0 Folha\",\"datePublished\":\"2020-11-24T18:03:22+00:00\",\"mainEntityOfPage\":{\"@id\":\"https:\/\/psol50.org.br\/psol-se-tornou-o-partido-do-ativismo-brasileiro-diz-juliano-medeiros-a-folha\/\"},\"wordCount\":444,\"publisher\":{\"@id\":\"https:\/\/psol50.org.br\/#organization\"},\"image\":{\"@id\":\"https:\/\/psol50.org.br\/psol-se-tornou-o-partido-do-ativismo-brasileiro-diz-juliano-medeiros-a-folha\/#primaryimage\"},\"thumbnailUrl\":\"https:\/\/psol50.org.br\/inc\/uploads\/2018\/01\/ExecutivaPSOL-3646.jpg\",\"keywords\":[\"2020\",\"ativismo\",\"elei\u00e7\u00f5es\",\"Entrevista\",\"folha\",\"Juliano Medeiros\",\"PSOL\"],\"articleSection\":[\"Artigos\",\"Entrevistas\",\"Not\u00edcias\"],\"inLanguage\":\"pt-BR\"},{\"@type\":\"WebPage\",\"@id\":\"https:\/\/psol50.org.br\/psol-se-tornou-o-partido-do-ativismo-brasileiro-diz-juliano-medeiros-a-folha\/\",\"url\":\"https:\/\/psol50.org.br\/psol-se-tornou-o-partido-do-ativismo-brasileiro-diz-juliano-medeiros-a-folha\/\",\"name\":\"\\\"PSOL se tornou o partido do ativismo brasileiro\\\", diz Juliano Medeiros \u00e0 Folha\",\"isPartOf\":{\"@id\":\"https:\/\/psol50.org.br\/#website\"},\"primaryImageOfPage\":{\"@id\":\"https:\/\/psol50.org.br\/psol-se-tornou-o-partido-do-ativismo-brasileiro-diz-juliano-medeiros-a-folha\/#primaryimage\"},\"image\":{\"@id\":\"https:\/\/psol50.org.br\/psol-se-tornou-o-partido-do-ativismo-brasileiro-diz-juliano-medeiros-a-folha\/#primaryimage\"},\"thumbnailUrl\":\"https:\/\/psol50.org.br\/inc\/uploads\/2018\/01\/ExecutivaPSOL-3646.jpg\",\"datePublished\":\"2020-11-24T18:03:22+00:00\",\"description\":\"Enquanto alguns partidos de oposi\u00e7\u00e3o estiveram nos governos, o PSOL fortaleceu seu trabalho de base e sua rela\u00e7\u00e3o com os movimentos sociais.\",\"breadcrumb\":{\"@id\":\"https:\/\/psol50.org.br\/psol-se-tornou-o-partido-do-ativismo-brasileiro-diz-juliano-medeiros-a-folha\/#breadcrumb\"},\"inLanguage\":\"pt-BR\",\"potentialAction\":[{\"@type\":\"ReadAction\",\"target\":[\"https:\/\/psol50.org.br\/psol-se-tornou-o-partido-do-ativismo-brasileiro-diz-juliano-medeiros-a-folha\/\"]}]},{\"@type\":\"ImageObject\",\"inLanguage\":\"pt-BR\",\"@id\":\"https:\/\/psol50.org.br\/psol-se-tornou-o-partido-do-ativismo-brasileiro-diz-juliano-medeiros-a-folha\/#primaryimage\",\"url\":\"https:\/\/psol50.org.br\/inc\/uploads\/2018\/01\/ExecutivaPSOL-3646.jpg\",\"contentUrl\":\"https:\/\/psol50.org.br\/inc\/uploads\/2018\/01\/ExecutivaPSOL-3646.jpg\",\"width\":1800,\"height\":1200},{\"@type\":\"BreadcrumbList\",\"@id\":\"https:\/\/psol50.org.br\/psol-se-tornou-o-partido-do-ativismo-brasileiro-diz-juliano-medeiros-a-folha\/#breadcrumb\",\"itemListElement\":[{\"@type\":\"ListItem\",\"position\":1,\"name\":\"In\u00edcio\",\"item\":\"https:\/\/psol50.org.br\/\"},{\"@type\":\"ListItem\",\"position\":2,\"name\":\"&#8220;PSOL se tornou o partido do ativismo brasileiro&#8221;, diz Juliano Medeiros \u00e0 Folha\"}]},{\"@type\":\"WebSite\",\"@id\":\"https:\/\/psol50.org.br\/#website\",\"url\":\"https:\/\/psol50.org.br\/\",\"name\":\"PSOL 50\",\"description\":\"Site oficial do Partido Socialismo e Liberdade\",\"publisher\":{\"@id\":\"https:\/\/psol50.org.br\/#organization\"},\"alternateName\":\"PSOL50\",\"potentialAction\":[{\"@type\":\"SearchAction\",\"target\":{\"@type\":\"EntryPoint\",\"urlTemplate\":\"https:\/\/psol50.org.br\/?s={search_term_string}\"},\"query-input\":{\"@type\":\"PropertyValueSpecification\",\"valueRequired\":true,\"valueName\":\"search_term_string\"}}],\"inLanguage\":\"pt-BR\"},{\"@type\":\"Organization\",\"@id\":\"https:\/\/psol50.org.br\/#organization\",\"name\":\"PSOL 50\",\"alternateName\":\"PSOL 50\",\"url\":\"https:\/\/psol50.org.br\/\",\"logo\":{\"@type\":\"ImageObject\",\"inLanguage\":\"pt-BR\",\"@id\":\"https:\/\/psol50.org.br\/#\/schema\/logo\/image\/\",\"url\":\"https:\/\/psol50.org.br\/inc\/uploads\/2018\/07\/capa.png\",\"contentUrl\":\"https:\/\/psol50.org.br\/inc\/uploads\/2018\/07\/capa.png\",\"width\":1350,\"height\":900,\"caption\":\"PSOL 50\"},\"image\":{\"@id\":\"https:\/\/psol50.org.br\/#\/schema\/logo\/image\/\"},\"sameAs\":[\"https:\/\/www.facebook.com\/psol50\",\"https:\/\/x.com\/psol50\",\"https:\/\/www.instagram.com\/psol50\/\",\"https:\/\/www.youtube.com\/channel\/UC7SnJS5o1os7a6CaiNabzcg\"]},{\"@type\":\"Person\",\"@id\":\"https:\/\/psol50.org.br\/#\/schema\/person\/475dfa57d0b815993c714c2e96491fcd\",\"name\":\"Comunica\u00e7\u00e3o PSOL\",\"image\":{\"@type\":\"ImageObject\",\"inLanguage\":\"pt-BR\",\"@id\":\"https:\/\/psol50.org.br\/#\/schema\/person\/image\/\",\"url\":\"https:\/\/secure.gravatar.com\/avatar\/b34fc4f4e468a4e51785917065a3db57b841f5c95dba6ad8c73aaf8f66f8f9bf?s=96&d=mm&r=g\",\"contentUrl\":\"https:\/\/secure.gravatar.com\/avatar\/b34fc4f4e468a4e51785917065a3db57b841f5c95dba6ad8c73aaf8f66f8f9bf?s=96&d=mm&r=g\",\"caption\":\"Comunica\u00e7\u00e3o PSOL\"}}]}<\/script>\n<!-- \/ Yoast SEO plugin. -->","yoast_head_json":{"title":"\"PSOL se tornou o partido do ativismo brasileiro\", diz Juliano Medeiros \u00e0 Folha","description":"Enquanto alguns partidos de oposi\u00e7\u00e3o estiveram nos governos, o PSOL fortaleceu seu trabalho de base e sua rela\u00e7\u00e3o com os movimentos sociais.","robots":{"index":"index","follow":"follow","max-snippet":"max-snippet:-1","max-image-preview":"max-image-preview:large","max-video-preview":"max-video-preview:-1"},"canonical":"https:\/\/psol50.org.br\/psol-se-tornou-o-partido-do-ativismo-brasileiro-diz-juliano-medeiros-a-folha\/","og_locale":"pt_BR","og_type":"article","og_title":"\"PSOL se tornou o partido do ativismo brasileiro\", diz Juliano Medeiros \u00e0 Folha","og_description":"Enquanto alguns partidos de oposi\u00e7\u00e3o estiveram nos governos, o PSOL fortaleceu seu trabalho de base e sua rela\u00e7\u00e3o com os movimentos sociais.","og_url":"https:\/\/psol50.org.br\/psol-se-tornou-o-partido-do-ativismo-brasileiro-diz-juliano-medeiros-a-folha\/","og_site_name":"PSOL 50","article_publisher":"https:\/\/www.facebook.com\/psol50","article_published_time":"2020-11-24T18:03:22+00:00","og_image":[{"width":1800,"height":1200,"url":"https:\/\/psol50.org.br\/inc\/uploads\/2018\/01\/ExecutivaPSOL-3646.jpg","type":"image\/jpeg"}],"author":"Comunica\u00e7\u00e3o PSOL","twitter_card":"summary_large_image","twitter_title":"\"PSOL se tornou o partido do ativismo brasileiro\", diz Juliano Medeiros \u00e0 Folha","twitter_description":"Enquanto alguns partidos de oposi\u00e7\u00e3o estiveram nos governos, o PSOL fortaleceu seu trabalho de base e sua rela\u00e7\u00e3o com os movimentos sociais.","twitter_image":"https:\/\/psol50.org.br\/inc\/uploads\/2018\/01\/ExecutivaPSOL-3646.jpg","twitter_creator":"@psol50","twitter_site":"@psol50","twitter_misc":{"Escrito por":"Comunica\u00e7\u00e3o PSOL","Est. tempo de leitura":"2 minutos"},"schema":{"@context":"https:\/\/schema.org","@graph":[{"@type":"Article","@id":"https:\/\/psol50.org.br\/psol-se-tornou-o-partido-do-ativismo-brasileiro-diz-juliano-medeiros-a-folha\/#article","isPartOf":{"@id":"https:\/\/psol50.org.br\/psol-se-tornou-o-partido-do-ativismo-brasileiro-diz-juliano-medeiros-a-folha\/"},"author":{"name":"Comunica\u00e7\u00e3o PSOL","@id":"https:\/\/psol50.org.br\/#\/schema\/person\/475dfa57d0b815993c714c2e96491fcd"},"headline":"&#8220;PSOL se tornou o partido do ativismo brasileiro&#8221;, diz Juliano Medeiros \u00e0 Folha","datePublished":"2020-11-24T18:03:22+00:00","mainEntityOfPage":{"@id":"https:\/\/psol50.org.br\/psol-se-tornou-o-partido-do-ativismo-brasileiro-diz-juliano-medeiros-a-folha\/"},"wordCount":444,"publisher":{"@id":"https:\/\/psol50.org.br\/#organization"},"image":{"@id":"https:\/\/psol50.org.br\/psol-se-tornou-o-partido-do-ativismo-brasileiro-diz-juliano-medeiros-a-folha\/#primaryimage"},"thumbnailUrl":"https:\/\/psol50.org.br\/inc\/uploads\/2018\/01\/ExecutivaPSOL-3646.jpg","keywords":["2020","ativismo","elei\u00e7\u00f5es","Entrevista","folha","Juliano Medeiros","PSOL"],"articleSection":["Artigos","Entrevistas","Not\u00edcias"],"inLanguage":"pt-BR"},{"@type":"WebPage","@id":"https:\/\/psol50.org.br\/psol-se-tornou-o-partido-do-ativismo-brasileiro-diz-juliano-medeiros-a-folha\/","url":"https:\/\/psol50.org.br\/psol-se-tornou-o-partido-do-ativismo-brasileiro-diz-juliano-medeiros-a-folha\/","name":"\"PSOL se tornou o partido do ativismo brasileiro\", diz Juliano Medeiros \u00e0 Folha","isPartOf":{"@id":"https:\/\/psol50.org.br\/#website"},"primaryImageOfPage":{"@id":"https:\/\/psol50.org.br\/psol-se-tornou-o-partido-do-ativismo-brasileiro-diz-juliano-medeiros-a-folha\/#primaryimage"},"image":{"@id":"https:\/\/psol50.org.br\/psol-se-tornou-o-partido-do-ativismo-brasileiro-diz-juliano-medeiros-a-folha\/#primaryimage"},"thumbnailUrl":"https:\/\/psol50.org.br\/inc\/uploads\/2018\/01\/ExecutivaPSOL-3646.jpg","datePublished":"2020-11-24T18:03:22+00:00","description":"Enquanto alguns partidos de oposi\u00e7\u00e3o estiveram nos governos, o PSOL fortaleceu seu trabalho de base e sua rela\u00e7\u00e3o com os movimentos sociais.","breadcrumb":{"@id":"https:\/\/psol50.org.br\/psol-se-tornou-o-partido-do-ativismo-brasileiro-diz-juliano-medeiros-a-folha\/#breadcrumb"},"inLanguage":"pt-BR","potentialAction":[{"@type":"ReadAction","target":["https:\/\/psol50.org.br\/psol-se-tornou-o-partido-do-ativismo-brasileiro-diz-juliano-medeiros-a-folha\/"]}]},{"@type":"ImageObject","inLanguage":"pt-BR","@id":"https:\/\/psol50.org.br\/psol-se-tornou-o-partido-do-ativismo-brasileiro-diz-juliano-medeiros-a-folha\/#primaryimage","url":"https:\/\/psol50.org.br\/inc\/uploads\/2018\/01\/ExecutivaPSOL-3646.jpg","contentUrl":"https:\/\/psol50.org.br\/inc\/uploads\/2018\/01\/ExecutivaPSOL-3646.jpg","width":1800,"height":1200},{"@type":"BreadcrumbList","@id":"https:\/\/psol50.org.br\/psol-se-tornou-o-partido-do-ativismo-brasileiro-diz-juliano-medeiros-a-folha\/#breadcrumb","itemListElement":[{"@type":"ListItem","position":1,"name":"In\u00edcio","item":"https:\/\/psol50.org.br\/"},{"@type":"ListItem","position":2,"name":"&#8220;PSOL se tornou o partido do ativismo brasileiro&#8221;, diz Juliano Medeiros \u00e0 Folha"}]},{"@type":"WebSite","@id":"https:\/\/psol50.org.br\/#website","url":"https:\/\/psol50.org.br\/","name":"PSOL 50","description":"Site oficial do Partido Socialismo e Liberdade","publisher":{"@id":"https:\/\/psol50.org.br\/#organization"},"alternateName":"PSOL50","potentialAction":[{"@type":"SearchAction","target":{"@type":"EntryPoint","urlTemplate":"https:\/\/psol50.org.br\/?s={search_term_string}"},"query-input":{"@type":"PropertyValueSpecification","valueRequired":true,"valueName":"search_term_string"}}],"inLanguage":"pt-BR"},{"@type":"Organization","@id":"https:\/\/psol50.org.br\/#organization","name":"PSOL 50","alternateName":"PSOL 50","url":"https:\/\/psol50.org.br\/","logo":{"@type":"ImageObject","inLanguage":"pt-BR","@id":"https:\/\/psol50.org.br\/#\/schema\/logo\/image\/","url":"https:\/\/psol50.org.br\/inc\/uploads\/2018\/07\/capa.png","contentUrl":"https:\/\/psol50.org.br\/inc\/uploads\/2018\/07\/capa.png","width":1350,"height":900,"caption":"PSOL 50"},"image":{"@id":"https:\/\/psol50.org.br\/#\/schema\/logo\/image\/"},"sameAs":["https:\/\/www.facebook.com\/psol50","https:\/\/x.com\/psol50","https:\/\/www.instagram.com\/psol50\/","https:\/\/www.youtube.com\/channel\/UC7SnJS5o1os7a6CaiNabzcg"]},{"@type":"Person","@id":"https:\/\/psol50.org.br\/#\/schema\/person\/475dfa57d0b815993c714c2e96491fcd","name":"Comunica\u00e7\u00e3o PSOL","image":{"@type":"ImageObject","inLanguage":"pt-BR","@id":"https:\/\/psol50.org.br\/#\/schema\/person\/image\/","url":"https:\/\/secure.gravatar.com\/avatar\/b34fc4f4e468a4e51785917065a3db57b841f5c95dba6ad8c73aaf8f66f8f9bf?s=96&d=mm&r=g","contentUrl":"https:\/\/secure.gravatar.com\/avatar\/b34fc4f4e468a4e51785917065a3db57b841f5c95dba6ad8c73aaf8f66f8f9bf?s=96&d=mm&r=g","caption":"Comunica\u00e7\u00e3o PSOL"}}]}},"_links":{"self":[{"href":"https:\/\/psol50.org.br\/rest\/wp\/v2\/posts\/31244","targetHints":{"allow":["GET"]}}],"collection":[{"href":"https:\/\/psol50.org.br\/rest\/wp\/v2\/posts"}],"about":[{"href":"https:\/\/psol50.org.br\/rest\/wp\/v2\/types\/post"}],"author":[{"embeddable":true,"href":"https:\/\/psol50.org.br\/rest\/wp\/v2\/users\/2"}],"replies":[{"embeddable":true,"href":"https:\/\/psol50.org.br\/rest\/wp\/v2\/comments?post=31244"}],"version-history":[{"count":0,"href":"https:\/\/psol50.org.br\/rest\/wp\/v2\/posts\/31244\/revisions"}],"wp:featuredmedia":[{"embeddable":true,"href":"https:\/\/psol50.org.br\/rest\/wp\/v2\/media\/19453"}],"wp:attachment":[{"href":"https:\/\/psol50.org.br\/rest\/wp\/v2\/media?parent=31244"}],"wp:term":[{"taxonomy":"category","embeddable":true,"href":"https:\/\/psol50.org.br\/rest\/wp\/v2\/categories?post=31244"},{"taxonomy":"post_tag","embeddable":true,"href":"https:\/\/psol50.org.br\/rest\/wp\/v2\/tags?post=31244"}],"curies":[{"name":"wp","href":"https:\/\/api.w.org\/{rel}","templated":true}]}}