{"id":3126,"date":"2015-01-23T00:00:00","date_gmt":"2015-01-23T00:00:00","guid":{"rendered":"http:\/\/psol50.org.br\/arquivo\/2015\/01\/23\/uma-praca-de-esperanca\/"},"modified":"2015-01-23T00:00:00","modified_gmt":"2015-01-23T00:00:00","slug":"uma-praca-de-esperanca","status":"publish","type":"post","link":"https:\/\/psol50.org.br\/uma-praca-de-esperanca\/","title":{"rendered":"Uma pra\u00e7a de esperan\u00e7a"},"content":{"rendered":"<p style=\"margin-bottom: 0cm; text-align: justify;\">\n\t<span style=\"font-family:arial,helvetica,sans-serif;\"><span style=\"font-size: 12px;\"><span lang=\"pt-PT\">Por *<em>Juliano Medeiros<\/em><\/p>\n<p>\tAp\u00f3s uma longa viagem \u2013 ainda maior gra\u00e7as \u00e0s conex\u00f5es e esperas em outros aeroportos \u2013 chegamos a Atenas. E n\u00e3o chegamos num dia qualquer: acontecia o \u00faltimo grande ato p\u00fablico da campanha do Syriza, o fen\u00f4meno pol\u00edtico e eleitoral que desafia algumas das mais poderosas institui\u00e7\u00f5es do planeta, como o FMI e o Banco Central Europeu. Fazia frio quando o avi\u00e3o da British Airways pousou na capital grega, poucas horas antes do com\u00edcio da noite de ontem (22). Ap\u00f3s deixar as bagagens no hotel, me dirigi at\u00e9 a Pra\u00e7a Omomnia para me somar \u00e0s delega\u00e7\u00f5es internacionais que acompanham a epopeia do Syriza e ouvir o principal orador da noite: Alexis Tsipras. L\u00e1 me somei ao companheiro Thiago Aguiar, militante da juventude do PSOL que representa a Funda\u00e7\u00e3o Lauro Campos nesta viagem e comp\u00f5e junto comigo nossa pequena delega\u00e7\u00e3o de solidariedade.<\/span><\/p>\n<p>\t<span style=\"font-family:arial,helvetica,sans-serif;\"><span style=\"font-size: 12px;\"><span lang=\"pt-PT\"><em>Juliano Medeiros e Thiago Aguiar acompanharam ontem o com\u00edcio de Alexis Tsipras, na Pra\u00e7a <span style=\"font-family:arial,helvetica,sans-serif;\"><span style=\"font-size: 12px;\"><span lang=\"pt-PT\">Omomnia<\/span><\/span><\/span><\/em><\/span><\/span><\/span><br \/>\n\t<img decoding=\"async\" alt=\"\" src=\"http:\/\/www.psol50.org.br\/\/store\/imagens\/Tiago e Juliano comu00EDcio.jpg\" style=\"width: 500px; height: 375px; border-width: 1px; border-style: solid; margin: 1px;\" \/><\/p>\n<p>\t<span lang=\"pt-PT\">Cheguei a uma Pra\u00e7a Omomnia abarrotada, com milhares de pessoas em sil\u00eancio, ouvindo as palavras de Tsipras. O clima lembrava os com\u00edcios que aconteciam no Brasil antes do apelo \u00e0s duplas sertanejas \u2013 felizmente proibidas pela legisla\u00e7\u00e3o eleitoral \u2013 ou p\u00fablico pago, trazido \u00e0s custas de quentinhas e &#8220;ajudas-de-custo&#8221;. Ao chegar \u00e0 Omomnia, nos deparamos com um aut\u00eantico com\u00edcio de esquerda, uma multid\u00e3o com bandeiras vermelhas que ouvia atenta seu l\u00edder. O clima era de um otimismo e uma esperan\u00e7a que h\u00e1 muito n\u00e3o via. N\u00e3o era pra menos. Os milhares de gregos que tomaram a Omomnia naquela noite fria foram movidos pelas propostas radicais em defesa dos direitos, da soberania grega e da justi\u00e7a social do Syriza, propostas que se prop\u00f5em a colocar as pessoas em primeiro lugar, diferente do que fizeram todas as for\u00e7as pol\u00edticas que governaram a Gr\u00e9cia desde o in\u00edcio da crise financeira de 2008. Al\u00e9m disso, refor\u00e7am a expectativa de vit\u00f3ria do Syriza os \u00faltimos resultados das pesquisas eleitorais, que apontam uma vantagem capaz de permitir ao partido a composi\u00e7\u00e3o de um governo sem a participa\u00e7\u00e3o dos velhos partidos. Ou seja, um governo 100% novo, livre dos compromissos do passado, como afirmou Alexis Tsipras recentemente.<\/p>\n<p>\tAli\u00e1s, era ele que a maioria das pessoas ali esperavam. Ocupando sozinho a tribuna, Tsipras encontrou uma pra\u00e7a cheia de jovens, idosos, desempregados, profissionais liberais, novos e antigos lutadores sociais. Disse com voz firme, mas serena, sabendo que o mundo estava olhando naquele momento para ele, que a vit\u00f3ria do Syriza representava uma vit\u00f3ria de todo o povo europeu e marcava o in\u00edcio de uma nova era para os povos do continente. A dimens\u00e3o internacional de seu discurso, ali\u00e1s, foi uma marca do in\u00edcio ao fim dessa campanha. Al\u00e9m disso, Tsipras lembrou os crimes cometidos pelos governos que se sucederam desde 2008 e esbo\u00e7ou em linhas gerais os compromissos do Syriza para reverter o desmonte da m\u00e1quina p\u00fablica, promovido sob ordens expressas do FMI. Uma fala longa, implac\u00e1vel com os advers\u00e1rios, mas cheia de sonhos e esperan\u00e7as. No final do com\u00edcio, um \u201cb\u00f4nus\u201d: Pablo Iglesias, l\u00edder do novo partido espanhol Podemos, subiu \u00e0 tribuna e, em grego, fez uma pequena mas entusiasmada sauda\u00e7\u00e3o ao povo grego.<\/p>\n<p>\t<span style=\"font-family:arial,helvetica,sans-serif;\"><span style=\"font-size: 12px;\"><span lang=\"pt-PT\"><em>Alexis Tsipras com Pablo Iglesias, do Podemos da Espanha<br \/>\n\t<img decoding=\"async\" alt=\"\" src=\"http:\/\/www.psol50.org.br\/\/store\/imagens\/Tsipras e Iglesias.jpg\" style=\"width: 500px; height: 375px; border-width: 1px; border-style: solid; margin: 1px;\" \/><\/em><\/span><\/span><\/span><\/span><\/p>\n<p>\t<span lang=\"pt-PT\">Ap\u00f3s o com\u00edcio, nos somamos \u00e0s demais delega\u00e7\u00f5es internacionais para um jantar. L\u00e1, tivemos a oportunidade de encontrarmos com Alexis Tsipras e trocar algumas ideias com Pablo Iglesias sobre a situa\u00e7\u00e3o no Brasil e na Espanha. Mas este j\u00e1 \u00e9 tema para outro relato. Nossa presen\u00e7a no ber\u00e7o da democracia n\u00e3o poderia ter come\u00e7ado melhor: com o povo nas ruas clamando pela mudan\u00e7a.<\/p>\n<p>\tHoje, continuamos nossa jornada pelas terras gregas.<\/p>\n<p>\tM\u00e9chri s\u00fdntoma!<\/p>\n<p>\t<em>Pablo Iglesias, do Podemos, entre Juliano Medeiros e Thiago Aguiar, em conversa no jantar logo ap\u00f3s ao com\u00edcio de ontem \u00e0 noite<\/em><br \/>\n\t<img decoding=\"async\" alt=\"\" src=\"http:\/\/www.psol50.org.br\/\/store\/imagens\/Iglesias com PSOL.jpg\" style=\"width: 500px; height: 375px; border-width: 1px; border-style: solid; margin: 1px;\" \/><\/p>\n<p>\n\t<span style=\"font-family:arial,helvetica,sans-serif;\"><span style=\"font-size: 12px;\"><span lang=\"pt-PT\">*<em>Juliano Medeiros \u00e9 secret\u00e1rio nacional de Comunica\u00e7\u00e3o do PSOL e est\u00e1 na Gr\u00e9cia acompanhando o processo eleitoral.<\/em><\/span><\/span><\/span><\/span><\/span><\/span><\/p>\n<p>\t&nbsp;<\/p>\n<p style=\"margin-bottom: 0cm\">\n\t&nbsp;<\/p>\n","protected":false},"excerpt":{"rendered":"<p>Por *Juliano Medeiros Ap\u00f3s uma longa viagem \u2013 ainda maior gra\u00e7as \u00e0s conex\u00f5es e esperas em outros aeroportos \u2013 chegamos a Atenas. E n\u00e3o chegamos num dia qualquer: acontecia o \u00faltimo grande ato p\u00fablico da campanha do Syriza, o fen\u00f4meno pol\u00edtico e eleitoral que desafia algumas das mais poderosas institui\u00e7\u00f5es do planeta, como o FMI [&hellip;]<\/p>\n","protected":false},"author":2,"featured_media":0,"comment_status":"open","ping_status":"open","sticky":false,"template":"","format":"standard","meta":{"_acf_changed":false,"footnotes":""},"categories":[3605],"tags":[2753,790,3993,1216,2138,4765],"class_list":{"0":"post-3126","1":"post","2":"type-post","3":"status-publish","4":"format-standard","7":"tag-espanha","8":"tag-esquerda","9":"tag-grecia","10":"tag-internacional","11":"tag-podemos","12":"tag-syriza"},"acf":[],"yoast_head":"<!-- This site is optimized with the Yoast SEO plugin v26.5 - https:\/\/yoast.com\/wordpress\/plugins\/seo\/ -->\n<title>Uma pra\u00e7a de esperan\u00e7a - PSOL 50<\/title>\n<meta name=\"robots\" content=\"index, follow, max-snippet:-1, max-image-preview:large, max-video-preview:-1\" \/>\n<link rel=\"canonical\" href=\"https:\/\/psol50.org.br\/uma-praca-de-esperanca\/\" \/>\n<meta property=\"og:locale\" content=\"pt_BR\" \/>\n<meta property=\"og:type\" content=\"article\" \/>\n<meta property=\"og:title\" content=\"Uma pra\u00e7a de esperan\u00e7a - PSOL 50\" \/>\n<meta property=\"og:description\" content=\"Por *Juliano Medeiros Ap\u00f3s uma longa viagem \u2013 ainda maior gra\u00e7as \u00e0s conex\u00f5es e esperas em outros aeroportos \u2013 chegamos a Atenas. E n\u00e3o chegamos num dia qualquer: acontecia o \u00faltimo grande ato p\u00fablico da campanha do Syriza, o fen\u00f4meno pol\u00edtico e eleitoral que desafia algumas das mais poderosas institui\u00e7\u00f5es do planeta, como o FMI [&hellip;]\" \/>\n<meta property=\"og:url\" content=\"https:\/\/psol50.org.br\/uma-praca-de-esperanca\/\" \/>\n<meta property=\"og:site_name\" content=\"PSOL 50\" \/>\n<meta property=\"article:publisher\" content=\"https:\/\/www.facebook.com\/psol50\" \/>\n<meta property=\"article:published_time\" content=\"2015-01-23T00:00:00+00:00\" \/>\n<meta property=\"og:image\" content=\"http:\/\/www.psol50.org.br\/\/store\/imagens\/Tiago%20e%20Juliano%20comu00EDcio.jpg\" \/>\n<meta name=\"author\" content=\"Comunica\u00e7\u00e3o PSOL\" \/>\n<meta name=\"twitter:card\" content=\"summary_large_image\" \/>\n<meta name=\"twitter:creator\" content=\"@psol50\" \/>\n<meta name=\"twitter:site\" content=\"@psol50\" \/>\n<meta name=\"twitter:label1\" content=\"Escrito por\" \/>\n\t<meta name=\"twitter:data1\" content=\"Comunica\u00e7\u00e3o PSOL\" \/>\n\t<meta name=\"twitter:label2\" content=\"Est. tempo de leitura\" \/>\n\t<meta name=\"twitter:data2\" content=\"4 minutos\" \/>\n<script type=\"application\/ld+json\" class=\"yoast-schema-graph\">{\"@context\":\"https:\/\/schema.org\",\"@graph\":[{\"@type\":\"Article\",\"@id\":\"https:\/\/psol50.org.br\/uma-praca-de-esperanca\/#article\",\"isPartOf\":{\"@id\":\"https:\/\/psol50.org.br\/uma-praca-de-esperanca\/\"},\"author\":{\"name\":\"Comunica\u00e7\u00e3o PSOL\",\"@id\":\"https:\/\/psol50.org.br\/#\/schema\/person\/475dfa57d0b815993c714c2e96491fcd\"},\"headline\":\"Uma pra\u00e7a de esperan\u00e7a\",\"datePublished\":\"2015-01-23T00:00:00+00:00\",\"mainEntityOfPage\":{\"@id\":\"https:\/\/psol50.org.br\/uma-praca-de-esperanca\/\"},\"wordCount\":716,\"commentCount\":0,\"publisher\":{\"@id\":\"https:\/\/psol50.org.br\/#organization\"},\"keywords\":[\"Espanha\",\"esquerda\",\"Gr\u00e9cia\",\"Internacional\",\"Podemos\",\"Syriza\"],\"articleSection\":[\"Espanha\"],\"inLanguage\":\"pt-BR\",\"potentialAction\":[{\"@type\":\"CommentAction\",\"name\":\"Comment\",\"target\":[\"https:\/\/psol50.org.br\/uma-praca-de-esperanca\/#respond\"]}]},{\"@type\":\"WebPage\",\"@id\":\"https:\/\/psol50.org.br\/uma-praca-de-esperanca\/\",\"url\":\"https:\/\/psol50.org.br\/uma-praca-de-esperanca\/\",\"name\":\"Uma pra\u00e7a de esperan\u00e7a - PSOL 50\",\"isPartOf\":{\"@id\":\"https:\/\/psol50.org.br\/#website\"},\"datePublished\":\"2015-01-23T00:00:00+00:00\",\"breadcrumb\":{\"@id\":\"https:\/\/psol50.org.br\/uma-praca-de-esperanca\/#breadcrumb\"},\"inLanguage\":\"pt-BR\",\"potentialAction\":[{\"@type\":\"ReadAction\",\"target\":[\"https:\/\/psol50.org.br\/uma-praca-de-esperanca\/\"]}]},{\"@type\":\"BreadcrumbList\",\"@id\":\"https:\/\/psol50.org.br\/uma-praca-de-esperanca\/#breadcrumb\",\"itemListElement\":[{\"@type\":\"ListItem\",\"position\":1,\"name\":\"In\u00edcio\",\"item\":\"https:\/\/psol50.org.br\/\"},{\"@type\":\"ListItem\",\"position\":2,\"name\":\"Uma pra\u00e7a de esperan\u00e7a\"}]},{\"@type\":\"WebSite\",\"@id\":\"https:\/\/psol50.org.br\/#website\",\"url\":\"https:\/\/psol50.org.br\/\",\"name\":\"PSOL 50\",\"description\":\"Site oficial do Partido Socialismo e Liberdade\",\"publisher\":{\"@id\":\"https:\/\/psol50.org.br\/#organization\"},\"alternateName\":\"PSOL50\",\"potentialAction\":[{\"@type\":\"SearchAction\",\"target\":{\"@type\":\"EntryPoint\",\"urlTemplate\":\"https:\/\/psol50.org.br\/?s={search_term_string}\"},\"query-input\":{\"@type\":\"PropertyValueSpecification\",\"valueRequired\":true,\"valueName\":\"search_term_string\"}}],\"inLanguage\":\"pt-BR\"},{\"@type\":\"Organization\",\"@id\":\"https:\/\/psol50.org.br\/#organization\",\"name\":\"PSOL 50\",\"alternateName\":\"PSOL 50\",\"url\":\"https:\/\/psol50.org.br\/\",\"logo\":{\"@type\":\"ImageObject\",\"inLanguage\":\"pt-BR\",\"@id\":\"https:\/\/psol50.org.br\/#\/schema\/logo\/image\/\",\"url\":\"https:\/\/psol50.org.br\/inc\/uploads\/2018\/07\/capa.png\",\"contentUrl\":\"https:\/\/psol50.org.br\/inc\/uploads\/2018\/07\/capa.png\",\"width\":1350,\"height\":900,\"caption\":\"PSOL 50\"},\"image\":{\"@id\":\"https:\/\/psol50.org.br\/#\/schema\/logo\/image\/\"},\"sameAs\":[\"https:\/\/www.facebook.com\/psol50\",\"https:\/\/x.com\/psol50\",\"https:\/\/www.instagram.com\/psol50\/\",\"https:\/\/www.youtube.com\/channel\/UC7SnJS5o1os7a6CaiNabzcg\"]},{\"@type\":\"Person\",\"@id\":\"https:\/\/psol50.org.br\/#\/schema\/person\/475dfa57d0b815993c714c2e96491fcd\",\"name\":\"Comunica\u00e7\u00e3o PSOL\",\"image\":{\"@type\":\"ImageObject\",\"inLanguage\":\"pt-BR\",\"@id\":\"https:\/\/psol50.org.br\/#\/schema\/person\/image\/\",\"url\":\"https:\/\/secure.gravatar.com\/avatar\/b34fc4f4e468a4e51785917065a3db57b841f5c95dba6ad8c73aaf8f66f8f9bf?s=96&d=mm&r=g\",\"contentUrl\":\"https:\/\/secure.gravatar.com\/avatar\/b34fc4f4e468a4e51785917065a3db57b841f5c95dba6ad8c73aaf8f66f8f9bf?s=96&d=mm&r=g\",\"caption\":\"Comunica\u00e7\u00e3o PSOL\"}}]}<\/script>\n<!-- \/ Yoast SEO plugin. -->","yoast_head_json":{"title":"Uma pra\u00e7a de esperan\u00e7a - PSOL 50","robots":{"index":"index","follow":"follow","max-snippet":"max-snippet:-1","max-image-preview":"max-image-preview:large","max-video-preview":"max-video-preview:-1"},"canonical":"https:\/\/psol50.org.br\/uma-praca-de-esperanca\/","og_locale":"pt_BR","og_type":"article","og_title":"Uma pra\u00e7a de esperan\u00e7a - PSOL 50","og_description":"Por *Juliano Medeiros Ap\u00f3s uma longa viagem \u2013 ainda maior gra\u00e7as \u00e0s conex\u00f5es e esperas em outros aeroportos \u2013 chegamos a Atenas. E n\u00e3o chegamos num dia qualquer: acontecia o \u00faltimo grande ato p\u00fablico da campanha do Syriza, o fen\u00f4meno pol\u00edtico e eleitoral que desafia algumas das mais poderosas institui\u00e7\u00f5es do planeta, como o FMI [&hellip;]","og_url":"https:\/\/psol50.org.br\/uma-praca-de-esperanca\/","og_site_name":"PSOL 50","article_publisher":"https:\/\/www.facebook.com\/psol50","article_published_time":"2015-01-23T00:00:00+00:00","og_image":[{"url":"http:\/\/www.psol50.org.br\/\/store\/imagens\/Tiago e Juliano comu00EDcio.jpg","type":"","width":"","height":""}],"author":"Comunica\u00e7\u00e3o PSOL","twitter_card":"summary_large_image","twitter_creator":"@psol50","twitter_site":"@psol50","twitter_misc":{"Escrito por":"Comunica\u00e7\u00e3o PSOL","Est. tempo de leitura":"4 minutos"},"schema":{"@context":"https:\/\/schema.org","@graph":[{"@type":"Article","@id":"https:\/\/psol50.org.br\/uma-praca-de-esperanca\/#article","isPartOf":{"@id":"https:\/\/psol50.org.br\/uma-praca-de-esperanca\/"},"author":{"name":"Comunica\u00e7\u00e3o PSOL","@id":"https:\/\/psol50.org.br\/#\/schema\/person\/475dfa57d0b815993c714c2e96491fcd"},"headline":"Uma pra\u00e7a de esperan\u00e7a","datePublished":"2015-01-23T00:00:00+00:00","mainEntityOfPage":{"@id":"https:\/\/psol50.org.br\/uma-praca-de-esperanca\/"},"wordCount":716,"commentCount":0,"publisher":{"@id":"https:\/\/psol50.org.br\/#organization"},"keywords":["Espanha","esquerda","Gr\u00e9cia","Internacional","Podemos","Syriza"],"articleSection":["Espanha"],"inLanguage":"pt-BR","potentialAction":[{"@type":"CommentAction","name":"Comment","target":["https:\/\/psol50.org.br\/uma-praca-de-esperanca\/#respond"]}]},{"@type":"WebPage","@id":"https:\/\/psol50.org.br\/uma-praca-de-esperanca\/","url":"https:\/\/psol50.org.br\/uma-praca-de-esperanca\/","name":"Uma pra\u00e7a de esperan\u00e7a - PSOL 50","isPartOf":{"@id":"https:\/\/psol50.org.br\/#website"},"datePublished":"2015-01-23T00:00:00+00:00","breadcrumb":{"@id":"https:\/\/psol50.org.br\/uma-praca-de-esperanca\/#breadcrumb"},"inLanguage":"pt-BR","potentialAction":[{"@type":"ReadAction","target":["https:\/\/psol50.org.br\/uma-praca-de-esperanca\/"]}]},{"@type":"BreadcrumbList","@id":"https:\/\/psol50.org.br\/uma-praca-de-esperanca\/#breadcrumb","itemListElement":[{"@type":"ListItem","position":1,"name":"In\u00edcio","item":"https:\/\/psol50.org.br\/"},{"@type":"ListItem","position":2,"name":"Uma pra\u00e7a de esperan\u00e7a"}]},{"@type":"WebSite","@id":"https:\/\/psol50.org.br\/#website","url":"https:\/\/psol50.org.br\/","name":"PSOL 50","description":"Site oficial do Partido Socialismo e Liberdade","publisher":{"@id":"https:\/\/psol50.org.br\/#organization"},"alternateName":"PSOL50","potentialAction":[{"@type":"SearchAction","target":{"@type":"EntryPoint","urlTemplate":"https:\/\/psol50.org.br\/?s={search_term_string}"},"query-input":{"@type":"PropertyValueSpecification","valueRequired":true,"valueName":"search_term_string"}}],"inLanguage":"pt-BR"},{"@type":"Organization","@id":"https:\/\/psol50.org.br\/#organization","name":"PSOL 50","alternateName":"PSOL 50","url":"https:\/\/psol50.org.br\/","logo":{"@type":"ImageObject","inLanguage":"pt-BR","@id":"https:\/\/psol50.org.br\/#\/schema\/logo\/image\/","url":"https:\/\/psol50.org.br\/inc\/uploads\/2018\/07\/capa.png","contentUrl":"https:\/\/psol50.org.br\/inc\/uploads\/2018\/07\/capa.png","width":1350,"height":900,"caption":"PSOL 50"},"image":{"@id":"https:\/\/psol50.org.br\/#\/schema\/logo\/image\/"},"sameAs":["https:\/\/www.facebook.com\/psol50","https:\/\/x.com\/psol50","https:\/\/www.instagram.com\/psol50\/","https:\/\/www.youtube.com\/channel\/UC7SnJS5o1os7a6CaiNabzcg"]},{"@type":"Person","@id":"https:\/\/psol50.org.br\/#\/schema\/person\/475dfa57d0b815993c714c2e96491fcd","name":"Comunica\u00e7\u00e3o PSOL","image":{"@type":"ImageObject","inLanguage":"pt-BR","@id":"https:\/\/psol50.org.br\/#\/schema\/person\/image\/","url":"https:\/\/secure.gravatar.com\/avatar\/b34fc4f4e468a4e51785917065a3db57b841f5c95dba6ad8c73aaf8f66f8f9bf?s=96&d=mm&r=g","contentUrl":"https:\/\/secure.gravatar.com\/avatar\/b34fc4f4e468a4e51785917065a3db57b841f5c95dba6ad8c73aaf8f66f8f9bf?s=96&d=mm&r=g","caption":"Comunica\u00e7\u00e3o PSOL"}}]}},"_links":{"self":[{"href":"https:\/\/psol50.org.br\/rest\/wp\/v2\/posts\/3126","targetHints":{"allow":["GET"]}}],"collection":[{"href":"https:\/\/psol50.org.br\/rest\/wp\/v2\/posts"}],"about":[{"href":"https:\/\/psol50.org.br\/rest\/wp\/v2\/types\/post"}],"author":[{"embeddable":true,"href":"https:\/\/psol50.org.br\/rest\/wp\/v2\/users\/2"}],"replies":[{"embeddable":true,"href":"https:\/\/psol50.org.br\/rest\/wp\/v2\/comments?post=3126"}],"version-history":[{"count":0,"href":"https:\/\/psol50.org.br\/rest\/wp\/v2\/posts\/3126\/revisions"}],"wp:attachment":[{"href":"https:\/\/psol50.org.br\/rest\/wp\/v2\/media?parent=3126"}],"wp:term":[{"taxonomy":"category","embeddable":true,"href":"https:\/\/psol50.org.br\/rest\/wp\/v2\/categories?post=3126"},{"taxonomy":"post_tag","embeddable":true,"href":"https:\/\/psol50.org.br\/rest\/wp\/v2\/tags?post=3126"}],"curies":[{"name":"wp","href":"https:\/\/api.w.org\/{rel}","templated":true}]}}