{"id":31266,"date":"2020-11-29T17:43:59","date_gmt":"2020-11-29T20:43:59","guid":{"rendered":"https:\/\/psol50.org.br\/?p=31266"},"modified":"2020-11-29T17:43:59","modified_gmt":"2020-11-29T20:43:59","slug":"o-prefeito-do-povo-voltou-edmilson-rodrigues-e-eleito-prefeito-de-belem-pa","status":"publish","type":"post","link":"https:\/\/psol50.org.br\/o-prefeito-do-povo-voltou-edmilson-rodrigues-e-eleito-prefeito-de-belem-pa\/","title":{"rendered":"O prefeito do povo voltou! Edmilson Rodrigues \u00e9 eleito prefeito de Bel\u00e9m (PA)"},"content":{"rendered":"<p><a href=\"https:\/\/psol50.org.br\/rendajusta\/\" target=\"_blank\" rel=\"noopener noreferrer\"><img loading=\"lazy\" decoding=\"async\" class=\"alignnone size-full wp-image-30552\" src=\"https:\/\/psol50.org.br\/inc\/uploads\/2020\/08\/21-08-2020_LancamentoRendaJusta-2.png\" alt=\"\" width=\"1920\" height=\"383\" srcset=\"https:\/\/psol50.org.br\/inc\/uploads\/2020\/08\/21-08-2020_LancamentoRendaJusta-2.png 1920w, https:\/\/psol50.org.br\/inc\/uploads\/2020\/08\/21-08-2020_LancamentoRendaJusta-2-300x60.png 300w, https:\/\/psol50.org.br\/inc\/uploads\/2020\/08\/21-08-2020_LancamentoRendaJusta-2-1024x204.png 1024w, https:\/\/psol50.org.br\/inc\/uploads\/2020\/08\/21-08-2020_LancamentoRendaJusta-2-768x153.png 768w, https:\/\/psol50.org.br\/inc\/uploads\/2020\/08\/21-08-2020_LancamentoRendaJusta-2-1536x306.png 1536w, https:\/\/psol50.org.br\/inc\/uploads\/2020\/08\/21-08-2020_LancamentoRendaJusta-2-150x30.png 150w, https:\/\/psol50.org.br\/inc\/uploads\/2020\/08\/21-08-2020_LancamentoRendaJusta-2-696x139.png 696w, https:\/\/psol50.org.br\/inc\/uploads\/2020\/08\/21-08-2020_LancamentoRendaJusta-2-1068x213.png 1068w\" sizes=\"auto, (max-width: 1920px) 100vw, 1920px\" \/><\/a><\/p>\n<p>O amor e a esperan\u00e7a floresceram em meio \u00e0 Amaz\u00f4nia e Edmilson Rodrigues foi eleito o novo prefeito de Bel\u00e9m (PA). Ele derrotou no segundo turno o bolsonarista Delegado Eguchi (Patriotas), que fez uma s\u00f3rdida campanha de difama\u00e7\u00e3o e not\u00edcias falsas pela cidade , mas felizmente n\u00e3o surtiu efeito. O povo de Bel\u00e9m elegeu novamente Edmilson Rodrigues como prefeito da cidade, cargo que ele j\u00e1 ocupou entre os anos de 1997 e 2004, quando foi eleito e reeleito.<\/p>\n<p>Em uma experi\u00eancia in\u00e9dita de uni\u00e3o das esquerdas e dos setores democr\u00e1ticos de Bel\u00e9m desde o 1\u00ba turno, Edmilson ter\u00e1 como vice o ex-deputado estadual Edilson Moura (PT). Al\u00e9m de PSOL e PT, participaram da coliga\u00e7\u00e3o vitoriosa tamb\u00e9m Rede, PDT, UP e PCdoB.<\/p>\n<p>A campanha de Edmilson Rodrigues foi a express\u00e3o de um amplo movimento c\u00edvico por uma cidade mais justa e democr\u00e1tica no cora\u00e7\u00e3o da Amaz\u00f4nia brasileira, t\u00e3o castigada neste per\u00edodo de governo Bolsonaro. A vit\u00f3ria \u00e9 ainda mais simb\u00f3lica por ter oposto no segundo turno o candidato do PSOL a um aventureiro candidato bolsonarista.<\/p>\n<p>Edmilson Rodrigues j\u00e1 foi prefeito de Bel\u00e9m por dois mandatos consecutivos, entre 1997 e 2004. Na prefeitura, destacou-se pela amplia\u00e7\u00e3o da participa\u00e7\u00e3o popular no planejamento da cidade, implantando o Or\u00e7amento Participativo como forma de aumentar a decis\u00e3o popular no or\u00e7amento da Prefeitura.<\/p>\n<p>A gest\u00e3o como prefeito tamb\u00e9m foi marcada pela implanta\u00e7\u00e3o de projetos sociais e culturais para a cidade, o que rendeu a Edmilson pr\u00eamios como o de Prefeito Amigo da Crian\u00e7a por dois anos consecutivos, concedido pela ONU, em virtude do projeto Sementes do Amanh\u00e3, que retirava crian\u00e7as da \u00e1rea de dep\u00f3sito de lixo dando apoio social, financeiro, educacional e profissional para toda a fam\u00edlia. Tamb\u00e9m obteve destaque em outros projetos como a Escola Circo; o Bolsa Fam\u00edlia de um sal\u00e1rio m\u00ednimo; Banco Municipal do Povo e Fam\u00edlia Saud\u00e1vel.<\/p>\n<h5>CONHE\u00c7A EDMILSON RODRIGUES<\/h5>\n<p>Natural de Bel\u00e9m, Edmilson Rodrigues, gradou-se em arquitetura pela\u00a0Universidade Federal do Par\u00e1 (UFPA)\u00a0em 1982, e concluiu especializa\u00e7\u00e3o em Desenvolvimento de \u00c1reas Amaz\u00f4nicas em 1994. Tamb\u00e9m cursou\u00a0mestrado em Planejamento do Desenvolvimento em 1995, pelo N\u00facleo de Altos Estudos Amaz\u00f4nicos da UFPA, e fez seu doutorado em Geografia Humana pela\u00a0Universidade de S\u00e3o Paulo\u00a0(USP), com a tese\u00a0<i>Territ\u00f3rio e soberania: a Regi\u00e3o Amaz\u00f4nica e o processo de privatiza\u00e7\u00e3o da \u00e1gua vista como norma estrat\u00e9gica do globalitarismo.<\/i><sup id=\"cite_ref-FOOTNOTEC\u00e2mara_dos_Deputados2019_2-2\" class=\"reference\"><\/sup><\/p>\n<p>Edmilson foi professor na Escola Nossa Senhora do P\u00e9rpetuo Socorro, de 1979 a 1982; na Secretaria Executiva de Estado de Educa\u00e7\u00e3o em 1980; docente assistente no\u00a0Instituto Federal de Educa\u00e7\u00e3o, Ci\u00eancia e Tecnologia do Par\u00e1 em 1982. No mesmo ano tamb\u00e9m exerceu este cargo na Universidade Federal Rural do Par\u00e1 e em 1983 passou a professor titular.<\/p>\n<p>Edmilson Rodrigues iniciou sua trajet\u00f3ria na pol\u00edtica institucional em 1986, como deputado estadual pelo Par\u00e1, sendo reeleito para o cargo no pleito de 1990, quando fazia parte do Partido dos Trabalhadores (PT). Em 1996, elegeu-se\u00a0prefeito\u00a0de Bel\u00e9m, em segundo turno, tendo a futura governadora do estado,\u00a0Ana J\u00falia Carepa, como sua vice, e derrotando\u00a0Ramiro Bentes\u00a0(PDT). Tamb\u00e9m foi reeleito em 2000, no segundo turno, com uma vantagem de 50,75% sobre 49,25% de\u00a0Duciomar Costa\u00a0(PSD).<\/p>\n<p>Em 2005, ajudou a fundar e legalizar o Partido Socialismo e Liberdade (PSOL) no Par\u00e1, partido em que j\u00e1 est\u00e1 a 15 anos. Em 2010 foi eleito o deputado estadual mais votado do estado, com mais de 85 mil votos. Em 2014 foi eleito deputado federal, sendo o mais votado na cidade de Bel\u00e9m, e o terceiro em todo o Estado, com uma vota\u00e7\u00e3o de 170.604. Em 2018 reelegeu-se deputado federal com uma vota\u00e7\u00e3o ainda superior, acima de 184 mil votos.<\/p>\n<p>Edmilson Rodrigues chegou ao segundo turno das elei\u00e7\u00f5es para a Prefeitura de Bel\u00e9m tanto em 2012, como em 2016, perdendo sempre por uma pequena margem de votos.<\/p>\n<p><a href=\"https:\/\/impeachmentpopular.com.br\/\" target=\"_blank\" rel=\"noopener noreferrer\"><img loading=\"lazy\" decoding=\"async\" class=\"alignnone size-full wp-image-29118\" src=\"https:\/\/psol50.org.br\/inc\/uploads\/2020\/05\/Email_Impeachment.png\" alt=\"\" width=\"1080\" height=\"250\" srcset=\"https:\/\/psol50.org.br\/inc\/uploads\/2020\/05\/Email_Impeachment.png 1080w, https:\/\/psol50.org.br\/inc\/uploads\/2020\/05\/Email_Impeachment-300x69.png 300w, https:\/\/psol50.org.br\/inc\/uploads\/2020\/05\/Email_Impeachment-1024x237.png 1024w, https:\/\/psol50.org.br\/inc\/uploads\/2020\/05\/Email_Impeachment-768x178.png 768w, https:\/\/psol50.org.br\/inc\/uploads\/2020\/05\/Email_Impeachment-150x35.png 150w, https:\/\/psol50.org.br\/inc\/uploads\/2020\/05\/Email_Impeachment-696x161.png 696w, https:\/\/psol50.org.br\/inc\/uploads\/2020\/05\/Email_Impeachment-1068x247.png 1068w\" sizes=\"auto, (max-width: 1080px) 100vw, 1080px\" \/><\/a><\/p>\n","protected":false},"excerpt":{"rendered":"<p>O amor e a esperan\u00e7a floresceram em meio \u00e0 Amaz\u00f4nia e Edmilson Rodrigues foi eleito o novo prefeito de Bel\u00e9m (PA). Ele derrotou no segundo turno o bolsonarista Delegado Eguchi (Patriotas), que fez uma s\u00f3rdida campanha de difama\u00e7\u00e3o e not\u00edcias falsas pela cidade , mas felizmente n\u00e3o surtiu efeito. O povo de Bel\u00e9m elegeu novamente [&hellip;]<\/p>\n","protected":false},"author":2,"featured_media":30109,"comment_status":"closed","ping_status":"open","sticky":false,"template":"","format":"standard","meta":{"_acf_changed":false,"footnotes":""},"categories":[6,14],"tags":[204,643,1280,973,1222,50,1214],"class_list":{"0":"post-31266","1":"post","2":"type-post","3":"status-publish","4":"format-standard","5":"has-post-thumbnail","7":"category-noticias","8":"category-partido","9":"tag-204","10":"tag-belem","11":"tag-delegado-eguchi","12":"tag-edmilson-rodrigues","13":"tag-eleicao","14":"tag-para","15":"tag-segundo-turno"},"acf":[],"yoast_head":"<!-- This site is optimized with the Yoast SEO plugin v26.5 - https:\/\/yoast.com\/wordpress\/plugins\/seo\/ -->\n<title>O prefeito do povo voltou! Edmilson Rodrigues \u00e9 eleito prefeito de Bel\u00e9m (PA)<\/title>\n<meta name=\"description\" content=\"Em uma experi\u00eancia in\u00e9dita de uni\u00e3o das esquerdas de Bel\u00e9m desde o 1\u00ba turno, Edmilson ter\u00e1 como vice Edilson Moura (PT).\" \/>\n<meta name=\"robots\" content=\"index, follow, max-snippet:-1, max-image-preview:large, max-video-preview:-1\" \/>\n<link rel=\"canonical\" href=\"https:\/\/psol50.org.br\/o-prefeito-do-povo-voltou-edmilson-rodrigues-e-eleito-prefeito-de-belem-pa\/\" \/>\n<meta property=\"og:locale\" content=\"pt_BR\" \/>\n<meta property=\"og:type\" content=\"article\" \/>\n<meta property=\"og:title\" content=\"O prefeito do povo voltou! Edmilson Rodrigues \u00e9 eleito prefeito de Bel\u00e9m (PA)\" \/>\n<meta property=\"og:description\" content=\"Em uma experi\u00eancia in\u00e9dita de uni\u00e3o das esquerdas de Bel\u00e9m desde o 1\u00ba turno, Edmilson ter\u00e1 como vice Edilson Moura (PT).\" \/>\n<meta property=\"og:url\" content=\"https:\/\/psol50.org.br\/o-prefeito-do-povo-voltou-edmilson-rodrigues-e-eleito-prefeito-de-belem-pa\/\" \/>\n<meta property=\"og:site_name\" content=\"PSOL 50\" \/>\n<meta property=\"article:publisher\" content=\"https:\/\/www.facebook.com\/psol50\" \/>\n<meta property=\"article:published_time\" content=\"2020-11-29T20:43:59+00:00\" \/>\n<meta property=\"og:image\" content=\"https:\/\/psol50.org.br\/inc\/uploads\/2020\/07\/edmilson-rodrigues.jpg\" \/>\n\t<meta property=\"og:image:width\" content=\"960\" \/>\n\t<meta property=\"og:image:height\" content=\"666\" \/>\n\t<meta property=\"og:image:type\" content=\"image\/jpeg\" \/>\n<meta name=\"author\" content=\"Comunica\u00e7\u00e3o PSOL\" \/>\n<meta name=\"twitter:card\" content=\"summary_large_image\" \/>\n<meta name=\"twitter:title\" content=\"O prefeito do povo voltou! Edmilson Rodrigues \u00e9 eleito prefeito de Bel\u00e9m (PA)\" \/>\n<meta name=\"twitter:description\" content=\"Em uma experi\u00eancia in\u00e9dita de uni\u00e3o das esquerdas de Bel\u00e9m desde o 1\u00ba turno, Edmilson ter\u00e1 como vice Edilson Moura (PT).\" \/>\n<meta name=\"twitter:image\" content=\"https:\/\/psol50.org.br\/inc\/uploads\/2020\/07\/edmilson-rodrigues.jpg\" \/>\n<meta name=\"twitter:creator\" content=\"@psol50\" \/>\n<meta name=\"twitter:site\" content=\"@psol50\" \/>\n<meta name=\"twitter:label1\" content=\"Escrito por\" \/>\n\t<meta name=\"twitter:data1\" content=\"Comunica\u00e7\u00e3o PSOL\" \/>\n\t<meta name=\"twitter:label2\" content=\"Est. tempo de leitura\" \/>\n\t<meta name=\"twitter:data2\" content=\"3 minutos\" \/>\n<script type=\"application\/ld+json\" class=\"yoast-schema-graph\">{\"@context\":\"https:\/\/schema.org\",\"@graph\":[{\"@type\":\"Article\",\"@id\":\"https:\/\/psol50.org.br\/o-prefeito-do-povo-voltou-edmilson-rodrigues-e-eleito-prefeito-de-belem-pa\/#article\",\"isPartOf\":{\"@id\":\"https:\/\/psol50.org.br\/o-prefeito-do-povo-voltou-edmilson-rodrigues-e-eleito-prefeito-de-belem-pa\/\"},\"author\":{\"name\":\"Comunica\u00e7\u00e3o PSOL\",\"@id\":\"https:\/\/psol50.org.br\/#\/schema\/person\/475dfa57d0b815993c714c2e96491fcd\"},\"headline\":\"O prefeito do povo voltou! Edmilson Rodrigues \u00e9 eleito prefeito de Bel\u00e9m (PA)\",\"datePublished\":\"2020-11-29T20:43:59+00:00\",\"mainEntityOfPage\":{\"@id\":\"https:\/\/psol50.org.br\/o-prefeito-do-povo-voltou-edmilson-rodrigues-e-eleito-prefeito-de-belem-pa\/\"},\"wordCount\":681,\"publisher\":{\"@id\":\"https:\/\/psol50.org.br\/#organization\"},\"image\":{\"@id\":\"https:\/\/psol50.org.br\/o-prefeito-do-povo-voltou-edmilson-rodrigues-e-eleito-prefeito-de-belem-pa\/#primaryimage\"},\"thumbnailUrl\":\"https:\/\/psol50.org.br\/inc\/uploads\/2020\/07\/edmilson-rodrigues.jpg\",\"keywords\":[\"2020\",\"Bel\u00e9m\",\"delegado eguchi\",\"Edmilson Rodrigues\",\"elei\u00e7\u00e3o\",\"Par\u00e1\",\"segundo turno\"],\"articleSection\":[\"Not\u00edcias\",\"Partido\"],\"inLanguage\":\"pt-BR\"},{\"@type\":\"WebPage\",\"@id\":\"https:\/\/psol50.org.br\/o-prefeito-do-povo-voltou-edmilson-rodrigues-e-eleito-prefeito-de-belem-pa\/\",\"url\":\"https:\/\/psol50.org.br\/o-prefeito-do-povo-voltou-edmilson-rodrigues-e-eleito-prefeito-de-belem-pa\/\",\"name\":\"O prefeito do povo voltou! Edmilson Rodrigues \u00e9 eleito prefeito de Bel\u00e9m (PA)\",\"isPartOf\":{\"@id\":\"https:\/\/psol50.org.br\/#website\"},\"primaryImageOfPage\":{\"@id\":\"https:\/\/psol50.org.br\/o-prefeito-do-povo-voltou-edmilson-rodrigues-e-eleito-prefeito-de-belem-pa\/#primaryimage\"},\"image\":{\"@id\":\"https:\/\/psol50.org.br\/o-prefeito-do-povo-voltou-edmilson-rodrigues-e-eleito-prefeito-de-belem-pa\/#primaryimage\"},\"thumbnailUrl\":\"https:\/\/psol50.org.br\/inc\/uploads\/2020\/07\/edmilson-rodrigues.jpg\",\"datePublished\":\"2020-11-29T20:43:59+00:00\",\"description\":\"Em uma experi\u00eancia in\u00e9dita de uni\u00e3o das esquerdas de Bel\u00e9m desde o 1\u00ba turno, Edmilson ter\u00e1 como vice Edilson Moura (PT).\",\"breadcrumb\":{\"@id\":\"https:\/\/psol50.org.br\/o-prefeito-do-povo-voltou-edmilson-rodrigues-e-eleito-prefeito-de-belem-pa\/#breadcrumb\"},\"inLanguage\":\"pt-BR\",\"potentialAction\":[{\"@type\":\"ReadAction\",\"target\":[\"https:\/\/psol50.org.br\/o-prefeito-do-povo-voltou-edmilson-rodrigues-e-eleito-prefeito-de-belem-pa\/\"]}]},{\"@type\":\"ImageObject\",\"inLanguage\":\"pt-BR\",\"@id\":\"https:\/\/psol50.org.br\/o-prefeito-do-povo-voltou-edmilson-rodrigues-e-eleito-prefeito-de-belem-pa\/#primaryimage\",\"url\":\"https:\/\/psol50.org.br\/inc\/uploads\/2020\/07\/edmilson-rodrigues.jpg\",\"contentUrl\":\"https:\/\/psol50.org.br\/inc\/uploads\/2020\/07\/edmilson-rodrigues.jpg\",\"width\":960,\"height\":666},{\"@type\":\"BreadcrumbList\",\"@id\":\"https:\/\/psol50.org.br\/o-prefeito-do-povo-voltou-edmilson-rodrigues-e-eleito-prefeito-de-belem-pa\/#breadcrumb\",\"itemListElement\":[{\"@type\":\"ListItem\",\"position\":1,\"name\":\"In\u00edcio\",\"item\":\"https:\/\/psol50.org.br\/\"},{\"@type\":\"ListItem\",\"position\":2,\"name\":\"O prefeito do povo voltou! Edmilson Rodrigues \u00e9 eleito prefeito de Bel\u00e9m (PA)\"}]},{\"@type\":\"WebSite\",\"@id\":\"https:\/\/psol50.org.br\/#website\",\"url\":\"https:\/\/psol50.org.br\/\",\"name\":\"PSOL 50\",\"description\":\"Site oficial do Partido Socialismo e Liberdade\",\"publisher\":{\"@id\":\"https:\/\/psol50.org.br\/#organization\"},\"alternateName\":\"PSOL50\",\"potentialAction\":[{\"@type\":\"SearchAction\",\"target\":{\"@type\":\"EntryPoint\",\"urlTemplate\":\"https:\/\/psol50.org.br\/?s={search_term_string}\"},\"query-input\":{\"@type\":\"PropertyValueSpecification\",\"valueRequired\":true,\"valueName\":\"search_term_string\"}}],\"inLanguage\":\"pt-BR\"},{\"@type\":\"Organization\",\"@id\":\"https:\/\/psol50.org.br\/#organization\",\"name\":\"PSOL 50\",\"alternateName\":\"PSOL 50\",\"url\":\"https:\/\/psol50.org.br\/\",\"logo\":{\"@type\":\"ImageObject\",\"inLanguage\":\"pt-BR\",\"@id\":\"https:\/\/psol50.org.br\/#\/schema\/logo\/image\/\",\"url\":\"https:\/\/psol50.org.br\/inc\/uploads\/2018\/07\/capa.png\",\"contentUrl\":\"https:\/\/psol50.org.br\/inc\/uploads\/2018\/07\/capa.png\",\"width\":1350,\"height\":900,\"caption\":\"PSOL 50\"},\"image\":{\"@id\":\"https:\/\/psol50.org.br\/#\/schema\/logo\/image\/\"},\"sameAs\":[\"https:\/\/www.facebook.com\/psol50\",\"https:\/\/x.com\/psol50\",\"https:\/\/www.instagram.com\/psol50\/\",\"https:\/\/www.youtube.com\/channel\/UC7SnJS5o1os7a6CaiNabzcg\"]},{\"@type\":\"Person\",\"@id\":\"https:\/\/psol50.org.br\/#\/schema\/person\/475dfa57d0b815993c714c2e96491fcd\",\"name\":\"Comunica\u00e7\u00e3o PSOL\",\"image\":{\"@type\":\"ImageObject\",\"inLanguage\":\"pt-BR\",\"@id\":\"https:\/\/psol50.org.br\/#\/schema\/person\/image\/\",\"url\":\"https:\/\/secure.gravatar.com\/avatar\/b34fc4f4e468a4e51785917065a3db57b841f5c95dba6ad8c73aaf8f66f8f9bf?s=96&d=mm&r=g\",\"contentUrl\":\"https:\/\/secure.gravatar.com\/avatar\/b34fc4f4e468a4e51785917065a3db57b841f5c95dba6ad8c73aaf8f66f8f9bf?s=96&d=mm&r=g\",\"caption\":\"Comunica\u00e7\u00e3o PSOL\"}}]}<\/script>\n<!-- \/ Yoast SEO plugin. -->","yoast_head_json":{"title":"O prefeito do povo voltou! Edmilson Rodrigues \u00e9 eleito prefeito de Bel\u00e9m (PA)","description":"Em uma experi\u00eancia in\u00e9dita de uni\u00e3o das esquerdas de Bel\u00e9m desde o 1\u00ba turno, Edmilson ter\u00e1 como vice Edilson Moura (PT).","robots":{"index":"index","follow":"follow","max-snippet":"max-snippet:-1","max-image-preview":"max-image-preview:large","max-video-preview":"max-video-preview:-1"},"canonical":"https:\/\/psol50.org.br\/o-prefeito-do-povo-voltou-edmilson-rodrigues-e-eleito-prefeito-de-belem-pa\/","og_locale":"pt_BR","og_type":"article","og_title":"O prefeito do povo voltou! Edmilson Rodrigues \u00e9 eleito prefeito de Bel\u00e9m (PA)","og_description":"Em uma experi\u00eancia in\u00e9dita de uni\u00e3o das esquerdas de Bel\u00e9m desde o 1\u00ba turno, Edmilson ter\u00e1 como vice Edilson Moura (PT).","og_url":"https:\/\/psol50.org.br\/o-prefeito-do-povo-voltou-edmilson-rodrigues-e-eleito-prefeito-de-belem-pa\/","og_site_name":"PSOL 50","article_publisher":"https:\/\/www.facebook.com\/psol50","article_published_time":"2020-11-29T20:43:59+00:00","og_image":[{"width":960,"height":666,"url":"https:\/\/psol50.org.br\/inc\/uploads\/2020\/07\/edmilson-rodrigues.jpg","type":"image\/jpeg"}],"author":"Comunica\u00e7\u00e3o PSOL","twitter_card":"summary_large_image","twitter_title":"O prefeito do povo voltou! Edmilson Rodrigues \u00e9 eleito prefeito de Bel\u00e9m (PA)","twitter_description":"Em uma experi\u00eancia in\u00e9dita de uni\u00e3o das esquerdas de Bel\u00e9m desde o 1\u00ba turno, Edmilson ter\u00e1 como vice Edilson Moura (PT).","twitter_image":"https:\/\/psol50.org.br\/inc\/uploads\/2020\/07\/edmilson-rodrigues.jpg","twitter_creator":"@psol50","twitter_site":"@psol50","twitter_misc":{"Escrito por":"Comunica\u00e7\u00e3o PSOL","Est. tempo de leitura":"3 minutos"},"schema":{"@context":"https:\/\/schema.org","@graph":[{"@type":"Article","@id":"https:\/\/psol50.org.br\/o-prefeito-do-povo-voltou-edmilson-rodrigues-e-eleito-prefeito-de-belem-pa\/#article","isPartOf":{"@id":"https:\/\/psol50.org.br\/o-prefeito-do-povo-voltou-edmilson-rodrigues-e-eleito-prefeito-de-belem-pa\/"},"author":{"name":"Comunica\u00e7\u00e3o PSOL","@id":"https:\/\/psol50.org.br\/#\/schema\/person\/475dfa57d0b815993c714c2e96491fcd"},"headline":"O prefeito do povo voltou! Edmilson Rodrigues \u00e9 eleito prefeito de Bel\u00e9m (PA)","datePublished":"2020-11-29T20:43:59+00:00","mainEntityOfPage":{"@id":"https:\/\/psol50.org.br\/o-prefeito-do-povo-voltou-edmilson-rodrigues-e-eleito-prefeito-de-belem-pa\/"},"wordCount":681,"publisher":{"@id":"https:\/\/psol50.org.br\/#organization"},"image":{"@id":"https:\/\/psol50.org.br\/o-prefeito-do-povo-voltou-edmilson-rodrigues-e-eleito-prefeito-de-belem-pa\/#primaryimage"},"thumbnailUrl":"https:\/\/psol50.org.br\/inc\/uploads\/2020\/07\/edmilson-rodrigues.jpg","keywords":["2020","Bel\u00e9m","delegado eguchi","Edmilson Rodrigues","elei\u00e7\u00e3o","Par\u00e1","segundo turno"],"articleSection":["Not\u00edcias","Partido"],"inLanguage":"pt-BR"},{"@type":"WebPage","@id":"https:\/\/psol50.org.br\/o-prefeito-do-povo-voltou-edmilson-rodrigues-e-eleito-prefeito-de-belem-pa\/","url":"https:\/\/psol50.org.br\/o-prefeito-do-povo-voltou-edmilson-rodrigues-e-eleito-prefeito-de-belem-pa\/","name":"O prefeito do povo voltou! Edmilson Rodrigues \u00e9 eleito prefeito de Bel\u00e9m (PA)","isPartOf":{"@id":"https:\/\/psol50.org.br\/#website"},"primaryImageOfPage":{"@id":"https:\/\/psol50.org.br\/o-prefeito-do-povo-voltou-edmilson-rodrigues-e-eleito-prefeito-de-belem-pa\/#primaryimage"},"image":{"@id":"https:\/\/psol50.org.br\/o-prefeito-do-povo-voltou-edmilson-rodrigues-e-eleito-prefeito-de-belem-pa\/#primaryimage"},"thumbnailUrl":"https:\/\/psol50.org.br\/inc\/uploads\/2020\/07\/edmilson-rodrigues.jpg","datePublished":"2020-11-29T20:43:59+00:00","description":"Em uma experi\u00eancia in\u00e9dita de uni\u00e3o das esquerdas de Bel\u00e9m desde o 1\u00ba turno, Edmilson ter\u00e1 como vice Edilson Moura (PT).","breadcrumb":{"@id":"https:\/\/psol50.org.br\/o-prefeito-do-povo-voltou-edmilson-rodrigues-e-eleito-prefeito-de-belem-pa\/#breadcrumb"},"inLanguage":"pt-BR","potentialAction":[{"@type":"ReadAction","target":["https:\/\/psol50.org.br\/o-prefeito-do-povo-voltou-edmilson-rodrigues-e-eleito-prefeito-de-belem-pa\/"]}]},{"@type":"ImageObject","inLanguage":"pt-BR","@id":"https:\/\/psol50.org.br\/o-prefeito-do-povo-voltou-edmilson-rodrigues-e-eleito-prefeito-de-belem-pa\/#primaryimage","url":"https:\/\/psol50.org.br\/inc\/uploads\/2020\/07\/edmilson-rodrigues.jpg","contentUrl":"https:\/\/psol50.org.br\/inc\/uploads\/2020\/07\/edmilson-rodrigues.jpg","width":960,"height":666},{"@type":"BreadcrumbList","@id":"https:\/\/psol50.org.br\/o-prefeito-do-povo-voltou-edmilson-rodrigues-e-eleito-prefeito-de-belem-pa\/#breadcrumb","itemListElement":[{"@type":"ListItem","position":1,"name":"In\u00edcio","item":"https:\/\/psol50.org.br\/"},{"@type":"ListItem","position":2,"name":"O prefeito do povo voltou! Edmilson Rodrigues \u00e9 eleito prefeito de Bel\u00e9m (PA)"}]},{"@type":"WebSite","@id":"https:\/\/psol50.org.br\/#website","url":"https:\/\/psol50.org.br\/","name":"PSOL 50","description":"Site oficial do Partido Socialismo e Liberdade","publisher":{"@id":"https:\/\/psol50.org.br\/#organization"},"alternateName":"PSOL50","potentialAction":[{"@type":"SearchAction","target":{"@type":"EntryPoint","urlTemplate":"https:\/\/psol50.org.br\/?s={search_term_string}"},"query-input":{"@type":"PropertyValueSpecification","valueRequired":true,"valueName":"search_term_string"}}],"inLanguage":"pt-BR"},{"@type":"Organization","@id":"https:\/\/psol50.org.br\/#organization","name":"PSOL 50","alternateName":"PSOL 50","url":"https:\/\/psol50.org.br\/","logo":{"@type":"ImageObject","inLanguage":"pt-BR","@id":"https:\/\/psol50.org.br\/#\/schema\/logo\/image\/","url":"https:\/\/psol50.org.br\/inc\/uploads\/2018\/07\/capa.png","contentUrl":"https:\/\/psol50.org.br\/inc\/uploads\/2018\/07\/capa.png","width":1350,"height":900,"caption":"PSOL 50"},"image":{"@id":"https:\/\/psol50.org.br\/#\/schema\/logo\/image\/"},"sameAs":["https:\/\/www.facebook.com\/psol50","https:\/\/x.com\/psol50","https:\/\/www.instagram.com\/psol50\/","https:\/\/www.youtube.com\/channel\/UC7SnJS5o1os7a6CaiNabzcg"]},{"@type":"Person","@id":"https:\/\/psol50.org.br\/#\/schema\/person\/475dfa57d0b815993c714c2e96491fcd","name":"Comunica\u00e7\u00e3o PSOL","image":{"@type":"ImageObject","inLanguage":"pt-BR","@id":"https:\/\/psol50.org.br\/#\/schema\/person\/image\/","url":"https:\/\/secure.gravatar.com\/avatar\/b34fc4f4e468a4e51785917065a3db57b841f5c95dba6ad8c73aaf8f66f8f9bf?s=96&d=mm&r=g","contentUrl":"https:\/\/secure.gravatar.com\/avatar\/b34fc4f4e468a4e51785917065a3db57b841f5c95dba6ad8c73aaf8f66f8f9bf?s=96&d=mm&r=g","caption":"Comunica\u00e7\u00e3o PSOL"}}]}},"_links":{"self":[{"href":"https:\/\/psol50.org.br\/rest\/wp\/v2\/posts\/31266","targetHints":{"allow":["GET"]}}],"collection":[{"href":"https:\/\/psol50.org.br\/rest\/wp\/v2\/posts"}],"about":[{"href":"https:\/\/psol50.org.br\/rest\/wp\/v2\/types\/post"}],"author":[{"embeddable":true,"href":"https:\/\/psol50.org.br\/rest\/wp\/v2\/users\/2"}],"replies":[{"embeddable":true,"href":"https:\/\/psol50.org.br\/rest\/wp\/v2\/comments?post=31266"}],"version-history":[{"count":0,"href":"https:\/\/psol50.org.br\/rest\/wp\/v2\/posts\/31266\/revisions"}],"wp:featuredmedia":[{"embeddable":true,"href":"https:\/\/psol50.org.br\/rest\/wp\/v2\/media\/30109"}],"wp:attachment":[{"href":"https:\/\/psol50.org.br\/rest\/wp\/v2\/media?parent=31266"}],"wp:term":[{"taxonomy":"category","embeddable":true,"href":"https:\/\/psol50.org.br\/rest\/wp\/v2\/categories?post=31266"},{"taxonomy":"post_tag","embeddable":true,"href":"https:\/\/psol50.org.br\/rest\/wp\/v2\/tags?post=31266"}],"curies":[{"name":"wp","href":"https:\/\/api.w.org\/{rel}","templated":true}]}}