{"id":3127,"date":"2015-01-23T00:00:00","date_gmt":"2015-01-23T15:41:00","guid":{"rendered":"http:\/\/psol50.org.br\/arquivo\/2015\/01\/23\/presidencia-da-camara-psol-lanca-chico-alencar-como-candidato\/"},"modified":"2015-01-23T00:00:00","modified_gmt":"2015-01-23T15:41:00","slug":"presidencia-da-camara-psol-lanca-chico-alencar-como-candidato","status":"publish","type":"post","link":"https:\/\/psol50.org.br\/presidencia-da-camara-psol-lanca-chico-alencar-como-candidato\/","title":{"rendered":"Presid\u00eancia da C\u00e2mara: PSOL lan\u00e7a Chico Alencar como candidato"},"content":{"rendered":"<p style=\"margin-bottom: 0cm; background: none repeat scroll 0% 0% rgb(255, 255, 255); line-height: 100%; text-align: justify;\">\n\t<span style=\"font-size:12px;\"><span style=\"font-family: arial,helvetica,sans-serif;\"><font color=\"#141823\">O Partido Socialismo e Liberdade (PSOL) ter\u00e1 o deputado Chico Alencar (RJ) como candidato \u00e0 Presid\u00eancia da C\u00e2mara dos Deputados. A decis\u00e3o da bancada do PSOL (que na pr\u00f3xima legislatura contar\u00e1 com cinco deputados: al\u00e9m de Chico Alencar, Ivan Valente\/SP e Jean Wyllys\/RJ, entrar\u00e3o <\/font><font color=\"#141823\">Edmilson Rodrigues\/PA e Cabo Daciolo\/RJ) <\/font>busca expressar n\u00e3o os interesses corporativos, \u201cmas da sociedade na sua diversidade, nas suas car\u00eancias e na afirma\u00e7\u00e3o de seu protagonismo\u201d.<\/p>\n<p>\tO PSOL avalia que uma candidatura \u00e0 Presid\u00eancia da C\u00e2mara precisa estar em sintonia com as demandas mais sentidas da popula\u00e7\u00e3o \u2013 qualidade na sa\u00fade, na educa\u00e7\u00e3o, no transporte p\u00fablico e na garantia de uma vida digna. No entanto, \u201co cidad\u00e3o se v\u00ea amea\u00e7ado em seus direitos e \u00e9 levado \u00e0 crescente descren\u00e7a na institucionalidade pol\u00edtica \u2013 percebida como espa\u00e7o de negociatas e promo\u00e7\u00e3o patrimonialista, fisiol\u00f3gica e individualista\u201d, conforme avalia Chico Alencar.<\/p>\n<p>\tDe acordo com o l\u00edder do PSOL, deputado Ivan Valente, a candidatura de Chico Alencar \u201c\u00e9 o resgate de \u00e9tica na pol\u00edtica, certeza de administra\u00e7\u00e3o honesta e defesa de uma pauta legislativa a favor dos trabalhadores e do povo\u201d.<\/p>\n<p>\tPara Chico Alencar, \u201co PSOL est\u00e1 empenhado na constru\u00e7\u00e3o da democracia de alta intensidade, que combine a representa\u00e7\u00e3o partid\u00e1ria com a participa\u00e7\u00e3o popular direta. Acreditamos que muitos parlamentares, pensando mais nos an\u00f4nimos que os elegeram do que nos poderosos que eventualmente os financiaram, possam ser sens\u00edveis \u00e0 nossa plataforma de resgate da representa\u00e7\u00e3o e em defesa de uma pauta progressista\u201d.<\/p>\n<p>\tNa avalia\u00e7\u00e3o de Jean Wyllys, as tr\u00eas candidaturas j\u00e1 existentes &#8211; Eduardo Cunha (PMDB), Arlindo Chinaglia (PT) e J\u00falio Delgado (PSB) &#8211; n\u00e3o representam o que o PSOL acredita serem propostas que estejam em sintonia com as demandas da popula\u00e7\u00e3o ou que associem a representatividade partid\u00e1ria com a participa\u00e7\u00e3o popular, algo que \u00e9 fundamental para uma democracia plena. \u201cN\u00e3o identificamos, em nenhuma das tr\u00eas candidaturas, propostas claras que tornem a C\u00e2mara dos Deputados perme\u00e1vel ao di\u00e1logo com outras institui\u00e7\u00f5es da sociedade civil organizadas. N\u00f3s, do PSOL, temos um compromisso com uma pauta progressista que precisa ser discutida no \u00e2mbito da Casa do Povo e que tamb\u00e9m n\u00e3o foi identificado nas candidaturas existentes, e nisto inclu\u00edmos a necessidade de uma reforma pol\u00edtica; os direitos sexuais e reprodutivos da mulher; a democratiza\u00e7\u00e3o da comunica\u00e7\u00e3o; a taxa\u00e7\u00e3o das grandes fortunas; a criminaliza\u00e7\u00e3o da homofobia; a legaliza\u00e7\u00e3o e regulamenta\u00e7\u00e3o da maconha; e a regulamenta\u00e7\u00e3o do trabalho das\/dos profissionais do sexo, entre outros temas\u201d, pontua Jean. <\/span><\/span><\/p>\n<p style=\"text-align: justify;\">\n\t<br \/>\n\t&nbsp;<\/p>\n<p style=\"margin-bottom: 0cm; line-height: 100%\">\n\t&nbsp;<\/p>\n","protected":false},"excerpt":{"rendered":"<p>A candidatura do deputado Chico Alencar representa uma rea\u00e7\u00e3o ao discurso de nega\u00e7\u00e3o pol\u00edtica e \u00e0 necessidade de que o Legislativo se abra aos clamores da popula\u00e7\u00e3o<\/p>\n","protected":false},"author":2,"featured_media":0,"comment_status":"open","ping_status":"open","sticky":false,"template":"","format":"standard","meta":{"_acf_changed":false,"footnotes":""},"categories":[10,6],"tags":[22],"class_list":{"0":"post-3127","1":"post","2":"type-post","3":"status-publish","4":"format-standard","6":"category-acao-parlamentares","7":"category-noticias","8":"tag-psol"},"acf":[],"yoast_head":"<!-- This site is optimized with the Yoast SEO plugin v26.5 - https:\/\/yoast.com\/wordpress\/plugins\/seo\/ -->\n<title>Presid\u00eancia da C\u00e2mara: PSOL lan\u00e7a Chico Alencar como candidato - PSOL 50<\/title>\n<meta name=\"robots\" content=\"index, follow, max-snippet:-1, max-image-preview:large, max-video-preview:-1\" \/>\n<link rel=\"canonical\" href=\"https:\/\/psol50.org.br\/presidencia-da-camara-psol-lanca-chico-alencar-como-candidato\/\" \/>\n<meta property=\"og:locale\" content=\"pt_BR\" \/>\n<meta property=\"og:type\" content=\"article\" \/>\n<meta property=\"og:title\" content=\"Presid\u00eancia da C\u00e2mara: PSOL lan\u00e7a Chico Alencar como candidato - PSOL 50\" \/>\n<meta property=\"og:description\" content=\"A candidatura do deputado Chico Alencar representa uma rea\u00e7\u00e3o ao discurso de nega\u00e7\u00e3o pol\u00edtica e \u00e0 necessidade de que o Legislativo se abra aos clamores da popula\u00e7\u00e3o\" \/>\n<meta property=\"og:url\" content=\"https:\/\/psol50.org.br\/presidencia-da-camara-psol-lanca-chico-alencar-como-candidato\/\" \/>\n<meta property=\"og:site_name\" content=\"PSOL 50\" \/>\n<meta property=\"article:publisher\" content=\"https:\/\/www.facebook.com\/psol50\" \/>\n<meta property=\"article:published_time\" content=\"2015-01-23T15:41:00+00:00\" \/>\n<meta property=\"og:image\" content=\"https:\/\/psol50.org.br\/inc\/uploads\/2018\/07\/capa.png\" \/>\n\t<meta property=\"og:image:width\" content=\"1350\" \/>\n\t<meta property=\"og:image:height\" content=\"900\" \/>\n\t<meta property=\"og:image:type\" content=\"image\/png\" \/>\n<meta name=\"author\" content=\"Comunica\u00e7\u00e3o PSOL\" \/>\n<meta name=\"twitter:card\" content=\"summary_large_image\" \/>\n<meta name=\"twitter:creator\" content=\"@psol50\" \/>\n<meta name=\"twitter:site\" content=\"@psol50\" \/>\n<meta name=\"twitter:label1\" content=\"Escrito por\" \/>\n\t<meta name=\"twitter:data1\" content=\"Comunica\u00e7\u00e3o PSOL\" \/>\n\t<meta name=\"twitter:label2\" content=\"Est. tempo de leitura\" \/>\n\t<meta name=\"twitter:data2\" content=\"2 minutos\" \/>\n<script type=\"application\/ld+json\" class=\"yoast-schema-graph\">{\"@context\":\"https:\/\/schema.org\",\"@graph\":[{\"@type\":\"Article\",\"@id\":\"https:\/\/psol50.org.br\/presidencia-da-camara-psol-lanca-chico-alencar-como-candidato\/#article\",\"isPartOf\":{\"@id\":\"https:\/\/psol50.org.br\/presidencia-da-camara-psol-lanca-chico-alencar-como-candidato\/\"},\"author\":{\"name\":\"Comunica\u00e7\u00e3o PSOL\",\"@id\":\"https:\/\/psol50.org.br\/#\/schema\/person\/475dfa57d0b815993c714c2e96491fcd\"},\"headline\":\"Presid\u00eancia da C\u00e2mara: PSOL lan\u00e7a Chico Alencar como candidato\",\"datePublished\":\"2015-01-23T15:41:00+00:00\",\"mainEntityOfPage\":{\"@id\":\"https:\/\/psol50.org.br\/presidencia-da-camara-psol-lanca-chico-alencar-como-candidato\/\"},\"wordCount\":469,\"commentCount\":0,\"publisher\":{\"@id\":\"https:\/\/psol50.org.br\/#organization\"},\"keywords\":[\"PSOL\"],\"articleSection\":[\"A\u00e7\u00e3o Parlamentar\",\"Not\u00edcias\"],\"inLanguage\":\"pt-BR\",\"potentialAction\":[{\"@type\":\"CommentAction\",\"name\":\"Comment\",\"target\":[\"https:\/\/psol50.org.br\/presidencia-da-camara-psol-lanca-chico-alencar-como-candidato\/#respond\"]}]},{\"@type\":\"WebPage\",\"@id\":\"https:\/\/psol50.org.br\/presidencia-da-camara-psol-lanca-chico-alencar-como-candidato\/\",\"url\":\"https:\/\/psol50.org.br\/presidencia-da-camara-psol-lanca-chico-alencar-como-candidato\/\",\"name\":\"Presid\u00eancia da C\u00e2mara: PSOL lan\u00e7a Chico Alencar como candidato - PSOL 50\",\"isPartOf\":{\"@id\":\"https:\/\/psol50.org.br\/#website\"},\"datePublished\":\"2015-01-23T15:41:00+00:00\",\"breadcrumb\":{\"@id\":\"https:\/\/psol50.org.br\/presidencia-da-camara-psol-lanca-chico-alencar-como-candidato\/#breadcrumb\"},\"inLanguage\":\"pt-BR\",\"potentialAction\":[{\"@type\":\"ReadAction\",\"target\":[\"https:\/\/psol50.org.br\/presidencia-da-camara-psol-lanca-chico-alencar-como-candidato\/\"]}]},{\"@type\":\"BreadcrumbList\",\"@id\":\"https:\/\/psol50.org.br\/presidencia-da-camara-psol-lanca-chico-alencar-como-candidato\/#breadcrumb\",\"itemListElement\":[{\"@type\":\"ListItem\",\"position\":1,\"name\":\"In\u00edcio\",\"item\":\"https:\/\/psol50.org.br\/\"},{\"@type\":\"ListItem\",\"position\":2,\"name\":\"Presid\u00eancia da C\u00e2mara: PSOL lan\u00e7a Chico Alencar como candidato\"}]},{\"@type\":\"WebSite\",\"@id\":\"https:\/\/psol50.org.br\/#website\",\"url\":\"https:\/\/psol50.org.br\/\",\"name\":\"PSOL 50\",\"description\":\"Site oficial do Partido Socialismo e Liberdade\",\"publisher\":{\"@id\":\"https:\/\/psol50.org.br\/#organization\"},\"alternateName\":\"PSOL50\",\"potentialAction\":[{\"@type\":\"SearchAction\",\"target\":{\"@type\":\"EntryPoint\",\"urlTemplate\":\"https:\/\/psol50.org.br\/?s={search_term_string}\"},\"query-input\":{\"@type\":\"PropertyValueSpecification\",\"valueRequired\":true,\"valueName\":\"search_term_string\"}}],\"inLanguage\":\"pt-BR\"},{\"@type\":\"Organization\",\"@id\":\"https:\/\/psol50.org.br\/#organization\",\"name\":\"PSOL 50\",\"alternateName\":\"PSOL 50\",\"url\":\"https:\/\/psol50.org.br\/\",\"logo\":{\"@type\":\"ImageObject\",\"inLanguage\":\"pt-BR\",\"@id\":\"https:\/\/psol50.org.br\/#\/schema\/logo\/image\/\",\"url\":\"https:\/\/psol50.org.br\/inc\/uploads\/2018\/07\/capa.png\",\"contentUrl\":\"https:\/\/psol50.org.br\/inc\/uploads\/2018\/07\/capa.png\",\"width\":1350,\"height\":900,\"caption\":\"PSOL 50\"},\"image\":{\"@id\":\"https:\/\/psol50.org.br\/#\/schema\/logo\/image\/\"},\"sameAs\":[\"https:\/\/www.facebook.com\/psol50\",\"https:\/\/x.com\/psol50\",\"https:\/\/www.instagram.com\/psol50\/\",\"https:\/\/www.youtube.com\/channel\/UC7SnJS5o1os7a6CaiNabzcg\"]},{\"@type\":\"Person\",\"@id\":\"https:\/\/psol50.org.br\/#\/schema\/person\/475dfa57d0b815993c714c2e96491fcd\",\"name\":\"Comunica\u00e7\u00e3o PSOL\",\"image\":{\"@type\":\"ImageObject\",\"inLanguage\":\"pt-BR\",\"@id\":\"https:\/\/psol50.org.br\/#\/schema\/person\/image\/\",\"url\":\"https:\/\/secure.gravatar.com\/avatar\/b34fc4f4e468a4e51785917065a3db57b841f5c95dba6ad8c73aaf8f66f8f9bf?s=96&d=mm&r=g\",\"contentUrl\":\"https:\/\/secure.gravatar.com\/avatar\/b34fc4f4e468a4e51785917065a3db57b841f5c95dba6ad8c73aaf8f66f8f9bf?s=96&d=mm&r=g\",\"caption\":\"Comunica\u00e7\u00e3o PSOL\"}}]}<\/script>\n<!-- \/ Yoast SEO plugin. -->","yoast_head_json":{"title":"Presid\u00eancia da C\u00e2mara: PSOL lan\u00e7a Chico Alencar como candidato - PSOL 50","robots":{"index":"index","follow":"follow","max-snippet":"max-snippet:-1","max-image-preview":"max-image-preview:large","max-video-preview":"max-video-preview:-1"},"canonical":"https:\/\/psol50.org.br\/presidencia-da-camara-psol-lanca-chico-alencar-como-candidato\/","og_locale":"pt_BR","og_type":"article","og_title":"Presid\u00eancia da C\u00e2mara: PSOL lan\u00e7a Chico Alencar como candidato - PSOL 50","og_description":"A candidatura do deputado Chico Alencar representa uma rea\u00e7\u00e3o ao discurso de nega\u00e7\u00e3o pol\u00edtica e \u00e0 necessidade de que o Legislativo se abra aos clamores da popula\u00e7\u00e3o","og_url":"https:\/\/psol50.org.br\/presidencia-da-camara-psol-lanca-chico-alencar-como-candidato\/","og_site_name":"PSOL 50","article_publisher":"https:\/\/www.facebook.com\/psol50","article_published_time":"2015-01-23T15:41:00+00:00","og_image":[{"width":1350,"height":900,"url":"https:\/\/psol50.org.br\/inc\/uploads\/2018\/07\/capa.png","type":"image\/png"}],"author":"Comunica\u00e7\u00e3o PSOL","twitter_card":"summary_large_image","twitter_creator":"@psol50","twitter_site":"@psol50","twitter_misc":{"Escrito por":"Comunica\u00e7\u00e3o PSOL","Est. tempo de leitura":"2 minutos"},"schema":{"@context":"https:\/\/schema.org","@graph":[{"@type":"Article","@id":"https:\/\/psol50.org.br\/presidencia-da-camara-psol-lanca-chico-alencar-como-candidato\/#article","isPartOf":{"@id":"https:\/\/psol50.org.br\/presidencia-da-camara-psol-lanca-chico-alencar-como-candidato\/"},"author":{"name":"Comunica\u00e7\u00e3o PSOL","@id":"https:\/\/psol50.org.br\/#\/schema\/person\/475dfa57d0b815993c714c2e96491fcd"},"headline":"Presid\u00eancia da C\u00e2mara: PSOL lan\u00e7a Chico Alencar como candidato","datePublished":"2015-01-23T15:41:00+00:00","mainEntityOfPage":{"@id":"https:\/\/psol50.org.br\/presidencia-da-camara-psol-lanca-chico-alencar-como-candidato\/"},"wordCount":469,"commentCount":0,"publisher":{"@id":"https:\/\/psol50.org.br\/#organization"},"keywords":["PSOL"],"articleSection":["A\u00e7\u00e3o Parlamentar","Not\u00edcias"],"inLanguage":"pt-BR","potentialAction":[{"@type":"CommentAction","name":"Comment","target":["https:\/\/psol50.org.br\/presidencia-da-camara-psol-lanca-chico-alencar-como-candidato\/#respond"]}]},{"@type":"WebPage","@id":"https:\/\/psol50.org.br\/presidencia-da-camara-psol-lanca-chico-alencar-como-candidato\/","url":"https:\/\/psol50.org.br\/presidencia-da-camara-psol-lanca-chico-alencar-como-candidato\/","name":"Presid\u00eancia da C\u00e2mara: PSOL lan\u00e7a Chico Alencar como candidato - PSOL 50","isPartOf":{"@id":"https:\/\/psol50.org.br\/#website"},"datePublished":"2015-01-23T15:41:00+00:00","breadcrumb":{"@id":"https:\/\/psol50.org.br\/presidencia-da-camara-psol-lanca-chico-alencar-como-candidato\/#breadcrumb"},"inLanguage":"pt-BR","potentialAction":[{"@type":"ReadAction","target":["https:\/\/psol50.org.br\/presidencia-da-camara-psol-lanca-chico-alencar-como-candidato\/"]}]},{"@type":"BreadcrumbList","@id":"https:\/\/psol50.org.br\/presidencia-da-camara-psol-lanca-chico-alencar-como-candidato\/#breadcrumb","itemListElement":[{"@type":"ListItem","position":1,"name":"In\u00edcio","item":"https:\/\/psol50.org.br\/"},{"@type":"ListItem","position":2,"name":"Presid\u00eancia da C\u00e2mara: PSOL lan\u00e7a Chico Alencar como candidato"}]},{"@type":"WebSite","@id":"https:\/\/psol50.org.br\/#website","url":"https:\/\/psol50.org.br\/","name":"PSOL 50","description":"Site oficial do Partido Socialismo e Liberdade","publisher":{"@id":"https:\/\/psol50.org.br\/#organization"},"alternateName":"PSOL50","potentialAction":[{"@type":"SearchAction","target":{"@type":"EntryPoint","urlTemplate":"https:\/\/psol50.org.br\/?s={search_term_string}"},"query-input":{"@type":"PropertyValueSpecification","valueRequired":true,"valueName":"search_term_string"}}],"inLanguage":"pt-BR"},{"@type":"Organization","@id":"https:\/\/psol50.org.br\/#organization","name":"PSOL 50","alternateName":"PSOL 50","url":"https:\/\/psol50.org.br\/","logo":{"@type":"ImageObject","inLanguage":"pt-BR","@id":"https:\/\/psol50.org.br\/#\/schema\/logo\/image\/","url":"https:\/\/psol50.org.br\/inc\/uploads\/2018\/07\/capa.png","contentUrl":"https:\/\/psol50.org.br\/inc\/uploads\/2018\/07\/capa.png","width":1350,"height":900,"caption":"PSOL 50"},"image":{"@id":"https:\/\/psol50.org.br\/#\/schema\/logo\/image\/"},"sameAs":["https:\/\/www.facebook.com\/psol50","https:\/\/x.com\/psol50","https:\/\/www.instagram.com\/psol50\/","https:\/\/www.youtube.com\/channel\/UC7SnJS5o1os7a6CaiNabzcg"]},{"@type":"Person","@id":"https:\/\/psol50.org.br\/#\/schema\/person\/475dfa57d0b815993c714c2e96491fcd","name":"Comunica\u00e7\u00e3o PSOL","image":{"@type":"ImageObject","inLanguage":"pt-BR","@id":"https:\/\/psol50.org.br\/#\/schema\/person\/image\/","url":"https:\/\/secure.gravatar.com\/avatar\/b34fc4f4e468a4e51785917065a3db57b841f5c95dba6ad8c73aaf8f66f8f9bf?s=96&d=mm&r=g","contentUrl":"https:\/\/secure.gravatar.com\/avatar\/b34fc4f4e468a4e51785917065a3db57b841f5c95dba6ad8c73aaf8f66f8f9bf?s=96&d=mm&r=g","caption":"Comunica\u00e7\u00e3o PSOL"}}]}},"_links":{"self":[{"href":"https:\/\/psol50.org.br\/rest\/wp\/v2\/posts\/3127","targetHints":{"allow":["GET"]}}],"collection":[{"href":"https:\/\/psol50.org.br\/rest\/wp\/v2\/posts"}],"about":[{"href":"https:\/\/psol50.org.br\/rest\/wp\/v2\/types\/post"}],"author":[{"embeddable":true,"href":"https:\/\/psol50.org.br\/rest\/wp\/v2\/users\/2"}],"replies":[{"embeddable":true,"href":"https:\/\/psol50.org.br\/rest\/wp\/v2\/comments?post=3127"}],"version-history":[{"count":0,"href":"https:\/\/psol50.org.br\/rest\/wp\/v2\/posts\/3127\/revisions"}],"wp:attachment":[{"href":"https:\/\/psol50.org.br\/rest\/wp\/v2\/media?parent=3127"}],"wp:term":[{"taxonomy":"category","embeddable":true,"href":"https:\/\/psol50.org.br\/rest\/wp\/v2\/categories?post=3127"},{"taxonomy":"post_tag","embeddable":true,"href":"https:\/\/psol50.org.br\/rest\/wp\/v2\/tags?post=3127"}],"curies":[{"name":"wp","href":"https:\/\/api.w.org\/{rel}","templated":true}]}}