{"id":31284,"date":"2020-11-29T18:45:06","date_gmt":"2020-11-29T21:45:06","guid":{"rendered":"https:\/\/psol50.org.br\/?p=31284"},"modified":"2020-11-29T18:45:06","modified_gmt":"2020-11-29T21:45:06","slug":"marilia-arraes-pt-e-joao-arnaldo-psol-representaram-a-esquerda-que-nao-vende-seus-principios-em-recife","status":"publish","type":"post","link":"https:\/\/psol50.org.br\/marilia-arraes-pt-e-joao-arnaldo-psol-representaram-a-esquerda-que-nao-vende-seus-principios-em-recife\/","title":{"rendered":"Mar\u00edlia Arraes (PT) e Jo\u00e3o Arnaldo (PSOL) representaram a esquerda que n\u00e3o vende seus princ\u00edpios em Recife"},"content":{"rendered":"<p><a href=\"https:\/\/psol50.org.br\/rendajusta\/\" target=\"_blank\" rel=\"noopener noreferrer\"><img loading=\"lazy\" decoding=\"async\" class=\"alignnone size-full wp-image-30552\" src=\"https:\/\/psol50.org.br\/inc\/uploads\/2020\/08\/21-08-2020_LancamentoRendaJusta-2.png\" alt=\"\" width=\"1920\" height=\"383\" srcset=\"https:\/\/psol50.org.br\/inc\/uploads\/2020\/08\/21-08-2020_LancamentoRendaJusta-2.png 1920w, https:\/\/psol50.org.br\/inc\/uploads\/2020\/08\/21-08-2020_LancamentoRendaJusta-2-300x60.png 300w, https:\/\/psol50.org.br\/inc\/uploads\/2020\/08\/21-08-2020_LancamentoRendaJusta-2-1024x204.png 1024w, https:\/\/psol50.org.br\/inc\/uploads\/2020\/08\/21-08-2020_LancamentoRendaJusta-2-768x153.png 768w, https:\/\/psol50.org.br\/inc\/uploads\/2020\/08\/21-08-2020_LancamentoRendaJusta-2-1536x306.png 1536w, https:\/\/psol50.org.br\/inc\/uploads\/2020\/08\/21-08-2020_LancamentoRendaJusta-2-150x30.png 150w, https:\/\/psol50.org.br\/inc\/uploads\/2020\/08\/21-08-2020_LancamentoRendaJusta-2-696x139.png 696w, https:\/\/psol50.org.br\/inc\/uploads\/2020\/08\/21-08-2020_LancamentoRendaJusta-2-1068x213.png 1068w\" sizes=\"auto, (max-width: 1920px) 100vw, 1920px\" \/><\/a><\/p>\n<p>Infelizmente n\u00e3o ser\u00e1 dessa vez que a cidade de Recife ter\u00e1 uma prefeita pela primeira vez em sua hist\u00f3ria. Mar\u00edlia Arraes (PT) teve de enfrentar uma s\u00e9rie de ataques e cal\u00fanias durante a campanha eleitoral. Tamb\u00e9m seria a primeira vez que a capital pernambucana teria um vice-prefeito do PSOL: Jo\u00e3o Arnaldo, advogado e ex-superintendente do Instituto Brasileiro do Meio Ambiente e dos Recursos Naturais Renov\u00e1veis (Ibama) em Pernambuco.<\/p>\n<p>Nascido em Salgueiro e reconhecido por sua experi\u00eancia na gest\u00e3o p\u00fablica, Jo\u00e3o Arnaldo representou o PSOL na chapa &#8220;Recife, Cidade da Gente&#8221;, que contava apenas com PT e PSOL na disputa \u00e0 Prefeitura da cidade.<\/p>\n<p>O programa de governo apresentado pela candidatura, desde antes do primeiro turno, j\u00e1 deixava expl\u00edcito seu compromisso com a transforma\u00e7\u00e3o de Recife: \u00a0uma alternativa \u201cprogressista, democr\u00e1tica e popular\u201d \u00e0 capital pernambucana.<\/p>\n<p>Apesar do resultado deste segundo turno, o PSOL fez hist\u00f3ria nas elei\u00e7\u00f5es de Recife neste ano, n\u00e3o apenas ao chegar no segundo turno das elei\u00e7\u00f5es com Jo\u00e3o Arnaldo ao lado de Mar\u00edlia Arraes, mas tamb\u00e9m com a elei\u00e7\u00e3o de Dani Portela como a vereadora mais votada da cidade. Ela contar\u00e1 com a parceria do vereador Ivan Moraes, reeleito pelo PSOL para seu segundo mandato na C\u00e2mara Municipal de Recife.<\/p>\n<p><a href=\"https:\/\/impeachmentpopular.com.br\/\" target=\"_blank\" rel=\"noopener noreferrer\"><img loading=\"lazy\" decoding=\"async\" class=\"alignnone size-full wp-image-29118\" src=\"https:\/\/psol50.org.br\/inc\/uploads\/2020\/05\/Email_Impeachment.png\" alt=\"\" width=\"1080\" height=\"250\" srcset=\"https:\/\/psol50.org.br\/inc\/uploads\/2020\/05\/Email_Impeachment.png 1080w, https:\/\/psol50.org.br\/inc\/uploads\/2020\/05\/Email_Impeachment-300x69.png 300w, https:\/\/psol50.org.br\/inc\/uploads\/2020\/05\/Email_Impeachment-1024x237.png 1024w, https:\/\/psol50.org.br\/inc\/uploads\/2020\/05\/Email_Impeachment-768x178.png 768w, https:\/\/psol50.org.br\/inc\/uploads\/2020\/05\/Email_Impeachment-150x35.png 150w, https:\/\/psol50.org.br\/inc\/uploads\/2020\/05\/Email_Impeachment-696x161.png 696w, https:\/\/psol50.org.br\/inc\/uploads\/2020\/05\/Email_Impeachment-1068x247.png 1068w\" sizes=\"auto, (max-width: 1080px) 100vw, 1080px\" \/><\/a><\/p>\n","protected":false},"excerpt":{"rendered":"<p>Infelizmente n\u00e3o ser\u00e1 dessa vez que a cidade de Recife ter\u00e1 uma prefeita pela primeira vez em sua hist\u00f3ria. Mar\u00edlia Arraes (PT) teve de enfrentar uma s\u00e9rie de ataques e cal\u00fanias durante a campanha eleitoral. Tamb\u00e9m seria a primeira vez que a capital pernambucana teria um vice-prefeito do PSOL: Jo\u00e3o Arnaldo, advogado e ex-superintendente do [&hellip;]<\/p>\n","protected":false},"author":2,"featured_media":31285,"comment_status":"closed","ping_status":"open","sticky":false,"template":"","format":"standard","meta":{"_acf_changed":false,"footnotes":""},"categories":[6,14],"tags":[204,343,1154,1155,902,809,1214],"class_list":{"0":"post-31284","1":"post","2":"type-post","3":"status-publish","4":"format-standard","5":"has-post-thumbnail","7":"category-noticias","8":"category-partido","9":"tag-204","10":"tag-eleicoes","11":"tag-joao-arnaldo","12":"tag-marilia-arraes","13":"tag-pernambuco","14":"tag-recife","15":"tag-segundo-turno"},"acf":[],"yoast_head":"<!-- This site is optimized with the Yoast SEO plugin v26.5 - https:\/\/yoast.com\/wordpress\/plugins\/seo\/ -->\n<title>Mar\u00edlia Arraes (PT) e Jo\u00e3o Arnaldo (PSOL) representaram a esquerda que n\u00e3o vende seus princ\u00edpios em Recife<\/title>\n<meta name=\"description\" content=\"Mar\u00edlia Arraes (PT) teve de enfrentar ataques e cal\u00fanias durante a campanha eleitoral ao lado de seu candidato a vice Jo\u00e3o Arnaldo (PSOL).\" \/>\n<meta name=\"robots\" content=\"index, follow, max-snippet:-1, max-image-preview:large, max-video-preview:-1\" \/>\n<link rel=\"canonical\" href=\"https:\/\/psol50.org.br\/marilia-arraes-pt-e-joao-arnaldo-psol-representaram-a-esquerda-que-nao-vende-seus-principios-em-recife\/\" \/>\n<meta property=\"og:locale\" content=\"pt_BR\" \/>\n<meta property=\"og:type\" content=\"article\" \/>\n<meta property=\"og:title\" content=\"Mar\u00edlia Arraes (PT) e Jo\u00e3o Arnaldo (PSOL) representaram a esquerda que n\u00e3o vende seus princ\u00edpios em Recife\" \/>\n<meta property=\"og:description\" content=\"Mar\u00edlia Arraes (PT) teve de enfrentar ataques e cal\u00fanias durante a campanha eleitoral ao lado de seu candidato a vice Jo\u00e3o Arnaldo (PSOL).\" \/>\n<meta property=\"og:url\" content=\"https:\/\/psol50.org.br\/marilia-arraes-pt-e-joao-arnaldo-psol-representaram-a-esquerda-que-nao-vende-seus-principios-em-recife\/\" \/>\n<meta property=\"og:site_name\" content=\"PSOL 50\" \/>\n<meta property=\"article:publisher\" content=\"https:\/\/www.facebook.com\/psol50\" \/>\n<meta property=\"article:published_time\" content=\"2020-11-29T21:45:06+00:00\" \/>\n<meta property=\"og:image\" content=\"https:\/\/psol50.org.br\/inc\/uploads\/2020\/11\/marilia-arraes-joao-arnaldo-748x410-1.jpg\" \/>\n\t<meta property=\"og:image:width\" content=\"748\" \/>\n\t<meta property=\"og:image:height\" content=\"410\" \/>\n\t<meta property=\"og:image:type\" content=\"image\/jpeg\" \/>\n<meta name=\"author\" content=\"Comunica\u00e7\u00e3o PSOL\" \/>\n<meta name=\"twitter:card\" content=\"summary_large_image\" \/>\n<meta name=\"twitter:title\" content=\"Mar\u00edlia Arraes (PT) e Jo\u00e3o Arnaldo (PSOL) representaram a esquerda que n\u00e3o vende seus princ\u00edpios em Recife\" \/>\n<meta name=\"twitter:description\" content=\"Mar\u00edlia Arraes (PT) teve de enfrentar ataques e cal\u00fanias durante a campanha eleitoral ao lado de seu candidato a vice Jo\u00e3o Arnaldo (PSOL).\" \/>\n<meta name=\"twitter:image\" content=\"https:\/\/psol50.org.br\/inc\/uploads\/2020\/11\/marilia-arraes-joao-arnaldo-748x410-1.jpg\" \/>\n<meta name=\"twitter:creator\" content=\"@psol50\" \/>\n<meta name=\"twitter:site\" content=\"@psol50\" \/>\n<meta name=\"twitter:label1\" content=\"Escrito por\" \/>\n\t<meta name=\"twitter:data1\" content=\"Comunica\u00e7\u00e3o PSOL\" \/>\n\t<meta name=\"twitter:label2\" content=\"Est. tempo de leitura\" \/>\n\t<meta name=\"twitter:data2\" content=\"1 minuto\" \/>\n<script type=\"application\/ld+json\" class=\"yoast-schema-graph\">{\"@context\":\"https:\/\/schema.org\",\"@graph\":[{\"@type\":\"Article\",\"@id\":\"https:\/\/psol50.org.br\/marilia-arraes-pt-e-joao-arnaldo-psol-representaram-a-esquerda-que-nao-vende-seus-principios-em-recife\/#article\",\"isPartOf\":{\"@id\":\"https:\/\/psol50.org.br\/marilia-arraes-pt-e-joao-arnaldo-psol-representaram-a-esquerda-que-nao-vende-seus-principios-em-recife\/\"},\"author\":{\"name\":\"Comunica\u00e7\u00e3o PSOL\",\"@id\":\"https:\/\/psol50.org.br\/#\/schema\/person\/475dfa57d0b815993c714c2e96491fcd\"},\"headline\":\"Mar\u00edlia Arraes (PT) e Jo\u00e3o Arnaldo (PSOL) representaram a esquerda que n\u00e3o vende seus princ\u00edpios em Recife\",\"datePublished\":\"2020-11-29T21:45:06+00:00\",\"mainEntityOfPage\":{\"@id\":\"https:\/\/psol50.org.br\/marilia-arraes-pt-e-joao-arnaldo-psol-representaram-a-esquerda-que-nao-vende-seus-principios-em-recife\/\"},\"wordCount\":246,\"publisher\":{\"@id\":\"https:\/\/psol50.org.br\/#organization\"},\"image\":{\"@id\":\"https:\/\/psol50.org.br\/marilia-arraes-pt-e-joao-arnaldo-psol-representaram-a-esquerda-que-nao-vende-seus-principios-em-recife\/#primaryimage\"},\"thumbnailUrl\":\"https:\/\/psol50.org.br\/inc\/uploads\/2020\/11\/marilia-arraes-joao-arnaldo-748x410-1.jpg\",\"keywords\":[\"2020\",\"elei\u00e7\u00f5es\",\"jo\u00e3o arnaldo\",\"mar\u00edlia arraes\",\"Pernambuco\",\"Recife\",\"segundo turno\"],\"articleSection\":[\"Not\u00edcias\",\"Partido\"],\"inLanguage\":\"pt-BR\"},{\"@type\":\"WebPage\",\"@id\":\"https:\/\/psol50.org.br\/marilia-arraes-pt-e-joao-arnaldo-psol-representaram-a-esquerda-que-nao-vende-seus-principios-em-recife\/\",\"url\":\"https:\/\/psol50.org.br\/marilia-arraes-pt-e-joao-arnaldo-psol-representaram-a-esquerda-que-nao-vende-seus-principios-em-recife\/\",\"name\":\"Mar\u00edlia Arraes (PT) e Jo\u00e3o Arnaldo (PSOL) representaram a esquerda que n\u00e3o vende seus princ\u00edpios em Recife\",\"isPartOf\":{\"@id\":\"https:\/\/psol50.org.br\/#website\"},\"primaryImageOfPage\":{\"@id\":\"https:\/\/psol50.org.br\/marilia-arraes-pt-e-joao-arnaldo-psol-representaram-a-esquerda-que-nao-vende-seus-principios-em-recife\/#primaryimage\"},\"image\":{\"@id\":\"https:\/\/psol50.org.br\/marilia-arraes-pt-e-joao-arnaldo-psol-representaram-a-esquerda-que-nao-vende-seus-principios-em-recife\/#primaryimage\"},\"thumbnailUrl\":\"https:\/\/psol50.org.br\/inc\/uploads\/2020\/11\/marilia-arraes-joao-arnaldo-748x410-1.jpg\",\"datePublished\":\"2020-11-29T21:45:06+00:00\",\"description\":\"Mar\u00edlia Arraes (PT) teve de enfrentar ataques e cal\u00fanias durante a campanha eleitoral ao lado de seu candidato a vice Jo\u00e3o Arnaldo (PSOL).\",\"breadcrumb\":{\"@id\":\"https:\/\/psol50.org.br\/marilia-arraes-pt-e-joao-arnaldo-psol-representaram-a-esquerda-que-nao-vende-seus-principios-em-recife\/#breadcrumb\"},\"inLanguage\":\"pt-BR\",\"potentialAction\":[{\"@type\":\"ReadAction\",\"target\":[\"https:\/\/psol50.org.br\/marilia-arraes-pt-e-joao-arnaldo-psol-representaram-a-esquerda-que-nao-vende-seus-principios-em-recife\/\"]}]},{\"@type\":\"ImageObject\",\"inLanguage\":\"pt-BR\",\"@id\":\"https:\/\/psol50.org.br\/marilia-arraes-pt-e-joao-arnaldo-psol-representaram-a-esquerda-que-nao-vende-seus-principios-em-recife\/#primaryimage\",\"url\":\"https:\/\/psol50.org.br\/inc\/uploads\/2020\/11\/marilia-arraes-joao-arnaldo-748x410-1.jpg\",\"contentUrl\":\"https:\/\/psol50.org.br\/inc\/uploads\/2020\/11\/marilia-arraes-joao-arnaldo-748x410-1.jpg\",\"width\":748,\"height\":410},{\"@type\":\"BreadcrumbList\",\"@id\":\"https:\/\/psol50.org.br\/marilia-arraes-pt-e-joao-arnaldo-psol-representaram-a-esquerda-que-nao-vende-seus-principios-em-recife\/#breadcrumb\",\"itemListElement\":[{\"@type\":\"ListItem\",\"position\":1,\"name\":\"In\u00edcio\",\"item\":\"https:\/\/psol50.org.br\/\"},{\"@type\":\"ListItem\",\"position\":2,\"name\":\"Mar\u00edlia Arraes (PT) e Jo\u00e3o Arnaldo (PSOL) representaram a esquerda que n\u00e3o vende seus princ\u00edpios em Recife\"}]},{\"@type\":\"WebSite\",\"@id\":\"https:\/\/psol50.org.br\/#website\",\"url\":\"https:\/\/psol50.org.br\/\",\"name\":\"PSOL 50\",\"description\":\"Site oficial do Partido Socialismo e Liberdade\",\"publisher\":{\"@id\":\"https:\/\/psol50.org.br\/#organization\"},\"alternateName\":\"PSOL50\",\"potentialAction\":[{\"@type\":\"SearchAction\",\"target\":{\"@type\":\"EntryPoint\",\"urlTemplate\":\"https:\/\/psol50.org.br\/?s={search_term_string}\"},\"query-input\":{\"@type\":\"PropertyValueSpecification\",\"valueRequired\":true,\"valueName\":\"search_term_string\"}}],\"inLanguage\":\"pt-BR\"},{\"@type\":\"Organization\",\"@id\":\"https:\/\/psol50.org.br\/#organization\",\"name\":\"PSOL 50\",\"alternateName\":\"PSOL 50\",\"url\":\"https:\/\/psol50.org.br\/\",\"logo\":{\"@type\":\"ImageObject\",\"inLanguage\":\"pt-BR\",\"@id\":\"https:\/\/psol50.org.br\/#\/schema\/logo\/image\/\",\"url\":\"https:\/\/psol50.org.br\/inc\/uploads\/2018\/07\/capa.png\",\"contentUrl\":\"https:\/\/psol50.org.br\/inc\/uploads\/2018\/07\/capa.png\",\"width\":1350,\"height\":900,\"caption\":\"PSOL 50\"},\"image\":{\"@id\":\"https:\/\/psol50.org.br\/#\/schema\/logo\/image\/\"},\"sameAs\":[\"https:\/\/www.facebook.com\/psol50\",\"https:\/\/x.com\/psol50\",\"https:\/\/www.instagram.com\/psol50\/\",\"https:\/\/www.youtube.com\/channel\/UC7SnJS5o1os7a6CaiNabzcg\"]},{\"@type\":\"Person\",\"@id\":\"https:\/\/psol50.org.br\/#\/schema\/person\/475dfa57d0b815993c714c2e96491fcd\",\"name\":\"Comunica\u00e7\u00e3o PSOL\",\"image\":{\"@type\":\"ImageObject\",\"inLanguage\":\"pt-BR\",\"@id\":\"https:\/\/psol50.org.br\/#\/schema\/person\/image\/\",\"url\":\"https:\/\/secure.gravatar.com\/avatar\/b34fc4f4e468a4e51785917065a3db57b841f5c95dba6ad8c73aaf8f66f8f9bf?s=96&d=mm&r=g\",\"contentUrl\":\"https:\/\/secure.gravatar.com\/avatar\/b34fc4f4e468a4e51785917065a3db57b841f5c95dba6ad8c73aaf8f66f8f9bf?s=96&d=mm&r=g\",\"caption\":\"Comunica\u00e7\u00e3o PSOL\"}}]}<\/script>\n<!-- \/ Yoast SEO plugin. -->","yoast_head_json":{"title":"Mar\u00edlia Arraes (PT) e Jo\u00e3o Arnaldo (PSOL) representaram a esquerda que n\u00e3o vende seus princ\u00edpios em Recife","description":"Mar\u00edlia Arraes (PT) teve de enfrentar ataques e cal\u00fanias durante a campanha eleitoral ao lado de seu candidato a vice Jo\u00e3o Arnaldo (PSOL).","robots":{"index":"index","follow":"follow","max-snippet":"max-snippet:-1","max-image-preview":"max-image-preview:large","max-video-preview":"max-video-preview:-1"},"canonical":"https:\/\/psol50.org.br\/marilia-arraes-pt-e-joao-arnaldo-psol-representaram-a-esquerda-que-nao-vende-seus-principios-em-recife\/","og_locale":"pt_BR","og_type":"article","og_title":"Mar\u00edlia Arraes (PT) e Jo\u00e3o Arnaldo (PSOL) representaram a esquerda que n\u00e3o vende seus princ\u00edpios em Recife","og_description":"Mar\u00edlia Arraes (PT) teve de enfrentar ataques e cal\u00fanias durante a campanha eleitoral ao lado de seu candidato a vice Jo\u00e3o Arnaldo (PSOL).","og_url":"https:\/\/psol50.org.br\/marilia-arraes-pt-e-joao-arnaldo-psol-representaram-a-esquerda-que-nao-vende-seus-principios-em-recife\/","og_site_name":"PSOL 50","article_publisher":"https:\/\/www.facebook.com\/psol50","article_published_time":"2020-11-29T21:45:06+00:00","og_image":[{"width":748,"height":410,"url":"https:\/\/psol50.org.br\/inc\/uploads\/2020\/11\/marilia-arraes-joao-arnaldo-748x410-1.jpg","type":"image\/jpeg"}],"author":"Comunica\u00e7\u00e3o PSOL","twitter_card":"summary_large_image","twitter_title":"Mar\u00edlia Arraes (PT) e Jo\u00e3o Arnaldo (PSOL) representaram a esquerda que n\u00e3o vende seus princ\u00edpios em Recife","twitter_description":"Mar\u00edlia Arraes (PT) teve de enfrentar ataques e cal\u00fanias durante a campanha eleitoral ao lado de seu candidato a vice Jo\u00e3o Arnaldo (PSOL).","twitter_image":"https:\/\/psol50.org.br\/inc\/uploads\/2020\/11\/marilia-arraes-joao-arnaldo-748x410-1.jpg","twitter_creator":"@psol50","twitter_site":"@psol50","twitter_misc":{"Escrito por":"Comunica\u00e7\u00e3o PSOL","Est. tempo de leitura":"1 minuto"},"schema":{"@context":"https:\/\/schema.org","@graph":[{"@type":"Article","@id":"https:\/\/psol50.org.br\/marilia-arraes-pt-e-joao-arnaldo-psol-representaram-a-esquerda-que-nao-vende-seus-principios-em-recife\/#article","isPartOf":{"@id":"https:\/\/psol50.org.br\/marilia-arraes-pt-e-joao-arnaldo-psol-representaram-a-esquerda-que-nao-vende-seus-principios-em-recife\/"},"author":{"name":"Comunica\u00e7\u00e3o PSOL","@id":"https:\/\/psol50.org.br\/#\/schema\/person\/475dfa57d0b815993c714c2e96491fcd"},"headline":"Mar\u00edlia Arraes (PT) e Jo\u00e3o Arnaldo (PSOL) representaram a esquerda que n\u00e3o vende seus princ\u00edpios em Recife","datePublished":"2020-11-29T21:45:06+00:00","mainEntityOfPage":{"@id":"https:\/\/psol50.org.br\/marilia-arraes-pt-e-joao-arnaldo-psol-representaram-a-esquerda-que-nao-vende-seus-principios-em-recife\/"},"wordCount":246,"publisher":{"@id":"https:\/\/psol50.org.br\/#organization"},"image":{"@id":"https:\/\/psol50.org.br\/marilia-arraes-pt-e-joao-arnaldo-psol-representaram-a-esquerda-que-nao-vende-seus-principios-em-recife\/#primaryimage"},"thumbnailUrl":"https:\/\/psol50.org.br\/inc\/uploads\/2020\/11\/marilia-arraes-joao-arnaldo-748x410-1.jpg","keywords":["2020","elei\u00e7\u00f5es","jo\u00e3o arnaldo","mar\u00edlia arraes","Pernambuco","Recife","segundo turno"],"articleSection":["Not\u00edcias","Partido"],"inLanguage":"pt-BR"},{"@type":"WebPage","@id":"https:\/\/psol50.org.br\/marilia-arraes-pt-e-joao-arnaldo-psol-representaram-a-esquerda-que-nao-vende-seus-principios-em-recife\/","url":"https:\/\/psol50.org.br\/marilia-arraes-pt-e-joao-arnaldo-psol-representaram-a-esquerda-que-nao-vende-seus-principios-em-recife\/","name":"Mar\u00edlia Arraes (PT) e Jo\u00e3o Arnaldo (PSOL) representaram a esquerda que n\u00e3o vende seus princ\u00edpios em Recife","isPartOf":{"@id":"https:\/\/psol50.org.br\/#website"},"primaryImageOfPage":{"@id":"https:\/\/psol50.org.br\/marilia-arraes-pt-e-joao-arnaldo-psol-representaram-a-esquerda-que-nao-vende-seus-principios-em-recife\/#primaryimage"},"image":{"@id":"https:\/\/psol50.org.br\/marilia-arraes-pt-e-joao-arnaldo-psol-representaram-a-esquerda-que-nao-vende-seus-principios-em-recife\/#primaryimage"},"thumbnailUrl":"https:\/\/psol50.org.br\/inc\/uploads\/2020\/11\/marilia-arraes-joao-arnaldo-748x410-1.jpg","datePublished":"2020-11-29T21:45:06+00:00","description":"Mar\u00edlia Arraes (PT) teve de enfrentar ataques e cal\u00fanias durante a campanha eleitoral ao lado de seu candidato a vice Jo\u00e3o Arnaldo (PSOL).","breadcrumb":{"@id":"https:\/\/psol50.org.br\/marilia-arraes-pt-e-joao-arnaldo-psol-representaram-a-esquerda-que-nao-vende-seus-principios-em-recife\/#breadcrumb"},"inLanguage":"pt-BR","potentialAction":[{"@type":"ReadAction","target":["https:\/\/psol50.org.br\/marilia-arraes-pt-e-joao-arnaldo-psol-representaram-a-esquerda-que-nao-vende-seus-principios-em-recife\/"]}]},{"@type":"ImageObject","inLanguage":"pt-BR","@id":"https:\/\/psol50.org.br\/marilia-arraes-pt-e-joao-arnaldo-psol-representaram-a-esquerda-que-nao-vende-seus-principios-em-recife\/#primaryimage","url":"https:\/\/psol50.org.br\/inc\/uploads\/2020\/11\/marilia-arraes-joao-arnaldo-748x410-1.jpg","contentUrl":"https:\/\/psol50.org.br\/inc\/uploads\/2020\/11\/marilia-arraes-joao-arnaldo-748x410-1.jpg","width":748,"height":410},{"@type":"BreadcrumbList","@id":"https:\/\/psol50.org.br\/marilia-arraes-pt-e-joao-arnaldo-psol-representaram-a-esquerda-que-nao-vende-seus-principios-em-recife\/#breadcrumb","itemListElement":[{"@type":"ListItem","position":1,"name":"In\u00edcio","item":"https:\/\/psol50.org.br\/"},{"@type":"ListItem","position":2,"name":"Mar\u00edlia Arraes (PT) e Jo\u00e3o Arnaldo (PSOL) representaram a esquerda que n\u00e3o vende seus princ\u00edpios em Recife"}]},{"@type":"WebSite","@id":"https:\/\/psol50.org.br\/#website","url":"https:\/\/psol50.org.br\/","name":"PSOL 50","description":"Site oficial do Partido Socialismo e Liberdade","publisher":{"@id":"https:\/\/psol50.org.br\/#organization"},"alternateName":"PSOL50","potentialAction":[{"@type":"SearchAction","target":{"@type":"EntryPoint","urlTemplate":"https:\/\/psol50.org.br\/?s={search_term_string}"},"query-input":{"@type":"PropertyValueSpecification","valueRequired":true,"valueName":"search_term_string"}}],"inLanguage":"pt-BR"},{"@type":"Organization","@id":"https:\/\/psol50.org.br\/#organization","name":"PSOL 50","alternateName":"PSOL 50","url":"https:\/\/psol50.org.br\/","logo":{"@type":"ImageObject","inLanguage":"pt-BR","@id":"https:\/\/psol50.org.br\/#\/schema\/logo\/image\/","url":"https:\/\/psol50.org.br\/inc\/uploads\/2018\/07\/capa.png","contentUrl":"https:\/\/psol50.org.br\/inc\/uploads\/2018\/07\/capa.png","width":1350,"height":900,"caption":"PSOL 50"},"image":{"@id":"https:\/\/psol50.org.br\/#\/schema\/logo\/image\/"},"sameAs":["https:\/\/www.facebook.com\/psol50","https:\/\/x.com\/psol50","https:\/\/www.instagram.com\/psol50\/","https:\/\/www.youtube.com\/channel\/UC7SnJS5o1os7a6CaiNabzcg"]},{"@type":"Person","@id":"https:\/\/psol50.org.br\/#\/schema\/person\/475dfa57d0b815993c714c2e96491fcd","name":"Comunica\u00e7\u00e3o PSOL","image":{"@type":"ImageObject","inLanguage":"pt-BR","@id":"https:\/\/psol50.org.br\/#\/schema\/person\/image\/","url":"https:\/\/secure.gravatar.com\/avatar\/b34fc4f4e468a4e51785917065a3db57b841f5c95dba6ad8c73aaf8f66f8f9bf?s=96&d=mm&r=g","contentUrl":"https:\/\/secure.gravatar.com\/avatar\/b34fc4f4e468a4e51785917065a3db57b841f5c95dba6ad8c73aaf8f66f8f9bf?s=96&d=mm&r=g","caption":"Comunica\u00e7\u00e3o PSOL"}}]}},"_links":{"self":[{"href":"https:\/\/psol50.org.br\/rest\/wp\/v2\/posts\/31284","targetHints":{"allow":["GET"]}}],"collection":[{"href":"https:\/\/psol50.org.br\/rest\/wp\/v2\/posts"}],"about":[{"href":"https:\/\/psol50.org.br\/rest\/wp\/v2\/types\/post"}],"author":[{"embeddable":true,"href":"https:\/\/psol50.org.br\/rest\/wp\/v2\/users\/2"}],"replies":[{"embeddable":true,"href":"https:\/\/psol50.org.br\/rest\/wp\/v2\/comments?post=31284"}],"version-history":[{"count":0,"href":"https:\/\/psol50.org.br\/rest\/wp\/v2\/posts\/31284\/revisions"}],"wp:featuredmedia":[{"embeddable":true,"href":"https:\/\/psol50.org.br\/rest\/wp\/v2\/media\/31285"}],"wp:attachment":[{"href":"https:\/\/psol50.org.br\/rest\/wp\/v2\/media?parent=31284"}],"wp:term":[{"taxonomy":"category","embeddable":true,"href":"https:\/\/psol50.org.br\/rest\/wp\/v2\/categories?post=31284"},{"taxonomy":"post_tag","embeddable":true,"href":"https:\/\/psol50.org.br\/rest\/wp\/v2\/tags?post=31284"}],"curies":[{"name":"wp","href":"https:\/\/api.w.org\/{rel}","templated":true}]}}