{"id":31288,"date":"2020-11-30T15:17:22","date_gmt":"2020-11-30T18:17:22","guid":{"rendered":"https:\/\/psol50.org.br\/?p=31288"},"modified":"2020-11-30T15:17:22","modified_gmt":"2020-11-30T18:17:22","slug":"governo-do-povo-conheca-a-experiencia-que-vai-inspirar-o-novo-governo-de-edmilson-rodrigues-em-belem","status":"publish","type":"post","link":"https:\/\/psol50.org.br\/governo-do-povo-conheca-a-experiencia-que-vai-inspirar-o-novo-governo-de-edmilson-rodrigues-em-belem\/","title":{"rendered":"Governo do Povo: conhe\u00e7a a experi\u00eancia que vai inspirar o novo governo de Edmilson Rodrigues em Bel\u00e9m"},"content":{"rendered":"<p><a href=\"https:\/\/psol50.org.br\/rendajusta\/\" target=\"_blank\" rel=\"noopener noreferrer\"><img loading=\"lazy\" decoding=\"async\" class=\"alignnone size-full wp-image-30552\" src=\"https:\/\/psol50.org.br\/inc\/uploads\/2020\/08\/21-08-2020_LancamentoRendaJusta-2.png\" alt=\"\" width=\"1920\" height=\"383\" srcset=\"https:\/\/psol50.org.br\/inc\/uploads\/2020\/08\/21-08-2020_LancamentoRendaJusta-2.png 1920w, https:\/\/psol50.org.br\/inc\/uploads\/2020\/08\/21-08-2020_LancamentoRendaJusta-2-300x60.png 300w, https:\/\/psol50.org.br\/inc\/uploads\/2020\/08\/21-08-2020_LancamentoRendaJusta-2-1024x204.png 1024w, https:\/\/psol50.org.br\/inc\/uploads\/2020\/08\/21-08-2020_LancamentoRendaJusta-2-768x153.png 768w, https:\/\/psol50.org.br\/inc\/uploads\/2020\/08\/21-08-2020_LancamentoRendaJusta-2-1536x306.png 1536w, https:\/\/psol50.org.br\/inc\/uploads\/2020\/08\/21-08-2020_LancamentoRendaJusta-2-150x30.png 150w, https:\/\/psol50.org.br\/inc\/uploads\/2020\/08\/21-08-2020_LancamentoRendaJusta-2-696x139.png 696w, https:\/\/psol50.org.br\/inc\/uploads\/2020\/08\/21-08-2020_LancamentoRendaJusta-2-1068x213.png 1068w\" sizes=\"auto, (max-width: 1920px) 100vw, 1920px\" \/><\/a><\/p>\n<p>De 1997 a 2004, Bel\u00e9m (PA) viveu uma das experi\u00eancias mais avan\u00e7adas de democratiza\u00e7\u00e3o do poder e das institui\u00e7\u00f5es com um governo popular que teve Edmilson Rodrigues como prefeito na capital paraense. Conhecido popularmente como &#8220;Governo do Povo&#8221; estes 8 anos de efervesc\u00eancia democr\u00e1tica ser\u00e3o a principal inspira\u00e7\u00e3o para a pr\u00f3xima gest\u00e3o de Edmilson Rodrigues \u00e0 frente da Prefeitura que come\u00e7ar\u00e1 em 1\u00ba de janeiro de 2021.<\/p>\n<h5>VIT\u00d3RIA SURPREENDENTE<\/h5>\n<p>Nas elei\u00e7\u00f5es de 1996 \u00e0 Prefeitura, Edmilson Rodrigues, ent\u00e3o do Partido dos Trabalhadores (PT), come\u00e7ou o per\u00edodo eleitoral com apenas 3% das inten\u00e7\u00f5es de voto nas pesquisas realizadas na cidade. Por\u00e9m, a for\u00e7a hist\u00f3rica dos movimentos comunit\u00e1rios, de moradia, dos professores da cidade e os jovens do movimento estudantil popular na cidade foram fundamentais para que Edmilson surgisse forte e tivesse uma vota\u00e7\u00e3o hist\u00f3rica nas elei\u00e7\u00f5es daquele ano.<\/p>\n<p>No segundo turno das elei\u00e7\u00f5es daquele ano, Edmilson Rodrigues foi eleito com mais de 57% dos votos, derrotando Ramiro Bentes (PDT). Em 2000, o hoje psolista foi reeleito prefeito de Bel\u00e9m com 51% dos votos, derrotando Duciomar Costa (PSD) no segundo turno.<\/p>\n<p>Agora em 2018, terceira vez que Edmilson Rodrigues \u00e9 eleito prefeito de Bel\u00e9m, ele derrotou o Delegado Federal Eguchi (Patriotas), com quase 52% dos votos v\u00e1lidos e o voto de mais de 390 mil belenenses.<\/p>\n<h5>OR\u00c7AMENTO PARTICIPATIVO<\/h5>\n<p>O or\u00e7amento participativo foi uma das principais marcas da primeira gest\u00e3o de Edmilson Rodrigues em Bel\u00e9m, entre 1997 e 2000. Pr\u00e1tica que democratiza o or\u00e7amento p\u00fablico e empodera a popula\u00e7\u00e3o e suas organiza\u00e7\u00f5es locais na indica\u00e7\u00e3o de quais s\u00e3o as prioridades da cidade, o or\u00e7amento participativo foi uma marca de algumas das mais avan\u00e7adas experi\u00eancias de governos populares da d\u00e9cada de 90. Assim como fizeram Ol\u00edvio Dutra em Porto Alegre e Patrus Ananias em Belo Horizonte entre 1989 e 1992 e 1993 e 1996, respectivamente.<\/p>\n<p>Bel\u00e9m foi a primeira capital da regi\u00e3o Norte do Brasil a implantar o mecanismo do Or\u00e7amento Participativo, j\u00e1 logo no primeiro ano de gest\u00e3o de Edmilson Rodrigues. Desde os primeiros dias de gest\u00e3o foram realizadas reuni\u00f5es amplas, assembleias populares e conclama\u00e7\u00f5es p\u00fablicas \u00e0 participa\u00e7\u00e3o da popula\u00e7\u00e3o de Bel\u00e9m na constru\u00e7\u00e3o da primeira experi\u00eancia de Or\u00e7amento Participativo.<\/p>\n<p>O primeiro governo de Edmilson Rodrigues tinha sete marcas de gest\u00e3o principais que norteavam cada a\u00e7\u00e3o do Governo do Povo: Garantir futuro \u00e0s crian\u00e7as e adolescentes, Sa\u00fade para Todos, Sanear Bel\u00e9m, Revitalizar Bel\u00e9m, Transporte Humano, Participa\u00e7\u00e3o Popular e Valorizar o servidor p\u00fablico.<\/p>\n<p>A constru\u00e7\u00e3o do or\u00e7amento do munic\u00edpio acontecia durante todo o ano. Come\u00e7ava j\u00e1 em mar\u00e7o, com discuss\u00f5es e assembleias realizadas por todos os bairros para organizar as principais demandas que embasariam a pe\u00e7a or\u00e7ament\u00e1ria que seria apresentada pela Prefeitura \u00e0 C\u00e2mara Municipal. Conselhos, f\u00f3runs e espa\u00e7os de debate subsidiavam as pol\u00edticas p\u00fablicas setoriais que seriam acrescentadas no or\u00e7amento.<\/p>\n<p>Eram nas assembleias em cada microrregi\u00e3o de Bel\u00e9m que representantes do governo municipal prestavam contas \u00e0 popula\u00e7\u00e3o da atua\u00e7\u00e3o da Prefeitura no ano anterior. Milhares de pessoas participavam destas assembleias, mesmo que n\u00e3o fosse obrigat\u00f3rio, e elegiam delegados representantes do povo em cada regi\u00e3o que acompanhariam as discuss\u00f5es do or\u00e7amento e levariam as demandas populares ao documento.<\/p>\n<h5>CONGRESSO DA CIDADE<\/h5>\n<p>Ap\u00f3s a reelei\u00e7\u00e3o de Edmilson Rodrigues em 2000, o segundo mandato popular de Bel\u00e9m teve outra inova\u00e7\u00e3o: o Congresso da Cidade, que era um espa\u00e7o de democracia direta para que a popula\u00e7\u00e3o apresentasse as suas perspectivas de forma ainda mais global sobre os rumos da administra\u00e7\u00e3o municipal, e n\u00e3o mais apenas sobre a destina\u00e7\u00e3o de prioridades no or\u00e7amento da cidade.<\/p>\n<p>O Congresso da Cidade foi um importante mecanismo para colocar o povo cada vez mais no centro das decis\u00f5es da cidade e disputar os rumos das decis\u00f5es administrativas de Bel\u00e9m com a maioria conservadora na C\u00e2mara Municipal. Uma das formas mais avan\u00e7adas de participa\u00e7\u00e3o popular j\u00e1 experimentada no Brasil e que respondia aos que acreditam na governabilidade apenas atrav\u00e9s de institui\u00e7\u00f5es como a C\u00e2mara Municipal.<\/p>\n<p>Iniciativas estas de democratiza\u00e7\u00e3o da administra\u00e7\u00e3o que, infelizmente, foram descontinuadas nas gest\u00f5es municipais seguintes. Agora, na terceira passagem de Edmilson Rodrigues \u00e0 frente da Prefeitura, a amplia\u00e7\u00e3o da participa\u00e7\u00e3o popular e o povo no centro das decis\u00f5es ser\u00e1, com certeza, uma das prioridades do novo Governo do Povo em Bel\u00e9m.<\/p>\n<p><a href=\"https:\/\/impeachmentpopular.com.br\/\" target=\"_blank\" rel=\"noopener noreferrer\"><img loading=\"lazy\" decoding=\"async\" class=\"alignnone size-full wp-image-29118\" src=\"https:\/\/psol50.org.br\/inc\/uploads\/2020\/05\/Email_Impeachment.png\" alt=\"\" width=\"1080\" height=\"250\" srcset=\"https:\/\/psol50.org.br\/inc\/uploads\/2020\/05\/Email_Impeachment.png 1080w, https:\/\/psol50.org.br\/inc\/uploads\/2020\/05\/Email_Impeachment-300x69.png 300w, https:\/\/psol50.org.br\/inc\/uploads\/2020\/05\/Email_Impeachment-1024x237.png 1024w, https:\/\/psol50.org.br\/inc\/uploads\/2020\/05\/Email_Impeachment-768x178.png 768w, https:\/\/psol50.org.br\/inc\/uploads\/2020\/05\/Email_Impeachment-150x35.png 150w, https:\/\/psol50.org.br\/inc\/uploads\/2020\/05\/Email_Impeachment-696x161.png 696w, https:\/\/psol50.org.br\/inc\/uploads\/2020\/05\/Email_Impeachment-1068x247.png 1068w\" sizes=\"auto, (max-width: 1080px) 100vw, 1080px\" \/><\/a><\/p>\n","protected":false},"excerpt":{"rendered":"<p>De 1997 a 2004, Bel\u00e9m (PA) viveu uma das experi\u00eancias mais avan\u00e7adas de democratiza\u00e7\u00e3o do poder e das institui\u00e7\u00f5es com um governo popular que teve Edmilson Rodrigues como prefeito na capital paraense. Conhecido popularmente como &#8220;Governo do Povo&#8221; estes 8 anos de efervesc\u00eancia democr\u00e1tica ser\u00e3o a principal inspira\u00e7\u00e3o para a pr\u00f3xima gest\u00e3o de Edmilson Rodrigues [&hellip;]<\/p>\n","protected":false},"author":2,"featured_media":31291,"comment_status":"closed","ping_status":"open","sticky":false,"template":"","format":"standard","meta":{"_acf_changed":false,"footnotes":""},"categories":[6,14],"tags":[204,643,973,343],"class_list":{"0":"post-31288","1":"post","2":"type-post","3":"status-publish","4":"format-standard","5":"has-post-thumbnail","7":"category-noticias","8":"category-partido","9":"tag-204","10":"tag-belem","11":"tag-edmilson-rodrigues","12":"tag-eleicoes"},"acf":[],"yoast_head":"<!-- This site is optimized with the Yoast SEO plugin v26.5 - https:\/\/yoast.com\/wordpress\/plugins\/seo\/ -->\n<title>Governo do Povo: conhe\u00e7a a experi\u00eancia que vai inspirar o novo governo de Edmilson Rodrigues em Bel\u00e9m<\/title>\n<meta name=\"description\" content=\"8 anos de efervesc\u00eancia democr\u00e1tica ser\u00e3o inspira\u00e7\u00e3o para a gest\u00e3o de Edmilson Rodrigues que come\u00e7a em 1\u00ba de janeiro de 2021.\" \/>\n<meta name=\"robots\" content=\"index, follow, max-snippet:-1, max-image-preview:large, max-video-preview:-1\" \/>\n<link rel=\"canonical\" href=\"https:\/\/psol50.org.br\/governo-do-povo-conheca-a-experiencia-que-vai-inspirar-o-novo-governo-de-edmilson-rodrigues-em-belem\/\" \/>\n<meta property=\"og:locale\" content=\"pt_BR\" \/>\n<meta property=\"og:type\" content=\"article\" \/>\n<meta property=\"og:title\" content=\"Governo do Povo: conhe\u00e7a a experi\u00eancia que vai inspirar o novo governo de Edmilson Rodrigues em Bel\u00e9m\" \/>\n<meta property=\"og:description\" content=\"8 anos de efervesc\u00eancia democr\u00e1tica ser\u00e3o inspira\u00e7\u00e3o para a gest\u00e3o de Edmilson Rodrigues que come\u00e7a em 1\u00ba de janeiro de 2021.\" \/>\n<meta property=\"og:url\" content=\"https:\/\/psol50.org.br\/governo-do-povo-conheca-a-experiencia-que-vai-inspirar-o-novo-governo-de-edmilson-rodrigues-em-belem\/\" \/>\n<meta property=\"og:site_name\" content=\"PSOL 50\" \/>\n<meta property=\"article:publisher\" content=\"https:\/\/www.facebook.com\/psol50\" \/>\n<meta property=\"article:published_time\" content=\"2020-11-30T18:17:22+00:00\" \/>\n<meta property=\"og:image\" content=\"https:\/\/psol50.org.br\/inc\/uploads\/2020\/11\/Fotos-1-CC-Diversidade-Religiosa.jpeg\" \/>\n\t<meta property=\"og:image:width\" content=\"1024\" \/>\n\t<meta property=\"og:image:height\" content=\"684\" \/>\n\t<meta property=\"og:image:type\" content=\"image\/jpeg\" \/>\n<meta name=\"author\" content=\"Comunica\u00e7\u00e3o PSOL\" \/>\n<meta name=\"twitter:card\" content=\"summary_large_image\" \/>\n<meta name=\"twitter:title\" content=\"Governo do Povo: conhe\u00e7a a experi\u00eancia que vai inspirar o novo governo de Edmilson Rodrigues em Bel\u00e9m\" \/>\n<meta name=\"twitter:description\" content=\"8 anos de efervesc\u00eancia democr\u00e1tica ser\u00e3o inspira\u00e7\u00e3o para a gest\u00e3o de Edmilson Rodrigues que come\u00e7a em 1\u00ba de janeiro de 2021.\" \/>\n<meta name=\"twitter:image\" content=\"https:\/\/psol50.org.br\/inc\/uploads\/2020\/11\/Fotos-1-CC-Diversidade-Religiosa.jpeg\" \/>\n<meta name=\"twitter:creator\" content=\"@psol50\" \/>\n<meta name=\"twitter:site\" content=\"@psol50\" \/>\n<meta name=\"twitter:label1\" content=\"Escrito por\" \/>\n\t<meta name=\"twitter:data1\" content=\"Comunica\u00e7\u00e3o PSOL\" \/>\n\t<meta name=\"twitter:label2\" content=\"Est. tempo de leitura\" \/>\n\t<meta name=\"twitter:data2\" content=\"4 minutos\" \/>\n<script type=\"application\/ld+json\" class=\"yoast-schema-graph\">{\"@context\":\"https:\/\/schema.org\",\"@graph\":[{\"@type\":\"Article\",\"@id\":\"https:\/\/psol50.org.br\/governo-do-povo-conheca-a-experiencia-que-vai-inspirar-o-novo-governo-de-edmilson-rodrigues-em-belem\/#article\",\"isPartOf\":{\"@id\":\"https:\/\/psol50.org.br\/governo-do-povo-conheca-a-experiencia-que-vai-inspirar-o-novo-governo-de-edmilson-rodrigues-em-belem\/\"},\"author\":{\"name\":\"Comunica\u00e7\u00e3o PSOL\",\"@id\":\"https:\/\/psol50.org.br\/#\/schema\/person\/475dfa57d0b815993c714c2e96491fcd\"},\"headline\":\"Governo do Povo: conhe\u00e7a a experi\u00eancia que vai inspirar o novo governo de Edmilson Rodrigues em Bel\u00e9m\",\"datePublished\":\"2020-11-30T18:17:22+00:00\",\"mainEntityOfPage\":{\"@id\":\"https:\/\/psol50.org.br\/governo-do-povo-conheca-a-experiencia-que-vai-inspirar-o-novo-governo-de-edmilson-rodrigues-em-belem\/\"},\"wordCount\":801,\"publisher\":{\"@id\":\"https:\/\/psol50.org.br\/#organization\"},\"image\":{\"@id\":\"https:\/\/psol50.org.br\/governo-do-povo-conheca-a-experiencia-que-vai-inspirar-o-novo-governo-de-edmilson-rodrigues-em-belem\/#primaryimage\"},\"thumbnailUrl\":\"https:\/\/psol50.org.br\/inc\/uploads\/2020\/11\/Fotos-1-CC-Diversidade-Religiosa.jpeg\",\"keywords\":[\"2020\",\"Bel\u00e9m\",\"Edmilson Rodrigues\",\"elei\u00e7\u00f5es\"],\"articleSection\":[\"Not\u00edcias\",\"Partido\"],\"inLanguage\":\"pt-BR\"},{\"@type\":\"WebPage\",\"@id\":\"https:\/\/psol50.org.br\/governo-do-povo-conheca-a-experiencia-que-vai-inspirar-o-novo-governo-de-edmilson-rodrigues-em-belem\/\",\"url\":\"https:\/\/psol50.org.br\/governo-do-povo-conheca-a-experiencia-que-vai-inspirar-o-novo-governo-de-edmilson-rodrigues-em-belem\/\",\"name\":\"Governo do Povo: conhe\u00e7a a experi\u00eancia que vai inspirar o novo governo de Edmilson Rodrigues em Bel\u00e9m\",\"isPartOf\":{\"@id\":\"https:\/\/psol50.org.br\/#website\"},\"primaryImageOfPage\":{\"@id\":\"https:\/\/psol50.org.br\/governo-do-povo-conheca-a-experiencia-que-vai-inspirar-o-novo-governo-de-edmilson-rodrigues-em-belem\/#primaryimage\"},\"image\":{\"@id\":\"https:\/\/psol50.org.br\/governo-do-povo-conheca-a-experiencia-que-vai-inspirar-o-novo-governo-de-edmilson-rodrigues-em-belem\/#primaryimage\"},\"thumbnailUrl\":\"https:\/\/psol50.org.br\/inc\/uploads\/2020\/11\/Fotos-1-CC-Diversidade-Religiosa.jpeg\",\"datePublished\":\"2020-11-30T18:17:22+00:00\",\"description\":\"8 anos de efervesc\u00eancia democr\u00e1tica ser\u00e3o inspira\u00e7\u00e3o para a gest\u00e3o de Edmilson Rodrigues que come\u00e7a em 1\u00ba de janeiro de 2021.\",\"breadcrumb\":{\"@id\":\"https:\/\/psol50.org.br\/governo-do-povo-conheca-a-experiencia-que-vai-inspirar-o-novo-governo-de-edmilson-rodrigues-em-belem\/#breadcrumb\"},\"inLanguage\":\"pt-BR\",\"potentialAction\":[{\"@type\":\"ReadAction\",\"target\":[\"https:\/\/psol50.org.br\/governo-do-povo-conheca-a-experiencia-que-vai-inspirar-o-novo-governo-de-edmilson-rodrigues-em-belem\/\"]}]},{\"@type\":\"ImageObject\",\"inLanguage\":\"pt-BR\",\"@id\":\"https:\/\/psol50.org.br\/governo-do-povo-conheca-a-experiencia-que-vai-inspirar-o-novo-governo-de-edmilson-rodrigues-em-belem\/#primaryimage\",\"url\":\"https:\/\/psol50.org.br\/inc\/uploads\/2020\/11\/Fotos-1-CC-Diversidade-Religiosa.jpeg\",\"contentUrl\":\"https:\/\/psol50.org.br\/inc\/uploads\/2020\/11\/Fotos-1-CC-Diversidade-Religiosa.jpeg\",\"width\":1024,\"height\":684},{\"@type\":\"BreadcrumbList\",\"@id\":\"https:\/\/psol50.org.br\/governo-do-povo-conheca-a-experiencia-que-vai-inspirar-o-novo-governo-de-edmilson-rodrigues-em-belem\/#breadcrumb\",\"itemListElement\":[{\"@type\":\"ListItem\",\"position\":1,\"name\":\"In\u00edcio\",\"item\":\"https:\/\/psol50.org.br\/\"},{\"@type\":\"ListItem\",\"position\":2,\"name\":\"Governo do Povo: conhe\u00e7a a experi\u00eancia que vai inspirar o novo governo de Edmilson Rodrigues em Bel\u00e9m\"}]},{\"@type\":\"WebSite\",\"@id\":\"https:\/\/psol50.org.br\/#website\",\"url\":\"https:\/\/psol50.org.br\/\",\"name\":\"PSOL 50\",\"description\":\"Site oficial do Partido Socialismo e Liberdade\",\"publisher\":{\"@id\":\"https:\/\/psol50.org.br\/#organization\"},\"alternateName\":\"PSOL50\",\"potentialAction\":[{\"@type\":\"SearchAction\",\"target\":{\"@type\":\"EntryPoint\",\"urlTemplate\":\"https:\/\/psol50.org.br\/?s={search_term_string}\"},\"query-input\":{\"@type\":\"PropertyValueSpecification\",\"valueRequired\":true,\"valueName\":\"search_term_string\"}}],\"inLanguage\":\"pt-BR\"},{\"@type\":\"Organization\",\"@id\":\"https:\/\/psol50.org.br\/#organization\",\"name\":\"PSOL 50\",\"alternateName\":\"PSOL 50\",\"url\":\"https:\/\/psol50.org.br\/\",\"logo\":{\"@type\":\"ImageObject\",\"inLanguage\":\"pt-BR\",\"@id\":\"https:\/\/psol50.org.br\/#\/schema\/logo\/image\/\",\"url\":\"https:\/\/psol50.org.br\/inc\/uploads\/2018\/07\/capa.png\",\"contentUrl\":\"https:\/\/psol50.org.br\/inc\/uploads\/2018\/07\/capa.png\",\"width\":1350,\"height\":900,\"caption\":\"PSOL 50\"},\"image\":{\"@id\":\"https:\/\/psol50.org.br\/#\/schema\/logo\/image\/\"},\"sameAs\":[\"https:\/\/www.facebook.com\/psol50\",\"https:\/\/x.com\/psol50\",\"https:\/\/www.instagram.com\/psol50\/\",\"https:\/\/www.youtube.com\/channel\/UC7SnJS5o1os7a6CaiNabzcg\"]},{\"@type\":\"Person\",\"@id\":\"https:\/\/psol50.org.br\/#\/schema\/person\/475dfa57d0b815993c714c2e96491fcd\",\"name\":\"Comunica\u00e7\u00e3o PSOL\",\"image\":{\"@type\":\"ImageObject\",\"inLanguage\":\"pt-BR\",\"@id\":\"https:\/\/psol50.org.br\/#\/schema\/person\/image\/\",\"url\":\"https:\/\/secure.gravatar.com\/avatar\/b34fc4f4e468a4e51785917065a3db57b841f5c95dba6ad8c73aaf8f66f8f9bf?s=96&d=mm&r=g\",\"contentUrl\":\"https:\/\/secure.gravatar.com\/avatar\/b34fc4f4e468a4e51785917065a3db57b841f5c95dba6ad8c73aaf8f66f8f9bf?s=96&d=mm&r=g\",\"caption\":\"Comunica\u00e7\u00e3o PSOL\"}}]}<\/script>\n<!-- \/ Yoast SEO plugin. -->","yoast_head_json":{"title":"Governo do Povo: conhe\u00e7a a experi\u00eancia que vai inspirar o novo governo de Edmilson Rodrigues em Bel\u00e9m","description":"8 anos de efervesc\u00eancia democr\u00e1tica ser\u00e3o inspira\u00e7\u00e3o para a gest\u00e3o de Edmilson Rodrigues que come\u00e7a em 1\u00ba de janeiro de 2021.","robots":{"index":"index","follow":"follow","max-snippet":"max-snippet:-1","max-image-preview":"max-image-preview:large","max-video-preview":"max-video-preview:-1"},"canonical":"https:\/\/psol50.org.br\/governo-do-povo-conheca-a-experiencia-que-vai-inspirar-o-novo-governo-de-edmilson-rodrigues-em-belem\/","og_locale":"pt_BR","og_type":"article","og_title":"Governo do Povo: conhe\u00e7a a experi\u00eancia que vai inspirar o novo governo de Edmilson Rodrigues em Bel\u00e9m","og_description":"8 anos de efervesc\u00eancia democr\u00e1tica ser\u00e3o inspira\u00e7\u00e3o para a gest\u00e3o de Edmilson Rodrigues que come\u00e7a em 1\u00ba de janeiro de 2021.","og_url":"https:\/\/psol50.org.br\/governo-do-povo-conheca-a-experiencia-que-vai-inspirar-o-novo-governo-de-edmilson-rodrigues-em-belem\/","og_site_name":"PSOL 50","article_publisher":"https:\/\/www.facebook.com\/psol50","article_published_time":"2020-11-30T18:17:22+00:00","og_image":[{"width":1024,"height":684,"url":"https:\/\/psol50.org.br\/inc\/uploads\/2020\/11\/Fotos-1-CC-Diversidade-Religiosa.jpeg","type":"image\/jpeg"}],"author":"Comunica\u00e7\u00e3o PSOL","twitter_card":"summary_large_image","twitter_title":"Governo do Povo: conhe\u00e7a a experi\u00eancia que vai inspirar o novo governo de Edmilson Rodrigues em Bel\u00e9m","twitter_description":"8 anos de efervesc\u00eancia democr\u00e1tica ser\u00e3o inspira\u00e7\u00e3o para a gest\u00e3o de Edmilson Rodrigues que come\u00e7a em 1\u00ba de janeiro de 2021.","twitter_image":"https:\/\/psol50.org.br\/inc\/uploads\/2020\/11\/Fotos-1-CC-Diversidade-Religiosa.jpeg","twitter_creator":"@psol50","twitter_site":"@psol50","twitter_misc":{"Escrito por":"Comunica\u00e7\u00e3o PSOL","Est. tempo de leitura":"4 minutos"},"schema":{"@context":"https:\/\/schema.org","@graph":[{"@type":"Article","@id":"https:\/\/psol50.org.br\/governo-do-povo-conheca-a-experiencia-que-vai-inspirar-o-novo-governo-de-edmilson-rodrigues-em-belem\/#article","isPartOf":{"@id":"https:\/\/psol50.org.br\/governo-do-povo-conheca-a-experiencia-que-vai-inspirar-o-novo-governo-de-edmilson-rodrigues-em-belem\/"},"author":{"name":"Comunica\u00e7\u00e3o PSOL","@id":"https:\/\/psol50.org.br\/#\/schema\/person\/475dfa57d0b815993c714c2e96491fcd"},"headline":"Governo do Povo: conhe\u00e7a a experi\u00eancia que vai inspirar o novo governo de Edmilson Rodrigues em Bel\u00e9m","datePublished":"2020-11-30T18:17:22+00:00","mainEntityOfPage":{"@id":"https:\/\/psol50.org.br\/governo-do-povo-conheca-a-experiencia-que-vai-inspirar-o-novo-governo-de-edmilson-rodrigues-em-belem\/"},"wordCount":801,"publisher":{"@id":"https:\/\/psol50.org.br\/#organization"},"image":{"@id":"https:\/\/psol50.org.br\/governo-do-povo-conheca-a-experiencia-que-vai-inspirar-o-novo-governo-de-edmilson-rodrigues-em-belem\/#primaryimage"},"thumbnailUrl":"https:\/\/psol50.org.br\/inc\/uploads\/2020\/11\/Fotos-1-CC-Diversidade-Religiosa.jpeg","keywords":["2020","Bel\u00e9m","Edmilson Rodrigues","elei\u00e7\u00f5es"],"articleSection":["Not\u00edcias","Partido"],"inLanguage":"pt-BR"},{"@type":"WebPage","@id":"https:\/\/psol50.org.br\/governo-do-povo-conheca-a-experiencia-que-vai-inspirar-o-novo-governo-de-edmilson-rodrigues-em-belem\/","url":"https:\/\/psol50.org.br\/governo-do-povo-conheca-a-experiencia-que-vai-inspirar-o-novo-governo-de-edmilson-rodrigues-em-belem\/","name":"Governo do Povo: conhe\u00e7a a experi\u00eancia que vai inspirar o novo governo de Edmilson Rodrigues em Bel\u00e9m","isPartOf":{"@id":"https:\/\/psol50.org.br\/#website"},"primaryImageOfPage":{"@id":"https:\/\/psol50.org.br\/governo-do-povo-conheca-a-experiencia-que-vai-inspirar-o-novo-governo-de-edmilson-rodrigues-em-belem\/#primaryimage"},"image":{"@id":"https:\/\/psol50.org.br\/governo-do-povo-conheca-a-experiencia-que-vai-inspirar-o-novo-governo-de-edmilson-rodrigues-em-belem\/#primaryimage"},"thumbnailUrl":"https:\/\/psol50.org.br\/inc\/uploads\/2020\/11\/Fotos-1-CC-Diversidade-Religiosa.jpeg","datePublished":"2020-11-30T18:17:22+00:00","description":"8 anos de efervesc\u00eancia democr\u00e1tica ser\u00e3o inspira\u00e7\u00e3o para a gest\u00e3o de Edmilson Rodrigues que come\u00e7a em 1\u00ba de janeiro de 2021.","breadcrumb":{"@id":"https:\/\/psol50.org.br\/governo-do-povo-conheca-a-experiencia-que-vai-inspirar-o-novo-governo-de-edmilson-rodrigues-em-belem\/#breadcrumb"},"inLanguage":"pt-BR","potentialAction":[{"@type":"ReadAction","target":["https:\/\/psol50.org.br\/governo-do-povo-conheca-a-experiencia-que-vai-inspirar-o-novo-governo-de-edmilson-rodrigues-em-belem\/"]}]},{"@type":"ImageObject","inLanguage":"pt-BR","@id":"https:\/\/psol50.org.br\/governo-do-povo-conheca-a-experiencia-que-vai-inspirar-o-novo-governo-de-edmilson-rodrigues-em-belem\/#primaryimage","url":"https:\/\/psol50.org.br\/inc\/uploads\/2020\/11\/Fotos-1-CC-Diversidade-Religiosa.jpeg","contentUrl":"https:\/\/psol50.org.br\/inc\/uploads\/2020\/11\/Fotos-1-CC-Diversidade-Religiosa.jpeg","width":1024,"height":684},{"@type":"BreadcrumbList","@id":"https:\/\/psol50.org.br\/governo-do-povo-conheca-a-experiencia-que-vai-inspirar-o-novo-governo-de-edmilson-rodrigues-em-belem\/#breadcrumb","itemListElement":[{"@type":"ListItem","position":1,"name":"In\u00edcio","item":"https:\/\/psol50.org.br\/"},{"@type":"ListItem","position":2,"name":"Governo do Povo: conhe\u00e7a a experi\u00eancia que vai inspirar o novo governo de Edmilson Rodrigues em Bel\u00e9m"}]},{"@type":"WebSite","@id":"https:\/\/psol50.org.br\/#website","url":"https:\/\/psol50.org.br\/","name":"PSOL 50","description":"Site oficial do Partido Socialismo e Liberdade","publisher":{"@id":"https:\/\/psol50.org.br\/#organization"},"alternateName":"PSOL50","potentialAction":[{"@type":"SearchAction","target":{"@type":"EntryPoint","urlTemplate":"https:\/\/psol50.org.br\/?s={search_term_string}"},"query-input":{"@type":"PropertyValueSpecification","valueRequired":true,"valueName":"search_term_string"}}],"inLanguage":"pt-BR"},{"@type":"Organization","@id":"https:\/\/psol50.org.br\/#organization","name":"PSOL 50","alternateName":"PSOL 50","url":"https:\/\/psol50.org.br\/","logo":{"@type":"ImageObject","inLanguage":"pt-BR","@id":"https:\/\/psol50.org.br\/#\/schema\/logo\/image\/","url":"https:\/\/psol50.org.br\/inc\/uploads\/2018\/07\/capa.png","contentUrl":"https:\/\/psol50.org.br\/inc\/uploads\/2018\/07\/capa.png","width":1350,"height":900,"caption":"PSOL 50"},"image":{"@id":"https:\/\/psol50.org.br\/#\/schema\/logo\/image\/"},"sameAs":["https:\/\/www.facebook.com\/psol50","https:\/\/x.com\/psol50","https:\/\/www.instagram.com\/psol50\/","https:\/\/www.youtube.com\/channel\/UC7SnJS5o1os7a6CaiNabzcg"]},{"@type":"Person","@id":"https:\/\/psol50.org.br\/#\/schema\/person\/475dfa57d0b815993c714c2e96491fcd","name":"Comunica\u00e7\u00e3o PSOL","image":{"@type":"ImageObject","inLanguage":"pt-BR","@id":"https:\/\/psol50.org.br\/#\/schema\/person\/image\/","url":"https:\/\/secure.gravatar.com\/avatar\/b34fc4f4e468a4e51785917065a3db57b841f5c95dba6ad8c73aaf8f66f8f9bf?s=96&d=mm&r=g","contentUrl":"https:\/\/secure.gravatar.com\/avatar\/b34fc4f4e468a4e51785917065a3db57b841f5c95dba6ad8c73aaf8f66f8f9bf?s=96&d=mm&r=g","caption":"Comunica\u00e7\u00e3o PSOL"}}]}},"_links":{"self":[{"href":"https:\/\/psol50.org.br\/rest\/wp\/v2\/posts\/31288","targetHints":{"allow":["GET"]}}],"collection":[{"href":"https:\/\/psol50.org.br\/rest\/wp\/v2\/posts"}],"about":[{"href":"https:\/\/psol50.org.br\/rest\/wp\/v2\/types\/post"}],"author":[{"embeddable":true,"href":"https:\/\/psol50.org.br\/rest\/wp\/v2\/users\/2"}],"replies":[{"embeddable":true,"href":"https:\/\/psol50.org.br\/rest\/wp\/v2\/comments?post=31288"}],"version-history":[{"count":0,"href":"https:\/\/psol50.org.br\/rest\/wp\/v2\/posts\/31288\/revisions"}],"wp:featuredmedia":[{"embeddable":true,"href":"https:\/\/psol50.org.br\/rest\/wp\/v2\/media\/31291"}],"wp:attachment":[{"href":"https:\/\/psol50.org.br\/rest\/wp\/v2\/media?parent=31288"}],"wp:term":[{"taxonomy":"category","embeddable":true,"href":"https:\/\/psol50.org.br\/rest\/wp\/v2\/categories?post=31288"},{"taxonomy":"post_tag","embeddable":true,"href":"https:\/\/psol50.org.br\/rest\/wp\/v2\/tags?post=31288"}],"curies":[{"name":"wp","href":"https:\/\/api.w.org\/{rel}","templated":true}]}}