{"id":31296,"date":"2020-11-30T15:47:18","date_gmt":"2020-11-30T18:47:18","guid":{"rendered":"https:\/\/psol50.org.br\/?p=31296"},"modified":"2020-11-30T15:47:18","modified_gmt":"2020-11-30T18:47:18","slug":"conheca-edmilson-rodrigues-eleito-prefeito-de-belem-pa-pelo-psol","status":"publish","type":"post","link":"https:\/\/psol50.org.br\/conheca-edmilson-rodrigues-eleito-prefeito-de-belem-pa-pelo-psol\/","title":{"rendered":"Conhe\u00e7a Edmilson Rodrigues, eleito prefeito de Bel\u00e9m (PA) pelo PSOL"},"content":{"rendered":"<p><a href=\"https:\/\/psol50.org.br\/rendajusta\/\" target=\"_blank\" rel=\"noopener noreferrer\"><img loading=\"lazy\" decoding=\"async\" class=\"alignnone size-full wp-image-30552\" src=\"https:\/\/psol50.org.br\/inc\/uploads\/2020\/08\/21-08-2020_LancamentoRendaJusta-2.png\" alt=\"\" width=\"1920\" height=\"383\" srcset=\"https:\/\/psol50.org.br\/inc\/uploads\/2020\/08\/21-08-2020_LancamentoRendaJusta-2.png 1920w, https:\/\/psol50.org.br\/inc\/uploads\/2020\/08\/21-08-2020_LancamentoRendaJusta-2-300x60.png 300w, https:\/\/psol50.org.br\/inc\/uploads\/2020\/08\/21-08-2020_LancamentoRendaJusta-2-1024x204.png 1024w, https:\/\/psol50.org.br\/inc\/uploads\/2020\/08\/21-08-2020_LancamentoRendaJusta-2-768x153.png 768w, https:\/\/psol50.org.br\/inc\/uploads\/2020\/08\/21-08-2020_LancamentoRendaJusta-2-1536x306.png 1536w, https:\/\/psol50.org.br\/inc\/uploads\/2020\/08\/21-08-2020_LancamentoRendaJusta-2-150x30.png 150w, https:\/\/psol50.org.br\/inc\/uploads\/2020\/08\/21-08-2020_LancamentoRendaJusta-2-696x139.png 696w, https:\/\/psol50.org.br\/inc\/uploads\/2020\/08\/21-08-2020_LancamentoRendaJusta-2-1068x213.png 1068w\" sizes=\"auto, (max-width: 1920px) 100vw, 1920px\" \/><\/a><\/p>\n<p>Natural de Bel\u00e9m, Edmilson Rodrigues, gradou-se em arquitetura pela\u00a0Universidade Federal do Par\u00e1 (UFPA)\u00a0em 1982, e concluiu especializa\u00e7\u00e3o em Desenvolvimento de \u00c1reas Amaz\u00f4nicas em 1994. Tamb\u00e9m cursou\u00a0mestrado em Planejamento do Desenvolvimento em 1995, pelo N\u00facleo de Altos Estudos Amaz\u00f4nicos da UFPA, e fez seu doutorado em Geografia Humana pela\u00a0Universidade de S\u00e3o Paulo\u00a0(USP), com a tese\u00a0<i>Territ\u00f3rio e soberania: a Regi\u00e3o Amaz\u00f4nica e o processo de privatiza\u00e7\u00e3o da \u00e1gua vista como norma estrat\u00e9gica do globalitarismo.<\/i><sup id=\"cite_ref-FOOTNOTEC\u00e2mara_dos_Deputados2019_2-2\" class=\"reference\"><\/sup><\/p>\n<p>Edmilson foi professor na Escola Nossa Senhora do P\u00e9rpetuo Socorro, de 1979 a 1982; na Secretaria Executiva de Estado de Educa\u00e7\u00e3o em 1980; docente assistente no\u00a0Instituto Federal de Educa\u00e7\u00e3o, Ci\u00eancia e Tecnologia do Par\u00e1 em 1982. No mesmo ano tamb\u00e9m exerceu este cargo na Universidade Federal Rural do Par\u00e1 e em 1983 passou a professor titular.<\/p>\n<p>Edmilson Rodrigues iniciou sua trajet\u00f3ria na pol\u00edtica institucional em 1986, como deputado estadual pelo Par\u00e1, sendo reeleito para o cargo no pleito de 1990, quando fazia parte do Partido dos Trabalhadores (PT). Em 1996, elegeu-se\u00a0prefeito\u00a0de Bel\u00e9m, em segundo turno, tendo a futura governadora do estado,\u00a0Ana J\u00falia Carepa, como sua vice, e derrotando\u00a0Ramiro Bentes\u00a0(PDT). Tamb\u00e9m foi reeleito em 2000, no segundo turno, com uma vantagem de 50,75% sobre 49,25% de\u00a0Duciomar Costa\u00a0(PSD).<\/p>\n<p>Na prefeitura, destacou-se pela amplia\u00e7\u00e3o da participa\u00e7\u00e3o popular no planejamento da cidade, implantando o Or\u00e7amento Participativo como forma de aumentar a decis\u00e3o popular no or\u00e7amento da Prefeitura.<\/p>\n<p>A gest\u00e3o como prefeito tamb\u00e9m foi marcada pela implanta\u00e7\u00e3o de projetos sociais e culturais para a cidade, o que rendeu a Edmilson pr\u00eamios como o de Prefeito Amigo da Crian\u00e7a por dois anos consecutivos, concedido pela ONU, em virtude do projeto Sementes do Amanh\u00e3, que retirava crian\u00e7as da \u00e1rea de dep\u00f3sito de lixo dando apoio social, financeiro, educacional e profissional para toda a fam\u00edlia. Tamb\u00e9m obteve destaque em outros projetos como a Escola Circo; o Bolsa Fam\u00edlia de um sal\u00e1rio m\u00ednimo; Banco Municipal do Povo e Fam\u00edlia Saud\u00e1vel.<\/p>\n<p>Em 2005, ajudou a fundar e legalizar o Partido Socialismo e Liberdade (PSOL) no Par\u00e1, partido em que j\u00e1 est\u00e1 a 15 anos. Em 2010 foi eleito o deputado estadual mais votado do estado, com mais de 85 mil votos. Em 2014 foi eleito deputado federal, sendo o mais votado na cidade de Bel\u00e9m, e o terceiro em todo o Estado, com uma vota\u00e7\u00e3o de 170.604. Em 2018 reelegeu-se deputado federal com uma vota\u00e7\u00e3o ainda superior, acima de 184 mil votos.<\/p>\n<p>Edmilson Rodrigues chegou ao segundo turno das elei\u00e7\u00f5es para a Prefeitura de Bel\u00e9m tanto em 2012, como em 2016, perdendo sempre por uma pequena margem de votos. Agora em 2020 derrotou no segundo turno o Delegado Federal Eguchi (Patriota) e ser\u00e1 o novo prefeito de Bel\u00e9m.<\/p>\n<p><a href=\"https:\/\/impeachmentpopular.com.br\/\" target=\"_blank\" rel=\"noopener noreferrer\"><img loading=\"lazy\" decoding=\"async\" class=\"alignnone size-full wp-image-29118\" src=\"https:\/\/psol50.org.br\/inc\/uploads\/2020\/05\/Email_Impeachment.png\" alt=\"\" width=\"1080\" height=\"250\" srcset=\"https:\/\/psol50.org.br\/inc\/uploads\/2020\/05\/Email_Impeachment.png 1080w, https:\/\/psol50.org.br\/inc\/uploads\/2020\/05\/Email_Impeachment-300x69.png 300w, https:\/\/psol50.org.br\/inc\/uploads\/2020\/05\/Email_Impeachment-1024x237.png 1024w, https:\/\/psol50.org.br\/inc\/uploads\/2020\/05\/Email_Impeachment-768x178.png 768w, https:\/\/psol50.org.br\/inc\/uploads\/2020\/05\/Email_Impeachment-150x35.png 150w, https:\/\/psol50.org.br\/inc\/uploads\/2020\/05\/Email_Impeachment-696x161.png 696w, https:\/\/psol50.org.br\/inc\/uploads\/2020\/05\/Email_Impeachment-1068x247.png 1068w\" sizes=\"auto, (max-width: 1080px) 100vw, 1080px\" \/><\/a><\/p>\n","protected":false},"excerpt":{"rendered":"<p>Natural de Bel\u00e9m, Edmilson Rodrigues, gradou-se em arquitetura pela\u00a0Universidade Federal do Par\u00e1 (UFPA)\u00a0em 1982, e concluiu especializa\u00e7\u00e3o em Desenvolvimento de \u00c1reas Amaz\u00f4nicas em 1994. Tamb\u00e9m cursou\u00a0mestrado em Planejamento do Desenvolvimento em 1995, pelo N\u00facleo de Altos Estudos Amaz\u00f4nicos da UFPA, e fez seu doutorado em Geografia Humana pela\u00a0Universidade de S\u00e3o Paulo\u00a0(USP), com a tese\u00a0Territ\u00f3rio e [&hellip;]<\/p>\n","protected":false},"author":2,"featured_media":31297,"comment_status":"closed","ping_status":"open","sticky":false,"template":"","format":"standard","meta":{"_acf_changed":false,"footnotes":""},"categories":[6,14],"tags":[204,643,973,343],"class_list":{"0":"post-31296","1":"post","2":"type-post","3":"status-publish","4":"format-standard","5":"has-post-thumbnail","7":"category-noticias","8":"category-partido","9":"tag-204","10":"tag-belem","11":"tag-edmilson-rodrigues","12":"tag-eleicoes"},"acf":[],"yoast_head":"<!-- This site is optimized with the Yoast SEO plugin v26.5 - https:\/\/yoast.com\/wordpress\/plugins\/seo\/ -->\n<title>Conhe\u00e7a Edmilson Rodrigues, eleito prefeito de Bel\u00e9m (PA) pelo PSOL<\/title>\n<meta name=\"description\" content=\"Conhe\u00e7a um pouco da trajet\u00f3ria de Edmilson Rodrigues, prefeito eleito em Bel\u00e9m (PA) pela terceira vez. a primeira pelo PSOL.\" \/>\n<meta name=\"robots\" content=\"index, follow, max-snippet:-1, max-image-preview:large, max-video-preview:-1\" \/>\n<link rel=\"canonical\" href=\"https:\/\/psol50.org.br\/conheca-edmilson-rodrigues-eleito-prefeito-de-belem-pa-pelo-psol\/\" \/>\n<meta property=\"og:locale\" content=\"pt_BR\" \/>\n<meta property=\"og:type\" content=\"article\" \/>\n<meta property=\"og:title\" content=\"Conhe\u00e7a Edmilson Rodrigues, eleito prefeito de Bel\u00e9m (PA) pelo PSOL\" \/>\n<meta property=\"og:description\" content=\"Conhe\u00e7a um pouco da trajet\u00f3ria de Edmilson Rodrigues, prefeito eleito em Bel\u00e9m (PA) pela terceira vez. a primeira pelo PSOL.\" \/>\n<meta property=\"og:url\" content=\"https:\/\/psol50.org.br\/conheca-edmilson-rodrigues-eleito-prefeito-de-belem-pa-pelo-psol\/\" \/>\n<meta property=\"og:site_name\" content=\"PSOL 50\" \/>\n<meta property=\"article:publisher\" content=\"https:\/\/www.facebook.com\/psol50\" \/>\n<meta property=\"article:published_time\" content=\"2020-11-30T18:47:18+00:00\" \/>\n<meta property=\"og:image\" content=\"https:\/\/psol50.org.br\/inc\/uploads\/2020\/11\/ae-edmilson-rodrigues-2000-29112020173253419.jpeg\" \/>\n\t<meta property=\"og:image:width\" content=\"1500\" \/>\n\t<meta property=\"og:image:height\" content=\"1001\" \/>\n\t<meta property=\"og:image:type\" content=\"image\/jpeg\" \/>\n<meta name=\"author\" content=\"Comunica\u00e7\u00e3o PSOL\" \/>\n<meta name=\"twitter:card\" content=\"summary_large_image\" \/>\n<meta name=\"twitter:title\" content=\"Conhe\u00e7a Edmilson Rodrigues, eleito prefeito de Bel\u00e9m (PA) pelo PSOL\" \/>\n<meta name=\"twitter:description\" content=\"Conhe\u00e7a um pouco da trajet\u00f3ria de Edmilson Rodrigues, prefeito eleito em Bel\u00e9m (PA) pela terceira vez. a primeira pelo PSOL.\" \/>\n<meta name=\"twitter:image\" content=\"https:\/\/psol50.org.br\/inc\/uploads\/2020\/11\/ae-edmilson-rodrigues-2000-29112020173253419.jpeg\" \/>\n<meta name=\"twitter:creator\" content=\"@psol50\" \/>\n<meta name=\"twitter:site\" content=\"@psol50\" \/>\n<meta name=\"twitter:label1\" content=\"Escrito por\" \/>\n\t<meta name=\"twitter:data1\" content=\"Comunica\u00e7\u00e3o PSOL\" \/>\n\t<meta name=\"twitter:label2\" content=\"Est. tempo de leitura\" \/>\n\t<meta name=\"twitter:data2\" content=\"2 minutos\" \/>\n<script type=\"application\/ld+json\" class=\"yoast-schema-graph\">{\"@context\":\"https:\/\/schema.org\",\"@graph\":[{\"@type\":\"Article\",\"@id\":\"https:\/\/psol50.org.br\/conheca-edmilson-rodrigues-eleito-prefeito-de-belem-pa-pelo-psol\/#article\",\"isPartOf\":{\"@id\":\"https:\/\/psol50.org.br\/conheca-edmilson-rodrigues-eleito-prefeito-de-belem-pa-pelo-psol\/\"},\"author\":{\"name\":\"Comunica\u00e7\u00e3o PSOL\",\"@id\":\"https:\/\/psol50.org.br\/#\/schema\/person\/475dfa57d0b815993c714c2e96491fcd\"},\"headline\":\"Conhe\u00e7a Edmilson Rodrigues, eleito prefeito de Bel\u00e9m (PA) pelo PSOL\",\"datePublished\":\"2020-11-30T18:47:18+00:00\",\"mainEntityOfPage\":{\"@id\":\"https:\/\/psol50.org.br\/conheca-edmilson-rodrigues-eleito-prefeito-de-belem-pa-pelo-psol\/\"},\"wordCount\":488,\"publisher\":{\"@id\":\"https:\/\/psol50.org.br\/#organization\"},\"image\":{\"@id\":\"https:\/\/psol50.org.br\/conheca-edmilson-rodrigues-eleito-prefeito-de-belem-pa-pelo-psol\/#primaryimage\"},\"thumbnailUrl\":\"https:\/\/psol50.org.br\/inc\/uploads\/2020\/11\/ae-edmilson-rodrigues-2000-29112020173253419.jpeg\",\"keywords\":[\"2020\",\"Bel\u00e9m\",\"Edmilson Rodrigues\",\"elei\u00e7\u00f5es\"],\"articleSection\":[\"Not\u00edcias\",\"Partido\"],\"inLanguage\":\"pt-BR\"},{\"@type\":\"WebPage\",\"@id\":\"https:\/\/psol50.org.br\/conheca-edmilson-rodrigues-eleito-prefeito-de-belem-pa-pelo-psol\/\",\"url\":\"https:\/\/psol50.org.br\/conheca-edmilson-rodrigues-eleito-prefeito-de-belem-pa-pelo-psol\/\",\"name\":\"Conhe\u00e7a Edmilson Rodrigues, eleito prefeito de Bel\u00e9m (PA) pelo PSOL\",\"isPartOf\":{\"@id\":\"https:\/\/psol50.org.br\/#website\"},\"primaryImageOfPage\":{\"@id\":\"https:\/\/psol50.org.br\/conheca-edmilson-rodrigues-eleito-prefeito-de-belem-pa-pelo-psol\/#primaryimage\"},\"image\":{\"@id\":\"https:\/\/psol50.org.br\/conheca-edmilson-rodrigues-eleito-prefeito-de-belem-pa-pelo-psol\/#primaryimage\"},\"thumbnailUrl\":\"https:\/\/psol50.org.br\/inc\/uploads\/2020\/11\/ae-edmilson-rodrigues-2000-29112020173253419.jpeg\",\"datePublished\":\"2020-11-30T18:47:18+00:00\",\"description\":\"Conhe\u00e7a um pouco da trajet\u00f3ria de Edmilson Rodrigues, prefeito eleito em Bel\u00e9m (PA) pela terceira vez. a primeira pelo PSOL.\",\"breadcrumb\":{\"@id\":\"https:\/\/psol50.org.br\/conheca-edmilson-rodrigues-eleito-prefeito-de-belem-pa-pelo-psol\/#breadcrumb\"},\"inLanguage\":\"pt-BR\",\"potentialAction\":[{\"@type\":\"ReadAction\",\"target\":[\"https:\/\/psol50.org.br\/conheca-edmilson-rodrigues-eleito-prefeito-de-belem-pa-pelo-psol\/\"]}]},{\"@type\":\"ImageObject\",\"inLanguage\":\"pt-BR\",\"@id\":\"https:\/\/psol50.org.br\/conheca-edmilson-rodrigues-eleito-prefeito-de-belem-pa-pelo-psol\/#primaryimage\",\"url\":\"https:\/\/psol50.org.br\/inc\/uploads\/2020\/11\/ae-edmilson-rodrigues-2000-29112020173253419.jpeg\",\"contentUrl\":\"https:\/\/psol50.org.br\/inc\/uploads\/2020\/11\/ae-edmilson-rodrigues-2000-29112020173253419.jpeg\",\"width\":1500,\"height\":1001},{\"@type\":\"BreadcrumbList\",\"@id\":\"https:\/\/psol50.org.br\/conheca-edmilson-rodrigues-eleito-prefeito-de-belem-pa-pelo-psol\/#breadcrumb\",\"itemListElement\":[{\"@type\":\"ListItem\",\"position\":1,\"name\":\"In\u00edcio\",\"item\":\"https:\/\/psol50.org.br\/\"},{\"@type\":\"ListItem\",\"position\":2,\"name\":\"Conhe\u00e7a Edmilson Rodrigues, eleito prefeito de Bel\u00e9m (PA) pelo PSOL\"}]},{\"@type\":\"WebSite\",\"@id\":\"https:\/\/psol50.org.br\/#website\",\"url\":\"https:\/\/psol50.org.br\/\",\"name\":\"PSOL 50\",\"description\":\"Site oficial do Partido Socialismo e Liberdade\",\"publisher\":{\"@id\":\"https:\/\/psol50.org.br\/#organization\"},\"alternateName\":\"PSOL50\",\"potentialAction\":[{\"@type\":\"SearchAction\",\"target\":{\"@type\":\"EntryPoint\",\"urlTemplate\":\"https:\/\/psol50.org.br\/?s={search_term_string}\"},\"query-input\":{\"@type\":\"PropertyValueSpecification\",\"valueRequired\":true,\"valueName\":\"search_term_string\"}}],\"inLanguage\":\"pt-BR\"},{\"@type\":\"Organization\",\"@id\":\"https:\/\/psol50.org.br\/#organization\",\"name\":\"PSOL 50\",\"alternateName\":\"PSOL 50\",\"url\":\"https:\/\/psol50.org.br\/\",\"logo\":{\"@type\":\"ImageObject\",\"inLanguage\":\"pt-BR\",\"@id\":\"https:\/\/psol50.org.br\/#\/schema\/logo\/image\/\",\"url\":\"https:\/\/psol50.org.br\/inc\/uploads\/2018\/07\/capa.png\",\"contentUrl\":\"https:\/\/psol50.org.br\/inc\/uploads\/2018\/07\/capa.png\",\"width\":1350,\"height\":900,\"caption\":\"PSOL 50\"},\"image\":{\"@id\":\"https:\/\/psol50.org.br\/#\/schema\/logo\/image\/\"},\"sameAs\":[\"https:\/\/www.facebook.com\/psol50\",\"https:\/\/x.com\/psol50\",\"https:\/\/www.instagram.com\/psol50\/\",\"https:\/\/www.youtube.com\/channel\/UC7SnJS5o1os7a6CaiNabzcg\"]},{\"@type\":\"Person\",\"@id\":\"https:\/\/psol50.org.br\/#\/schema\/person\/475dfa57d0b815993c714c2e96491fcd\",\"name\":\"Comunica\u00e7\u00e3o PSOL\",\"image\":{\"@type\":\"ImageObject\",\"inLanguage\":\"pt-BR\",\"@id\":\"https:\/\/psol50.org.br\/#\/schema\/person\/image\/\",\"url\":\"https:\/\/secure.gravatar.com\/avatar\/b34fc4f4e468a4e51785917065a3db57b841f5c95dba6ad8c73aaf8f66f8f9bf?s=96&d=mm&r=g\",\"contentUrl\":\"https:\/\/secure.gravatar.com\/avatar\/b34fc4f4e468a4e51785917065a3db57b841f5c95dba6ad8c73aaf8f66f8f9bf?s=96&d=mm&r=g\",\"caption\":\"Comunica\u00e7\u00e3o PSOL\"}}]}<\/script>\n<!-- \/ Yoast SEO plugin. -->","yoast_head_json":{"title":"Conhe\u00e7a Edmilson Rodrigues, eleito prefeito de Bel\u00e9m (PA) pelo PSOL","description":"Conhe\u00e7a um pouco da trajet\u00f3ria de Edmilson Rodrigues, prefeito eleito em Bel\u00e9m (PA) pela terceira vez. a primeira pelo PSOL.","robots":{"index":"index","follow":"follow","max-snippet":"max-snippet:-1","max-image-preview":"max-image-preview:large","max-video-preview":"max-video-preview:-1"},"canonical":"https:\/\/psol50.org.br\/conheca-edmilson-rodrigues-eleito-prefeito-de-belem-pa-pelo-psol\/","og_locale":"pt_BR","og_type":"article","og_title":"Conhe\u00e7a Edmilson Rodrigues, eleito prefeito de Bel\u00e9m (PA) pelo PSOL","og_description":"Conhe\u00e7a um pouco da trajet\u00f3ria de Edmilson Rodrigues, prefeito eleito em Bel\u00e9m (PA) pela terceira vez. a primeira pelo PSOL.","og_url":"https:\/\/psol50.org.br\/conheca-edmilson-rodrigues-eleito-prefeito-de-belem-pa-pelo-psol\/","og_site_name":"PSOL 50","article_publisher":"https:\/\/www.facebook.com\/psol50","article_published_time":"2020-11-30T18:47:18+00:00","og_image":[{"width":1500,"height":1001,"url":"https:\/\/psol50.org.br\/inc\/uploads\/2020\/11\/ae-edmilson-rodrigues-2000-29112020173253419.jpeg","type":"image\/jpeg"}],"author":"Comunica\u00e7\u00e3o PSOL","twitter_card":"summary_large_image","twitter_title":"Conhe\u00e7a Edmilson Rodrigues, eleito prefeito de Bel\u00e9m (PA) pelo PSOL","twitter_description":"Conhe\u00e7a um pouco da trajet\u00f3ria de Edmilson Rodrigues, prefeito eleito em Bel\u00e9m (PA) pela terceira vez. a primeira pelo PSOL.","twitter_image":"https:\/\/psol50.org.br\/inc\/uploads\/2020\/11\/ae-edmilson-rodrigues-2000-29112020173253419.jpeg","twitter_creator":"@psol50","twitter_site":"@psol50","twitter_misc":{"Escrito por":"Comunica\u00e7\u00e3o PSOL","Est. tempo de leitura":"2 minutos"},"schema":{"@context":"https:\/\/schema.org","@graph":[{"@type":"Article","@id":"https:\/\/psol50.org.br\/conheca-edmilson-rodrigues-eleito-prefeito-de-belem-pa-pelo-psol\/#article","isPartOf":{"@id":"https:\/\/psol50.org.br\/conheca-edmilson-rodrigues-eleito-prefeito-de-belem-pa-pelo-psol\/"},"author":{"name":"Comunica\u00e7\u00e3o PSOL","@id":"https:\/\/psol50.org.br\/#\/schema\/person\/475dfa57d0b815993c714c2e96491fcd"},"headline":"Conhe\u00e7a Edmilson Rodrigues, eleito prefeito de Bel\u00e9m (PA) pelo PSOL","datePublished":"2020-11-30T18:47:18+00:00","mainEntityOfPage":{"@id":"https:\/\/psol50.org.br\/conheca-edmilson-rodrigues-eleito-prefeito-de-belem-pa-pelo-psol\/"},"wordCount":488,"publisher":{"@id":"https:\/\/psol50.org.br\/#organization"},"image":{"@id":"https:\/\/psol50.org.br\/conheca-edmilson-rodrigues-eleito-prefeito-de-belem-pa-pelo-psol\/#primaryimage"},"thumbnailUrl":"https:\/\/psol50.org.br\/inc\/uploads\/2020\/11\/ae-edmilson-rodrigues-2000-29112020173253419.jpeg","keywords":["2020","Bel\u00e9m","Edmilson Rodrigues","elei\u00e7\u00f5es"],"articleSection":["Not\u00edcias","Partido"],"inLanguage":"pt-BR"},{"@type":"WebPage","@id":"https:\/\/psol50.org.br\/conheca-edmilson-rodrigues-eleito-prefeito-de-belem-pa-pelo-psol\/","url":"https:\/\/psol50.org.br\/conheca-edmilson-rodrigues-eleito-prefeito-de-belem-pa-pelo-psol\/","name":"Conhe\u00e7a Edmilson Rodrigues, eleito prefeito de Bel\u00e9m (PA) pelo PSOL","isPartOf":{"@id":"https:\/\/psol50.org.br\/#website"},"primaryImageOfPage":{"@id":"https:\/\/psol50.org.br\/conheca-edmilson-rodrigues-eleito-prefeito-de-belem-pa-pelo-psol\/#primaryimage"},"image":{"@id":"https:\/\/psol50.org.br\/conheca-edmilson-rodrigues-eleito-prefeito-de-belem-pa-pelo-psol\/#primaryimage"},"thumbnailUrl":"https:\/\/psol50.org.br\/inc\/uploads\/2020\/11\/ae-edmilson-rodrigues-2000-29112020173253419.jpeg","datePublished":"2020-11-30T18:47:18+00:00","description":"Conhe\u00e7a um pouco da trajet\u00f3ria de Edmilson Rodrigues, prefeito eleito em Bel\u00e9m (PA) pela terceira vez. a primeira pelo PSOL.","breadcrumb":{"@id":"https:\/\/psol50.org.br\/conheca-edmilson-rodrigues-eleito-prefeito-de-belem-pa-pelo-psol\/#breadcrumb"},"inLanguage":"pt-BR","potentialAction":[{"@type":"ReadAction","target":["https:\/\/psol50.org.br\/conheca-edmilson-rodrigues-eleito-prefeito-de-belem-pa-pelo-psol\/"]}]},{"@type":"ImageObject","inLanguage":"pt-BR","@id":"https:\/\/psol50.org.br\/conheca-edmilson-rodrigues-eleito-prefeito-de-belem-pa-pelo-psol\/#primaryimage","url":"https:\/\/psol50.org.br\/inc\/uploads\/2020\/11\/ae-edmilson-rodrigues-2000-29112020173253419.jpeg","contentUrl":"https:\/\/psol50.org.br\/inc\/uploads\/2020\/11\/ae-edmilson-rodrigues-2000-29112020173253419.jpeg","width":1500,"height":1001},{"@type":"BreadcrumbList","@id":"https:\/\/psol50.org.br\/conheca-edmilson-rodrigues-eleito-prefeito-de-belem-pa-pelo-psol\/#breadcrumb","itemListElement":[{"@type":"ListItem","position":1,"name":"In\u00edcio","item":"https:\/\/psol50.org.br\/"},{"@type":"ListItem","position":2,"name":"Conhe\u00e7a Edmilson Rodrigues, eleito prefeito de Bel\u00e9m (PA) pelo PSOL"}]},{"@type":"WebSite","@id":"https:\/\/psol50.org.br\/#website","url":"https:\/\/psol50.org.br\/","name":"PSOL 50","description":"Site oficial do Partido Socialismo e Liberdade","publisher":{"@id":"https:\/\/psol50.org.br\/#organization"},"alternateName":"PSOL50","potentialAction":[{"@type":"SearchAction","target":{"@type":"EntryPoint","urlTemplate":"https:\/\/psol50.org.br\/?s={search_term_string}"},"query-input":{"@type":"PropertyValueSpecification","valueRequired":true,"valueName":"search_term_string"}}],"inLanguage":"pt-BR"},{"@type":"Organization","@id":"https:\/\/psol50.org.br\/#organization","name":"PSOL 50","alternateName":"PSOL 50","url":"https:\/\/psol50.org.br\/","logo":{"@type":"ImageObject","inLanguage":"pt-BR","@id":"https:\/\/psol50.org.br\/#\/schema\/logo\/image\/","url":"https:\/\/psol50.org.br\/inc\/uploads\/2018\/07\/capa.png","contentUrl":"https:\/\/psol50.org.br\/inc\/uploads\/2018\/07\/capa.png","width":1350,"height":900,"caption":"PSOL 50"},"image":{"@id":"https:\/\/psol50.org.br\/#\/schema\/logo\/image\/"},"sameAs":["https:\/\/www.facebook.com\/psol50","https:\/\/x.com\/psol50","https:\/\/www.instagram.com\/psol50\/","https:\/\/www.youtube.com\/channel\/UC7SnJS5o1os7a6CaiNabzcg"]},{"@type":"Person","@id":"https:\/\/psol50.org.br\/#\/schema\/person\/475dfa57d0b815993c714c2e96491fcd","name":"Comunica\u00e7\u00e3o PSOL","image":{"@type":"ImageObject","inLanguage":"pt-BR","@id":"https:\/\/psol50.org.br\/#\/schema\/person\/image\/","url":"https:\/\/secure.gravatar.com\/avatar\/b34fc4f4e468a4e51785917065a3db57b841f5c95dba6ad8c73aaf8f66f8f9bf?s=96&d=mm&r=g","contentUrl":"https:\/\/secure.gravatar.com\/avatar\/b34fc4f4e468a4e51785917065a3db57b841f5c95dba6ad8c73aaf8f66f8f9bf?s=96&d=mm&r=g","caption":"Comunica\u00e7\u00e3o PSOL"}}]}},"_links":{"self":[{"href":"https:\/\/psol50.org.br\/rest\/wp\/v2\/posts\/31296","targetHints":{"allow":["GET"]}}],"collection":[{"href":"https:\/\/psol50.org.br\/rest\/wp\/v2\/posts"}],"about":[{"href":"https:\/\/psol50.org.br\/rest\/wp\/v2\/types\/post"}],"author":[{"embeddable":true,"href":"https:\/\/psol50.org.br\/rest\/wp\/v2\/users\/2"}],"replies":[{"embeddable":true,"href":"https:\/\/psol50.org.br\/rest\/wp\/v2\/comments?post=31296"}],"version-history":[{"count":0,"href":"https:\/\/psol50.org.br\/rest\/wp\/v2\/posts\/31296\/revisions"}],"wp:featuredmedia":[{"embeddable":true,"href":"https:\/\/psol50.org.br\/rest\/wp\/v2\/media\/31297"}],"wp:attachment":[{"href":"https:\/\/psol50.org.br\/rest\/wp\/v2\/media?parent=31296"}],"wp:term":[{"taxonomy":"category","embeddable":true,"href":"https:\/\/psol50.org.br\/rest\/wp\/v2\/categories?post=31296"},{"taxonomy":"post_tag","embeddable":true,"href":"https:\/\/psol50.org.br\/rest\/wp\/v2\/tags?post=31296"}],"curies":[{"name":"wp","href":"https:\/\/api.w.org\/{rel}","templated":true}]}}