{"id":31308,"date":"2020-12-01T14:52:42","date_gmt":"2020-12-01T17:52:42","guid":{"rendered":"https:\/\/psol50.org.br\/?p=31308"},"modified":"2020-12-01T14:52:42","modified_gmt":"2020-12-01T17:52:42","slug":"psol-aciona-mpf-contra-presidente-do-ibama-que-afrouxou-regras-apos-reuniao-com-madeireiros","status":"publish","type":"post","link":"https:\/\/psol50.org.br\/psol-aciona-mpf-contra-presidente-do-ibama-que-afrouxou-regras-apos-reuniao-com-madeireiros\/","title":{"rendered":"PSOL aciona MPF contra presidente do Ibama que afrouxou regras ap\u00f3s reuni\u00e3o com madeireiros"},"content":{"rendered":"<p><a href=\"https:\/\/psol50.org.br\/rendajusta\/\" target=\"_blank\" rel=\"noopener noreferrer\"><img loading=\"lazy\" decoding=\"async\" class=\"alignnone size-full wp-image-30552\" src=\"https:\/\/psol50.org.br\/inc\/uploads\/2020\/08\/21-08-2020_LancamentoRendaJusta-2.png\" alt=\"\" width=\"1920\" height=\"383\" srcset=\"https:\/\/psol50.org.br\/inc\/uploads\/2020\/08\/21-08-2020_LancamentoRendaJusta-2.png 1920w, https:\/\/psol50.org.br\/inc\/uploads\/2020\/08\/21-08-2020_LancamentoRendaJusta-2-300x60.png 300w, https:\/\/psol50.org.br\/inc\/uploads\/2020\/08\/21-08-2020_LancamentoRendaJusta-2-1024x204.png 1024w, https:\/\/psol50.org.br\/inc\/uploads\/2020\/08\/21-08-2020_LancamentoRendaJusta-2-768x153.png 768w, https:\/\/psol50.org.br\/inc\/uploads\/2020\/08\/21-08-2020_LancamentoRendaJusta-2-1536x306.png 1536w, https:\/\/psol50.org.br\/inc\/uploads\/2020\/08\/21-08-2020_LancamentoRendaJusta-2-150x30.png 150w, https:\/\/psol50.org.br\/inc\/uploads\/2020\/08\/21-08-2020_LancamentoRendaJusta-2-696x139.png 696w, https:\/\/psol50.org.br\/inc\/uploads\/2020\/08\/21-08-2020_LancamentoRendaJusta-2-1068x213.png 1068w\" sizes=\"auto, (max-width: 1920px) 100vw, 1920px\" \/><\/a><\/p>\n<p>A bancada do PSOL na C\u00e2mara entrou com uma representa\u00e7\u00e3o nesta ter\u00e7a-feira (1) no Minist\u00e9rio P\u00fablico Federal (MPF) contra o presidente do Ibama, Eduardo Fortunato Bim.<\/p>\n<p>No documento, os deputados do partido pedem &#8220;a\u00e7\u00f5es referentes \u00e0s poss\u00edveis ilegalidades e irregularidades na\u00a0 mudan\u00e7a das regras para exporta\u00e7\u00e3o de madeira nativa por parte do Presidente do Instituto Brasileiro do Meio Ambiente e dos Recursos Naturais Renov\u00e1veis (Ibama), Eduardo Fortunato Bim, ap\u00f3s reuni\u00e3o com uma comitiva de empres\u00e1rios do setor madeireiro do Par\u00e1&#8221;, quando as regras para esse tipo de exporta\u00e7\u00e3o foram afrouxadas<\/p>\n<p>Segundo noticiado pelo jornal O Globo, a reuni\u00e3o aconteceu na sede do Minist\u00e9rio do Meio Ambiente (MMA), em Bras\u00edlia, no dia 6 de fevereiro. 19 dias depois, Bim assinou um despacho liberando a exporta\u00e7\u00e3o de madeira nativa sem autoriza\u00e7\u00e3o do \u00f3rg\u00e3o. Entre as madeireiras recebidas por Eduardo Bim est\u00e3o duas empresas que, juntas, devem mais de R$ 2,6 milh\u00f5es em multas ao \u00f3rg\u00e3o. S\u00e3o elas a Tradelink Madeiras e a Wizi Ind\u00fastria, Com\u00e9rcio e Exporta\u00e7\u00e3o de Madeiras Ltda. A Tradelink \u00e9 quem recebeu o maior volume de multas: R$ 1,64 milh\u00e3o. A Wizi tem multas em aberto no valor de R$ 1,038 milh\u00e3o<\/p>\n<p><a href=\"https:\/\/impeachmentpopular.com.br\/\" target=\"_blank\" rel=\"noopener noreferrer\"><img loading=\"lazy\" decoding=\"async\" class=\"alignnone size-full wp-image-29118\" src=\"https:\/\/psol50.org.br\/inc\/uploads\/2020\/05\/Email_Impeachment.png\" alt=\"\" width=\"1080\" height=\"250\" srcset=\"https:\/\/psol50.org.br\/inc\/uploads\/2020\/05\/Email_Impeachment.png 1080w, https:\/\/psol50.org.br\/inc\/uploads\/2020\/05\/Email_Impeachment-300x69.png 300w, https:\/\/psol50.org.br\/inc\/uploads\/2020\/05\/Email_Impeachment-1024x237.png 1024w, https:\/\/psol50.org.br\/inc\/uploads\/2020\/05\/Email_Impeachment-768x178.png 768w, https:\/\/psol50.org.br\/inc\/uploads\/2020\/05\/Email_Impeachment-150x35.png 150w, https:\/\/psol50.org.br\/inc\/uploads\/2020\/05\/Email_Impeachment-696x161.png 696w, https:\/\/psol50.org.br\/inc\/uploads\/2020\/05\/Email_Impeachment-1068x247.png 1068w\" sizes=\"auto, (max-width: 1080px) 100vw, 1080px\" \/><\/a><\/p>\n","protected":false},"excerpt":{"rendered":"<p>A bancada do PSOL na C\u00e2mara entrou com uma representa\u00e7\u00e3o nesta ter\u00e7a-feira (1) no Minist\u00e9rio P\u00fablico Federal (MPF) contra o presidente do Ibama, Eduardo Fortunato Bim. No documento, os deputados do partido pedem &#8220;a\u00e7\u00f5es referentes \u00e0s poss\u00edveis ilegalidades e irregularidades na\u00a0 mudan\u00e7a das regras para exporta\u00e7\u00e3o de madeira nativa por parte do Presidente do Instituto [&hellip;]<\/p>\n","protected":false},"author":2,"featured_media":31309,"comment_status":"closed","ping_status":"open","sticky":false,"template":"","format":"standard","meta":{"_acf_changed":false,"footnotes":""},"categories":[10,6],"tags":[778,1283,76,22],"class_list":{"0":"post-31308","1":"post","2":"type-post","3":"status-publish","4":"format-standard","5":"has-post-thumbnail","7":"category-acao-parlamentares","8":"category-noticias","9":"tag-ibama","10":"tag-madeireiros","11":"tag-mpf","12":"tag-psol"},"acf":[],"yoast_head":"<!-- This site is optimized with the Yoast SEO plugin v26.5 - https:\/\/yoast.com\/wordpress\/plugins\/seo\/ -->\n<title>PSOL aciona MPF contra presidente do Ibama que afrouxou regras ap\u00f3s reuni\u00e3o com madeireiros<\/title>\n<meta name=\"description\" content=\"Eduardo Fortunato Bim precisa responder pela decis\u00e3o tomada ap\u00f3s reuni\u00e3o com uma comitiva de empres\u00e1rios do setor madeireiro do Par\u00e1.\" \/>\n<meta name=\"robots\" content=\"index, follow, max-snippet:-1, max-image-preview:large, max-video-preview:-1\" \/>\n<link rel=\"canonical\" href=\"https:\/\/psol50.org.br\/psol-aciona-mpf-contra-presidente-do-ibama-que-afrouxou-regras-apos-reuniao-com-madeireiros\/\" \/>\n<meta property=\"og:locale\" content=\"pt_BR\" \/>\n<meta property=\"og:type\" content=\"article\" \/>\n<meta property=\"og:title\" content=\"PSOL aciona MPF contra presidente do Ibama que afrouxou regras ap\u00f3s reuni\u00e3o com madeireiros\" \/>\n<meta property=\"og:description\" content=\"Eduardo Fortunato Bim precisa responder pela decis\u00e3o tomada ap\u00f3s reuni\u00e3o com uma comitiva de empres\u00e1rios do setor madeireiro do Par\u00e1.\" \/>\n<meta property=\"og:url\" content=\"https:\/\/psol50.org.br\/psol-aciona-mpf-contra-presidente-do-ibama-que-afrouxou-regras-apos-reuniao-com-madeireiros\/\" \/>\n<meta property=\"og:site_name\" content=\"PSOL 50\" \/>\n<meta property=\"article:publisher\" content=\"https:\/\/www.facebook.com\/psol50\" \/>\n<meta property=\"article:published_time\" content=\"2020-12-01T17:52:42+00:00\" \/>\n<meta property=\"og:image\" content=\"https:\/\/psol50.org.br\/inc\/uploads\/2020\/12\/eduardo_bim.jpg\" \/>\n\t<meta property=\"og:image:width\" content=\"1200\" \/>\n\t<meta property=\"og:image:height\" content=\"800\" \/>\n\t<meta property=\"og:image:type\" content=\"image\/jpeg\" \/>\n<meta name=\"author\" content=\"Comunica\u00e7\u00e3o PSOL\" \/>\n<meta name=\"twitter:card\" content=\"summary_large_image\" \/>\n<meta name=\"twitter:title\" content=\"PSOL aciona MPF contra presidente do Ibama que afrouxou regras ap\u00f3s reuni\u00e3o com madeireiros\" \/>\n<meta name=\"twitter:description\" content=\"Eduardo Fortunato Bim precisa responder pela decis\u00e3o tomada ap\u00f3s reuni\u00e3o com uma comitiva de empres\u00e1rios do setor madeireiro do Par\u00e1.\" \/>\n<meta name=\"twitter:image\" content=\"https:\/\/psol50.org.br\/inc\/uploads\/2020\/12\/eduardo_bim.jpg\" \/>\n<meta name=\"twitter:creator\" content=\"@psol50\" \/>\n<meta name=\"twitter:site\" content=\"@psol50\" \/>\n<meta name=\"twitter:label1\" content=\"Escrito por\" \/>\n\t<meta name=\"twitter:data1\" content=\"Comunica\u00e7\u00e3o PSOL\" \/>\n\t<meta name=\"twitter:label2\" content=\"Est. tempo de leitura\" \/>\n\t<meta name=\"twitter:data2\" content=\"1 minuto\" \/>\n<script type=\"application\/ld+json\" class=\"yoast-schema-graph\">{\"@context\":\"https:\/\/schema.org\",\"@graph\":[{\"@type\":\"Article\",\"@id\":\"https:\/\/psol50.org.br\/psol-aciona-mpf-contra-presidente-do-ibama-que-afrouxou-regras-apos-reuniao-com-madeireiros\/#article\",\"isPartOf\":{\"@id\":\"https:\/\/psol50.org.br\/psol-aciona-mpf-contra-presidente-do-ibama-que-afrouxou-regras-apos-reuniao-com-madeireiros\/\"},\"author\":{\"name\":\"Comunica\u00e7\u00e3o PSOL\",\"@id\":\"https:\/\/psol50.org.br\/#\/schema\/person\/475dfa57d0b815993c714c2e96491fcd\"},\"headline\":\"PSOL aciona MPF contra presidente do Ibama que afrouxou regras ap\u00f3s reuni\u00e3o com madeireiros\",\"datePublished\":\"2020-12-01T17:52:42+00:00\",\"mainEntityOfPage\":{\"@id\":\"https:\/\/psol50.org.br\/psol-aciona-mpf-contra-presidente-do-ibama-que-afrouxou-regras-apos-reuniao-com-madeireiros\/\"},\"wordCount\":231,\"publisher\":{\"@id\":\"https:\/\/psol50.org.br\/#organization\"},\"image\":{\"@id\":\"https:\/\/psol50.org.br\/psol-aciona-mpf-contra-presidente-do-ibama-que-afrouxou-regras-apos-reuniao-com-madeireiros\/#primaryimage\"},\"thumbnailUrl\":\"https:\/\/psol50.org.br\/inc\/uploads\/2020\/12\/eduardo_bim.jpg\",\"keywords\":[\"Ibama\",\"madeireiros\",\"MPF\",\"PSOL\"],\"articleSection\":[\"A\u00e7\u00e3o Parlamentar\",\"Not\u00edcias\"],\"inLanguage\":\"pt-BR\"},{\"@type\":\"WebPage\",\"@id\":\"https:\/\/psol50.org.br\/psol-aciona-mpf-contra-presidente-do-ibama-que-afrouxou-regras-apos-reuniao-com-madeireiros\/\",\"url\":\"https:\/\/psol50.org.br\/psol-aciona-mpf-contra-presidente-do-ibama-que-afrouxou-regras-apos-reuniao-com-madeireiros\/\",\"name\":\"PSOL aciona MPF contra presidente do Ibama que afrouxou regras ap\u00f3s reuni\u00e3o com madeireiros\",\"isPartOf\":{\"@id\":\"https:\/\/psol50.org.br\/#website\"},\"primaryImageOfPage\":{\"@id\":\"https:\/\/psol50.org.br\/psol-aciona-mpf-contra-presidente-do-ibama-que-afrouxou-regras-apos-reuniao-com-madeireiros\/#primaryimage\"},\"image\":{\"@id\":\"https:\/\/psol50.org.br\/psol-aciona-mpf-contra-presidente-do-ibama-que-afrouxou-regras-apos-reuniao-com-madeireiros\/#primaryimage\"},\"thumbnailUrl\":\"https:\/\/psol50.org.br\/inc\/uploads\/2020\/12\/eduardo_bim.jpg\",\"datePublished\":\"2020-12-01T17:52:42+00:00\",\"description\":\"Eduardo Fortunato Bim precisa responder pela decis\u00e3o tomada ap\u00f3s reuni\u00e3o com uma comitiva de empres\u00e1rios do setor madeireiro do Par\u00e1.\",\"breadcrumb\":{\"@id\":\"https:\/\/psol50.org.br\/psol-aciona-mpf-contra-presidente-do-ibama-que-afrouxou-regras-apos-reuniao-com-madeireiros\/#breadcrumb\"},\"inLanguage\":\"pt-BR\",\"potentialAction\":[{\"@type\":\"ReadAction\",\"target\":[\"https:\/\/psol50.org.br\/psol-aciona-mpf-contra-presidente-do-ibama-que-afrouxou-regras-apos-reuniao-com-madeireiros\/\"]}]},{\"@type\":\"ImageObject\",\"inLanguage\":\"pt-BR\",\"@id\":\"https:\/\/psol50.org.br\/psol-aciona-mpf-contra-presidente-do-ibama-que-afrouxou-regras-apos-reuniao-com-madeireiros\/#primaryimage\",\"url\":\"https:\/\/psol50.org.br\/inc\/uploads\/2020\/12\/eduardo_bim.jpg\",\"contentUrl\":\"https:\/\/psol50.org.br\/inc\/uploads\/2020\/12\/eduardo_bim.jpg\",\"width\":1200,\"height\":800},{\"@type\":\"BreadcrumbList\",\"@id\":\"https:\/\/psol50.org.br\/psol-aciona-mpf-contra-presidente-do-ibama-que-afrouxou-regras-apos-reuniao-com-madeireiros\/#breadcrumb\",\"itemListElement\":[{\"@type\":\"ListItem\",\"position\":1,\"name\":\"In\u00edcio\",\"item\":\"https:\/\/psol50.org.br\/\"},{\"@type\":\"ListItem\",\"position\":2,\"name\":\"PSOL aciona MPF contra presidente do Ibama que afrouxou regras ap\u00f3s reuni\u00e3o com madeireiros\"}]},{\"@type\":\"WebSite\",\"@id\":\"https:\/\/psol50.org.br\/#website\",\"url\":\"https:\/\/psol50.org.br\/\",\"name\":\"PSOL 50\",\"description\":\"Site oficial do Partido Socialismo e Liberdade\",\"publisher\":{\"@id\":\"https:\/\/psol50.org.br\/#organization\"},\"alternateName\":\"PSOL50\",\"potentialAction\":[{\"@type\":\"SearchAction\",\"target\":{\"@type\":\"EntryPoint\",\"urlTemplate\":\"https:\/\/psol50.org.br\/?s={search_term_string}\"},\"query-input\":{\"@type\":\"PropertyValueSpecification\",\"valueRequired\":true,\"valueName\":\"search_term_string\"}}],\"inLanguage\":\"pt-BR\"},{\"@type\":\"Organization\",\"@id\":\"https:\/\/psol50.org.br\/#organization\",\"name\":\"PSOL 50\",\"alternateName\":\"PSOL 50\",\"url\":\"https:\/\/psol50.org.br\/\",\"logo\":{\"@type\":\"ImageObject\",\"inLanguage\":\"pt-BR\",\"@id\":\"https:\/\/psol50.org.br\/#\/schema\/logo\/image\/\",\"url\":\"https:\/\/psol50.org.br\/inc\/uploads\/2018\/07\/capa.png\",\"contentUrl\":\"https:\/\/psol50.org.br\/inc\/uploads\/2018\/07\/capa.png\",\"width\":1350,\"height\":900,\"caption\":\"PSOL 50\"},\"image\":{\"@id\":\"https:\/\/psol50.org.br\/#\/schema\/logo\/image\/\"},\"sameAs\":[\"https:\/\/www.facebook.com\/psol50\",\"https:\/\/x.com\/psol50\",\"https:\/\/www.instagram.com\/psol50\/\",\"https:\/\/www.youtube.com\/channel\/UC7SnJS5o1os7a6CaiNabzcg\"]},{\"@type\":\"Person\",\"@id\":\"https:\/\/psol50.org.br\/#\/schema\/person\/475dfa57d0b815993c714c2e96491fcd\",\"name\":\"Comunica\u00e7\u00e3o PSOL\",\"image\":{\"@type\":\"ImageObject\",\"inLanguage\":\"pt-BR\",\"@id\":\"https:\/\/psol50.org.br\/#\/schema\/person\/image\/\",\"url\":\"https:\/\/secure.gravatar.com\/avatar\/b34fc4f4e468a4e51785917065a3db57b841f5c95dba6ad8c73aaf8f66f8f9bf?s=96&d=mm&r=g\",\"contentUrl\":\"https:\/\/secure.gravatar.com\/avatar\/b34fc4f4e468a4e51785917065a3db57b841f5c95dba6ad8c73aaf8f66f8f9bf?s=96&d=mm&r=g\",\"caption\":\"Comunica\u00e7\u00e3o PSOL\"}}]}<\/script>\n<!-- \/ Yoast SEO plugin. -->","yoast_head_json":{"title":"PSOL aciona MPF contra presidente do Ibama que afrouxou regras ap\u00f3s reuni\u00e3o com madeireiros","description":"Eduardo Fortunato Bim precisa responder pela decis\u00e3o tomada ap\u00f3s reuni\u00e3o com uma comitiva de empres\u00e1rios do setor madeireiro do Par\u00e1.","robots":{"index":"index","follow":"follow","max-snippet":"max-snippet:-1","max-image-preview":"max-image-preview:large","max-video-preview":"max-video-preview:-1"},"canonical":"https:\/\/psol50.org.br\/psol-aciona-mpf-contra-presidente-do-ibama-que-afrouxou-regras-apos-reuniao-com-madeireiros\/","og_locale":"pt_BR","og_type":"article","og_title":"PSOL aciona MPF contra presidente do Ibama que afrouxou regras ap\u00f3s reuni\u00e3o com madeireiros","og_description":"Eduardo Fortunato Bim precisa responder pela decis\u00e3o tomada ap\u00f3s reuni\u00e3o com uma comitiva de empres\u00e1rios do setor madeireiro do Par\u00e1.","og_url":"https:\/\/psol50.org.br\/psol-aciona-mpf-contra-presidente-do-ibama-que-afrouxou-regras-apos-reuniao-com-madeireiros\/","og_site_name":"PSOL 50","article_publisher":"https:\/\/www.facebook.com\/psol50","article_published_time":"2020-12-01T17:52:42+00:00","og_image":[{"width":1200,"height":800,"url":"https:\/\/psol50.org.br\/inc\/uploads\/2020\/12\/eduardo_bim.jpg","type":"image\/jpeg"}],"author":"Comunica\u00e7\u00e3o PSOL","twitter_card":"summary_large_image","twitter_title":"PSOL aciona MPF contra presidente do Ibama que afrouxou regras ap\u00f3s reuni\u00e3o com madeireiros","twitter_description":"Eduardo Fortunato Bim precisa responder pela decis\u00e3o tomada ap\u00f3s reuni\u00e3o com uma comitiva de empres\u00e1rios do setor madeireiro do Par\u00e1.","twitter_image":"https:\/\/psol50.org.br\/inc\/uploads\/2020\/12\/eduardo_bim.jpg","twitter_creator":"@psol50","twitter_site":"@psol50","twitter_misc":{"Escrito por":"Comunica\u00e7\u00e3o PSOL","Est. tempo de leitura":"1 minuto"},"schema":{"@context":"https:\/\/schema.org","@graph":[{"@type":"Article","@id":"https:\/\/psol50.org.br\/psol-aciona-mpf-contra-presidente-do-ibama-que-afrouxou-regras-apos-reuniao-com-madeireiros\/#article","isPartOf":{"@id":"https:\/\/psol50.org.br\/psol-aciona-mpf-contra-presidente-do-ibama-que-afrouxou-regras-apos-reuniao-com-madeireiros\/"},"author":{"name":"Comunica\u00e7\u00e3o PSOL","@id":"https:\/\/psol50.org.br\/#\/schema\/person\/475dfa57d0b815993c714c2e96491fcd"},"headline":"PSOL aciona MPF contra presidente do Ibama que afrouxou regras ap\u00f3s reuni\u00e3o com madeireiros","datePublished":"2020-12-01T17:52:42+00:00","mainEntityOfPage":{"@id":"https:\/\/psol50.org.br\/psol-aciona-mpf-contra-presidente-do-ibama-que-afrouxou-regras-apos-reuniao-com-madeireiros\/"},"wordCount":231,"publisher":{"@id":"https:\/\/psol50.org.br\/#organization"},"image":{"@id":"https:\/\/psol50.org.br\/psol-aciona-mpf-contra-presidente-do-ibama-que-afrouxou-regras-apos-reuniao-com-madeireiros\/#primaryimage"},"thumbnailUrl":"https:\/\/psol50.org.br\/inc\/uploads\/2020\/12\/eduardo_bim.jpg","keywords":["Ibama","madeireiros","MPF","PSOL"],"articleSection":["A\u00e7\u00e3o Parlamentar","Not\u00edcias"],"inLanguage":"pt-BR"},{"@type":"WebPage","@id":"https:\/\/psol50.org.br\/psol-aciona-mpf-contra-presidente-do-ibama-que-afrouxou-regras-apos-reuniao-com-madeireiros\/","url":"https:\/\/psol50.org.br\/psol-aciona-mpf-contra-presidente-do-ibama-que-afrouxou-regras-apos-reuniao-com-madeireiros\/","name":"PSOL aciona MPF contra presidente do Ibama que afrouxou regras ap\u00f3s reuni\u00e3o com madeireiros","isPartOf":{"@id":"https:\/\/psol50.org.br\/#website"},"primaryImageOfPage":{"@id":"https:\/\/psol50.org.br\/psol-aciona-mpf-contra-presidente-do-ibama-que-afrouxou-regras-apos-reuniao-com-madeireiros\/#primaryimage"},"image":{"@id":"https:\/\/psol50.org.br\/psol-aciona-mpf-contra-presidente-do-ibama-que-afrouxou-regras-apos-reuniao-com-madeireiros\/#primaryimage"},"thumbnailUrl":"https:\/\/psol50.org.br\/inc\/uploads\/2020\/12\/eduardo_bim.jpg","datePublished":"2020-12-01T17:52:42+00:00","description":"Eduardo Fortunato Bim precisa responder pela decis\u00e3o tomada ap\u00f3s reuni\u00e3o com uma comitiva de empres\u00e1rios do setor madeireiro do Par\u00e1.","breadcrumb":{"@id":"https:\/\/psol50.org.br\/psol-aciona-mpf-contra-presidente-do-ibama-que-afrouxou-regras-apos-reuniao-com-madeireiros\/#breadcrumb"},"inLanguage":"pt-BR","potentialAction":[{"@type":"ReadAction","target":["https:\/\/psol50.org.br\/psol-aciona-mpf-contra-presidente-do-ibama-que-afrouxou-regras-apos-reuniao-com-madeireiros\/"]}]},{"@type":"ImageObject","inLanguage":"pt-BR","@id":"https:\/\/psol50.org.br\/psol-aciona-mpf-contra-presidente-do-ibama-que-afrouxou-regras-apos-reuniao-com-madeireiros\/#primaryimage","url":"https:\/\/psol50.org.br\/inc\/uploads\/2020\/12\/eduardo_bim.jpg","contentUrl":"https:\/\/psol50.org.br\/inc\/uploads\/2020\/12\/eduardo_bim.jpg","width":1200,"height":800},{"@type":"BreadcrumbList","@id":"https:\/\/psol50.org.br\/psol-aciona-mpf-contra-presidente-do-ibama-que-afrouxou-regras-apos-reuniao-com-madeireiros\/#breadcrumb","itemListElement":[{"@type":"ListItem","position":1,"name":"In\u00edcio","item":"https:\/\/psol50.org.br\/"},{"@type":"ListItem","position":2,"name":"PSOL aciona MPF contra presidente do Ibama que afrouxou regras ap\u00f3s reuni\u00e3o com madeireiros"}]},{"@type":"WebSite","@id":"https:\/\/psol50.org.br\/#website","url":"https:\/\/psol50.org.br\/","name":"PSOL 50","description":"Site oficial do Partido Socialismo e Liberdade","publisher":{"@id":"https:\/\/psol50.org.br\/#organization"},"alternateName":"PSOL50","potentialAction":[{"@type":"SearchAction","target":{"@type":"EntryPoint","urlTemplate":"https:\/\/psol50.org.br\/?s={search_term_string}"},"query-input":{"@type":"PropertyValueSpecification","valueRequired":true,"valueName":"search_term_string"}}],"inLanguage":"pt-BR"},{"@type":"Organization","@id":"https:\/\/psol50.org.br\/#organization","name":"PSOL 50","alternateName":"PSOL 50","url":"https:\/\/psol50.org.br\/","logo":{"@type":"ImageObject","inLanguage":"pt-BR","@id":"https:\/\/psol50.org.br\/#\/schema\/logo\/image\/","url":"https:\/\/psol50.org.br\/inc\/uploads\/2018\/07\/capa.png","contentUrl":"https:\/\/psol50.org.br\/inc\/uploads\/2018\/07\/capa.png","width":1350,"height":900,"caption":"PSOL 50"},"image":{"@id":"https:\/\/psol50.org.br\/#\/schema\/logo\/image\/"},"sameAs":["https:\/\/www.facebook.com\/psol50","https:\/\/x.com\/psol50","https:\/\/www.instagram.com\/psol50\/","https:\/\/www.youtube.com\/channel\/UC7SnJS5o1os7a6CaiNabzcg"]},{"@type":"Person","@id":"https:\/\/psol50.org.br\/#\/schema\/person\/475dfa57d0b815993c714c2e96491fcd","name":"Comunica\u00e7\u00e3o PSOL","image":{"@type":"ImageObject","inLanguage":"pt-BR","@id":"https:\/\/psol50.org.br\/#\/schema\/person\/image\/","url":"https:\/\/secure.gravatar.com\/avatar\/b34fc4f4e468a4e51785917065a3db57b841f5c95dba6ad8c73aaf8f66f8f9bf?s=96&d=mm&r=g","contentUrl":"https:\/\/secure.gravatar.com\/avatar\/b34fc4f4e468a4e51785917065a3db57b841f5c95dba6ad8c73aaf8f66f8f9bf?s=96&d=mm&r=g","caption":"Comunica\u00e7\u00e3o PSOL"}}]}},"_links":{"self":[{"href":"https:\/\/psol50.org.br\/rest\/wp\/v2\/posts\/31308","targetHints":{"allow":["GET"]}}],"collection":[{"href":"https:\/\/psol50.org.br\/rest\/wp\/v2\/posts"}],"about":[{"href":"https:\/\/psol50.org.br\/rest\/wp\/v2\/types\/post"}],"author":[{"embeddable":true,"href":"https:\/\/psol50.org.br\/rest\/wp\/v2\/users\/2"}],"replies":[{"embeddable":true,"href":"https:\/\/psol50.org.br\/rest\/wp\/v2\/comments?post=31308"}],"version-history":[{"count":0,"href":"https:\/\/psol50.org.br\/rest\/wp\/v2\/posts\/31308\/revisions"}],"wp:featuredmedia":[{"embeddable":true,"href":"https:\/\/psol50.org.br\/rest\/wp\/v2\/media\/31309"}],"wp:attachment":[{"href":"https:\/\/psol50.org.br\/rest\/wp\/v2\/media?parent=31308"}],"wp:term":[{"taxonomy":"category","embeddable":true,"href":"https:\/\/psol50.org.br\/rest\/wp\/v2\/categories?post=31308"},{"taxonomy":"post_tag","embeddable":true,"href":"https:\/\/psol50.org.br\/rest\/wp\/v2\/tags?post=31308"}],"curies":[{"name":"wp","href":"https:\/\/api.w.org\/{rel}","templated":true}]}}