{"id":3131,"date":"2015-01-28T00:00:00","date_gmt":"2015-01-28T11:02:22","guid":{"rendered":"http:\/\/psol50.org.br\/arquivo\/2015\/01\/28\/presidencia-da-camara-a-casa-do-povo-aberta-ao-povo\/"},"modified":"2015-01-28T00:00:00","modified_gmt":"2015-01-28T11:02:22","slug":"presidencia-da-camara-a-casa-do-povo-aberta-ao-povo","status":"publish","type":"post","link":"https:\/\/psol50.org.br\/presidencia-da-camara-a-casa-do-povo-aberta-ao-povo\/","title":{"rendered":"Presid\u00eancia da C\u00e2mara: A Casa do povo aberta ao povo"},"content":{"rendered":"<p align=\"JUSTIFY\" style=\"margin-bottom: 0cm; line-height: 100%;\">\n\t<span style=\"font-family:arial,helvetica,sans-serif;\"><span style=\"font-size: 12px;\"><em>Da Lideran\u00e7a do PSOL na C\u00e2mara, Mariane Andrade<\/em><\/p>\n<p>\t\u201cUma C\u00e2mara aberta para a popula\u00e7\u00e3o, que atue em nome e pelo povo brasileiro\u201d. Esta foi a primeira declara\u00e7\u00e3o do deputado Chico Alencar, candidato do PSOL \u00e0 Presid\u00eancia da C\u00e2mara, em entrevista coletiva na tarde desta ter\u00e7a-feira, 27 de janeiro, no Sal\u00e3o Verde do Congresso Nacional.<\/p>\n<p>\tPara ele, a C\u00e2mara dos Deputados deve atuar de forma progressista, austera, transparente e efetivamente aberta \u00e0 participa\u00e7\u00e3o popular. \u201cO Legislativo deve trabalhar em prol da popula\u00e7\u00e3o e isto implica em atender suas demandas. O sistema pol\u00edtico brasileiro est\u00e1 em processo de decomposi\u00e7\u00e3o. E esta confian\u00e7a \u00e9 que precisa ser resgatada perante ao cidad\u00e3o e \u00e0 cidad\u00e3 brasileiros\u201d.<\/p>\n<p>\tEste resgate, segundo Chico Alencar, \u00e9 poss\u00edvel com a vota\u00e7\u00e3o de propostas que atendam \u00e0s necessidades da popula\u00e7\u00e3o, o que inclui melhorias na sa\u00fade, na educa\u00e7\u00e3o, no transporte p\u00fablico, na manuten\u00e7\u00e3o dos direitos de trabalhadores e na garantia de uma vida digna. S\u00e3o propostas nesse sentido que o PSOL defende no documento \u201cA Casa do povo aberta ao povo\u201d, uma Plataforma de Prioridades para a 55\u00aa Legislatura, que se iniciar\u00e1 em 1\u00ba de fevereiro. Confira o documento <a href=\"http:\/\/www.psol50.org.br\/\/Store\/Arquivos\/A CASA DO POVO ABERTA AO POVO.doc\">aqui<\/a>.<\/p>\n<p>\t\u201cA C\u00e2mara dos Deputados precisa ser representativa, com partidos de conte\u00fado doutrin\u00e1rio e ideol\u00f3gico, e tamb\u00e9m participativa e direta. Mas tamb\u00e9m temos que reconhecer que temos debilidades, que s\u00e3o crescentes, no contexto de decomposi\u00e7\u00e3o pol\u00edtica em que nos afogamos, e que a nova etapa da Opera\u00e7\u00e3o Lava Jato \u2013 com investiga\u00e7\u00e3o sobre figuras p\u00fablicas com prerrogativa de foro e partido \u2013 ir\u00e1 aprofundar\u201d, afirma Chico Alencar.<\/p>\n<p>\tO deputado destaca, entretanto, que algo grave ronda os corredores e a representa\u00e7\u00e3o pol\u00edtica no Congresso Nacional: o mercado dos grandes neg\u00f3cios. De cada 10 deputados eleitos, sete receberam recursos de ao menos uma das 10 grandes empresas que mais \u2018investiram\u2019 na campanha. Existir\u00e3o, na pr\u00f3xima legislatura, a bancada das empreiteiras (214 deputados de 23 partidos), dos bancos (197 de 16 partidos), dos frigor\u00edficos (162 deputados de 16 partidos), das mineradoras (85 deputados de 19 partidos), do agroneg\u00f3cio, da bala, da bola, da cerveja, da m\u00eddia mercantil, do fundamentalismo.<\/p>\n<p>\t<b>A Casa do povo aberta ao povo<\/b><br \/>\n\tA Plataforma de Prioridades elaborada pela bancada do PSOL prop\u00f5e a autonomia e protagonismo do Poder Legislativo, com foco nas demandas populares. Entre elas, os direitos dos trabalhadores, com aprova\u00e7\u00e3o das propostas da jornada de 40 horas semanais, das 30 horas para os profissionais da enfermagem, da extin\u00e7\u00e3o do fator previdenci\u00e1rio e do fim da contribui\u00e7\u00e3o dos servidores inativos.<\/p>\n<p>\tO PSOL defende uma real reforma pol\u00edtica, especialmente com financiamento p\u00fablico exclusivo de campanha, convoca\u00e7\u00e3o de plebiscitos e referendos para grandes temas nacionais, prioridade para a tramita\u00e7\u00e3o de projetos de iniciativa popular e instala\u00e7\u00e3o imediata de uma mesa de di\u00e1logo com a \u2018Plataforma dos Movimentos Sociais pela Reforma Pol\u00edtica\u2019.<\/p>\n<p>\tAl\u00e9m da reforma pol\u00edtica, faz-se necess\u00e1ria uma reforma tribut\u00e1ria, priorizando um sistema justo e igualit\u00e1rio. Nesse rol de propostas est\u00e3o inclu\u00eddas a taxa\u00e7\u00e3o das grandes fortunas, o fim de isen\u00e7\u00f5es tribut\u00e1rias ao grande capital, a corre\u00e7\u00e3o da tabela e reformula\u00e7\u00e3o das faixas do imposto de renda sobre pessoa f\u00edsica, mudan\u00e7as na contribui\u00e7\u00e3o social dos bancos e a realiza\u00e7\u00e3o da auditoria da d\u00edvida p\u00fablica.<\/p>\n<p>\tOs direitos humanos tamb\u00e9m est\u00e3o na pauta do PSOL. Destaque para a manuten\u00e7\u00e3o de todos os direitos conquistados na Constitui\u00e7\u00e3o e legisla\u00e7\u00e3o infraconstitucional \u2013 por exemplo dos ind\u00edgenas e povos tradicionais \u2013, o encaminhamento das recomenda\u00e7\u00f5es da Comiss\u00e3o Nacional da Verdade, o fim dos autos de resist\u00eancia, a desmilitariza\u00e7\u00e3o das pol\u00edcias, a revoga\u00e7\u00e3o da Lei de Seguran\u00e7a Nacional e da Lei da Anistia, o casamento civil igualit\u00e1rio, entre outros pontos.<\/p>\n<p>\tA candidatura do PSOL acredita no aprofundamento das iniciativas de transpar\u00eancia e controle externo do Legislativo, garantindo a representa\u00e7\u00e3o feminina na composi\u00e7\u00e3o das Mesas Diretoras do Congresso e das Comiss\u00f5es Tem\u00e1ticas, a publiciza\u00e7\u00e3o de doadores de campanha e de todos os gastos da C\u00e2mara, a veda\u00e7\u00e3o da relatoria de projetos de interesses dos financiadores de campanha, o combate ao corporativismo, a valoriza\u00e7\u00e3o dos servidores, a garantia de sinal de canal aberto para a TV C\u00e2mara e a amplia\u00e7\u00e3o do alcance da R\u00e1dio C\u00e2mara.<\/p>\n<p>\t<b>Compromisso do PSOL<\/b><br \/>\n\tA bancada do PSOL \u2013 al\u00e9m de Chico Alencar, os deputados Ivan Valente, Jean Wyllys, Edmilson Rodrigues e Cabo Daciolo \u2013 reafirma seu compromisso com a \u2018Declara\u00e7\u00e3o da Frente pelas Reformas Populares\u2019, que tra\u00e7a \u201cum cen\u00e1rio de demiss\u00f5es, tentativas de redu\u00e7\u00e3o salarial e cortes de direitos\u201d e clama pelo enfrentamento da pol\u00edtica de ajuste fiscal dos Governos Federal, Estaduais e Prefeituras, com a revoga\u00e7\u00e3o imediata das MPs 664 e 665\/14, que representam ataques ao seguro-desemprego e pens\u00f5es.<\/p>\n<p>\t\u201cO Parlamento, para n\u00f3s do PSOL, \u00e9 o espa\u00e7o do dissenso, do conflito de ideias e projetos, da rigorosa fiscaliza\u00e7\u00e3o do Executivo. E uma \u2018usina\u2019 de formula\u00e7\u00e3o de pol\u00edticas p\u00fablicas e de constru\u00e7\u00e3o de seu arcabou\u00e7o legal. Nosso compromisso maior tem que ser com a supera\u00e7\u00e3o da desigualdade social, chaga maior deste pa\u00eds, e com pr\u00e1ticas pol\u00edticas \u00e9ticas, transparentes e republicanas. Nenhum tema pode estar vedado ao debate!\u201d, afirma o deputado Chico Alencar.<\/span><\/span><\/p>\n<p style=\"margin-bottom: 0cm; line-height: 100%\">\n\t&nbsp;<\/p>\n","protected":false},"excerpt":{"rendered":"<p>PSOL lan\u00e7a candidatura de Chico Alencar: \u201cNosso compromisso maior tem que ser com a supera\u00e7\u00e3o da desigualdade social, chaga maior deste pa\u00eds, e com pr\u00e1ticas pol\u00edticas \u00e9ticas, transparentes e republicanas\u201d<\/p>\n","protected":false},"author":2,"featured_media":0,"comment_status":"open","ping_status":"open","sticky":false,"template":"","format":"standard","meta":{"_acf_changed":false,"footnotes":""},"categories":[10,6],"tags":[],"class_list":{"0":"post-3131","1":"post","2":"type-post","3":"status-publish","4":"format-standard","6":"category-acao-parlamentares","7":"category-noticias"},"acf":[],"yoast_head":"<!-- This site is optimized with the Yoast SEO plugin v26.5 - https:\/\/yoast.com\/wordpress\/plugins\/seo\/ -->\n<title>Presid\u00eancia da C\u00e2mara: A Casa do povo aberta ao povo - PSOL 50<\/title>\n<meta name=\"robots\" content=\"index, follow, max-snippet:-1, max-image-preview:large, max-video-preview:-1\" \/>\n<link rel=\"canonical\" href=\"https:\/\/psol50.org.br\/presidencia-da-camara-a-casa-do-povo-aberta-ao-povo\/\" \/>\n<meta property=\"og:locale\" content=\"pt_BR\" \/>\n<meta property=\"og:type\" content=\"article\" \/>\n<meta property=\"og:title\" content=\"Presid\u00eancia da C\u00e2mara: A Casa do povo aberta ao povo - PSOL 50\" \/>\n<meta property=\"og:description\" content=\"PSOL lan\u00e7a candidatura de Chico Alencar: \u201cNosso compromisso maior tem que ser com a supera\u00e7\u00e3o da desigualdade social, chaga maior deste pa\u00eds, e com pr\u00e1ticas pol\u00edticas \u00e9ticas, transparentes e republicanas\u201d\" \/>\n<meta property=\"og:url\" content=\"https:\/\/psol50.org.br\/presidencia-da-camara-a-casa-do-povo-aberta-ao-povo\/\" \/>\n<meta property=\"og:site_name\" content=\"PSOL 50\" \/>\n<meta property=\"article:publisher\" content=\"https:\/\/www.facebook.com\/psol50\" \/>\n<meta property=\"article:published_time\" content=\"2015-01-28T11:02:22+00:00\" \/>\n<meta property=\"og:image\" content=\"https:\/\/psol50.org.br\/inc\/uploads\/2018\/07\/capa.png\" \/>\n\t<meta property=\"og:image:width\" content=\"1350\" \/>\n\t<meta property=\"og:image:height\" content=\"900\" \/>\n\t<meta property=\"og:image:type\" content=\"image\/png\" \/>\n<meta name=\"author\" content=\"Comunica\u00e7\u00e3o PSOL\" \/>\n<meta name=\"twitter:card\" content=\"summary_large_image\" \/>\n<meta name=\"twitter:creator\" content=\"@psol50\" \/>\n<meta name=\"twitter:site\" content=\"@psol50\" \/>\n<meta name=\"twitter:label1\" content=\"Escrito por\" \/>\n\t<meta name=\"twitter:data1\" content=\"Comunica\u00e7\u00e3o PSOL\" \/>\n\t<meta name=\"twitter:label2\" content=\"Est. tempo de leitura\" \/>\n\t<meta name=\"twitter:data2\" content=\"5 minutos\" \/>\n<script type=\"application\/ld+json\" class=\"yoast-schema-graph\">{\"@context\":\"https:\/\/schema.org\",\"@graph\":[{\"@type\":\"Article\",\"@id\":\"https:\/\/psol50.org.br\/presidencia-da-camara-a-casa-do-povo-aberta-ao-povo\/#article\",\"isPartOf\":{\"@id\":\"https:\/\/psol50.org.br\/presidencia-da-camara-a-casa-do-povo-aberta-ao-povo\/\"},\"author\":{\"name\":\"Comunica\u00e7\u00e3o PSOL\",\"@id\":\"https:\/\/psol50.org.br\/#\/schema\/person\/475dfa57d0b815993c714c2e96491fcd\"},\"headline\":\"Presid\u00eancia da C\u00e2mara: A Casa do povo aberta ao povo\",\"datePublished\":\"2015-01-28T11:02:22+00:00\",\"mainEntityOfPage\":{\"@id\":\"https:\/\/psol50.org.br\/presidencia-da-camara-a-casa-do-povo-aberta-ao-povo\/\"},\"wordCount\":935,\"commentCount\":0,\"publisher\":{\"@id\":\"https:\/\/psol50.org.br\/#organization\"},\"articleSection\":[\"A\u00e7\u00e3o Parlamentar\",\"Not\u00edcias\"],\"inLanguage\":\"pt-BR\",\"potentialAction\":[{\"@type\":\"CommentAction\",\"name\":\"Comment\",\"target\":[\"https:\/\/psol50.org.br\/presidencia-da-camara-a-casa-do-povo-aberta-ao-povo\/#respond\"]}]},{\"@type\":\"WebPage\",\"@id\":\"https:\/\/psol50.org.br\/presidencia-da-camara-a-casa-do-povo-aberta-ao-povo\/\",\"url\":\"https:\/\/psol50.org.br\/presidencia-da-camara-a-casa-do-povo-aberta-ao-povo\/\",\"name\":\"Presid\u00eancia da C\u00e2mara: A Casa do povo aberta ao povo - PSOL 50\",\"isPartOf\":{\"@id\":\"https:\/\/psol50.org.br\/#website\"},\"datePublished\":\"2015-01-28T11:02:22+00:00\",\"breadcrumb\":{\"@id\":\"https:\/\/psol50.org.br\/presidencia-da-camara-a-casa-do-povo-aberta-ao-povo\/#breadcrumb\"},\"inLanguage\":\"pt-BR\",\"potentialAction\":[{\"@type\":\"ReadAction\",\"target\":[\"https:\/\/psol50.org.br\/presidencia-da-camara-a-casa-do-povo-aberta-ao-povo\/\"]}]},{\"@type\":\"BreadcrumbList\",\"@id\":\"https:\/\/psol50.org.br\/presidencia-da-camara-a-casa-do-povo-aberta-ao-povo\/#breadcrumb\",\"itemListElement\":[{\"@type\":\"ListItem\",\"position\":1,\"name\":\"In\u00edcio\",\"item\":\"https:\/\/psol50.org.br\/\"},{\"@type\":\"ListItem\",\"position\":2,\"name\":\"Presid\u00eancia da C\u00e2mara: A Casa do povo aberta ao povo\"}]},{\"@type\":\"WebSite\",\"@id\":\"https:\/\/psol50.org.br\/#website\",\"url\":\"https:\/\/psol50.org.br\/\",\"name\":\"PSOL 50\",\"description\":\"Site oficial do Partido Socialismo e Liberdade\",\"publisher\":{\"@id\":\"https:\/\/psol50.org.br\/#organization\"},\"alternateName\":\"PSOL50\",\"potentialAction\":[{\"@type\":\"SearchAction\",\"target\":{\"@type\":\"EntryPoint\",\"urlTemplate\":\"https:\/\/psol50.org.br\/?s={search_term_string}\"},\"query-input\":{\"@type\":\"PropertyValueSpecification\",\"valueRequired\":true,\"valueName\":\"search_term_string\"}}],\"inLanguage\":\"pt-BR\"},{\"@type\":\"Organization\",\"@id\":\"https:\/\/psol50.org.br\/#organization\",\"name\":\"PSOL 50\",\"alternateName\":\"PSOL 50\",\"url\":\"https:\/\/psol50.org.br\/\",\"logo\":{\"@type\":\"ImageObject\",\"inLanguage\":\"pt-BR\",\"@id\":\"https:\/\/psol50.org.br\/#\/schema\/logo\/image\/\",\"url\":\"https:\/\/psol50.org.br\/inc\/uploads\/2018\/07\/capa.png\",\"contentUrl\":\"https:\/\/psol50.org.br\/inc\/uploads\/2018\/07\/capa.png\",\"width\":1350,\"height\":900,\"caption\":\"PSOL 50\"},\"image\":{\"@id\":\"https:\/\/psol50.org.br\/#\/schema\/logo\/image\/\"},\"sameAs\":[\"https:\/\/www.facebook.com\/psol50\",\"https:\/\/x.com\/psol50\",\"https:\/\/www.instagram.com\/psol50\/\",\"https:\/\/www.youtube.com\/channel\/UC7SnJS5o1os7a6CaiNabzcg\"]},{\"@type\":\"Person\",\"@id\":\"https:\/\/psol50.org.br\/#\/schema\/person\/475dfa57d0b815993c714c2e96491fcd\",\"name\":\"Comunica\u00e7\u00e3o PSOL\",\"image\":{\"@type\":\"ImageObject\",\"inLanguage\":\"pt-BR\",\"@id\":\"https:\/\/psol50.org.br\/#\/schema\/person\/image\/\",\"url\":\"https:\/\/secure.gravatar.com\/avatar\/b34fc4f4e468a4e51785917065a3db57b841f5c95dba6ad8c73aaf8f66f8f9bf?s=96&d=mm&r=g\",\"contentUrl\":\"https:\/\/secure.gravatar.com\/avatar\/b34fc4f4e468a4e51785917065a3db57b841f5c95dba6ad8c73aaf8f66f8f9bf?s=96&d=mm&r=g\",\"caption\":\"Comunica\u00e7\u00e3o PSOL\"}}]}<\/script>\n<!-- \/ Yoast SEO plugin. -->","yoast_head_json":{"title":"Presid\u00eancia da C\u00e2mara: A Casa do povo aberta ao povo - PSOL 50","robots":{"index":"index","follow":"follow","max-snippet":"max-snippet:-1","max-image-preview":"max-image-preview:large","max-video-preview":"max-video-preview:-1"},"canonical":"https:\/\/psol50.org.br\/presidencia-da-camara-a-casa-do-povo-aberta-ao-povo\/","og_locale":"pt_BR","og_type":"article","og_title":"Presid\u00eancia da C\u00e2mara: A Casa do povo aberta ao povo - PSOL 50","og_description":"PSOL lan\u00e7a candidatura de Chico Alencar: \u201cNosso compromisso maior tem que ser com a supera\u00e7\u00e3o da desigualdade social, chaga maior deste pa\u00eds, e com pr\u00e1ticas pol\u00edticas \u00e9ticas, transparentes e republicanas\u201d","og_url":"https:\/\/psol50.org.br\/presidencia-da-camara-a-casa-do-povo-aberta-ao-povo\/","og_site_name":"PSOL 50","article_publisher":"https:\/\/www.facebook.com\/psol50","article_published_time":"2015-01-28T11:02:22+00:00","og_image":[{"width":1350,"height":900,"url":"https:\/\/psol50.org.br\/inc\/uploads\/2018\/07\/capa.png","type":"image\/png"}],"author":"Comunica\u00e7\u00e3o PSOL","twitter_card":"summary_large_image","twitter_creator":"@psol50","twitter_site":"@psol50","twitter_misc":{"Escrito por":"Comunica\u00e7\u00e3o PSOL","Est. tempo de leitura":"5 minutos"},"schema":{"@context":"https:\/\/schema.org","@graph":[{"@type":"Article","@id":"https:\/\/psol50.org.br\/presidencia-da-camara-a-casa-do-povo-aberta-ao-povo\/#article","isPartOf":{"@id":"https:\/\/psol50.org.br\/presidencia-da-camara-a-casa-do-povo-aberta-ao-povo\/"},"author":{"name":"Comunica\u00e7\u00e3o PSOL","@id":"https:\/\/psol50.org.br\/#\/schema\/person\/475dfa57d0b815993c714c2e96491fcd"},"headline":"Presid\u00eancia da C\u00e2mara: A Casa do povo aberta ao povo","datePublished":"2015-01-28T11:02:22+00:00","mainEntityOfPage":{"@id":"https:\/\/psol50.org.br\/presidencia-da-camara-a-casa-do-povo-aberta-ao-povo\/"},"wordCount":935,"commentCount":0,"publisher":{"@id":"https:\/\/psol50.org.br\/#organization"},"articleSection":["A\u00e7\u00e3o Parlamentar","Not\u00edcias"],"inLanguage":"pt-BR","potentialAction":[{"@type":"CommentAction","name":"Comment","target":["https:\/\/psol50.org.br\/presidencia-da-camara-a-casa-do-povo-aberta-ao-povo\/#respond"]}]},{"@type":"WebPage","@id":"https:\/\/psol50.org.br\/presidencia-da-camara-a-casa-do-povo-aberta-ao-povo\/","url":"https:\/\/psol50.org.br\/presidencia-da-camara-a-casa-do-povo-aberta-ao-povo\/","name":"Presid\u00eancia da C\u00e2mara: A Casa do povo aberta ao povo - PSOL 50","isPartOf":{"@id":"https:\/\/psol50.org.br\/#website"},"datePublished":"2015-01-28T11:02:22+00:00","breadcrumb":{"@id":"https:\/\/psol50.org.br\/presidencia-da-camara-a-casa-do-povo-aberta-ao-povo\/#breadcrumb"},"inLanguage":"pt-BR","potentialAction":[{"@type":"ReadAction","target":["https:\/\/psol50.org.br\/presidencia-da-camara-a-casa-do-povo-aberta-ao-povo\/"]}]},{"@type":"BreadcrumbList","@id":"https:\/\/psol50.org.br\/presidencia-da-camara-a-casa-do-povo-aberta-ao-povo\/#breadcrumb","itemListElement":[{"@type":"ListItem","position":1,"name":"In\u00edcio","item":"https:\/\/psol50.org.br\/"},{"@type":"ListItem","position":2,"name":"Presid\u00eancia da C\u00e2mara: A Casa do povo aberta ao povo"}]},{"@type":"WebSite","@id":"https:\/\/psol50.org.br\/#website","url":"https:\/\/psol50.org.br\/","name":"PSOL 50","description":"Site oficial do Partido Socialismo e Liberdade","publisher":{"@id":"https:\/\/psol50.org.br\/#organization"},"alternateName":"PSOL50","potentialAction":[{"@type":"SearchAction","target":{"@type":"EntryPoint","urlTemplate":"https:\/\/psol50.org.br\/?s={search_term_string}"},"query-input":{"@type":"PropertyValueSpecification","valueRequired":true,"valueName":"search_term_string"}}],"inLanguage":"pt-BR"},{"@type":"Organization","@id":"https:\/\/psol50.org.br\/#organization","name":"PSOL 50","alternateName":"PSOL 50","url":"https:\/\/psol50.org.br\/","logo":{"@type":"ImageObject","inLanguage":"pt-BR","@id":"https:\/\/psol50.org.br\/#\/schema\/logo\/image\/","url":"https:\/\/psol50.org.br\/inc\/uploads\/2018\/07\/capa.png","contentUrl":"https:\/\/psol50.org.br\/inc\/uploads\/2018\/07\/capa.png","width":1350,"height":900,"caption":"PSOL 50"},"image":{"@id":"https:\/\/psol50.org.br\/#\/schema\/logo\/image\/"},"sameAs":["https:\/\/www.facebook.com\/psol50","https:\/\/x.com\/psol50","https:\/\/www.instagram.com\/psol50\/","https:\/\/www.youtube.com\/channel\/UC7SnJS5o1os7a6CaiNabzcg"]},{"@type":"Person","@id":"https:\/\/psol50.org.br\/#\/schema\/person\/475dfa57d0b815993c714c2e96491fcd","name":"Comunica\u00e7\u00e3o PSOL","image":{"@type":"ImageObject","inLanguage":"pt-BR","@id":"https:\/\/psol50.org.br\/#\/schema\/person\/image\/","url":"https:\/\/secure.gravatar.com\/avatar\/b34fc4f4e468a4e51785917065a3db57b841f5c95dba6ad8c73aaf8f66f8f9bf?s=96&d=mm&r=g","contentUrl":"https:\/\/secure.gravatar.com\/avatar\/b34fc4f4e468a4e51785917065a3db57b841f5c95dba6ad8c73aaf8f66f8f9bf?s=96&d=mm&r=g","caption":"Comunica\u00e7\u00e3o PSOL"}}]}},"_links":{"self":[{"href":"https:\/\/psol50.org.br\/rest\/wp\/v2\/posts\/3131","targetHints":{"allow":["GET"]}}],"collection":[{"href":"https:\/\/psol50.org.br\/rest\/wp\/v2\/posts"}],"about":[{"href":"https:\/\/psol50.org.br\/rest\/wp\/v2\/types\/post"}],"author":[{"embeddable":true,"href":"https:\/\/psol50.org.br\/rest\/wp\/v2\/users\/2"}],"replies":[{"embeddable":true,"href":"https:\/\/psol50.org.br\/rest\/wp\/v2\/comments?post=3131"}],"version-history":[{"count":0,"href":"https:\/\/psol50.org.br\/rest\/wp\/v2\/posts\/3131\/revisions"}],"wp:attachment":[{"href":"https:\/\/psol50.org.br\/rest\/wp\/v2\/media?parent=3131"}],"wp:term":[{"taxonomy":"category","embeddable":true,"href":"https:\/\/psol50.org.br\/rest\/wp\/v2\/categories?post=3131"},{"taxonomy":"post_tag","embeddable":true,"href":"https:\/\/psol50.org.br\/rest\/wp\/v2\/tags?post=3131"}],"curies":[{"name":"wp","href":"https:\/\/api.w.org\/{rel}","templated":true}]}}