{"id":31316,"date":"2020-12-02T11:01:19","date_gmt":"2020-12-02T14:01:19","guid":{"rendered":"https:\/\/psol50.org.br\/?p=31316"},"modified":"2020-12-02T11:01:19","modified_gmt":"2020-12-02T14:01:19","slug":"mil-dias-sem-marielle-participe-dos-atos-simbolicos-neste-dia-8-de-dezembro","status":"publish","type":"post","link":"https:\/\/psol50.org.br\/mil-dias-sem-marielle-participe-dos-atos-simbolicos-neste-dia-8-de-dezembro\/","title":{"rendered":"Mil dias sem Marielle: participe dos atos simb\u00f3licos neste dia 8 de dezembro"},"content":{"rendered":"<p><a href=\"https:\/\/psol50.org.br\/rendajusta\/\" target=\"_blank\" rel=\"noopener noreferrer\"><span style=\"font-weight: 400;\"><img loading=\"lazy\" decoding=\"async\" class=\"alignnone size-full wp-image-30552\" src=\"https:\/\/psol50.org.br\/inc\/uploads\/2020\/08\/21-08-2020_LancamentoRendaJusta-2.png\" alt=\"\" width=\"1920\" height=\"383\" srcset=\"https:\/\/psol50.org.br\/inc\/uploads\/2020\/08\/21-08-2020_LancamentoRendaJusta-2.png 1920w, https:\/\/psol50.org.br\/inc\/uploads\/2020\/08\/21-08-2020_LancamentoRendaJusta-2-300x60.png 300w, https:\/\/psol50.org.br\/inc\/uploads\/2020\/08\/21-08-2020_LancamentoRendaJusta-2-1024x204.png 1024w, https:\/\/psol50.org.br\/inc\/uploads\/2020\/08\/21-08-2020_LancamentoRendaJusta-2-768x153.png 768w, https:\/\/psol50.org.br\/inc\/uploads\/2020\/08\/21-08-2020_LancamentoRendaJusta-2-1536x306.png 1536w, https:\/\/psol50.org.br\/inc\/uploads\/2020\/08\/21-08-2020_LancamentoRendaJusta-2-150x30.png 150w, https:\/\/psol50.org.br\/inc\/uploads\/2020\/08\/21-08-2020_LancamentoRendaJusta-2-696x139.png 696w, https:\/\/psol50.org.br\/inc\/uploads\/2020\/08\/21-08-2020_LancamentoRendaJusta-2-1068x213.png 1068w\" sizes=\"auto, (max-width: 1920px) 100vw, 1920px\" \/><\/span><\/a><\/p>\n<p><span style=\"font-weight: 400;\">Neste dia 8 de dezembro, ter\u00e7a-feira, o Brasil vai chegar a uma triste e simb\u00f3lica data: mil dias desde o assassinato brutal de Marielle Franco e Anderson Gomes, em 14 de mar\u00e7o de 2018.<\/span><\/p>\n<p><span style=\"font-weight: 400;\">S\u00e3o mil dias de muita luta por justi\u00e7a, mas tamb\u00e9m de frustra\u00e7\u00f5es. At\u00e9 hoje, praticamente nenhuma resposta foi dada pelas investiga\u00e7\u00f5es sobre os mandantes desse crime pol\u00edtico.<\/span><\/p>\n<p><span style=\"font-weight: 400;\">Para marcar a data, organiza\u00e7\u00f5es da sociedade, movimentos sociais e o PSOL est\u00e3o convocando a realiza\u00e7\u00e3o de atos simb\u00f3licos. No Rio de Janeiro e em outros locais, ser\u00e3o realizados atividades de Amanhecer por Marielle.<\/span><\/p>\n<p><span style=\"font-weight: 400;\">Nas redes e aqui no site do PSOL, voc\u00ea poder\u00e1 acompanhar a programa\u00e7\u00e3o de atividades. <strong><a href=\"https:\/\/www.facebook.com\/events\/218182633006665\/\" target=\"_blank\" rel=\"noopener noreferrer\">Confirme presen\u00e7a no evento do Facebook para receber as notifica\u00e7\u00f5es.<\/a><\/strong><\/span><\/p>\n<p><span style=\"font-weight: 400;\"><strong>Quer cadastrar uma atividade ou se inserir em alguma j\u00e1 programada, bem como participar da cobertura nas m\u00eddias sociais?<\/strong> <\/span><strong>Preencha o formul\u00e1rio abaixo!<\/strong><\/p>\n<p><iframe loading=\"lazy\" src=\"https:\/\/docs.google.com\/forms\/d\/e\/1FAIpQLSeovgAZkq3JErUhZPfy_GWx2y_578L6FHLK8-29WfJVleKwqA\/viewform?embedded=true\" width=\"700\" height=\"520\" frameborder=\"0\" marginwidth=\"0\" marginheight=\"0\">Carregando\u2026<\/iframe><\/p>\n<p><a href=\"https:\/\/impeachmentpopular.com.br\/\" target=\"_blank\" rel=\"noopener noreferrer\"><img loading=\"lazy\" decoding=\"async\" class=\"alignnone size-full wp-image-29118\" src=\"https:\/\/psol50.org.br\/inc\/uploads\/2020\/05\/Email_Impeachment.png\" alt=\"\" width=\"1080\" height=\"250\" srcset=\"https:\/\/psol50.org.br\/inc\/uploads\/2020\/05\/Email_Impeachment.png 1080w, https:\/\/psol50.org.br\/inc\/uploads\/2020\/05\/Email_Impeachment-300x69.png 300w, https:\/\/psol50.org.br\/inc\/uploads\/2020\/05\/Email_Impeachment-1024x237.png 1024w, https:\/\/psol50.org.br\/inc\/uploads\/2020\/05\/Email_Impeachment-768x178.png 768w, https:\/\/psol50.org.br\/inc\/uploads\/2020\/05\/Email_Impeachment-150x35.png 150w, https:\/\/psol50.org.br\/inc\/uploads\/2020\/05\/Email_Impeachment-696x161.png 696w, https:\/\/psol50.org.br\/inc\/uploads\/2020\/05\/Email_Impeachment-1068x247.png 1068w\" sizes=\"auto, (max-width: 1080px) 100vw, 1080px\" \/><\/a><\/p>\n","protected":false},"excerpt":{"rendered":"<p>Neste dia 8 de dezembro, ter\u00e7a-feira, o Brasil vai chegar a uma triste e simb\u00f3lica data: mil dias desde o assassinato brutal de Marielle Franco e Anderson Gomes, em 14 de mar\u00e7o de 2018. S\u00e3o mil dias de muita luta por justi\u00e7a, mas tamb\u00e9m de frustra\u00e7\u00f5es. At\u00e9 hoje, praticamente nenhuma resposta foi dada pelas investiga\u00e7\u00f5es [&hellip;]<\/p>\n","protected":false},"author":2,"featured_media":27766,"comment_status":"closed","ping_status":"open","sticky":false,"template":"","format":"standard","meta":{"_acf_changed":false,"footnotes":""},"categories":[6,14],"tags":[131,313,314,194,1287],"class_list":{"0":"post-31316","1":"post","2":"type-post","3":"status-publish","4":"format-standard","5":"has-post-thumbnail","7":"category-noticias","8":"category-partido","9":"tag-assassinato","10":"tag-atos","11":"tag-manifestacoes","12":"tag-marielle-franco","13":"tag-mil-dias"},"acf":[],"yoast_head":"<!-- This site is optimized with the Yoast SEO plugin v26.5 - https:\/\/yoast.com\/wordpress\/plugins\/seo\/ -->\n<title>Mil dias sem Marielle: participe dos atos simb\u00f3licos neste dia 8 de dezembro<\/title>\n<meta name=\"description\" content=\"Para marcar a data, organiza\u00e7\u00f5es da sociedade, movimentos sociais e o PSOL est\u00e3o convocando a realiza\u00e7\u00e3o de atos simb\u00f3licos.\" \/>\n<meta name=\"robots\" content=\"index, follow, max-snippet:-1, max-image-preview:large, max-video-preview:-1\" \/>\n<link rel=\"canonical\" href=\"https:\/\/psol50.org.br\/mil-dias-sem-marielle-participe-dos-atos-simbolicos-neste-dia-8-de-dezembro\/\" \/>\n<meta property=\"og:locale\" content=\"pt_BR\" \/>\n<meta property=\"og:type\" content=\"article\" \/>\n<meta property=\"og:title\" content=\"Mil dias sem Marielle: participe dos atos simb\u00f3licos neste dia 8 de dezembro\" \/>\n<meta property=\"og:description\" content=\"Para marcar a data, organiza\u00e7\u00f5es da sociedade, movimentos sociais e o PSOL est\u00e3o convocando a realiza\u00e7\u00e3o de atos simb\u00f3licos.\" \/>\n<meta property=\"og:url\" content=\"https:\/\/psol50.org.br\/mil-dias-sem-marielle-participe-dos-atos-simbolicos-neste-dia-8-de-dezembro\/\" \/>\n<meta property=\"og:site_name\" content=\"PSOL 50\" \/>\n<meta property=\"article:publisher\" content=\"https:\/\/www.facebook.com\/psol50\" \/>\n<meta property=\"article:published_time\" content=\"2020-12-02T14:01:19+00:00\" \/>\n<meta property=\"og:image\" content=\"https:\/\/psol50.org.br\/inc\/uploads\/2020\/03\/marielle-presnete-poster-girassol-0119-1400x800-1.jpg\" \/>\n\t<meta property=\"og:image:width\" content=\"793\" \/>\n\t<meta property=\"og:image:height\" content=\"453\" \/>\n\t<meta property=\"og:image:type\" content=\"image\/jpeg\" \/>\n<meta name=\"author\" content=\"Comunica\u00e7\u00e3o PSOL\" \/>\n<meta name=\"twitter:card\" content=\"summary_large_image\" \/>\n<meta name=\"twitter:title\" content=\"Mil dias sem Marielle: participe dos atos simb\u00f3licos neste dia 8 de dezembro\" \/>\n<meta name=\"twitter:description\" content=\"Para marcar a data, organiza\u00e7\u00f5es da sociedade, movimentos sociais e o PSOL est\u00e3o convocando a realiza\u00e7\u00e3o de atos simb\u00f3licos.\" \/>\n<meta name=\"twitter:image\" content=\"https:\/\/psol50.org.br\/inc\/uploads\/2020\/03\/marielle-presnete-poster-girassol-0119-1400x800-1.jpg\" \/>\n<meta name=\"twitter:creator\" content=\"@psol50\" \/>\n<meta name=\"twitter:site\" content=\"@psol50\" \/>\n<meta name=\"twitter:label1\" content=\"Escrito por\" \/>\n\t<meta name=\"twitter:data1\" content=\"Comunica\u00e7\u00e3o PSOL\" \/>\n\t<meta name=\"twitter:label2\" content=\"Est. tempo de leitura\" \/>\n\t<meta name=\"twitter:data2\" content=\"1 minuto\" \/>\n<script type=\"application\/ld+json\" class=\"yoast-schema-graph\">{\"@context\":\"https:\/\/schema.org\",\"@graph\":[{\"@type\":\"Article\",\"@id\":\"https:\/\/psol50.org.br\/mil-dias-sem-marielle-participe-dos-atos-simbolicos-neste-dia-8-de-dezembro\/#article\",\"isPartOf\":{\"@id\":\"https:\/\/psol50.org.br\/mil-dias-sem-marielle-participe-dos-atos-simbolicos-neste-dia-8-de-dezembro\/\"},\"author\":{\"name\":\"Comunica\u00e7\u00e3o PSOL\",\"@id\":\"https:\/\/psol50.org.br\/#\/schema\/person\/475dfa57d0b815993c714c2e96491fcd\"},\"headline\":\"Mil dias sem Marielle: participe dos atos simb\u00f3licos neste dia 8 de dezembro\",\"datePublished\":\"2020-12-02T14:01:19+00:00\",\"mainEntityOfPage\":{\"@id\":\"https:\/\/psol50.org.br\/mil-dias-sem-marielle-participe-dos-atos-simbolicos-neste-dia-8-de-dezembro\/\"},\"wordCount\":173,\"publisher\":{\"@id\":\"https:\/\/psol50.org.br\/#organization\"},\"image\":{\"@id\":\"https:\/\/psol50.org.br\/mil-dias-sem-marielle-participe-dos-atos-simbolicos-neste-dia-8-de-dezembro\/#primaryimage\"},\"thumbnailUrl\":\"https:\/\/psol50.org.br\/inc\/uploads\/2020\/03\/marielle-presnete-poster-girassol-0119-1400x800-1.jpg\",\"keywords\":[\"assassinato\",\"atos\",\"manifesta\u00e7\u00f5es\",\"Marielle Franco\",\"mil dias\"],\"articleSection\":[\"Not\u00edcias\",\"Partido\"],\"inLanguage\":\"pt-BR\"},{\"@type\":\"WebPage\",\"@id\":\"https:\/\/psol50.org.br\/mil-dias-sem-marielle-participe-dos-atos-simbolicos-neste-dia-8-de-dezembro\/\",\"url\":\"https:\/\/psol50.org.br\/mil-dias-sem-marielle-participe-dos-atos-simbolicos-neste-dia-8-de-dezembro\/\",\"name\":\"Mil dias sem Marielle: participe dos atos simb\u00f3licos neste dia 8 de dezembro\",\"isPartOf\":{\"@id\":\"https:\/\/psol50.org.br\/#website\"},\"primaryImageOfPage\":{\"@id\":\"https:\/\/psol50.org.br\/mil-dias-sem-marielle-participe-dos-atos-simbolicos-neste-dia-8-de-dezembro\/#primaryimage\"},\"image\":{\"@id\":\"https:\/\/psol50.org.br\/mil-dias-sem-marielle-participe-dos-atos-simbolicos-neste-dia-8-de-dezembro\/#primaryimage\"},\"thumbnailUrl\":\"https:\/\/psol50.org.br\/inc\/uploads\/2020\/03\/marielle-presnete-poster-girassol-0119-1400x800-1.jpg\",\"datePublished\":\"2020-12-02T14:01:19+00:00\",\"description\":\"Para marcar a data, organiza\u00e7\u00f5es da sociedade, movimentos sociais e o PSOL est\u00e3o convocando a realiza\u00e7\u00e3o de atos simb\u00f3licos.\",\"breadcrumb\":{\"@id\":\"https:\/\/psol50.org.br\/mil-dias-sem-marielle-participe-dos-atos-simbolicos-neste-dia-8-de-dezembro\/#breadcrumb\"},\"inLanguage\":\"pt-BR\",\"potentialAction\":[{\"@type\":\"ReadAction\",\"target\":[\"https:\/\/psol50.org.br\/mil-dias-sem-marielle-participe-dos-atos-simbolicos-neste-dia-8-de-dezembro\/\"]}]},{\"@type\":\"ImageObject\",\"inLanguage\":\"pt-BR\",\"@id\":\"https:\/\/psol50.org.br\/mil-dias-sem-marielle-participe-dos-atos-simbolicos-neste-dia-8-de-dezembro\/#primaryimage\",\"url\":\"https:\/\/psol50.org.br\/inc\/uploads\/2020\/03\/marielle-presnete-poster-girassol-0119-1400x800-1.jpg\",\"contentUrl\":\"https:\/\/psol50.org.br\/inc\/uploads\/2020\/03\/marielle-presnete-poster-girassol-0119-1400x800-1.jpg\",\"width\":793,\"height\":453,\"caption\":\"Foto: Marcelo Camargo\/Ag\u00eancia Brasil\"},{\"@type\":\"BreadcrumbList\",\"@id\":\"https:\/\/psol50.org.br\/mil-dias-sem-marielle-participe-dos-atos-simbolicos-neste-dia-8-de-dezembro\/#breadcrumb\",\"itemListElement\":[{\"@type\":\"ListItem\",\"position\":1,\"name\":\"In\u00edcio\",\"item\":\"https:\/\/psol50.org.br\/\"},{\"@type\":\"ListItem\",\"position\":2,\"name\":\"Mil dias sem Marielle: participe dos atos simb\u00f3licos neste dia 8 de dezembro\"}]},{\"@type\":\"WebSite\",\"@id\":\"https:\/\/psol50.org.br\/#website\",\"url\":\"https:\/\/psol50.org.br\/\",\"name\":\"PSOL 50\",\"description\":\"Site oficial do Partido Socialismo e Liberdade\",\"publisher\":{\"@id\":\"https:\/\/psol50.org.br\/#organization\"},\"alternateName\":\"PSOL50\",\"potentialAction\":[{\"@type\":\"SearchAction\",\"target\":{\"@type\":\"EntryPoint\",\"urlTemplate\":\"https:\/\/psol50.org.br\/?s={search_term_string}\"},\"query-input\":{\"@type\":\"PropertyValueSpecification\",\"valueRequired\":true,\"valueName\":\"search_term_string\"}}],\"inLanguage\":\"pt-BR\"},{\"@type\":\"Organization\",\"@id\":\"https:\/\/psol50.org.br\/#organization\",\"name\":\"PSOL 50\",\"alternateName\":\"PSOL 50\",\"url\":\"https:\/\/psol50.org.br\/\",\"logo\":{\"@type\":\"ImageObject\",\"inLanguage\":\"pt-BR\",\"@id\":\"https:\/\/psol50.org.br\/#\/schema\/logo\/image\/\",\"url\":\"https:\/\/psol50.org.br\/inc\/uploads\/2018\/07\/capa.png\",\"contentUrl\":\"https:\/\/psol50.org.br\/inc\/uploads\/2018\/07\/capa.png\",\"width\":1350,\"height\":900,\"caption\":\"PSOL 50\"},\"image\":{\"@id\":\"https:\/\/psol50.org.br\/#\/schema\/logo\/image\/\"},\"sameAs\":[\"https:\/\/www.facebook.com\/psol50\",\"https:\/\/x.com\/psol50\",\"https:\/\/www.instagram.com\/psol50\/\",\"https:\/\/www.youtube.com\/channel\/UC7SnJS5o1os7a6CaiNabzcg\"]},{\"@type\":\"Person\",\"@id\":\"https:\/\/psol50.org.br\/#\/schema\/person\/475dfa57d0b815993c714c2e96491fcd\",\"name\":\"Comunica\u00e7\u00e3o PSOL\",\"image\":{\"@type\":\"ImageObject\",\"inLanguage\":\"pt-BR\",\"@id\":\"https:\/\/psol50.org.br\/#\/schema\/person\/image\/\",\"url\":\"https:\/\/secure.gravatar.com\/avatar\/b34fc4f4e468a4e51785917065a3db57b841f5c95dba6ad8c73aaf8f66f8f9bf?s=96&d=mm&r=g\",\"contentUrl\":\"https:\/\/secure.gravatar.com\/avatar\/b34fc4f4e468a4e51785917065a3db57b841f5c95dba6ad8c73aaf8f66f8f9bf?s=96&d=mm&r=g\",\"caption\":\"Comunica\u00e7\u00e3o PSOL\"}}]}<\/script>\n<!-- \/ Yoast SEO plugin. -->","yoast_head_json":{"title":"Mil dias sem Marielle: participe dos atos simb\u00f3licos neste dia 8 de dezembro","description":"Para marcar a data, organiza\u00e7\u00f5es da sociedade, movimentos sociais e o PSOL est\u00e3o convocando a realiza\u00e7\u00e3o de atos simb\u00f3licos.","robots":{"index":"index","follow":"follow","max-snippet":"max-snippet:-1","max-image-preview":"max-image-preview:large","max-video-preview":"max-video-preview:-1"},"canonical":"https:\/\/psol50.org.br\/mil-dias-sem-marielle-participe-dos-atos-simbolicos-neste-dia-8-de-dezembro\/","og_locale":"pt_BR","og_type":"article","og_title":"Mil dias sem Marielle: participe dos atos simb\u00f3licos neste dia 8 de dezembro","og_description":"Para marcar a data, organiza\u00e7\u00f5es da sociedade, movimentos sociais e o PSOL est\u00e3o convocando a realiza\u00e7\u00e3o de atos simb\u00f3licos.","og_url":"https:\/\/psol50.org.br\/mil-dias-sem-marielle-participe-dos-atos-simbolicos-neste-dia-8-de-dezembro\/","og_site_name":"PSOL 50","article_publisher":"https:\/\/www.facebook.com\/psol50","article_published_time":"2020-12-02T14:01:19+00:00","og_image":[{"width":793,"height":453,"url":"https:\/\/psol50.org.br\/inc\/uploads\/2020\/03\/marielle-presnete-poster-girassol-0119-1400x800-1.jpg","type":"image\/jpeg"}],"author":"Comunica\u00e7\u00e3o PSOL","twitter_card":"summary_large_image","twitter_title":"Mil dias sem Marielle: participe dos atos simb\u00f3licos neste dia 8 de dezembro","twitter_description":"Para marcar a data, organiza\u00e7\u00f5es da sociedade, movimentos sociais e o PSOL est\u00e3o convocando a realiza\u00e7\u00e3o de atos simb\u00f3licos.","twitter_image":"https:\/\/psol50.org.br\/inc\/uploads\/2020\/03\/marielle-presnete-poster-girassol-0119-1400x800-1.jpg","twitter_creator":"@psol50","twitter_site":"@psol50","twitter_misc":{"Escrito por":"Comunica\u00e7\u00e3o PSOL","Est. tempo de leitura":"1 minuto"},"schema":{"@context":"https:\/\/schema.org","@graph":[{"@type":"Article","@id":"https:\/\/psol50.org.br\/mil-dias-sem-marielle-participe-dos-atos-simbolicos-neste-dia-8-de-dezembro\/#article","isPartOf":{"@id":"https:\/\/psol50.org.br\/mil-dias-sem-marielle-participe-dos-atos-simbolicos-neste-dia-8-de-dezembro\/"},"author":{"name":"Comunica\u00e7\u00e3o PSOL","@id":"https:\/\/psol50.org.br\/#\/schema\/person\/475dfa57d0b815993c714c2e96491fcd"},"headline":"Mil dias sem Marielle: participe dos atos simb\u00f3licos neste dia 8 de dezembro","datePublished":"2020-12-02T14:01:19+00:00","mainEntityOfPage":{"@id":"https:\/\/psol50.org.br\/mil-dias-sem-marielle-participe-dos-atos-simbolicos-neste-dia-8-de-dezembro\/"},"wordCount":173,"publisher":{"@id":"https:\/\/psol50.org.br\/#organization"},"image":{"@id":"https:\/\/psol50.org.br\/mil-dias-sem-marielle-participe-dos-atos-simbolicos-neste-dia-8-de-dezembro\/#primaryimage"},"thumbnailUrl":"https:\/\/psol50.org.br\/inc\/uploads\/2020\/03\/marielle-presnete-poster-girassol-0119-1400x800-1.jpg","keywords":["assassinato","atos","manifesta\u00e7\u00f5es","Marielle Franco","mil dias"],"articleSection":["Not\u00edcias","Partido"],"inLanguage":"pt-BR"},{"@type":"WebPage","@id":"https:\/\/psol50.org.br\/mil-dias-sem-marielle-participe-dos-atos-simbolicos-neste-dia-8-de-dezembro\/","url":"https:\/\/psol50.org.br\/mil-dias-sem-marielle-participe-dos-atos-simbolicos-neste-dia-8-de-dezembro\/","name":"Mil dias sem Marielle: participe dos atos simb\u00f3licos neste dia 8 de dezembro","isPartOf":{"@id":"https:\/\/psol50.org.br\/#website"},"primaryImageOfPage":{"@id":"https:\/\/psol50.org.br\/mil-dias-sem-marielle-participe-dos-atos-simbolicos-neste-dia-8-de-dezembro\/#primaryimage"},"image":{"@id":"https:\/\/psol50.org.br\/mil-dias-sem-marielle-participe-dos-atos-simbolicos-neste-dia-8-de-dezembro\/#primaryimage"},"thumbnailUrl":"https:\/\/psol50.org.br\/inc\/uploads\/2020\/03\/marielle-presnete-poster-girassol-0119-1400x800-1.jpg","datePublished":"2020-12-02T14:01:19+00:00","description":"Para marcar a data, organiza\u00e7\u00f5es da sociedade, movimentos sociais e o PSOL est\u00e3o convocando a realiza\u00e7\u00e3o de atos simb\u00f3licos.","breadcrumb":{"@id":"https:\/\/psol50.org.br\/mil-dias-sem-marielle-participe-dos-atos-simbolicos-neste-dia-8-de-dezembro\/#breadcrumb"},"inLanguage":"pt-BR","potentialAction":[{"@type":"ReadAction","target":["https:\/\/psol50.org.br\/mil-dias-sem-marielle-participe-dos-atos-simbolicos-neste-dia-8-de-dezembro\/"]}]},{"@type":"ImageObject","inLanguage":"pt-BR","@id":"https:\/\/psol50.org.br\/mil-dias-sem-marielle-participe-dos-atos-simbolicos-neste-dia-8-de-dezembro\/#primaryimage","url":"https:\/\/psol50.org.br\/inc\/uploads\/2020\/03\/marielle-presnete-poster-girassol-0119-1400x800-1.jpg","contentUrl":"https:\/\/psol50.org.br\/inc\/uploads\/2020\/03\/marielle-presnete-poster-girassol-0119-1400x800-1.jpg","width":793,"height":453,"caption":"Foto: Marcelo Camargo\/Ag\u00eancia Brasil"},{"@type":"BreadcrumbList","@id":"https:\/\/psol50.org.br\/mil-dias-sem-marielle-participe-dos-atos-simbolicos-neste-dia-8-de-dezembro\/#breadcrumb","itemListElement":[{"@type":"ListItem","position":1,"name":"In\u00edcio","item":"https:\/\/psol50.org.br\/"},{"@type":"ListItem","position":2,"name":"Mil dias sem Marielle: participe dos atos simb\u00f3licos neste dia 8 de dezembro"}]},{"@type":"WebSite","@id":"https:\/\/psol50.org.br\/#website","url":"https:\/\/psol50.org.br\/","name":"PSOL 50","description":"Site oficial do Partido Socialismo e Liberdade","publisher":{"@id":"https:\/\/psol50.org.br\/#organization"},"alternateName":"PSOL50","potentialAction":[{"@type":"SearchAction","target":{"@type":"EntryPoint","urlTemplate":"https:\/\/psol50.org.br\/?s={search_term_string}"},"query-input":{"@type":"PropertyValueSpecification","valueRequired":true,"valueName":"search_term_string"}}],"inLanguage":"pt-BR"},{"@type":"Organization","@id":"https:\/\/psol50.org.br\/#organization","name":"PSOL 50","alternateName":"PSOL 50","url":"https:\/\/psol50.org.br\/","logo":{"@type":"ImageObject","inLanguage":"pt-BR","@id":"https:\/\/psol50.org.br\/#\/schema\/logo\/image\/","url":"https:\/\/psol50.org.br\/inc\/uploads\/2018\/07\/capa.png","contentUrl":"https:\/\/psol50.org.br\/inc\/uploads\/2018\/07\/capa.png","width":1350,"height":900,"caption":"PSOL 50"},"image":{"@id":"https:\/\/psol50.org.br\/#\/schema\/logo\/image\/"},"sameAs":["https:\/\/www.facebook.com\/psol50","https:\/\/x.com\/psol50","https:\/\/www.instagram.com\/psol50\/","https:\/\/www.youtube.com\/channel\/UC7SnJS5o1os7a6CaiNabzcg"]},{"@type":"Person","@id":"https:\/\/psol50.org.br\/#\/schema\/person\/475dfa57d0b815993c714c2e96491fcd","name":"Comunica\u00e7\u00e3o PSOL","image":{"@type":"ImageObject","inLanguage":"pt-BR","@id":"https:\/\/psol50.org.br\/#\/schema\/person\/image\/","url":"https:\/\/secure.gravatar.com\/avatar\/b34fc4f4e468a4e51785917065a3db57b841f5c95dba6ad8c73aaf8f66f8f9bf?s=96&d=mm&r=g","contentUrl":"https:\/\/secure.gravatar.com\/avatar\/b34fc4f4e468a4e51785917065a3db57b841f5c95dba6ad8c73aaf8f66f8f9bf?s=96&d=mm&r=g","caption":"Comunica\u00e7\u00e3o PSOL"}}]}},"_links":{"self":[{"href":"https:\/\/psol50.org.br\/rest\/wp\/v2\/posts\/31316","targetHints":{"allow":["GET"]}}],"collection":[{"href":"https:\/\/psol50.org.br\/rest\/wp\/v2\/posts"}],"about":[{"href":"https:\/\/psol50.org.br\/rest\/wp\/v2\/types\/post"}],"author":[{"embeddable":true,"href":"https:\/\/psol50.org.br\/rest\/wp\/v2\/users\/2"}],"replies":[{"embeddable":true,"href":"https:\/\/psol50.org.br\/rest\/wp\/v2\/comments?post=31316"}],"version-history":[{"count":0,"href":"https:\/\/psol50.org.br\/rest\/wp\/v2\/posts\/31316\/revisions"}],"wp:featuredmedia":[{"embeddable":true,"href":"https:\/\/psol50.org.br\/rest\/wp\/v2\/media\/27766"}],"wp:attachment":[{"href":"https:\/\/psol50.org.br\/rest\/wp\/v2\/media?parent=31316"}],"wp:term":[{"taxonomy":"category","embeddable":true,"href":"https:\/\/psol50.org.br\/rest\/wp\/v2\/categories?post=31316"},{"taxonomy":"post_tag","embeddable":true,"href":"https:\/\/psol50.org.br\/rest\/wp\/v2\/tags?post=31316"}],"curies":[{"name":"wp","href":"https:\/\/api.w.org\/{rel}","templated":true}]}}