{"id":3134,"date":"2015-01-29T00:00:00","date_gmt":"2015-01-29T17:45:59","guid":{"rendered":"http:\/\/psol50.org.br\/arquivo\/2015\/01\/29\/em-nota-psol-de-sao-paulo-reforca-criticas-ao-aumento-da-passagem\/"},"modified":"2015-01-29T00:00:00","modified_gmt":"2015-01-29T17:45:59","slug":"em-nota-psol-de-sao-paulo-reforca-criticas-ao-aumento-da-passagem","status":"publish","type":"post","link":"https:\/\/psol50.org.br\/em-nota-psol-de-sao-paulo-reforca-criticas-ao-aumento-da-passagem\/","title":{"rendered":"Em nota, PSOL de S\u00e3o Paulo refor\u00e7a cr\u00edticas ao aumento da passagem"},"content":{"rendered":"<p style=\"text-align: justify;\">\n\t<span style=\"font-family:arial,helvetica,sans-serif;\"><span style=\"font-size: 12px;\">Leia abaixo a nota do Diret\u00f3rio Municipal do PSOL de S\u00e3o Paulo contra o aumento das tarifas de transporte.<\/p>\n<p>\t<strong>PSOL \u00e9 contra o aumento da tarifa do transporte<\/strong><br \/>\n\tO PSOL de S\u00e3o Paulo \u00e9 contra o aumento das tarifas do transporte p\u00fablico \u2013 \u00f4nibus, trens e metr\u00f4 \u2013 na cidade de S\u00e3o Paulo, que passaram para R$3,50. O transporte p\u00fablico \u00e9 um direito do cidad\u00e3o, diretamente ligado ao direito de ir e vir, e qualquer aumento da tarifa prejudica a popula\u00e7\u00e3o, em especial os mais carentes.<br \/>\n\t&nbsp;<br \/>\n\tA amplia\u00e7\u00e3o das gratuidades feita pela prefeitura \u00e9 uma conquista concreta das manifesta\u00e7\u00f5es do ano passado. O passe-livre estudantil \u00e9 um avan\u00e7o, mas ainda se restringe ao trajeto casa-escola. A manuten\u00e7\u00e3o da tarifa para os bilhetes di\u00e1rio, semanal e mensal tamb\u00e9m \u00e9 restrita, pois depende do empregador, e nada garante que ocorrer\u00e1. O setor mais prejudicado ser\u00e1 a grande massa de trabalhadores sem carteira, que ter\u00e1 que arcar integralmente com o aumento.<br \/>\n\t&nbsp;<br \/>\n\tAs empresas de transporte foram recentemente auditadas, e comprovaram-se in\u00fameras irregularidades, como viagens que eram cobradas e n\u00e3o eram realizadas, problemas nas planilhas, etc., al\u00e9m de constatar um lucro acima da m\u00e9dia do setor. Os empres\u00e1rios do transporte paulistano j\u00e1 tinham, antes do aumento, o maior lucro do pa\u00eds. Para n\u00e3o falar da p\u00e9ssima qualidade do servi\u00e7o prestado. E, para agravar a situa\u00e7\u00e3o, os cobradores sofreram um duro golpe com a derrubada da obrigatoriedade de sua presen\u00e7a nos \u00f4nibus, colocando em risco o emprego de quase 15 mil trabalhadores.<br \/>\n\t&nbsp;<br \/>\n\tAlckmin, por sua vez, reajustou as tarifas de metr\u00f4 e da CPTM para R$ 3,50 sem apresentar \u00e0 popula\u00e7\u00e3o qualquer argumento ou dado que justificasse a medida. As passagens da EMTU tamb\u00e9m sofreram aumento que superam em muito os 50 centavos de metr\u00f4 e CPTM. Atacando o direito de greve, o governador despediu trabalhadores do metr\u00f4 envolvidos na greve \u00e0 v\u00e9spera do Natal, enquanto sua gest\u00e3o e a empresa est\u00e3o envolvidas at\u00e9 o pesco\u00e7o em den\u00fancias de corrup\u00e7\u00e3o.<br \/>\n\t&nbsp;<br \/>\n\tO PSOL entende o transporte urbano como um direito, que como tal deve ser custeado com verbas p\u00fablicas, e defende o horizonte de ado\u00e7\u00e3o de tarifa zero nos servi\u00e7os de transportes coletivo. Nosso partido repudia o tarifa\u00e7o paulistano, relacionado a um processo de ajustes e de ataques aos direitos da popula\u00e7\u00e3o que est\u00e1 em curso nacionalmente, al\u00e9m de apoiar e construir ativamente, em conjunto com outras organiza\u00e7\u00f5es e movimentos, as manifesta\u00e7\u00f5es contra os aumentos de tarifa. Entendemos que apenas com mobiliza\u00e7\u00f5es massivas conseguiremos reverter esse processo. Convidamos a todos a se incorporarem.<br \/>\n\t&nbsp;<br \/>\n\t<strong>Diret\u00f3rio Municipal do PSOL S\u00e3o Paulo<\/strong><br \/>\n\t&nbsp;<\/span><\/span><\/p>\n","protected":false},"excerpt":{"rendered":"<p>Leia abaixo a nota do Diret\u00f3rio Municipal do PSOL de S\u00e3o Paulo contra o aumento das tarifas de transporte. PSOL \u00e9 contra o aumento da tarifa do transporte O PSOL de S\u00e3o Paulo \u00e9 contra o aumento das tarifas do transporte p\u00fablico \u2013 \u00f4nibus, trens e metr\u00f4 \u2013 na cidade de S\u00e3o Paulo, que passaram [&hellip;]<\/p>\n","protected":false},"author":2,"featured_media":0,"comment_status":"open","ping_status":"open","sticky":false,"template":"","format":"standard","meta":{"_acf_changed":false,"footnotes":""},"categories":[6],"tags":[22],"class_list":{"0":"post-3134","1":"post","2":"type-post","3":"status-publish","4":"format-standard","6":"category-noticias","7":"tag-psol"},"acf":[],"yoast_head":"<!-- This site is optimized with the Yoast SEO plugin v26.5 - https:\/\/yoast.com\/wordpress\/plugins\/seo\/ -->\n<title>Em nota, PSOL de S\u00e3o Paulo refor\u00e7a cr\u00edticas ao aumento da passagem - PSOL 50<\/title>\n<meta name=\"robots\" content=\"index, follow, max-snippet:-1, max-image-preview:large, max-video-preview:-1\" \/>\n<link rel=\"canonical\" href=\"https:\/\/psol50.org.br\/em-nota-psol-de-sao-paulo-reforca-criticas-ao-aumento-da-passagem\/\" \/>\n<meta property=\"og:locale\" content=\"pt_BR\" \/>\n<meta property=\"og:type\" content=\"article\" \/>\n<meta property=\"og:title\" content=\"Em nota, PSOL de S\u00e3o Paulo refor\u00e7a cr\u00edticas ao aumento da passagem - PSOL 50\" \/>\n<meta property=\"og:description\" content=\"Leia abaixo a nota do Diret\u00f3rio Municipal do PSOL de S\u00e3o Paulo contra o aumento das tarifas de transporte. PSOL \u00e9 contra o aumento da tarifa do transporte O PSOL de S\u00e3o Paulo \u00e9 contra o aumento das tarifas do transporte p\u00fablico \u2013 \u00f4nibus, trens e metr\u00f4 \u2013 na cidade de S\u00e3o Paulo, que passaram [&hellip;]\" \/>\n<meta property=\"og:url\" content=\"https:\/\/psol50.org.br\/em-nota-psol-de-sao-paulo-reforca-criticas-ao-aumento-da-passagem\/\" \/>\n<meta property=\"og:site_name\" content=\"PSOL 50\" \/>\n<meta property=\"article:publisher\" content=\"https:\/\/www.facebook.com\/psol50\" \/>\n<meta property=\"article:published_time\" content=\"2015-01-29T17:45:59+00:00\" \/>\n<meta property=\"og:image\" content=\"https:\/\/psol50.org.br\/inc\/uploads\/2018\/07\/capa.png\" \/>\n\t<meta property=\"og:image:width\" content=\"1350\" \/>\n\t<meta property=\"og:image:height\" content=\"900\" \/>\n\t<meta property=\"og:image:type\" content=\"image\/png\" \/>\n<meta name=\"author\" content=\"Comunica\u00e7\u00e3o PSOL\" \/>\n<meta name=\"twitter:card\" content=\"summary_large_image\" \/>\n<meta name=\"twitter:creator\" content=\"@psol50\" \/>\n<meta name=\"twitter:site\" content=\"@psol50\" \/>\n<meta name=\"twitter:label1\" content=\"Escrito por\" \/>\n\t<meta name=\"twitter:data1\" content=\"Comunica\u00e7\u00e3o PSOL\" \/>\n\t<meta name=\"twitter:label2\" content=\"Est. tempo de leitura\" \/>\n\t<meta name=\"twitter:data2\" content=\"2 minutos\" \/>\n<script type=\"application\/ld+json\" class=\"yoast-schema-graph\">{\"@context\":\"https:\/\/schema.org\",\"@graph\":[{\"@type\":\"Article\",\"@id\":\"https:\/\/psol50.org.br\/em-nota-psol-de-sao-paulo-reforca-criticas-ao-aumento-da-passagem\/#article\",\"isPartOf\":{\"@id\":\"https:\/\/psol50.org.br\/em-nota-psol-de-sao-paulo-reforca-criticas-ao-aumento-da-passagem\/\"},\"author\":{\"name\":\"Comunica\u00e7\u00e3o PSOL\",\"@id\":\"https:\/\/psol50.org.br\/#\/schema\/person\/475dfa57d0b815993c714c2e96491fcd\"},\"headline\":\"Em nota, PSOL de S\u00e3o Paulo refor\u00e7a cr\u00edticas ao aumento da passagem\",\"datePublished\":\"2015-01-29T17:45:59+00:00\",\"mainEntityOfPage\":{\"@id\":\"https:\/\/psol50.org.br\/em-nota-psol-de-sao-paulo-reforca-criticas-ao-aumento-da-passagem\/\"},\"wordCount\":475,\"commentCount\":0,\"publisher\":{\"@id\":\"https:\/\/psol50.org.br\/#organization\"},\"keywords\":[\"PSOL\"],\"articleSection\":[\"Not\u00edcias\"],\"inLanguage\":\"pt-BR\",\"potentialAction\":[{\"@type\":\"CommentAction\",\"name\":\"Comment\",\"target\":[\"https:\/\/psol50.org.br\/em-nota-psol-de-sao-paulo-reforca-criticas-ao-aumento-da-passagem\/#respond\"]}]},{\"@type\":\"WebPage\",\"@id\":\"https:\/\/psol50.org.br\/em-nota-psol-de-sao-paulo-reforca-criticas-ao-aumento-da-passagem\/\",\"url\":\"https:\/\/psol50.org.br\/em-nota-psol-de-sao-paulo-reforca-criticas-ao-aumento-da-passagem\/\",\"name\":\"Em nota, PSOL de S\u00e3o Paulo refor\u00e7a cr\u00edticas ao aumento da passagem - PSOL 50\",\"isPartOf\":{\"@id\":\"https:\/\/psol50.org.br\/#website\"},\"datePublished\":\"2015-01-29T17:45:59+00:00\",\"breadcrumb\":{\"@id\":\"https:\/\/psol50.org.br\/em-nota-psol-de-sao-paulo-reforca-criticas-ao-aumento-da-passagem\/#breadcrumb\"},\"inLanguage\":\"pt-BR\",\"potentialAction\":[{\"@type\":\"ReadAction\",\"target\":[\"https:\/\/psol50.org.br\/em-nota-psol-de-sao-paulo-reforca-criticas-ao-aumento-da-passagem\/\"]}]},{\"@type\":\"BreadcrumbList\",\"@id\":\"https:\/\/psol50.org.br\/em-nota-psol-de-sao-paulo-reforca-criticas-ao-aumento-da-passagem\/#breadcrumb\",\"itemListElement\":[{\"@type\":\"ListItem\",\"position\":1,\"name\":\"In\u00edcio\",\"item\":\"https:\/\/psol50.org.br\/\"},{\"@type\":\"ListItem\",\"position\":2,\"name\":\"Em nota, PSOL de S\u00e3o Paulo refor\u00e7a cr\u00edticas ao aumento da passagem\"}]},{\"@type\":\"WebSite\",\"@id\":\"https:\/\/psol50.org.br\/#website\",\"url\":\"https:\/\/psol50.org.br\/\",\"name\":\"PSOL 50\",\"description\":\"Site oficial do Partido Socialismo e Liberdade\",\"publisher\":{\"@id\":\"https:\/\/psol50.org.br\/#organization\"},\"alternateName\":\"PSOL50\",\"potentialAction\":[{\"@type\":\"SearchAction\",\"target\":{\"@type\":\"EntryPoint\",\"urlTemplate\":\"https:\/\/psol50.org.br\/?s={search_term_string}\"},\"query-input\":{\"@type\":\"PropertyValueSpecification\",\"valueRequired\":true,\"valueName\":\"search_term_string\"}}],\"inLanguage\":\"pt-BR\"},{\"@type\":\"Organization\",\"@id\":\"https:\/\/psol50.org.br\/#organization\",\"name\":\"PSOL 50\",\"alternateName\":\"PSOL 50\",\"url\":\"https:\/\/psol50.org.br\/\",\"logo\":{\"@type\":\"ImageObject\",\"inLanguage\":\"pt-BR\",\"@id\":\"https:\/\/psol50.org.br\/#\/schema\/logo\/image\/\",\"url\":\"https:\/\/psol50.org.br\/inc\/uploads\/2018\/07\/capa.png\",\"contentUrl\":\"https:\/\/psol50.org.br\/inc\/uploads\/2018\/07\/capa.png\",\"width\":1350,\"height\":900,\"caption\":\"PSOL 50\"},\"image\":{\"@id\":\"https:\/\/psol50.org.br\/#\/schema\/logo\/image\/\"},\"sameAs\":[\"https:\/\/www.facebook.com\/psol50\",\"https:\/\/x.com\/psol50\",\"https:\/\/www.instagram.com\/psol50\/\",\"https:\/\/www.youtube.com\/channel\/UC7SnJS5o1os7a6CaiNabzcg\"]},{\"@type\":\"Person\",\"@id\":\"https:\/\/psol50.org.br\/#\/schema\/person\/475dfa57d0b815993c714c2e96491fcd\",\"name\":\"Comunica\u00e7\u00e3o PSOL\",\"image\":{\"@type\":\"ImageObject\",\"inLanguage\":\"pt-BR\",\"@id\":\"https:\/\/psol50.org.br\/#\/schema\/person\/image\/\",\"url\":\"https:\/\/secure.gravatar.com\/avatar\/b34fc4f4e468a4e51785917065a3db57b841f5c95dba6ad8c73aaf8f66f8f9bf?s=96&d=mm&r=g\",\"contentUrl\":\"https:\/\/secure.gravatar.com\/avatar\/b34fc4f4e468a4e51785917065a3db57b841f5c95dba6ad8c73aaf8f66f8f9bf?s=96&d=mm&r=g\",\"caption\":\"Comunica\u00e7\u00e3o PSOL\"}}]}<\/script>\n<!-- \/ Yoast SEO plugin. -->","yoast_head_json":{"title":"Em nota, PSOL de S\u00e3o Paulo refor\u00e7a cr\u00edticas ao aumento da passagem - PSOL 50","robots":{"index":"index","follow":"follow","max-snippet":"max-snippet:-1","max-image-preview":"max-image-preview:large","max-video-preview":"max-video-preview:-1"},"canonical":"https:\/\/psol50.org.br\/em-nota-psol-de-sao-paulo-reforca-criticas-ao-aumento-da-passagem\/","og_locale":"pt_BR","og_type":"article","og_title":"Em nota, PSOL de S\u00e3o Paulo refor\u00e7a cr\u00edticas ao aumento da passagem - PSOL 50","og_description":"Leia abaixo a nota do Diret\u00f3rio Municipal do PSOL de S\u00e3o Paulo contra o aumento das tarifas de transporte. PSOL \u00e9 contra o aumento da tarifa do transporte O PSOL de S\u00e3o Paulo \u00e9 contra o aumento das tarifas do transporte p\u00fablico \u2013 \u00f4nibus, trens e metr\u00f4 \u2013 na cidade de S\u00e3o Paulo, que passaram [&hellip;]","og_url":"https:\/\/psol50.org.br\/em-nota-psol-de-sao-paulo-reforca-criticas-ao-aumento-da-passagem\/","og_site_name":"PSOL 50","article_publisher":"https:\/\/www.facebook.com\/psol50","article_published_time":"2015-01-29T17:45:59+00:00","og_image":[{"width":1350,"height":900,"url":"https:\/\/psol50.org.br\/inc\/uploads\/2018\/07\/capa.png","type":"image\/png"}],"author":"Comunica\u00e7\u00e3o PSOL","twitter_card":"summary_large_image","twitter_creator":"@psol50","twitter_site":"@psol50","twitter_misc":{"Escrito por":"Comunica\u00e7\u00e3o PSOL","Est. tempo de leitura":"2 minutos"},"schema":{"@context":"https:\/\/schema.org","@graph":[{"@type":"Article","@id":"https:\/\/psol50.org.br\/em-nota-psol-de-sao-paulo-reforca-criticas-ao-aumento-da-passagem\/#article","isPartOf":{"@id":"https:\/\/psol50.org.br\/em-nota-psol-de-sao-paulo-reforca-criticas-ao-aumento-da-passagem\/"},"author":{"name":"Comunica\u00e7\u00e3o PSOL","@id":"https:\/\/psol50.org.br\/#\/schema\/person\/475dfa57d0b815993c714c2e96491fcd"},"headline":"Em nota, PSOL de S\u00e3o Paulo refor\u00e7a cr\u00edticas ao aumento da passagem","datePublished":"2015-01-29T17:45:59+00:00","mainEntityOfPage":{"@id":"https:\/\/psol50.org.br\/em-nota-psol-de-sao-paulo-reforca-criticas-ao-aumento-da-passagem\/"},"wordCount":475,"commentCount":0,"publisher":{"@id":"https:\/\/psol50.org.br\/#organization"},"keywords":["PSOL"],"articleSection":["Not\u00edcias"],"inLanguage":"pt-BR","potentialAction":[{"@type":"CommentAction","name":"Comment","target":["https:\/\/psol50.org.br\/em-nota-psol-de-sao-paulo-reforca-criticas-ao-aumento-da-passagem\/#respond"]}]},{"@type":"WebPage","@id":"https:\/\/psol50.org.br\/em-nota-psol-de-sao-paulo-reforca-criticas-ao-aumento-da-passagem\/","url":"https:\/\/psol50.org.br\/em-nota-psol-de-sao-paulo-reforca-criticas-ao-aumento-da-passagem\/","name":"Em nota, PSOL de S\u00e3o Paulo refor\u00e7a cr\u00edticas ao aumento da passagem - PSOL 50","isPartOf":{"@id":"https:\/\/psol50.org.br\/#website"},"datePublished":"2015-01-29T17:45:59+00:00","breadcrumb":{"@id":"https:\/\/psol50.org.br\/em-nota-psol-de-sao-paulo-reforca-criticas-ao-aumento-da-passagem\/#breadcrumb"},"inLanguage":"pt-BR","potentialAction":[{"@type":"ReadAction","target":["https:\/\/psol50.org.br\/em-nota-psol-de-sao-paulo-reforca-criticas-ao-aumento-da-passagem\/"]}]},{"@type":"BreadcrumbList","@id":"https:\/\/psol50.org.br\/em-nota-psol-de-sao-paulo-reforca-criticas-ao-aumento-da-passagem\/#breadcrumb","itemListElement":[{"@type":"ListItem","position":1,"name":"In\u00edcio","item":"https:\/\/psol50.org.br\/"},{"@type":"ListItem","position":2,"name":"Em nota, PSOL de S\u00e3o Paulo refor\u00e7a cr\u00edticas ao aumento da passagem"}]},{"@type":"WebSite","@id":"https:\/\/psol50.org.br\/#website","url":"https:\/\/psol50.org.br\/","name":"PSOL 50","description":"Site oficial do Partido Socialismo e Liberdade","publisher":{"@id":"https:\/\/psol50.org.br\/#organization"},"alternateName":"PSOL50","potentialAction":[{"@type":"SearchAction","target":{"@type":"EntryPoint","urlTemplate":"https:\/\/psol50.org.br\/?s={search_term_string}"},"query-input":{"@type":"PropertyValueSpecification","valueRequired":true,"valueName":"search_term_string"}}],"inLanguage":"pt-BR"},{"@type":"Organization","@id":"https:\/\/psol50.org.br\/#organization","name":"PSOL 50","alternateName":"PSOL 50","url":"https:\/\/psol50.org.br\/","logo":{"@type":"ImageObject","inLanguage":"pt-BR","@id":"https:\/\/psol50.org.br\/#\/schema\/logo\/image\/","url":"https:\/\/psol50.org.br\/inc\/uploads\/2018\/07\/capa.png","contentUrl":"https:\/\/psol50.org.br\/inc\/uploads\/2018\/07\/capa.png","width":1350,"height":900,"caption":"PSOL 50"},"image":{"@id":"https:\/\/psol50.org.br\/#\/schema\/logo\/image\/"},"sameAs":["https:\/\/www.facebook.com\/psol50","https:\/\/x.com\/psol50","https:\/\/www.instagram.com\/psol50\/","https:\/\/www.youtube.com\/channel\/UC7SnJS5o1os7a6CaiNabzcg"]},{"@type":"Person","@id":"https:\/\/psol50.org.br\/#\/schema\/person\/475dfa57d0b815993c714c2e96491fcd","name":"Comunica\u00e7\u00e3o PSOL","image":{"@type":"ImageObject","inLanguage":"pt-BR","@id":"https:\/\/psol50.org.br\/#\/schema\/person\/image\/","url":"https:\/\/secure.gravatar.com\/avatar\/b34fc4f4e468a4e51785917065a3db57b841f5c95dba6ad8c73aaf8f66f8f9bf?s=96&d=mm&r=g","contentUrl":"https:\/\/secure.gravatar.com\/avatar\/b34fc4f4e468a4e51785917065a3db57b841f5c95dba6ad8c73aaf8f66f8f9bf?s=96&d=mm&r=g","caption":"Comunica\u00e7\u00e3o PSOL"}}]}},"_links":{"self":[{"href":"https:\/\/psol50.org.br\/rest\/wp\/v2\/posts\/3134","targetHints":{"allow":["GET"]}}],"collection":[{"href":"https:\/\/psol50.org.br\/rest\/wp\/v2\/posts"}],"about":[{"href":"https:\/\/psol50.org.br\/rest\/wp\/v2\/types\/post"}],"author":[{"embeddable":true,"href":"https:\/\/psol50.org.br\/rest\/wp\/v2\/users\/2"}],"replies":[{"embeddable":true,"href":"https:\/\/psol50.org.br\/rest\/wp\/v2\/comments?post=3134"}],"version-history":[{"count":0,"href":"https:\/\/psol50.org.br\/rest\/wp\/v2\/posts\/3134\/revisions"}],"wp:attachment":[{"href":"https:\/\/psol50.org.br\/rest\/wp\/v2\/media?parent=3134"}],"wp:term":[{"taxonomy":"category","embeddable":true,"href":"https:\/\/psol50.org.br\/rest\/wp\/v2\/categories?post=3134"},{"taxonomy":"post_tag","embeddable":true,"href":"https:\/\/psol50.org.br\/rest\/wp\/v2\/tags?post=3134"}],"curies":[{"name":"wp","href":"https:\/\/api.w.org\/{rel}","templated":true}]}}