{"id":3136,"date":"2015-02-02T00:00:00","date_gmt":"2015-02-02T16:53:32","guid":{"rendered":"http:\/\/psol50.org.br\/arquivo\/2015\/02\/02\/bancada-do-psol-toma-posse-reafirmando-compromisso-com-as-lutas-e-demandas-do-povo\/"},"modified":"2015-02-02T00:00:00","modified_gmt":"2015-02-02T16:53:32","slug":"bancada-do-psol-toma-posse-reafirmando-compromisso-com-as-lutas-e-demandas-do-povo","status":"publish","type":"post","link":"https:\/\/psol50.org.br\/bancada-do-psol-toma-posse-reafirmando-compromisso-com-as-lutas-e-demandas-do-povo\/","title":{"rendered":"Bancada do PSOL toma posse reafirmando compromisso com as lutas e demandas do povo"},"content":{"rendered":"<p style=\"text-align: justify;\">\n\t<em><span style=\"font-size:12px;\"><span style=\"font-family: arial,helvetica,sans-serif;\">Do PSOL Nacional, Leonor Costa<\/span><\/span><\/em><\/p>\n<p>\tCom a expectativa de que muitos embates marcar\u00e3o os pr\u00f3ximos quatro anos e com a disposi\u00e7\u00e3o de refor\u00e7ar a atua\u00e7\u00e3o combativa por mais direitos, os cinco deputados federais do PSOL tomaram posse neste domingo, 1\u00ba de fevereiro, na C\u00e2mara dos Deputados, em Bras\u00edlia. Agora, al\u00e9m dos tr\u00eas &#8211; Ivan Valente, Chico Alencar e Jean Wyllys &#8211; que j\u00e1 fazem com que o PSOL esteja entre as melhores bancadas da C\u00e2mara, Edmilson Rodrigues, do Par\u00e1, e Cabo Daciolo, do Rio de Janeiro, refor\u00e7ar\u00e3o o time.&nbsp;<\/p>\n<p>\tA bancada, que foi considerada a melhor da C\u00e2mara por dois anos consecutivos pelo Congresso Em Foco, continuar\u00e1 n\u00e3o medindo esfor\u00e7os para combater o avan\u00e7o do conservadorismo e enfrentar os representantes do agroneg\u00f3cio, das grandes empresas e dos bar\u00f5es da m\u00eddia. Entre os 513 deputados federais eleitos para a 55\u00aa <span title=\"Espa\u00e7o de tempo durante o qual os legisladores exercem seu poder. No Brasil, a dura\u00e7\u00e3o da legislatura \u00e9 de quatro anos.  \">legislatura<\/span> (2015-2019), certamente os cinco do PSOL far\u00e3o a diferen\u00e7a como oposi\u00e7\u00e3o de esquerda, pautando sempre as demandas da classe trabalhadora, dos estudantes e dos movimentos sociais que atuam em defesa dos direitos humanos. S\u00e3o cinco deputados prontos para enfrentar o Congresso mais conservador desde 1964 e um projeto neoliberal de governo que come\u00e7ou anunciando perdas de direitos trabalhistas.<\/p>\n<p>\tPara o deputado Ivan Valente (PSOL-SP), que assume o seu quinto mandato na C\u00e2mara, o PSOL cresceu nas \u00faltimas elei\u00e7\u00f5es e agora, com certeza, dar\u00e1 muito mais trabalho aos demais parlamentares. \u201cAssumimos num momento bastante dif\u00edcil da vida do pa\u00eds, com esc\u00e2ndalos como os revelados na investiga\u00e7\u00e3o da opera\u00e7\u00e3o Lava Jato e a aplica\u00e7\u00e3o de medidas impopulares e de supress\u00e3o de direitos do povo brasileiro numa linha de submiss\u00e3o ao mercado neste in\u00edcio de governo Dilma\u201d, disse o ex-l\u00edder do partido, pouco antes de tomar posse neste domingo. Valente reafirmou, ainda, seu compromisso com os quase 170 mil eleitores que deram a ele mais um mandato no Legislativo. \u201cUm mandato como o nosso s\u00f3 \u00e9 poss\u00edvel se feito de forma coletiva, com cr\u00edticas e propostas, com as demandas dos setores organizados e com a participa\u00e7\u00e3o direta daqueles que lutam por mudan\u00e7as e em defesa de direitos\u201d.<\/p>\n<p>\tDepois de uma longa trajet\u00f3ria de luta e milit\u00e2ncia pelo povo paraense como prefeito de Bel\u00e9m e deputado estadual, Edmilson Rodrigues assumiu neste domingo (01), pela primeira vez, uma cadeira na C\u00e2mara Federal. \u201cMeu mandato ser\u00e1 de acordo com os princ\u00edpios do PSOL. \u00c9 para ser instrumento em favor da constru\u00e7\u00e3o de um pa\u00eds mais justo, democr\u00e1tico e feliz. Avan\u00e7ar na pol\u00edtica do Estado voltada aos direitos sociais, lutar contra qualquer ataque aos direitos dos trabalhadores e dos oprimidos\u201d, afirmou. O deputado tamb\u00e9m afirmou que no Congresso Nacional vai atuar para que o Par\u00e1 conquiste mais respeito nacional. \u201cA desigualdade social de nosso Estado \u00e9 gritante. Metade da popula\u00e7\u00e3o n\u00e3o recebe um sal\u00e1rio m\u00ednimo e um ter\u00e7o est\u00e1 em extrema pobreza\u201d.<\/p>\n<p>\tTamb\u00e9m assumindo o mandato de deputado federal pela primeira vez, Daciolo Benevenuto, conhecido como Cabo Daciolo em sua trajet\u00f3ria de lideran\u00e7a sindical dos bombeiros do Rio de Janeiro, afirma que suas prioridades s\u00e3o a valoriza\u00e7\u00e3o da defesa nacional, da seguran\u00e7a p\u00fablica, da sa\u00fade e, especialmente, da educa\u00e7\u00e3o. \u201cNum momento em que o governo federal fala \u2018Brasil, P\u00e1tria Educadora\u2019 e tira R$ 7 bilh\u00f5es da educa\u00e7\u00e3o \u2013 paralelo a isto, o Parlamento reajusta os pr\u00f3prios sal\u00e1rios \u2013, quero valorizar a educa\u00e7\u00e3o e os educadores. Todas as profiss\u00f5es dependem do professor e este precisa ser reconhecido, para constru\u00e7\u00e3o de um Brasil melhor, de um mundo melhor\u201d, ressaltou antes de tomar posse na C\u00e2mara.<\/p>\n<p>\tAssumindo o seu segundo mandato de deputado federal, Jean Wyllys afirmou que pretende dar continuidade ao trabalho pol\u00edtico e legislativo em favor dos direitos humanos e agradeceu aos quase 145 mil votos que obteve nas elei\u00e7\u00f5es de outubro. Para ele, os desafios dos pr\u00f3ximos quatro anos ser\u00e3o ainda maiores. \u201cEssa 55\u00aa legislatura representar\u00e1 para n\u00f3s, do PSOL, uma batalha dif\u00edcil em favor dos princ\u00edpios republicanos e democr\u00e1ticos, das liberdades individuais, da justi\u00e7a social e dos direitos de trabalhadores e minorias \u00e9tnicas, sociais, sexuais e religiosas. Trabalharemos tamb\u00e9m para que movimentos sociais e coletivos culturais tenham mais espa\u00e7o no Congresso Nacional\u201d, afirmou Wyllys, que assumiu o cargo de vice-l\u00edder da bancada do PSOL.<\/p>\n<p>\t<strong>Chico Alencar \u00e9 o novo l\u00edder<\/strong><br \/>\n\tO deputado fluminense Chico Alencar assumiu nesta segunda-feira (02) a lideran\u00e7a do PSOL na C\u00e2mara. J\u00e1 em seu 4\u00ba mandato de deputado federal, ele tamb\u00e9m cumpriu o desafio de ser o representante do PSOL na disputa \u00e0 Presid\u00eancia da Casa, enfrentando outras tr\u00eas candidaturas que representaram blocos formados pelos grandes partidos da ordem (Eduardo Cunha, Arlindo Chin\u00e1glia e J\u00falio Delgado).<\/p>\n<p>\t\u201cNossa unidade, enquanto bancada fiel ao programa partid\u00e1rio, como j\u00e1 praticado na disputa pela presid\u00eancia da Casa, vai fazer a diferen\u00e7a nesta 55\u00aa Legislatura\u201d, disse Chico, neste domingo (01).<\/p>\n<p>\tFormado em Hist\u00f3ria pela Universidade Federal Fluminense e mestre em Educa\u00e7\u00e3o pela Funda\u00e7\u00e3o Get\u00falio Vargas, Chico Alencar \u00e9 professor licenciado de Pr\u00e1tica do Ensino da Hist\u00f3ria da Universidade Federal do Rio de Janeiro, e autor de 32 livros, entre os quais &#8220;Hist\u00f3ria da Sociedade Brasileira&#8221; e &#8220;Educar na Esperan\u00e7a em Tempos de Desencanto.&#8221;<\/p>\n<p>\tAntes de entrar na C\u00e2mara Federal, o l\u00edder do PSOL foi vereador duas vezes e deputado estadual no Rio de Janeiro, ainda pelo Partido dos Trabalhadores. Em 2005, logo depois de o esc\u00e2ndalo do mensal\u00e3o vir \u00e0 tona, j\u00e1 em seu primeiro mandato como deputado federal, participou da cria\u00e7\u00e3o do PSOL. Em 2014, com 195 mil votos, foi o quarto deputado federal mais votado no Rio de Janeiro.<\/p>\n<p>\tNa avalia\u00e7\u00e3o do l\u00edder, esta legislatura ter\u00e1 a marca da tens\u00e3o e da contradi\u00e7\u00e3o, devido, em grande medida, ao aumento do conservadorismo. \u201cO cen\u00e1rio de debilidade da economia est\u00e1 sendo enfrentado pelo governo federal com medidas que atacam os direitos dos trabalhadores. A crise pol\u00edtica se evidencia pela desagrega\u00e7\u00e3o da base governista, que vai dificultar sua hegemonia no Parlamento, gerando uma instabilidade permanente. A Lava-Jato produzir\u00e1 o desgaste ainda maior dos partidos dominantes e da pol\u00edtica, por consequ\u00eancia. A expectativa positiva \u00e9 de que, num movimento de alto defesa, organiza\u00e7\u00f5es populares, juvenis e de trabalhadores se mobilizem mais, e as pra\u00e7as pressionem os pal\u00e1cios contra os retrocessos anunciados. &#8216;Nada a temer sen\u00e3o o correr da luta\u2019\u201d, ressaltou o novo l\u00edder do PSOL.<\/p>\n<p>\t&nbsp;<\/p>\n","protected":false},"excerpt":{"rendered":"<p>Chico Alencar representa PSOL na disputa \u00e0 Presid\u00eancia da Casa e assume lideran\u00e7a do partido. Os cinco deputados est\u00e3o prontos para enfrentar o Congresso mais conservador desde 1964<\/p>\n","protected":false},"author":2,"featured_media":0,"comment_status":"open","ping_status":"open","sticky":false,"template":"","format":"standard","meta":{"_acf_changed":false,"footnotes":""},"categories":[10,6],"tags":[2734,22],"class_list":{"0":"post-3136","1":"post","2":"type-post","3":"status-publish","4":"format-standard","6":"category-acao-parlamentares","7":"category-noticias","8":"tag-bancada-do-psol","9":"tag-psol"},"acf":[],"yoast_head":"<!-- This site is optimized with the Yoast SEO plugin v26.5 - https:\/\/yoast.com\/wordpress\/plugins\/seo\/ -->\n<title>Bancada do PSOL toma posse reafirmando compromisso com as lutas e demandas do povo - PSOL 50<\/title>\n<meta name=\"robots\" content=\"index, follow, max-snippet:-1, max-image-preview:large, max-video-preview:-1\" \/>\n<link rel=\"canonical\" href=\"https:\/\/psol50.org.br\/bancada-do-psol-toma-posse-reafirmando-compromisso-com-as-lutas-e-demandas-do-povo\/\" \/>\n<meta property=\"og:locale\" content=\"pt_BR\" \/>\n<meta property=\"og:type\" content=\"article\" \/>\n<meta property=\"og:title\" content=\"Bancada do PSOL toma posse reafirmando compromisso com as lutas e demandas do povo - PSOL 50\" \/>\n<meta property=\"og:description\" content=\"Chico Alencar representa PSOL na disputa \u00e0 Presid\u00eancia da Casa e assume lideran\u00e7a do partido. Os cinco deputados est\u00e3o prontos para enfrentar o Congresso mais conservador desde 1964\" \/>\n<meta property=\"og:url\" content=\"https:\/\/psol50.org.br\/bancada-do-psol-toma-posse-reafirmando-compromisso-com-as-lutas-e-demandas-do-povo\/\" \/>\n<meta property=\"og:site_name\" content=\"PSOL 50\" \/>\n<meta property=\"article:publisher\" content=\"https:\/\/www.facebook.com\/psol50\" \/>\n<meta property=\"article:published_time\" content=\"2015-02-02T16:53:32+00:00\" \/>\n<meta property=\"og:image\" content=\"https:\/\/psol50.org.br\/inc\/uploads\/2018\/07\/capa.png\" \/>\n\t<meta property=\"og:image:width\" content=\"1350\" \/>\n\t<meta property=\"og:image:height\" content=\"900\" \/>\n\t<meta property=\"og:image:type\" content=\"image\/png\" \/>\n<meta name=\"author\" content=\"Comunica\u00e7\u00e3o PSOL\" \/>\n<meta name=\"twitter:card\" content=\"summary_large_image\" \/>\n<meta name=\"twitter:creator\" content=\"@psol50\" \/>\n<meta name=\"twitter:site\" content=\"@psol50\" \/>\n<meta name=\"twitter:label1\" content=\"Escrito por\" \/>\n\t<meta name=\"twitter:data1\" content=\"Comunica\u00e7\u00e3o PSOL\" \/>\n\t<meta name=\"twitter:label2\" content=\"Est. tempo de leitura\" \/>\n\t<meta name=\"twitter:data2\" content=\"6 minutos\" \/>\n<script type=\"application\/ld+json\" class=\"yoast-schema-graph\">{\"@context\":\"https:\/\/schema.org\",\"@graph\":[{\"@type\":\"Article\",\"@id\":\"https:\/\/psol50.org.br\/bancada-do-psol-toma-posse-reafirmando-compromisso-com-as-lutas-e-demandas-do-povo\/#article\",\"isPartOf\":{\"@id\":\"https:\/\/psol50.org.br\/bancada-do-psol-toma-posse-reafirmando-compromisso-com-as-lutas-e-demandas-do-povo\/\"},\"author\":{\"name\":\"Comunica\u00e7\u00e3o PSOL\",\"@id\":\"https:\/\/psol50.org.br\/#\/schema\/person\/475dfa57d0b815993c714c2e96491fcd\"},\"headline\":\"Bancada do PSOL toma posse reafirmando compromisso com as lutas e demandas do povo\",\"datePublished\":\"2015-02-02T16:53:32+00:00\",\"mainEntityOfPage\":{\"@id\":\"https:\/\/psol50.org.br\/bancada-do-psol-toma-posse-reafirmando-compromisso-com-as-lutas-e-demandas-do-povo\/\"},\"wordCount\":1139,\"commentCount\":0,\"publisher\":{\"@id\":\"https:\/\/psol50.org.br\/#organization\"},\"keywords\":[\"Bancada do PSOL\",\"PSOL\"],\"articleSection\":[\"A\u00e7\u00e3o Parlamentar\",\"Not\u00edcias\"],\"inLanguage\":\"pt-BR\",\"potentialAction\":[{\"@type\":\"CommentAction\",\"name\":\"Comment\",\"target\":[\"https:\/\/psol50.org.br\/bancada-do-psol-toma-posse-reafirmando-compromisso-com-as-lutas-e-demandas-do-povo\/#respond\"]}]},{\"@type\":\"WebPage\",\"@id\":\"https:\/\/psol50.org.br\/bancada-do-psol-toma-posse-reafirmando-compromisso-com-as-lutas-e-demandas-do-povo\/\",\"url\":\"https:\/\/psol50.org.br\/bancada-do-psol-toma-posse-reafirmando-compromisso-com-as-lutas-e-demandas-do-povo\/\",\"name\":\"Bancada do PSOL toma posse reafirmando compromisso com as lutas e demandas do povo - PSOL 50\",\"isPartOf\":{\"@id\":\"https:\/\/psol50.org.br\/#website\"},\"datePublished\":\"2015-02-02T16:53:32+00:00\",\"breadcrumb\":{\"@id\":\"https:\/\/psol50.org.br\/bancada-do-psol-toma-posse-reafirmando-compromisso-com-as-lutas-e-demandas-do-povo\/#breadcrumb\"},\"inLanguage\":\"pt-BR\",\"potentialAction\":[{\"@type\":\"ReadAction\",\"target\":[\"https:\/\/psol50.org.br\/bancada-do-psol-toma-posse-reafirmando-compromisso-com-as-lutas-e-demandas-do-povo\/\"]}]},{\"@type\":\"BreadcrumbList\",\"@id\":\"https:\/\/psol50.org.br\/bancada-do-psol-toma-posse-reafirmando-compromisso-com-as-lutas-e-demandas-do-povo\/#breadcrumb\",\"itemListElement\":[{\"@type\":\"ListItem\",\"position\":1,\"name\":\"In\u00edcio\",\"item\":\"https:\/\/psol50.org.br\/\"},{\"@type\":\"ListItem\",\"position\":2,\"name\":\"Bancada do PSOL toma posse reafirmando compromisso com as lutas e demandas do povo\"}]},{\"@type\":\"WebSite\",\"@id\":\"https:\/\/psol50.org.br\/#website\",\"url\":\"https:\/\/psol50.org.br\/\",\"name\":\"PSOL 50\",\"description\":\"Site oficial do Partido Socialismo e Liberdade\",\"publisher\":{\"@id\":\"https:\/\/psol50.org.br\/#organization\"},\"alternateName\":\"PSOL50\",\"potentialAction\":[{\"@type\":\"SearchAction\",\"target\":{\"@type\":\"EntryPoint\",\"urlTemplate\":\"https:\/\/psol50.org.br\/?s={search_term_string}\"},\"query-input\":{\"@type\":\"PropertyValueSpecification\",\"valueRequired\":true,\"valueName\":\"search_term_string\"}}],\"inLanguage\":\"pt-BR\"},{\"@type\":\"Organization\",\"@id\":\"https:\/\/psol50.org.br\/#organization\",\"name\":\"PSOL 50\",\"alternateName\":\"PSOL 50\",\"url\":\"https:\/\/psol50.org.br\/\",\"logo\":{\"@type\":\"ImageObject\",\"inLanguage\":\"pt-BR\",\"@id\":\"https:\/\/psol50.org.br\/#\/schema\/logo\/image\/\",\"url\":\"https:\/\/psol50.org.br\/inc\/uploads\/2018\/07\/capa.png\",\"contentUrl\":\"https:\/\/psol50.org.br\/inc\/uploads\/2018\/07\/capa.png\",\"width\":1350,\"height\":900,\"caption\":\"PSOL 50\"},\"image\":{\"@id\":\"https:\/\/psol50.org.br\/#\/schema\/logo\/image\/\"},\"sameAs\":[\"https:\/\/www.facebook.com\/psol50\",\"https:\/\/x.com\/psol50\",\"https:\/\/www.instagram.com\/psol50\/\",\"https:\/\/www.youtube.com\/channel\/UC7SnJS5o1os7a6CaiNabzcg\"]},{\"@type\":\"Person\",\"@id\":\"https:\/\/psol50.org.br\/#\/schema\/person\/475dfa57d0b815993c714c2e96491fcd\",\"name\":\"Comunica\u00e7\u00e3o PSOL\",\"image\":{\"@type\":\"ImageObject\",\"inLanguage\":\"pt-BR\",\"@id\":\"https:\/\/psol50.org.br\/#\/schema\/person\/image\/\",\"url\":\"https:\/\/secure.gravatar.com\/avatar\/b34fc4f4e468a4e51785917065a3db57b841f5c95dba6ad8c73aaf8f66f8f9bf?s=96&d=mm&r=g\",\"contentUrl\":\"https:\/\/secure.gravatar.com\/avatar\/b34fc4f4e468a4e51785917065a3db57b841f5c95dba6ad8c73aaf8f66f8f9bf?s=96&d=mm&r=g\",\"caption\":\"Comunica\u00e7\u00e3o PSOL\"}}]}<\/script>\n<!-- \/ Yoast SEO plugin. -->","yoast_head_json":{"title":"Bancada do PSOL toma posse reafirmando compromisso com as lutas e demandas do povo - PSOL 50","robots":{"index":"index","follow":"follow","max-snippet":"max-snippet:-1","max-image-preview":"max-image-preview:large","max-video-preview":"max-video-preview:-1"},"canonical":"https:\/\/psol50.org.br\/bancada-do-psol-toma-posse-reafirmando-compromisso-com-as-lutas-e-demandas-do-povo\/","og_locale":"pt_BR","og_type":"article","og_title":"Bancada do PSOL toma posse reafirmando compromisso com as lutas e demandas do povo - PSOL 50","og_description":"Chico Alencar representa PSOL na disputa \u00e0 Presid\u00eancia da Casa e assume lideran\u00e7a do partido. Os cinco deputados est\u00e3o prontos para enfrentar o Congresso mais conservador desde 1964","og_url":"https:\/\/psol50.org.br\/bancada-do-psol-toma-posse-reafirmando-compromisso-com-as-lutas-e-demandas-do-povo\/","og_site_name":"PSOL 50","article_publisher":"https:\/\/www.facebook.com\/psol50","article_published_time":"2015-02-02T16:53:32+00:00","og_image":[{"width":1350,"height":900,"url":"https:\/\/psol50.org.br\/inc\/uploads\/2018\/07\/capa.png","type":"image\/png"}],"author":"Comunica\u00e7\u00e3o PSOL","twitter_card":"summary_large_image","twitter_creator":"@psol50","twitter_site":"@psol50","twitter_misc":{"Escrito por":"Comunica\u00e7\u00e3o PSOL","Est. tempo de leitura":"6 minutos"},"schema":{"@context":"https:\/\/schema.org","@graph":[{"@type":"Article","@id":"https:\/\/psol50.org.br\/bancada-do-psol-toma-posse-reafirmando-compromisso-com-as-lutas-e-demandas-do-povo\/#article","isPartOf":{"@id":"https:\/\/psol50.org.br\/bancada-do-psol-toma-posse-reafirmando-compromisso-com-as-lutas-e-demandas-do-povo\/"},"author":{"name":"Comunica\u00e7\u00e3o PSOL","@id":"https:\/\/psol50.org.br\/#\/schema\/person\/475dfa57d0b815993c714c2e96491fcd"},"headline":"Bancada do PSOL toma posse reafirmando compromisso com as lutas e demandas do povo","datePublished":"2015-02-02T16:53:32+00:00","mainEntityOfPage":{"@id":"https:\/\/psol50.org.br\/bancada-do-psol-toma-posse-reafirmando-compromisso-com-as-lutas-e-demandas-do-povo\/"},"wordCount":1139,"commentCount":0,"publisher":{"@id":"https:\/\/psol50.org.br\/#organization"},"keywords":["Bancada do PSOL","PSOL"],"articleSection":["A\u00e7\u00e3o Parlamentar","Not\u00edcias"],"inLanguage":"pt-BR","potentialAction":[{"@type":"CommentAction","name":"Comment","target":["https:\/\/psol50.org.br\/bancada-do-psol-toma-posse-reafirmando-compromisso-com-as-lutas-e-demandas-do-povo\/#respond"]}]},{"@type":"WebPage","@id":"https:\/\/psol50.org.br\/bancada-do-psol-toma-posse-reafirmando-compromisso-com-as-lutas-e-demandas-do-povo\/","url":"https:\/\/psol50.org.br\/bancada-do-psol-toma-posse-reafirmando-compromisso-com-as-lutas-e-demandas-do-povo\/","name":"Bancada do PSOL toma posse reafirmando compromisso com as lutas e demandas do povo - PSOL 50","isPartOf":{"@id":"https:\/\/psol50.org.br\/#website"},"datePublished":"2015-02-02T16:53:32+00:00","breadcrumb":{"@id":"https:\/\/psol50.org.br\/bancada-do-psol-toma-posse-reafirmando-compromisso-com-as-lutas-e-demandas-do-povo\/#breadcrumb"},"inLanguage":"pt-BR","potentialAction":[{"@type":"ReadAction","target":["https:\/\/psol50.org.br\/bancada-do-psol-toma-posse-reafirmando-compromisso-com-as-lutas-e-demandas-do-povo\/"]}]},{"@type":"BreadcrumbList","@id":"https:\/\/psol50.org.br\/bancada-do-psol-toma-posse-reafirmando-compromisso-com-as-lutas-e-demandas-do-povo\/#breadcrumb","itemListElement":[{"@type":"ListItem","position":1,"name":"In\u00edcio","item":"https:\/\/psol50.org.br\/"},{"@type":"ListItem","position":2,"name":"Bancada do PSOL toma posse reafirmando compromisso com as lutas e demandas do povo"}]},{"@type":"WebSite","@id":"https:\/\/psol50.org.br\/#website","url":"https:\/\/psol50.org.br\/","name":"PSOL 50","description":"Site oficial do Partido Socialismo e Liberdade","publisher":{"@id":"https:\/\/psol50.org.br\/#organization"},"alternateName":"PSOL50","potentialAction":[{"@type":"SearchAction","target":{"@type":"EntryPoint","urlTemplate":"https:\/\/psol50.org.br\/?s={search_term_string}"},"query-input":{"@type":"PropertyValueSpecification","valueRequired":true,"valueName":"search_term_string"}}],"inLanguage":"pt-BR"},{"@type":"Organization","@id":"https:\/\/psol50.org.br\/#organization","name":"PSOL 50","alternateName":"PSOL 50","url":"https:\/\/psol50.org.br\/","logo":{"@type":"ImageObject","inLanguage":"pt-BR","@id":"https:\/\/psol50.org.br\/#\/schema\/logo\/image\/","url":"https:\/\/psol50.org.br\/inc\/uploads\/2018\/07\/capa.png","contentUrl":"https:\/\/psol50.org.br\/inc\/uploads\/2018\/07\/capa.png","width":1350,"height":900,"caption":"PSOL 50"},"image":{"@id":"https:\/\/psol50.org.br\/#\/schema\/logo\/image\/"},"sameAs":["https:\/\/www.facebook.com\/psol50","https:\/\/x.com\/psol50","https:\/\/www.instagram.com\/psol50\/","https:\/\/www.youtube.com\/channel\/UC7SnJS5o1os7a6CaiNabzcg"]},{"@type":"Person","@id":"https:\/\/psol50.org.br\/#\/schema\/person\/475dfa57d0b815993c714c2e96491fcd","name":"Comunica\u00e7\u00e3o PSOL","image":{"@type":"ImageObject","inLanguage":"pt-BR","@id":"https:\/\/psol50.org.br\/#\/schema\/person\/image\/","url":"https:\/\/secure.gravatar.com\/avatar\/b34fc4f4e468a4e51785917065a3db57b841f5c95dba6ad8c73aaf8f66f8f9bf?s=96&d=mm&r=g","contentUrl":"https:\/\/secure.gravatar.com\/avatar\/b34fc4f4e468a4e51785917065a3db57b841f5c95dba6ad8c73aaf8f66f8f9bf?s=96&d=mm&r=g","caption":"Comunica\u00e7\u00e3o PSOL"}}]}},"_links":{"self":[{"href":"https:\/\/psol50.org.br\/rest\/wp\/v2\/posts\/3136","targetHints":{"allow":["GET"]}}],"collection":[{"href":"https:\/\/psol50.org.br\/rest\/wp\/v2\/posts"}],"about":[{"href":"https:\/\/psol50.org.br\/rest\/wp\/v2\/types\/post"}],"author":[{"embeddable":true,"href":"https:\/\/psol50.org.br\/rest\/wp\/v2\/users\/2"}],"replies":[{"embeddable":true,"href":"https:\/\/psol50.org.br\/rest\/wp\/v2\/comments?post=3136"}],"version-history":[{"count":0,"href":"https:\/\/psol50.org.br\/rest\/wp\/v2\/posts\/3136\/revisions"}],"wp:attachment":[{"href":"https:\/\/psol50.org.br\/rest\/wp\/v2\/media?parent=3136"}],"wp:term":[{"taxonomy":"category","embeddable":true,"href":"https:\/\/psol50.org.br\/rest\/wp\/v2\/categories?post=3136"},{"taxonomy":"post_tag","embeddable":true,"href":"https:\/\/psol50.org.br\/rest\/wp\/v2\/tags?post=3136"}],"curies":[{"name":"wp","href":"https:\/\/api.w.org\/{rel}","templated":true}]}}