{"id":3137,"date":"2015-02-02T00:00:00","date_gmt":"2015-02-02T20:04:06","guid":{"rendered":"http:\/\/psol50.org.br\/arquivo\/2015\/02\/02\/eleicao-de-eduardo-cunha-reforca-carater-conservador-da-camara\/"},"modified":"2015-02-02T00:00:00","modified_gmt":"2015-02-02T20:04:06","slug":"eleicao-de-eduardo-cunha-reforca-carater-conservador-da-camara","status":"publish","type":"post","link":"https:\/\/psol50.org.br\/eleicao-de-eduardo-cunha-reforca-carater-conservador-da-camara\/","title":{"rendered":"Elei\u00e7\u00e3o de Eduardo Cunha refor\u00e7a car\u00e1ter conservador da C\u00e2mara"},"content":{"rendered":"<div class=\"tituloNoticiaHome\" style=\"text-align: justify;\">\n\t<em>Do PSOL Nacional, Leonor Costa<\/em><\/p>\n<p>\tO momento que mais ganhou a aten\u00e7\u00e3o dos deputados, de jornalistas e dos eleitores no domingo (01), na abertura dos trabalhos do Congresso Nacional, foi a disputa do cargo de quem ficar\u00e1 \u00e0 frente da C\u00e2mara nos pr\u00f3ximos dois anos. O que era para ser uma disputa acirrada, com perspectiva de que o embate final fosse se resolver em segundo turno, a decis\u00e3o de quem seria o novo mandat\u00e1rio da Casa foi ainda na primeira rodada de vota\u00e7\u00e3o e o resultado divulgado por volta das 20h30 de domingo. O deputado do PMDB fluminense, Eduardo Cunha, obteve 267 votos e o segundo lugar ficou com o petista Arlindo Chin\u00e1glia, que teve 136 votos. Cem deputados votaram em J\u00falio Delgado, do PSB, e 8 no candidato do PSOL, Chico Alencar, que cumpriu o papel de pautar as demandas de interesses da popula\u00e7\u00e3o, demarcando as diferen\u00e7as com as demais candidaturas.<br \/>\n\t&nbsp;<br \/>\n\tA avalia\u00e7\u00e3o dos deputados do PSOL \u00e9 que a escolha de Eduardo Cunha, conhecido pelas defesas conservadoras e pelo seu perfil de lobista, imp\u00f5e grandes desafios para o partido e para os movimentos sociais, que enfrentar\u00e3o forte resist\u00eancia na defesa de pautas voltadas aos direitos humanos, aos interesses dos trabalhadores e \u00e0s referentes \u00e0 regula\u00e7\u00e3o dos meios de comunica\u00e7\u00e3o. &nbsp;&nbsp;&nbsp;<br \/>\n\t&nbsp;<br \/>\n\tO deputado Ivan Valente (SP), que assumiu o seu quinto mandato na C\u00e2mara, foi enf\u00e1tico ao demonstrar sua insatisfa\u00e7\u00e3o e preocupa\u00e7\u00e3o com os rumos das disputas no Legislativo. Para ele, a elei\u00e7\u00e3o do peemedebista representa uma dupla derrota ao parlamento. \u201cRepresenta uma derrota, em primeiro lugar, porque o parlamento brasileiro mostrou-se mais uma vez incapaz de compreender o sentimento das ruas, que h\u00e1 muito tempo repudiou o <em>modus operandi<\/em> representado por Cunha, baseado no \u2018toma-l\u00e1-d\u00e1-c\u00e1\u2019, no fisiologismo, na troca de favores e do lobby dos interesses privados\u201d, disse.<br \/>\n\t&nbsp;<br \/>\n\tValente considera, ainda, que a Presid\u00eancia da Casa nas m\u00e3os de Eduardo Cunha, que se mostrou um leg\u00edtimo representante das \u201cteles\u201d (empresas de telecomunica\u00e7\u00f5es) no epis\u00f3dio envolvendo a vota\u00e7\u00e3o do Marco Civil da Internet, no primeiro semestre de 2014, demonstra que a nova legislatura se mostra ainda mais conservadora, \u201celegendo no primeiro turno um candidato que defende uma reforma pol\u00edtica antidemocr\u00e1tica e a manuten\u00e7\u00e3o do financiamento privado de campanha\u201d.<br \/>\n\t&nbsp;<br \/>\n\tEntre as atitudes que ilustram o perfil do terceiro homem mais poderoso na hierarquia da Rep\u00fablica (o presidente da C\u00e2mara pode assumir, interinamente, o Pal\u00e1cio do Planalto na aus\u00eancia do presidente e do vice-presidente da Rep\u00fablica) o deputado do PSOL cita a sua investida para restringir os direitos dos povos ind\u00edgenas, bloquear o debate sobre a democratiza\u00e7\u00e3o da m\u00eddia e a defesa de uma pol\u00edtica macroecon\u00f4mica conservadora e das muitas benesses que o governo \u2013 e sua oposi\u00e7\u00e3o \u00e0 direita \u2013 tem concedido aos grandes grupos econ\u00f4micos.<br \/>\n\t&nbsp;<br \/>\n\tNa avalia\u00e7\u00e3o do deputado Jean Wyllys, a elei\u00e7\u00e3o de Eduardo Cunha representa um grande retrocesso para a legislatura que se inicia. \u201cO mal &#8211; a mais abjeta pol\u00edtica &#8211; venceu em 1\u00b0 turno. Inicia hoje a idade das trevas no parlamento\u201d, escreveu o deputado do PSOL, em sua p\u00e1gina no Facebook, logo ap\u00f3s a divulga\u00e7\u00e3o do resultado eleitoral.<br \/>\n\t&nbsp;<br \/>\n\t<strong>Valeu a luta<\/strong><br \/>\n\tChico Alencar, que disputou o cargo de presidente da C\u00e2mara e agora \u00e9 l\u00edder do PSOL, considerou que o partido cumpriu o seu papel no processo, por ter apresentado grandes quest\u00f5es da pol\u00edtica, diante das quais o parlamento n\u00e3o poder\u00e1 se esconder. \u201cValeu a luta. \u00c9 preciso prosseguir na press\u00e3o das pra\u00e7as sobre todos os pal\u00e1cios, pois pelo menos oito daqui estaremos sempre sens\u00edveis ao clamor da popula\u00e7\u00e3o\u201d, disse o l\u00edder, se referindo aos votos obtidos.<br \/>\n\t&nbsp;<br \/>\n\tEm rela\u00e7\u00e3o \u00e0s campanhas dos demais candidatos \u00e0 Presid\u00eancia, Alencar denunciou os altos gastos e as negocia\u00e7\u00f5es feitas visando \u00e0 conquista de votos. \u201cA campanha se d\u00e1 na base das negocia\u00e7\u00f5es internas e do corporativismo. \u00c9 dominada por jantares, viagens de jatinho e promessas de cargos e de mordomias&#8221;, disse, em entrevista aos ve\u00edculos de comunica\u00e7\u00e3o. &nbsp;<br \/>\n\t&nbsp;<br \/>\n\tSegundo ele, o novo presidente da C\u00e2mara &#8220;faz do mandato um investimento&#8221;. &#8220;Ele \u00e9 um s\u00edmbolo da pequena pol\u00edtica. Representa a pol\u00edtica dos neg\u00f3cios, onde o p\u00fablico e o privado perdem fronteiras&#8221;, afirma.<br \/>\n\t&nbsp;<br \/>\n\tAinda antes da escolha da nova mesa diretora, Alencar tamb\u00e9m sugeriu que, caso o candidato vencedor tenha sido citado nas den\u00fancias da opera\u00e7\u00e3o Lava Jato, ele renuncie a sua fun\u00e7\u00e3o de presidente da Casa. Ao que tudo indica at\u00e9 agora, Eduardo Cunha, apontado por ter participa\u00e7\u00e3o no esquema do doleiro Alberto Youssef, n\u00e3o atender\u00e1 ao desafio proposto pelo l\u00edder do PSOL.<br \/>\n\t&nbsp;<br \/>\n\t<strong>&nbsp;\u201cSabotador da Rep\u00fablica\u201d<\/strong><br \/>\n\tIvan Valente tamb\u00e9m refor\u00e7ou o car\u00e1ter da candidatura do PSOL, marcada pela coer\u00eancia. \u201cConquistamos oito votos (portanto, tr\u00eas a mais que a bancada do partido, que conta com cinco deputados) sem compra de votos, promessas de emendas ou privil\u00e9gios. Saudamos o companheiro Chico Alencar e nossa bancada pela coer\u00eancia\u201d, disse.<br \/>\n\t&nbsp;<br \/>\n\tSobre os desafios da nova bancada do PSOL, Valente emenda: \u201cEm tempos de \u2018House of Cards\u2019, ser\u00e1 necess\u00e1rio, mais do que nunca, a vigil\u00e2ncia do PSOL contra os arb\u00edtrios que tentar\u00e3o cometer, seja em nome da malfadada \u2018governabilidade\u2019, seja em nome dos interesses privados. Seguiremos na luta!\u201d, disse se referindo \u00e0 compara\u00e7\u00e3o que a revista Isto\u00c9 de Eduardo Cunha com o personagem Francis Underwood, da s\u00e9rie norte-americana House of Cards, interpretado pelo ator Kevin Spacey. Na mat\u00e9ria de capa, a revista nomeou Cunha de &#8220;sabotador da Rep\u00fablica&#8221; e mestre na arte da chantagem.<br \/>\n\t&nbsp;<br \/>\n\tLeia mais sobre Eduardo Cunha e a candidatura do PSOL \u00e0 Presid\u00eancia da C\u00e2mara:<br \/>\n\t<span id=\"Titulo\"><a href=\"http:\/\/www.psol50.org.br\/site\/noticias\/3131\/presidencia-da-camara-a-casa-do-povo-aberta-ao-povo\">Presid\u00eancia da C\u00e2mara: A Casa do povo aberta ao povo<\/a><\/span><br \/>\n\t<span id=\"Titulo\"><a href=\"http:\/\/www.psol50.org.br\/site\/noticias\/3086\/pmdb-tenta-emplacar-na-presidencia-da-camara-historico-adversario-das-pautas-sociais\">PMDB tenta emplacar na Presid\u00eancia da C\u00e2mara hist\u00f3rico advers\u00e1rio das pautas sociais<\/a><\/span><a href=\"http:\/\/www.psol50.org.br\/site\/noticias\/3116\/lava-jato-novas-denuncias-reforcam-necessidade-de-ampla-investigacao-para-desvendar-desvios\"><br \/>\n\t<span id=\"Titulo\">Lava Jato: Novas den\u00fancias refor\u00e7am necessidade de ampla investiga\u00e7\u00e3o para desvendar desvios<\/span><\/a><\/div>\n<p style=\"text-align: justify;\">\n\t<br \/>\n\t<span style=\"font-family:arial,helvetica,sans-serif;\"><span style=\"font-size: 12px;\">&nbsp; <\/span><\/span><\/p>\n","protected":false},"excerpt":{"rendered":"<p>\u201cO parlamento brasileiro mostrou-se mais uma vez incapaz de compreender o sentimento das ruas, que h\u00e1 muito tempo repudiou o modus operandi representado por Cunha\u201d, disse Ivan Valente<\/p>\n","protected":false},"author":2,"featured_media":0,"comment_status":"open","ping_status":"open","sticky":false,"template":"","format":"standard","meta":{"_acf_changed":false,"footnotes":""},"categories":[10,6],"tags":[],"class_list":{"0":"post-3137","1":"post","2":"type-post","3":"status-publish","4":"format-standard","6":"category-acao-parlamentares","7":"category-noticias"},"acf":[],"yoast_head":"<!-- This site is optimized with the Yoast SEO plugin v26.5 - https:\/\/yoast.com\/wordpress\/plugins\/seo\/ -->\n<title>Elei\u00e7\u00e3o de Eduardo Cunha refor\u00e7a car\u00e1ter conservador da C\u00e2mara - PSOL 50<\/title>\n<meta name=\"robots\" content=\"index, follow, max-snippet:-1, max-image-preview:large, max-video-preview:-1\" \/>\n<link rel=\"canonical\" href=\"https:\/\/psol50.org.br\/eleicao-de-eduardo-cunha-reforca-carater-conservador-da-camara\/\" \/>\n<meta property=\"og:locale\" content=\"pt_BR\" \/>\n<meta property=\"og:type\" content=\"article\" \/>\n<meta property=\"og:title\" content=\"Elei\u00e7\u00e3o de Eduardo Cunha refor\u00e7a car\u00e1ter conservador da C\u00e2mara - PSOL 50\" \/>\n<meta property=\"og:description\" content=\"\u201cO parlamento brasileiro mostrou-se mais uma vez incapaz de compreender o sentimento das ruas, que h\u00e1 muito tempo repudiou o modus operandi representado por Cunha\u201d, disse Ivan Valente\" \/>\n<meta property=\"og:url\" content=\"https:\/\/psol50.org.br\/eleicao-de-eduardo-cunha-reforca-carater-conservador-da-camara\/\" \/>\n<meta property=\"og:site_name\" content=\"PSOL 50\" \/>\n<meta property=\"article:publisher\" content=\"https:\/\/www.facebook.com\/psol50\" \/>\n<meta property=\"article:published_time\" content=\"2015-02-02T20:04:06+00:00\" \/>\n<meta property=\"og:image\" content=\"https:\/\/psol50.org.br\/inc\/uploads\/2018\/07\/capa.png\" \/>\n\t<meta property=\"og:image:width\" content=\"1350\" \/>\n\t<meta property=\"og:image:height\" content=\"900\" \/>\n\t<meta property=\"og:image:type\" content=\"image\/png\" \/>\n<meta name=\"author\" content=\"Comunica\u00e7\u00e3o PSOL\" \/>\n<meta name=\"twitter:card\" content=\"summary_large_image\" \/>\n<meta name=\"twitter:creator\" content=\"@psol50\" \/>\n<meta name=\"twitter:site\" content=\"@psol50\" \/>\n<meta name=\"twitter:label1\" content=\"Escrito por\" \/>\n\t<meta name=\"twitter:data1\" content=\"Comunica\u00e7\u00e3o PSOL\" \/>\n\t<meta name=\"twitter:label2\" content=\"Est. tempo de leitura\" \/>\n\t<meta name=\"twitter:data2\" content=\"5 minutos\" \/>\n<script type=\"application\/ld+json\" class=\"yoast-schema-graph\">{\"@context\":\"https:\/\/schema.org\",\"@graph\":[{\"@type\":\"Article\",\"@id\":\"https:\/\/psol50.org.br\/eleicao-de-eduardo-cunha-reforca-carater-conservador-da-camara\/#article\",\"isPartOf\":{\"@id\":\"https:\/\/psol50.org.br\/eleicao-de-eduardo-cunha-reforca-carater-conservador-da-camara\/\"},\"author\":{\"name\":\"Comunica\u00e7\u00e3o PSOL\",\"@id\":\"https:\/\/psol50.org.br\/#\/schema\/person\/475dfa57d0b815993c714c2e96491fcd\"},\"headline\":\"Elei\u00e7\u00e3o de Eduardo Cunha refor\u00e7a car\u00e1ter conservador da C\u00e2mara\",\"datePublished\":\"2015-02-02T20:04:06+00:00\",\"mainEntityOfPage\":{\"@id\":\"https:\/\/psol50.org.br\/eleicao-de-eduardo-cunha-reforca-carater-conservador-da-camara\/\"},\"wordCount\":1054,\"commentCount\":0,\"publisher\":{\"@id\":\"https:\/\/psol50.org.br\/#organization\"},\"articleSection\":[\"A\u00e7\u00e3o Parlamentar\",\"Not\u00edcias\"],\"inLanguage\":\"pt-BR\",\"potentialAction\":[{\"@type\":\"CommentAction\",\"name\":\"Comment\",\"target\":[\"https:\/\/psol50.org.br\/eleicao-de-eduardo-cunha-reforca-carater-conservador-da-camara\/#respond\"]}]},{\"@type\":\"WebPage\",\"@id\":\"https:\/\/psol50.org.br\/eleicao-de-eduardo-cunha-reforca-carater-conservador-da-camara\/\",\"url\":\"https:\/\/psol50.org.br\/eleicao-de-eduardo-cunha-reforca-carater-conservador-da-camara\/\",\"name\":\"Elei\u00e7\u00e3o de Eduardo Cunha refor\u00e7a car\u00e1ter conservador da C\u00e2mara - PSOL 50\",\"isPartOf\":{\"@id\":\"https:\/\/psol50.org.br\/#website\"},\"datePublished\":\"2015-02-02T20:04:06+00:00\",\"breadcrumb\":{\"@id\":\"https:\/\/psol50.org.br\/eleicao-de-eduardo-cunha-reforca-carater-conservador-da-camara\/#breadcrumb\"},\"inLanguage\":\"pt-BR\",\"potentialAction\":[{\"@type\":\"ReadAction\",\"target\":[\"https:\/\/psol50.org.br\/eleicao-de-eduardo-cunha-reforca-carater-conservador-da-camara\/\"]}]},{\"@type\":\"BreadcrumbList\",\"@id\":\"https:\/\/psol50.org.br\/eleicao-de-eduardo-cunha-reforca-carater-conservador-da-camara\/#breadcrumb\",\"itemListElement\":[{\"@type\":\"ListItem\",\"position\":1,\"name\":\"In\u00edcio\",\"item\":\"https:\/\/psol50.org.br\/\"},{\"@type\":\"ListItem\",\"position\":2,\"name\":\"Elei\u00e7\u00e3o de Eduardo Cunha refor\u00e7a car\u00e1ter conservador da C\u00e2mara\"}]},{\"@type\":\"WebSite\",\"@id\":\"https:\/\/psol50.org.br\/#website\",\"url\":\"https:\/\/psol50.org.br\/\",\"name\":\"PSOL 50\",\"description\":\"Site oficial do Partido Socialismo e Liberdade\",\"publisher\":{\"@id\":\"https:\/\/psol50.org.br\/#organization\"},\"alternateName\":\"PSOL50\",\"potentialAction\":[{\"@type\":\"SearchAction\",\"target\":{\"@type\":\"EntryPoint\",\"urlTemplate\":\"https:\/\/psol50.org.br\/?s={search_term_string}\"},\"query-input\":{\"@type\":\"PropertyValueSpecification\",\"valueRequired\":true,\"valueName\":\"search_term_string\"}}],\"inLanguage\":\"pt-BR\"},{\"@type\":\"Organization\",\"@id\":\"https:\/\/psol50.org.br\/#organization\",\"name\":\"PSOL 50\",\"alternateName\":\"PSOL 50\",\"url\":\"https:\/\/psol50.org.br\/\",\"logo\":{\"@type\":\"ImageObject\",\"inLanguage\":\"pt-BR\",\"@id\":\"https:\/\/psol50.org.br\/#\/schema\/logo\/image\/\",\"url\":\"https:\/\/psol50.org.br\/inc\/uploads\/2018\/07\/capa.png\",\"contentUrl\":\"https:\/\/psol50.org.br\/inc\/uploads\/2018\/07\/capa.png\",\"width\":1350,\"height\":900,\"caption\":\"PSOL 50\"},\"image\":{\"@id\":\"https:\/\/psol50.org.br\/#\/schema\/logo\/image\/\"},\"sameAs\":[\"https:\/\/www.facebook.com\/psol50\",\"https:\/\/x.com\/psol50\",\"https:\/\/www.instagram.com\/psol50\/\",\"https:\/\/www.youtube.com\/channel\/UC7SnJS5o1os7a6CaiNabzcg\"]},{\"@type\":\"Person\",\"@id\":\"https:\/\/psol50.org.br\/#\/schema\/person\/475dfa57d0b815993c714c2e96491fcd\",\"name\":\"Comunica\u00e7\u00e3o PSOL\",\"image\":{\"@type\":\"ImageObject\",\"inLanguage\":\"pt-BR\",\"@id\":\"https:\/\/psol50.org.br\/#\/schema\/person\/image\/\",\"url\":\"https:\/\/secure.gravatar.com\/avatar\/b34fc4f4e468a4e51785917065a3db57b841f5c95dba6ad8c73aaf8f66f8f9bf?s=96&d=mm&r=g\",\"contentUrl\":\"https:\/\/secure.gravatar.com\/avatar\/b34fc4f4e468a4e51785917065a3db57b841f5c95dba6ad8c73aaf8f66f8f9bf?s=96&d=mm&r=g\",\"caption\":\"Comunica\u00e7\u00e3o PSOL\"}}]}<\/script>\n<!-- \/ Yoast SEO plugin. -->","yoast_head_json":{"title":"Elei\u00e7\u00e3o de Eduardo Cunha refor\u00e7a car\u00e1ter conservador da C\u00e2mara - PSOL 50","robots":{"index":"index","follow":"follow","max-snippet":"max-snippet:-1","max-image-preview":"max-image-preview:large","max-video-preview":"max-video-preview:-1"},"canonical":"https:\/\/psol50.org.br\/eleicao-de-eduardo-cunha-reforca-carater-conservador-da-camara\/","og_locale":"pt_BR","og_type":"article","og_title":"Elei\u00e7\u00e3o de Eduardo Cunha refor\u00e7a car\u00e1ter conservador da C\u00e2mara - PSOL 50","og_description":"\u201cO parlamento brasileiro mostrou-se mais uma vez incapaz de compreender o sentimento das ruas, que h\u00e1 muito tempo repudiou o modus operandi representado por Cunha\u201d, disse Ivan Valente","og_url":"https:\/\/psol50.org.br\/eleicao-de-eduardo-cunha-reforca-carater-conservador-da-camara\/","og_site_name":"PSOL 50","article_publisher":"https:\/\/www.facebook.com\/psol50","article_published_time":"2015-02-02T20:04:06+00:00","og_image":[{"width":1350,"height":900,"url":"https:\/\/psol50.org.br\/inc\/uploads\/2018\/07\/capa.png","type":"image\/png"}],"author":"Comunica\u00e7\u00e3o PSOL","twitter_card":"summary_large_image","twitter_creator":"@psol50","twitter_site":"@psol50","twitter_misc":{"Escrito por":"Comunica\u00e7\u00e3o PSOL","Est. tempo de leitura":"5 minutos"},"schema":{"@context":"https:\/\/schema.org","@graph":[{"@type":"Article","@id":"https:\/\/psol50.org.br\/eleicao-de-eduardo-cunha-reforca-carater-conservador-da-camara\/#article","isPartOf":{"@id":"https:\/\/psol50.org.br\/eleicao-de-eduardo-cunha-reforca-carater-conservador-da-camara\/"},"author":{"name":"Comunica\u00e7\u00e3o PSOL","@id":"https:\/\/psol50.org.br\/#\/schema\/person\/475dfa57d0b815993c714c2e96491fcd"},"headline":"Elei\u00e7\u00e3o de Eduardo Cunha refor\u00e7a car\u00e1ter conservador da C\u00e2mara","datePublished":"2015-02-02T20:04:06+00:00","mainEntityOfPage":{"@id":"https:\/\/psol50.org.br\/eleicao-de-eduardo-cunha-reforca-carater-conservador-da-camara\/"},"wordCount":1054,"commentCount":0,"publisher":{"@id":"https:\/\/psol50.org.br\/#organization"},"articleSection":["A\u00e7\u00e3o Parlamentar","Not\u00edcias"],"inLanguage":"pt-BR","potentialAction":[{"@type":"CommentAction","name":"Comment","target":["https:\/\/psol50.org.br\/eleicao-de-eduardo-cunha-reforca-carater-conservador-da-camara\/#respond"]}]},{"@type":"WebPage","@id":"https:\/\/psol50.org.br\/eleicao-de-eduardo-cunha-reforca-carater-conservador-da-camara\/","url":"https:\/\/psol50.org.br\/eleicao-de-eduardo-cunha-reforca-carater-conservador-da-camara\/","name":"Elei\u00e7\u00e3o de Eduardo Cunha refor\u00e7a car\u00e1ter conservador da C\u00e2mara - PSOL 50","isPartOf":{"@id":"https:\/\/psol50.org.br\/#website"},"datePublished":"2015-02-02T20:04:06+00:00","breadcrumb":{"@id":"https:\/\/psol50.org.br\/eleicao-de-eduardo-cunha-reforca-carater-conservador-da-camara\/#breadcrumb"},"inLanguage":"pt-BR","potentialAction":[{"@type":"ReadAction","target":["https:\/\/psol50.org.br\/eleicao-de-eduardo-cunha-reforca-carater-conservador-da-camara\/"]}]},{"@type":"BreadcrumbList","@id":"https:\/\/psol50.org.br\/eleicao-de-eduardo-cunha-reforca-carater-conservador-da-camara\/#breadcrumb","itemListElement":[{"@type":"ListItem","position":1,"name":"In\u00edcio","item":"https:\/\/psol50.org.br\/"},{"@type":"ListItem","position":2,"name":"Elei\u00e7\u00e3o de Eduardo Cunha refor\u00e7a car\u00e1ter conservador da C\u00e2mara"}]},{"@type":"WebSite","@id":"https:\/\/psol50.org.br\/#website","url":"https:\/\/psol50.org.br\/","name":"PSOL 50","description":"Site oficial do Partido Socialismo e Liberdade","publisher":{"@id":"https:\/\/psol50.org.br\/#organization"},"alternateName":"PSOL50","potentialAction":[{"@type":"SearchAction","target":{"@type":"EntryPoint","urlTemplate":"https:\/\/psol50.org.br\/?s={search_term_string}"},"query-input":{"@type":"PropertyValueSpecification","valueRequired":true,"valueName":"search_term_string"}}],"inLanguage":"pt-BR"},{"@type":"Organization","@id":"https:\/\/psol50.org.br\/#organization","name":"PSOL 50","alternateName":"PSOL 50","url":"https:\/\/psol50.org.br\/","logo":{"@type":"ImageObject","inLanguage":"pt-BR","@id":"https:\/\/psol50.org.br\/#\/schema\/logo\/image\/","url":"https:\/\/psol50.org.br\/inc\/uploads\/2018\/07\/capa.png","contentUrl":"https:\/\/psol50.org.br\/inc\/uploads\/2018\/07\/capa.png","width":1350,"height":900,"caption":"PSOL 50"},"image":{"@id":"https:\/\/psol50.org.br\/#\/schema\/logo\/image\/"},"sameAs":["https:\/\/www.facebook.com\/psol50","https:\/\/x.com\/psol50","https:\/\/www.instagram.com\/psol50\/","https:\/\/www.youtube.com\/channel\/UC7SnJS5o1os7a6CaiNabzcg"]},{"@type":"Person","@id":"https:\/\/psol50.org.br\/#\/schema\/person\/475dfa57d0b815993c714c2e96491fcd","name":"Comunica\u00e7\u00e3o PSOL","image":{"@type":"ImageObject","inLanguage":"pt-BR","@id":"https:\/\/psol50.org.br\/#\/schema\/person\/image\/","url":"https:\/\/secure.gravatar.com\/avatar\/b34fc4f4e468a4e51785917065a3db57b841f5c95dba6ad8c73aaf8f66f8f9bf?s=96&d=mm&r=g","contentUrl":"https:\/\/secure.gravatar.com\/avatar\/b34fc4f4e468a4e51785917065a3db57b841f5c95dba6ad8c73aaf8f66f8f9bf?s=96&d=mm&r=g","caption":"Comunica\u00e7\u00e3o PSOL"}}]}},"_links":{"self":[{"href":"https:\/\/psol50.org.br\/rest\/wp\/v2\/posts\/3137","targetHints":{"allow":["GET"]}}],"collection":[{"href":"https:\/\/psol50.org.br\/rest\/wp\/v2\/posts"}],"about":[{"href":"https:\/\/psol50.org.br\/rest\/wp\/v2\/types\/post"}],"author":[{"embeddable":true,"href":"https:\/\/psol50.org.br\/rest\/wp\/v2\/users\/2"}],"replies":[{"embeddable":true,"href":"https:\/\/psol50.org.br\/rest\/wp\/v2\/comments?post=3137"}],"version-history":[{"count":0,"href":"https:\/\/psol50.org.br\/rest\/wp\/v2\/posts\/3137\/revisions"}],"wp:attachment":[{"href":"https:\/\/psol50.org.br\/rest\/wp\/v2\/media?parent=3137"}],"wp:term":[{"taxonomy":"category","embeddable":true,"href":"https:\/\/psol50.org.br\/rest\/wp\/v2\/categories?post=3137"},{"taxonomy":"post_tag","embeddable":true,"href":"https:\/\/psol50.org.br\/rest\/wp\/v2\/tags?post=3137"}],"curies":[{"name":"wp","href":"https:\/\/api.w.org\/{rel}","templated":true}]}}