{"id":3141,"date":"2015-02-04T00:00:00","date_gmt":"2015-02-04T17:40:22","guid":{"rendered":"http:\/\/psol50.org.br\/arquivo\/2015\/02\/04\/podemos-reune-milhares-contra-a-austeridade\/"},"modified":"2015-02-04T00:00:00","modified_gmt":"2015-02-04T17:40:22","slug":"podemos-reune-milhares-contra-a-austeridade","status":"publish","type":"post","link":"https:\/\/psol50.org.br\/podemos-reune-milhares-contra-a-austeridade\/","title":{"rendered":"\u201cPodemos\u201d re\u00fane milhares contra a austeridade"},"content":{"rendered":"<p style=\"text-align: justify;\"><span style=\"font-family: arial,helvetica,sans-serif;\"><span style=\"font-size: 12px;\">O \u201cPodemos\u201d, partido pol\u00edtico de esquerda que nasceu do \u201cmovimento dos indignados\u201d e hoje lidera as pesquisas eleitorais na Espanha para o pleito de dezembro, deu uma incontest\u00e1vel manifesta\u00e7\u00e3o de for\u00e7a no \u00faltimo s\u00e1bado (31\/01).<br \/>\nMilhares de pessoas compareceram a \u201cMarcha da Mudan\u00e7a\u201d, em Madri, num gigantesco protesto que reuniu, segundo os organizadores, cerca de 300 mil pessoas contra as pol\u00edticas de austeridade do governo conservador do premi\u00ea Mariano Rajoy.<br \/>\nA Marcha ocorre ap\u00f3s a vit\u00f3ria do Syriza, na Gr\u00e9cia, numa demonstra\u00e7\u00e3o de que a derrota eleitoral do conservadorismo naquele pa\u00eds injetou \u00e2nimo na resist\u00eancia popular contra a austeridade em outros pa\u00edses na Europa, como no caso da Espanha.<br \/>\nO \u201cPodemos\u201d j\u00e1 figura na lideran\u00e7a das pesquisas eleitorais com quase 30% das inten\u00e7\u00f5es de voto, enquanto os sociais democratas e conservadores que se revezaram na aplica\u00e7\u00e3o dos planos de austeridade ditados pela Troika (Comiss\u00e3o Europeia, Banco Central Europeu \u2013 BCE, e o Fundo Monet\u00e1rio Internacional &#8211; FMI), observam seus \u00edndices de inten\u00e7\u00e3o de voto despencar.<br \/>\nFrente aos milhares de manifestantes, Pablo Igl\u00e9sias, um dos principais l\u00edderes do \u201cPodemos\u201d, afirmou que sonha com uma Espanha que aposte na ind\u00fastria, na economia verde, que incentive as energias renov\u00e1veis, que acabe com os monop\u00f3lios e que amplie os direitos trabalhistas, para impedir os baixos sal\u00e1rios e acabar com a onda de demiss\u00f5es. A reestrutura\u00e7\u00e3o da d\u00edvida p\u00fablica tamb\u00e9m figura entre as principais propostas do novo partido. Ou seja, \u00e9 uma op\u00e7\u00e3o pelo caminho inverso ao que vem percorrendo o governo Dilma, que anda na contram\u00e3o da experi\u00eancia europeia em sua luta contra os efeitos perversos da austeridade.<br \/>\nPablo Igl\u00e9sias afirmou em seu discurso aos milhares de manifestantes que o novo governo grego, do chanceler Alexis Tsipras, \u201chavia feito mais em seis dias do que outros em seis anos: suspendeu as privatiza\u00e7\u00f5es dos portos e dos aeroportos, voltou a integrar os demitidos, elogiou os her\u00f3is da resist\u00eancia na luta contra os alem\u00e3es [\u2026] Quem \u00e9 que dizia que n\u00e3o se pode? Quem dizia que um governo n\u00e3o pode mudar as coisas?\u201d, perguntou o secret\u00e1rio-geral do Podemos, acrescentando que em Atenas \u201cagora tem um governo s\u00e9rio e trabalhador\u201d.<br \/>\nMas, o processo pol\u00edtico Europeu, entretanto, como qualquer outro, n\u00e3o \u00e9 linear e muito menos homog\u00eaneo. Em Portugal, por exemplo, mant\u00eam-se a l\u00f3gica bipartid\u00e1ria, em que \u201csocialistas\u201d e conservadores (ambos comprometidos com a pol\u00edtica da Troyka) continuam polarizando a disputa pol\u00edtica no pa\u00eds. Na Fran\u00e7a, quem est\u00e1 capitalizando eleitoralmente a rejei\u00e7\u00e3o \u00e0 austeridade \u00e9 a frente Nacional, de Marie Le Pen \u2013 organiza\u00e7\u00e3o de ultra-direita que aparece na casa dos 30% de inten\u00e7\u00e3o de votos em algumas pesquisas eleitorais. Na It\u00e1lia, cresce a influencia dos adeptos de Beppe Grillo e a Liga Norte, grupo pol\u00edtico influenciado por Le Pen.<br \/>\nDiante desse cen\u00e1rio, de fortalecimento tamb\u00e9m de grupos conservadores, \u00e9 fundamental e decisivo que o novo governo da Gr\u00e9cia adote as medidas prometidas na campanha, como vem fazendo nesse in\u00edcio de gest\u00e3o, numa demonstra\u00e7\u00e3o pr\u00e1tica de que mudan\u00e7a pra valer \u00e9 pela esquerda, a \u00fanica alternativa real \u00e0 austeridade ditada pela Troyka e \u00e0s falsas alternativas representadas pela ultra-direita xen\u00f3foba e sem compromisso com mudan\u00e7as reais a favor dos povos e trabalhadores europeus.<br \/>\nViva a luta do povo europeu, em defesa de seus direitos e contra a pol\u00edtica de austeridade da Troyka que s\u00f3 responde aos interesses do Capital Financeiro!<\/span><\/span><\/p>\n<p>*<em>Pronunciamento do deputado Ivan Valente (PSOL-SP), realizado na tribuna da C\u00e2mara dos Deputados em 03\/02\/2015.<\/em><br \/>\n<span style=\"font-family: arial,helvetica,sans-serif;\"><span style=\"font-size: 12px;\">\u00a0<\/span><\/span><\/p>\n","protected":false},"excerpt":{"rendered":"<p>O \u201cPodemos\u201d, partido pol\u00edtico de esquerda que nasceu do \u201cmovimento dos indignados\u201d e hoje lidera as pesquisas eleitorais na Espanha para o pleito de dezembro, deu uma incontest\u00e1vel manifesta\u00e7\u00e3o de for\u00e7a no \u00faltimo s\u00e1bado (31\/01). Milhares de pessoas compareceram a \u201cMarcha da Mudan\u00e7a\u201d, em Madri, num gigantesco protesto que reuniu, segundo os organizadores, cerca de [&hellip;]<\/p>\n","protected":false},"author":2,"featured_media":10158,"comment_status":"open","ping_status":"open","sticky":false,"template":"","format":"standard","meta":{"_acf_changed":false,"footnotes":""},"categories":[3605,836],"tags":[2753,790,1216,2138],"class_list":{"0":"post-3141","1":"post","2":"type-post","3":"status-publish","4":"format-standard","5":"has-post-thumbnail","7":"category-espanha","9":"tag-espanha","10":"tag-esquerda","11":"tag-internacional","12":"tag-podemos"},"acf":[],"yoast_head":"<!-- This site is optimized with the Yoast SEO plugin v26.5 - https:\/\/yoast.com\/wordpress\/plugins\/seo\/ -->\n<title>\u201cPodemos\u201d re\u00fane milhares contra a austeridade - PSOL 50<\/title>\n<meta name=\"robots\" content=\"index, follow, max-snippet:-1, max-image-preview:large, max-video-preview:-1\" \/>\n<link rel=\"canonical\" href=\"https:\/\/psol50.org.br\/podemos-reune-milhares-contra-a-austeridade\/\" \/>\n<meta property=\"og:locale\" content=\"pt_BR\" \/>\n<meta property=\"og:type\" content=\"article\" \/>\n<meta property=\"og:title\" content=\"\u201cPodemos\u201d re\u00fane milhares contra a austeridade - PSOL 50\" \/>\n<meta property=\"og:description\" content=\"O \u201cPodemos\u201d, partido pol\u00edtico de esquerda que nasceu do \u201cmovimento dos indignados\u201d e hoje lidera as pesquisas eleitorais na Espanha para o pleito de dezembro, deu uma incontest\u00e1vel manifesta\u00e7\u00e3o de for\u00e7a no \u00faltimo s\u00e1bado (31\/01). Milhares de pessoas compareceram a \u201cMarcha da Mudan\u00e7a\u201d, em Madri, num gigantesco protesto que reuniu, segundo os organizadores, cerca de [&hellip;]\" \/>\n<meta property=\"og:url\" content=\"https:\/\/psol50.org.br\/podemos-reune-milhares-contra-a-austeridade\/\" \/>\n<meta property=\"og:site_name\" content=\"PSOL 50\" \/>\n<meta property=\"article:publisher\" content=\"https:\/\/www.facebook.com\/psol50\" \/>\n<meta property=\"article:published_time\" content=\"2015-02-04T17:40:22+00:00\" \/>\n<meta property=\"og:image\" content=\"https:\/\/psol50.org.br\/inc\/uploads\/2015\/02\/Podemos_milhares.jpg\" \/>\n\t<meta property=\"og:image:width\" content=\"1100\" \/>\n\t<meta property=\"og:image:height\" content=\"550\" \/>\n\t<meta property=\"og:image:type\" content=\"image\/jpeg\" \/>\n<meta name=\"author\" content=\"Comunica\u00e7\u00e3o PSOL\" \/>\n<meta name=\"twitter:card\" content=\"summary_large_image\" \/>\n<meta name=\"twitter:creator\" content=\"@psol50\" \/>\n<meta name=\"twitter:site\" content=\"@psol50\" \/>\n<meta name=\"twitter:label1\" content=\"Escrito por\" \/>\n\t<meta name=\"twitter:data1\" content=\"Comunica\u00e7\u00e3o PSOL\" \/>\n\t<meta name=\"twitter:label2\" content=\"Est. tempo de leitura\" \/>\n\t<meta name=\"twitter:data2\" content=\"3 minutos\" \/>\n<script type=\"application\/ld+json\" class=\"yoast-schema-graph\">{\"@context\":\"https:\/\/schema.org\",\"@graph\":[{\"@type\":\"Article\",\"@id\":\"https:\/\/psol50.org.br\/podemos-reune-milhares-contra-a-austeridade\/#article\",\"isPartOf\":{\"@id\":\"https:\/\/psol50.org.br\/podemos-reune-milhares-contra-a-austeridade\/\"},\"author\":{\"name\":\"Comunica\u00e7\u00e3o PSOL\",\"@id\":\"https:\/\/psol50.org.br\/#\/schema\/person\/475dfa57d0b815993c714c2e96491fcd\"},\"headline\":\"\u201cPodemos\u201d re\u00fane milhares contra a austeridade\",\"datePublished\":\"2015-02-04T17:40:22+00:00\",\"mainEntityOfPage\":{\"@id\":\"https:\/\/psol50.org.br\/podemos-reune-milhares-contra-a-austeridade\/\"},\"wordCount\":628,\"commentCount\":0,\"publisher\":{\"@id\":\"https:\/\/psol50.org.br\/#organization\"},\"image\":{\"@id\":\"https:\/\/psol50.org.br\/podemos-reune-milhares-contra-a-austeridade\/#primaryimage\"},\"thumbnailUrl\":\"https:\/\/psol50.org.br\/inc\/uploads\/2015\/02\/Podemos_milhares.jpg\",\"keywords\":[\"Espanha\",\"esquerda\",\"Internacional\",\"Podemos\"],\"articleSection\":[\"Espanha\",\"Internacional\"],\"inLanguage\":\"pt-BR\",\"potentialAction\":[{\"@type\":\"CommentAction\",\"name\":\"Comment\",\"target\":[\"https:\/\/psol50.org.br\/podemos-reune-milhares-contra-a-austeridade\/#respond\"]}]},{\"@type\":\"WebPage\",\"@id\":\"https:\/\/psol50.org.br\/podemos-reune-milhares-contra-a-austeridade\/\",\"url\":\"https:\/\/psol50.org.br\/podemos-reune-milhares-contra-a-austeridade\/\",\"name\":\"\u201cPodemos\u201d re\u00fane milhares contra a austeridade - PSOL 50\",\"isPartOf\":{\"@id\":\"https:\/\/psol50.org.br\/#website\"},\"primaryImageOfPage\":{\"@id\":\"https:\/\/psol50.org.br\/podemos-reune-milhares-contra-a-austeridade\/#primaryimage\"},\"image\":{\"@id\":\"https:\/\/psol50.org.br\/podemos-reune-milhares-contra-a-austeridade\/#primaryimage\"},\"thumbnailUrl\":\"https:\/\/psol50.org.br\/inc\/uploads\/2015\/02\/Podemos_milhares.jpg\",\"datePublished\":\"2015-02-04T17:40:22+00:00\",\"breadcrumb\":{\"@id\":\"https:\/\/psol50.org.br\/podemos-reune-milhares-contra-a-austeridade\/#breadcrumb\"},\"inLanguage\":\"pt-BR\",\"potentialAction\":[{\"@type\":\"ReadAction\",\"target\":[\"https:\/\/psol50.org.br\/podemos-reune-milhares-contra-a-austeridade\/\"]}]},{\"@type\":\"ImageObject\",\"inLanguage\":\"pt-BR\",\"@id\":\"https:\/\/psol50.org.br\/podemos-reune-milhares-contra-a-austeridade\/#primaryimage\",\"url\":\"https:\/\/psol50.org.br\/inc\/uploads\/2015\/02\/Podemos_milhares.jpg\",\"contentUrl\":\"https:\/\/psol50.org.br\/inc\/uploads\/2015\/02\/Podemos_milhares.jpg\",\"width\":1100,\"height\":550,\"caption\":\"People gather in the main square of Madrid during a Podemos (We Can) party march in Madrid, Spain, Saturday, Jan. 31, 2015. Tens of thousands of people, possibly more, are marching through Madrid\u00eds streets in a powerful show of strength by Spain\u00eds fledgling radical leftist party Podemos (We Can) which hopes to emulate the electoral success of Greece\u00eds Syriza party in elections later this year. Supporters from across Spain converged onto Cibeles fountain before packing the avenue leading to Puerta del Sol square. Podemos aims to shatter the country\u00eds predominantly two-party system and the \u00ecMarch for Change\u00ee gathered crowds in the same place where sit-in protests against political and financial corruption laid the party\u00eds foundations in 2011. (AP Photo\/Andres Kudacki)\"},{\"@type\":\"BreadcrumbList\",\"@id\":\"https:\/\/psol50.org.br\/podemos-reune-milhares-contra-a-austeridade\/#breadcrumb\",\"itemListElement\":[{\"@type\":\"ListItem\",\"position\":1,\"name\":\"In\u00edcio\",\"item\":\"https:\/\/psol50.org.br\/\"},{\"@type\":\"ListItem\",\"position\":2,\"name\":\"\u201cPodemos\u201d re\u00fane milhares contra a austeridade\"}]},{\"@type\":\"WebSite\",\"@id\":\"https:\/\/psol50.org.br\/#website\",\"url\":\"https:\/\/psol50.org.br\/\",\"name\":\"PSOL 50\",\"description\":\"Site oficial do Partido Socialismo e Liberdade\",\"publisher\":{\"@id\":\"https:\/\/psol50.org.br\/#organization\"},\"alternateName\":\"PSOL50\",\"potentialAction\":[{\"@type\":\"SearchAction\",\"target\":{\"@type\":\"EntryPoint\",\"urlTemplate\":\"https:\/\/psol50.org.br\/?s={search_term_string}\"},\"query-input\":{\"@type\":\"PropertyValueSpecification\",\"valueRequired\":true,\"valueName\":\"search_term_string\"}}],\"inLanguage\":\"pt-BR\"},{\"@type\":\"Organization\",\"@id\":\"https:\/\/psol50.org.br\/#organization\",\"name\":\"PSOL 50\",\"alternateName\":\"PSOL 50\",\"url\":\"https:\/\/psol50.org.br\/\",\"logo\":{\"@type\":\"ImageObject\",\"inLanguage\":\"pt-BR\",\"@id\":\"https:\/\/psol50.org.br\/#\/schema\/logo\/image\/\",\"url\":\"https:\/\/psol50.org.br\/inc\/uploads\/2018\/07\/capa.png\",\"contentUrl\":\"https:\/\/psol50.org.br\/inc\/uploads\/2018\/07\/capa.png\",\"width\":1350,\"height\":900,\"caption\":\"PSOL 50\"},\"image\":{\"@id\":\"https:\/\/psol50.org.br\/#\/schema\/logo\/image\/\"},\"sameAs\":[\"https:\/\/www.facebook.com\/psol50\",\"https:\/\/x.com\/psol50\",\"https:\/\/www.instagram.com\/psol50\/\",\"https:\/\/www.youtube.com\/channel\/UC7SnJS5o1os7a6CaiNabzcg\"]},{\"@type\":\"Person\",\"@id\":\"https:\/\/psol50.org.br\/#\/schema\/person\/475dfa57d0b815993c714c2e96491fcd\",\"name\":\"Comunica\u00e7\u00e3o PSOL\",\"image\":{\"@type\":\"ImageObject\",\"inLanguage\":\"pt-BR\",\"@id\":\"https:\/\/psol50.org.br\/#\/schema\/person\/image\/\",\"url\":\"https:\/\/secure.gravatar.com\/avatar\/b34fc4f4e468a4e51785917065a3db57b841f5c95dba6ad8c73aaf8f66f8f9bf?s=96&d=mm&r=g\",\"contentUrl\":\"https:\/\/secure.gravatar.com\/avatar\/b34fc4f4e468a4e51785917065a3db57b841f5c95dba6ad8c73aaf8f66f8f9bf?s=96&d=mm&r=g\",\"caption\":\"Comunica\u00e7\u00e3o PSOL\"}}]}<\/script>\n<!-- \/ Yoast SEO plugin. -->","yoast_head_json":{"title":"\u201cPodemos\u201d re\u00fane milhares contra a austeridade - PSOL 50","robots":{"index":"index","follow":"follow","max-snippet":"max-snippet:-1","max-image-preview":"max-image-preview:large","max-video-preview":"max-video-preview:-1"},"canonical":"https:\/\/psol50.org.br\/podemos-reune-milhares-contra-a-austeridade\/","og_locale":"pt_BR","og_type":"article","og_title":"\u201cPodemos\u201d re\u00fane milhares contra a austeridade - PSOL 50","og_description":"O \u201cPodemos\u201d, partido pol\u00edtico de esquerda que nasceu do \u201cmovimento dos indignados\u201d e hoje lidera as pesquisas eleitorais na Espanha para o pleito de dezembro, deu uma incontest\u00e1vel manifesta\u00e7\u00e3o de for\u00e7a no \u00faltimo s\u00e1bado (31\/01). Milhares de pessoas compareceram a \u201cMarcha da Mudan\u00e7a\u201d, em Madri, num gigantesco protesto que reuniu, segundo os organizadores, cerca de [&hellip;]","og_url":"https:\/\/psol50.org.br\/podemos-reune-milhares-contra-a-austeridade\/","og_site_name":"PSOL 50","article_publisher":"https:\/\/www.facebook.com\/psol50","article_published_time":"2015-02-04T17:40:22+00:00","og_image":[{"width":1100,"height":550,"url":"https:\/\/psol50.org.br\/inc\/uploads\/2015\/02\/Podemos_milhares.jpg","type":"image\/jpeg"}],"author":"Comunica\u00e7\u00e3o PSOL","twitter_card":"summary_large_image","twitter_creator":"@psol50","twitter_site":"@psol50","twitter_misc":{"Escrito por":"Comunica\u00e7\u00e3o PSOL","Est. tempo de leitura":"3 minutos"},"schema":{"@context":"https:\/\/schema.org","@graph":[{"@type":"Article","@id":"https:\/\/psol50.org.br\/podemos-reune-milhares-contra-a-austeridade\/#article","isPartOf":{"@id":"https:\/\/psol50.org.br\/podemos-reune-milhares-contra-a-austeridade\/"},"author":{"name":"Comunica\u00e7\u00e3o PSOL","@id":"https:\/\/psol50.org.br\/#\/schema\/person\/475dfa57d0b815993c714c2e96491fcd"},"headline":"\u201cPodemos\u201d re\u00fane milhares contra a austeridade","datePublished":"2015-02-04T17:40:22+00:00","mainEntityOfPage":{"@id":"https:\/\/psol50.org.br\/podemos-reune-milhares-contra-a-austeridade\/"},"wordCount":628,"commentCount":0,"publisher":{"@id":"https:\/\/psol50.org.br\/#organization"},"image":{"@id":"https:\/\/psol50.org.br\/podemos-reune-milhares-contra-a-austeridade\/#primaryimage"},"thumbnailUrl":"https:\/\/psol50.org.br\/inc\/uploads\/2015\/02\/Podemos_milhares.jpg","keywords":["Espanha","esquerda","Internacional","Podemos"],"articleSection":["Espanha","Internacional"],"inLanguage":"pt-BR","potentialAction":[{"@type":"CommentAction","name":"Comment","target":["https:\/\/psol50.org.br\/podemos-reune-milhares-contra-a-austeridade\/#respond"]}]},{"@type":"WebPage","@id":"https:\/\/psol50.org.br\/podemos-reune-milhares-contra-a-austeridade\/","url":"https:\/\/psol50.org.br\/podemos-reune-milhares-contra-a-austeridade\/","name":"\u201cPodemos\u201d re\u00fane milhares contra a austeridade - PSOL 50","isPartOf":{"@id":"https:\/\/psol50.org.br\/#website"},"primaryImageOfPage":{"@id":"https:\/\/psol50.org.br\/podemos-reune-milhares-contra-a-austeridade\/#primaryimage"},"image":{"@id":"https:\/\/psol50.org.br\/podemos-reune-milhares-contra-a-austeridade\/#primaryimage"},"thumbnailUrl":"https:\/\/psol50.org.br\/inc\/uploads\/2015\/02\/Podemos_milhares.jpg","datePublished":"2015-02-04T17:40:22+00:00","breadcrumb":{"@id":"https:\/\/psol50.org.br\/podemos-reune-milhares-contra-a-austeridade\/#breadcrumb"},"inLanguage":"pt-BR","potentialAction":[{"@type":"ReadAction","target":["https:\/\/psol50.org.br\/podemos-reune-milhares-contra-a-austeridade\/"]}]},{"@type":"ImageObject","inLanguage":"pt-BR","@id":"https:\/\/psol50.org.br\/podemos-reune-milhares-contra-a-austeridade\/#primaryimage","url":"https:\/\/psol50.org.br\/inc\/uploads\/2015\/02\/Podemos_milhares.jpg","contentUrl":"https:\/\/psol50.org.br\/inc\/uploads\/2015\/02\/Podemos_milhares.jpg","width":1100,"height":550,"caption":"People gather in the main square of Madrid during a Podemos (We Can) party march in Madrid, Spain, Saturday, Jan. 31, 2015. Tens of thousands of people, possibly more, are marching through Madrid\u00eds streets in a powerful show of strength by Spain\u00eds fledgling radical leftist party Podemos (We Can) which hopes to emulate the electoral success of Greece\u00eds Syriza party in elections later this year. Supporters from across Spain converged onto Cibeles fountain before packing the avenue leading to Puerta del Sol square. Podemos aims to shatter the country\u00eds predominantly two-party system and the \u00ecMarch for Change\u00ee gathered crowds in the same place where sit-in protests against political and financial corruption laid the party\u00eds foundations in 2011. (AP Photo\/Andres Kudacki)"},{"@type":"BreadcrumbList","@id":"https:\/\/psol50.org.br\/podemos-reune-milhares-contra-a-austeridade\/#breadcrumb","itemListElement":[{"@type":"ListItem","position":1,"name":"In\u00edcio","item":"https:\/\/psol50.org.br\/"},{"@type":"ListItem","position":2,"name":"\u201cPodemos\u201d re\u00fane milhares contra a austeridade"}]},{"@type":"WebSite","@id":"https:\/\/psol50.org.br\/#website","url":"https:\/\/psol50.org.br\/","name":"PSOL 50","description":"Site oficial do Partido Socialismo e Liberdade","publisher":{"@id":"https:\/\/psol50.org.br\/#organization"},"alternateName":"PSOL50","potentialAction":[{"@type":"SearchAction","target":{"@type":"EntryPoint","urlTemplate":"https:\/\/psol50.org.br\/?s={search_term_string}"},"query-input":{"@type":"PropertyValueSpecification","valueRequired":true,"valueName":"search_term_string"}}],"inLanguage":"pt-BR"},{"@type":"Organization","@id":"https:\/\/psol50.org.br\/#organization","name":"PSOL 50","alternateName":"PSOL 50","url":"https:\/\/psol50.org.br\/","logo":{"@type":"ImageObject","inLanguage":"pt-BR","@id":"https:\/\/psol50.org.br\/#\/schema\/logo\/image\/","url":"https:\/\/psol50.org.br\/inc\/uploads\/2018\/07\/capa.png","contentUrl":"https:\/\/psol50.org.br\/inc\/uploads\/2018\/07\/capa.png","width":1350,"height":900,"caption":"PSOL 50"},"image":{"@id":"https:\/\/psol50.org.br\/#\/schema\/logo\/image\/"},"sameAs":["https:\/\/www.facebook.com\/psol50","https:\/\/x.com\/psol50","https:\/\/www.instagram.com\/psol50\/","https:\/\/www.youtube.com\/channel\/UC7SnJS5o1os7a6CaiNabzcg"]},{"@type":"Person","@id":"https:\/\/psol50.org.br\/#\/schema\/person\/475dfa57d0b815993c714c2e96491fcd","name":"Comunica\u00e7\u00e3o PSOL","image":{"@type":"ImageObject","inLanguage":"pt-BR","@id":"https:\/\/psol50.org.br\/#\/schema\/person\/image\/","url":"https:\/\/secure.gravatar.com\/avatar\/b34fc4f4e468a4e51785917065a3db57b841f5c95dba6ad8c73aaf8f66f8f9bf?s=96&d=mm&r=g","contentUrl":"https:\/\/secure.gravatar.com\/avatar\/b34fc4f4e468a4e51785917065a3db57b841f5c95dba6ad8c73aaf8f66f8f9bf?s=96&d=mm&r=g","caption":"Comunica\u00e7\u00e3o PSOL"}}]}},"_links":{"self":[{"href":"https:\/\/psol50.org.br\/rest\/wp\/v2\/posts\/3141","targetHints":{"allow":["GET"]}}],"collection":[{"href":"https:\/\/psol50.org.br\/rest\/wp\/v2\/posts"}],"about":[{"href":"https:\/\/psol50.org.br\/rest\/wp\/v2\/types\/post"}],"author":[{"embeddable":true,"href":"https:\/\/psol50.org.br\/rest\/wp\/v2\/users\/2"}],"replies":[{"embeddable":true,"href":"https:\/\/psol50.org.br\/rest\/wp\/v2\/comments?post=3141"}],"version-history":[{"count":0,"href":"https:\/\/psol50.org.br\/rest\/wp\/v2\/posts\/3141\/revisions"}],"wp:featuredmedia":[{"embeddable":true,"href":"https:\/\/psol50.org.br\/rest\/wp\/v2\/media\/10158"}],"wp:attachment":[{"href":"https:\/\/psol50.org.br\/rest\/wp\/v2\/media?parent=3141"}],"wp:term":[{"taxonomy":"category","embeddable":true,"href":"https:\/\/psol50.org.br\/rest\/wp\/v2\/categories?post=3141"},{"taxonomy":"post_tag","embeddable":true,"href":"https:\/\/psol50.org.br\/rest\/wp\/v2\/tags?post=3141"}],"curies":[{"name":"wp","href":"https:\/\/api.w.org\/{rel}","templated":true}]}}