{"id":31417,"date":"2020-12-07T12:02:03","date_gmt":"2020-12-07T15:02:03","guid":{"rendered":"https:\/\/psol50.org.br\/?p=31417"},"modified":"2020-12-07T12:02:03","modified_gmt":"2020-12-07T15:02:03","slug":"1000-dias-sem-marielle-franco-confira-a-programacao-de-atividades-do-8-de-dezembro","status":"publish","type":"post","link":"https:\/\/psol50.org.br\/1000-dias-sem-marielle-franco-confira-a-programacao-de-atividades-do-8-de-dezembro\/","title":{"rendered":"1000 dias sem Marielle Franco: Confira a programa\u00e7\u00e3o de atividades do 8 de dezembro"},"content":{"rendered":"<p><a href=\"https:\/\/psol50.org.br\/rendajusta\/\" target=\"_blank\" rel=\"noopener noreferrer\"><img loading=\"lazy\" decoding=\"async\" class=\"alignnone size-full wp-image-30552\" src=\"https:\/\/psol50.org.br\/inc\/uploads\/2020\/08\/21-08-2020_LancamentoRendaJusta-2.png\" alt=\"\" width=\"1920\" height=\"383\" srcset=\"https:\/\/psol50.org.br\/inc\/uploads\/2020\/08\/21-08-2020_LancamentoRendaJusta-2.png 1920w, https:\/\/psol50.org.br\/inc\/uploads\/2020\/08\/21-08-2020_LancamentoRendaJusta-2-300x60.png 300w, https:\/\/psol50.org.br\/inc\/uploads\/2020\/08\/21-08-2020_LancamentoRendaJusta-2-1024x204.png 1024w, https:\/\/psol50.org.br\/inc\/uploads\/2020\/08\/21-08-2020_LancamentoRendaJusta-2-768x153.png 768w, https:\/\/psol50.org.br\/inc\/uploads\/2020\/08\/21-08-2020_LancamentoRendaJusta-2-1536x306.png 1536w, https:\/\/psol50.org.br\/inc\/uploads\/2020\/08\/21-08-2020_LancamentoRendaJusta-2-150x30.png 150w, https:\/\/psol50.org.br\/inc\/uploads\/2020\/08\/21-08-2020_LancamentoRendaJusta-2-696x139.png 696w, https:\/\/psol50.org.br\/inc\/uploads\/2020\/08\/21-08-2020_LancamentoRendaJusta-2-1068x213.png 1068w\" sizes=\"auto, (max-width: 1920px) 100vw, 1920px\" \/><\/a><\/p>\n<p>O PSOL, ao lado de diversos movimentos sociais, coletivos, organiza\u00e7\u00f5es n\u00e3o-governamentais, partidos e ativistas do mundo inteiro, organiza a\u00e7\u00f5es nas ruas e nas redes para pedir respostas e renovar a luta por justi\u00e7a para Marielle Franco e Anderson Gomes nesta ter\u00e7a-feira (8), data em que a execu\u00e7\u00e3o da vereadora e de seu motorista completa 1000 dias sem solu\u00e7\u00e3o.<\/p>\n<p>Por v\u00e1rias cidade do pa\u00eds, desde a manh\u00e3 do dia 8, centenas de pessoas v\u00e3o realizar a\u00e7\u00f5es descentralizadas e simb\u00f3licas nas ruas, pra\u00e7as e janelas para exigir justi\u00e7a para Marielle e Anderson. Faixas, cartazes, interven\u00e7\u00f5es e performances lembram o absurdo dos 1000 dias sem respostas.<\/p>\n<p>O Amanhecer por Marielle acontece a partir da alvorada desta ter\u00e7a (8), expondo a necessidade imediata de respostas e exaltando o legado da vereadora do PSOL no Rio de Janeiro. No final do dia, um jogral virtual convida a todas e todos para a leitura de um manifesto ao vivo em suas redes sociais e a gritar por Marielle em suas janelas. Parlamentares do partido realizam coletiva de imprensa no in\u00edcio da tarde.<\/p>\n<h6>Confira e participe da programa\u00e7\u00e3o:<\/h6>\n<ul>\n<li><strong>Amanhecer por Marielle:<\/strong> O dia tem in\u00edcio com o \u201cAmanhecer por Marielle\u201d, a\u00e7\u00e3o na qual as pessoas s\u00e3o incentivadas a se manifestar nas ruas com interven\u00e7\u00f5es, cartazes e outros gestos que lembrem nossa companheira, seu assassinato e a falta de respostas.<\/li>\n<\/ul>\n<p><strong>Quando<\/strong>: A partir do nascer do sol em 8 de dezembro<br \/>\n<strong>Onde<\/strong>: Nas ruas, pra\u00e7as, transporte p\u00fablico e redes<br \/>\n<strong>Como<\/strong>: <strong><a href=\"https:\/\/bit.ly\/amanhecerpormarielle2020\" target=\"_blank\" rel=\"noopener noreferrer\">https:\/\/bit.ly\/amanhecerpormarielle2020<\/a><\/strong><br \/>\n<strong>Para inscrever a\u00e7\u00e3o<\/strong>: <strong><a href=\"https:\/\/forms.gle\/7KdkYrnPHeXdneeM9\" target=\"_blank\" rel=\"noopener noreferrer\">https:\/\/forms.gle\/7KdkYrnPHeXdneeM9<\/a><\/strong><br \/>\n<strong>Materiais digitais para impress\u00e3o e\/ou divulga\u00e7\u00e3o nas redes<\/strong>: <strong><a href=\"https:\/\/bit.ly\/MilDiasSemMarielle_Material\" target=\"_blank\" rel=\"noopener noreferrer\">https:\/\/bit.ly\/MilDiasSemMarielle_Material<\/a><\/strong><\/p>\n<ul>\n<li><strong>1000 dias sem respostas<\/strong>: \u00c0s 8h, a Anistia Internacional e o Instituto Marielle Franco realizam uma interven\u00e7\u00e3o na Cinel\u00e2ndia e ao mesmo tempo nas redes sociais, com a hashtag #1000DiasSemRespostas. O \u201calarma\u00e7o\u201d quer despertar logo cedo a aten\u00e7\u00e3o para as perguntas \u201cQuem mandou matar Marielle? E por que?\u201d.<\/li>\n<li><strong>1000 dias sem Marielle:<\/strong> \u00c0s 10h, estreia nas redes sociais v\u00eddeo do PSOL em homenagem \u00e0 Marielle e tem in\u00edcio o Twita\u00e7o #1000DiasSemMarielle.<\/li>\n<li><strong>1000 dias sem justi\u00e7a<\/strong>: Na parte da tarde, parlamentares do PSOL nas diversas casas legislativas do Brasil se pronunciam sobre a data em plen\u00e1rio e exigem respostas sobre as investiga\u00e7\u00f5es.<\/li>\n<li><strong>Quem mandou matar Marielle?<\/strong>: No final da tarde e in\u00edcio da noite, figuras p\u00fablicas e personalidades debatem os 1000 dias sem respostas em lives no Instagram e no Facebook. Debatem tamb\u00e9m o legado de Marielle e o brotar de suas sementes nas lutas e no cotidiano das mulheres, LGBTs, moradores de favela e de negras e negros.<\/li>\n<li><strong>Marielle Presente!<\/strong>: O Jogral virtual por Marielle acontece a partir das 21h30, hor\u00e1rio em que a vida de Marielle foi interrompida em 14 de mar\u00e7o de 2018. Buscando simular o efeito de um jogral, em que uma pessoa fala e todos repetem, amplificando o alcance das palavras coletivamente, convidamos a todas a todos para repetir o mesmo texto ao vivo em seus perfis nas redes sociais (Facebook\/ Instagram). Desta forma, a mensagem e grito ecoar\u00e3o mais longe! Poste o v\u00eddeo nas redes e compartilhe em seu ZAP. <strong><a href=\"https:\/\/bit.ly\/jogralpormarielle\" target=\"_blank\" rel=\"noopener noreferrer\">Leia o texto do jogral!<\/a><\/strong><\/li>\n<li><strong>Justi\u00e7a por Marielle e Anderson<\/strong>: Ap\u00f3s o jogral virtual propomos a todas e todos que soltem seu grito de revolta nas janelas de sua casa. Que gritemos por justi\u00e7a o nome de Marielle e as perguntas que ningu\u00e9m respondeu ainda: Quem mandou matar Marielle? E por que?<\/li>\n<\/ul>\n<h6>Programa\u00e7\u00e3o resumida:<\/h6>\n<p><strong>05h-10h<\/strong> &#8211; Amanhecer por Marielle<br \/>\n<strong>08h<\/strong> &#8211; A\u00e7\u00e3o Anistia Internacional Cinel\u00e2ndia + alarma\u00e7o nas redes<br \/>\n<strong>10h<\/strong> &#8211; Estreia v\u00eddeo em homenagem \u00e0 Marielle + twita\u00e7o #1000DiasSemRespostas<br \/>\n<strong>12h<\/strong> &#8211; Coletiva de imprensa dos parlamentares do PSOL<br \/>\n<strong>14h-17h<\/strong> &#8211; Pronunciamento de parlamentares sobre os 1000 dias<br \/>\n<strong>17h-20h<\/strong> &#8211; Lives e transmiss\u00f5es ao vivo por Marielle<br \/>\n<strong>21h30<\/strong> &#8211; Jogral virtual por justi\u00e7a para Marielle + Grito por Marielle nas janelas<\/p>\n<p><a href=\"https:\/\/impeachmentpopular.com.br\/\" target=\"_blank\" rel=\"noopener noreferrer\"><img loading=\"lazy\" decoding=\"async\" class=\"alignnone size-full wp-image-29118\" src=\"https:\/\/psol50.org.br\/inc\/uploads\/2020\/05\/Email_Impeachment.png\" alt=\"\" width=\"1080\" height=\"250\" srcset=\"https:\/\/psol50.org.br\/inc\/uploads\/2020\/05\/Email_Impeachment.png 1080w, https:\/\/psol50.org.br\/inc\/uploads\/2020\/05\/Email_Impeachment-300x69.png 300w, https:\/\/psol50.org.br\/inc\/uploads\/2020\/05\/Email_Impeachment-1024x237.png 1024w, https:\/\/psol50.org.br\/inc\/uploads\/2020\/05\/Email_Impeachment-768x178.png 768w, https:\/\/psol50.org.br\/inc\/uploads\/2020\/05\/Email_Impeachment-150x35.png 150w, https:\/\/psol50.org.br\/inc\/uploads\/2020\/05\/Email_Impeachment-696x161.png 696w, https:\/\/psol50.org.br\/inc\/uploads\/2020\/05\/Email_Impeachment-1068x247.png 1068w\" sizes=\"auto, (max-width: 1080px) 100vw, 1080px\" \/><\/a><\/p>\n","protected":false},"excerpt":{"rendered":"<p>O PSOL, ao lado de diversos movimentos sociais, coletivos, organiza\u00e7\u00f5es n\u00e3o-governamentais, partidos e ativistas do mundo inteiro, organiza a\u00e7\u00f5es nas ruas e nas redes para pedir respostas e renovar a luta por justi\u00e7a para Marielle Franco e Anderson Gomes nesta ter\u00e7a-feira (8), data em que a execu\u00e7\u00e3o da vereadora e de seu motorista completa 1000 [&hellip;]<\/p>\n","protected":false},"author":2,"featured_media":31418,"comment_status":"closed","ping_status":"open","sticky":false,"template":"","format":"standard","meta":{"_acf_changed":false,"footnotes":""},"categories":[6,14],"tags":[1303,1304,107,194],"class_list":{"0":"post-31417","1":"post","2":"type-post","3":"status-publish","4":"format-standard","5":"has-post-thumbnail","7":"category-noticias","8":"category-partido","9":"tag-1000-dias","10":"tag-anderson-gomes","11":"tag-marielle","12":"tag-marielle-franco"},"acf":[],"yoast_head":"<!-- This site is optimized with the Yoast SEO plugin v26.5 - https:\/\/yoast.com\/wordpress\/plugins\/seo\/ -->\n<title>1000 dias sem Marielle Franco: Confira a programa\u00e7\u00e3o de atividades do 8 de dezembro<\/title>\n<meta name=\"description\" content=\"Desde a manh\u00e3, centenas de pessoas v\u00e3o realizar a\u00e7\u00f5es simb\u00f3licas nas ruas, pra\u00e7as e janelas para exigir justi\u00e7a para Marielle e Anderson.\" \/>\n<meta name=\"robots\" content=\"index, follow, max-snippet:-1, max-image-preview:large, max-video-preview:-1\" \/>\n<link rel=\"canonical\" href=\"https:\/\/psol50.org.br\/1000-dias-sem-marielle-franco-confira-a-programacao-de-atividades-do-8-de-dezembro\/\" \/>\n<meta property=\"og:locale\" content=\"pt_BR\" \/>\n<meta property=\"og:type\" content=\"article\" \/>\n<meta property=\"og:title\" content=\"1000 dias sem Marielle Franco: Confira a programa\u00e7\u00e3o de atividades do 8 de dezembro\" \/>\n<meta property=\"og:description\" content=\"Desde a manh\u00e3, centenas de pessoas v\u00e3o realizar a\u00e7\u00f5es simb\u00f3licas nas ruas, pra\u00e7as e janelas para exigir justi\u00e7a para Marielle e Anderson.\" \/>\n<meta property=\"og:url\" content=\"https:\/\/psol50.org.br\/1000-dias-sem-marielle-franco-confira-a-programacao-de-atividades-do-8-de-dezembro\/\" \/>\n<meta property=\"og:site_name\" content=\"PSOL 50\" \/>\n<meta property=\"article:publisher\" content=\"https:\/\/www.facebook.com\/psol50\" \/>\n<meta property=\"article:published_time\" content=\"2020-12-07T15:02:03+00:00\" \/>\n<meta property=\"og:image\" content=\"https:\/\/psol50.org.br\/inc\/uploads\/2020\/12\/Marielle-franco.png\" \/>\n\t<meta property=\"og:image:width\" content=\"640\" \/>\n\t<meta property=\"og:image:height\" content=\"434\" \/>\n\t<meta property=\"og:image:type\" content=\"image\/png\" \/>\n<meta name=\"author\" content=\"Comunica\u00e7\u00e3o PSOL\" \/>\n<meta name=\"twitter:card\" content=\"summary_large_image\" \/>\n<meta name=\"twitter:title\" content=\"1000 dias sem Marielle Franco: Confira a programa\u00e7\u00e3o de atividades do 8 de dezembro\" \/>\n<meta name=\"twitter:description\" content=\"Desde a manh\u00e3, centenas de pessoas v\u00e3o realizar a\u00e7\u00f5es simb\u00f3licas nas ruas, pra\u00e7as e janelas para exigir justi\u00e7a para Marielle e Anderson.\" \/>\n<meta name=\"twitter:image\" content=\"https:\/\/psol50.org.br\/inc\/uploads\/2020\/12\/Marielle-franco.png\" \/>\n<meta name=\"twitter:creator\" content=\"@psol50\" \/>\n<meta name=\"twitter:site\" content=\"@psol50\" \/>\n<meta name=\"twitter:label1\" content=\"Escrito por\" \/>\n\t<meta name=\"twitter:data1\" content=\"Comunica\u00e7\u00e3o PSOL\" \/>\n\t<meta name=\"twitter:label2\" content=\"Est. tempo de leitura\" \/>\n\t<meta name=\"twitter:data2\" content=\"3 minutos\" \/>\n<script type=\"application\/ld+json\" class=\"yoast-schema-graph\">{\"@context\":\"https:\/\/schema.org\",\"@graph\":[{\"@type\":\"Article\",\"@id\":\"https:\/\/psol50.org.br\/1000-dias-sem-marielle-franco-confira-a-programacao-de-atividades-do-8-de-dezembro\/#article\",\"isPartOf\":{\"@id\":\"https:\/\/psol50.org.br\/1000-dias-sem-marielle-franco-confira-a-programacao-de-atividades-do-8-de-dezembro\/\"},\"author\":{\"name\":\"Comunica\u00e7\u00e3o PSOL\",\"@id\":\"https:\/\/psol50.org.br\/#\/schema\/person\/475dfa57d0b815993c714c2e96491fcd\"},\"headline\":\"1000 dias sem Marielle Franco: Confira a programa\u00e7\u00e3o de atividades do 8 de dezembro\",\"datePublished\":\"2020-12-07T15:02:03+00:00\",\"mainEntityOfPage\":{\"@id\":\"https:\/\/psol50.org.br\/1000-dias-sem-marielle-franco-confira-a-programacao-de-atividades-do-8-de-dezembro\/\"},\"wordCount\":687,\"publisher\":{\"@id\":\"https:\/\/psol50.org.br\/#organization\"},\"image\":{\"@id\":\"https:\/\/psol50.org.br\/1000-dias-sem-marielle-franco-confira-a-programacao-de-atividades-do-8-de-dezembro\/#primaryimage\"},\"thumbnailUrl\":\"https:\/\/psol50.org.br\/inc\/uploads\/2020\/12\/Marielle-franco.png\",\"keywords\":[\"1000 dias\",\"Anderson Gomes\",\"Marielle\",\"Marielle Franco\"],\"articleSection\":[\"Not\u00edcias\",\"Partido\"],\"inLanguage\":\"pt-BR\"},{\"@type\":\"WebPage\",\"@id\":\"https:\/\/psol50.org.br\/1000-dias-sem-marielle-franco-confira-a-programacao-de-atividades-do-8-de-dezembro\/\",\"url\":\"https:\/\/psol50.org.br\/1000-dias-sem-marielle-franco-confira-a-programacao-de-atividades-do-8-de-dezembro\/\",\"name\":\"1000 dias sem Marielle Franco: Confira a programa\u00e7\u00e3o de atividades do 8 de dezembro\",\"isPartOf\":{\"@id\":\"https:\/\/psol50.org.br\/#website\"},\"primaryImageOfPage\":{\"@id\":\"https:\/\/psol50.org.br\/1000-dias-sem-marielle-franco-confira-a-programacao-de-atividades-do-8-de-dezembro\/#primaryimage\"},\"image\":{\"@id\":\"https:\/\/psol50.org.br\/1000-dias-sem-marielle-franco-confira-a-programacao-de-atividades-do-8-de-dezembro\/#primaryimage\"},\"thumbnailUrl\":\"https:\/\/psol50.org.br\/inc\/uploads\/2020\/12\/Marielle-franco.png\",\"datePublished\":\"2020-12-07T15:02:03+00:00\",\"description\":\"Desde a manh\u00e3, centenas de pessoas v\u00e3o realizar a\u00e7\u00f5es simb\u00f3licas nas ruas, pra\u00e7as e janelas para exigir justi\u00e7a para Marielle e Anderson.\",\"breadcrumb\":{\"@id\":\"https:\/\/psol50.org.br\/1000-dias-sem-marielle-franco-confira-a-programacao-de-atividades-do-8-de-dezembro\/#breadcrumb\"},\"inLanguage\":\"pt-BR\",\"potentialAction\":[{\"@type\":\"ReadAction\",\"target\":[\"https:\/\/psol50.org.br\/1000-dias-sem-marielle-franco-confira-a-programacao-de-atividades-do-8-de-dezembro\/\"]}]},{\"@type\":\"ImageObject\",\"inLanguage\":\"pt-BR\",\"@id\":\"https:\/\/psol50.org.br\/1000-dias-sem-marielle-franco-confira-a-programacao-de-atividades-do-8-de-dezembro\/#primaryimage\",\"url\":\"https:\/\/psol50.org.br\/inc\/uploads\/2020\/12\/Marielle-franco.png\",\"contentUrl\":\"https:\/\/psol50.org.br\/inc\/uploads\/2020\/12\/Marielle-franco.png\",\"width\":640,\"height\":434},{\"@type\":\"BreadcrumbList\",\"@id\":\"https:\/\/psol50.org.br\/1000-dias-sem-marielle-franco-confira-a-programacao-de-atividades-do-8-de-dezembro\/#breadcrumb\",\"itemListElement\":[{\"@type\":\"ListItem\",\"position\":1,\"name\":\"In\u00edcio\",\"item\":\"https:\/\/psol50.org.br\/\"},{\"@type\":\"ListItem\",\"position\":2,\"name\":\"1000 dias sem Marielle Franco: Confira a programa\u00e7\u00e3o de atividades do 8 de dezembro\"}]},{\"@type\":\"WebSite\",\"@id\":\"https:\/\/psol50.org.br\/#website\",\"url\":\"https:\/\/psol50.org.br\/\",\"name\":\"PSOL 50\",\"description\":\"Site oficial do Partido Socialismo e Liberdade\",\"publisher\":{\"@id\":\"https:\/\/psol50.org.br\/#organization\"},\"alternateName\":\"PSOL50\",\"potentialAction\":[{\"@type\":\"SearchAction\",\"target\":{\"@type\":\"EntryPoint\",\"urlTemplate\":\"https:\/\/psol50.org.br\/?s={search_term_string}\"},\"query-input\":{\"@type\":\"PropertyValueSpecification\",\"valueRequired\":true,\"valueName\":\"search_term_string\"}}],\"inLanguage\":\"pt-BR\"},{\"@type\":\"Organization\",\"@id\":\"https:\/\/psol50.org.br\/#organization\",\"name\":\"PSOL 50\",\"alternateName\":\"PSOL 50\",\"url\":\"https:\/\/psol50.org.br\/\",\"logo\":{\"@type\":\"ImageObject\",\"inLanguage\":\"pt-BR\",\"@id\":\"https:\/\/psol50.org.br\/#\/schema\/logo\/image\/\",\"url\":\"https:\/\/psol50.org.br\/inc\/uploads\/2018\/07\/capa.png\",\"contentUrl\":\"https:\/\/psol50.org.br\/inc\/uploads\/2018\/07\/capa.png\",\"width\":1350,\"height\":900,\"caption\":\"PSOL 50\"},\"image\":{\"@id\":\"https:\/\/psol50.org.br\/#\/schema\/logo\/image\/\"},\"sameAs\":[\"https:\/\/www.facebook.com\/psol50\",\"https:\/\/x.com\/psol50\",\"https:\/\/www.instagram.com\/psol50\/\",\"https:\/\/www.youtube.com\/channel\/UC7SnJS5o1os7a6CaiNabzcg\"]},{\"@type\":\"Person\",\"@id\":\"https:\/\/psol50.org.br\/#\/schema\/person\/475dfa57d0b815993c714c2e96491fcd\",\"name\":\"Comunica\u00e7\u00e3o PSOL\",\"image\":{\"@type\":\"ImageObject\",\"inLanguage\":\"pt-BR\",\"@id\":\"https:\/\/psol50.org.br\/#\/schema\/person\/image\/\",\"url\":\"https:\/\/secure.gravatar.com\/avatar\/b34fc4f4e468a4e51785917065a3db57b841f5c95dba6ad8c73aaf8f66f8f9bf?s=96&d=mm&r=g\",\"contentUrl\":\"https:\/\/secure.gravatar.com\/avatar\/b34fc4f4e468a4e51785917065a3db57b841f5c95dba6ad8c73aaf8f66f8f9bf?s=96&d=mm&r=g\",\"caption\":\"Comunica\u00e7\u00e3o PSOL\"}}]}<\/script>\n<!-- \/ Yoast SEO plugin. -->","yoast_head_json":{"title":"1000 dias sem Marielle Franco: Confira a programa\u00e7\u00e3o de atividades do 8 de dezembro","description":"Desde a manh\u00e3, centenas de pessoas v\u00e3o realizar a\u00e7\u00f5es simb\u00f3licas nas ruas, pra\u00e7as e janelas para exigir justi\u00e7a para Marielle e Anderson.","robots":{"index":"index","follow":"follow","max-snippet":"max-snippet:-1","max-image-preview":"max-image-preview:large","max-video-preview":"max-video-preview:-1"},"canonical":"https:\/\/psol50.org.br\/1000-dias-sem-marielle-franco-confira-a-programacao-de-atividades-do-8-de-dezembro\/","og_locale":"pt_BR","og_type":"article","og_title":"1000 dias sem Marielle Franco: Confira a programa\u00e7\u00e3o de atividades do 8 de dezembro","og_description":"Desde a manh\u00e3, centenas de pessoas v\u00e3o realizar a\u00e7\u00f5es simb\u00f3licas nas ruas, pra\u00e7as e janelas para exigir justi\u00e7a para Marielle e Anderson.","og_url":"https:\/\/psol50.org.br\/1000-dias-sem-marielle-franco-confira-a-programacao-de-atividades-do-8-de-dezembro\/","og_site_name":"PSOL 50","article_publisher":"https:\/\/www.facebook.com\/psol50","article_published_time":"2020-12-07T15:02:03+00:00","og_image":[{"width":640,"height":434,"url":"https:\/\/psol50.org.br\/inc\/uploads\/2020\/12\/Marielle-franco.png","type":"image\/png"}],"author":"Comunica\u00e7\u00e3o PSOL","twitter_card":"summary_large_image","twitter_title":"1000 dias sem Marielle Franco: Confira a programa\u00e7\u00e3o de atividades do 8 de dezembro","twitter_description":"Desde a manh\u00e3, centenas de pessoas v\u00e3o realizar a\u00e7\u00f5es simb\u00f3licas nas ruas, pra\u00e7as e janelas para exigir justi\u00e7a para Marielle e Anderson.","twitter_image":"https:\/\/psol50.org.br\/inc\/uploads\/2020\/12\/Marielle-franco.png","twitter_creator":"@psol50","twitter_site":"@psol50","twitter_misc":{"Escrito por":"Comunica\u00e7\u00e3o PSOL","Est. tempo de leitura":"3 minutos"},"schema":{"@context":"https:\/\/schema.org","@graph":[{"@type":"Article","@id":"https:\/\/psol50.org.br\/1000-dias-sem-marielle-franco-confira-a-programacao-de-atividades-do-8-de-dezembro\/#article","isPartOf":{"@id":"https:\/\/psol50.org.br\/1000-dias-sem-marielle-franco-confira-a-programacao-de-atividades-do-8-de-dezembro\/"},"author":{"name":"Comunica\u00e7\u00e3o PSOL","@id":"https:\/\/psol50.org.br\/#\/schema\/person\/475dfa57d0b815993c714c2e96491fcd"},"headline":"1000 dias sem Marielle Franco: Confira a programa\u00e7\u00e3o de atividades do 8 de dezembro","datePublished":"2020-12-07T15:02:03+00:00","mainEntityOfPage":{"@id":"https:\/\/psol50.org.br\/1000-dias-sem-marielle-franco-confira-a-programacao-de-atividades-do-8-de-dezembro\/"},"wordCount":687,"publisher":{"@id":"https:\/\/psol50.org.br\/#organization"},"image":{"@id":"https:\/\/psol50.org.br\/1000-dias-sem-marielle-franco-confira-a-programacao-de-atividades-do-8-de-dezembro\/#primaryimage"},"thumbnailUrl":"https:\/\/psol50.org.br\/inc\/uploads\/2020\/12\/Marielle-franco.png","keywords":["1000 dias","Anderson Gomes","Marielle","Marielle Franco"],"articleSection":["Not\u00edcias","Partido"],"inLanguage":"pt-BR"},{"@type":"WebPage","@id":"https:\/\/psol50.org.br\/1000-dias-sem-marielle-franco-confira-a-programacao-de-atividades-do-8-de-dezembro\/","url":"https:\/\/psol50.org.br\/1000-dias-sem-marielle-franco-confira-a-programacao-de-atividades-do-8-de-dezembro\/","name":"1000 dias sem Marielle Franco: Confira a programa\u00e7\u00e3o de atividades do 8 de dezembro","isPartOf":{"@id":"https:\/\/psol50.org.br\/#website"},"primaryImageOfPage":{"@id":"https:\/\/psol50.org.br\/1000-dias-sem-marielle-franco-confira-a-programacao-de-atividades-do-8-de-dezembro\/#primaryimage"},"image":{"@id":"https:\/\/psol50.org.br\/1000-dias-sem-marielle-franco-confira-a-programacao-de-atividades-do-8-de-dezembro\/#primaryimage"},"thumbnailUrl":"https:\/\/psol50.org.br\/inc\/uploads\/2020\/12\/Marielle-franco.png","datePublished":"2020-12-07T15:02:03+00:00","description":"Desde a manh\u00e3, centenas de pessoas v\u00e3o realizar a\u00e7\u00f5es simb\u00f3licas nas ruas, pra\u00e7as e janelas para exigir justi\u00e7a para Marielle e Anderson.","breadcrumb":{"@id":"https:\/\/psol50.org.br\/1000-dias-sem-marielle-franco-confira-a-programacao-de-atividades-do-8-de-dezembro\/#breadcrumb"},"inLanguage":"pt-BR","potentialAction":[{"@type":"ReadAction","target":["https:\/\/psol50.org.br\/1000-dias-sem-marielle-franco-confira-a-programacao-de-atividades-do-8-de-dezembro\/"]}]},{"@type":"ImageObject","inLanguage":"pt-BR","@id":"https:\/\/psol50.org.br\/1000-dias-sem-marielle-franco-confira-a-programacao-de-atividades-do-8-de-dezembro\/#primaryimage","url":"https:\/\/psol50.org.br\/inc\/uploads\/2020\/12\/Marielle-franco.png","contentUrl":"https:\/\/psol50.org.br\/inc\/uploads\/2020\/12\/Marielle-franco.png","width":640,"height":434},{"@type":"BreadcrumbList","@id":"https:\/\/psol50.org.br\/1000-dias-sem-marielle-franco-confira-a-programacao-de-atividades-do-8-de-dezembro\/#breadcrumb","itemListElement":[{"@type":"ListItem","position":1,"name":"In\u00edcio","item":"https:\/\/psol50.org.br\/"},{"@type":"ListItem","position":2,"name":"1000 dias sem Marielle Franco: Confira a programa\u00e7\u00e3o de atividades do 8 de dezembro"}]},{"@type":"WebSite","@id":"https:\/\/psol50.org.br\/#website","url":"https:\/\/psol50.org.br\/","name":"PSOL 50","description":"Site oficial do Partido Socialismo e Liberdade","publisher":{"@id":"https:\/\/psol50.org.br\/#organization"},"alternateName":"PSOL50","potentialAction":[{"@type":"SearchAction","target":{"@type":"EntryPoint","urlTemplate":"https:\/\/psol50.org.br\/?s={search_term_string}"},"query-input":{"@type":"PropertyValueSpecification","valueRequired":true,"valueName":"search_term_string"}}],"inLanguage":"pt-BR"},{"@type":"Organization","@id":"https:\/\/psol50.org.br\/#organization","name":"PSOL 50","alternateName":"PSOL 50","url":"https:\/\/psol50.org.br\/","logo":{"@type":"ImageObject","inLanguage":"pt-BR","@id":"https:\/\/psol50.org.br\/#\/schema\/logo\/image\/","url":"https:\/\/psol50.org.br\/inc\/uploads\/2018\/07\/capa.png","contentUrl":"https:\/\/psol50.org.br\/inc\/uploads\/2018\/07\/capa.png","width":1350,"height":900,"caption":"PSOL 50"},"image":{"@id":"https:\/\/psol50.org.br\/#\/schema\/logo\/image\/"},"sameAs":["https:\/\/www.facebook.com\/psol50","https:\/\/x.com\/psol50","https:\/\/www.instagram.com\/psol50\/","https:\/\/www.youtube.com\/channel\/UC7SnJS5o1os7a6CaiNabzcg"]},{"@type":"Person","@id":"https:\/\/psol50.org.br\/#\/schema\/person\/475dfa57d0b815993c714c2e96491fcd","name":"Comunica\u00e7\u00e3o PSOL","image":{"@type":"ImageObject","inLanguage":"pt-BR","@id":"https:\/\/psol50.org.br\/#\/schema\/person\/image\/","url":"https:\/\/secure.gravatar.com\/avatar\/b34fc4f4e468a4e51785917065a3db57b841f5c95dba6ad8c73aaf8f66f8f9bf?s=96&d=mm&r=g","contentUrl":"https:\/\/secure.gravatar.com\/avatar\/b34fc4f4e468a4e51785917065a3db57b841f5c95dba6ad8c73aaf8f66f8f9bf?s=96&d=mm&r=g","caption":"Comunica\u00e7\u00e3o PSOL"}}]}},"_links":{"self":[{"href":"https:\/\/psol50.org.br\/rest\/wp\/v2\/posts\/31417","targetHints":{"allow":["GET"]}}],"collection":[{"href":"https:\/\/psol50.org.br\/rest\/wp\/v2\/posts"}],"about":[{"href":"https:\/\/psol50.org.br\/rest\/wp\/v2\/types\/post"}],"author":[{"embeddable":true,"href":"https:\/\/psol50.org.br\/rest\/wp\/v2\/users\/2"}],"replies":[{"embeddable":true,"href":"https:\/\/psol50.org.br\/rest\/wp\/v2\/comments?post=31417"}],"version-history":[{"count":0,"href":"https:\/\/psol50.org.br\/rest\/wp\/v2\/posts\/31417\/revisions"}],"wp:featuredmedia":[{"embeddable":true,"href":"https:\/\/psol50.org.br\/rest\/wp\/v2\/media\/31418"}],"wp:attachment":[{"href":"https:\/\/psol50.org.br\/rest\/wp\/v2\/media?parent=31417"}],"wp:term":[{"taxonomy":"category","embeddable":true,"href":"https:\/\/psol50.org.br\/rest\/wp\/v2\/categories?post=31417"},{"taxonomy":"post_tag","embeddable":true,"href":"https:\/\/psol50.org.br\/rest\/wp\/v2\/tags?post=31417"}],"curies":[{"name":"wp","href":"https:\/\/api.w.org\/{rel}","templated":true}]}}