{"id":3142,"date":"2015-02-04T00:00:00","date_gmt":"2015-02-04T18:54:09","guid":{"rendered":"http:\/\/psol50.org.br\/arquivo\/2015\/02\/04\/eleitores-poderao-assinar-lei-da-midia-democratica-na-internet\/"},"modified":"2015-02-04T00:00:00","modified_gmt":"2015-02-04T18:54:09","slug":"eleitores-poderao-assinar-lei-da-midia-democratica-na-internet","status":"publish","type":"post","link":"https:\/\/psol50.org.br\/eleitores-poderao-assinar-lei-da-midia-democratica-na-internet\/","title":{"rendered":"Eleitores poder\u00e3o assinar Lei da M\u00eddia Democr\u00e1tica na Internet"},"content":{"rendered":"<p style=\"text-align: justify;\">\n\t<span style=\"font-family:arial,helvetica,sans-serif;\"><span style=\"font-size: 12px;\">A campanha Para Expressar a Liberdade lan\u00e7ar\u00e1, nesta quinta (5\/2), formul\u00e1rio online de apoio ao Projeto de Lei de Iniciativa Popular da Comunica\u00e7\u00e3o Social Eletr\u00f4nica, conhecido como Lei da M\u00eddia Democr\u00e1tica. A ferramenta estar\u00e1 dispon\u00edvel no site <a href=\"http:\/\/www.paraexpressaraliberdade.org.br\/\" target=\"_blank\" rel=\"noopener\">www.paraexpressaraliberdade.org.br<\/a> a partir de 0h01 e faz parte do conjunto de estrat\u00e9gias para ampliar a visibilidade da proposta e promover a discuss\u00e3o sobre a necessidade de democratizar a comunica\u00e7\u00e3o social no Brasil.<br \/>\n\t&nbsp;<br \/>\n\tLan\u00e7ado no primeiro semestre de 2013, por dezenas de entidades da sociedade civil e do movimento social, a proposta precisa da ades\u00e3o de 1% do eleitorado nacional para ser protocolizado na C\u00e2mara dos Deputados e poder seguir o tr\u00e2mite normal at\u00e9 virar lei.<br \/>\n\t&nbsp;<br \/>\n\tO projeto regulamenta os Arts. 5, 21, 220, 221, 222 e 223 da Constitui\u00e7\u00e3o Federal. Entre os principais dispositivos est\u00e3o a cria\u00e7\u00e3o do Conselho Nacional de Comunica\u00e7\u00e3o e do Fundo Nacional de Comunica\u00e7\u00e3o P\u00fablica, veto \u00e0 propriedade de emissoras de r\u00e1dio e TV por pol\u00edticos, proibi\u00e7\u00e3o do aluguel de espa\u00e7os da grade de programa\u00e7\u00e3o e a defini\u00e7\u00e3o de regras para impedir a forma\u00e7\u00e3o de monop\u00f3lio e a propriedade cruzada dos meios de comunica\u00e7\u00e3o, entre outros pontos.<br \/>\n\t&nbsp;<br \/>\n\tDesde seu lan\u00e7amento, a proposta vem recebendo apoio por meio de formul\u00e1rio f\u00edsico (cerca de cem mil pessoas j\u00e1 assinaram). A plataforma de assinatura online segue o modelo estipulado pelo Regimento Interno da C\u00e2mara dos Deputados (mesmos campos) e ficar\u00e1 dispon\u00edvel indefinidamente.<br \/>\n\t&nbsp;<br \/>\n\t<strong>Di\u00e1logo com a sociedade<\/strong><br \/>\n\tRosane Bertotti, coordenadora-geral do F\u00f3rum Nacional pela Democratiza\u00e7\u00e3o da Comunica\u00e7\u00e3o (FNDC), afirma que a iniciativa \u00e9 uma forma de ampliar a visibilidade da proposta e o di\u00e1logo com a sociedade.&nbsp; \u201cNosso projeto articula propostas para regulamentar a Constitui\u00e7\u00e3o e, acima de tudo, quer dialogar com a sociedade. Acho que a experi\u00eancia de participa\u00e7\u00e3o social na constru\u00e7\u00e3o do Marco Civil da Internet nos mostra que a rede \u00e9 um instrumento eficiente para articular a sociedade em torno das causas democr\u00e1ticas, por isso, nossa expectativa \u00e9 de que o apoio \u00e0 Lei da M\u00eddia Democr\u00e1tica ganhe mais amplitude\u201d, afirma.<br \/>\n\t&nbsp;<br \/>\n\t<strong>Contextualiza\u00e7\u00e3o da proposta<\/strong><br \/>\n\tAo contr\u00e1rio de pa\u00edses democr\u00e1ticos como Estados Unidos, Fran\u00e7a, Reino Unido, Alemanha, Canad\u00e1, Espanha e Argentina, que promovem regula\u00e7\u00e3o do sistema de m\u00eddia, o Brasil ainda hoje \u00e9 caracterizado por uma brutal concentra\u00e7\u00e3o dos meios de comunica\u00e7\u00e3o, tanto na radiodifus\u00e3o quanto nos ve\u00edculos impressos. A internet tem cumprido importante papel no sentido de multiplicar as vozes em circula\u00e7\u00e3o na esfera midi\u00e1tica, mas neste espa\u00e7o tamb\u00e9m atuam os grandes conglomerados de m\u00eddia, refor\u00e7ando a concentra\u00e7\u00e3o econ\u00f4mica do setor.<br \/>\n\t&nbsp;<br \/>\n\tAo mesmo tempo, o Brasil carece de mecanismos transparentes e democr\u00e1ticos para a concess\u00e3o de outorgas de radiodifus\u00e3o e n\u00e3o h\u00e1 no pa\u00eds uma pol\u00edtica que garanta a complementaridade entre os sistemas p\u00fablico, privado e estatal de comunica\u00e7\u00e3o, como previsto na Constitui\u00e7\u00e3o Federal. A aus\u00eancia de um campo p\u00fablico de comunica\u00e7\u00e3o robusto aumenta o poder de mercado do setor privado\/comercial, enquanto canais comunit\u00e1rios seguem \u00e0 margem do sistema midi\u00e1tico.<br \/>\n\t&nbsp;<br \/>\n\tDispositivos de fomento \u00e0 produ\u00e7\u00e3o nacional, regional e independente est\u00e3o restritos hoje ao Servi\u00e7o de Acesso Condicionado (TV por assinatura), a partir da Lei 12.485\/2011. Na TV aberta, prevalece a concentra\u00e7\u00e3o da produ\u00e7\u00e3o no eixo Rio\/S\u00e3o Paulo, a maior parte dos canais j\u00e1 tem mais produ\u00e7\u00e3o estrangeira que nacional, crescem os casos de subloca\u00e7\u00e3o das grades de programa\u00e7\u00e3o e de transfer\u00eancia de concess\u00f5es de forma irregular e sem qualquer debate p\u00fablico. A aus\u00eancia de mecanismos para o direito de resposta nos meios de comunica\u00e7\u00e3o tamb\u00e9m cria um ambiente de viola\u00e7\u00e3o dos direitos humanos e de restri\u00e7\u00e3o \u00e0 liberdade de express\u00e3o de indiv\u00edduos e grupos sociais.<br \/>\n\t&nbsp;<br \/>\n\t<strong>Campanha<\/strong><br \/>\n\tA campanha Para Expressar a Liberdade \u2013 Uma nova lei para um novo tempo \u00e9 uma iniciativa do FNDC e nasceu da mobiliza\u00e7\u00e3o de dezenas de entidades do movimento social brasileiro em 2012. Atualmente, re\u00fane mais de 260 entidades. &#8220;O envolvimento de todas as entidades que constroem a campanha ser\u00e1 fundamental para que essa estrat\u00e9gia atinja seu principal objetivo&#8221;, ressalta Rosane.<br \/>\n\t&nbsp;<br \/>\n\t<strong>Servi\u00e7o<\/strong><br \/>\n\t<strong>O que \u00e9: <\/strong>assinatura online da Lei da M\u00eddia Democr\u00e1tica<br \/>\n\t<strong>Onde:<\/strong> <a href=\"http:\/\/www.paraexpressaraliberdade.org.br\/\" target=\"_blank\" rel=\"noopener\">www.paraexpressaraliberdade.org.br<\/a><br \/>\n\t<strong>Quando:<\/strong> a partir de 5 de fevereiro<br \/>\n\t<strong>Hashtags:<\/strong> #LeidaM\u00eddiaDemocr\u00e1tica #Assina<br \/>\n\t&nbsp;<\/span><\/span><\/p>\n","protected":false},"excerpt":{"rendered":"<p>Plataforma online de assinatura ser\u00e1 lan\u00e7ada nesta quinta (5\/2), no site www.paraexpressaraliberdade.org.br. Em menos de um minuto \u00e9 poss\u00edvel assinar o projeto e compartilhar o formul\u00e1rio no Facebook e no Twitter<\/p>\n","protected":false},"author":2,"featured_media":0,"comment_status":"open","ping_status":"open","sticky":false,"template":"","format":"standard","meta":{"_acf_changed":false,"footnotes":""},"categories":[6],"tags":[],"class_list":{"0":"post-3142","1":"post","2":"type-post","3":"status-publish","4":"format-standard","6":"category-noticias"},"acf":[],"yoast_head":"<!-- This site is optimized with the Yoast SEO plugin v26.5 - https:\/\/yoast.com\/wordpress\/plugins\/seo\/ -->\n<title>Eleitores poder\u00e3o assinar Lei da M\u00eddia Democr\u00e1tica na Internet - PSOL 50<\/title>\n<meta name=\"robots\" content=\"index, follow, max-snippet:-1, max-image-preview:large, max-video-preview:-1\" \/>\n<link rel=\"canonical\" href=\"https:\/\/psol50.org.br\/eleitores-poderao-assinar-lei-da-midia-democratica-na-internet\/\" \/>\n<meta property=\"og:locale\" content=\"pt_BR\" \/>\n<meta property=\"og:type\" content=\"article\" \/>\n<meta property=\"og:title\" content=\"Eleitores poder\u00e3o assinar Lei da M\u00eddia Democr\u00e1tica na Internet - PSOL 50\" \/>\n<meta property=\"og:description\" content=\"Plataforma online de assinatura ser\u00e1 lan\u00e7ada nesta quinta (5\/2), no site www.paraexpressaraliberdade.org.br. Em menos de um minuto \u00e9 poss\u00edvel assinar o projeto e compartilhar o formul\u00e1rio no Facebook e no Twitter\" \/>\n<meta property=\"og:url\" content=\"https:\/\/psol50.org.br\/eleitores-poderao-assinar-lei-da-midia-democratica-na-internet\/\" \/>\n<meta property=\"og:site_name\" content=\"PSOL 50\" \/>\n<meta property=\"article:publisher\" content=\"https:\/\/www.facebook.com\/psol50\" \/>\n<meta property=\"article:published_time\" content=\"2015-02-04T18:54:09+00:00\" \/>\n<meta property=\"og:image\" content=\"https:\/\/psol50.org.br\/inc\/uploads\/2018\/07\/capa.png\" \/>\n\t<meta property=\"og:image:width\" content=\"1350\" \/>\n\t<meta property=\"og:image:height\" content=\"900\" \/>\n\t<meta property=\"og:image:type\" content=\"image\/png\" \/>\n<meta name=\"author\" content=\"Comunica\u00e7\u00e3o PSOL\" \/>\n<meta name=\"twitter:card\" content=\"summary_large_image\" \/>\n<meta name=\"twitter:creator\" content=\"@psol50\" \/>\n<meta name=\"twitter:site\" content=\"@psol50\" \/>\n<meta name=\"twitter:label1\" content=\"Escrito por\" \/>\n\t<meta name=\"twitter:data1\" content=\"Comunica\u00e7\u00e3o PSOL\" \/>\n\t<meta name=\"twitter:label2\" content=\"Est. tempo de leitura\" \/>\n\t<meta name=\"twitter:data2\" content=\"4 minutos\" \/>\n<script type=\"application\/ld+json\" class=\"yoast-schema-graph\">{\"@context\":\"https:\/\/schema.org\",\"@graph\":[{\"@type\":\"Article\",\"@id\":\"https:\/\/psol50.org.br\/eleitores-poderao-assinar-lei-da-midia-democratica-na-internet\/#article\",\"isPartOf\":{\"@id\":\"https:\/\/psol50.org.br\/eleitores-poderao-assinar-lei-da-midia-democratica-na-internet\/\"},\"author\":{\"name\":\"Comunica\u00e7\u00e3o PSOL\",\"@id\":\"https:\/\/psol50.org.br\/#\/schema\/person\/475dfa57d0b815993c714c2e96491fcd\"},\"headline\":\"Eleitores poder\u00e3o assinar Lei da M\u00eddia Democr\u00e1tica na Internet\",\"datePublished\":\"2015-02-04T18:54:09+00:00\",\"mainEntityOfPage\":{\"@id\":\"https:\/\/psol50.org.br\/eleitores-poderao-assinar-lei-da-midia-democratica-na-internet\/\"},\"wordCount\":782,\"commentCount\":0,\"publisher\":{\"@id\":\"https:\/\/psol50.org.br\/#organization\"},\"articleSection\":[\"Not\u00edcias\"],\"inLanguage\":\"pt-BR\",\"potentialAction\":[{\"@type\":\"CommentAction\",\"name\":\"Comment\",\"target\":[\"https:\/\/psol50.org.br\/eleitores-poderao-assinar-lei-da-midia-democratica-na-internet\/#respond\"]}]},{\"@type\":\"WebPage\",\"@id\":\"https:\/\/psol50.org.br\/eleitores-poderao-assinar-lei-da-midia-democratica-na-internet\/\",\"url\":\"https:\/\/psol50.org.br\/eleitores-poderao-assinar-lei-da-midia-democratica-na-internet\/\",\"name\":\"Eleitores poder\u00e3o assinar Lei da M\u00eddia Democr\u00e1tica na Internet - PSOL 50\",\"isPartOf\":{\"@id\":\"https:\/\/psol50.org.br\/#website\"},\"datePublished\":\"2015-02-04T18:54:09+00:00\",\"breadcrumb\":{\"@id\":\"https:\/\/psol50.org.br\/eleitores-poderao-assinar-lei-da-midia-democratica-na-internet\/#breadcrumb\"},\"inLanguage\":\"pt-BR\",\"potentialAction\":[{\"@type\":\"ReadAction\",\"target\":[\"https:\/\/psol50.org.br\/eleitores-poderao-assinar-lei-da-midia-democratica-na-internet\/\"]}]},{\"@type\":\"BreadcrumbList\",\"@id\":\"https:\/\/psol50.org.br\/eleitores-poderao-assinar-lei-da-midia-democratica-na-internet\/#breadcrumb\",\"itemListElement\":[{\"@type\":\"ListItem\",\"position\":1,\"name\":\"In\u00edcio\",\"item\":\"https:\/\/psol50.org.br\/\"},{\"@type\":\"ListItem\",\"position\":2,\"name\":\"Eleitores poder\u00e3o assinar Lei da M\u00eddia Democr\u00e1tica na Internet\"}]},{\"@type\":\"WebSite\",\"@id\":\"https:\/\/psol50.org.br\/#website\",\"url\":\"https:\/\/psol50.org.br\/\",\"name\":\"PSOL 50\",\"description\":\"Site oficial do Partido Socialismo e Liberdade\",\"publisher\":{\"@id\":\"https:\/\/psol50.org.br\/#organization\"},\"alternateName\":\"PSOL50\",\"potentialAction\":[{\"@type\":\"SearchAction\",\"target\":{\"@type\":\"EntryPoint\",\"urlTemplate\":\"https:\/\/psol50.org.br\/?s={search_term_string}\"},\"query-input\":{\"@type\":\"PropertyValueSpecification\",\"valueRequired\":true,\"valueName\":\"search_term_string\"}}],\"inLanguage\":\"pt-BR\"},{\"@type\":\"Organization\",\"@id\":\"https:\/\/psol50.org.br\/#organization\",\"name\":\"PSOL 50\",\"alternateName\":\"PSOL 50\",\"url\":\"https:\/\/psol50.org.br\/\",\"logo\":{\"@type\":\"ImageObject\",\"inLanguage\":\"pt-BR\",\"@id\":\"https:\/\/psol50.org.br\/#\/schema\/logo\/image\/\",\"url\":\"https:\/\/psol50.org.br\/inc\/uploads\/2018\/07\/capa.png\",\"contentUrl\":\"https:\/\/psol50.org.br\/inc\/uploads\/2018\/07\/capa.png\",\"width\":1350,\"height\":900,\"caption\":\"PSOL 50\"},\"image\":{\"@id\":\"https:\/\/psol50.org.br\/#\/schema\/logo\/image\/\"},\"sameAs\":[\"https:\/\/www.facebook.com\/psol50\",\"https:\/\/x.com\/psol50\",\"https:\/\/www.instagram.com\/psol50\/\",\"https:\/\/www.youtube.com\/channel\/UC7SnJS5o1os7a6CaiNabzcg\"]},{\"@type\":\"Person\",\"@id\":\"https:\/\/psol50.org.br\/#\/schema\/person\/475dfa57d0b815993c714c2e96491fcd\",\"name\":\"Comunica\u00e7\u00e3o PSOL\",\"image\":{\"@type\":\"ImageObject\",\"inLanguage\":\"pt-BR\",\"@id\":\"https:\/\/psol50.org.br\/#\/schema\/person\/image\/\",\"url\":\"https:\/\/secure.gravatar.com\/avatar\/b34fc4f4e468a4e51785917065a3db57b841f5c95dba6ad8c73aaf8f66f8f9bf?s=96&d=mm&r=g\",\"contentUrl\":\"https:\/\/secure.gravatar.com\/avatar\/b34fc4f4e468a4e51785917065a3db57b841f5c95dba6ad8c73aaf8f66f8f9bf?s=96&d=mm&r=g\",\"caption\":\"Comunica\u00e7\u00e3o PSOL\"}}]}<\/script>\n<!-- \/ Yoast SEO plugin. -->","yoast_head_json":{"title":"Eleitores poder\u00e3o assinar Lei da M\u00eddia Democr\u00e1tica na Internet - PSOL 50","robots":{"index":"index","follow":"follow","max-snippet":"max-snippet:-1","max-image-preview":"max-image-preview:large","max-video-preview":"max-video-preview:-1"},"canonical":"https:\/\/psol50.org.br\/eleitores-poderao-assinar-lei-da-midia-democratica-na-internet\/","og_locale":"pt_BR","og_type":"article","og_title":"Eleitores poder\u00e3o assinar Lei da M\u00eddia Democr\u00e1tica na Internet - PSOL 50","og_description":"Plataforma online de assinatura ser\u00e1 lan\u00e7ada nesta quinta (5\/2), no site www.paraexpressaraliberdade.org.br. Em menos de um minuto \u00e9 poss\u00edvel assinar o projeto e compartilhar o formul\u00e1rio no Facebook e no Twitter","og_url":"https:\/\/psol50.org.br\/eleitores-poderao-assinar-lei-da-midia-democratica-na-internet\/","og_site_name":"PSOL 50","article_publisher":"https:\/\/www.facebook.com\/psol50","article_published_time":"2015-02-04T18:54:09+00:00","og_image":[{"width":1350,"height":900,"url":"https:\/\/psol50.org.br\/inc\/uploads\/2018\/07\/capa.png","type":"image\/png"}],"author":"Comunica\u00e7\u00e3o PSOL","twitter_card":"summary_large_image","twitter_creator":"@psol50","twitter_site":"@psol50","twitter_misc":{"Escrito por":"Comunica\u00e7\u00e3o PSOL","Est. tempo de leitura":"4 minutos"},"schema":{"@context":"https:\/\/schema.org","@graph":[{"@type":"Article","@id":"https:\/\/psol50.org.br\/eleitores-poderao-assinar-lei-da-midia-democratica-na-internet\/#article","isPartOf":{"@id":"https:\/\/psol50.org.br\/eleitores-poderao-assinar-lei-da-midia-democratica-na-internet\/"},"author":{"name":"Comunica\u00e7\u00e3o PSOL","@id":"https:\/\/psol50.org.br\/#\/schema\/person\/475dfa57d0b815993c714c2e96491fcd"},"headline":"Eleitores poder\u00e3o assinar Lei da M\u00eddia Democr\u00e1tica na Internet","datePublished":"2015-02-04T18:54:09+00:00","mainEntityOfPage":{"@id":"https:\/\/psol50.org.br\/eleitores-poderao-assinar-lei-da-midia-democratica-na-internet\/"},"wordCount":782,"commentCount":0,"publisher":{"@id":"https:\/\/psol50.org.br\/#organization"},"articleSection":["Not\u00edcias"],"inLanguage":"pt-BR","potentialAction":[{"@type":"CommentAction","name":"Comment","target":["https:\/\/psol50.org.br\/eleitores-poderao-assinar-lei-da-midia-democratica-na-internet\/#respond"]}]},{"@type":"WebPage","@id":"https:\/\/psol50.org.br\/eleitores-poderao-assinar-lei-da-midia-democratica-na-internet\/","url":"https:\/\/psol50.org.br\/eleitores-poderao-assinar-lei-da-midia-democratica-na-internet\/","name":"Eleitores poder\u00e3o assinar Lei da M\u00eddia Democr\u00e1tica na Internet - PSOL 50","isPartOf":{"@id":"https:\/\/psol50.org.br\/#website"},"datePublished":"2015-02-04T18:54:09+00:00","breadcrumb":{"@id":"https:\/\/psol50.org.br\/eleitores-poderao-assinar-lei-da-midia-democratica-na-internet\/#breadcrumb"},"inLanguage":"pt-BR","potentialAction":[{"@type":"ReadAction","target":["https:\/\/psol50.org.br\/eleitores-poderao-assinar-lei-da-midia-democratica-na-internet\/"]}]},{"@type":"BreadcrumbList","@id":"https:\/\/psol50.org.br\/eleitores-poderao-assinar-lei-da-midia-democratica-na-internet\/#breadcrumb","itemListElement":[{"@type":"ListItem","position":1,"name":"In\u00edcio","item":"https:\/\/psol50.org.br\/"},{"@type":"ListItem","position":2,"name":"Eleitores poder\u00e3o assinar Lei da M\u00eddia Democr\u00e1tica na Internet"}]},{"@type":"WebSite","@id":"https:\/\/psol50.org.br\/#website","url":"https:\/\/psol50.org.br\/","name":"PSOL 50","description":"Site oficial do Partido Socialismo e Liberdade","publisher":{"@id":"https:\/\/psol50.org.br\/#organization"},"alternateName":"PSOL50","potentialAction":[{"@type":"SearchAction","target":{"@type":"EntryPoint","urlTemplate":"https:\/\/psol50.org.br\/?s={search_term_string}"},"query-input":{"@type":"PropertyValueSpecification","valueRequired":true,"valueName":"search_term_string"}}],"inLanguage":"pt-BR"},{"@type":"Organization","@id":"https:\/\/psol50.org.br\/#organization","name":"PSOL 50","alternateName":"PSOL 50","url":"https:\/\/psol50.org.br\/","logo":{"@type":"ImageObject","inLanguage":"pt-BR","@id":"https:\/\/psol50.org.br\/#\/schema\/logo\/image\/","url":"https:\/\/psol50.org.br\/inc\/uploads\/2018\/07\/capa.png","contentUrl":"https:\/\/psol50.org.br\/inc\/uploads\/2018\/07\/capa.png","width":1350,"height":900,"caption":"PSOL 50"},"image":{"@id":"https:\/\/psol50.org.br\/#\/schema\/logo\/image\/"},"sameAs":["https:\/\/www.facebook.com\/psol50","https:\/\/x.com\/psol50","https:\/\/www.instagram.com\/psol50\/","https:\/\/www.youtube.com\/channel\/UC7SnJS5o1os7a6CaiNabzcg"]},{"@type":"Person","@id":"https:\/\/psol50.org.br\/#\/schema\/person\/475dfa57d0b815993c714c2e96491fcd","name":"Comunica\u00e7\u00e3o PSOL","image":{"@type":"ImageObject","inLanguage":"pt-BR","@id":"https:\/\/psol50.org.br\/#\/schema\/person\/image\/","url":"https:\/\/secure.gravatar.com\/avatar\/b34fc4f4e468a4e51785917065a3db57b841f5c95dba6ad8c73aaf8f66f8f9bf?s=96&d=mm&r=g","contentUrl":"https:\/\/secure.gravatar.com\/avatar\/b34fc4f4e468a4e51785917065a3db57b841f5c95dba6ad8c73aaf8f66f8f9bf?s=96&d=mm&r=g","caption":"Comunica\u00e7\u00e3o PSOL"}}]}},"_links":{"self":[{"href":"https:\/\/psol50.org.br\/rest\/wp\/v2\/posts\/3142","targetHints":{"allow":["GET"]}}],"collection":[{"href":"https:\/\/psol50.org.br\/rest\/wp\/v2\/posts"}],"about":[{"href":"https:\/\/psol50.org.br\/rest\/wp\/v2\/types\/post"}],"author":[{"embeddable":true,"href":"https:\/\/psol50.org.br\/rest\/wp\/v2\/users\/2"}],"replies":[{"embeddable":true,"href":"https:\/\/psol50.org.br\/rest\/wp\/v2\/comments?post=3142"}],"version-history":[{"count":0,"href":"https:\/\/psol50.org.br\/rest\/wp\/v2\/posts\/3142\/revisions"}],"wp:attachment":[{"href":"https:\/\/psol50.org.br\/rest\/wp\/v2\/media?parent=3142"}],"wp:term":[{"taxonomy":"category","embeddable":true,"href":"https:\/\/psol50.org.br\/rest\/wp\/v2\/categories?post=3142"},{"taxonomy":"post_tag","embeddable":true,"href":"https:\/\/psol50.org.br\/rest\/wp\/v2\/tags?post=3142"}],"curies":[{"name":"wp","href":"https:\/\/api.w.org\/{rel}","templated":true}]}}