{"id":31421,"date":"2020-12-07T18:47:14","date_gmt":"2020-12-07T21:47:14","guid":{"rendered":"https:\/\/psol50.org.br\/?p=31421"},"modified":"2020-12-07T18:47:14","modified_gmt":"2020-12-07T21:47:14","slug":"sementes-de-marielle-conheca-as-parlamentares-negras-do-psol-pelo-brasil","status":"publish","type":"post","link":"https:\/\/psol50.org.br\/sementes-de-marielle-conheca-as-parlamentares-negras-do-psol-pelo-brasil\/","title":{"rendered":"Sementes de Marielle: Conhe\u00e7a as parlamentares negras do PSOL pelo Brasil"},"content":{"rendered":"<p><a href=\"https:\/\/psol50.org.br\/rendajusta\/\" target=\"_blank\" rel=\"noopener noreferrer\"><img loading=\"lazy\" decoding=\"async\" class=\"alignnone size-full wp-image-30552\" src=\"https:\/\/psol50.org.br\/inc\/uploads\/2020\/08\/21-08-2020_LancamentoRendaJusta-2.png\" alt=\"\" width=\"1920\" height=\"383\" srcset=\"https:\/\/psol50.org.br\/inc\/uploads\/2020\/08\/21-08-2020_LancamentoRendaJusta-2.png 1920w, https:\/\/psol50.org.br\/inc\/uploads\/2020\/08\/21-08-2020_LancamentoRendaJusta-2-300x60.png 300w, https:\/\/psol50.org.br\/inc\/uploads\/2020\/08\/21-08-2020_LancamentoRendaJusta-2-1024x204.png 1024w, https:\/\/psol50.org.br\/inc\/uploads\/2020\/08\/21-08-2020_LancamentoRendaJusta-2-768x153.png 768w, https:\/\/psol50.org.br\/inc\/uploads\/2020\/08\/21-08-2020_LancamentoRendaJusta-2-1536x306.png 1536w, https:\/\/psol50.org.br\/inc\/uploads\/2020\/08\/21-08-2020_LancamentoRendaJusta-2-150x30.png 150w, https:\/\/psol50.org.br\/inc\/uploads\/2020\/08\/21-08-2020_LancamentoRendaJusta-2-696x139.png 696w, https:\/\/psol50.org.br\/inc\/uploads\/2020\/08\/21-08-2020_LancamentoRendaJusta-2-1068x213.png 1068w\" sizes=\"auto, (max-width: 1920px) 100vw, 1920px\" \/><\/a><\/p>\n<p>Neste dia 8 de dezembro, completamos 1000 dias do brutal assassinato de Marielle Franco e Anderson Gomes, em um crime pol\u00edtico no Rio de Janeiro ainda sem solu\u00e7\u00e3o. Mas se os mandantes do crime, ainda a serem descobertos e responsabilizados, esperavam interromper as lutas de Marielle com este assassinato, estavam completamente enganados. Marielle Franco floresceu e virou sementes por todo o Brasil.<\/p>\n<p>Desde as elei\u00e7\u00f5es de 2018, uma s\u00e9rie de mulheres negras e perif\u00e9ricas foram eleitas para as casas legislativas de todo o Brasil. As &#8220;sementes de Marielle&#8221; seguem levando seu legado e suas lutas adiante de norte a sul no pa\u00eds. Nas elei\u00e7\u00f5es municipais de 2020, uma nova onda de mulheres negras foi eleita para as C\u00e2maras Municipais. Muitas delas, inclusive, eleitas pelo PSOL, partido de Marielle Franco.<\/p>\n<h5>Conhe\u00e7a abaixo um pouco das &#8220;sementes de Marielle&#8221; espalhadas pelas casas legislativas do Brasil:<\/h5>\n<h6>Na C\u00e2mara dos Deputados<\/h6>\n<p><img loading=\"lazy\" decoding=\"async\" class=\"alignleft wp-image-31425 size-full\" src=\"https:\/\/psol50.org.br\/inc\/uploads\/2020\/12\/marielle-franco-e-taliria-petrone-1572891059568_v2_960x640-e1607365935200.jpg\" alt=\"\" width=\"400\" height=\"266\" srcset=\"https:\/\/psol50.org.br\/inc\/uploads\/2020\/12\/marielle-franco-e-taliria-petrone-1572891059568_v2_960x640-e1607365935200.jpg 400w, https:\/\/psol50.org.br\/inc\/uploads\/2020\/12\/marielle-franco-e-taliria-petrone-1572891059568_v2_960x640-e1607365935200-300x200.jpg 300w, https:\/\/psol50.org.br\/inc\/uploads\/2020\/12\/marielle-franco-e-taliria-petrone-1572891059568_v2_960x640-e1607365935200-150x100.jpg 150w\" sizes=\"auto, (max-width: 400px) 100vw, 400px\" \/>Em 2018, a C\u00e2mara dos Deputados viu serem eleitas duas mulheres negras do PSOL que levam cotidianamente o legado de Marielle Franco adiante por todo o Brasil. Tal\u00edria Petrone, amiga pessoal de Marielle e ent\u00e3o vereadora de Niter\u00f3i (RJ) no ano do assassinato da companheira de vida e de partido, foi a 9\u00aa mais votada de todo o estado do Rio de Janeiro, com 107.317 votos, e se elegeu deputada federal pelo PSOL. As amea\u00e7as de morte que j\u00e1 sofria durante seu mandato em Niter\u00f3i s\u00f3 se intensificaram desde ent\u00e3o, chegando ao ponto de n\u00e3o poder entrar no estado que a elegeu porque n\u00e3o pode ter a sua seguran\u00e7a e de sua filha, Moana Mayal\u00fa, garantidas.<\/p>\n<p><img loading=\"lazy\" decoding=\"async\" class=\"alignright wp-image-31426 size-full\" src=\"https:\/\/psol50.org.br\/inc\/uploads\/2020\/12\/marielle-e-aurea-e1607365912998.png\" alt=\"\" width=\"400\" height=\"303\" srcset=\"https:\/\/psol50.org.br\/inc\/uploads\/2020\/12\/marielle-e-aurea-e1607365912998.png 400w, https:\/\/psol50.org.br\/inc\/uploads\/2020\/12\/marielle-e-aurea-e1607365912998-300x227.png 300w, https:\/\/psol50.org.br\/inc\/uploads\/2020\/12\/marielle-e-aurea-e1607365912998-150x114.png 150w\" sizes=\"auto, (max-width: 400px) 100vw, 400px\" \/><\/p>\n<p>&nbsp;<\/p>\n<p>&nbsp;<\/p>\n<p>Outra semente de Marielle na C\u00e2mara dos Deputados \u00e9 \u00c1urea Carolina, eleita em 2018 como a mulher mais votada de todo o estado de Minas Gerais, com 162.740 votos. Quando o assassinato de Marielle aconteceu, \u00c1urea Carolina era vereadora do PSOL em Belo Horizonte. Em 2020, apresentou a sua plataforma de esperan\u00e7a nas elei\u00e7\u00f5es \u00e0 Prefeitura de BH, e obteve quase 10% dos votos. Seguir\u00e1, em 2021, sendo uma das sementes de Marielle em Bras\u00edlia.<\/p>\n<p>&nbsp;<\/p>\n<p>&nbsp;<\/p>\n<p><img loading=\"lazy\" decoding=\"async\" class=\"alignleft size-full wp-image-31427\" src=\"https:\/\/psol50.org.br\/inc\/uploads\/2020\/12\/Vivi-Reis-Militante-do-projeto-Coletivo-Juntas-e1607366072274.jpg\" alt=\"\" width=\"400\" height=\"300\" srcset=\"https:\/\/psol50.org.br\/inc\/uploads\/2020\/12\/Vivi-Reis-Militante-do-projeto-Coletivo-Juntas-e1607366072274.jpg 400w, https:\/\/psol50.org.br\/inc\/uploads\/2020\/12\/Vivi-Reis-Militante-do-projeto-Coletivo-Juntas-e1607366072274-300x225.jpg 300w, https:\/\/psol50.org.br\/inc\/uploads\/2020\/12\/Vivi-Reis-Militante-do-projeto-Coletivo-Juntas-e1607366072274-150x113.jpg 150w\" sizes=\"auto, (max-width: 400px) 100vw, 400px\" \/>\u00c1urea e Tal\u00edria ter\u00e3o a companhia, a partir de 2021, da jovem Vivi Reis, de apenas 29 anos, que assumir\u00e1 o mandato como deputada federal do PSOL pelo estado do Par\u00e1. Mulher negra da Amaz\u00f4nia e bissexual, Vivi entra no lugar de Edmilson Rodrigues, eleito prefeito de Bel\u00e9m (PA) pelo PSOL nas elei\u00e7\u00f5es de 2020. Vivi \u00e9 fisioterapeuta, estudante de p\u00f3s-gradua\u00e7\u00e3o da Universidade Federal do Par\u00e1 (UFPA) e educadora popular. A nova deputada federal do PSOL \u00e9 filiada no partido desde 2011, quando tinha 20 anos. Desde ent\u00e3o \u00e9 figura atuante nos movimentos sociais de Bel\u00e9m e se forjou como uma importante lideran\u00e7a popular da cidade e de todo o estado do Par\u00e1.<\/p>\n<h6><\/h6>\n<p>&nbsp;<\/p>\n<p>&nbsp;<\/p>\n<h6>Nas Assembleias Legislativas<\/h6>\n<p><img loading=\"lazy\" decoding=\"async\" class=\"alignright size-full wp-image-31429\" src=\"https:\/\/psol50.org.br\/inc\/uploads\/2020\/12\/15378347815ba97f1d7e826_1537834781_3x2_rt-scaled-e1607366272251.jpg\" alt=\"\" width=\"400\" height=\"267\" srcset=\"https:\/\/psol50.org.br\/inc\/uploads\/2020\/12\/15378347815ba97f1d7e826_1537834781_3x2_rt-scaled-e1607366272251.jpg 400w, https:\/\/psol50.org.br\/inc\/uploads\/2020\/12\/15378347815ba97f1d7e826_1537834781_3x2_rt-scaled-e1607366272251-300x200.jpg 300w, https:\/\/psol50.org.br\/inc\/uploads\/2020\/12\/15378347815ba97f1d7e826_1537834781_3x2_rt-scaled-e1607366272251-150x100.jpg 150w\" sizes=\"auto, (max-width: 400px) 100vw, 400px\" \/>As elei\u00e7\u00f5es de 2018 tamb\u00e9m marcaram a chegada de uma s\u00e9rie das &#8220;sementes de Marielle&#8221; \u00e0s Assembleias Legislativas brasileiras. O caso mais marcante aconteceu no estado do Rio de Janeiro, de onde era Marielle Franco. Foram eleitas, como deputadas estaduais, tr\u00eas mulheres negras muito pr\u00f3ximas de Marielle e que a tinham como refer\u00eancia pol\u00edtica. Entre elas est\u00e1 Renata Souza, que foi chefe de gabinete do mandato de Marielle na C\u00e2mara Municipal do Rio, e que tamb\u00e9m foi a candidata do PSOL \u00e0 Prefeitura do Rio de Janeiro em 2020. Completam a lista a pastora e cientista social M\u00f4nica Francisco e a jovem Dani Monteiro, ambas assessoras do mandato de Marielle Franco.<\/p>\n<p><img loading=\"lazy\" decoding=\"async\" class=\"alignleft size-full wp-image-31430\" src=\"https:\/\/psol50.org.br\/inc\/uploads\/2020\/12\/Andreia-de-Jesus-e1607366408760.jpg\" alt=\"\" width=\"400\" height=\"208\" srcset=\"https:\/\/psol50.org.br\/inc\/uploads\/2020\/12\/Andreia-de-Jesus-e1607366408760.jpg 400w, https:\/\/psol50.org.br\/inc\/uploads\/2020\/12\/Andreia-de-Jesus-e1607366408760-300x156.jpg 300w, https:\/\/psol50.org.br\/inc\/uploads\/2020\/12\/Andreia-de-Jesus-e1607366408760-150x78.jpg 150w\" sizes=\"auto, (max-width: 400px) 100vw, 400px\" \/><\/p>\n<p>&nbsp;<\/p>\n<p>Mas n\u00e3o foi apenas no Rio de Janeiro que as sementes foram semeadas. Em Minas Gerais, Andr\u00e9ia de Jesus foi eleita a primeira mulher negra da hist\u00f3ria a ocupar um cargo de deputada estadual em MG. Andr\u00e9ia j\u00e1 trabalhou como empregada dom\u00e9stica, diarista, operadora de telemarketing, entre outras fun\u00e7\u00f5es, antes de se formar como advogada atrav\u00e9s de uma bolsa do ProUni.<\/p>\n<p>&nbsp;<\/p>\n<p>&nbsp;<\/p>\n<p><img loading=\"lazy\" decoding=\"async\" class=\"alignright size-full wp-image-31431\" src=\"https:\/\/psol50.org.br\/inc\/uploads\/2020\/12\/59688759_2047402535565299_7881099284026753024_n-e1607366573283.jpg\" alt=\"\" width=\"400\" height=\"300\" srcset=\"https:\/\/psol50.org.br\/inc\/uploads\/2020\/12\/59688759_2047402535565299_7881099284026753024_n-e1607366573283.jpg 400w, https:\/\/psol50.org.br\/inc\/uploads\/2020\/12\/59688759_2047402535565299_7881099284026753024_n-e1607366573283-300x225.jpg 300w, https:\/\/psol50.org.br\/inc\/uploads\/2020\/12\/59688759_2047402535565299_7881099284026753024_n-e1607366573283-150x113.jpg 150w\" sizes=\"auto, (max-width: 400px) 100vw, 400px\" \/><\/p>\n<p>&nbsp;<\/p>\n<p>Em S\u00e3o Paulo, o legado pol\u00edtico de Marielle foi representado na hist\u00f3rica elei\u00e7\u00e3o de \u00c9rica Malunguinho, primeira mulher negra e transexual a ser eleita para a Assembleia Legislativa do estado. Outra mulher negra eleita pelo PSOL em S\u00e3o Paulo em 2018 foi a M\u00f4nica da Bancada Ativista, mandato coletivo pioneiro no estado eleito com quase 150 mil votos.<\/p>\n<p>&nbsp;<\/p>\n<p>&nbsp;<\/p>\n<p>&nbsp;<\/p>\n<p><img loading=\"lazy\" decoding=\"async\" class=\"alignleft size-full wp-image-31432\" src=\"https:\/\/psol50.org.br\/inc\/uploads\/2020\/12\/JUNTAS-1-e1607366660435.jpg\" alt=\"\" width=\"400\" height=\"267\" srcset=\"https:\/\/psol50.org.br\/inc\/uploads\/2020\/12\/JUNTAS-1-e1607366660435.jpg 400w, https:\/\/psol50.org.br\/inc\/uploads\/2020\/12\/JUNTAS-1-e1607366660435-300x200.jpg 300w, https:\/\/psol50.org.br\/inc\/uploads\/2020\/12\/JUNTAS-1-e1607366660435-150x100.jpg 150w\" sizes=\"auto, (max-width: 400px) 100vw, 400px\" \/><\/p>\n<p>&nbsp;<\/p>\n<p>J\u00e1 em Pernambuco, o legado de Marielle Franco est\u00e1 bem representado desde 2018 no mandato coletivo Juntas Codeputadas, eleitas pelo PSOL para a Assembleia Legislativa do estado. O mandato pioneiro \u00e9 composto por cinco mulheres: J\u00f4 Cavalcanti, mulher negra e militante do MTST; Joelma Carla, moradora de Surubim, no interior do estado; Carol Vergolino, militante da cultura em Pernambuco; K\u00e1tia Cunha, feminista, l\u00e9sbica e professora da rede estadual de ensino; al\u00e9m de Robeyonc\u00e9 Lima, primeira advogada trans da hist\u00f3ria de Pernambuco.<\/p>\n<p>&nbsp;<\/p>\n<h6>Em 2020, as sementes de Marielle se espalham pelo Brasil<\/h6>\n<p><img loading=\"lazy\" decoding=\"async\" class=\"alignright size-full wp-image-31433\" src=\"https:\/\/psol50.org.br\/inc\/uploads\/2020\/12\/IMAGEM_NOTICIA_9-e1607366991715.jpg\" alt=\"\" width=\"400\" height=\"210\" srcset=\"https:\/\/psol50.org.br\/inc\/uploads\/2020\/12\/IMAGEM_NOTICIA_9-e1607366991715.jpg 400w, https:\/\/psol50.org.br\/inc\/uploads\/2020\/12\/IMAGEM_NOTICIA_9-e1607366991715-300x158.jpg 300w, https:\/\/psol50.org.br\/inc\/uploads\/2020\/12\/IMAGEM_NOTICIA_9-e1607366991715-150x79.jpg 150w\" sizes=\"auto, (max-width: 400px) 100vw, 400px\" \/>Neste ano, foi a vez das sementes de Marielle ocuparem as C\u00e2maras Municipais. O PSOL teve mulheres negras eleitas de norte a sul do Brasil. No Nordeste, dois mandatos coletivos encabe\u00e7ados por mulheres negras foram eleitos em Salvador (BA) e Fortaleza (CE). Na capital baiana, o PSOL ser\u00e1 representado pelas Pretas por Salvador, mandato formado por tr\u00eas mulheres negras: Laina Cris\u00f3stomo, Cleide Coutinho e Gleide Davis.<\/p>\n<p>&nbsp;<\/p>\n<p><img loading=\"lazy\" decoding=\"async\" class=\"alignleft size-full wp-image-31434\" src=\"https:\/\/psol50.org.br\/inc\/uploads\/2020\/12\/Nossa-Cara-scaled-e1607367073149.jpg\" alt=\"\" width=\"400\" height=\"225\" srcset=\"https:\/\/psol50.org.br\/inc\/uploads\/2020\/12\/Nossa-Cara-scaled-e1607367073149.jpg 400w, https:\/\/psol50.org.br\/inc\/uploads\/2020\/12\/Nossa-Cara-scaled-e1607367073149-300x169.jpg 300w, https:\/\/psol50.org.br\/inc\/uploads\/2020\/12\/Nossa-Cara-scaled-e1607367073149-150x84.jpg 150w\" sizes=\"auto, (max-width: 400px) 100vw, 400px\" \/><\/p>\n<p>&nbsp;<\/p>\n<p>Em Fortaleza, o mandato coletivo Nossa Cara tamb\u00e9m \u00e9 encabe\u00e7ado por tr\u00eas mulheres negras criadas na periferia da cidade: Adriana Ger\u00f4nimo Vieira Silva, Louise Anne de Santana e Lila M. Salu. Completam a lista de sementes de Marielle eleitas pelo PSOL no Nordeste a vereadora mais votada de Recife (PE), a mulher negra Dani Portela, e a mais votada de Aracaju, a mulher trans Linda Brasil.<\/p>\n<p>&nbsp;<\/p>\n<p><img loading=\"lazy\" decoding=\"async\" class=\"alignright size-full wp-image-31435\" src=\"https:\/\/psol50.org.br\/inc\/uploads\/2020\/12\/16058836955fb7d72fcea8f_1605883695_3x2_md-e1607367198135.jpg\" alt=\"\" width=\"400\" height=\"267\" srcset=\"https:\/\/psol50.org.br\/inc\/uploads\/2020\/12\/16058836955fb7d72fcea8f_1605883695_3x2_md-e1607367198135.jpg 400w, https:\/\/psol50.org.br\/inc\/uploads\/2020\/12\/16058836955fb7d72fcea8f_1605883695_3x2_md-e1607367198135-300x200.jpg 300w, https:\/\/psol50.org.br\/inc\/uploads\/2020\/12\/16058836955fb7d72fcea8f_1605883695_3x2_md-e1607367198135-150x100.jpg 150w\" sizes=\"auto, (max-width: 400px) 100vw, 400px\" \/><\/p>\n<p>&nbsp;<\/p>\n<p>Em S\u00e3o Paulo, as mulheres negras do PSOL foram um fen\u00f4meno eleitoral, traduzindo em votos o importante protagonismo negro no partido em S\u00e3o Paulo. Na capital, foram eleitas \u00c9rika Hilton, primeira mulher negra transexual a ser eleita para a C\u00e2mara Municipal e a jovem Luana Alves. Tamb\u00e9m foram eleitas, atrav\u00e9s de mandatos coletivos, o Quilombo Perif\u00e9rico, encabe\u00e7ado por Elaine Mineiro e composto por tr\u00eas mulheres e tr\u00eas homens, todos negros e negras, e a Bancada Feminista, que tem Paula Nunes, Carolina Iara e Nat\u00e1lia Chaves, todas mulheres negras, al\u00e9m de Silvia Ferraro e Dafne Sena.<\/p>\n<p><img loading=\"lazy\" decoding=\"async\" class=\"alignleft size-full wp-image-31516\" src=\"https:\/\/psol50.org.br\/inc\/uploads\/2020\/12\/photo_2020-12-11_18-55-04-e1607723847918.jpg\" alt=\"\" width=\"400\" height=\"267\" srcset=\"https:\/\/psol50.org.br\/inc\/uploads\/2020\/12\/photo_2020-12-11_18-55-04-e1607723847918.jpg 400w, https:\/\/psol50.org.br\/inc\/uploads\/2020\/12\/photo_2020-12-11_18-55-04-e1607723847918-300x200.jpg 300w, https:\/\/psol50.org.br\/inc\/uploads\/2020\/12\/photo_2020-12-11_18-55-04-e1607723847918-150x100.jpg 150w\" sizes=\"auto, (max-width: 400px) 100vw, 400px\" \/><\/p>\n<p>&nbsp;<\/p>\n<p>O mandato coletivo Ativoz, eleito para a C\u00e2mara Municipal de Osasco, na Grande S\u00e3o Paulo, tamb\u00e9m \u00e9 encabe\u00e7ado por uma mulher negra, Juliana Curvelo. Al\u00e9m disso, D\u00e9bora Camilo, mulher negra do PSOL, foi eleita vereadora na cidade de Santos, no litoral paulista. Em Marab\u00e1 Paulista, na regi\u00e3o oeste do estado, D\u00e9bora Firmo do Assentamento tamb\u00e9m ser\u00e1 uma das sementes de Marielle em S\u00e3o Paulo.<\/p>\n<p>&nbsp;<\/p>\n<p>&nbsp;<\/p>\n<p>&nbsp;<\/p>\n<p><img loading=\"lazy\" decoding=\"async\" class=\"size-full wp-image-31436 alignright\" src=\"https:\/\/psol50.org.br\/inc\/uploads\/2020\/12\/037a82_b2c08d1a9ddf4ec4bba21ed56f915581_mv2-e1607367289395.jpeg\" alt=\"\" width=\"400\" height=\"267\" srcset=\"https:\/\/psol50.org.br\/inc\/uploads\/2020\/12\/037a82_b2c08d1a9ddf4ec4bba21ed56f915581_mv2-e1607367289395.jpeg 400w, https:\/\/psol50.org.br\/inc\/uploads\/2020\/12\/037a82_b2c08d1a9ddf4ec4bba21ed56f915581_mv2-e1607367289395-300x200.jpeg 300w, https:\/\/psol50.org.br\/inc\/uploads\/2020\/12\/037a82_b2c08d1a9ddf4ec4bba21ed56f915581_mv2-e1607367289395-150x100.jpeg 150w\" sizes=\"auto, (max-width: 400px) 100vw, 400px\" \/><\/p>\n<p>&nbsp;<\/p>\n<p>No Rio de Janeiro, tivemos a mulher negra e anticapitalista Tha\u00eds Ferreira eleita para a C\u00e2mara Municipal da capital, al\u00e9m da pr\u00f3pria vi\u00fava de Marielle Franco, M\u00f4nica Ben\u00edcio. A mulher negra transexual Benny Briolly tamb\u00e9m foi eleita vereadora em Niter\u00f3i (RJ), cidade onde foi assessora do mandato de Tal\u00edria Petrone.<\/p>\n<p>&nbsp;<\/p>\n<p>&nbsp;<\/p>\n<p>&nbsp;<\/p>\n<p>&nbsp;<\/p>\n<p><img loading=\"lazy\" decoding=\"async\" class=\"alignleft size-full wp-image-31517\" src=\"https:\/\/psol50.org.br\/inc\/uploads\/2020\/12\/photo_2020-12-11_18-55-08-e1607723950501.jpg\" alt=\"\" width=\"400\" height=\"267\" srcset=\"https:\/\/psol50.org.br\/inc\/uploads\/2020\/12\/photo_2020-12-11_18-55-08-e1607723950501.jpg 400w, https:\/\/psol50.org.br\/inc\/uploads\/2020\/12\/photo_2020-12-11_18-55-08-e1607723950501-300x200.jpg 300w, https:\/\/psol50.org.br\/inc\/uploads\/2020\/12\/photo_2020-12-11_18-55-08-e1607723950501-150x100.jpg 150w\" sizes=\"auto, (max-width: 400px) 100vw, 400px\" \/><\/p>\n<p>&nbsp;<\/p>\n<p>Para completar a regi\u00e3o sudeste, a jovem m\u00e3e negra Iza Louren\u00e7a foi a mais votada do PSOL em Belo Horizonte, al\u00e9m de Camila Valad\u00e3o ter sido eleita n\u00e3o s\u00f3 a primeira vereadora do PSOL em Vit\u00f3ria, capital do Esp\u00edrito Santo, mas tamb\u00e9m a primeira mulher negra da hist\u00f3ria na C\u00e2mara Municipal da cidade. Em Juiz de Fora (MG), Tallia Sobral ser\u00e1 tamb\u00e9m uma semente de Marielle.<\/p>\n<p>&nbsp;<\/p>\n<p>&nbsp;<\/p>\n<p>&nbsp;<\/p>\n<p><img loading=\"lazy\" decoding=\"async\" class=\"alignright size-full wp-image-31437\" src=\"https:\/\/psol50.org.br\/inc\/uploads\/2020\/12\/20201116-16112020-img_2046-e1607367382121.jpg\" alt=\"\" width=\"400\" height=\"267\" srcset=\"https:\/\/psol50.org.br\/inc\/uploads\/2020\/12\/20201116-16112020-img_2046-e1607367382121.jpg 400w, https:\/\/psol50.org.br\/inc\/uploads\/2020\/12\/20201116-16112020-img_2046-e1607367382121-300x200.jpg 300w, https:\/\/psol50.org.br\/inc\/uploads\/2020\/12\/20201116-16112020-img_2046-e1607367382121-150x100.jpg 150w\" sizes=\"auto, (max-width: 400px) 100vw, 400px\" \/><\/p>\n<p>&nbsp;<\/p>\n<p>Para completar a rela\u00e7\u00e3o de sementes de Marielle eleitas, tivemos a mulher negra Karen Santos como a mais votada para a C\u00e2mara Municipal de Porto Alegre (RS), L\u00edvia Duarte e Enfermeira Nazar\u00e9 que representar\u00e3o o PSOL no parlamento municipal de Bel\u00e9m (PA) e ser\u00e3o fundamentais durante a Prefeitura de Edmilson Rodrigues na \u00fanica capital que ser\u00e1 governada pelo partido, al\u00e9m da Professora Madalena, eleita vereadora em Abaetetuba pelo PSOL.<\/p>\n<p>&nbsp;<\/p>\n<p><a href=\"https:\/\/impeachmentpopular.com.br\/\" target=\"_blank\" rel=\"noopener noreferrer\"><img loading=\"lazy\" decoding=\"async\" class=\"alignnone size-full wp-image-29118\" src=\"https:\/\/psol50.org.br\/inc\/uploads\/2020\/05\/Email_Impeachment.png\" alt=\"\" width=\"1080\" height=\"250\" srcset=\"https:\/\/psol50.org.br\/inc\/uploads\/2020\/05\/Email_Impeachment.png 1080w, https:\/\/psol50.org.br\/inc\/uploads\/2020\/05\/Email_Impeachment-300x69.png 300w, https:\/\/psol50.org.br\/inc\/uploads\/2020\/05\/Email_Impeachment-1024x237.png 1024w, https:\/\/psol50.org.br\/inc\/uploads\/2020\/05\/Email_Impeachment-768x178.png 768w, https:\/\/psol50.org.br\/inc\/uploads\/2020\/05\/Email_Impeachment-150x35.png 150w, https:\/\/psol50.org.br\/inc\/uploads\/2020\/05\/Email_Impeachment-696x161.png 696w, https:\/\/psol50.org.br\/inc\/uploads\/2020\/05\/Email_Impeachment-1068x247.png 1068w\" sizes=\"auto, (max-width: 1080px) 100vw, 1080px\" \/><\/a><\/p>\n","protected":false},"excerpt":{"rendered":"<p>Neste dia 8 de dezembro, completamos 1000 dias do brutal assassinato de Marielle Franco e Anderson Gomes, em um crime pol\u00edtico no Rio de Janeiro ainda sem solu\u00e7\u00e3o. Mas se os mandantes do crime, ainda a serem descobertos e responsabilizados, esperavam interromper as lutas de Marielle com este assassinato, estavam completamente enganados. Marielle Franco floresceu [&hellip;]<\/p>\n","protected":false},"author":2,"featured_media":31422,"comment_status":"closed","ping_status":"open","sticky":false,"template":"","format":"standard","meta":{"_acf_changed":false,"footnotes":""},"categories":[6,14],"tags":[1303,1304,107,194],"class_list":{"0":"post-31421","1":"post","2":"type-post","3":"status-publish","4":"format-standard","5":"has-post-thumbnail","7":"category-noticias","8":"category-partido","9":"tag-1000-dias","10":"tag-anderson-gomes","11":"tag-marielle","12":"tag-marielle-franco"},"acf":[],"yoast_head":"<!-- This site is optimized with the Yoast SEO plugin v26.5 - https:\/\/yoast.com\/wordpress\/plugins\/seo\/ -->\n<title>Sementes de Marielle: Conhe\u00e7a as parlamentares negras do PSOL pelo Brasil<\/title>\n<meta name=\"description\" content=\"Marielle Franco floresceu e ganhou sementes por todo o Brasil.\" \/>\n<meta name=\"robots\" content=\"index, follow, max-snippet:-1, max-image-preview:large, max-video-preview:-1\" \/>\n<link rel=\"canonical\" href=\"https:\/\/psol50.org.br\/sementes-de-marielle-conheca-as-parlamentares-negras-do-psol-pelo-brasil\/\" \/>\n<meta property=\"og:locale\" content=\"pt_BR\" \/>\n<meta property=\"og:type\" content=\"article\" \/>\n<meta property=\"og:title\" content=\"Sementes de Marielle: Conhe\u00e7a as parlamentares negras do PSOL pelo Brasil\" \/>\n<meta property=\"og:description\" content=\"Marielle Franco floresceu e ganhou sementes por todo o Brasil.\" \/>\n<meta property=\"og:url\" content=\"https:\/\/psol50.org.br\/sementes-de-marielle-conheca-as-parlamentares-negras-do-psol-pelo-brasil\/\" \/>\n<meta property=\"og:site_name\" content=\"PSOL 50\" \/>\n<meta property=\"article:publisher\" content=\"https:\/\/www.facebook.com\/psol50\" \/>\n<meta property=\"article:published_time\" content=\"2020-12-07T21:47:14+00:00\" \/>\n<meta property=\"og:image\" content=\"https:\/\/psol50.org.br\/inc\/uploads\/2020\/12\/Arte_Marielle.jpg\" \/>\n\t<meta property=\"og:image:width\" content=\"1024\" \/>\n\t<meta property=\"og:image:height\" content=\"576\" \/>\n\t<meta property=\"og:image:type\" content=\"image\/jpeg\" \/>\n<meta name=\"author\" content=\"Comunica\u00e7\u00e3o PSOL\" \/>\n<meta name=\"twitter:card\" content=\"summary_large_image\" \/>\n<meta name=\"twitter:title\" content=\"Sementes de Marielle: Conhe\u00e7a as parlamentares negras do PSOL pelo Brasil\" \/>\n<meta name=\"twitter:description\" content=\"Marielle Franco floresceu e ganhou sementes por todo o Brasil.\" \/>\n<meta name=\"twitter:image\" content=\"https:\/\/psol50.org.br\/inc\/uploads\/2020\/12\/Arte_Marielle.jpg\" \/>\n<meta name=\"twitter:creator\" content=\"@psol50\" \/>\n<meta name=\"twitter:site\" content=\"@psol50\" \/>\n<meta name=\"twitter:label1\" content=\"Escrito por\" \/>\n\t<meta name=\"twitter:data1\" content=\"Comunica\u00e7\u00e3o PSOL\" \/>\n\t<meta name=\"twitter:label2\" content=\"Est. tempo de leitura\" \/>\n\t<meta name=\"twitter:data2\" content=\"7 minutos\" \/>\n<script type=\"application\/ld+json\" class=\"yoast-schema-graph\">{\"@context\":\"https:\/\/schema.org\",\"@graph\":[{\"@type\":\"Article\",\"@id\":\"https:\/\/psol50.org.br\/sementes-de-marielle-conheca-as-parlamentares-negras-do-psol-pelo-brasil\/#article\",\"isPartOf\":{\"@id\":\"https:\/\/psol50.org.br\/sementes-de-marielle-conheca-as-parlamentares-negras-do-psol-pelo-brasil\/\"},\"author\":{\"name\":\"Comunica\u00e7\u00e3o PSOL\",\"@id\":\"https:\/\/psol50.org.br\/#\/schema\/person\/475dfa57d0b815993c714c2e96491fcd\"},\"headline\":\"Sementes de Marielle: Conhe\u00e7a as parlamentares negras do PSOL pelo Brasil\",\"datePublished\":\"2020-12-07T21:47:14+00:00\",\"mainEntityOfPage\":{\"@id\":\"https:\/\/psol50.org.br\/sementes-de-marielle-conheca-as-parlamentares-negras-do-psol-pelo-brasil\/\"},\"wordCount\":1385,\"publisher\":{\"@id\":\"https:\/\/psol50.org.br\/#organization\"},\"image\":{\"@id\":\"https:\/\/psol50.org.br\/sementes-de-marielle-conheca-as-parlamentares-negras-do-psol-pelo-brasil\/#primaryimage\"},\"thumbnailUrl\":\"https:\/\/psol50.org.br\/inc\/uploads\/2020\/12\/Arte_Marielle.jpg\",\"keywords\":[\"1000 dias\",\"Anderson Gomes\",\"Marielle\",\"Marielle Franco\"],\"articleSection\":[\"Not\u00edcias\",\"Partido\"],\"inLanguage\":\"pt-BR\"},{\"@type\":\"WebPage\",\"@id\":\"https:\/\/psol50.org.br\/sementes-de-marielle-conheca-as-parlamentares-negras-do-psol-pelo-brasil\/\",\"url\":\"https:\/\/psol50.org.br\/sementes-de-marielle-conheca-as-parlamentares-negras-do-psol-pelo-brasil\/\",\"name\":\"Sementes de Marielle: Conhe\u00e7a as parlamentares negras do PSOL pelo Brasil\",\"isPartOf\":{\"@id\":\"https:\/\/psol50.org.br\/#website\"},\"primaryImageOfPage\":{\"@id\":\"https:\/\/psol50.org.br\/sementes-de-marielle-conheca-as-parlamentares-negras-do-psol-pelo-brasil\/#primaryimage\"},\"image\":{\"@id\":\"https:\/\/psol50.org.br\/sementes-de-marielle-conheca-as-parlamentares-negras-do-psol-pelo-brasil\/#primaryimage\"},\"thumbnailUrl\":\"https:\/\/psol50.org.br\/inc\/uploads\/2020\/12\/Arte_Marielle.jpg\",\"datePublished\":\"2020-12-07T21:47:14+00:00\",\"description\":\"Marielle Franco floresceu e ganhou sementes por todo o Brasil.\",\"breadcrumb\":{\"@id\":\"https:\/\/psol50.org.br\/sementes-de-marielle-conheca-as-parlamentares-negras-do-psol-pelo-brasil\/#breadcrumb\"},\"inLanguage\":\"pt-BR\",\"potentialAction\":[{\"@type\":\"ReadAction\",\"target\":[\"https:\/\/psol50.org.br\/sementes-de-marielle-conheca-as-parlamentares-negras-do-psol-pelo-brasil\/\"]}]},{\"@type\":\"ImageObject\",\"inLanguage\":\"pt-BR\",\"@id\":\"https:\/\/psol50.org.br\/sementes-de-marielle-conheca-as-parlamentares-negras-do-psol-pelo-brasil\/#primaryimage\",\"url\":\"https:\/\/psol50.org.br\/inc\/uploads\/2020\/12\/Arte_Marielle.jpg\",\"contentUrl\":\"https:\/\/psol50.org.br\/inc\/uploads\/2020\/12\/Arte_Marielle.jpg\",\"width\":1024,\"height\":576},{\"@type\":\"BreadcrumbList\",\"@id\":\"https:\/\/psol50.org.br\/sementes-de-marielle-conheca-as-parlamentares-negras-do-psol-pelo-brasil\/#breadcrumb\",\"itemListElement\":[{\"@type\":\"ListItem\",\"position\":1,\"name\":\"In\u00edcio\",\"item\":\"https:\/\/psol50.org.br\/\"},{\"@type\":\"ListItem\",\"position\":2,\"name\":\"Sementes de Marielle: Conhe\u00e7a as parlamentares negras do PSOL pelo Brasil\"}]},{\"@type\":\"WebSite\",\"@id\":\"https:\/\/psol50.org.br\/#website\",\"url\":\"https:\/\/psol50.org.br\/\",\"name\":\"PSOL 50\",\"description\":\"Site oficial do Partido Socialismo e Liberdade\",\"publisher\":{\"@id\":\"https:\/\/psol50.org.br\/#organization\"},\"alternateName\":\"PSOL50\",\"potentialAction\":[{\"@type\":\"SearchAction\",\"target\":{\"@type\":\"EntryPoint\",\"urlTemplate\":\"https:\/\/psol50.org.br\/?s={search_term_string}\"},\"query-input\":{\"@type\":\"PropertyValueSpecification\",\"valueRequired\":true,\"valueName\":\"search_term_string\"}}],\"inLanguage\":\"pt-BR\"},{\"@type\":\"Organization\",\"@id\":\"https:\/\/psol50.org.br\/#organization\",\"name\":\"PSOL 50\",\"alternateName\":\"PSOL 50\",\"url\":\"https:\/\/psol50.org.br\/\",\"logo\":{\"@type\":\"ImageObject\",\"inLanguage\":\"pt-BR\",\"@id\":\"https:\/\/psol50.org.br\/#\/schema\/logo\/image\/\",\"url\":\"https:\/\/psol50.org.br\/inc\/uploads\/2018\/07\/capa.png\",\"contentUrl\":\"https:\/\/psol50.org.br\/inc\/uploads\/2018\/07\/capa.png\",\"width\":1350,\"height\":900,\"caption\":\"PSOL 50\"},\"image\":{\"@id\":\"https:\/\/psol50.org.br\/#\/schema\/logo\/image\/\"},\"sameAs\":[\"https:\/\/www.facebook.com\/psol50\",\"https:\/\/x.com\/psol50\",\"https:\/\/www.instagram.com\/psol50\/\",\"https:\/\/www.youtube.com\/channel\/UC7SnJS5o1os7a6CaiNabzcg\"]},{\"@type\":\"Person\",\"@id\":\"https:\/\/psol50.org.br\/#\/schema\/person\/475dfa57d0b815993c714c2e96491fcd\",\"name\":\"Comunica\u00e7\u00e3o PSOL\",\"image\":{\"@type\":\"ImageObject\",\"inLanguage\":\"pt-BR\",\"@id\":\"https:\/\/psol50.org.br\/#\/schema\/person\/image\/\",\"url\":\"https:\/\/secure.gravatar.com\/avatar\/b34fc4f4e468a4e51785917065a3db57b841f5c95dba6ad8c73aaf8f66f8f9bf?s=96&d=mm&r=g\",\"contentUrl\":\"https:\/\/secure.gravatar.com\/avatar\/b34fc4f4e468a4e51785917065a3db57b841f5c95dba6ad8c73aaf8f66f8f9bf?s=96&d=mm&r=g\",\"caption\":\"Comunica\u00e7\u00e3o PSOL\"}}]}<\/script>\n<!-- \/ Yoast SEO plugin. -->","yoast_head_json":{"title":"Sementes de Marielle: Conhe\u00e7a as parlamentares negras do PSOL pelo Brasil","description":"Marielle Franco floresceu e ganhou sementes por todo o Brasil.","robots":{"index":"index","follow":"follow","max-snippet":"max-snippet:-1","max-image-preview":"max-image-preview:large","max-video-preview":"max-video-preview:-1"},"canonical":"https:\/\/psol50.org.br\/sementes-de-marielle-conheca-as-parlamentares-negras-do-psol-pelo-brasil\/","og_locale":"pt_BR","og_type":"article","og_title":"Sementes de Marielle: Conhe\u00e7a as parlamentares negras do PSOL pelo Brasil","og_description":"Marielle Franco floresceu e ganhou sementes por todo o Brasil.","og_url":"https:\/\/psol50.org.br\/sementes-de-marielle-conheca-as-parlamentares-negras-do-psol-pelo-brasil\/","og_site_name":"PSOL 50","article_publisher":"https:\/\/www.facebook.com\/psol50","article_published_time":"2020-12-07T21:47:14+00:00","og_image":[{"width":1024,"height":576,"url":"https:\/\/psol50.org.br\/inc\/uploads\/2020\/12\/Arte_Marielle.jpg","type":"image\/jpeg"}],"author":"Comunica\u00e7\u00e3o PSOL","twitter_card":"summary_large_image","twitter_title":"Sementes de Marielle: Conhe\u00e7a as parlamentares negras do PSOL pelo Brasil","twitter_description":"Marielle Franco floresceu e ganhou sementes por todo o Brasil.","twitter_image":"https:\/\/psol50.org.br\/inc\/uploads\/2020\/12\/Arte_Marielle.jpg","twitter_creator":"@psol50","twitter_site":"@psol50","twitter_misc":{"Escrito por":"Comunica\u00e7\u00e3o PSOL","Est. tempo de leitura":"7 minutos"},"schema":{"@context":"https:\/\/schema.org","@graph":[{"@type":"Article","@id":"https:\/\/psol50.org.br\/sementes-de-marielle-conheca-as-parlamentares-negras-do-psol-pelo-brasil\/#article","isPartOf":{"@id":"https:\/\/psol50.org.br\/sementes-de-marielle-conheca-as-parlamentares-negras-do-psol-pelo-brasil\/"},"author":{"name":"Comunica\u00e7\u00e3o PSOL","@id":"https:\/\/psol50.org.br\/#\/schema\/person\/475dfa57d0b815993c714c2e96491fcd"},"headline":"Sementes de Marielle: Conhe\u00e7a as parlamentares negras do PSOL pelo Brasil","datePublished":"2020-12-07T21:47:14+00:00","mainEntityOfPage":{"@id":"https:\/\/psol50.org.br\/sementes-de-marielle-conheca-as-parlamentares-negras-do-psol-pelo-brasil\/"},"wordCount":1385,"publisher":{"@id":"https:\/\/psol50.org.br\/#organization"},"image":{"@id":"https:\/\/psol50.org.br\/sementes-de-marielle-conheca-as-parlamentares-negras-do-psol-pelo-brasil\/#primaryimage"},"thumbnailUrl":"https:\/\/psol50.org.br\/inc\/uploads\/2020\/12\/Arte_Marielle.jpg","keywords":["1000 dias","Anderson Gomes","Marielle","Marielle Franco"],"articleSection":["Not\u00edcias","Partido"],"inLanguage":"pt-BR"},{"@type":"WebPage","@id":"https:\/\/psol50.org.br\/sementes-de-marielle-conheca-as-parlamentares-negras-do-psol-pelo-brasil\/","url":"https:\/\/psol50.org.br\/sementes-de-marielle-conheca-as-parlamentares-negras-do-psol-pelo-brasil\/","name":"Sementes de Marielle: Conhe\u00e7a as parlamentares negras do PSOL pelo Brasil","isPartOf":{"@id":"https:\/\/psol50.org.br\/#website"},"primaryImageOfPage":{"@id":"https:\/\/psol50.org.br\/sementes-de-marielle-conheca-as-parlamentares-negras-do-psol-pelo-brasil\/#primaryimage"},"image":{"@id":"https:\/\/psol50.org.br\/sementes-de-marielle-conheca-as-parlamentares-negras-do-psol-pelo-brasil\/#primaryimage"},"thumbnailUrl":"https:\/\/psol50.org.br\/inc\/uploads\/2020\/12\/Arte_Marielle.jpg","datePublished":"2020-12-07T21:47:14+00:00","description":"Marielle Franco floresceu e ganhou sementes por todo o Brasil.","breadcrumb":{"@id":"https:\/\/psol50.org.br\/sementes-de-marielle-conheca-as-parlamentares-negras-do-psol-pelo-brasil\/#breadcrumb"},"inLanguage":"pt-BR","potentialAction":[{"@type":"ReadAction","target":["https:\/\/psol50.org.br\/sementes-de-marielle-conheca-as-parlamentares-negras-do-psol-pelo-brasil\/"]}]},{"@type":"ImageObject","inLanguage":"pt-BR","@id":"https:\/\/psol50.org.br\/sementes-de-marielle-conheca-as-parlamentares-negras-do-psol-pelo-brasil\/#primaryimage","url":"https:\/\/psol50.org.br\/inc\/uploads\/2020\/12\/Arte_Marielle.jpg","contentUrl":"https:\/\/psol50.org.br\/inc\/uploads\/2020\/12\/Arte_Marielle.jpg","width":1024,"height":576},{"@type":"BreadcrumbList","@id":"https:\/\/psol50.org.br\/sementes-de-marielle-conheca-as-parlamentares-negras-do-psol-pelo-brasil\/#breadcrumb","itemListElement":[{"@type":"ListItem","position":1,"name":"In\u00edcio","item":"https:\/\/psol50.org.br\/"},{"@type":"ListItem","position":2,"name":"Sementes de Marielle: Conhe\u00e7a as parlamentares negras do PSOL pelo Brasil"}]},{"@type":"WebSite","@id":"https:\/\/psol50.org.br\/#website","url":"https:\/\/psol50.org.br\/","name":"PSOL 50","description":"Site oficial do Partido Socialismo e Liberdade","publisher":{"@id":"https:\/\/psol50.org.br\/#organization"},"alternateName":"PSOL50","potentialAction":[{"@type":"SearchAction","target":{"@type":"EntryPoint","urlTemplate":"https:\/\/psol50.org.br\/?s={search_term_string}"},"query-input":{"@type":"PropertyValueSpecification","valueRequired":true,"valueName":"search_term_string"}}],"inLanguage":"pt-BR"},{"@type":"Organization","@id":"https:\/\/psol50.org.br\/#organization","name":"PSOL 50","alternateName":"PSOL 50","url":"https:\/\/psol50.org.br\/","logo":{"@type":"ImageObject","inLanguage":"pt-BR","@id":"https:\/\/psol50.org.br\/#\/schema\/logo\/image\/","url":"https:\/\/psol50.org.br\/inc\/uploads\/2018\/07\/capa.png","contentUrl":"https:\/\/psol50.org.br\/inc\/uploads\/2018\/07\/capa.png","width":1350,"height":900,"caption":"PSOL 50"},"image":{"@id":"https:\/\/psol50.org.br\/#\/schema\/logo\/image\/"},"sameAs":["https:\/\/www.facebook.com\/psol50","https:\/\/x.com\/psol50","https:\/\/www.instagram.com\/psol50\/","https:\/\/www.youtube.com\/channel\/UC7SnJS5o1os7a6CaiNabzcg"]},{"@type":"Person","@id":"https:\/\/psol50.org.br\/#\/schema\/person\/475dfa57d0b815993c714c2e96491fcd","name":"Comunica\u00e7\u00e3o PSOL","image":{"@type":"ImageObject","inLanguage":"pt-BR","@id":"https:\/\/psol50.org.br\/#\/schema\/person\/image\/","url":"https:\/\/secure.gravatar.com\/avatar\/b34fc4f4e468a4e51785917065a3db57b841f5c95dba6ad8c73aaf8f66f8f9bf?s=96&d=mm&r=g","contentUrl":"https:\/\/secure.gravatar.com\/avatar\/b34fc4f4e468a4e51785917065a3db57b841f5c95dba6ad8c73aaf8f66f8f9bf?s=96&d=mm&r=g","caption":"Comunica\u00e7\u00e3o PSOL"}}]}},"_links":{"self":[{"href":"https:\/\/psol50.org.br\/rest\/wp\/v2\/posts\/31421","targetHints":{"allow":["GET"]}}],"collection":[{"href":"https:\/\/psol50.org.br\/rest\/wp\/v2\/posts"}],"about":[{"href":"https:\/\/psol50.org.br\/rest\/wp\/v2\/types\/post"}],"author":[{"embeddable":true,"href":"https:\/\/psol50.org.br\/rest\/wp\/v2\/users\/2"}],"replies":[{"embeddable":true,"href":"https:\/\/psol50.org.br\/rest\/wp\/v2\/comments?post=31421"}],"version-history":[{"count":0,"href":"https:\/\/psol50.org.br\/rest\/wp\/v2\/posts\/31421\/revisions"}],"wp:featuredmedia":[{"embeddable":true,"href":"https:\/\/psol50.org.br\/rest\/wp\/v2\/media\/31422"}],"wp:attachment":[{"href":"https:\/\/psol50.org.br\/rest\/wp\/v2\/media?parent=31421"}],"wp:term":[{"taxonomy":"category","embeddable":true,"href":"https:\/\/psol50.org.br\/rest\/wp\/v2\/categories?post=31421"},{"taxonomy":"post_tag","embeddable":true,"href":"https:\/\/psol50.org.br\/rest\/wp\/v2\/tags?post=31421"}],"curies":[{"name":"wp","href":"https:\/\/api.w.org\/{rel}","templated":true}]}}