{"id":31424,"date":"2020-12-07T18:45:44","date_gmt":"2020-12-07T21:45:44","guid":{"rendered":"https:\/\/psol50.org.br\/?p=31424"},"modified":"2020-12-07T18:45:44","modified_gmt":"2020-12-07T21:45:44","slug":"assine-para-que-14-de-marco-seja-dia-das-defensoras-dos-direitos-humanos","status":"publish","type":"post","link":"https:\/\/psol50.org.br\/assine-para-que-14-de-marco-seja-dia-das-defensoras-dos-direitos-humanos\/","title":{"rendered":"Assine para que 14 de mar\u00e7o seja o Dia das Defensoras e Defensores dos Direitos Humanos"},"content":{"rendered":"<p><a href=\"https:\/\/psol50.org.br\/rendajusta\/\" target=\"_blank\" rel=\"noopener noreferrer\"><img loading=\"lazy\" decoding=\"async\" class=\"size-full wp-image-30552 alignnone\" src=\"https:\/\/psol50.org.br\/inc\/uploads\/2020\/08\/21-08-2020_LancamentoRendaJusta-2.png\" alt=\"\" width=\"1920\" height=\"383\" srcset=\"https:\/\/psol50.org.br\/inc\/uploads\/2020\/08\/21-08-2020_LancamentoRendaJusta-2.png 1920w, https:\/\/psol50.org.br\/inc\/uploads\/2020\/08\/21-08-2020_LancamentoRendaJusta-2-300x60.png 300w, https:\/\/psol50.org.br\/inc\/uploads\/2020\/08\/21-08-2020_LancamentoRendaJusta-2-1024x204.png 1024w, https:\/\/psol50.org.br\/inc\/uploads\/2020\/08\/21-08-2020_LancamentoRendaJusta-2-768x153.png 768w, https:\/\/psol50.org.br\/inc\/uploads\/2020\/08\/21-08-2020_LancamentoRendaJusta-2-1536x306.png 1536w, https:\/\/psol50.org.br\/inc\/uploads\/2020\/08\/21-08-2020_LancamentoRendaJusta-2-150x30.png 150w, https:\/\/psol50.org.br\/inc\/uploads\/2020\/08\/21-08-2020_LancamentoRendaJusta-2-696x139.png 696w, https:\/\/psol50.org.br\/inc\/uploads\/2020\/08\/21-08-2020_LancamentoRendaJusta-2-1068x213.png 1068w\" sizes=\"auto, (max-width: 1920px) 100vw, 1920px\" \/><\/a><\/p>\n<p>Nesta ter\u00e7a-feira (8), estamos completando 1000 dias do assassinato pol\u00edtico da vereadora Marielle Franco (PSOL-RJ), que aconteceu no dia 14 de mar\u00e7o de 2018. O PSOL tem uma plataforma online para coletar assinaturas para pressionar pela aprova\u00e7\u00e3o de um projeto que transforma o dia 14 de mar\u00e7o em Dia das Defensoras e Defensores dos Direitos Humanos. O projeto \u00e9 assinado e encabe\u00e7ado pelas deputadas e deputados negros do partido: Tal\u00edria Petrone, \u00c1urea Carolina e David Miranda.<\/p>\n<p>O Brasil \u00e9 o pa\u00eds com maior \u00edndice de assassinatos de defensoras e defensores de direitos humanos. S\u00f3 em 2018, ano do assassinato de Marielle, foram 57. Para esta estat\u00edstica mudar, \u00e9 fundamental dar visibilidade \u00e0 luta e prote\u00e7\u00e3o a estes ativistas que s\u00e3o fundamentais para a defesa e manuten\u00e7\u00e3o da democracia.<\/p>\n<p><a href=\"https:\/\/psol50.org.br\/diadosdireitoshumanos\/\"><strong>Acesse a plataforma<\/strong><\/a>, assine e compartilhe para mostrar seu apoio a este projeto que ajuda a garantir a seguran\u00e7a de ativistas como foi Marielle Franco. Para manter seu legado e lev\u00e1-lo adiante.<\/p>\n<p><a href=\"https:\/\/impeachmentpopular.com.br\/\" target=\"_blank\" rel=\"noopener noreferrer\"><img loading=\"lazy\" decoding=\"async\" class=\"size-full wp-image-29118 alignnone\" src=\"https:\/\/psol50.org.br\/inc\/uploads\/2020\/05\/Email_Impeachment.png\" alt=\"\" width=\"1080\" height=\"250\" srcset=\"https:\/\/psol50.org.br\/inc\/uploads\/2020\/05\/Email_Impeachment.png 1080w, https:\/\/psol50.org.br\/inc\/uploads\/2020\/05\/Email_Impeachment-300x69.png 300w, https:\/\/psol50.org.br\/inc\/uploads\/2020\/05\/Email_Impeachment-1024x237.png 1024w, https:\/\/psol50.org.br\/inc\/uploads\/2020\/05\/Email_Impeachment-768x178.png 768w, https:\/\/psol50.org.br\/inc\/uploads\/2020\/05\/Email_Impeachment-150x35.png 150w, https:\/\/psol50.org.br\/inc\/uploads\/2020\/05\/Email_Impeachment-696x161.png 696w, https:\/\/psol50.org.br\/inc\/uploads\/2020\/05\/Email_Impeachment-1068x247.png 1068w\" sizes=\"auto, (max-width: 1080px) 100vw, 1080px\" \/><\/a><\/p>\n","protected":false},"excerpt":{"rendered":"<p>Nesta ter\u00e7a-feira (8), estamos completando 1000 dias do assassinato pol\u00edtico da vereadora Marielle Franco (PSOL-RJ), que aconteceu no dia 14 de mar\u00e7o de 2018. O PSOL tem uma plataforma online para coletar assinaturas para pressionar pela aprova\u00e7\u00e3o de um projeto que transforma o dia 14 de mar\u00e7o em Dia das Defensoras e Defensores dos Direitos [&hellip;]<\/p>\n","protected":false},"author":2,"featured_media":31453,"comment_status":"closed","ping_status":"open","sticky":false,"template":"","format":"standard","meta":{"_acf_changed":false,"footnotes":""},"categories":[6,14],"tags":[1303,1304,107,194],"class_list":{"0":"post-31424","1":"post","2":"type-post","3":"status-publish","4":"format-standard","5":"has-post-thumbnail","7":"category-noticias","8":"category-partido","9":"tag-1000-dias","10":"tag-anderson-gomes","11":"tag-marielle","12":"tag-marielle-franco"},"acf":[],"yoast_head":"<!-- This site is optimized with the Yoast SEO plugin v26.5 - https:\/\/yoast.com\/wordpress\/plugins\/seo\/ -->\n<title>Assine para que 14 de mar\u00e7o seja o Dia das Defensoras e Defensores dos Direitos Humanos<\/title>\n<meta name=\"description\" content=\"Nesta ter\u00e7a-feira, completam 1000 dias do assassinato pol\u00edtico da vereadora Marielle Franco, que aconteceu no dia 14 de mar\u00e7o de 2018.\" \/>\n<meta name=\"robots\" content=\"index, follow, max-snippet:-1, max-image-preview:large, max-video-preview:-1\" \/>\n<link rel=\"canonical\" href=\"https:\/\/psol50.org.br\/assine-para-que-14-de-marco-seja-dia-das-defensoras-dos-direitos-humanos\/\" \/>\n<meta property=\"og:locale\" content=\"pt_BR\" \/>\n<meta property=\"og:type\" content=\"article\" \/>\n<meta property=\"og:title\" content=\"Assine para que 14 de mar\u00e7o seja o Dia das Defensoras e Defensores dos Direitos Humanos\" \/>\n<meta property=\"og:description\" content=\"Nesta ter\u00e7a-feira, completam 1000 dias do assassinato pol\u00edtico da vereadora Marielle Franco, que aconteceu no dia 14 de mar\u00e7o de 2018.\" \/>\n<meta property=\"og:url\" content=\"https:\/\/psol50.org.br\/assine-para-que-14-de-marco-seja-dia-das-defensoras-dos-direitos-humanos\/\" \/>\n<meta property=\"og:site_name\" content=\"PSOL 50\" \/>\n<meta property=\"article:publisher\" content=\"https:\/\/www.facebook.com\/psol50\" \/>\n<meta property=\"article:published_time\" content=\"2020-12-07T21:45:44+00:00\" \/>\n<meta property=\"og:image\" content=\"https:\/\/psol50.org.br\/inc\/uploads\/2020\/12\/20-11-2019_Dia_DH_Site-880x460-1.png\" \/>\n\t<meta property=\"og:image:width\" content=\"880\" \/>\n\t<meta property=\"og:image:height\" content=\"460\" \/>\n\t<meta property=\"og:image:type\" content=\"image\/png\" \/>\n<meta name=\"author\" content=\"Comunica\u00e7\u00e3o PSOL\" \/>\n<meta name=\"twitter:card\" content=\"summary_large_image\" \/>\n<meta name=\"twitter:title\" content=\"Assine para que 14 de mar\u00e7o seja o Dia das Defensoras e Defensores dos Direitos Humanos\" \/>\n<meta name=\"twitter:description\" content=\"Nesta ter\u00e7a-feira, completam 1000 dias do assassinato pol\u00edtico da vereadora Marielle Franco, que aconteceu no dia 14 de mar\u00e7o de 2018.\" \/>\n<meta name=\"twitter:image\" content=\"https:\/\/psol50.org.br\/inc\/uploads\/2020\/12\/20-11-2019_Dia_DH_Site-880x460-1.png\" \/>\n<meta name=\"twitter:creator\" content=\"@psol50\" \/>\n<meta name=\"twitter:site\" content=\"@psol50\" \/>\n<meta name=\"twitter:label1\" content=\"Escrito por\" \/>\n\t<meta name=\"twitter:data1\" content=\"Comunica\u00e7\u00e3o PSOL\" \/>\n\t<meta name=\"twitter:label2\" content=\"Est. tempo de leitura\" \/>\n\t<meta name=\"twitter:data2\" content=\"1 minuto\" \/>\n<script type=\"application\/ld+json\" class=\"yoast-schema-graph\">{\"@context\":\"https:\/\/schema.org\",\"@graph\":[{\"@type\":\"Article\",\"@id\":\"https:\/\/psol50.org.br\/assine-para-que-14-de-marco-seja-dia-das-defensoras-dos-direitos-humanos\/#article\",\"isPartOf\":{\"@id\":\"https:\/\/psol50.org.br\/assine-para-que-14-de-marco-seja-dia-das-defensoras-dos-direitos-humanos\/\"},\"author\":{\"name\":\"Comunica\u00e7\u00e3o PSOL\",\"@id\":\"https:\/\/psol50.org.br\/#\/schema\/person\/475dfa57d0b815993c714c2e96491fcd\"},\"headline\":\"Assine para que 14 de mar\u00e7o seja o Dia das Defensoras e Defensores dos Direitos Humanos\",\"datePublished\":\"2020-12-07T21:45:44+00:00\",\"mainEntityOfPage\":{\"@id\":\"https:\/\/psol50.org.br\/assine-para-que-14-de-marco-seja-dia-das-defensoras-dos-direitos-humanos\/\"},\"wordCount\":179,\"publisher\":{\"@id\":\"https:\/\/psol50.org.br\/#organization\"},\"image\":{\"@id\":\"https:\/\/psol50.org.br\/assine-para-que-14-de-marco-seja-dia-das-defensoras-dos-direitos-humanos\/#primaryimage\"},\"thumbnailUrl\":\"https:\/\/psol50.org.br\/inc\/uploads\/2020\/12\/20-11-2019_Dia_DH_Site-880x460-1.png\",\"keywords\":[\"1000 dias\",\"Anderson Gomes\",\"Marielle\",\"Marielle Franco\"],\"articleSection\":[\"Not\u00edcias\",\"Partido\"],\"inLanguage\":\"pt-BR\"},{\"@type\":\"WebPage\",\"@id\":\"https:\/\/psol50.org.br\/assine-para-que-14-de-marco-seja-dia-das-defensoras-dos-direitos-humanos\/\",\"url\":\"https:\/\/psol50.org.br\/assine-para-que-14-de-marco-seja-dia-das-defensoras-dos-direitos-humanos\/\",\"name\":\"Assine para que 14 de mar\u00e7o seja o Dia das Defensoras e Defensores dos Direitos Humanos\",\"isPartOf\":{\"@id\":\"https:\/\/psol50.org.br\/#website\"},\"primaryImageOfPage\":{\"@id\":\"https:\/\/psol50.org.br\/assine-para-que-14-de-marco-seja-dia-das-defensoras-dos-direitos-humanos\/#primaryimage\"},\"image\":{\"@id\":\"https:\/\/psol50.org.br\/assine-para-que-14-de-marco-seja-dia-das-defensoras-dos-direitos-humanos\/#primaryimage\"},\"thumbnailUrl\":\"https:\/\/psol50.org.br\/inc\/uploads\/2020\/12\/20-11-2019_Dia_DH_Site-880x460-1.png\",\"datePublished\":\"2020-12-07T21:45:44+00:00\",\"description\":\"Nesta ter\u00e7a-feira, completam 1000 dias do assassinato pol\u00edtico da vereadora Marielle Franco, que aconteceu no dia 14 de mar\u00e7o de 2018.\",\"breadcrumb\":{\"@id\":\"https:\/\/psol50.org.br\/assine-para-que-14-de-marco-seja-dia-das-defensoras-dos-direitos-humanos\/#breadcrumb\"},\"inLanguage\":\"pt-BR\",\"potentialAction\":[{\"@type\":\"ReadAction\",\"target\":[\"https:\/\/psol50.org.br\/assine-para-que-14-de-marco-seja-dia-das-defensoras-dos-direitos-humanos\/\"]}]},{\"@type\":\"ImageObject\",\"inLanguage\":\"pt-BR\",\"@id\":\"https:\/\/psol50.org.br\/assine-para-que-14-de-marco-seja-dia-das-defensoras-dos-direitos-humanos\/#primaryimage\",\"url\":\"https:\/\/psol50.org.br\/inc\/uploads\/2020\/12\/20-11-2019_Dia_DH_Site-880x460-1.png\",\"contentUrl\":\"https:\/\/psol50.org.br\/inc\/uploads\/2020\/12\/20-11-2019_Dia_DH_Site-880x460-1.png\",\"width\":880,\"height\":460},{\"@type\":\"BreadcrumbList\",\"@id\":\"https:\/\/psol50.org.br\/assine-para-que-14-de-marco-seja-dia-das-defensoras-dos-direitos-humanos\/#breadcrumb\",\"itemListElement\":[{\"@type\":\"ListItem\",\"position\":1,\"name\":\"In\u00edcio\",\"item\":\"https:\/\/psol50.org.br\/\"},{\"@type\":\"ListItem\",\"position\":2,\"name\":\"Assine para que 14 de mar\u00e7o seja o Dia das Defensoras e Defensores dos Direitos Humanos\"}]},{\"@type\":\"WebSite\",\"@id\":\"https:\/\/psol50.org.br\/#website\",\"url\":\"https:\/\/psol50.org.br\/\",\"name\":\"PSOL 50\",\"description\":\"Site oficial do Partido Socialismo e Liberdade\",\"publisher\":{\"@id\":\"https:\/\/psol50.org.br\/#organization\"},\"alternateName\":\"PSOL50\",\"potentialAction\":[{\"@type\":\"SearchAction\",\"target\":{\"@type\":\"EntryPoint\",\"urlTemplate\":\"https:\/\/psol50.org.br\/?s={search_term_string}\"},\"query-input\":{\"@type\":\"PropertyValueSpecification\",\"valueRequired\":true,\"valueName\":\"search_term_string\"}}],\"inLanguage\":\"pt-BR\"},{\"@type\":\"Organization\",\"@id\":\"https:\/\/psol50.org.br\/#organization\",\"name\":\"PSOL 50\",\"alternateName\":\"PSOL 50\",\"url\":\"https:\/\/psol50.org.br\/\",\"logo\":{\"@type\":\"ImageObject\",\"inLanguage\":\"pt-BR\",\"@id\":\"https:\/\/psol50.org.br\/#\/schema\/logo\/image\/\",\"url\":\"https:\/\/psol50.org.br\/inc\/uploads\/2018\/07\/capa.png\",\"contentUrl\":\"https:\/\/psol50.org.br\/inc\/uploads\/2018\/07\/capa.png\",\"width\":1350,\"height\":900,\"caption\":\"PSOL 50\"},\"image\":{\"@id\":\"https:\/\/psol50.org.br\/#\/schema\/logo\/image\/\"},\"sameAs\":[\"https:\/\/www.facebook.com\/psol50\",\"https:\/\/x.com\/psol50\",\"https:\/\/www.instagram.com\/psol50\/\",\"https:\/\/www.youtube.com\/channel\/UC7SnJS5o1os7a6CaiNabzcg\"]},{\"@type\":\"Person\",\"@id\":\"https:\/\/psol50.org.br\/#\/schema\/person\/475dfa57d0b815993c714c2e96491fcd\",\"name\":\"Comunica\u00e7\u00e3o PSOL\",\"image\":{\"@type\":\"ImageObject\",\"inLanguage\":\"pt-BR\",\"@id\":\"https:\/\/psol50.org.br\/#\/schema\/person\/image\/\",\"url\":\"https:\/\/secure.gravatar.com\/avatar\/b34fc4f4e468a4e51785917065a3db57b841f5c95dba6ad8c73aaf8f66f8f9bf?s=96&d=mm&r=g\",\"contentUrl\":\"https:\/\/secure.gravatar.com\/avatar\/b34fc4f4e468a4e51785917065a3db57b841f5c95dba6ad8c73aaf8f66f8f9bf?s=96&d=mm&r=g\",\"caption\":\"Comunica\u00e7\u00e3o PSOL\"}}]}<\/script>\n<!-- \/ Yoast SEO plugin. -->","yoast_head_json":{"title":"Assine para que 14 de mar\u00e7o seja o Dia das Defensoras e Defensores dos Direitos Humanos","description":"Nesta ter\u00e7a-feira, completam 1000 dias do assassinato pol\u00edtico da vereadora Marielle Franco, que aconteceu no dia 14 de mar\u00e7o de 2018.","robots":{"index":"index","follow":"follow","max-snippet":"max-snippet:-1","max-image-preview":"max-image-preview:large","max-video-preview":"max-video-preview:-1"},"canonical":"https:\/\/psol50.org.br\/assine-para-que-14-de-marco-seja-dia-das-defensoras-dos-direitos-humanos\/","og_locale":"pt_BR","og_type":"article","og_title":"Assine para que 14 de mar\u00e7o seja o Dia das Defensoras e Defensores dos Direitos Humanos","og_description":"Nesta ter\u00e7a-feira, completam 1000 dias do assassinato pol\u00edtico da vereadora Marielle Franco, que aconteceu no dia 14 de mar\u00e7o de 2018.","og_url":"https:\/\/psol50.org.br\/assine-para-que-14-de-marco-seja-dia-das-defensoras-dos-direitos-humanos\/","og_site_name":"PSOL 50","article_publisher":"https:\/\/www.facebook.com\/psol50","article_published_time":"2020-12-07T21:45:44+00:00","og_image":[{"width":880,"height":460,"url":"https:\/\/psol50.org.br\/inc\/uploads\/2020\/12\/20-11-2019_Dia_DH_Site-880x460-1.png","type":"image\/png"}],"author":"Comunica\u00e7\u00e3o PSOL","twitter_card":"summary_large_image","twitter_title":"Assine para que 14 de mar\u00e7o seja o Dia das Defensoras e Defensores dos Direitos Humanos","twitter_description":"Nesta ter\u00e7a-feira, completam 1000 dias do assassinato pol\u00edtico da vereadora Marielle Franco, que aconteceu no dia 14 de mar\u00e7o de 2018.","twitter_image":"https:\/\/psol50.org.br\/inc\/uploads\/2020\/12\/20-11-2019_Dia_DH_Site-880x460-1.png","twitter_creator":"@psol50","twitter_site":"@psol50","twitter_misc":{"Escrito por":"Comunica\u00e7\u00e3o PSOL","Est. tempo de leitura":"1 minuto"},"schema":{"@context":"https:\/\/schema.org","@graph":[{"@type":"Article","@id":"https:\/\/psol50.org.br\/assine-para-que-14-de-marco-seja-dia-das-defensoras-dos-direitos-humanos\/#article","isPartOf":{"@id":"https:\/\/psol50.org.br\/assine-para-que-14-de-marco-seja-dia-das-defensoras-dos-direitos-humanos\/"},"author":{"name":"Comunica\u00e7\u00e3o PSOL","@id":"https:\/\/psol50.org.br\/#\/schema\/person\/475dfa57d0b815993c714c2e96491fcd"},"headline":"Assine para que 14 de mar\u00e7o seja o Dia das Defensoras e Defensores dos Direitos Humanos","datePublished":"2020-12-07T21:45:44+00:00","mainEntityOfPage":{"@id":"https:\/\/psol50.org.br\/assine-para-que-14-de-marco-seja-dia-das-defensoras-dos-direitos-humanos\/"},"wordCount":179,"publisher":{"@id":"https:\/\/psol50.org.br\/#organization"},"image":{"@id":"https:\/\/psol50.org.br\/assine-para-que-14-de-marco-seja-dia-das-defensoras-dos-direitos-humanos\/#primaryimage"},"thumbnailUrl":"https:\/\/psol50.org.br\/inc\/uploads\/2020\/12\/20-11-2019_Dia_DH_Site-880x460-1.png","keywords":["1000 dias","Anderson Gomes","Marielle","Marielle Franco"],"articleSection":["Not\u00edcias","Partido"],"inLanguage":"pt-BR"},{"@type":"WebPage","@id":"https:\/\/psol50.org.br\/assine-para-que-14-de-marco-seja-dia-das-defensoras-dos-direitos-humanos\/","url":"https:\/\/psol50.org.br\/assine-para-que-14-de-marco-seja-dia-das-defensoras-dos-direitos-humanos\/","name":"Assine para que 14 de mar\u00e7o seja o Dia das Defensoras e Defensores dos Direitos Humanos","isPartOf":{"@id":"https:\/\/psol50.org.br\/#website"},"primaryImageOfPage":{"@id":"https:\/\/psol50.org.br\/assine-para-que-14-de-marco-seja-dia-das-defensoras-dos-direitos-humanos\/#primaryimage"},"image":{"@id":"https:\/\/psol50.org.br\/assine-para-que-14-de-marco-seja-dia-das-defensoras-dos-direitos-humanos\/#primaryimage"},"thumbnailUrl":"https:\/\/psol50.org.br\/inc\/uploads\/2020\/12\/20-11-2019_Dia_DH_Site-880x460-1.png","datePublished":"2020-12-07T21:45:44+00:00","description":"Nesta ter\u00e7a-feira, completam 1000 dias do assassinato pol\u00edtico da vereadora Marielle Franco, que aconteceu no dia 14 de mar\u00e7o de 2018.","breadcrumb":{"@id":"https:\/\/psol50.org.br\/assine-para-que-14-de-marco-seja-dia-das-defensoras-dos-direitos-humanos\/#breadcrumb"},"inLanguage":"pt-BR","potentialAction":[{"@type":"ReadAction","target":["https:\/\/psol50.org.br\/assine-para-que-14-de-marco-seja-dia-das-defensoras-dos-direitos-humanos\/"]}]},{"@type":"ImageObject","inLanguage":"pt-BR","@id":"https:\/\/psol50.org.br\/assine-para-que-14-de-marco-seja-dia-das-defensoras-dos-direitos-humanos\/#primaryimage","url":"https:\/\/psol50.org.br\/inc\/uploads\/2020\/12\/20-11-2019_Dia_DH_Site-880x460-1.png","contentUrl":"https:\/\/psol50.org.br\/inc\/uploads\/2020\/12\/20-11-2019_Dia_DH_Site-880x460-1.png","width":880,"height":460},{"@type":"BreadcrumbList","@id":"https:\/\/psol50.org.br\/assine-para-que-14-de-marco-seja-dia-das-defensoras-dos-direitos-humanos\/#breadcrumb","itemListElement":[{"@type":"ListItem","position":1,"name":"In\u00edcio","item":"https:\/\/psol50.org.br\/"},{"@type":"ListItem","position":2,"name":"Assine para que 14 de mar\u00e7o seja o Dia das Defensoras e Defensores dos Direitos Humanos"}]},{"@type":"WebSite","@id":"https:\/\/psol50.org.br\/#website","url":"https:\/\/psol50.org.br\/","name":"PSOL 50","description":"Site oficial do Partido Socialismo e Liberdade","publisher":{"@id":"https:\/\/psol50.org.br\/#organization"},"alternateName":"PSOL50","potentialAction":[{"@type":"SearchAction","target":{"@type":"EntryPoint","urlTemplate":"https:\/\/psol50.org.br\/?s={search_term_string}"},"query-input":{"@type":"PropertyValueSpecification","valueRequired":true,"valueName":"search_term_string"}}],"inLanguage":"pt-BR"},{"@type":"Organization","@id":"https:\/\/psol50.org.br\/#organization","name":"PSOL 50","alternateName":"PSOL 50","url":"https:\/\/psol50.org.br\/","logo":{"@type":"ImageObject","inLanguage":"pt-BR","@id":"https:\/\/psol50.org.br\/#\/schema\/logo\/image\/","url":"https:\/\/psol50.org.br\/inc\/uploads\/2018\/07\/capa.png","contentUrl":"https:\/\/psol50.org.br\/inc\/uploads\/2018\/07\/capa.png","width":1350,"height":900,"caption":"PSOL 50"},"image":{"@id":"https:\/\/psol50.org.br\/#\/schema\/logo\/image\/"},"sameAs":["https:\/\/www.facebook.com\/psol50","https:\/\/x.com\/psol50","https:\/\/www.instagram.com\/psol50\/","https:\/\/www.youtube.com\/channel\/UC7SnJS5o1os7a6CaiNabzcg"]},{"@type":"Person","@id":"https:\/\/psol50.org.br\/#\/schema\/person\/475dfa57d0b815993c714c2e96491fcd","name":"Comunica\u00e7\u00e3o PSOL","image":{"@type":"ImageObject","inLanguage":"pt-BR","@id":"https:\/\/psol50.org.br\/#\/schema\/person\/image\/","url":"https:\/\/secure.gravatar.com\/avatar\/b34fc4f4e468a4e51785917065a3db57b841f5c95dba6ad8c73aaf8f66f8f9bf?s=96&d=mm&r=g","contentUrl":"https:\/\/secure.gravatar.com\/avatar\/b34fc4f4e468a4e51785917065a3db57b841f5c95dba6ad8c73aaf8f66f8f9bf?s=96&d=mm&r=g","caption":"Comunica\u00e7\u00e3o PSOL"}}]}},"_links":{"self":[{"href":"https:\/\/psol50.org.br\/rest\/wp\/v2\/posts\/31424","targetHints":{"allow":["GET"]}}],"collection":[{"href":"https:\/\/psol50.org.br\/rest\/wp\/v2\/posts"}],"about":[{"href":"https:\/\/psol50.org.br\/rest\/wp\/v2\/types\/post"}],"author":[{"embeddable":true,"href":"https:\/\/psol50.org.br\/rest\/wp\/v2\/users\/2"}],"replies":[{"embeddable":true,"href":"https:\/\/psol50.org.br\/rest\/wp\/v2\/comments?post=31424"}],"version-history":[{"count":0,"href":"https:\/\/psol50.org.br\/rest\/wp\/v2\/posts\/31424\/revisions"}],"wp:featuredmedia":[{"embeddable":true,"href":"https:\/\/psol50.org.br\/rest\/wp\/v2\/media\/31453"}],"wp:attachment":[{"href":"https:\/\/psol50.org.br\/rest\/wp\/v2\/media?parent=31424"}],"wp:term":[{"taxonomy":"category","embeddable":true,"href":"https:\/\/psol50.org.br\/rest\/wp\/v2\/categories?post=31424"},{"taxonomy":"post_tag","embeddable":true,"href":"https:\/\/psol50.org.br\/rest\/wp\/v2\/tags?post=31424"}],"curies":[{"name":"wp","href":"https:\/\/api.w.org\/{rel}","templated":true}]}}