{"id":31456,"date":"2020-12-07T20:12:40","date_gmt":"2020-12-07T23:12:40","guid":{"rendered":"https:\/\/psol50.org.br\/?p=31456"},"modified":"2020-12-07T20:12:40","modified_gmt":"2020-12-07T23:12:40","slug":"1000-dias-sem-respostas-quem-mandou-matar-marielle-franco-e-anderson-gomes","status":"publish","type":"post","link":"https:\/\/psol50.org.br\/1000-dias-sem-respostas-quem-mandou-matar-marielle-franco-e-anderson-gomes\/","title":{"rendered":"1000 dias sem respostas: Quem mandou matar Marielle Franco e Anderson Gomes?"},"content":{"rendered":"<p><a href=\"https:\/\/psol50.org.br\/rendajusta\/\" target=\"_blank\" rel=\"noopener noreferrer\"><img loading=\"lazy\" decoding=\"async\" class=\"size-full wp-image-30552 alignnone\" src=\"https:\/\/psol50.org.br\/inc\/uploads\/2020\/08\/21-08-2020_LancamentoRendaJusta-2.png\" alt=\"\" width=\"1920\" height=\"383\" srcset=\"https:\/\/psol50.org.br\/inc\/uploads\/2020\/08\/21-08-2020_LancamentoRendaJusta-2.png 1920w, https:\/\/psol50.org.br\/inc\/uploads\/2020\/08\/21-08-2020_LancamentoRendaJusta-2-300x60.png 300w, https:\/\/psol50.org.br\/inc\/uploads\/2020\/08\/21-08-2020_LancamentoRendaJusta-2-1024x204.png 1024w, https:\/\/psol50.org.br\/inc\/uploads\/2020\/08\/21-08-2020_LancamentoRendaJusta-2-768x153.png 768w, https:\/\/psol50.org.br\/inc\/uploads\/2020\/08\/21-08-2020_LancamentoRendaJusta-2-1536x306.png 1536w, https:\/\/psol50.org.br\/inc\/uploads\/2020\/08\/21-08-2020_LancamentoRendaJusta-2-150x30.png 150w, https:\/\/psol50.org.br\/inc\/uploads\/2020\/08\/21-08-2020_LancamentoRendaJusta-2-696x139.png 696w, https:\/\/psol50.org.br\/inc\/uploads\/2020\/08\/21-08-2020_LancamentoRendaJusta-2-1068x213.png 1068w\" sizes=\"auto, (max-width: 1920px) 100vw, 1920px\" \/><\/a><\/p>\n<p>Neste dia 8 de dezembro chegamos a um marco de uma das principais manchas recentes da democracia brasileira: 1000 dias do assassinato pol\u00edtico da vereadora do PSOL Marielle Franco e seu motorista Anderson Gomes no Rio de Janeiro em 14 de mar\u00e7o de 2018. Uma brutal execu\u00e7\u00e3o sum\u00e1ria de uma parlamentar eleita e um trabalhador ainda sem solu\u00e7\u00e3o.<\/p>\n<p>Por v\u00e1rias cidade do Brasil, desde as primeiras horas do dia 8, centenas de pessoas v\u00e3o realizar a\u00e7\u00f5es descentralizadas e simb\u00f3licas nas ruas, pra\u00e7as e janelas para exigir justi\u00e7a para Marielle e Anderson. Faixas, cartazes, interven\u00e7\u00f5es e performances lembram o absurdo dos 1000 dias sem respostas.<\/p>\n<p>O PSOL e seus parlamentares seguem exigindo justi\u00e7a para 1000 dias sem respostas: Quem mandou matar Marielle Franco e Anderson Gomes. A deputada federal Tal\u00edria Petrone, amiga pessoal de Marielle, vem sofrendo uma s\u00e9rie de amea\u00e7as de morte que a impedem, inclusive, de retornar ao estado do Rio de Janeiro com sua filha, Moana Mayal\u00fa. &#8220;A morte de Marielle escancara o que \u00e9 a viol\u00eancia pol\u00edtica no nosso pa\u00eds e quais s\u00e3o os corpos que as elites n\u00e3o querem ver representados&#8221;, alerta Tal\u00edria.<\/p>\n<p>&#8220;H\u00e1 mil dias que o Estado brasileiro n\u00e3o nos responde quem mandou Marielle e qual o motivo desse assassinato pol\u00edtico. S\u00e3o mil dias que cobramos e n\u00e3o d\u00e1 para, numa democracia &#8211; incompleta e fr\u00e1gil -, n\u00e3o termos essas respostas&#8221;, continua a deputada, que era vereadora de Niter\u00f3i quando a amiga Marielle foi assassinada. &#8220;\u00c9 nosso papel continuar repetindo que queremos justi\u00e7a para Marielle e Anderson e continuar lutando suas lutas, at\u00e9 que todos os corpos possam fazer pol\u00edtica verdadeiramente livres&#8221;, continua.<\/p>\n<p>O deputado Marcelo Freixo tamb\u00e9m sempre foi muito pr\u00f3ximo de Marielle Franco, e acompanha de perto as investiga\u00e7\u00f5es do assassinato da amiga que encorajou a assumir a tarefa de ser figura p\u00fablica no Rio de Janeiro. &#8220;H\u00e1 mil dias a democracia brasileira est\u00e1 ferida de morte. Quando exigimos resposta, quando cobramos justi\u00e7a por Marielle e Anderson, n\u00e3o falamos apenas como amigos e familiares que sentem a dor da perda. N\u00f3s falamos como cidad\u00e3os que n\u00e3o aceitam que a viol\u00eancia seja transformada em instrumento de a\u00e7\u00e3o pol\u00edtica e que uma vereadora seja barbaramente executada no pleno exerc\u00edcio do seu mandato&#8221;, declarou Freixo.<\/p>\n<p>A deputada federal \u00c1urea Carolina tamb\u00e9m comenta este &#8220;marco triste&#8221; para a democracia brasileira e uma investiga\u00e7\u00e3o que caminha a &#8220;passos lentos&#8221;. Enquanto Marielle Franco era eleita vereadora do Rio de Janeiro em 2016, \u00c1urea Carolina celebrava sua elei\u00e7\u00e3o como uma das vereadoras mais votadas de Belo Horizonte.<\/p>\n<p>&#8220;Desde sua morte, temos visto a escalada dos casos de viol\u00eancia pol\u00edtica contra todas n\u00f3s mulheres, negras, perif\u00e9ricas e LGBTQIA+. N\u00e3o ser\u00e3o capazes, no entanto, de nos calar. Somos a for\u00e7a viva de Marielle. Sua mem\u00f3ria e legado tornou-se for\u00e7a motriz de uma transforma\u00e7\u00e3o que nos ultrapassa&#8221;, afirmou \u00c1urea.<\/p>\n<p>&#8220;Evocam seu nome mulheres negras &#8211; sementes de Marielle Franco -, defensoras e defensores de Direitos Humanos em todo o mundo, aquelas e aqueles que lutam pela democracia. Estamos unidas neste marco triste da nossa hist\u00f3ria por justi\u00e7a e para que nenhuma de n\u00f3s volte a ser v\u00edtima fatal do \u00f3dio&#8221;, continua \u00c1urea Carolina, uma das &#8220;sementes de Marielle&#8221; na pol\u00edtica brasileira.<\/p>\n<p>O presidente nacional do PSOL, Juliano Medeiros, reafirmou o compromisso do partido com a cobran\u00e7a incans\u00e1vel por respostas e por justi\u00e7a para Marielle Franco e Anderson Gomes. &#8220;Os 1000 dias sem respostas sobre os mandantes e as motiva\u00e7\u00f5es por tr\u00e1s do assassinato de Marielle e Anderson s\u00e3o a prova de que o Estado brasileiro n\u00e3o respeita a vida de uma mulher socialista e negra eleita. Exigimos respostas&#8221;, garante Juliano.<\/p>\n<p>A l\u00edder da bancada do PSOL na C\u00e2mara, S\u00e2mia Bomfim, convoca a todas e todos para participar das manifesta\u00e7\u00f5es que v\u00e3o exigir justi\u00e7a para Marielle Franco. &#8220;Para lembrar a data, exigir justi\u00e7a e reivindicar o legado da grande mulher que foi Marielle Franco, ativistas de todo o Brasil realizar\u00e3o interven\u00e7\u00f5es urbanas desde o in\u00edcio do dia. Nas redes sociais, tamb\u00e9m est\u00e3o sendo convocadas mobiliza\u00e7\u00f5es virtuais, tuita\u00e7os e lives. O Brasil exige respostas e n\u00e3o descansaremos at\u00e9 que elas nos sejam dadas&#8221;, disse S\u00e2mia Bomfim.<\/p>\n<p><a href=\"https:\/\/impeachmentpopular.com.br\/\" target=\"_blank\" rel=\"noopener noreferrer\"><img loading=\"lazy\" decoding=\"async\" class=\"size-full wp-image-29118 alignnone\" src=\"https:\/\/psol50.org.br\/inc\/uploads\/2020\/05\/Email_Impeachment.png\" alt=\"\" width=\"1080\" height=\"250\" srcset=\"https:\/\/psol50.org.br\/inc\/uploads\/2020\/05\/Email_Impeachment.png 1080w, https:\/\/psol50.org.br\/inc\/uploads\/2020\/05\/Email_Impeachment-300x69.png 300w, https:\/\/psol50.org.br\/inc\/uploads\/2020\/05\/Email_Impeachment-1024x237.png 1024w, https:\/\/psol50.org.br\/inc\/uploads\/2020\/05\/Email_Impeachment-768x178.png 768w, https:\/\/psol50.org.br\/inc\/uploads\/2020\/05\/Email_Impeachment-150x35.png 150w, https:\/\/psol50.org.br\/inc\/uploads\/2020\/05\/Email_Impeachment-696x161.png 696w, https:\/\/psol50.org.br\/inc\/uploads\/2020\/05\/Email_Impeachment-1068x247.png 1068w\" sizes=\"auto, (max-width: 1080px) 100vw, 1080px\" \/><\/a><\/p>\n","protected":false},"excerpt":{"rendered":"<p>Neste dia 8 de dezembro chegamos a um marco de uma das principais manchas recentes da democracia brasileira: 1000 dias do assassinato pol\u00edtico da vereadora do PSOL Marielle Franco e seu motorista Anderson Gomes no Rio de Janeiro em 14 de mar\u00e7o de 2018. Uma brutal execu\u00e7\u00e3o sum\u00e1ria de uma parlamentar eleita e um trabalhador [&hellip;]<\/p>\n","protected":false},"author":2,"featured_media":31469,"comment_status":"closed","ping_status":"open","sticky":false,"template":"","format":"standard","meta":{"_acf_changed":false,"footnotes":""},"categories":[6,14],"tags":[1303,1304,107,194],"class_list":{"0":"post-31456","1":"post","2":"type-post","3":"status-publish","4":"format-standard","5":"has-post-thumbnail","7":"category-noticias","8":"category-partido","9":"tag-1000-dias","10":"tag-anderson-gomes","11":"tag-marielle","12":"tag-marielle-franco"},"acf":[],"yoast_head":"<!-- This site is optimized with the Yoast SEO plugin v26.5 - https:\/\/yoast.com\/wordpress\/plugins\/seo\/ -->\n<title>1000 dias sem respostas: Quem mandou matar Marielle Franco e Anderson Gomes?<\/title>\n<meta name=\"description\" content=\"Neste dia 8 chegamos a um marco de uma das principais manchas da democracia brasileira: 1000 dias do assassinato de Marielle e Anderson.\" \/>\n<meta name=\"robots\" content=\"index, follow, max-snippet:-1, max-image-preview:large, max-video-preview:-1\" \/>\n<link rel=\"canonical\" href=\"https:\/\/psol50.org.br\/1000-dias-sem-respostas-quem-mandou-matar-marielle-franco-e-anderson-gomes\/\" \/>\n<meta property=\"og:locale\" content=\"pt_BR\" \/>\n<meta property=\"og:type\" content=\"article\" \/>\n<meta property=\"og:title\" content=\"1000 dias sem respostas: Quem mandou matar Marielle Franco e Anderson Gomes?\" \/>\n<meta property=\"og:description\" content=\"Neste dia 8 chegamos a um marco de uma das principais manchas da democracia brasileira: 1000 dias do assassinato de Marielle e Anderson.\" \/>\n<meta property=\"og:url\" content=\"https:\/\/psol50.org.br\/1000-dias-sem-respostas-quem-mandou-matar-marielle-franco-e-anderson-gomes\/\" \/>\n<meta property=\"og:site_name\" content=\"PSOL 50\" \/>\n<meta property=\"article:publisher\" content=\"https:\/\/www.facebook.com\/psol50\" \/>\n<meta property=\"article:published_time\" content=\"2020-12-07T23:12:40+00:00\" \/>\n<meta property=\"og:image\" content=\"https:\/\/psol50.org.br\/inc\/uploads\/2020\/12\/WhatsApp-Image-2020-12-04-at-14.02.58.jpeg\" \/>\n\t<meta property=\"og:image:width\" content=\"1280\" \/>\n\t<meta property=\"og:image:height\" content=\"541\" \/>\n\t<meta property=\"og:image:type\" content=\"image\/jpeg\" \/>\n<meta name=\"author\" content=\"Comunica\u00e7\u00e3o PSOL\" \/>\n<meta name=\"twitter:card\" content=\"summary_large_image\" \/>\n<meta name=\"twitter:title\" content=\"1000 dias sem respostas: Quem mandou matar Marielle Franco e Anderson Gomes?\" \/>\n<meta name=\"twitter:description\" content=\"Neste dia 8 chegamos a um marco de uma das principais manchas da democracia brasileira: 1000 dias do assassinato de Marielle e Anderson.\" \/>\n<meta name=\"twitter:image\" content=\"https:\/\/psol50.org.br\/inc\/uploads\/2020\/12\/WhatsApp-Image-2020-12-04-at-14.02.58.jpeg\" \/>\n<meta name=\"twitter:creator\" content=\"@psol50\" \/>\n<meta name=\"twitter:site\" content=\"@psol50\" \/>\n<meta name=\"twitter:label1\" content=\"Escrito por\" \/>\n\t<meta name=\"twitter:data1\" content=\"Comunica\u00e7\u00e3o PSOL\" \/>\n\t<meta name=\"twitter:label2\" content=\"Est. tempo de leitura\" \/>\n\t<meta name=\"twitter:data2\" content=\"4 minutos\" \/>\n<script type=\"application\/ld+json\" class=\"yoast-schema-graph\">{\"@context\":\"https:\/\/schema.org\",\"@graph\":[{\"@type\":\"Article\",\"@id\":\"https:\/\/psol50.org.br\/1000-dias-sem-respostas-quem-mandou-matar-marielle-franco-e-anderson-gomes\/#article\",\"isPartOf\":{\"@id\":\"https:\/\/psol50.org.br\/1000-dias-sem-respostas-quem-mandou-matar-marielle-franco-e-anderson-gomes\/\"},\"author\":{\"name\":\"Comunica\u00e7\u00e3o PSOL\",\"@id\":\"https:\/\/psol50.org.br\/#\/schema\/person\/475dfa57d0b815993c714c2e96491fcd\"},\"headline\":\"1000 dias sem respostas: Quem mandou matar Marielle Franco e Anderson Gomes?\",\"datePublished\":\"2020-12-07T23:12:40+00:00\",\"mainEntityOfPage\":{\"@id\":\"https:\/\/psol50.org.br\/1000-dias-sem-respostas-quem-mandou-matar-marielle-franco-e-anderson-gomes\/\"},\"wordCount\":767,\"publisher\":{\"@id\":\"https:\/\/psol50.org.br\/#organization\"},\"image\":{\"@id\":\"https:\/\/psol50.org.br\/1000-dias-sem-respostas-quem-mandou-matar-marielle-franco-e-anderson-gomes\/#primaryimage\"},\"thumbnailUrl\":\"https:\/\/psol50.org.br\/inc\/uploads\/2020\/12\/WhatsApp-Image-2020-12-04-at-14.02.58.jpeg\",\"keywords\":[\"1000 dias\",\"Anderson Gomes\",\"Marielle\",\"Marielle Franco\"],\"articleSection\":[\"Not\u00edcias\",\"Partido\"],\"inLanguage\":\"pt-BR\"},{\"@type\":\"WebPage\",\"@id\":\"https:\/\/psol50.org.br\/1000-dias-sem-respostas-quem-mandou-matar-marielle-franco-e-anderson-gomes\/\",\"url\":\"https:\/\/psol50.org.br\/1000-dias-sem-respostas-quem-mandou-matar-marielle-franco-e-anderson-gomes\/\",\"name\":\"1000 dias sem respostas: Quem mandou matar Marielle Franco e Anderson Gomes?\",\"isPartOf\":{\"@id\":\"https:\/\/psol50.org.br\/#website\"},\"primaryImageOfPage\":{\"@id\":\"https:\/\/psol50.org.br\/1000-dias-sem-respostas-quem-mandou-matar-marielle-franco-e-anderson-gomes\/#primaryimage\"},\"image\":{\"@id\":\"https:\/\/psol50.org.br\/1000-dias-sem-respostas-quem-mandou-matar-marielle-franco-e-anderson-gomes\/#primaryimage\"},\"thumbnailUrl\":\"https:\/\/psol50.org.br\/inc\/uploads\/2020\/12\/WhatsApp-Image-2020-12-04-at-14.02.58.jpeg\",\"datePublished\":\"2020-12-07T23:12:40+00:00\",\"description\":\"Neste dia 8 chegamos a um marco de uma das principais manchas da democracia brasileira: 1000 dias do assassinato de Marielle e Anderson.\",\"breadcrumb\":{\"@id\":\"https:\/\/psol50.org.br\/1000-dias-sem-respostas-quem-mandou-matar-marielle-franco-e-anderson-gomes\/#breadcrumb\"},\"inLanguage\":\"pt-BR\",\"potentialAction\":[{\"@type\":\"ReadAction\",\"target\":[\"https:\/\/psol50.org.br\/1000-dias-sem-respostas-quem-mandou-matar-marielle-franco-e-anderson-gomes\/\"]}]},{\"@type\":\"ImageObject\",\"inLanguage\":\"pt-BR\",\"@id\":\"https:\/\/psol50.org.br\/1000-dias-sem-respostas-quem-mandou-matar-marielle-franco-e-anderson-gomes\/#primaryimage\",\"url\":\"https:\/\/psol50.org.br\/inc\/uploads\/2020\/12\/WhatsApp-Image-2020-12-04-at-14.02.58.jpeg\",\"contentUrl\":\"https:\/\/psol50.org.br\/inc\/uploads\/2020\/12\/WhatsApp-Image-2020-12-04-at-14.02.58.jpeg\",\"width\":1280,\"height\":541},{\"@type\":\"BreadcrumbList\",\"@id\":\"https:\/\/psol50.org.br\/1000-dias-sem-respostas-quem-mandou-matar-marielle-franco-e-anderson-gomes\/#breadcrumb\",\"itemListElement\":[{\"@type\":\"ListItem\",\"position\":1,\"name\":\"In\u00edcio\",\"item\":\"https:\/\/psol50.org.br\/\"},{\"@type\":\"ListItem\",\"position\":2,\"name\":\"1000 dias sem respostas: Quem mandou matar Marielle Franco e Anderson Gomes?\"}]},{\"@type\":\"WebSite\",\"@id\":\"https:\/\/psol50.org.br\/#website\",\"url\":\"https:\/\/psol50.org.br\/\",\"name\":\"PSOL 50\",\"description\":\"Site oficial do Partido Socialismo e Liberdade\",\"publisher\":{\"@id\":\"https:\/\/psol50.org.br\/#organization\"},\"alternateName\":\"PSOL50\",\"potentialAction\":[{\"@type\":\"SearchAction\",\"target\":{\"@type\":\"EntryPoint\",\"urlTemplate\":\"https:\/\/psol50.org.br\/?s={search_term_string}\"},\"query-input\":{\"@type\":\"PropertyValueSpecification\",\"valueRequired\":true,\"valueName\":\"search_term_string\"}}],\"inLanguage\":\"pt-BR\"},{\"@type\":\"Organization\",\"@id\":\"https:\/\/psol50.org.br\/#organization\",\"name\":\"PSOL 50\",\"alternateName\":\"PSOL 50\",\"url\":\"https:\/\/psol50.org.br\/\",\"logo\":{\"@type\":\"ImageObject\",\"inLanguage\":\"pt-BR\",\"@id\":\"https:\/\/psol50.org.br\/#\/schema\/logo\/image\/\",\"url\":\"https:\/\/psol50.org.br\/inc\/uploads\/2018\/07\/capa.png\",\"contentUrl\":\"https:\/\/psol50.org.br\/inc\/uploads\/2018\/07\/capa.png\",\"width\":1350,\"height\":900,\"caption\":\"PSOL 50\"},\"image\":{\"@id\":\"https:\/\/psol50.org.br\/#\/schema\/logo\/image\/\"},\"sameAs\":[\"https:\/\/www.facebook.com\/psol50\",\"https:\/\/x.com\/psol50\",\"https:\/\/www.instagram.com\/psol50\/\",\"https:\/\/www.youtube.com\/channel\/UC7SnJS5o1os7a6CaiNabzcg\"]},{\"@type\":\"Person\",\"@id\":\"https:\/\/psol50.org.br\/#\/schema\/person\/475dfa57d0b815993c714c2e96491fcd\",\"name\":\"Comunica\u00e7\u00e3o PSOL\",\"image\":{\"@type\":\"ImageObject\",\"inLanguage\":\"pt-BR\",\"@id\":\"https:\/\/psol50.org.br\/#\/schema\/person\/image\/\",\"url\":\"https:\/\/secure.gravatar.com\/avatar\/b34fc4f4e468a4e51785917065a3db57b841f5c95dba6ad8c73aaf8f66f8f9bf?s=96&d=mm&r=g\",\"contentUrl\":\"https:\/\/secure.gravatar.com\/avatar\/b34fc4f4e468a4e51785917065a3db57b841f5c95dba6ad8c73aaf8f66f8f9bf?s=96&d=mm&r=g\",\"caption\":\"Comunica\u00e7\u00e3o PSOL\"}}]}<\/script>\n<!-- \/ Yoast SEO plugin. -->","yoast_head_json":{"title":"1000 dias sem respostas: Quem mandou matar Marielle Franco e Anderson Gomes?","description":"Neste dia 8 chegamos a um marco de uma das principais manchas da democracia brasileira: 1000 dias do assassinato de Marielle e Anderson.","robots":{"index":"index","follow":"follow","max-snippet":"max-snippet:-1","max-image-preview":"max-image-preview:large","max-video-preview":"max-video-preview:-1"},"canonical":"https:\/\/psol50.org.br\/1000-dias-sem-respostas-quem-mandou-matar-marielle-franco-e-anderson-gomes\/","og_locale":"pt_BR","og_type":"article","og_title":"1000 dias sem respostas: Quem mandou matar Marielle Franco e Anderson Gomes?","og_description":"Neste dia 8 chegamos a um marco de uma das principais manchas da democracia brasileira: 1000 dias do assassinato de Marielle e Anderson.","og_url":"https:\/\/psol50.org.br\/1000-dias-sem-respostas-quem-mandou-matar-marielle-franco-e-anderson-gomes\/","og_site_name":"PSOL 50","article_publisher":"https:\/\/www.facebook.com\/psol50","article_published_time":"2020-12-07T23:12:40+00:00","og_image":[{"width":1280,"height":541,"url":"https:\/\/psol50.org.br\/inc\/uploads\/2020\/12\/WhatsApp-Image-2020-12-04-at-14.02.58.jpeg","type":"image\/jpeg"}],"author":"Comunica\u00e7\u00e3o PSOL","twitter_card":"summary_large_image","twitter_title":"1000 dias sem respostas: Quem mandou matar Marielle Franco e Anderson Gomes?","twitter_description":"Neste dia 8 chegamos a um marco de uma das principais manchas da democracia brasileira: 1000 dias do assassinato de Marielle e Anderson.","twitter_image":"https:\/\/psol50.org.br\/inc\/uploads\/2020\/12\/WhatsApp-Image-2020-12-04-at-14.02.58.jpeg","twitter_creator":"@psol50","twitter_site":"@psol50","twitter_misc":{"Escrito por":"Comunica\u00e7\u00e3o PSOL","Est. tempo de leitura":"4 minutos"},"schema":{"@context":"https:\/\/schema.org","@graph":[{"@type":"Article","@id":"https:\/\/psol50.org.br\/1000-dias-sem-respostas-quem-mandou-matar-marielle-franco-e-anderson-gomes\/#article","isPartOf":{"@id":"https:\/\/psol50.org.br\/1000-dias-sem-respostas-quem-mandou-matar-marielle-franco-e-anderson-gomes\/"},"author":{"name":"Comunica\u00e7\u00e3o PSOL","@id":"https:\/\/psol50.org.br\/#\/schema\/person\/475dfa57d0b815993c714c2e96491fcd"},"headline":"1000 dias sem respostas: Quem mandou matar Marielle Franco e Anderson Gomes?","datePublished":"2020-12-07T23:12:40+00:00","mainEntityOfPage":{"@id":"https:\/\/psol50.org.br\/1000-dias-sem-respostas-quem-mandou-matar-marielle-franco-e-anderson-gomes\/"},"wordCount":767,"publisher":{"@id":"https:\/\/psol50.org.br\/#organization"},"image":{"@id":"https:\/\/psol50.org.br\/1000-dias-sem-respostas-quem-mandou-matar-marielle-franco-e-anderson-gomes\/#primaryimage"},"thumbnailUrl":"https:\/\/psol50.org.br\/inc\/uploads\/2020\/12\/WhatsApp-Image-2020-12-04-at-14.02.58.jpeg","keywords":["1000 dias","Anderson Gomes","Marielle","Marielle Franco"],"articleSection":["Not\u00edcias","Partido"],"inLanguage":"pt-BR"},{"@type":"WebPage","@id":"https:\/\/psol50.org.br\/1000-dias-sem-respostas-quem-mandou-matar-marielle-franco-e-anderson-gomes\/","url":"https:\/\/psol50.org.br\/1000-dias-sem-respostas-quem-mandou-matar-marielle-franco-e-anderson-gomes\/","name":"1000 dias sem respostas: Quem mandou matar Marielle Franco e Anderson Gomes?","isPartOf":{"@id":"https:\/\/psol50.org.br\/#website"},"primaryImageOfPage":{"@id":"https:\/\/psol50.org.br\/1000-dias-sem-respostas-quem-mandou-matar-marielle-franco-e-anderson-gomes\/#primaryimage"},"image":{"@id":"https:\/\/psol50.org.br\/1000-dias-sem-respostas-quem-mandou-matar-marielle-franco-e-anderson-gomes\/#primaryimage"},"thumbnailUrl":"https:\/\/psol50.org.br\/inc\/uploads\/2020\/12\/WhatsApp-Image-2020-12-04-at-14.02.58.jpeg","datePublished":"2020-12-07T23:12:40+00:00","description":"Neste dia 8 chegamos a um marco de uma das principais manchas da democracia brasileira: 1000 dias do assassinato de Marielle e Anderson.","breadcrumb":{"@id":"https:\/\/psol50.org.br\/1000-dias-sem-respostas-quem-mandou-matar-marielle-franco-e-anderson-gomes\/#breadcrumb"},"inLanguage":"pt-BR","potentialAction":[{"@type":"ReadAction","target":["https:\/\/psol50.org.br\/1000-dias-sem-respostas-quem-mandou-matar-marielle-franco-e-anderson-gomes\/"]}]},{"@type":"ImageObject","inLanguage":"pt-BR","@id":"https:\/\/psol50.org.br\/1000-dias-sem-respostas-quem-mandou-matar-marielle-franco-e-anderson-gomes\/#primaryimage","url":"https:\/\/psol50.org.br\/inc\/uploads\/2020\/12\/WhatsApp-Image-2020-12-04-at-14.02.58.jpeg","contentUrl":"https:\/\/psol50.org.br\/inc\/uploads\/2020\/12\/WhatsApp-Image-2020-12-04-at-14.02.58.jpeg","width":1280,"height":541},{"@type":"BreadcrumbList","@id":"https:\/\/psol50.org.br\/1000-dias-sem-respostas-quem-mandou-matar-marielle-franco-e-anderson-gomes\/#breadcrumb","itemListElement":[{"@type":"ListItem","position":1,"name":"In\u00edcio","item":"https:\/\/psol50.org.br\/"},{"@type":"ListItem","position":2,"name":"1000 dias sem respostas: Quem mandou matar Marielle Franco e Anderson Gomes?"}]},{"@type":"WebSite","@id":"https:\/\/psol50.org.br\/#website","url":"https:\/\/psol50.org.br\/","name":"PSOL 50","description":"Site oficial do Partido Socialismo e Liberdade","publisher":{"@id":"https:\/\/psol50.org.br\/#organization"},"alternateName":"PSOL50","potentialAction":[{"@type":"SearchAction","target":{"@type":"EntryPoint","urlTemplate":"https:\/\/psol50.org.br\/?s={search_term_string}"},"query-input":{"@type":"PropertyValueSpecification","valueRequired":true,"valueName":"search_term_string"}}],"inLanguage":"pt-BR"},{"@type":"Organization","@id":"https:\/\/psol50.org.br\/#organization","name":"PSOL 50","alternateName":"PSOL 50","url":"https:\/\/psol50.org.br\/","logo":{"@type":"ImageObject","inLanguage":"pt-BR","@id":"https:\/\/psol50.org.br\/#\/schema\/logo\/image\/","url":"https:\/\/psol50.org.br\/inc\/uploads\/2018\/07\/capa.png","contentUrl":"https:\/\/psol50.org.br\/inc\/uploads\/2018\/07\/capa.png","width":1350,"height":900,"caption":"PSOL 50"},"image":{"@id":"https:\/\/psol50.org.br\/#\/schema\/logo\/image\/"},"sameAs":["https:\/\/www.facebook.com\/psol50","https:\/\/x.com\/psol50","https:\/\/www.instagram.com\/psol50\/","https:\/\/www.youtube.com\/channel\/UC7SnJS5o1os7a6CaiNabzcg"]},{"@type":"Person","@id":"https:\/\/psol50.org.br\/#\/schema\/person\/475dfa57d0b815993c714c2e96491fcd","name":"Comunica\u00e7\u00e3o PSOL","image":{"@type":"ImageObject","inLanguage":"pt-BR","@id":"https:\/\/psol50.org.br\/#\/schema\/person\/image\/","url":"https:\/\/secure.gravatar.com\/avatar\/b34fc4f4e468a4e51785917065a3db57b841f5c95dba6ad8c73aaf8f66f8f9bf?s=96&d=mm&r=g","contentUrl":"https:\/\/secure.gravatar.com\/avatar\/b34fc4f4e468a4e51785917065a3db57b841f5c95dba6ad8c73aaf8f66f8f9bf?s=96&d=mm&r=g","caption":"Comunica\u00e7\u00e3o PSOL"}}]}},"_links":{"self":[{"href":"https:\/\/psol50.org.br\/rest\/wp\/v2\/posts\/31456","targetHints":{"allow":["GET"]}}],"collection":[{"href":"https:\/\/psol50.org.br\/rest\/wp\/v2\/posts"}],"about":[{"href":"https:\/\/psol50.org.br\/rest\/wp\/v2\/types\/post"}],"author":[{"embeddable":true,"href":"https:\/\/psol50.org.br\/rest\/wp\/v2\/users\/2"}],"replies":[{"embeddable":true,"href":"https:\/\/psol50.org.br\/rest\/wp\/v2\/comments?post=31456"}],"version-history":[{"count":0,"href":"https:\/\/psol50.org.br\/rest\/wp\/v2\/posts\/31456\/revisions"}],"wp:featuredmedia":[{"embeddable":true,"href":"https:\/\/psol50.org.br\/rest\/wp\/v2\/media\/31469"}],"wp:attachment":[{"href":"https:\/\/psol50.org.br\/rest\/wp\/v2\/media?parent=31456"}],"wp:term":[{"taxonomy":"category","embeddable":true,"href":"https:\/\/psol50.org.br\/rest\/wp\/v2\/categories?post=31456"},{"taxonomy":"post_tag","embeddable":true,"href":"https:\/\/psol50.org.br\/rest\/wp\/v2\/tags?post=31456"}],"curies":[{"name":"wp","href":"https:\/\/api.w.org\/{rel}","templated":true}]}}