{"id":31474,"date":"2020-12-08T12:55:18","date_gmt":"2020-12-08T15:55:18","guid":{"rendered":"https:\/\/psol50.org.br\/?p=31474"},"modified":"2020-12-08T12:55:18","modified_gmt":"2020-12-08T15:55:18","slug":"faca-sua-homenagem-nas-redes-para-marielle-franco-e-anderson-gomes","status":"publish","type":"post","link":"https:\/\/psol50.org.br\/faca-sua-homenagem-nas-redes-para-marielle-franco-e-anderson-gomes\/","title":{"rendered":"#1000DiasSemMarielle | Fa\u00e7a sua homenagem nas redes para Marielle Franco e Anderson Gomes"},"content":{"rendered":"<p><a href=\"https:\/\/psol50.org.br\/rendajusta\/\" target=\"_blank\" rel=\"noopener noreferrer\"><img loading=\"lazy\" decoding=\"async\" class=\"size-full wp-image-30552 alignnone\" src=\"https:\/\/psol50.org.br\/inc\/uploads\/2020\/08\/21-08-2020_LancamentoRendaJusta-2.png\" alt=\"\" width=\"1920\" height=\"383\" srcset=\"https:\/\/psol50.org.br\/inc\/uploads\/2020\/08\/21-08-2020_LancamentoRendaJusta-2.png 1920w, https:\/\/psol50.org.br\/inc\/uploads\/2020\/08\/21-08-2020_LancamentoRendaJusta-2-300x60.png 300w, https:\/\/psol50.org.br\/inc\/uploads\/2020\/08\/21-08-2020_LancamentoRendaJusta-2-1024x204.png 1024w, https:\/\/psol50.org.br\/inc\/uploads\/2020\/08\/21-08-2020_LancamentoRendaJusta-2-768x153.png 768w, https:\/\/psol50.org.br\/inc\/uploads\/2020\/08\/21-08-2020_LancamentoRendaJusta-2-1536x306.png 1536w, https:\/\/psol50.org.br\/inc\/uploads\/2020\/08\/21-08-2020_LancamentoRendaJusta-2-150x30.png 150w, https:\/\/psol50.org.br\/inc\/uploads\/2020\/08\/21-08-2020_LancamentoRendaJusta-2-696x139.png 696w, https:\/\/psol50.org.br\/inc\/uploads\/2020\/08\/21-08-2020_LancamentoRendaJusta-2-1068x213.png 1068w\" sizes=\"auto, (max-width: 1920px) 100vw, 1920px\" \/><\/a><\/p>\n<p>Neste 8 de dezembro, homenagens a Marielle Franco e Anderson Gomes acontecem em todo o Brasil, mil dias ap\u00f3s o brutal assassinato da vereadora do PSOL no Rio de Janeiro e seu motorista na noite do dia 14 de mar\u00e7o de 2018. As manifesta\u00e7\u00f5es acontecem para cobrar justi\u00e7a e respostas ao caso que ainda permanece sem solu\u00e7\u00e3o.<\/p>\n<p>Ao longo destes mil dias, homenagens foram realizadas ao redor do mundo para manter vivo o legado de Marielle Franco e mandar o recado aos mandantes deste crime b\u00e1rbaro: Marielle virou semente e vamos seguir sua luta.<\/p>\n<p>O Amanhecer por Marielle acontece desde a alvorada desta ter\u00e7a (8), expondo a necessidade imediata de respostas e exaltando o legado da vereadora do PSOL no Rio de Janeiro. No final do dia, um jogral virtual convida a todas e todos para a leitura de um manifesto ao vivo em suas redes sociais e a gritar por Marielle em suas janelas.<\/p>\n<p><strong><a href=\"https:\/\/drive.google.com\/drive\/folders\/1IRQJfb9WwnI0Z4X9oOCvJxbj6nt82UuN\" target=\"_blank\" rel=\"noopener noreferrer\">Acesse este drive<\/a><\/strong>, com diversas homenagens a Marielle Franco realizadas ao redor do planeta, e se some nesta onda por justi\u00e7a: fa\u00e7a uma homenagem nas redes sociais para Marielle Franco e Anderson Gomes.<\/p>\n<p><a href=\"https:\/\/impeachmentpopular.com.br\/\" target=\"_blank\" rel=\"noopener noreferrer\"><img loading=\"lazy\" decoding=\"async\" class=\"size-full wp-image-29118 alignnone\" src=\"https:\/\/psol50.org.br\/inc\/uploads\/2020\/05\/Email_Impeachment.png\" alt=\"\" width=\"1080\" height=\"250\" srcset=\"https:\/\/psol50.org.br\/inc\/uploads\/2020\/05\/Email_Impeachment.png 1080w, https:\/\/psol50.org.br\/inc\/uploads\/2020\/05\/Email_Impeachment-300x69.png 300w, https:\/\/psol50.org.br\/inc\/uploads\/2020\/05\/Email_Impeachment-1024x237.png 1024w, https:\/\/psol50.org.br\/inc\/uploads\/2020\/05\/Email_Impeachment-768x178.png 768w, https:\/\/psol50.org.br\/inc\/uploads\/2020\/05\/Email_Impeachment-150x35.png 150w, https:\/\/psol50.org.br\/inc\/uploads\/2020\/05\/Email_Impeachment-696x161.png 696w, https:\/\/psol50.org.br\/inc\/uploads\/2020\/05\/Email_Impeachment-1068x247.png 1068w\" sizes=\"auto, (max-width: 1080px) 100vw, 1080px\" \/><\/a><\/p>\n","protected":false},"excerpt":{"rendered":"<p>Neste 8 de dezembro, homenagens a Marielle Franco e Anderson Gomes acontecem em todo o Brasil, mil dias ap\u00f3s o brutal assassinato da vereadora do PSOL no Rio de Janeiro e seu motorista na noite do dia 14 de mar\u00e7o de 2018. As manifesta\u00e7\u00f5es acontecem para cobrar justi\u00e7a e respostas ao caso que ainda permanece [&hellip;]<\/p>\n","protected":false},"author":2,"featured_media":31476,"comment_status":"closed","ping_status":"open","sticky":false,"template":"","format":"standard","meta":{"_acf_changed":false,"footnotes":""},"categories":[6,14],"tags":[1303,1304,107,194],"class_list":{"0":"post-31474","1":"post","2":"type-post","3":"status-publish","4":"format-standard","5":"has-post-thumbnail","7":"category-noticias","8":"category-partido","9":"tag-1000-dias","10":"tag-anderson-gomes","11":"tag-marielle","12":"tag-marielle-franco"},"acf":[],"yoast_head":"<!-- This site is optimized with the Yoast SEO plugin v26.5 - https:\/\/yoast.com\/wordpress\/plugins\/seo\/ -->\n<title>#1000DiasSemMarielle | Fa\u00e7a sua homenagem nas redes para Marielle Franco e Anderson Gomes<\/title>\n<meta name=\"description\" content=\"Acesse este drive com diversas homenagens a Marielle Franco realizadas ao redor do planeta e se some nesta onda por justi\u00e7a.\" \/>\n<meta name=\"robots\" content=\"index, follow, max-snippet:-1, max-image-preview:large, max-video-preview:-1\" \/>\n<link rel=\"canonical\" href=\"https:\/\/psol50.org.br\/faca-sua-homenagem-nas-redes-para-marielle-franco-e-anderson-gomes\/\" \/>\n<meta property=\"og:locale\" content=\"pt_BR\" \/>\n<meta property=\"og:type\" content=\"article\" \/>\n<meta property=\"og:title\" content=\"#1000DiasSemMarielle | Fa\u00e7a sua homenagem nas redes para Marielle Franco e Anderson Gomes\" \/>\n<meta property=\"og:description\" content=\"Acesse este drive com diversas homenagens a Marielle Franco realizadas ao redor do planeta e se some nesta onda por justi\u00e7a.\" \/>\n<meta property=\"og:url\" content=\"https:\/\/psol50.org.br\/faca-sua-homenagem-nas-redes-para-marielle-franco-e-anderson-gomes\/\" \/>\n<meta property=\"og:site_name\" content=\"PSOL 50\" \/>\n<meta property=\"article:publisher\" content=\"https:\/\/www.facebook.com\/psol50\" \/>\n<meta property=\"article:published_time\" content=\"2020-12-08T15:55:18+00:00\" \/>\n<meta property=\"og:image\" content=\"https:\/\/psol50.org.br\/inc\/uploads\/2020\/12\/Copia-de-Cardeal-Arco-Verde-SP-diversas-artistas-1.jpeg\" \/>\n\t<meta property=\"og:image:width\" content=\"1080\" \/>\n\t<meta property=\"og:image:height\" content=\"810\" \/>\n\t<meta property=\"og:image:type\" content=\"image\/jpeg\" \/>\n<meta name=\"author\" content=\"Comunica\u00e7\u00e3o PSOL\" \/>\n<meta name=\"twitter:card\" content=\"summary_large_image\" \/>\n<meta name=\"twitter:title\" content=\"#1000DiasSemMarielle | Fa\u00e7a sua homenagem nas redes para Marielle Franco e Anderson Gomes\" \/>\n<meta name=\"twitter:description\" content=\"Acesse este drive com diversas homenagens a Marielle Franco realizadas ao redor do planeta e se some nesta onda por justi\u00e7a.\" \/>\n<meta name=\"twitter:image\" content=\"https:\/\/psol50.org.br\/inc\/uploads\/2020\/12\/Copia-de-Cardeal-Arco-Verde-SP-diversas-artistas-1.jpeg\" \/>\n<meta name=\"twitter:creator\" content=\"@psol50\" \/>\n<meta name=\"twitter:site\" content=\"@psol50\" \/>\n<meta name=\"twitter:label1\" content=\"Escrito por\" \/>\n\t<meta name=\"twitter:data1\" content=\"Comunica\u00e7\u00e3o PSOL\" \/>\n\t<meta name=\"twitter:label2\" content=\"Est. tempo de leitura\" \/>\n\t<meta name=\"twitter:data2\" content=\"1 minuto\" \/>\n<script type=\"application\/ld+json\" class=\"yoast-schema-graph\">{\"@context\":\"https:\/\/schema.org\",\"@graph\":[{\"@type\":\"Article\",\"@id\":\"https:\/\/psol50.org.br\/faca-sua-homenagem-nas-redes-para-marielle-franco-e-anderson-gomes\/#article\",\"isPartOf\":{\"@id\":\"https:\/\/psol50.org.br\/faca-sua-homenagem-nas-redes-para-marielle-franco-e-anderson-gomes\/\"},\"author\":{\"name\":\"Comunica\u00e7\u00e3o PSOL\",\"@id\":\"https:\/\/psol50.org.br\/#\/schema\/person\/475dfa57d0b815993c714c2e96491fcd\"},\"headline\":\"#1000DiasSemMarielle | Fa\u00e7a sua homenagem nas redes para Marielle Franco e Anderson Gomes\",\"datePublished\":\"2020-12-08T15:55:18+00:00\",\"mainEntityOfPage\":{\"@id\":\"https:\/\/psol50.org.br\/faca-sua-homenagem-nas-redes-para-marielle-franco-e-anderson-gomes\/\"},\"wordCount\":206,\"publisher\":{\"@id\":\"https:\/\/psol50.org.br\/#organization\"},\"image\":{\"@id\":\"https:\/\/psol50.org.br\/faca-sua-homenagem-nas-redes-para-marielle-franco-e-anderson-gomes\/#primaryimage\"},\"thumbnailUrl\":\"https:\/\/psol50.org.br\/inc\/uploads\/2020\/12\/Copia-de-Cardeal-Arco-Verde-SP-diversas-artistas-1.jpeg\",\"keywords\":[\"1000 dias\",\"Anderson Gomes\",\"Marielle\",\"Marielle Franco\"],\"articleSection\":[\"Not\u00edcias\",\"Partido\"],\"inLanguage\":\"pt-BR\"},{\"@type\":\"WebPage\",\"@id\":\"https:\/\/psol50.org.br\/faca-sua-homenagem-nas-redes-para-marielle-franco-e-anderson-gomes\/\",\"url\":\"https:\/\/psol50.org.br\/faca-sua-homenagem-nas-redes-para-marielle-franco-e-anderson-gomes\/\",\"name\":\"#1000DiasSemMarielle | Fa\u00e7a sua homenagem nas redes para Marielle Franco e Anderson Gomes\",\"isPartOf\":{\"@id\":\"https:\/\/psol50.org.br\/#website\"},\"primaryImageOfPage\":{\"@id\":\"https:\/\/psol50.org.br\/faca-sua-homenagem-nas-redes-para-marielle-franco-e-anderson-gomes\/#primaryimage\"},\"image\":{\"@id\":\"https:\/\/psol50.org.br\/faca-sua-homenagem-nas-redes-para-marielle-franco-e-anderson-gomes\/#primaryimage\"},\"thumbnailUrl\":\"https:\/\/psol50.org.br\/inc\/uploads\/2020\/12\/Copia-de-Cardeal-Arco-Verde-SP-diversas-artistas-1.jpeg\",\"datePublished\":\"2020-12-08T15:55:18+00:00\",\"description\":\"Acesse este drive com diversas homenagens a Marielle Franco realizadas ao redor do planeta e se some nesta onda por justi\u00e7a.\",\"breadcrumb\":{\"@id\":\"https:\/\/psol50.org.br\/faca-sua-homenagem-nas-redes-para-marielle-franco-e-anderson-gomes\/#breadcrumb\"},\"inLanguage\":\"pt-BR\",\"potentialAction\":[{\"@type\":\"ReadAction\",\"target\":[\"https:\/\/psol50.org.br\/faca-sua-homenagem-nas-redes-para-marielle-franco-e-anderson-gomes\/\"]}]},{\"@type\":\"ImageObject\",\"inLanguage\":\"pt-BR\",\"@id\":\"https:\/\/psol50.org.br\/faca-sua-homenagem-nas-redes-para-marielle-franco-e-anderson-gomes\/#primaryimage\",\"url\":\"https:\/\/psol50.org.br\/inc\/uploads\/2020\/12\/Copia-de-Cardeal-Arco-Verde-SP-diversas-artistas-1.jpeg\",\"contentUrl\":\"https:\/\/psol50.org.br\/inc\/uploads\/2020\/12\/Copia-de-Cardeal-Arco-Verde-SP-diversas-artistas-1.jpeg\",\"width\":1080,\"height\":810},{\"@type\":\"BreadcrumbList\",\"@id\":\"https:\/\/psol50.org.br\/faca-sua-homenagem-nas-redes-para-marielle-franco-e-anderson-gomes\/#breadcrumb\",\"itemListElement\":[{\"@type\":\"ListItem\",\"position\":1,\"name\":\"In\u00edcio\",\"item\":\"https:\/\/psol50.org.br\/\"},{\"@type\":\"ListItem\",\"position\":2,\"name\":\"#1000DiasSemMarielle | Fa\u00e7a sua homenagem nas redes para Marielle Franco e Anderson Gomes\"}]},{\"@type\":\"WebSite\",\"@id\":\"https:\/\/psol50.org.br\/#website\",\"url\":\"https:\/\/psol50.org.br\/\",\"name\":\"PSOL 50\",\"description\":\"Site oficial do Partido Socialismo e Liberdade\",\"publisher\":{\"@id\":\"https:\/\/psol50.org.br\/#organization\"},\"alternateName\":\"PSOL50\",\"potentialAction\":[{\"@type\":\"SearchAction\",\"target\":{\"@type\":\"EntryPoint\",\"urlTemplate\":\"https:\/\/psol50.org.br\/?s={search_term_string}\"},\"query-input\":{\"@type\":\"PropertyValueSpecification\",\"valueRequired\":true,\"valueName\":\"search_term_string\"}}],\"inLanguage\":\"pt-BR\"},{\"@type\":\"Organization\",\"@id\":\"https:\/\/psol50.org.br\/#organization\",\"name\":\"PSOL 50\",\"alternateName\":\"PSOL 50\",\"url\":\"https:\/\/psol50.org.br\/\",\"logo\":{\"@type\":\"ImageObject\",\"inLanguage\":\"pt-BR\",\"@id\":\"https:\/\/psol50.org.br\/#\/schema\/logo\/image\/\",\"url\":\"https:\/\/psol50.org.br\/inc\/uploads\/2018\/07\/capa.png\",\"contentUrl\":\"https:\/\/psol50.org.br\/inc\/uploads\/2018\/07\/capa.png\",\"width\":1350,\"height\":900,\"caption\":\"PSOL 50\"},\"image\":{\"@id\":\"https:\/\/psol50.org.br\/#\/schema\/logo\/image\/\"},\"sameAs\":[\"https:\/\/www.facebook.com\/psol50\",\"https:\/\/x.com\/psol50\",\"https:\/\/www.instagram.com\/psol50\/\",\"https:\/\/www.youtube.com\/channel\/UC7SnJS5o1os7a6CaiNabzcg\"]},{\"@type\":\"Person\",\"@id\":\"https:\/\/psol50.org.br\/#\/schema\/person\/475dfa57d0b815993c714c2e96491fcd\",\"name\":\"Comunica\u00e7\u00e3o PSOL\",\"image\":{\"@type\":\"ImageObject\",\"inLanguage\":\"pt-BR\",\"@id\":\"https:\/\/psol50.org.br\/#\/schema\/person\/image\/\",\"url\":\"https:\/\/secure.gravatar.com\/avatar\/b34fc4f4e468a4e51785917065a3db57b841f5c95dba6ad8c73aaf8f66f8f9bf?s=96&d=mm&r=g\",\"contentUrl\":\"https:\/\/secure.gravatar.com\/avatar\/b34fc4f4e468a4e51785917065a3db57b841f5c95dba6ad8c73aaf8f66f8f9bf?s=96&d=mm&r=g\",\"caption\":\"Comunica\u00e7\u00e3o PSOL\"}}]}<\/script>\n<!-- \/ Yoast SEO plugin. -->","yoast_head_json":{"title":"#1000DiasSemMarielle | Fa\u00e7a sua homenagem nas redes para Marielle Franco e Anderson Gomes","description":"Acesse este drive com diversas homenagens a Marielle Franco realizadas ao redor do planeta e se some nesta onda por justi\u00e7a.","robots":{"index":"index","follow":"follow","max-snippet":"max-snippet:-1","max-image-preview":"max-image-preview:large","max-video-preview":"max-video-preview:-1"},"canonical":"https:\/\/psol50.org.br\/faca-sua-homenagem-nas-redes-para-marielle-franco-e-anderson-gomes\/","og_locale":"pt_BR","og_type":"article","og_title":"#1000DiasSemMarielle | Fa\u00e7a sua homenagem nas redes para Marielle Franco e Anderson Gomes","og_description":"Acesse este drive com diversas homenagens a Marielle Franco realizadas ao redor do planeta e se some nesta onda por justi\u00e7a.","og_url":"https:\/\/psol50.org.br\/faca-sua-homenagem-nas-redes-para-marielle-franco-e-anderson-gomes\/","og_site_name":"PSOL 50","article_publisher":"https:\/\/www.facebook.com\/psol50","article_published_time":"2020-12-08T15:55:18+00:00","og_image":[{"width":1080,"height":810,"url":"https:\/\/psol50.org.br\/inc\/uploads\/2020\/12\/Copia-de-Cardeal-Arco-Verde-SP-diversas-artistas-1.jpeg","type":"image\/jpeg"}],"author":"Comunica\u00e7\u00e3o PSOL","twitter_card":"summary_large_image","twitter_title":"#1000DiasSemMarielle | Fa\u00e7a sua homenagem nas redes para Marielle Franco e Anderson Gomes","twitter_description":"Acesse este drive com diversas homenagens a Marielle Franco realizadas ao redor do planeta e se some nesta onda por justi\u00e7a.","twitter_image":"https:\/\/psol50.org.br\/inc\/uploads\/2020\/12\/Copia-de-Cardeal-Arco-Verde-SP-diversas-artistas-1.jpeg","twitter_creator":"@psol50","twitter_site":"@psol50","twitter_misc":{"Escrito por":"Comunica\u00e7\u00e3o PSOL","Est. tempo de leitura":"1 minuto"},"schema":{"@context":"https:\/\/schema.org","@graph":[{"@type":"Article","@id":"https:\/\/psol50.org.br\/faca-sua-homenagem-nas-redes-para-marielle-franco-e-anderson-gomes\/#article","isPartOf":{"@id":"https:\/\/psol50.org.br\/faca-sua-homenagem-nas-redes-para-marielle-franco-e-anderson-gomes\/"},"author":{"name":"Comunica\u00e7\u00e3o PSOL","@id":"https:\/\/psol50.org.br\/#\/schema\/person\/475dfa57d0b815993c714c2e96491fcd"},"headline":"#1000DiasSemMarielle | Fa\u00e7a sua homenagem nas redes para Marielle Franco e Anderson Gomes","datePublished":"2020-12-08T15:55:18+00:00","mainEntityOfPage":{"@id":"https:\/\/psol50.org.br\/faca-sua-homenagem-nas-redes-para-marielle-franco-e-anderson-gomes\/"},"wordCount":206,"publisher":{"@id":"https:\/\/psol50.org.br\/#organization"},"image":{"@id":"https:\/\/psol50.org.br\/faca-sua-homenagem-nas-redes-para-marielle-franco-e-anderson-gomes\/#primaryimage"},"thumbnailUrl":"https:\/\/psol50.org.br\/inc\/uploads\/2020\/12\/Copia-de-Cardeal-Arco-Verde-SP-diversas-artistas-1.jpeg","keywords":["1000 dias","Anderson Gomes","Marielle","Marielle Franco"],"articleSection":["Not\u00edcias","Partido"],"inLanguage":"pt-BR"},{"@type":"WebPage","@id":"https:\/\/psol50.org.br\/faca-sua-homenagem-nas-redes-para-marielle-franco-e-anderson-gomes\/","url":"https:\/\/psol50.org.br\/faca-sua-homenagem-nas-redes-para-marielle-franco-e-anderson-gomes\/","name":"#1000DiasSemMarielle | Fa\u00e7a sua homenagem nas redes para Marielle Franco e Anderson Gomes","isPartOf":{"@id":"https:\/\/psol50.org.br\/#website"},"primaryImageOfPage":{"@id":"https:\/\/psol50.org.br\/faca-sua-homenagem-nas-redes-para-marielle-franco-e-anderson-gomes\/#primaryimage"},"image":{"@id":"https:\/\/psol50.org.br\/faca-sua-homenagem-nas-redes-para-marielle-franco-e-anderson-gomes\/#primaryimage"},"thumbnailUrl":"https:\/\/psol50.org.br\/inc\/uploads\/2020\/12\/Copia-de-Cardeal-Arco-Verde-SP-diversas-artistas-1.jpeg","datePublished":"2020-12-08T15:55:18+00:00","description":"Acesse este drive com diversas homenagens a Marielle Franco realizadas ao redor do planeta e se some nesta onda por justi\u00e7a.","breadcrumb":{"@id":"https:\/\/psol50.org.br\/faca-sua-homenagem-nas-redes-para-marielle-franco-e-anderson-gomes\/#breadcrumb"},"inLanguage":"pt-BR","potentialAction":[{"@type":"ReadAction","target":["https:\/\/psol50.org.br\/faca-sua-homenagem-nas-redes-para-marielle-franco-e-anderson-gomes\/"]}]},{"@type":"ImageObject","inLanguage":"pt-BR","@id":"https:\/\/psol50.org.br\/faca-sua-homenagem-nas-redes-para-marielle-franco-e-anderson-gomes\/#primaryimage","url":"https:\/\/psol50.org.br\/inc\/uploads\/2020\/12\/Copia-de-Cardeal-Arco-Verde-SP-diversas-artistas-1.jpeg","contentUrl":"https:\/\/psol50.org.br\/inc\/uploads\/2020\/12\/Copia-de-Cardeal-Arco-Verde-SP-diversas-artistas-1.jpeg","width":1080,"height":810},{"@type":"BreadcrumbList","@id":"https:\/\/psol50.org.br\/faca-sua-homenagem-nas-redes-para-marielle-franco-e-anderson-gomes\/#breadcrumb","itemListElement":[{"@type":"ListItem","position":1,"name":"In\u00edcio","item":"https:\/\/psol50.org.br\/"},{"@type":"ListItem","position":2,"name":"#1000DiasSemMarielle | Fa\u00e7a sua homenagem nas redes para Marielle Franco e Anderson Gomes"}]},{"@type":"WebSite","@id":"https:\/\/psol50.org.br\/#website","url":"https:\/\/psol50.org.br\/","name":"PSOL 50","description":"Site oficial do Partido Socialismo e Liberdade","publisher":{"@id":"https:\/\/psol50.org.br\/#organization"},"alternateName":"PSOL50","potentialAction":[{"@type":"SearchAction","target":{"@type":"EntryPoint","urlTemplate":"https:\/\/psol50.org.br\/?s={search_term_string}"},"query-input":{"@type":"PropertyValueSpecification","valueRequired":true,"valueName":"search_term_string"}}],"inLanguage":"pt-BR"},{"@type":"Organization","@id":"https:\/\/psol50.org.br\/#organization","name":"PSOL 50","alternateName":"PSOL 50","url":"https:\/\/psol50.org.br\/","logo":{"@type":"ImageObject","inLanguage":"pt-BR","@id":"https:\/\/psol50.org.br\/#\/schema\/logo\/image\/","url":"https:\/\/psol50.org.br\/inc\/uploads\/2018\/07\/capa.png","contentUrl":"https:\/\/psol50.org.br\/inc\/uploads\/2018\/07\/capa.png","width":1350,"height":900,"caption":"PSOL 50"},"image":{"@id":"https:\/\/psol50.org.br\/#\/schema\/logo\/image\/"},"sameAs":["https:\/\/www.facebook.com\/psol50","https:\/\/x.com\/psol50","https:\/\/www.instagram.com\/psol50\/","https:\/\/www.youtube.com\/channel\/UC7SnJS5o1os7a6CaiNabzcg"]},{"@type":"Person","@id":"https:\/\/psol50.org.br\/#\/schema\/person\/475dfa57d0b815993c714c2e96491fcd","name":"Comunica\u00e7\u00e3o PSOL","image":{"@type":"ImageObject","inLanguage":"pt-BR","@id":"https:\/\/psol50.org.br\/#\/schema\/person\/image\/","url":"https:\/\/secure.gravatar.com\/avatar\/b34fc4f4e468a4e51785917065a3db57b841f5c95dba6ad8c73aaf8f66f8f9bf?s=96&d=mm&r=g","contentUrl":"https:\/\/secure.gravatar.com\/avatar\/b34fc4f4e468a4e51785917065a3db57b841f5c95dba6ad8c73aaf8f66f8f9bf?s=96&d=mm&r=g","caption":"Comunica\u00e7\u00e3o PSOL"}}]}},"_links":{"self":[{"href":"https:\/\/psol50.org.br\/rest\/wp\/v2\/posts\/31474","targetHints":{"allow":["GET"]}}],"collection":[{"href":"https:\/\/psol50.org.br\/rest\/wp\/v2\/posts"}],"about":[{"href":"https:\/\/psol50.org.br\/rest\/wp\/v2\/types\/post"}],"author":[{"embeddable":true,"href":"https:\/\/psol50.org.br\/rest\/wp\/v2\/users\/2"}],"replies":[{"embeddable":true,"href":"https:\/\/psol50.org.br\/rest\/wp\/v2\/comments?post=31474"}],"version-history":[{"count":0,"href":"https:\/\/psol50.org.br\/rest\/wp\/v2\/posts\/31474\/revisions"}],"wp:featuredmedia":[{"embeddable":true,"href":"https:\/\/psol50.org.br\/rest\/wp\/v2\/media\/31476"}],"wp:attachment":[{"href":"https:\/\/psol50.org.br\/rest\/wp\/v2\/media?parent=31474"}],"wp:term":[{"taxonomy":"category","embeddable":true,"href":"https:\/\/psol50.org.br\/rest\/wp\/v2\/categories?post=31474"},{"taxonomy":"post_tag","embeddable":true,"href":"https:\/\/psol50.org.br\/rest\/wp\/v2\/tags?post=31474"}],"curies":[{"name":"wp","href":"https:\/\/api.w.org\/{rel}","templated":true}]}}