{"id":31478,"date":"2020-12-08T18:15:18","date_gmt":"2020-12-08T21:15:18","guid":{"rendered":"https:\/\/psol50.org.br\/?p=31478"},"modified":"2020-12-08T18:15:18","modified_gmt":"2020-12-08T21:15:18","slug":"sementes-de-marielle-manifesto-das-parlamentares-negras-do-psol","status":"publish","type":"post","link":"https:\/\/psol50.org.br\/sementes-de-marielle-manifesto-das-parlamentares-negras-do-psol\/","title":{"rendered":"Sementes de Marielle: Manifesto das parlamentares negras do PSOL"},"content":{"rendered":"<p style=\"text-align: right;\"><a href=\"https:\/\/psol50.org.br\/rendajusta\/\" target=\"_blank\" rel=\"noopener noreferrer\"><em><img loading=\"lazy\" decoding=\"async\" class=\"size-full wp-image-30552 alignnone\" src=\"https:\/\/psol50.org.br\/inc\/uploads\/2020\/08\/21-08-2020_LancamentoRendaJusta-2.png\" alt=\"\" width=\"1920\" height=\"383\" srcset=\"https:\/\/psol50.org.br\/inc\/uploads\/2020\/08\/21-08-2020_LancamentoRendaJusta-2.png 1920w, https:\/\/psol50.org.br\/inc\/uploads\/2020\/08\/21-08-2020_LancamentoRendaJusta-2-300x60.png 300w, https:\/\/psol50.org.br\/inc\/uploads\/2020\/08\/21-08-2020_LancamentoRendaJusta-2-1024x204.png 1024w, https:\/\/psol50.org.br\/inc\/uploads\/2020\/08\/21-08-2020_LancamentoRendaJusta-2-768x153.png 768w, https:\/\/psol50.org.br\/inc\/uploads\/2020\/08\/21-08-2020_LancamentoRendaJusta-2-1536x306.png 1536w, https:\/\/psol50.org.br\/inc\/uploads\/2020\/08\/21-08-2020_LancamentoRendaJusta-2-150x30.png 150w, https:\/\/psol50.org.br\/inc\/uploads\/2020\/08\/21-08-2020_LancamentoRendaJusta-2-696x139.png 696w, https:\/\/psol50.org.br\/inc\/uploads\/2020\/08\/21-08-2020_LancamentoRendaJusta-2-1068x213.png 1068w\" sizes=\"auto, (max-width: 1920px) 100vw, 1920px\" \/><\/em><\/a><\/p>\n<p style=\"text-align: right;\"><em>#1000DiasSemMarielle<\/em><br \/>\n<em>#1000DiasSemRespostas<\/em><br \/>\n<em>#1000DiasSemJusti\u00e7a<\/em><br \/>\n<em>#QuemMandouMatarMarielle<\/em><br \/>\n<em>#AmanhecerPorMarielle<\/em><br \/>\n<em>#MariellePresente<\/em><br \/>\n<em>#Justi\u00e7aPorMarielleeAnderson<\/em><\/p>\n<p>Somos muitas e n\u00e3o estamos s\u00f3, em todo pa\u00eds. H\u00e1 quatro anos a cidade do Rio de Janeiro elegia uma mulher negra, m\u00e3e, bissexual e favelada como a 5\u00b0 vereadora mais votada. Marielle Franco era uma voz de esperan\u00e7a para todas aquelas e aqueles que estavam cansados de como a pol\u00edtica \u00e9 constru\u00edda. Marielle era mudan\u00e7a, precursora de um novo momento das mulheres negras na pol\u00edtica, que j\u00e1 teve L\u00e9lia Gonzalez, Theodosina Ribeiro, Antonieta de Barros e que tem hoje Benedita da Silva e Leci Brand\u00e3o. Ela desbravou a oposi\u00e7\u00e3o a Bolsonaro e ao bolsonarismo antes que essa ideologia tomasse contextos nacionais.<\/p>\n<p>Ap\u00f3s seu assassinato, em 14 de Mar\u00e7o de 2018, parte da resposta pol\u00edtica que se deu no Brasil foi o aumento da visibilidade de parlamentares negras. Nossos corpos s\u00e3o pol\u00edticos e era o momento de traz\u00ea-los de uma vez para o centro da pol\u00edtica institucional. De l\u00e1 para c\u00e1 aumentamos nossa representa\u00e7\u00e3o no parlamento, seja estadual, seja federal. Somos diversas e estamos em uma constru\u00e7\u00e3o coletiva pelas que vieram antes de n\u00f3s e pelas que vir\u00e3o, para que n\u00e3o sejamos a exce\u00e7\u00e3o no parlamento.<\/p>\n<p>Neste ano o PSOL conseguiu espalhar as sementes de Marielle pelas c\u00e2maras municipais de todo o Pa\u00eds, ampliando seu espa\u00e7o e a voz de dezenas de mulheres negras na pol\u00edtica. Seremos a voz incans\u00e1vel de Marielle Franco por toda parte, levando seu legado para al\u00e9m do enfrentamento ao racismo e \u00e0 misoginia no parlamento. Estaremos nas ruas e nas lutas em busca de justi\u00e7a para Marielle Franco.<\/p>\n<p>O ano de 2020 escancarou, junto \u00e0 maior pandemia da hist\u00f3ria da humanidade, o racismo como um dos pilares da sociedade capitalista em que vivemos. Corpos como os de Miguel, Jo\u00e3o Pedro, Beto Freitas e Wenny, aos quais se somaram neste final de semana aos das primas Rebeca e Emily (7 e 4 anos respectivamente), todos assassinados n\u00e3o apenas pelo racismo, mas por uma pol\u00edtica de Estado que necessita descarregar a crise econ\u00f4mica e sanit\u00e1ria na parcela negra e pobre da sociedade: eles s\u00e3o v\u00edtimas de uma pol\u00edtica genocida, que busca silenciar os corpos negros. Chega de assassinato da popula\u00e7\u00e3o negra!<\/p>\n<p>N\u00f3s, Vereadoras eleitas pelo PSOL em 2020, queremos primeiramente prestar nossa solidariedade aos familiares de todas as v\u00edtimas do racismo pela a\u00e7\u00e3o ou omiss\u00e3o do Estado brasileiro e dizer que nosso compromisso com o luto de voc\u00eas \u00e9 o mesmo que teremos pela manuten\u00e7\u00e3o da vida dos nossos jovens. Daremos continuidade \u00e0s demandas sociais levantadas por Marielle Franco. Somos a confirma\u00e7\u00e3o da mudan\u00e7a anunciada por Marielle. Esse ano ela completaria 4 anos de sua mandata e n\u00e3o temos d\u00favidas, ela teria sido reeleita atrav\u00e9s das lutas que amplificava!<\/p>\n<p>Hoje se completam 1000 dias do assassinato de Marielle Franco e de Anderson Gomes: um duplo assassinato que segue sem solu\u00e7\u00e3o. Queremos saber: quem matou e quem mandou matar Marielle Franco e Anderson? Sabemos da disposi\u00e7\u00e3o para nos destruir daqueles que n\u00e3o querem permitir que mais mulheres negras tenham voz. Mas combinamos de n\u00e3o morrer, de n\u00e3o ceder e de jamais desistir. Somos um projeto pol\u00edtico de mudan\u00e7a, somos os sonhos mais audazes daquelas que nos antecederam. Somos muitas, estamos juntas e seguiremos resistindo.<\/p>\n<h6>Assinam<\/h6>\n<p><strong>Vereadoras<\/strong><\/p>\n<p><em>S\u00e3o Paulo &#8211; SP<\/em><\/p>\n<p>\u00c9rika Hilton<br \/>\nLuana Alves<br \/>\nBancada Feminista: Paula Nunes, Carolina Iara e Nat\u00e1lia Chaves<br \/>\nQuilombo Perif\u00e9rico: Elaine Mineiro, D\u00e9bora Dias e Samara S\u00f3stenes<\/p>\n<p><em>Osasco &#8211; SP<\/em><\/p>\n<p>AtivOz: Juliana Curvelo<\/p>\n<p><em>Santos -SP<\/em><\/p>\n<p>D\u00e9bora Camilo<\/p>\n<p><em>Rio de Janeiro &#8211; RJ<\/em><\/p>\n<p>Thais Ferreira<\/p>\n<p><em>Niter\u00f3i &#8211; RJ<\/em><\/p>\n<p>Benny Briolly<\/p>\n<p><em>Belo Horizonte &#8211; MG<\/em><\/p>\n<p>Iza Louren\u00e7a<\/p>\n<p><em>Salvador &#8211; BA<\/em><\/p>\n<p>Pretas por Salvador: Laina Cris\u00f3stomo, Cleide Coutinho e Gleide Davis<\/p>\n<p><em>Fortaleza &#8211; CE<\/em><\/p>\n<p>Nossa Cara: Adriana Geronimo, Lila Salu e Louise Santana<\/p>\n<p><em>Bel\u00e9m &#8211; PA<\/em><\/p>\n<p>Enfermeira Nazar\u00e9<br \/>\nL\u00edvia Duarte<\/p>\n<p><em>Vit\u00f3ria &#8211; ES<\/em><\/p>\n<p>Camila Valad\u00e3o<\/p>\n<p><em>Recife &#8211; PE<\/em><\/p>\n<p>Dani Portela<\/p>\n<p><em>Porto Alegre &#8211; RS<\/em><\/p>\n<p>Karen Morais<\/p>\n<p><em>Florian\u00f3polis &#8211; SC<\/em><\/p>\n<p>Coletiva Bem Viver: Mayne Goes e L\u00edvia Guilardi<\/p>\n<p><strong>Deputadas<\/strong><\/p>\n<p><em>S\u00e3o Paulo<\/em><\/p>\n<p>Erica Malunguinho<br \/>\nM\u00f4nica Seixas &#8211; Bancada Ativista<\/p>\n<p><em>Rio de Janeiro<\/em><\/p>\n<p>Taliria Petrone<br \/>\nRenata Souza<br \/>\nDani Monteiro<br \/>\nM\u00f4nica Francisco<\/p>\n<p><em>Minas Gerais<\/em><\/p>\n<p>\u00c1urea Carolina<br \/>\nAndr\u00e9ia de Jesus<\/p>\n<p><em>Pernambuco<\/em><\/p>\n<p>Juntas: J\u00f4 Cavalcanti, Robeyonc\u00e9 Lima e K\u00e1tia Cunha<\/p>\n<p><em>Par\u00e1<\/em><\/p>\n<p>Vivi Reis<\/p>\n<p><a href=\"https:\/\/impeachmentpopular.com.br\/\" target=\"_blank\" rel=\"noopener noreferrer\"><img loading=\"lazy\" decoding=\"async\" class=\"size-full wp-image-29118 alignnone\" src=\"https:\/\/psol50.org.br\/inc\/uploads\/2020\/05\/Email_Impeachment.png\" alt=\"\" width=\"1080\" height=\"250\" srcset=\"https:\/\/psol50.org.br\/inc\/uploads\/2020\/05\/Email_Impeachment.png 1080w, https:\/\/psol50.org.br\/inc\/uploads\/2020\/05\/Email_Impeachment-300x69.png 300w, https:\/\/psol50.org.br\/inc\/uploads\/2020\/05\/Email_Impeachment-1024x237.png 1024w, https:\/\/psol50.org.br\/inc\/uploads\/2020\/05\/Email_Impeachment-768x178.png 768w, https:\/\/psol50.org.br\/inc\/uploads\/2020\/05\/Email_Impeachment-150x35.png 150w, https:\/\/psol50.org.br\/inc\/uploads\/2020\/05\/Email_Impeachment-696x161.png 696w, https:\/\/psol50.org.br\/inc\/uploads\/2020\/05\/Email_Impeachment-1068x247.png 1068w\" sizes=\"auto, (max-width: 1080px) 100vw, 1080px\" \/><\/a><\/p>\n","protected":false},"excerpt":{"rendered":"<p>#1000DiasSemMarielle #1000DiasSemRespostas #1000DiasSemJusti\u00e7a #QuemMandouMatarMarielle #AmanhecerPorMarielle #MariellePresente #Justi\u00e7aPorMarielleeAnderson Somos muitas e n\u00e3o estamos s\u00f3, em todo pa\u00eds. H\u00e1 quatro anos a cidade do Rio de Janeiro elegia uma mulher negra, m\u00e3e, bissexual e favelada como a 5\u00b0 vereadora mais votada. Marielle Franco era uma voz de esperan\u00e7a para todas aquelas e aqueles que estavam cansados de [&hellip;]<\/p>\n","protected":false},"author":2,"featured_media":31480,"comment_status":"closed","ping_status":"open","sticky":false,"template":"","format":"standard","meta":{"_acf_changed":false,"footnotes":""},"categories":[6,14],"tags":[1303,855,107,194,4,5,22,1306],"class_list":{"0":"post-31478","1":"post","2":"type-post","3":"status-publish","4":"format-standard","5":"has-post-thumbnail","7":"category-noticias","8":"category-partido","9":"tag-1000-dias","10":"tag-manifesto","11":"tag-marielle","12":"tag-marielle-franco","13":"tag-mulheres","14":"tag-negras","15":"tag-psol","16":"tag-sementes"},"acf":[],"yoast_head":"<!-- This site is optimized with the Yoast SEO plugin v26.5 - https:\/\/yoast.com\/wordpress\/plugins\/seo\/ -->\n<title>Sementes de Marielle: Manifesto das parlamentares negras do PSOL<\/title>\n<meta name=\"description\" content=\"Parlamentares negras do PSOL lan\u00e7am manifesto em que se comprometem a levar adiante a luta e o legado de Marielle Franco adiante.\" \/>\n<meta name=\"robots\" content=\"index, follow, max-snippet:-1, max-image-preview:large, max-video-preview:-1\" \/>\n<link rel=\"canonical\" href=\"https:\/\/psol50.org.br\/sementes-de-marielle-manifesto-das-parlamentares-negras-do-psol\/\" \/>\n<meta property=\"og:locale\" content=\"pt_BR\" \/>\n<meta property=\"og:type\" content=\"article\" \/>\n<meta property=\"og:title\" content=\"Sementes de Marielle: Manifesto das parlamentares negras do PSOL\" \/>\n<meta property=\"og:description\" content=\"Parlamentares negras do PSOL lan\u00e7am manifesto em que se comprometem a levar adiante a luta e o legado de Marielle Franco adiante.\" \/>\n<meta property=\"og:url\" content=\"https:\/\/psol50.org.br\/sementes-de-marielle-manifesto-das-parlamentares-negras-do-psol\/\" \/>\n<meta property=\"og:site_name\" content=\"PSOL 50\" \/>\n<meta property=\"article:publisher\" content=\"https:\/\/www.facebook.com\/psol50\" \/>\n<meta property=\"article:published_time\" content=\"2020-12-08T21:15:18+00:00\" \/>\n<meta property=\"og:image\" content=\"https:\/\/psol50.org.br\/inc\/uploads\/2020\/12\/08-12-2020_MilDiasMarielle_ManifestoMulheresNegras-03.png\" \/>\n\t<meta property=\"og:image:width\" content=\"1300\" \/>\n\t<meta property=\"og:image:height\" content=\"951\" \/>\n\t<meta property=\"og:image:type\" content=\"image\/png\" \/>\n<meta name=\"author\" content=\"Comunica\u00e7\u00e3o PSOL\" \/>\n<meta name=\"twitter:card\" content=\"summary_large_image\" \/>\n<meta name=\"twitter:title\" content=\"Sementes de Marielle: Manifesto das parlamentares negras do PSOL\" \/>\n<meta name=\"twitter:description\" content=\"Parlamentares negras do PSOL lan\u00e7am manifesto em que se comprometem a levar adiante a luta e o legado de Marielle Franco adiante.\" \/>\n<meta name=\"twitter:image\" content=\"https:\/\/psol50.org.br\/inc\/uploads\/2020\/12\/08-12-2020_MilDiasMarielle_ManifestoMulheresNegras-03.png\" \/>\n<meta name=\"twitter:creator\" content=\"@psol50\" \/>\n<meta name=\"twitter:site\" content=\"@psol50\" \/>\n<meta name=\"twitter:label1\" content=\"Escrito por\" \/>\n\t<meta name=\"twitter:data1\" content=\"Comunica\u00e7\u00e3o PSOL\" \/>\n\t<meta name=\"twitter:label2\" content=\"Est. tempo de leitura\" \/>\n\t<meta name=\"twitter:data2\" content=\"4 minutos\" \/>\n<script type=\"application\/ld+json\" class=\"yoast-schema-graph\">{\"@context\":\"https:\/\/schema.org\",\"@graph\":[{\"@type\":\"Article\",\"@id\":\"https:\/\/psol50.org.br\/sementes-de-marielle-manifesto-das-parlamentares-negras-do-psol\/#article\",\"isPartOf\":{\"@id\":\"https:\/\/psol50.org.br\/sementes-de-marielle-manifesto-das-parlamentares-negras-do-psol\/\"},\"author\":{\"name\":\"Comunica\u00e7\u00e3o PSOL\",\"@id\":\"https:\/\/psol50.org.br\/#\/schema\/person\/475dfa57d0b815993c714c2e96491fcd\"},\"headline\":\"Sementes de Marielle: Manifesto das parlamentares negras do PSOL\",\"datePublished\":\"2020-12-08T21:15:18+00:00\",\"mainEntityOfPage\":{\"@id\":\"https:\/\/psol50.org.br\/sementes-de-marielle-manifesto-das-parlamentares-negras-do-psol\/\"},\"wordCount\":765,\"publisher\":{\"@id\":\"https:\/\/psol50.org.br\/#organization\"},\"image\":{\"@id\":\"https:\/\/psol50.org.br\/sementes-de-marielle-manifesto-das-parlamentares-negras-do-psol\/#primaryimage\"},\"thumbnailUrl\":\"https:\/\/psol50.org.br\/inc\/uploads\/2020\/12\/08-12-2020_MilDiasMarielle_ManifestoMulheresNegras-03.png\",\"keywords\":[\"1000 dias\",\"manifesto\",\"Marielle\",\"Marielle Franco\",\"mulheres\",\"negras\",\"PSOL\",\"sementes\"],\"articleSection\":[\"Not\u00edcias\",\"Partido\"],\"inLanguage\":\"pt-BR\"},{\"@type\":\"WebPage\",\"@id\":\"https:\/\/psol50.org.br\/sementes-de-marielle-manifesto-das-parlamentares-negras-do-psol\/\",\"url\":\"https:\/\/psol50.org.br\/sementes-de-marielle-manifesto-das-parlamentares-negras-do-psol\/\",\"name\":\"Sementes de Marielle: Manifesto das parlamentares negras do PSOL\",\"isPartOf\":{\"@id\":\"https:\/\/psol50.org.br\/#website\"},\"primaryImageOfPage\":{\"@id\":\"https:\/\/psol50.org.br\/sementes-de-marielle-manifesto-das-parlamentares-negras-do-psol\/#primaryimage\"},\"image\":{\"@id\":\"https:\/\/psol50.org.br\/sementes-de-marielle-manifesto-das-parlamentares-negras-do-psol\/#primaryimage\"},\"thumbnailUrl\":\"https:\/\/psol50.org.br\/inc\/uploads\/2020\/12\/08-12-2020_MilDiasMarielle_ManifestoMulheresNegras-03.png\",\"datePublished\":\"2020-12-08T21:15:18+00:00\",\"description\":\"Parlamentares negras do PSOL lan\u00e7am manifesto em que se comprometem a levar adiante a luta e o legado de Marielle Franco adiante.\",\"breadcrumb\":{\"@id\":\"https:\/\/psol50.org.br\/sementes-de-marielle-manifesto-das-parlamentares-negras-do-psol\/#breadcrumb\"},\"inLanguage\":\"pt-BR\",\"potentialAction\":[{\"@type\":\"ReadAction\",\"target\":[\"https:\/\/psol50.org.br\/sementes-de-marielle-manifesto-das-parlamentares-negras-do-psol\/\"]}]},{\"@type\":\"ImageObject\",\"inLanguage\":\"pt-BR\",\"@id\":\"https:\/\/psol50.org.br\/sementes-de-marielle-manifesto-das-parlamentares-negras-do-psol\/#primaryimage\",\"url\":\"https:\/\/psol50.org.br\/inc\/uploads\/2020\/12\/08-12-2020_MilDiasMarielle_ManifestoMulheresNegras-03.png\",\"contentUrl\":\"https:\/\/psol50.org.br\/inc\/uploads\/2020\/12\/08-12-2020_MilDiasMarielle_ManifestoMulheresNegras-03.png\",\"width\":1300,\"height\":951},{\"@type\":\"BreadcrumbList\",\"@id\":\"https:\/\/psol50.org.br\/sementes-de-marielle-manifesto-das-parlamentares-negras-do-psol\/#breadcrumb\",\"itemListElement\":[{\"@type\":\"ListItem\",\"position\":1,\"name\":\"In\u00edcio\",\"item\":\"https:\/\/psol50.org.br\/\"},{\"@type\":\"ListItem\",\"position\":2,\"name\":\"Sementes de Marielle: Manifesto das parlamentares negras do PSOL\"}]},{\"@type\":\"WebSite\",\"@id\":\"https:\/\/psol50.org.br\/#website\",\"url\":\"https:\/\/psol50.org.br\/\",\"name\":\"PSOL 50\",\"description\":\"Site oficial do Partido Socialismo e Liberdade\",\"publisher\":{\"@id\":\"https:\/\/psol50.org.br\/#organization\"},\"alternateName\":\"PSOL50\",\"potentialAction\":[{\"@type\":\"SearchAction\",\"target\":{\"@type\":\"EntryPoint\",\"urlTemplate\":\"https:\/\/psol50.org.br\/?s={search_term_string}\"},\"query-input\":{\"@type\":\"PropertyValueSpecification\",\"valueRequired\":true,\"valueName\":\"search_term_string\"}}],\"inLanguage\":\"pt-BR\"},{\"@type\":\"Organization\",\"@id\":\"https:\/\/psol50.org.br\/#organization\",\"name\":\"PSOL 50\",\"alternateName\":\"PSOL 50\",\"url\":\"https:\/\/psol50.org.br\/\",\"logo\":{\"@type\":\"ImageObject\",\"inLanguage\":\"pt-BR\",\"@id\":\"https:\/\/psol50.org.br\/#\/schema\/logo\/image\/\",\"url\":\"https:\/\/psol50.org.br\/inc\/uploads\/2018\/07\/capa.png\",\"contentUrl\":\"https:\/\/psol50.org.br\/inc\/uploads\/2018\/07\/capa.png\",\"width\":1350,\"height\":900,\"caption\":\"PSOL 50\"},\"image\":{\"@id\":\"https:\/\/psol50.org.br\/#\/schema\/logo\/image\/\"},\"sameAs\":[\"https:\/\/www.facebook.com\/psol50\",\"https:\/\/x.com\/psol50\",\"https:\/\/www.instagram.com\/psol50\/\",\"https:\/\/www.youtube.com\/channel\/UC7SnJS5o1os7a6CaiNabzcg\"]},{\"@type\":\"Person\",\"@id\":\"https:\/\/psol50.org.br\/#\/schema\/person\/475dfa57d0b815993c714c2e96491fcd\",\"name\":\"Comunica\u00e7\u00e3o PSOL\",\"image\":{\"@type\":\"ImageObject\",\"inLanguage\":\"pt-BR\",\"@id\":\"https:\/\/psol50.org.br\/#\/schema\/person\/image\/\",\"url\":\"https:\/\/secure.gravatar.com\/avatar\/b34fc4f4e468a4e51785917065a3db57b841f5c95dba6ad8c73aaf8f66f8f9bf?s=96&d=mm&r=g\",\"contentUrl\":\"https:\/\/secure.gravatar.com\/avatar\/b34fc4f4e468a4e51785917065a3db57b841f5c95dba6ad8c73aaf8f66f8f9bf?s=96&d=mm&r=g\",\"caption\":\"Comunica\u00e7\u00e3o PSOL\"}}]}<\/script>\n<!-- \/ Yoast SEO plugin. -->","yoast_head_json":{"title":"Sementes de Marielle: Manifesto das parlamentares negras do PSOL","description":"Parlamentares negras do PSOL lan\u00e7am manifesto em que se comprometem a levar adiante a luta e o legado de Marielle Franco adiante.","robots":{"index":"index","follow":"follow","max-snippet":"max-snippet:-1","max-image-preview":"max-image-preview:large","max-video-preview":"max-video-preview:-1"},"canonical":"https:\/\/psol50.org.br\/sementes-de-marielle-manifesto-das-parlamentares-negras-do-psol\/","og_locale":"pt_BR","og_type":"article","og_title":"Sementes de Marielle: Manifesto das parlamentares negras do PSOL","og_description":"Parlamentares negras do PSOL lan\u00e7am manifesto em que se comprometem a levar adiante a luta e o legado de Marielle Franco adiante.","og_url":"https:\/\/psol50.org.br\/sementes-de-marielle-manifesto-das-parlamentares-negras-do-psol\/","og_site_name":"PSOL 50","article_publisher":"https:\/\/www.facebook.com\/psol50","article_published_time":"2020-12-08T21:15:18+00:00","og_image":[{"width":1300,"height":951,"url":"https:\/\/psol50.org.br\/inc\/uploads\/2020\/12\/08-12-2020_MilDiasMarielle_ManifestoMulheresNegras-03.png","type":"image\/png"}],"author":"Comunica\u00e7\u00e3o PSOL","twitter_card":"summary_large_image","twitter_title":"Sementes de Marielle: Manifesto das parlamentares negras do PSOL","twitter_description":"Parlamentares negras do PSOL lan\u00e7am manifesto em que se comprometem a levar adiante a luta e o legado de Marielle Franco adiante.","twitter_image":"https:\/\/psol50.org.br\/inc\/uploads\/2020\/12\/08-12-2020_MilDiasMarielle_ManifestoMulheresNegras-03.png","twitter_creator":"@psol50","twitter_site":"@psol50","twitter_misc":{"Escrito por":"Comunica\u00e7\u00e3o PSOL","Est. tempo de leitura":"4 minutos"},"schema":{"@context":"https:\/\/schema.org","@graph":[{"@type":"Article","@id":"https:\/\/psol50.org.br\/sementes-de-marielle-manifesto-das-parlamentares-negras-do-psol\/#article","isPartOf":{"@id":"https:\/\/psol50.org.br\/sementes-de-marielle-manifesto-das-parlamentares-negras-do-psol\/"},"author":{"name":"Comunica\u00e7\u00e3o PSOL","@id":"https:\/\/psol50.org.br\/#\/schema\/person\/475dfa57d0b815993c714c2e96491fcd"},"headline":"Sementes de Marielle: Manifesto das parlamentares negras do PSOL","datePublished":"2020-12-08T21:15:18+00:00","mainEntityOfPage":{"@id":"https:\/\/psol50.org.br\/sementes-de-marielle-manifesto-das-parlamentares-negras-do-psol\/"},"wordCount":765,"publisher":{"@id":"https:\/\/psol50.org.br\/#organization"},"image":{"@id":"https:\/\/psol50.org.br\/sementes-de-marielle-manifesto-das-parlamentares-negras-do-psol\/#primaryimage"},"thumbnailUrl":"https:\/\/psol50.org.br\/inc\/uploads\/2020\/12\/08-12-2020_MilDiasMarielle_ManifestoMulheresNegras-03.png","keywords":["1000 dias","manifesto","Marielle","Marielle Franco","mulheres","negras","PSOL","sementes"],"articleSection":["Not\u00edcias","Partido"],"inLanguage":"pt-BR"},{"@type":"WebPage","@id":"https:\/\/psol50.org.br\/sementes-de-marielle-manifesto-das-parlamentares-negras-do-psol\/","url":"https:\/\/psol50.org.br\/sementes-de-marielle-manifesto-das-parlamentares-negras-do-psol\/","name":"Sementes de Marielle: Manifesto das parlamentares negras do PSOL","isPartOf":{"@id":"https:\/\/psol50.org.br\/#website"},"primaryImageOfPage":{"@id":"https:\/\/psol50.org.br\/sementes-de-marielle-manifesto-das-parlamentares-negras-do-psol\/#primaryimage"},"image":{"@id":"https:\/\/psol50.org.br\/sementes-de-marielle-manifesto-das-parlamentares-negras-do-psol\/#primaryimage"},"thumbnailUrl":"https:\/\/psol50.org.br\/inc\/uploads\/2020\/12\/08-12-2020_MilDiasMarielle_ManifestoMulheresNegras-03.png","datePublished":"2020-12-08T21:15:18+00:00","description":"Parlamentares negras do PSOL lan\u00e7am manifesto em que se comprometem a levar adiante a luta e o legado de Marielle Franco adiante.","breadcrumb":{"@id":"https:\/\/psol50.org.br\/sementes-de-marielle-manifesto-das-parlamentares-negras-do-psol\/#breadcrumb"},"inLanguage":"pt-BR","potentialAction":[{"@type":"ReadAction","target":["https:\/\/psol50.org.br\/sementes-de-marielle-manifesto-das-parlamentares-negras-do-psol\/"]}]},{"@type":"ImageObject","inLanguage":"pt-BR","@id":"https:\/\/psol50.org.br\/sementes-de-marielle-manifesto-das-parlamentares-negras-do-psol\/#primaryimage","url":"https:\/\/psol50.org.br\/inc\/uploads\/2020\/12\/08-12-2020_MilDiasMarielle_ManifestoMulheresNegras-03.png","contentUrl":"https:\/\/psol50.org.br\/inc\/uploads\/2020\/12\/08-12-2020_MilDiasMarielle_ManifestoMulheresNegras-03.png","width":1300,"height":951},{"@type":"BreadcrumbList","@id":"https:\/\/psol50.org.br\/sementes-de-marielle-manifesto-das-parlamentares-negras-do-psol\/#breadcrumb","itemListElement":[{"@type":"ListItem","position":1,"name":"In\u00edcio","item":"https:\/\/psol50.org.br\/"},{"@type":"ListItem","position":2,"name":"Sementes de Marielle: Manifesto das parlamentares negras do PSOL"}]},{"@type":"WebSite","@id":"https:\/\/psol50.org.br\/#website","url":"https:\/\/psol50.org.br\/","name":"PSOL 50","description":"Site oficial do Partido Socialismo e Liberdade","publisher":{"@id":"https:\/\/psol50.org.br\/#organization"},"alternateName":"PSOL50","potentialAction":[{"@type":"SearchAction","target":{"@type":"EntryPoint","urlTemplate":"https:\/\/psol50.org.br\/?s={search_term_string}"},"query-input":{"@type":"PropertyValueSpecification","valueRequired":true,"valueName":"search_term_string"}}],"inLanguage":"pt-BR"},{"@type":"Organization","@id":"https:\/\/psol50.org.br\/#organization","name":"PSOL 50","alternateName":"PSOL 50","url":"https:\/\/psol50.org.br\/","logo":{"@type":"ImageObject","inLanguage":"pt-BR","@id":"https:\/\/psol50.org.br\/#\/schema\/logo\/image\/","url":"https:\/\/psol50.org.br\/inc\/uploads\/2018\/07\/capa.png","contentUrl":"https:\/\/psol50.org.br\/inc\/uploads\/2018\/07\/capa.png","width":1350,"height":900,"caption":"PSOL 50"},"image":{"@id":"https:\/\/psol50.org.br\/#\/schema\/logo\/image\/"},"sameAs":["https:\/\/www.facebook.com\/psol50","https:\/\/x.com\/psol50","https:\/\/www.instagram.com\/psol50\/","https:\/\/www.youtube.com\/channel\/UC7SnJS5o1os7a6CaiNabzcg"]},{"@type":"Person","@id":"https:\/\/psol50.org.br\/#\/schema\/person\/475dfa57d0b815993c714c2e96491fcd","name":"Comunica\u00e7\u00e3o PSOL","image":{"@type":"ImageObject","inLanguage":"pt-BR","@id":"https:\/\/psol50.org.br\/#\/schema\/person\/image\/","url":"https:\/\/secure.gravatar.com\/avatar\/b34fc4f4e468a4e51785917065a3db57b841f5c95dba6ad8c73aaf8f66f8f9bf?s=96&d=mm&r=g","contentUrl":"https:\/\/secure.gravatar.com\/avatar\/b34fc4f4e468a4e51785917065a3db57b841f5c95dba6ad8c73aaf8f66f8f9bf?s=96&d=mm&r=g","caption":"Comunica\u00e7\u00e3o PSOL"}}]}},"_links":{"self":[{"href":"https:\/\/psol50.org.br\/rest\/wp\/v2\/posts\/31478","targetHints":{"allow":["GET"]}}],"collection":[{"href":"https:\/\/psol50.org.br\/rest\/wp\/v2\/posts"}],"about":[{"href":"https:\/\/psol50.org.br\/rest\/wp\/v2\/types\/post"}],"author":[{"embeddable":true,"href":"https:\/\/psol50.org.br\/rest\/wp\/v2\/users\/2"}],"replies":[{"embeddable":true,"href":"https:\/\/psol50.org.br\/rest\/wp\/v2\/comments?post=31478"}],"version-history":[{"count":0,"href":"https:\/\/psol50.org.br\/rest\/wp\/v2\/posts\/31478\/revisions"}],"wp:featuredmedia":[{"embeddable":true,"href":"https:\/\/psol50.org.br\/rest\/wp\/v2\/media\/31480"}],"wp:attachment":[{"href":"https:\/\/psol50.org.br\/rest\/wp\/v2\/media?parent=31478"}],"wp:term":[{"taxonomy":"category","embeddable":true,"href":"https:\/\/psol50.org.br\/rest\/wp\/v2\/categories?post=31478"},{"taxonomy":"post_tag","embeddable":true,"href":"https:\/\/psol50.org.br\/rest\/wp\/v2\/tags?post=31478"}],"curies":[{"name":"wp","href":"https:\/\/api.w.org\/{rel}","templated":true}]}}