{"id":31481,"date":"2020-12-08T18:35:53","date_gmt":"2020-12-08T21:35:53","guid":{"rendered":"https:\/\/psol50.org.br\/?p=31481"},"modified":"2020-12-08T18:35:53","modified_gmt":"2020-12-08T21:35:53","slug":"brasilia-tera-praca-marielle-franco","status":"publish","type":"post","link":"https:\/\/psol50.org.br\/brasilia-tera-praca-marielle-franco\/","title":{"rendered":"Hist\u00f3rico! Bras\u00edlia ter\u00e1 Pra\u00e7a Marielle Franco"},"content":{"rendered":"<p><a href=\"https:\/\/psol50.org.br\/rendajusta\/\" target=\"_blank\" rel=\"noopener noreferrer\"><img loading=\"lazy\" decoding=\"async\" class=\"size-full wp-image-30552 alignnone\" src=\"https:\/\/psol50.org.br\/inc\/uploads\/2020\/08\/21-08-2020_LancamentoRendaJusta-2.png\" alt=\"\" width=\"1920\" height=\"383\" srcset=\"https:\/\/psol50.org.br\/inc\/uploads\/2020\/08\/21-08-2020_LancamentoRendaJusta-2.png 1920w, https:\/\/psol50.org.br\/inc\/uploads\/2020\/08\/21-08-2020_LancamentoRendaJusta-2-300x60.png 300w, https:\/\/psol50.org.br\/inc\/uploads\/2020\/08\/21-08-2020_LancamentoRendaJusta-2-1024x204.png 1024w, https:\/\/psol50.org.br\/inc\/uploads\/2020\/08\/21-08-2020_LancamentoRendaJusta-2-768x153.png 768w, https:\/\/psol50.org.br\/inc\/uploads\/2020\/08\/21-08-2020_LancamentoRendaJusta-2-1536x306.png 1536w, https:\/\/psol50.org.br\/inc\/uploads\/2020\/08\/21-08-2020_LancamentoRendaJusta-2-150x30.png 150w, https:\/\/psol50.org.br\/inc\/uploads\/2020\/08\/21-08-2020_LancamentoRendaJusta-2-696x139.png 696w, https:\/\/psol50.org.br\/inc\/uploads\/2020\/08\/21-08-2020_LancamentoRendaJusta-2-1068x213.png 1068w\" sizes=\"auto, (max-width: 1920px) 100vw, 1920px\" \/><\/a><\/p>\n<p>Bras\u00edlia se junta a mais de 150 lugares do mundo que hoje carregam o nome de Marielle Franco, vereadora executada durante exerc\u00edcio do mandato parlamentar em 14 de mar\u00e7o de 2018, no Rio de Janeiro. A cria\u00e7\u00e3o da Pra\u00e7a Marielle tinha sido aprovada pela C\u00e2mara Legislativa em novembro de 2019, mas o governador Ibaneis vetou a norma.<\/p>\n<p>Hoje, data de mobiliza\u00e7\u00f5es nacionais pelos mil dias do assassinato da militante carioca e de seu motorista, Anderson Gomes, a C\u00e2mara Legislativa do Distrito Federal derrubou o veto do emedebista e uma pra\u00e7a no Setor Comercial Sul receber\u00e1 o nome da ativista.<\/p>\n<p>O local escolhido para a cria\u00e7\u00e3o da pra\u00e7a foi o Setor Comercial Sul (pr\u00f3ximo \u00e0 Galeria dos Estados). \u201cHoje conquistamos uma grande vit\u00f3ria para todos aqueles que militam pelos direitos humanos. Derrubamos o veto \u00e0 Pra\u00e7a em data bastante simb\u00f3lica, quando cobramos o desfecho dos assassinatos de Marielle e Anderson. J\u00e1 s\u00e3o mil dias sem respostas e sem justi\u00e7a\u201d, destaca o autor do projeto, deputado Distrital F\u00e1bio Felix (PSOL).<\/p>\n<p>Pra\u00e7as, bibliotecas, jardins, pr\u00e9dios p\u00fablicos, ruas e avenidas. Mais de 150 lugares do mundo hoje se chamam Marielle Franco. A capital do Brasil agora se une a diversos pa\u00edses que decidiram eternizar o legado da vereadora carioca. O projeto da Pra\u00e7a Marielle Franco j\u00e1 tinha sido validado pela popula\u00e7\u00e3o em duas audi\u00eancias p\u00fablicas realizadas pela CLDF.<\/p>\n<p>F\u00e1bio Felix considera a derrubada do veto \u00e0 lei um recado \u201ccontra o \u00f3dio e contra a intoler\u00e2ncia\u201d. \u201cA execu\u00e7\u00e3o de Marielle \u00e9 um grave atentado \u00e0 democracia brasileira. N\u00e3o podemos achar natural que uma parlamentar, legitimamente eleita, tenha sua vida interrompida por defender os direitos das minorias e das popula\u00e7\u00f5es vulner\u00e1veis. Exigimos justi\u00e7a para Marielle e ocuparemos essa pra\u00e7a com muita cultura e resist\u00eancia para que a mem\u00f3ria dela se mantenha viva\u201d, afirmou.<\/p>\n<p><a href=\"https:\/\/impeachmentpopular.com.br\/\" target=\"_blank\" rel=\"noopener noreferrer\"><img loading=\"lazy\" decoding=\"async\" class=\"size-full wp-image-29118 alignnone\" src=\"https:\/\/psol50.org.br\/inc\/uploads\/2020\/05\/Email_Impeachment.png\" alt=\"\" width=\"1080\" height=\"250\" srcset=\"https:\/\/psol50.org.br\/inc\/uploads\/2020\/05\/Email_Impeachment.png 1080w, https:\/\/psol50.org.br\/inc\/uploads\/2020\/05\/Email_Impeachment-300x69.png 300w, https:\/\/psol50.org.br\/inc\/uploads\/2020\/05\/Email_Impeachment-1024x237.png 1024w, https:\/\/psol50.org.br\/inc\/uploads\/2020\/05\/Email_Impeachment-768x178.png 768w, https:\/\/psol50.org.br\/inc\/uploads\/2020\/05\/Email_Impeachment-150x35.png 150w, https:\/\/psol50.org.br\/inc\/uploads\/2020\/05\/Email_Impeachment-696x161.png 696w, https:\/\/psol50.org.br\/inc\/uploads\/2020\/05\/Email_Impeachment-1068x247.png 1068w\" sizes=\"auto, (max-width: 1080px) 100vw, 1080px\" \/><\/a><\/p>\n","protected":false},"excerpt":{"rendered":"<p>Bras\u00edlia se junta a mais de 150 lugares do mundo que hoje carregam o nome de Marielle Franco, vereadora executada durante exerc\u00edcio do mandato parlamentar em 14 de mar\u00e7o de 2018, no Rio de Janeiro. A cria\u00e7\u00e3o da Pra\u00e7a Marielle tinha sido aprovada pela C\u00e2mara Legislativa em novembro de 2019, mas o governador Ibaneis vetou [&hellip;]<\/p>\n","protected":false},"author":2,"featured_media":31482,"comment_status":"closed","ping_status":"open","sticky":false,"template":"","format":"standard","meta":{"_acf_changed":false,"footnotes":""},"categories":[6],"tags":[1303,616,33,194,108],"class_list":{"0":"post-31481","1":"post","2":"type-post","3":"status-publish","4":"format-standard","5":"has-post-thumbnail","7":"category-noticias","8":"tag-1000-dias","9":"tag-brasilia","10":"tag-distrito-federal","11":"tag-marielle-franco","12":"tag-praca"},"acf":[],"yoast_head":"<!-- This site is optimized with the Yoast SEO plugin v26.5 - https:\/\/yoast.com\/wordpress\/plugins\/seo\/ -->\n<title>Hist\u00f3rico! Bras\u00edlia ter\u00e1 Pra\u00e7a Marielle Franco<\/title>\n<meta name=\"description\" content=\"Veto do governador Ibaneis \u00e9 derrubado em dia de mobiliza\u00e7\u00e3o nacional pelos mil dias da execu\u00e7\u00e3o da vereadora carioca.\" \/>\n<meta name=\"robots\" content=\"index, follow, max-snippet:-1, max-image-preview:large, max-video-preview:-1\" \/>\n<link rel=\"canonical\" href=\"https:\/\/psol50.org.br\/brasilia-tera-praca-marielle-franco\/\" \/>\n<meta property=\"og:locale\" content=\"pt_BR\" \/>\n<meta property=\"og:type\" content=\"article\" \/>\n<meta property=\"og:title\" content=\"Hist\u00f3rico! Bras\u00edlia ter\u00e1 Pra\u00e7a Marielle Franco\" \/>\n<meta property=\"og:description\" content=\"Veto do governador Ibaneis \u00e9 derrubado em dia de mobiliza\u00e7\u00e3o nacional pelos mil dias da execu\u00e7\u00e3o da vereadora carioca.\" \/>\n<meta property=\"og:url\" content=\"https:\/\/psol50.org.br\/brasilia-tera-praca-marielle-franco\/\" \/>\n<meta property=\"og:site_name\" content=\"PSOL 50\" \/>\n<meta property=\"article:publisher\" content=\"https:\/\/www.facebook.com\/psol50\" \/>\n<meta property=\"article:published_time\" content=\"2020-12-08T21:35:53+00:00\" \/>\n<meta property=\"og:image\" content=\"https:\/\/psol50.org.br\/inc\/uploads\/2020\/12\/photo_2020-12-08_18-32-38-e1607463235533.jpg\" \/>\n\t<meta property=\"og:image:width\" content=\"1280\" \/>\n\t<meta property=\"og:image:height\" content=\"1075\" \/>\n\t<meta property=\"og:image:type\" content=\"image\/jpeg\" \/>\n<meta name=\"author\" content=\"Comunica\u00e7\u00e3o PSOL\" \/>\n<meta name=\"twitter:card\" content=\"summary_large_image\" \/>\n<meta name=\"twitter:title\" content=\"Hist\u00f3rico! Bras\u00edlia ter\u00e1 Pra\u00e7a Marielle Franco\" \/>\n<meta name=\"twitter:description\" content=\"Veto do governador Ibaneis \u00e9 derrubado em dia de mobiliza\u00e7\u00e3o nacional pelos mil dias da execu\u00e7\u00e3o da vereadora carioca.\" \/>\n<meta name=\"twitter:image\" content=\"https:\/\/psol50.org.br\/inc\/uploads\/2020\/12\/photo_2020-12-08_18-32-38-e1607463235533.jpg\" \/>\n<meta name=\"twitter:creator\" content=\"@psol50\" \/>\n<meta name=\"twitter:site\" content=\"@psol50\" \/>\n<meta name=\"twitter:label1\" content=\"Escrito por\" \/>\n\t<meta name=\"twitter:data1\" content=\"Comunica\u00e7\u00e3o PSOL\" \/>\n\t<meta name=\"twitter:label2\" content=\"Est. tempo de leitura\" \/>\n\t<meta name=\"twitter:data2\" content=\"2 minutos\" \/>\n<script type=\"application\/ld+json\" class=\"yoast-schema-graph\">{\"@context\":\"https:\/\/schema.org\",\"@graph\":[{\"@type\":\"Article\",\"@id\":\"https:\/\/psol50.org.br\/brasilia-tera-praca-marielle-franco\/#article\",\"isPartOf\":{\"@id\":\"https:\/\/psol50.org.br\/brasilia-tera-praca-marielle-franco\/\"},\"author\":{\"name\":\"Comunica\u00e7\u00e3o PSOL\",\"@id\":\"https:\/\/psol50.org.br\/#\/schema\/person\/475dfa57d0b815993c714c2e96491fcd\"},\"headline\":\"Hist\u00f3rico! Bras\u00edlia ter\u00e1 Pra\u00e7a Marielle Franco\",\"datePublished\":\"2020-12-08T21:35:53+00:00\",\"mainEntityOfPage\":{\"@id\":\"https:\/\/psol50.org.br\/brasilia-tera-praca-marielle-franco\/\"},\"wordCount\":333,\"publisher\":{\"@id\":\"https:\/\/psol50.org.br\/#organization\"},\"image\":{\"@id\":\"https:\/\/psol50.org.br\/brasilia-tera-praca-marielle-franco\/#primaryimage\"},\"thumbnailUrl\":\"https:\/\/psol50.org.br\/inc\/uploads\/2020\/12\/photo_2020-12-08_18-32-38-e1607463235533.jpg\",\"keywords\":[\"1000 dias\",\"Bras\u00edlia\",\"Distrito Federal\",\"Marielle Franco\",\"pra\u00e7a\"],\"articleSection\":[\"Not\u00edcias\"],\"inLanguage\":\"pt-BR\"},{\"@type\":\"WebPage\",\"@id\":\"https:\/\/psol50.org.br\/brasilia-tera-praca-marielle-franco\/\",\"url\":\"https:\/\/psol50.org.br\/brasilia-tera-praca-marielle-franco\/\",\"name\":\"Hist\u00f3rico! Bras\u00edlia ter\u00e1 Pra\u00e7a Marielle Franco\",\"isPartOf\":{\"@id\":\"https:\/\/psol50.org.br\/#website\"},\"primaryImageOfPage\":{\"@id\":\"https:\/\/psol50.org.br\/brasilia-tera-praca-marielle-franco\/#primaryimage\"},\"image\":{\"@id\":\"https:\/\/psol50.org.br\/brasilia-tera-praca-marielle-franco\/#primaryimage\"},\"thumbnailUrl\":\"https:\/\/psol50.org.br\/inc\/uploads\/2020\/12\/photo_2020-12-08_18-32-38-e1607463235533.jpg\",\"datePublished\":\"2020-12-08T21:35:53+00:00\",\"description\":\"Veto do governador Ibaneis \u00e9 derrubado em dia de mobiliza\u00e7\u00e3o nacional pelos mil dias da execu\u00e7\u00e3o da vereadora carioca.\",\"breadcrumb\":{\"@id\":\"https:\/\/psol50.org.br\/brasilia-tera-praca-marielle-franco\/#breadcrumb\"},\"inLanguage\":\"pt-BR\",\"potentialAction\":[{\"@type\":\"ReadAction\",\"target\":[\"https:\/\/psol50.org.br\/brasilia-tera-praca-marielle-franco\/\"]}]},{\"@type\":\"ImageObject\",\"inLanguage\":\"pt-BR\",\"@id\":\"https:\/\/psol50.org.br\/brasilia-tera-praca-marielle-franco\/#primaryimage\",\"url\":\"https:\/\/psol50.org.br\/inc\/uploads\/2020\/12\/photo_2020-12-08_18-32-38-e1607463235533.jpg\",\"contentUrl\":\"https:\/\/psol50.org.br\/inc\/uploads\/2020\/12\/photo_2020-12-08_18-32-38-e1607463235533.jpg\",\"width\":1280,\"height\":1075},{\"@type\":\"BreadcrumbList\",\"@id\":\"https:\/\/psol50.org.br\/brasilia-tera-praca-marielle-franco\/#breadcrumb\",\"itemListElement\":[{\"@type\":\"ListItem\",\"position\":1,\"name\":\"In\u00edcio\",\"item\":\"https:\/\/psol50.org.br\/\"},{\"@type\":\"ListItem\",\"position\":2,\"name\":\"Hist\u00f3rico! Bras\u00edlia ter\u00e1 Pra\u00e7a Marielle Franco\"}]},{\"@type\":\"WebSite\",\"@id\":\"https:\/\/psol50.org.br\/#website\",\"url\":\"https:\/\/psol50.org.br\/\",\"name\":\"PSOL 50\",\"description\":\"Site oficial do Partido Socialismo e Liberdade\",\"publisher\":{\"@id\":\"https:\/\/psol50.org.br\/#organization\"},\"alternateName\":\"PSOL50\",\"potentialAction\":[{\"@type\":\"SearchAction\",\"target\":{\"@type\":\"EntryPoint\",\"urlTemplate\":\"https:\/\/psol50.org.br\/?s={search_term_string}\"},\"query-input\":{\"@type\":\"PropertyValueSpecification\",\"valueRequired\":true,\"valueName\":\"search_term_string\"}}],\"inLanguage\":\"pt-BR\"},{\"@type\":\"Organization\",\"@id\":\"https:\/\/psol50.org.br\/#organization\",\"name\":\"PSOL 50\",\"alternateName\":\"PSOL 50\",\"url\":\"https:\/\/psol50.org.br\/\",\"logo\":{\"@type\":\"ImageObject\",\"inLanguage\":\"pt-BR\",\"@id\":\"https:\/\/psol50.org.br\/#\/schema\/logo\/image\/\",\"url\":\"https:\/\/psol50.org.br\/inc\/uploads\/2018\/07\/capa.png\",\"contentUrl\":\"https:\/\/psol50.org.br\/inc\/uploads\/2018\/07\/capa.png\",\"width\":1350,\"height\":900,\"caption\":\"PSOL 50\"},\"image\":{\"@id\":\"https:\/\/psol50.org.br\/#\/schema\/logo\/image\/\"},\"sameAs\":[\"https:\/\/www.facebook.com\/psol50\",\"https:\/\/x.com\/psol50\",\"https:\/\/www.instagram.com\/psol50\/\",\"https:\/\/www.youtube.com\/channel\/UC7SnJS5o1os7a6CaiNabzcg\"]},{\"@type\":\"Person\",\"@id\":\"https:\/\/psol50.org.br\/#\/schema\/person\/475dfa57d0b815993c714c2e96491fcd\",\"name\":\"Comunica\u00e7\u00e3o PSOL\",\"image\":{\"@type\":\"ImageObject\",\"inLanguage\":\"pt-BR\",\"@id\":\"https:\/\/psol50.org.br\/#\/schema\/person\/image\/\",\"url\":\"https:\/\/secure.gravatar.com\/avatar\/b34fc4f4e468a4e51785917065a3db57b841f5c95dba6ad8c73aaf8f66f8f9bf?s=96&d=mm&r=g\",\"contentUrl\":\"https:\/\/secure.gravatar.com\/avatar\/b34fc4f4e468a4e51785917065a3db57b841f5c95dba6ad8c73aaf8f66f8f9bf?s=96&d=mm&r=g\",\"caption\":\"Comunica\u00e7\u00e3o PSOL\"}}]}<\/script>\n<!-- \/ Yoast SEO plugin. -->","yoast_head_json":{"title":"Hist\u00f3rico! Bras\u00edlia ter\u00e1 Pra\u00e7a Marielle Franco","description":"Veto do governador Ibaneis \u00e9 derrubado em dia de mobiliza\u00e7\u00e3o nacional pelos mil dias da execu\u00e7\u00e3o da vereadora carioca.","robots":{"index":"index","follow":"follow","max-snippet":"max-snippet:-1","max-image-preview":"max-image-preview:large","max-video-preview":"max-video-preview:-1"},"canonical":"https:\/\/psol50.org.br\/brasilia-tera-praca-marielle-franco\/","og_locale":"pt_BR","og_type":"article","og_title":"Hist\u00f3rico! Bras\u00edlia ter\u00e1 Pra\u00e7a Marielle Franco","og_description":"Veto do governador Ibaneis \u00e9 derrubado em dia de mobiliza\u00e7\u00e3o nacional pelos mil dias da execu\u00e7\u00e3o da vereadora carioca.","og_url":"https:\/\/psol50.org.br\/brasilia-tera-praca-marielle-franco\/","og_site_name":"PSOL 50","article_publisher":"https:\/\/www.facebook.com\/psol50","article_published_time":"2020-12-08T21:35:53+00:00","og_image":[{"width":1280,"height":1075,"url":"https:\/\/psol50.org.br\/inc\/uploads\/2020\/12\/photo_2020-12-08_18-32-38-e1607463235533.jpg","type":"image\/jpeg"}],"author":"Comunica\u00e7\u00e3o PSOL","twitter_card":"summary_large_image","twitter_title":"Hist\u00f3rico! Bras\u00edlia ter\u00e1 Pra\u00e7a Marielle Franco","twitter_description":"Veto do governador Ibaneis \u00e9 derrubado em dia de mobiliza\u00e7\u00e3o nacional pelos mil dias da execu\u00e7\u00e3o da vereadora carioca.","twitter_image":"https:\/\/psol50.org.br\/inc\/uploads\/2020\/12\/photo_2020-12-08_18-32-38-e1607463235533.jpg","twitter_creator":"@psol50","twitter_site":"@psol50","twitter_misc":{"Escrito por":"Comunica\u00e7\u00e3o PSOL","Est. tempo de leitura":"2 minutos"},"schema":{"@context":"https:\/\/schema.org","@graph":[{"@type":"Article","@id":"https:\/\/psol50.org.br\/brasilia-tera-praca-marielle-franco\/#article","isPartOf":{"@id":"https:\/\/psol50.org.br\/brasilia-tera-praca-marielle-franco\/"},"author":{"name":"Comunica\u00e7\u00e3o PSOL","@id":"https:\/\/psol50.org.br\/#\/schema\/person\/475dfa57d0b815993c714c2e96491fcd"},"headline":"Hist\u00f3rico! Bras\u00edlia ter\u00e1 Pra\u00e7a Marielle Franco","datePublished":"2020-12-08T21:35:53+00:00","mainEntityOfPage":{"@id":"https:\/\/psol50.org.br\/brasilia-tera-praca-marielle-franco\/"},"wordCount":333,"publisher":{"@id":"https:\/\/psol50.org.br\/#organization"},"image":{"@id":"https:\/\/psol50.org.br\/brasilia-tera-praca-marielle-franco\/#primaryimage"},"thumbnailUrl":"https:\/\/psol50.org.br\/inc\/uploads\/2020\/12\/photo_2020-12-08_18-32-38-e1607463235533.jpg","keywords":["1000 dias","Bras\u00edlia","Distrito Federal","Marielle Franco","pra\u00e7a"],"articleSection":["Not\u00edcias"],"inLanguage":"pt-BR"},{"@type":"WebPage","@id":"https:\/\/psol50.org.br\/brasilia-tera-praca-marielle-franco\/","url":"https:\/\/psol50.org.br\/brasilia-tera-praca-marielle-franco\/","name":"Hist\u00f3rico! Bras\u00edlia ter\u00e1 Pra\u00e7a Marielle Franco","isPartOf":{"@id":"https:\/\/psol50.org.br\/#website"},"primaryImageOfPage":{"@id":"https:\/\/psol50.org.br\/brasilia-tera-praca-marielle-franco\/#primaryimage"},"image":{"@id":"https:\/\/psol50.org.br\/brasilia-tera-praca-marielle-franco\/#primaryimage"},"thumbnailUrl":"https:\/\/psol50.org.br\/inc\/uploads\/2020\/12\/photo_2020-12-08_18-32-38-e1607463235533.jpg","datePublished":"2020-12-08T21:35:53+00:00","description":"Veto do governador Ibaneis \u00e9 derrubado em dia de mobiliza\u00e7\u00e3o nacional pelos mil dias da execu\u00e7\u00e3o da vereadora carioca.","breadcrumb":{"@id":"https:\/\/psol50.org.br\/brasilia-tera-praca-marielle-franco\/#breadcrumb"},"inLanguage":"pt-BR","potentialAction":[{"@type":"ReadAction","target":["https:\/\/psol50.org.br\/brasilia-tera-praca-marielle-franco\/"]}]},{"@type":"ImageObject","inLanguage":"pt-BR","@id":"https:\/\/psol50.org.br\/brasilia-tera-praca-marielle-franco\/#primaryimage","url":"https:\/\/psol50.org.br\/inc\/uploads\/2020\/12\/photo_2020-12-08_18-32-38-e1607463235533.jpg","contentUrl":"https:\/\/psol50.org.br\/inc\/uploads\/2020\/12\/photo_2020-12-08_18-32-38-e1607463235533.jpg","width":1280,"height":1075},{"@type":"BreadcrumbList","@id":"https:\/\/psol50.org.br\/brasilia-tera-praca-marielle-franco\/#breadcrumb","itemListElement":[{"@type":"ListItem","position":1,"name":"In\u00edcio","item":"https:\/\/psol50.org.br\/"},{"@type":"ListItem","position":2,"name":"Hist\u00f3rico! Bras\u00edlia ter\u00e1 Pra\u00e7a Marielle Franco"}]},{"@type":"WebSite","@id":"https:\/\/psol50.org.br\/#website","url":"https:\/\/psol50.org.br\/","name":"PSOL 50","description":"Site oficial do Partido Socialismo e Liberdade","publisher":{"@id":"https:\/\/psol50.org.br\/#organization"},"alternateName":"PSOL50","potentialAction":[{"@type":"SearchAction","target":{"@type":"EntryPoint","urlTemplate":"https:\/\/psol50.org.br\/?s={search_term_string}"},"query-input":{"@type":"PropertyValueSpecification","valueRequired":true,"valueName":"search_term_string"}}],"inLanguage":"pt-BR"},{"@type":"Organization","@id":"https:\/\/psol50.org.br\/#organization","name":"PSOL 50","alternateName":"PSOL 50","url":"https:\/\/psol50.org.br\/","logo":{"@type":"ImageObject","inLanguage":"pt-BR","@id":"https:\/\/psol50.org.br\/#\/schema\/logo\/image\/","url":"https:\/\/psol50.org.br\/inc\/uploads\/2018\/07\/capa.png","contentUrl":"https:\/\/psol50.org.br\/inc\/uploads\/2018\/07\/capa.png","width":1350,"height":900,"caption":"PSOL 50"},"image":{"@id":"https:\/\/psol50.org.br\/#\/schema\/logo\/image\/"},"sameAs":["https:\/\/www.facebook.com\/psol50","https:\/\/x.com\/psol50","https:\/\/www.instagram.com\/psol50\/","https:\/\/www.youtube.com\/channel\/UC7SnJS5o1os7a6CaiNabzcg"]},{"@type":"Person","@id":"https:\/\/psol50.org.br\/#\/schema\/person\/475dfa57d0b815993c714c2e96491fcd","name":"Comunica\u00e7\u00e3o PSOL","image":{"@type":"ImageObject","inLanguage":"pt-BR","@id":"https:\/\/psol50.org.br\/#\/schema\/person\/image\/","url":"https:\/\/secure.gravatar.com\/avatar\/b34fc4f4e468a4e51785917065a3db57b841f5c95dba6ad8c73aaf8f66f8f9bf?s=96&d=mm&r=g","contentUrl":"https:\/\/secure.gravatar.com\/avatar\/b34fc4f4e468a4e51785917065a3db57b841f5c95dba6ad8c73aaf8f66f8f9bf?s=96&d=mm&r=g","caption":"Comunica\u00e7\u00e3o PSOL"}}]}},"_links":{"self":[{"href":"https:\/\/psol50.org.br\/rest\/wp\/v2\/posts\/31481","targetHints":{"allow":["GET"]}}],"collection":[{"href":"https:\/\/psol50.org.br\/rest\/wp\/v2\/posts"}],"about":[{"href":"https:\/\/psol50.org.br\/rest\/wp\/v2\/types\/post"}],"author":[{"embeddable":true,"href":"https:\/\/psol50.org.br\/rest\/wp\/v2\/users\/2"}],"replies":[{"embeddable":true,"href":"https:\/\/psol50.org.br\/rest\/wp\/v2\/comments?post=31481"}],"version-history":[{"count":0,"href":"https:\/\/psol50.org.br\/rest\/wp\/v2\/posts\/31481\/revisions"}],"wp:featuredmedia":[{"embeddable":true,"href":"https:\/\/psol50.org.br\/rest\/wp\/v2\/media\/31482"}],"wp:attachment":[{"href":"https:\/\/psol50.org.br\/rest\/wp\/v2\/media?parent=31481"}],"wp:term":[{"taxonomy":"category","embeddable":true,"href":"https:\/\/psol50.org.br\/rest\/wp\/v2\/categories?post=31481"},{"taxonomy":"post_tag","embeddable":true,"href":"https:\/\/psol50.org.br\/rest\/wp\/v2\/tags?post=31481"}],"curies":[{"name":"wp","href":"https:\/\/api.w.org\/{rel}","templated":true}]}}