{"id":31557,"date":"2020-12-16T11:41:58","date_gmt":"2020-12-16T14:41:58","guid":{"rendered":"https:\/\/psol50.org.br\/?p=31557"},"modified":"2020-12-16T11:41:58","modified_gmt":"2020-12-16T14:41:58","slug":"psol-pede-criacao-de-comissao-para-monitorar-plano-nacional-de-vacinacao","status":"publish","type":"post","link":"https:\/\/psol50.org.br\/psol-pede-criacao-de-comissao-para-monitorar-plano-nacional-de-vacinacao\/","title":{"rendered":"PSOL pede cria\u00e7\u00e3o de Comiss\u00e3o na C\u00e2mara para monitorar Plano Nacional de Vacina\u00e7\u00e3o"},"content":{"rendered":"<p><a href=\"https:\/\/psol50.org.br\/vacinaja\/\" target=\"_blank\" rel=\"noopener noreferrer\"><img loading=\"lazy\" decoding=\"async\" class=\"size-full wp-image-31535 alignnone\" src=\"https:\/\/psol50.org.br\/inc\/uploads\/2020\/12\/Web-1920-\u2013-1.jpg\" alt=\"\" width=\"1920\" height=\"339\" srcset=\"https:\/\/psol50.org.br\/inc\/uploads\/2020\/12\/Web-1920-\u2013-1.jpg 1920w, https:\/\/psol50.org.br\/inc\/uploads\/2020\/12\/Web-1920-\u2013-1-300x53.jpg 300w, https:\/\/psol50.org.br\/inc\/uploads\/2020\/12\/Web-1920-\u2013-1-1024x181.jpg 1024w, https:\/\/psol50.org.br\/inc\/uploads\/2020\/12\/Web-1920-\u2013-1-768x136.jpg 768w, https:\/\/psol50.org.br\/inc\/uploads\/2020\/12\/Web-1920-\u2013-1-1536x271.jpg 1536w, https:\/\/psol50.org.br\/inc\/uploads\/2020\/12\/Web-1920-\u2013-1-150x26.jpg 150w, https:\/\/psol50.org.br\/inc\/uploads\/2020\/12\/Web-1920-\u2013-1-696x123.jpg 696w, https:\/\/psol50.org.br\/inc\/uploads\/2020\/12\/Web-1920-\u2013-1-1068x189.jpg 1068w\" sizes=\"auto, (max-width: 1920px) 100vw, 1920px\" \/><\/a><\/p>\n<p>A bancada do PSOL na C\u00e2mara apresentou na \u00faltima ter\u00e7a-feira (15) um requerimento para criar uma Comiss\u00e3o Externa para acompanhar os atos do Poder Executivo no planejamento, monitoramento e execu\u00e7\u00e3o do Plano Nacional de Vacina\u00e7\u00e3o.<\/p>\n<p>Para os parlamentares, \u00e9 fundamental que a C\u00e2mara, com a agilidade que se faz necess\u00e1ria, e em seu dever constitucional, acompanhe de perto os debates sobre o planejamento da vacina\u00e7\u00e3o no Brasil, bem como as etapas de execu\u00e7\u00e3o e monitoramento do Plano Nacional de Vacina\u00e7\u00e3o em n\u00edveis nacional, estadual e municipal.<\/p>\n<p>A Comiss\u00e3o Externa n\u00e3o cria gastos adicionais \u00e0 C\u00e2mara dos Deputados e pode colaborar na an\u00e1lise, fiscaliza\u00e7\u00e3o e elabora\u00e7\u00e3o de medidas que garantam a vacina\u00e7\u00e3o e a prote\u00e7\u00e3o dos direitos mais b\u00e1sicos da popula\u00e7\u00e3o.<\/p>\n<p>&#8220;A inefic\u00e1cia do governo para lidar com a pandemia de COVID-19 afeta diretamente o processo de desenvolvimento de um plano de vacina\u00e7\u00e3o complexo. \u00c9 importante lembrar que, recentemente, mais de 7 milh\u00f5es de testes para o COVID estavam prontos para o descarte. Muitos deles parados por falta dos insumos necess\u00e1rios para sua realiza\u00e7\u00e3o. O mesmo n\u00e3o pode ser acontecer com as vacinas&#8221;, alertam os deputados do PSOL.<\/p>\n<p><a href=\"https:\/\/psol50.org.br\/rendajusta\/\" target=\"_blank\" rel=\"noopener noreferrer\"><img loading=\"lazy\" decoding=\"async\" class=\"size-full wp-image-30552 alignnone\" src=\"https:\/\/psol50.org.br\/inc\/uploads\/2020\/08\/21-08-2020_LancamentoRendaJusta-2.png\" alt=\"\" width=\"1920\" height=\"383\" srcset=\"https:\/\/psol50.org.br\/inc\/uploads\/2020\/08\/21-08-2020_LancamentoRendaJusta-2.png 1920w, https:\/\/psol50.org.br\/inc\/uploads\/2020\/08\/21-08-2020_LancamentoRendaJusta-2-300x60.png 300w, https:\/\/psol50.org.br\/inc\/uploads\/2020\/08\/21-08-2020_LancamentoRendaJusta-2-1024x204.png 1024w, https:\/\/psol50.org.br\/inc\/uploads\/2020\/08\/21-08-2020_LancamentoRendaJusta-2-768x153.png 768w, https:\/\/psol50.org.br\/inc\/uploads\/2020\/08\/21-08-2020_LancamentoRendaJusta-2-1536x306.png 1536w, https:\/\/psol50.org.br\/inc\/uploads\/2020\/08\/21-08-2020_LancamentoRendaJusta-2-150x30.png 150w, https:\/\/psol50.org.br\/inc\/uploads\/2020\/08\/21-08-2020_LancamentoRendaJusta-2-696x139.png 696w, https:\/\/psol50.org.br\/inc\/uploads\/2020\/08\/21-08-2020_LancamentoRendaJusta-2-1068x213.png 1068w\" sizes=\"auto, (max-width: 1920px) 100vw, 1920px\" \/><\/a><\/p>\n","protected":false},"excerpt":{"rendered":"<p>A bancada do PSOL na C\u00e2mara apresentou na \u00faltima ter\u00e7a-feira (15) um requerimento para criar uma Comiss\u00e3o Externa para acompanhar os atos do Poder Executivo no planejamento, monitoramento e execu\u00e7\u00e3o do Plano Nacional de Vacina\u00e7\u00e3o. Para os parlamentares, \u00e9 fundamental que a C\u00e2mara, com a agilidade que se faz necess\u00e1ria, e em seu dever constitucional, [&hellip;]<\/p>\n","protected":false},"author":2,"featured_media":31562,"comment_status":"closed","ping_status":"open","sticky":false,"template":"","format":"standard","meta":{"_acf_changed":false,"footnotes":""},"categories":[10,6],"tags":[163,218,171,371,367,22,366,1125],"class_list":{"0":"post-31557","1":"post","2":"type-post","3":"status-publish","4":"format-standard","5":"has-post-thumbnail","7":"category-acao-parlamentares","8":"category-noticias","9":"tag-camara","10":"tag-comissao","11":"tag-coronavirus","12":"tag-covid-19","13":"tag-pandemia","14":"tag-psol","15":"tag-psolcontraocoronavirus","16":"tag-vacina"},"acf":[],"yoast_head":"<!-- This site is optimized with the Yoast SEO plugin v26.5 - https:\/\/yoast.com\/wordpress\/plugins\/seo\/ -->\n<title>PSOL pede cria\u00e7\u00e3o de Comiss\u00e3o na C\u00e2mara para monitorar Plano Nacional de Vacina\u00e7\u00e3o<\/title>\n<meta name=\"description\" content=\"Comiss\u00e3o teria fun\u00e7\u00e3o de acompanhar os atos do Poder Executivo no planejamento, monitoramento e execu\u00e7\u00e3o do Plano Nacional de Vacina\u00e7\u00e3o.\" \/>\n<meta name=\"robots\" content=\"index, follow, max-snippet:-1, max-image-preview:large, max-video-preview:-1\" \/>\n<link rel=\"canonical\" href=\"https:\/\/psol50.org.br\/psol-pede-criacao-de-comissao-para-monitorar-plano-nacional-de-vacinacao\/\" \/>\n<meta property=\"og:locale\" content=\"pt_BR\" \/>\n<meta property=\"og:type\" content=\"article\" \/>\n<meta property=\"og:title\" content=\"PSOL pede cria\u00e7\u00e3o de Comiss\u00e3o na C\u00e2mara para monitorar Plano Nacional de Vacina\u00e7\u00e3o\" \/>\n<meta property=\"og:description\" content=\"Comiss\u00e3o teria fun\u00e7\u00e3o de acompanhar os atos do Poder Executivo no planejamento, monitoramento e execu\u00e7\u00e3o do Plano Nacional de Vacina\u00e7\u00e3o.\" \/>\n<meta property=\"og:url\" content=\"https:\/\/psol50.org.br\/psol-pede-criacao-de-comissao-para-monitorar-plano-nacional-de-vacinacao\/\" \/>\n<meta property=\"og:site_name\" content=\"PSOL 50\" \/>\n<meta property=\"article:publisher\" content=\"https:\/\/www.facebook.com\/psol50\" \/>\n<meta property=\"article:published_time\" content=\"2020-12-16T14:41:58+00:00\" \/>\n<meta property=\"og:image\" content=\"https:\/\/psol50.org.br\/inc\/uploads\/2020\/12\/1_cbifot141020203382-6355029.jpg\" \/>\n\t<meta property=\"og:image:width\" content=\"675\" \/>\n\t<meta property=\"og:image:height\" content=\"449\" \/>\n\t<meta property=\"og:image:type\" content=\"image\/jpeg\" \/>\n<meta name=\"author\" content=\"Comunica\u00e7\u00e3o PSOL\" \/>\n<meta name=\"twitter:card\" content=\"summary_large_image\" \/>\n<meta name=\"twitter:title\" content=\"PSOL pede cria\u00e7\u00e3o de Comiss\u00e3o na C\u00e2mara para monitorar Plano Nacional de Vacina\u00e7\u00e3o\" \/>\n<meta name=\"twitter:description\" content=\"Comiss\u00e3o teria fun\u00e7\u00e3o de acompanhar os atos do Poder Executivo no planejamento, monitoramento e execu\u00e7\u00e3o do Plano Nacional de Vacina\u00e7\u00e3o.\" \/>\n<meta name=\"twitter:image\" content=\"https:\/\/psol50.org.br\/inc\/uploads\/2020\/12\/1_cbifot141020203382-6355029.jpg\" \/>\n<meta name=\"twitter:creator\" content=\"@psol50\" \/>\n<meta name=\"twitter:site\" content=\"@psol50\" \/>\n<meta name=\"twitter:label1\" content=\"Escrito por\" \/>\n\t<meta name=\"twitter:data1\" content=\"Comunica\u00e7\u00e3o PSOL\" \/>\n\t<meta name=\"twitter:label2\" content=\"Est. tempo de leitura\" \/>\n\t<meta name=\"twitter:data2\" content=\"1 minuto\" \/>\n<script type=\"application\/ld+json\" class=\"yoast-schema-graph\">{\"@context\":\"https:\/\/schema.org\",\"@graph\":[{\"@type\":\"Article\",\"@id\":\"https:\/\/psol50.org.br\/psol-pede-criacao-de-comissao-para-monitorar-plano-nacional-de-vacinacao\/#article\",\"isPartOf\":{\"@id\":\"https:\/\/psol50.org.br\/psol-pede-criacao-de-comissao-para-monitorar-plano-nacional-de-vacinacao\/\"},\"author\":{\"name\":\"Comunica\u00e7\u00e3o PSOL\",\"@id\":\"https:\/\/psol50.org.br\/#\/schema\/person\/475dfa57d0b815993c714c2e96491fcd\"},\"headline\":\"PSOL pede cria\u00e7\u00e3o de Comiss\u00e3o na C\u00e2mara para monitorar Plano Nacional de Vacina\u00e7\u00e3o\",\"datePublished\":\"2020-12-16T14:41:58+00:00\",\"mainEntityOfPage\":{\"@id\":\"https:\/\/psol50.org.br\/psol-pede-criacao-de-comissao-para-monitorar-plano-nacional-de-vacinacao\/\"},\"wordCount\":226,\"publisher\":{\"@id\":\"https:\/\/psol50.org.br\/#organization\"},\"image\":{\"@id\":\"https:\/\/psol50.org.br\/psol-pede-criacao-de-comissao-para-monitorar-plano-nacional-de-vacinacao\/#primaryimage\"},\"thumbnailUrl\":\"https:\/\/psol50.org.br\/inc\/uploads\/2020\/12\/1_cbifot141020203382-6355029.jpg\",\"keywords\":[\"c\u00e2mara\",\"comiss\u00e3o\",\"coronav\u00edrus\",\"covid-19\",\"pandemia\",\"PSOL\",\"psolcontraocoronavirus\",\"vacina\"],\"articleSection\":[\"A\u00e7\u00e3o Parlamentar\",\"Not\u00edcias\"],\"inLanguage\":\"pt-BR\"},{\"@type\":\"WebPage\",\"@id\":\"https:\/\/psol50.org.br\/psol-pede-criacao-de-comissao-para-monitorar-plano-nacional-de-vacinacao\/\",\"url\":\"https:\/\/psol50.org.br\/psol-pede-criacao-de-comissao-para-monitorar-plano-nacional-de-vacinacao\/\",\"name\":\"PSOL pede cria\u00e7\u00e3o de Comiss\u00e3o na C\u00e2mara para monitorar Plano Nacional de Vacina\u00e7\u00e3o\",\"isPartOf\":{\"@id\":\"https:\/\/psol50.org.br\/#website\"},\"primaryImageOfPage\":{\"@id\":\"https:\/\/psol50.org.br\/psol-pede-criacao-de-comissao-para-monitorar-plano-nacional-de-vacinacao\/#primaryimage\"},\"image\":{\"@id\":\"https:\/\/psol50.org.br\/psol-pede-criacao-de-comissao-para-monitorar-plano-nacional-de-vacinacao\/#primaryimage\"},\"thumbnailUrl\":\"https:\/\/psol50.org.br\/inc\/uploads\/2020\/12\/1_cbifot141020203382-6355029.jpg\",\"datePublished\":\"2020-12-16T14:41:58+00:00\",\"description\":\"Comiss\u00e3o teria fun\u00e7\u00e3o de acompanhar os atos do Poder Executivo no planejamento, monitoramento e execu\u00e7\u00e3o do Plano Nacional de Vacina\u00e7\u00e3o.\",\"breadcrumb\":{\"@id\":\"https:\/\/psol50.org.br\/psol-pede-criacao-de-comissao-para-monitorar-plano-nacional-de-vacinacao\/#breadcrumb\"},\"inLanguage\":\"pt-BR\",\"potentialAction\":[{\"@type\":\"ReadAction\",\"target\":[\"https:\/\/psol50.org.br\/psol-pede-criacao-de-comissao-para-monitorar-plano-nacional-de-vacinacao\/\"]}]},{\"@type\":\"ImageObject\",\"inLanguage\":\"pt-BR\",\"@id\":\"https:\/\/psol50.org.br\/psol-pede-criacao-de-comissao-para-monitorar-plano-nacional-de-vacinacao\/#primaryimage\",\"url\":\"https:\/\/psol50.org.br\/inc\/uploads\/2020\/12\/1_cbifot141020203382-6355029.jpg\",\"contentUrl\":\"https:\/\/psol50.org.br\/inc\/uploads\/2020\/12\/1_cbifot141020203382-6355029.jpg\",\"width\":675,\"height\":449},{\"@type\":\"BreadcrumbList\",\"@id\":\"https:\/\/psol50.org.br\/psol-pede-criacao-de-comissao-para-monitorar-plano-nacional-de-vacinacao\/#breadcrumb\",\"itemListElement\":[{\"@type\":\"ListItem\",\"position\":1,\"name\":\"In\u00edcio\",\"item\":\"https:\/\/psol50.org.br\/\"},{\"@type\":\"ListItem\",\"position\":2,\"name\":\"PSOL pede cria\u00e7\u00e3o de Comiss\u00e3o na C\u00e2mara para monitorar Plano Nacional de Vacina\u00e7\u00e3o\"}]},{\"@type\":\"WebSite\",\"@id\":\"https:\/\/psol50.org.br\/#website\",\"url\":\"https:\/\/psol50.org.br\/\",\"name\":\"PSOL 50\",\"description\":\"Site oficial do Partido Socialismo e Liberdade\",\"publisher\":{\"@id\":\"https:\/\/psol50.org.br\/#organization\"},\"alternateName\":\"PSOL50\",\"potentialAction\":[{\"@type\":\"SearchAction\",\"target\":{\"@type\":\"EntryPoint\",\"urlTemplate\":\"https:\/\/psol50.org.br\/?s={search_term_string}\"},\"query-input\":{\"@type\":\"PropertyValueSpecification\",\"valueRequired\":true,\"valueName\":\"search_term_string\"}}],\"inLanguage\":\"pt-BR\"},{\"@type\":\"Organization\",\"@id\":\"https:\/\/psol50.org.br\/#organization\",\"name\":\"PSOL 50\",\"alternateName\":\"PSOL 50\",\"url\":\"https:\/\/psol50.org.br\/\",\"logo\":{\"@type\":\"ImageObject\",\"inLanguage\":\"pt-BR\",\"@id\":\"https:\/\/psol50.org.br\/#\/schema\/logo\/image\/\",\"url\":\"https:\/\/psol50.org.br\/inc\/uploads\/2018\/07\/capa.png\",\"contentUrl\":\"https:\/\/psol50.org.br\/inc\/uploads\/2018\/07\/capa.png\",\"width\":1350,\"height\":900,\"caption\":\"PSOL 50\"},\"image\":{\"@id\":\"https:\/\/psol50.org.br\/#\/schema\/logo\/image\/\"},\"sameAs\":[\"https:\/\/www.facebook.com\/psol50\",\"https:\/\/x.com\/psol50\",\"https:\/\/www.instagram.com\/psol50\/\",\"https:\/\/www.youtube.com\/channel\/UC7SnJS5o1os7a6CaiNabzcg\"]},{\"@type\":\"Person\",\"@id\":\"https:\/\/psol50.org.br\/#\/schema\/person\/475dfa57d0b815993c714c2e96491fcd\",\"name\":\"Comunica\u00e7\u00e3o PSOL\",\"image\":{\"@type\":\"ImageObject\",\"inLanguage\":\"pt-BR\",\"@id\":\"https:\/\/psol50.org.br\/#\/schema\/person\/image\/\",\"url\":\"https:\/\/secure.gravatar.com\/avatar\/b34fc4f4e468a4e51785917065a3db57b841f5c95dba6ad8c73aaf8f66f8f9bf?s=96&d=mm&r=g\",\"contentUrl\":\"https:\/\/secure.gravatar.com\/avatar\/b34fc4f4e468a4e51785917065a3db57b841f5c95dba6ad8c73aaf8f66f8f9bf?s=96&d=mm&r=g\",\"caption\":\"Comunica\u00e7\u00e3o PSOL\"}}]}<\/script>\n<!-- \/ Yoast SEO plugin. -->","yoast_head_json":{"title":"PSOL pede cria\u00e7\u00e3o de Comiss\u00e3o na C\u00e2mara para monitorar Plano Nacional de Vacina\u00e7\u00e3o","description":"Comiss\u00e3o teria fun\u00e7\u00e3o de acompanhar os atos do Poder Executivo no planejamento, monitoramento e execu\u00e7\u00e3o do Plano Nacional de Vacina\u00e7\u00e3o.","robots":{"index":"index","follow":"follow","max-snippet":"max-snippet:-1","max-image-preview":"max-image-preview:large","max-video-preview":"max-video-preview:-1"},"canonical":"https:\/\/psol50.org.br\/psol-pede-criacao-de-comissao-para-monitorar-plano-nacional-de-vacinacao\/","og_locale":"pt_BR","og_type":"article","og_title":"PSOL pede cria\u00e7\u00e3o de Comiss\u00e3o na C\u00e2mara para monitorar Plano Nacional de Vacina\u00e7\u00e3o","og_description":"Comiss\u00e3o teria fun\u00e7\u00e3o de acompanhar os atos do Poder Executivo no planejamento, monitoramento e execu\u00e7\u00e3o do Plano Nacional de Vacina\u00e7\u00e3o.","og_url":"https:\/\/psol50.org.br\/psol-pede-criacao-de-comissao-para-monitorar-plano-nacional-de-vacinacao\/","og_site_name":"PSOL 50","article_publisher":"https:\/\/www.facebook.com\/psol50","article_published_time":"2020-12-16T14:41:58+00:00","og_image":[{"width":675,"height":449,"url":"https:\/\/psol50.org.br\/inc\/uploads\/2020\/12\/1_cbifot141020203382-6355029.jpg","type":"image\/jpeg"}],"author":"Comunica\u00e7\u00e3o PSOL","twitter_card":"summary_large_image","twitter_title":"PSOL pede cria\u00e7\u00e3o de Comiss\u00e3o na C\u00e2mara para monitorar Plano Nacional de Vacina\u00e7\u00e3o","twitter_description":"Comiss\u00e3o teria fun\u00e7\u00e3o de acompanhar os atos do Poder Executivo no planejamento, monitoramento e execu\u00e7\u00e3o do Plano Nacional de Vacina\u00e7\u00e3o.","twitter_image":"https:\/\/psol50.org.br\/inc\/uploads\/2020\/12\/1_cbifot141020203382-6355029.jpg","twitter_creator":"@psol50","twitter_site":"@psol50","twitter_misc":{"Escrito por":"Comunica\u00e7\u00e3o PSOL","Est. tempo de leitura":"1 minuto"},"schema":{"@context":"https:\/\/schema.org","@graph":[{"@type":"Article","@id":"https:\/\/psol50.org.br\/psol-pede-criacao-de-comissao-para-monitorar-plano-nacional-de-vacinacao\/#article","isPartOf":{"@id":"https:\/\/psol50.org.br\/psol-pede-criacao-de-comissao-para-monitorar-plano-nacional-de-vacinacao\/"},"author":{"name":"Comunica\u00e7\u00e3o PSOL","@id":"https:\/\/psol50.org.br\/#\/schema\/person\/475dfa57d0b815993c714c2e96491fcd"},"headline":"PSOL pede cria\u00e7\u00e3o de Comiss\u00e3o na C\u00e2mara para monitorar Plano Nacional de Vacina\u00e7\u00e3o","datePublished":"2020-12-16T14:41:58+00:00","mainEntityOfPage":{"@id":"https:\/\/psol50.org.br\/psol-pede-criacao-de-comissao-para-monitorar-plano-nacional-de-vacinacao\/"},"wordCount":226,"publisher":{"@id":"https:\/\/psol50.org.br\/#organization"},"image":{"@id":"https:\/\/psol50.org.br\/psol-pede-criacao-de-comissao-para-monitorar-plano-nacional-de-vacinacao\/#primaryimage"},"thumbnailUrl":"https:\/\/psol50.org.br\/inc\/uploads\/2020\/12\/1_cbifot141020203382-6355029.jpg","keywords":["c\u00e2mara","comiss\u00e3o","coronav\u00edrus","covid-19","pandemia","PSOL","psolcontraocoronavirus","vacina"],"articleSection":["A\u00e7\u00e3o Parlamentar","Not\u00edcias"],"inLanguage":"pt-BR"},{"@type":"WebPage","@id":"https:\/\/psol50.org.br\/psol-pede-criacao-de-comissao-para-monitorar-plano-nacional-de-vacinacao\/","url":"https:\/\/psol50.org.br\/psol-pede-criacao-de-comissao-para-monitorar-plano-nacional-de-vacinacao\/","name":"PSOL pede cria\u00e7\u00e3o de Comiss\u00e3o na C\u00e2mara para monitorar Plano Nacional de Vacina\u00e7\u00e3o","isPartOf":{"@id":"https:\/\/psol50.org.br\/#website"},"primaryImageOfPage":{"@id":"https:\/\/psol50.org.br\/psol-pede-criacao-de-comissao-para-monitorar-plano-nacional-de-vacinacao\/#primaryimage"},"image":{"@id":"https:\/\/psol50.org.br\/psol-pede-criacao-de-comissao-para-monitorar-plano-nacional-de-vacinacao\/#primaryimage"},"thumbnailUrl":"https:\/\/psol50.org.br\/inc\/uploads\/2020\/12\/1_cbifot141020203382-6355029.jpg","datePublished":"2020-12-16T14:41:58+00:00","description":"Comiss\u00e3o teria fun\u00e7\u00e3o de acompanhar os atos do Poder Executivo no planejamento, monitoramento e execu\u00e7\u00e3o do Plano Nacional de Vacina\u00e7\u00e3o.","breadcrumb":{"@id":"https:\/\/psol50.org.br\/psol-pede-criacao-de-comissao-para-monitorar-plano-nacional-de-vacinacao\/#breadcrumb"},"inLanguage":"pt-BR","potentialAction":[{"@type":"ReadAction","target":["https:\/\/psol50.org.br\/psol-pede-criacao-de-comissao-para-monitorar-plano-nacional-de-vacinacao\/"]}]},{"@type":"ImageObject","inLanguage":"pt-BR","@id":"https:\/\/psol50.org.br\/psol-pede-criacao-de-comissao-para-monitorar-plano-nacional-de-vacinacao\/#primaryimage","url":"https:\/\/psol50.org.br\/inc\/uploads\/2020\/12\/1_cbifot141020203382-6355029.jpg","contentUrl":"https:\/\/psol50.org.br\/inc\/uploads\/2020\/12\/1_cbifot141020203382-6355029.jpg","width":675,"height":449},{"@type":"BreadcrumbList","@id":"https:\/\/psol50.org.br\/psol-pede-criacao-de-comissao-para-monitorar-plano-nacional-de-vacinacao\/#breadcrumb","itemListElement":[{"@type":"ListItem","position":1,"name":"In\u00edcio","item":"https:\/\/psol50.org.br\/"},{"@type":"ListItem","position":2,"name":"PSOL pede cria\u00e7\u00e3o de Comiss\u00e3o na C\u00e2mara para monitorar Plano Nacional de Vacina\u00e7\u00e3o"}]},{"@type":"WebSite","@id":"https:\/\/psol50.org.br\/#website","url":"https:\/\/psol50.org.br\/","name":"PSOL 50","description":"Site oficial do Partido Socialismo e Liberdade","publisher":{"@id":"https:\/\/psol50.org.br\/#organization"},"alternateName":"PSOL50","potentialAction":[{"@type":"SearchAction","target":{"@type":"EntryPoint","urlTemplate":"https:\/\/psol50.org.br\/?s={search_term_string}"},"query-input":{"@type":"PropertyValueSpecification","valueRequired":true,"valueName":"search_term_string"}}],"inLanguage":"pt-BR"},{"@type":"Organization","@id":"https:\/\/psol50.org.br\/#organization","name":"PSOL 50","alternateName":"PSOL 50","url":"https:\/\/psol50.org.br\/","logo":{"@type":"ImageObject","inLanguage":"pt-BR","@id":"https:\/\/psol50.org.br\/#\/schema\/logo\/image\/","url":"https:\/\/psol50.org.br\/inc\/uploads\/2018\/07\/capa.png","contentUrl":"https:\/\/psol50.org.br\/inc\/uploads\/2018\/07\/capa.png","width":1350,"height":900,"caption":"PSOL 50"},"image":{"@id":"https:\/\/psol50.org.br\/#\/schema\/logo\/image\/"},"sameAs":["https:\/\/www.facebook.com\/psol50","https:\/\/x.com\/psol50","https:\/\/www.instagram.com\/psol50\/","https:\/\/www.youtube.com\/channel\/UC7SnJS5o1os7a6CaiNabzcg"]},{"@type":"Person","@id":"https:\/\/psol50.org.br\/#\/schema\/person\/475dfa57d0b815993c714c2e96491fcd","name":"Comunica\u00e7\u00e3o PSOL","image":{"@type":"ImageObject","inLanguage":"pt-BR","@id":"https:\/\/psol50.org.br\/#\/schema\/person\/image\/","url":"https:\/\/secure.gravatar.com\/avatar\/b34fc4f4e468a4e51785917065a3db57b841f5c95dba6ad8c73aaf8f66f8f9bf?s=96&d=mm&r=g","contentUrl":"https:\/\/secure.gravatar.com\/avatar\/b34fc4f4e468a4e51785917065a3db57b841f5c95dba6ad8c73aaf8f66f8f9bf?s=96&d=mm&r=g","caption":"Comunica\u00e7\u00e3o PSOL"}}]}},"_links":{"self":[{"href":"https:\/\/psol50.org.br\/rest\/wp\/v2\/posts\/31557","targetHints":{"allow":["GET"]}}],"collection":[{"href":"https:\/\/psol50.org.br\/rest\/wp\/v2\/posts"}],"about":[{"href":"https:\/\/psol50.org.br\/rest\/wp\/v2\/types\/post"}],"author":[{"embeddable":true,"href":"https:\/\/psol50.org.br\/rest\/wp\/v2\/users\/2"}],"replies":[{"embeddable":true,"href":"https:\/\/psol50.org.br\/rest\/wp\/v2\/comments?post=31557"}],"version-history":[{"count":0,"href":"https:\/\/psol50.org.br\/rest\/wp\/v2\/posts\/31557\/revisions"}],"wp:featuredmedia":[{"embeddable":true,"href":"https:\/\/psol50.org.br\/rest\/wp\/v2\/media\/31562"}],"wp:attachment":[{"href":"https:\/\/psol50.org.br\/rest\/wp\/v2\/media?parent=31557"}],"wp:term":[{"taxonomy":"category","embeddable":true,"href":"https:\/\/psol50.org.br\/rest\/wp\/v2\/categories?post=31557"},{"taxonomy":"post_tag","embeddable":true,"href":"https:\/\/psol50.org.br\/rest\/wp\/v2\/tags?post=31557"}],"curies":[{"name":"wp","href":"https:\/\/api.w.org\/{rel}","templated":true}]}}