{"id":31585,"date":"2020-12-18T10:55:32","date_gmt":"2020-12-18T13:55:32","guid":{"rendered":"https:\/\/psol50.org.br\/?p=31585"},"modified":"2020-12-18T10:55:32","modified_gmt":"2020-12-18T13:55:32","slug":"nota-das-mulheres-do-psol-em-solidariedade-a-isa-penna","status":"publish","type":"post","link":"https:\/\/psol50.org.br\/nota-das-mulheres-do-psol-em-solidariedade-a-isa-penna\/","title":{"rendered":"Nota das Mulheres do PSOL em solidariedade a Isa Penna"},"content":{"rendered":"<p><a href=\"http:\/\/psol50.org.br\/vacinaja\" target=\"_blank\" rel=\"noopener noreferrer\"><img loading=\"lazy\" decoding=\"async\" class=\"size-full wp-image-31535 alignnone\" src=\"https:\/\/psol50.org.br\/inc\/uploads\/2020\/12\/Web-1920-\u2013-1.jpg\" alt=\"\" width=\"1920\" height=\"339\" srcset=\"https:\/\/psol50.org.br\/inc\/uploads\/2020\/12\/Web-1920-\u2013-1.jpg 1920w, https:\/\/psol50.org.br\/inc\/uploads\/2020\/12\/Web-1920-\u2013-1-300x53.jpg 300w, https:\/\/psol50.org.br\/inc\/uploads\/2020\/12\/Web-1920-\u2013-1-1024x181.jpg 1024w, https:\/\/psol50.org.br\/inc\/uploads\/2020\/12\/Web-1920-\u2013-1-768x136.jpg 768w, https:\/\/psol50.org.br\/inc\/uploads\/2020\/12\/Web-1920-\u2013-1-1536x271.jpg 1536w, https:\/\/psol50.org.br\/inc\/uploads\/2020\/12\/Web-1920-\u2013-1-150x26.jpg 150w, https:\/\/psol50.org.br\/inc\/uploads\/2020\/12\/Web-1920-\u2013-1-696x123.jpg 696w, https:\/\/psol50.org.br\/inc\/uploads\/2020\/12\/Web-1920-\u2013-1-1068x189.jpg 1068w\" sizes=\"auto, (max-width: 1920px) 100vw, 1920px\" \/><\/a><\/p>\n<p>A Setorial de Mulheres do PSOL S\u00e3o Paulo vem se solidarizar com a nossa companheira Isa Penna pela viol\u00eancia que sofreu nesta quinta-feira, 17 de dezembro, enquanto exercia sua atividade parlamentar. A deputada estava em plen\u00e1rio quando foi assediada pelo deputado estadual Fernando Cury (Cidadania) que tocou em seu corpo sem o seu consentimento. Repudiamos veementemente a postura do deputado.<\/p>\n<p>Isa Penna \u00e9 uma das deputadas estaduais do PSOL que junto a nossa combativa bancada tem enfrentado as pol\u00edticas de retrocesso impostas pelo governo D\u00f3ria, neste ano agravadas pelos in\u00fameros desafios impostos pela pandemia.<\/p>\n<p>Desde que a pandemia come\u00e7ou no Brasil, uma mulher foi v\u00edtima de feminic\u00eddio a cada 7 horas. De acordo com pesquisa realizada neste ano pelo Instituto Patr\u00edcia Galv\u00e3o e Locomotiva, 76% das mulheres j\u00e1 foram v\u00edtimas de ass\u00e9dio ou viol\u00eancia no trabalho. Precisamos enfrentar o machismo e a cultura da viol\u00eancia contra as mulheres. Por isso, tamb\u00e9m nos solidarizamos com a companheira M\u00f4nica Seixas, tamb\u00e9m deputada estadual em S\u00e3o Paulo, que foi agredida verbalmente durante a sess\u00e3o plen\u00e1ria dessa quinta-feira, ao defender a companheira Isa Penna da acusa\u00e7\u00e3o de instrumentaliza\u00e7\u00e3o da pauta da viol\u00eancia contra a mulher.<\/p>\n<p>Estamos juntas, Isa e M\u00f4nica. E n\u00e3o nos intimidaremos.<\/p>\n<p>Machistas, n\u00e3o passar\u00e3o!<\/p>\n<p><em><strong>Setorial de Mulheres do PSOL SP<\/strong><\/em><br \/>\n<em><strong>Setorial Nacional de Mulheres do PSOL<\/strong><\/em><br \/>\n<em><strong>Executiva Estadual do PSOL S\u00e3o Paulo<\/strong><\/em><\/p>\n<p><em><strong>17 de dezembro de 2020<\/strong><\/em><\/p>\n<p><a href=\"https:\/\/psol50.org.br\/rendajusta\/\" target=\"_blank\" rel=\"noopener noreferrer\"><img loading=\"lazy\" decoding=\"async\" class=\"size-full wp-image-30552 alignnone\" src=\"https:\/\/psol50.org.br\/inc\/uploads\/2020\/08\/21-08-2020_LancamentoRendaJusta-2.png\" alt=\"\" width=\"1920\" height=\"383\" srcset=\"https:\/\/psol50.org.br\/inc\/uploads\/2020\/08\/21-08-2020_LancamentoRendaJusta-2.png 1920w, https:\/\/psol50.org.br\/inc\/uploads\/2020\/08\/21-08-2020_LancamentoRendaJusta-2-300x60.png 300w, https:\/\/psol50.org.br\/inc\/uploads\/2020\/08\/21-08-2020_LancamentoRendaJusta-2-1024x204.png 1024w, https:\/\/psol50.org.br\/inc\/uploads\/2020\/08\/21-08-2020_LancamentoRendaJusta-2-768x153.png 768w, https:\/\/psol50.org.br\/inc\/uploads\/2020\/08\/21-08-2020_LancamentoRendaJusta-2-1536x306.png 1536w, https:\/\/psol50.org.br\/inc\/uploads\/2020\/08\/21-08-2020_LancamentoRendaJusta-2-150x30.png 150w, https:\/\/psol50.org.br\/inc\/uploads\/2020\/08\/21-08-2020_LancamentoRendaJusta-2-696x139.png 696w, https:\/\/psol50.org.br\/inc\/uploads\/2020\/08\/21-08-2020_LancamentoRendaJusta-2-1068x213.png 1068w\" sizes=\"auto, (max-width: 1920px) 100vw, 1920px\" \/><\/a><\/p>\n","protected":false},"excerpt":{"rendered":"<p>A Setorial de Mulheres do PSOL S\u00e3o Paulo vem se solidarizar com a nossa companheira Isa Penna pela viol\u00eancia que sofreu nesta quinta-feira, 17 de dezembro, enquanto exercia sua atividade parlamentar. A deputada estava em plen\u00e1rio quando foi assediada pelo deputado estadual Fernando Cury (Cidadania) que tocou em seu corpo sem o seu consentimento. Repudiamos [&hellip;]<\/p>\n","protected":false},"author":2,"featured_media":31586,"comment_status":"closed","ping_status":"open","sticky":false,"template":"","format":"standard","meta":{"_acf_changed":false,"footnotes":""},"categories":[49,6],"tags":[141,51,298,4,22,117,270],"class_list":{"0":"post-31585","1":"post","2":"type-post","3":"status-publish","4":"format-standard","5":"has-post-thumbnail","7":"category-mulheres","8":"category-noticias","9":"tag-alesp","10":"tag-assedio","11":"tag-isa-penna","12":"tag-mulheres","13":"tag-psol","14":"tag-sao-paulo","15":"tag-setorial"},"acf":[],"yoast_head":"<!-- This site is optimized with the Yoast SEO plugin v26.5 - https:\/\/yoast.com\/wordpress\/plugins\/seo\/ -->\n<title>Nota das Mulheres do PSOL em solidariedade a Isa Penna<\/title>\n<meta name=\"description\" content=\"Nota das Setoriais de Mulheres do PSOL de S\u00e3o Paulo e Nacional, al\u00e9m da Executiva do PSOL de S\u00e3o Paulo sobre o ass\u00e9dio a Isa Penna.\" \/>\n<meta name=\"robots\" content=\"index, follow, max-snippet:-1, max-image-preview:large, max-video-preview:-1\" \/>\n<link rel=\"canonical\" href=\"https:\/\/psol50.org.br\/nota-das-mulheres-do-psol-em-solidariedade-a-isa-penna\/\" \/>\n<meta property=\"og:locale\" content=\"pt_BR\" \/>\n<meta property=\"og:type\" content=\"article\" \/>\n<meta property=\"og:title\" content=\"Nota das Mulheres do PSOL em solidariedade a Isa Penna\" \/>\n<meta property=\"og:description\" content=\"Nota das Setoriais de Mulheres do PSOL de S\u00e3o Paulo e Nacional, al\u00e9m da Executiva do PSOL de S\u00e3o Paulo sobre o ass\u00e9dio a Isa Penna.\" \/>\n<meta property=\"og:url\" content=\"https:\/\/psol50.org.br\/nota-das-mulheres-do-psol-em-solidariedade-a-isa-penna\/\" \/>\n<meta property=\"og:site_name\" content=\"PSOL 50\" \/>\n<meta property=\"article:publisher\" content=\"https:\/\/www.facebook.com\/psol50\" \/>\n<meta property=\"article:published_time\" content=\"2020-12-18T13:55:32+00:00\" \/>\n<meta property=\"og:image\" content=\"https:\/\/psol50.org.br\/inc\/uploads\/2020\/12\/16082445695fdbdd5914a66_1608244569_3x2_md.jpg\" \/>\n\t<meta property=\"og:image:width\" content=\"768\" \/>\n\t<meta property=\"og:image:height\" content=\"512\" \/>\n\t<meta property=\"og:image:type\" content=\"image\/jpeg\" \/>\n<meta name=\"author\" content=\"Comunica\u00e7\u00e3o PSOL\" \/>\n<meta name=\"twitter:card\" content=\"summary_large_image\" \/>\n<meta name=\"twitter:title\" content=\"Nota das Mulheres do PSOL em solidariedade a Isa Penna\" \/>\n<meta name=\"twitter:description\" content=\"Nota das Setoriais de Mulheres do PSOL de S\u00e3o Paulo e Nacional, al\u00e9m da Executiva do PSOL de S\u00e3o Paulo sobre o ass\u00e9dio a Isa Penna.\" \/>\n<meta name=\"twitter:image\" content=\"https:\/\/psol50.org.br\/inc\/uploads\/2020\/12\/16082445695fdbdd5914a66_1608244569_3x2_md.jpg\" \/>\n<meta name=\"twitter:creator\" content=\"@psol50\" \/>\n<meta name=\"twitter:site\" content=\"@psol50\" \/>\n<meta name=\"twitter:label1\" content=\"Escrito por\" \/>\n\t<meta name=\"twitter:data1\" content=\"Comunica\u00e7\u00e3o PSOL\" \/>\n\t<meta name=\"twitter:label2\" content=\"Est. tempo de leitura\" \/>\n\t<meta name=\"twitter:data2\" content=\"1 minuto\" \/>\n<script type=\"application\/ld+json\" class=\"yoast-schema-graph\">{\"@context\":\"https:\/\/schema.org\",\"@graph\":[{\"@type\":\"Article\",\"@id\":\"https:\/\/psol50.org.br\/nota-das-mulheres-do-psol-em-solidariedade-a-isa-penna\/#article\",\"isPartOf\":{\"@id\":\"https:\/\/psol50.org.br\/nota-das-mulheres-do-psol-em-solidariedade-a-isa-penna\/\"},\"author\":{\"name\":\"Comunica\u00e7\u00e3o PSOL\",\"@id\":\"https:\/\/psol50.org.br\/#\/schema\/person\/475dfa57d0b815993c714c2e96491fcd\"},\"headline\":\"Nota das Mulheres do PSOL em solidariedade a Isa Penna\",\"datePublished\":\"2020-12-18T13:55:32+00:00\",\"mainEntityOfPage\":{\"@id\":\"https:\/\/psol50.org.br\/nota-das-mulheres-do-psol-em-solidariedade-a-isa-penna\/\"},\"wordCount\":259,\"publisher\":{\"@id\":\"https:\/\/psol50.org.br\/#organization\"},\"image\":{\"@id\":\"https:\/\/psol50.org.br\/nota-das-mulheres-do-psol-em-solidariedade-a-isa-penna\/#primaryimage\"},\"thumbnailUrl\":\"https:\/\/psol50.org.br\/inc\/uploads\/2020\/12\/16082445695fdbdd5914a66_1608244569_3x2_md.jpg\",\"keywords\":[\"alesp\",\"ass\u00e9dio\",\"Isa Penna\",\"mulheres\",\"PSOL\",\"S\u00e3o Paulo\",\"setorial\"],\"articleSection\":[\"Mulheres\",\"Not\u00edcias\"],\"inLanguage\":\"pt-BR\"},{\"@type\":\"WebPage\",\"@id\":\"https:\/\/psol50.org.br\/nota-das-mulheres-do-psol-em-solidariedade-a-isa-penna\/\",\"url\":\"https:\/\/psol50.org.br\/nota-das-mulheres-do-psol-em-solidariedade-a-isa-penna\/\",\"name\":\"Nota das Mulheres do PSOL em solidariedade a Isa Penna\",\"isPartOf\":{\"@id\":\"https:\/\/psol50.org.br\/#website\"},\"primaryImageOfPage\":{\"@id\":\"https:\/\/psol50.org.br\/nota-das-mulheres-do-psol-em-solidariedade-a-isa-penna\/#primaryimage\"},\"image\":{\"@id\":\"https:\/\/psol50.org.br\/nota-das-mulheres-do-psol-em-solidariedade-a-isa-penna\/#primaryimage\"},\"thumbnailUrl\":\"https:\/\/psol50.org.br\/inc\/uploads\/2020\/12\/16082445695fdbdd5914a66_1608244569_3x2_md.jpg\",\"datePublished\":\"2020-12-18T13:55:32+00:00\",\"description\":\"Nota das Setoriais de Mulheres do PSOL de S\u00e3o Paulo e Nacional, al\u00e9m da Executiva do PSOL de S\u00e3o Paulo sobre o ass\u00e9dio a Isa Penna.\",\"breadcrumb\":{\"@id\":\"https:\/\/psol50.org.br\/nota-das-mulheres-do-psol-em-solidariedade-a-isa-penna\/#breadcrumb\"},\"inLanguage\":\"pt-BR\",\"potentialAction\":[{\"@type\":\"ReadAction\",\"target\":[\"https:\/\/psol50.org.br\/nota-das-mulheres-do-psol-em-solidariedade-a-isa-penna\/\"]}]},{\"@type\":\"ImageObject\",\"inLanguage\":\"pt-BR\",\"@id\":\"https:\/\/psol50.org.br\/nota-das-mulheres-do-psol-em-solidariedade-a-isa-penna\/#primaryimage\",\"url\":\"https:\/\/psol50.org.br\/inc\/uploads\/2020\/12\/16082445695fdbdd5914a66_1608244569_3x2_md.jpg\",\"contentUrl\":\"https:\/\/psol50.org.br\/inc\/uploads\/2020\/12\/16082445695fdbdd5914a66_1608244569_3x2_md.jpg\",\"width\":768,\"height\":512},{\"@type\":\"BreadcrumbList\",\"@id\":\"https:\/\/psol50.org.br\/nota-das-mulheres-do-psol-em-solidariedade-a-isa-penna\/#breadcrumb\",\"itemListElement\":[{\"@type\":\"ListItem\",\"position\":1,\"name\":\"In\u00edcio\",\"item\":\"https:\/\/psol50.org.br\/\"},{\"@type\":\"ListItem\",\"position\":2,\"name\":\"Nota das Mulheres do PSOL em solidariedade a Isa Penna\"}]},{\"@type\":\"WebSite\",\"@id\":\"https:\/\/psol50.org.br\/#website\",\"url\":\"https:\/\/psol50.org.br\/\",\"name\":\"PSOL 50\",\"description\":\"Site oficial do Partido Socialismo e Liberdade\",\"publisher\":{\"@id\":\"https:\/\/psol50.org.br\/#organization\"},\"alternateName\":\"PSOL50\",\"potentialAction\":[{\"@type\":\"SearchAction\",\"target\":{\"@type\":\"EntryPoint\",\"urlTemplate\":\"https:\/\/psol50.org.br\/?s={search_term_string}\"},\"query-input\":{\"@type\":\"PropertyValueSpecification\",\"valueRequired\":true,\"valueName\":\"search_term_string\"}}],\"inLanguage\":\"pt-BR\"},{\"@type\":\"Organization\",\"@id\":\"https:\/\/psol50.org.br\/#organization\",\"name\":\"PSOL 50\",\"alternateName\":\"PSOL 50\",\"url\":\"https:\/\/psol50.org.br\/\",\"logo\":{\"@type\":\"ImageObject\",\"inLanguage\":\"pt-BR\",\"@id\":\"https:\/\/psol50.org.br\/#\/schema\/logo\/image\/\",\"url\":\"https:\/\/psol50.org.br\/inc\/uploads\/2018\/07\/capa.png\",\"contentUrl\":\"https:\/\/psol50.org.br\/inc\/uploads\/2018\/07\/capa.png\",\"width\":1350,\"height\":900,\"caption\":\"PSOL 50\"},\"image\":{\"@id\":\"https:\/\/psol50.org.br\/#\/schema\/logo\/image\/\"},\"sameAs\":[\"https:\/\/www.facebook.com\/psol50\",\"https:\/\/x.com\/psol50\",\"https:\/\/www.instagram.com\/psol50\/\",\"https:\/\/www.youtube.com\/channel\/UC7SnJS5o1os7a6CaiNabzcg\"]},{\"@type\":\"Person\",\"@id\":\"https:\/\/psol50.org.br\/#\/schema\/person\/475dfa57d0b815993c714c2e96491fcd\",\"name\":\"Comunica\u00e7\u00e3o PSOL\",\"image\":{\"@type\":\"ImageObject\",\"inLanguage\":\"pt-BR\",\"@id\":\"https:\/\/psol50.org.br\/#\/schema\/person\/image\/\",\"url\":\"https:\/\/secure.gravatar.com\/avatar\/b34fc4f4e468a4e51785917065a3db57b841f5c95dba6ad8c73aaf8f66f8f9bf?s=96&d=mm&r=g\",\"contentUrl\":\"https:\/\/secure.gravatar.com\/avatar\/b34fc4f4e468a4e51785917065a3db57b841f5c95dba6ad8c73aaf8f66f8f9bf?s=96&d=mm&r=g\",\"caption\":\"Comunica\u00e7\u00e3o PSOL\"}}]}<\/script>\n<!-- \/ Yoast SEO plugin. -->","yoast_head_json":{"title":"Nota das Mulheres do PSOL em solidariedade a Isa Penna","description":"Nota das Setoriais de Mulheres do PSOL de S\u00e3o Paulo e Nacional, al\u00e9m da Executiva do PSOL de S\u00e3o Paulo sobre o ass\u00e9dio a Isa Penna.","robots":{"index":"index","follow":"follow","max-snippet":"max-snippet:-1","max-image-preview":"max-image-preview:large","max-video-preview":"max-video-preview:-1"},"canonical":"https:\/\/psol50.org.br\/nota-das-mulheres-do-psol-em-solidariedade-a-isa-penna\/","og_locale":"pt_BR","og_type":"article","og_title":"Nota das Mulheres do PSOL em solidariedade a Isa Penna","og_description":"Nota das Setoriais de Mulheres do PSOL de S\u00e3o Paulo e Nacional, al\u00e9m da Executiva do PSOL de S\u00e3o Paulo sobre o ass\u00e9dio a Isa Penna.","og_url":"https:\/\/psol50.org.br\/nota-das-mulheres-do-psol-em-solidariedade-a-isa-penna\/","og_site_name":"PSOL 50","article_publisher":"https:\/\/www.facebook.com\/psol50","article_published_time":"2020-12-18T13:55:32+00:00","og_image":[{"width":768,"height":512,"url":"https:\/\/psol50.org.br\/inc\/uploads\/2020\/12\/16082445695fdbdd5914a66_1608244569_3x2_md.jpg","type":"image\/jpeg"}],"author":"Comunica\u00e7\u00e3o PSOL","twitter_card":"summary_large_image","twitter_title":"Nota das Mulheres do PSOL em solidariedade a Isa Penna","twitter_description":"Nota das Setoriais de Mulheres do PSOL de S\u00e3o Paulo e Nacional, al\u00e9m da Executiva do PSOL de S\u00e3o Paulo sobre o ass\u00e9dio a Isa Penna.","twitter_image":"https:\/\/psol50.org.br\/inc\/uploads\/2020\/12\/16082445695fdbdd5914a66_1608244569_3x2_md.jpg","twitter_creator":"@psol50","twitter_site":"@psol50","twitter_misc":{"Escrito por":"Comunica\u00e7\u00e3o PSOL","Est. tempo de leitura":"1 minuto"},"schema":{"@context":"https:\/\/schema.org","@graph":[{"@type":"Article","@id":"https:\/\/psol50.org.br\/nota-das-mulheres-do-psol-em-solidariedade-a-isa-penna\/#article","isPartOf":{"@id":"https:\/\/psol50.org.br\/nota-das-mulheres-do-psol-em-solidariedade-a-isa-penna\/"},"author":{"name":"Comunica\u00e7\u00e3o PSOL","@id":"https:\/\/psol50.org.br\/#\/schema\/person\/475dfa57d0b815993c714c2e96491fcd"},"headline":"Nota das Mulheres do PSOL em solidariedade a Isa Penna","datePublished":"2020-12-18T13:55:32+00:00","mainEntityOfPage":{"@id":"https:\/\/psol50.org.br\/nota-das-mulheres-do-psol-em-solidariedade-a-isa-penna\/"},"wordCount":259,"publisher":{"@id":"https:\/\/psol50.org.br\/#organization"},"image":{"@id":"https:\/\/psol50.org.br\/nota-das-mulheres-do-psol-em-solidariedade-a-isa-penna\/#primaryimage"},"thumbnailUrl":"https:\/\/psol50.org.br\/inc\/uploads\/2020\/12\/16082445695fdbdd5914a66_1608244569_3x2_md.jpg","keywords":["alesp","ass\u00e9dio","Isa Penna","mulheres","PSOL","S\u00e3o Paulo","setorial"],"articleSection":["Mulheres","Not\u00edcias"],"inLanguage":"pt-BR"},{"@type":"WebPage","@id":"https:\/\/psol50.org.br\/nota-das-mulheres-do-psol-em-solidariedade-a-isa-penna\/","url":"https:\/\/psol50.org.br\/nota-das-mulheres-do-psol-em-solidariedade-a-isa-penna\/","name":"Nota das Mulheres do PSOL em solidariedade a Isa Penna","isPartOf":{"@id":"https:\/\/psol50.org.br\/#website"},"primaryImageOfPage":{"@id":"https:\/\/psol50.org.br\/nota-das-mulheres-do-psol-em-solidariedade-a-isa-penna\/#primaryimage"},"image":{"@id":"https:\/\/psol50.org.br\/nota-das-mulheres-do-psol-em-solidariedade-a-isa-penna\/#primaryimage"},"thumbnailUrl":"https:\/\/psol50.org.br\/inc\/uploads\/2020\/12\/16082445695fdbdd5914a66_1608244569_3x2_md.jpg","datePublished":"2020-12-18T13:55:32+00:00","description":"Nota das Setoriais de Mulheres do PSOL de S\u00e3o Paulo e Nacional, al\u00e9m da Executiva do PSOL de S\u00e3o Paulo sobre o ass\u00e9dio a Isa Penna.","breadcrumb":{"@id":"https:\/\/psol50.org.br\/nota-das-mulheres-do-psol-em-solidariedade-a-isa-penna\/#breadcrumb"},"inLanguage":"pt-BR","potentialAction":[{"@type":"ReadAction","target":["https:\/\/psol50.org.br\/nota-das-mulheres-do-psol-em-solidariedade-a-isa-penna\/"]}]},{"@type":"ImageObject","inLanguage":"pt-BR","@id":"https:\/\/psol50.org.br\/nota-das-mulheres-do-psol-em-solidariedade-a-isa-penna\/#primaryimage","url":"https:\/\/psol50.org.br\/inc\/uploads\/2020\/12\/16082445695fdbdd5914a66_1608244569_3x2_md.jpg","contentUrl":"https:\/\/psol50.org.br\/inc\/uploads\/2020\/12\/16082445695fdbdd5914a66_1608244569_3x2_md.jpg","width":768,"height":512},{"@type":"BreadcrumbList","@id":"https:\/\/psol50.org.br\/nota-das-mulheres-do-psol-em-solidariedade-a-isa-penna\/#breadcrumb","itemListElement":[{"@type":"ListItem","position":1,"name":"In\u00edcio","item":"https:\/\/psol50.org.br\/"},{"@type":"ListItem","position":2,"name":"Nota das Mulheres do PSOL em solidariedade a Isa Penna"}]},{"@type":"WebSite","@id":"https:\/\/psol50.org.br\/#website","url":"https:\/\/psol50.org.br\/","name":"PSOL 50","description":"Site oficial do Partido Socialismo e Liberdade","publisher":{"@id":"https:\/\/psol50.org.br\/#organization"},"alternateName":"PSOL50","potentialAction":[{"@type":"SearchAction","target":{"@type":"EntryPoint","urlTemplate":"https:\/\/psol50.org.br\/?s={search_term_string}"},"query-input":{"@type":"PropertyValueSpecification","valueRequired":true,"valueName":"search_term_string"}}],"inLanguage":"pt-BR"},{"@type":"Organization","@id":"https:\/\/psol50.org.br\/#organization","name":"PSOL 50","alternateName":"PSOL 50","url":"https:\/\/psol50.org.br\/","logo":{"@type":"ImageObject","inLanguage":"pt-BR","@id":"https:\/\/psol50.org.br\/#\/schema\/logo\/image\/","url":"https:\/\/psol50.org.br\/inc\/uploads\/2018\/07\/capa.png","contentUrl":"https:\/\/psol50.org.br\/inc\/uploads\/2018\/07\/capa.png","width":1350,"height":900,"caption":"PSOL 50"},"image":{"@id":"https:\/\/psol50.org.br\/#\/schema\/logo\/image\/"},"sameAs":["https:\/\/www.facebook.com\/psol50","https:\/\/x.com\/psol50","https:\/\/www.instagram.com\/psol50\/","https:\/\/www.youtube.com\/channel\/UC7SnJS5o1os7a6CaiNabzcg"]},{"@type":"Person","@id":"https:\/\/psol50.org.br\/#\/schema\/person\/475dfa57d0b815993c714c2e96491fcd","name":"Comunica\u00e7\u00e3o PSOL","image":{"@type":"ImageObject","inLanguage":"pt-BR","@id":"https:\/\/psol50.org.br\/#\/schema\/person\/image\/","url":"https:\/\/secure.gravatar.com\/avatar\/b34fc4f4e468a4e51785917065a3db57b841f5c95dba6ad8c73aaf8f66f8f9bf?s=96&d=mm&r=g","contentUrl":"https:\/\/secure.gravatar.com\/avatar\/b34fc4f4e468a4e51785917065a3db57b841f5c95dba6ad8c73aaf8f66f8f9bf?s=96&d=mm&r=g","caption":"Comunica\u00e7\u00e3o PSOL"}}]}},"_links":{"self":[{"href":"https:\/\/psol50.org.br\/rest\/wp\/v2\/posts\/31585","targetHints":{"allow":["GET"]}}],"collection":[{"href":"https:\/\/psol50.org.br\/rest\/wp\/v2\/posts"}],"about":[{"href":"https:\/\/psol50.org.br\/rest\/wp\/v2\/types\/post"}],"author":[{"embeddable":true,"href":"https:\/\/psol50.org.br\/rest\/wp\/v2\/users\/2"}],"replies":[{"embeddable":true,"href":"https:\/\/psol50.org.br\/rest\/wp\/v2\/comments?post=31585"}],"version-history":[{"count":0,"href":"https:\/\/psol50.org.br\/rest\/wp\/v2\/posts\/31585\/revisions"}],"wp:featuredmedia":[{"embeddable":true,"href":"https:\/\/psol50.org.br\/rest\/wp\/v2\/media\/31586"}],"wp:attachment":[{"href":"https:\/\/psol50.org.br\/rest\/wp\/v2\/media?parent=31585"}],"wp:term":[{"taxonomy":"category","embeddable":true,"href":"https:\/\/psol50.org.br\/rest\/wp\/v2\/categories?post=31585"},{"taxonomy":"post_tag","embeddable":true,"href":"https:\/\/psol50.org.br\/rest\/wp\/v2\/tags?post=31585"}],"curies":[{"name":"wp","href":"https:\/\/api.w.org\/{rel}","templated":true}]}}