{"id":31588,"date":"2020-12-18T11:11:05","date_gmt":"2020-12-18T14:11:05","guid":{"rendered":"https:\/\/psol50.org.br\/?p=31588"},"modified":"2020-12-18T11:11:05","modified_gmt":"2020-12-18T14:11:05","slug":"basta-de-violencia-contra-as-mulheres-toda-solidariedade-a-deputada-isa-penna-psol-sp","status":"publish","type":"post","link":"https:\/\/psol50.org.br\/basta-de-violencia-contra-as-mulheres-toda-solidariedade-a-deputada-isa-penna-psol-sp\/","title":{"rendered":"Basta de viol\u00eancia contra as mulheres! Toda solidariedade \u00e0 deputada Isa Penna (PSOL-SP)!"},"content":{"rendered":"<p><a href=\"https:\/\/psol50.org.br\/vacinaja\/\" target=\"_blank\" rel=\"noopener noreferrer\"><img loading=\"lazy\" decoding=\"async\" class=\"size-full wp-image-31535 alignnone\" src=\"https:\/\/psol50.org.br\/inc\/uploads\/2020\/12\/Web-1920-\u2013-1.jpg\" alt=\"\" width=\"1920\" height=\"339\" srcset=\"https:\/\/psol50.org.br\/inc\/uploads\/2020\/12\/Web-1920-\u2013-1.jpg 1920w, https:\/\/psol50.org.br\/inc\/uploads\/2020\/12\/Web-1920-\u2013-1-300x53.jpg 300w, https:\/\/psol50.org.br\/inc\/uploads\/2020\/12\/Web-1920-\u2013-1-1024x181.jpg 1024w, https:\/\/psol50.org.br\/inc\/uploads\/2020\/12\/Web-1920-\u2013-1-768x136.jpg 768w, https:\/\/psol50.org.br\/inc\/uploads\/2020\/12\/Web-1920-\u2013-1-1536x271.jpg 1536w, https:\/\/psol50.org.br\/inc\/uploads\/2020\/12\/Web-1920-\u2013-1-150x26.jpg 150w, https:\/\/psol50.org.br\/inc\/uploads\/2020\/12\/Web-1920-\u2013-1-696x123.jpg 696w, https:\/\/psol50.org.br\/inc\/uploads\/2020\/12\/Web-1920-\u2013-1-1068x189.jpg 1068w\" sizes=\"auto, (max-width: 1920px) 100vw, 1920px\" \/><\/a><\/p>\n<p>A Executiva Nacional do PSOL manifesta sua irrestrita solidariedade \u00e0 deputada Isa Penna, importunada sexualmente durante o exerc\u00edcio de seu mandato parlamentar em sess\u00e3o legislativa na Assembleia de S\u00e3o Paulo durante vota\u00e7\u00e3o or\u00e7ament\u00e1ria pelo deputado Fernando Cury (Cidadania). N\u00e3o aceitaremos nenhuma forma de ass\u00e9dio!<\/p>\n<p>Sabemos que atos absurdos como o ato repugnante cometido por Cury n\u00e3o s\u00e3o uma exce\u00e7\u00e3o. O ass\u00e9dio e a viol\u00eancia contra as mulheres s\u00e3o resultantes de uma verdadeira cultura do estupro existente em nossa sociedade, a qual banaliza e naturaliza comportamentos machistas que agridem e violam a sexualidade da mulher e o direito ao seu pr\u00f3prio corpo, que operam buscando legitimar a viola\u00e7\u00e3o de direitos.<\/p>\n<p>A deputada Isa Penna atua no enfrentamento \u00e0 viol\u00eancia contra a mulher. Nos orgulhamos de que nossas parlamentares estejam na linha de frente do combate ao machismo estrutural. Lutaremos sem tr\u00e9gua contra o projeto ultra conservador e reacion\u00e1rio dentro e fora do parlamento. Repudiamos veementemente o ato de ass\u00e9dio e tomaremos todas as medidas para a responsabiliza\u00e7\u00e3o do agressor.<\/p>\n<p><em><strong>Executiva Nacional do PSOL<\/strong><\/em><br \/>\n<em><strong>18 de dezembro de 2020<\/strong><\/em><\/p>\n<p><a href=\"https:\/\/psol50.org.br\/rendajusta\/\" target=\"_blank\" rel=\"noopener noreferrer\"><img loading=\"lazy\" decoding=\"async\" class=\"size-full wp-image-30552 alignnone\" src=\"https:\/\/psol50.org.br\/inc\/uploads\/2020\/08\/21-08-2020_LancamentoRendaJusta-2.png\" alt=\"\" width=\"1920\" height=\"383\" srcset=\"https:\/\/psol50.org.br\/inc\/uploads\/2020\/08\/21-08-2020_LancamentoRendaJusta-2.png 1920w, https:\/\/psol50.org.br\/inc\/uploads\/2020\/08\/21-08-2020_LancamentoRendaJusta-2-300x60.png 300w, https:\/\/psol50.org.br\/inc\/uploads\/2020\/08\/21-08-2020_LancamentoRendaJusta-2-1024x204.png 1024w, https:\/\/psol50.org.br\/inc\/uploads\/2020\/08\/21-08-2020_LancamentoRendaJusta-2-768x153.png 768w, https:\/\/psol50.org.br\/inc\/uploads\/2020\/08\/21-08-2020_LancamentoRendaJusta-2-1536x306.png 1536w, https:\/\/psol50.org.br\/inc\/uploads\/2020\/08\/21-08-2020_LancamentoRendaJusta-2-150x30.png 150w, https:\/\/psol50.org.br\/inc\/uploads\/2020\/08\/21-08-2020_LancamentoRendaJusta-2-696x139.png 696w, https:\/\/psol50.org.br\/inc\/uploads\/2020\/08\/21-08-2020_LancamentoRendaJusta-2-1068x213.png 1068w\" sizes=\"auto, (max-width: 1920px) 100vw, 1920px\" \/><\/a><\/p>\n","protected":false},"excerpt":{"rendered":"<p>A Executiva Nacional do PSOL manifesta sua irrestrita solidariedade \u00e0 deputada Isa Penna, importunada sexualmente durante o exerc\u00edcio de seu mandato parlamentar em sess\u00e3o legislativa na Assembleia de S\u00e3o Paulo durante vota\u00e7\u00e3o or\u00e7ament\u00e1ria pelo deputado Fernando Cury (Cidadania). N\u00e3o aceitaremos nenhuma forma de ass\u00e9dio! Sabemos que atos absurdos como o ato repugnante cometido por Cury [&hellip;]<\/p>\n","protected":false},"author":2,"featured_media":31579,"comment_status":"closed","ping_status":"open","sticky":false,"template":"","format":"standard","meta":{"_acf_changed":false,"footnotes":""},"categories":[20,6,14],"tags":[141,51,298,4,117,233],"class_list":{"0":"post-31588","1":"post","2":"type-post","3":"status-publish","4":"format-standard","5":"has-post-thumbnail","7":"category-notas","8":"category-noticias","9":"category-partido","10":"tag-alesp","11":"tag-assedio","12":"tag-isa-penna","13":"tag-mulheres","14":"tag-sao-paulo","15":"tag-violencia"},"acf":[],"yoast_head":"<!-- This site is optimized with the Yoast SEO plugin v26.5 - https:\/\/yoast.com\/wordpress\/plugins\/seo\/ -->\n<title>Basta de viol\u00eancia contra as mulheres! Toda solidariedade \u00e0 deputada Isa Penna (PSOL-SP)!<\/title>\n<meta name=\"description\" content=\"A Executiva Nacional do PSOL manifesta sua irrestrita solidariedade \u00e0 deputada Isa Penna, importunada sexualmente durante o exerc\u00edcio de seu mandato.\" \/>\n<meta name=\"robots\" content=\"index, follow, max-snippet:-1, max-image-preview:large, max-video-preview:-1\" \/>\n<link rel=\"canonical\" href=\"https:\/\/psol50.org.br\/basta-de-violencia-contra-as-mulheres-toda-solidariedade-a-deputada-isa-penna-psol-sp\/\" \/>\n<meta property=\"og:locale\" content=\"pt_BR\" \/>\n<meta property=\"og:type\" content=\"article\" \/>\n<meta property=\"og:title\" content=\"Basta de viol\u00eancia contra as mulheres! Toda solidariedade \u00e0 deputada Isa Penna (PSOL-SP)!\" \/>\n<meta property=\"og:description\" content=\"A Executiva Nacional do PSOL manifesta sua irrestrita solidariedade \u00e0 deputada Isa Penna, importunada sexualmente durante o exerc\u00edcio de seu mandato.\" \/>\n<meta property=\"og:url\" content=\"https:\/\/psol50.org.br\/basta-de-violencia-contra-as-mulheres-toda-solidariedade-a-deputada-isa-penna-psol-sp\/\" \/>\n<meta property=\"og:site_name\" content=\"PSOL 50\" \/>\n<meta property=\"article:publisher\" content=\"https:\/\/www.facebook.com\/psol50\" \/>\n<meta property=\"article:published_time\" content=\"2020-12-18T14:11:05+00:00\" \/>\n<meta property=\"og:image\" content=\"https:\/\/psol50.org.br\/inc\/uploads\/2020\/12\/isa_penna_alesp_assedio.jpeg\" \/>\n\t<meta property=\"og:image:width\" content=\"1200\" \/>\n\t<meta property=\"og:image:height\" content=\"720\" \/>\n\t<meta property=\"og:image:type\" content=\"image\/jpeg\" \/>\n<meta name=\"author\" content=\"Comunica\u00e7\u00e3o PSOL\" \/>\n<meta name=\"twitter:card\" content=\"summary_large_image\" \/>\n<meta name=\"twitter:title\" content=\"Basta de viol\u00eancia contra as mulheres! Toda solidariedade \u00e0 deputada Isa Penna (PSOL-SP)!\" \/>\n<meta name=\"twitter:description\" content=\"A Executiva Nacional do PSOL manifesta sua irrestrita solidariedade \u00e0 deputada Isa Penna, importunada sexualmente durante o exerc\u00edcio de seu mandato.\" \/>\n<meta name=\"twitter:image\" content=\"https:\/\/psol50.org.br\/inc\/uploads\/2020\/12\/isa_penna_alesp_assedio.jpeg\" \/>\n<meta name=\"twitter:creator\" content=\"@psol50\" \/>\n<meta name=\"twitter:site\" content=\"@psol50\" \/>\n<meta name=\"twitter:label1\" content=\"Escrito por\" \/>\n\t<meta name=\"twitter:data1\" content=\"Comunica\u00e7\u00e3o PSOL\" \/>\n\t<meta name=\"twitter:label2\" content=\"Est. tempo de leitura\" \/>\n\t<meta name=\"twitter:data2\" content=\"1 minuto\" \/>\n<script type=\"application\/ld+json\" class=\"yoast-schema-graph\">{\"@context\":\"https:\/\/schema.org\",\"@graph\":[{\"@type\":\"Article\",\"@id\":\"https:\/\/psol50.org.br\/basta-de-violencia-contra-as-mulheres-toda-solidariedade-a-deputada-isa-penna-psol-sp\/#article\",\"isPartOf\":{\"@id\":\"https:\/\/psol50.org.br\/basta-de-violencia-contra-as-mulheres-toda-solidariedade-a-deputada-isa-penna-psol-sp\/\"},\"author\":{\"name\":\"Comunica\u00e7\u00e3o PSOL\",\"@id\":\"https:\/\/psol50.org.br\/#\/schema\/person\/475dfa57d0b815993c714c2e96491fcd\"},\"headline\":\"Basta de viol\u00eancia contra as mulheres! Toda solidariedade \u00e0 deputada Isa Penna (PSOL-SP)!\",\"datePublished\":\"2020-12-18T14:11:05+00:00\",\"mainEntityOfPage\":{\"@id\":\"https:\/\/psol50.org.br\/basta-de-violencia-contra-as-mulheres-toda-solidariedade-a-deputada-isa-penna-psol-sp\/\"},\"wordCount\":207,\"publisher\":{\"@id\":\"https:\/\/psol50.org.br\/#organization\"},\"image\":{\"@id\":\"https:\/\/psol50.org.br\/basta-de-violencia-contra-as-mulheres-toda-solidariedade-a-deputada-isa-penna-psol-sp\/#primaryimage\"},\"thumbnailUrl\":\"https:\/\/psol50.org.br\/inc\/uploads\/2020\/12\/isa_penna_alesp_assedio.jpeg\",\"keywords\":[\"alesp\",\"ass\u00e9dio\",\"Isa Penna\",\"mulheres\",\"S\u00e3o Paulo\",\"viol\u00eancia\"],\"articleSection\":[\"Notas\",\"Not\u00edcias\",\"Partido\"],\"inLanguage\":\"pt-BR\"},{\"@type\":\"WebPage\",\"@id\":\"https:\/\/psol50.org.br\/basta-de-violencia-contra-as-mulheres-toda-solidariedade-a-deputada-isa-penna-psol-sp\/\",\"url\":\"https:\/\/psol50.org.br\/basta-de-violencia-contra-as-mulheres-toda-solidariedade-a-deputada-isa-penna-psol-sp\/\",\"name\":\"Basta de viol\u00eancia contra as mulheres! Toda solidariedade \u00e0 deputada Isa Penna (PSOL-SP)!\",\"isPartOf\":{\"@id\":\"https:\/\/psol50.org.br\/#website\"},\"primaryImageOfPage\":{\"@id\":\"https:\/\/psol50.org.br\/basta-de-violencia-contra-as-mulheres-toda-solidariedade-a-deputada-isa-penna-psol-sp\/#primaryimage\"},\"image\":{\"@id\":\"https:\/\/psol50.org.br\/basta-de-violencia-contra-as-mulheres-toda-solidariedade-a-deputada-isa-penna-psol-sp\/#primaryimage\"},\"thumbnailUrl\":\"https:\/\/psol50.org.br\/inc\/uploads\/2020\/12\/isa_penna_alesp_assedio.jpeg\",\"datePublished\":\"2020-12-18T14:11:05+00:00\",\"description\":\"A Executiva Nacional do PSOL manifesta sua irrestrita solidariedade \u00e0 deputada Isa Penna, importunada sexualmente durante o exerc\u00edcio de seu mandato.\",\"breadcrumb\":{\"@id\":\"https:\/\/psol50.org.br\/basta-de-violencia-contra-as-mulheres-toda-solidariedade-a-deputada-isa-penna-psol-sp\/#breadcrumb\"},\"inLanguage\":\"pt-BR\",\"potentialAction\":[{\"@type\":\"ReadAction\",\"target\":[\"https:\/\/psol50.org.br\/basta-de-violencia-contra-as-mulheres-toda-solidariedade-a-deputada-isa-penna-psol-sp\/\"]}]},{\"@type\":\"ImageObject\",\"inLanguage\":\"pt-BR\",\"@id\":\"https:\/\/psol50.org.br\/basta-de-violencia-contra-as-mulheres-toda-solidariedade-a-deputada-isa-penna-psol-sp\/#primaryimage\",\"url\":\"https:\/\/psol50.org.br\/inc\/uploads\/2020\/12\/isa_penna_alesp_assedio.jpeg\",\"contentUrl\":\"https:\/\/psol50.org.br\/inc\/uploads\/2020\/12\/isa_penna_alesp_assedio.jpeg\",\"width\":1200,\"height\":720},{\"@type\":\"BreadcrumbList\",\"@id\":\"https:\/\/psol50.org.br\/basta-de-violencia-contra-as-mulheres-toda-solidariedade-a-deputada-isa-penna-psol-sp\/#breadcrumb\",\"itemListElement\":[{\"@type\":\"ListItem\",\"position\":1,\"name\":\"In\u00edcio\",\"item\":\"https:\/\/psol50.org.br\/\"},{\"@type\":\"ListItem\",\"position\":2,\"name\":\"Basta de viol\u00eancia contra as mulheres! Toda solidariedade \u00e0 deputada Isa Penna (PSOL-SP)!\"}]},{\"@type\":\"WebSite\",\"@id\":\"https:\/\/psol50.org.br\/#website\",\"url\":\"https:\/\/psol50.org.br\/\",\"name\":\"PSOL 50\",\"description\":\"Site oficial do Partido Socialismo e Liberdade\",\"publisher\":{\"@id\":\"https:\/\/psol50.org.br\/#organization\"},\"alternateName\":\"PSOL50\",\"potentialAction\":[{\"@type\":\"SearchAction\",\"target\":{\"@type\":\"EntryPoint\",\"urlTemplate\":\"https:\/\/psol50.org.br\/?s={search_term_string}\"},\"query-input\":{\"@type\":\"PropertyValueSpecification\",\"valueRequired\":true,\"valueName\":\"search_term_string\"}}],\"inLanguage\":\"pt-BR\"},{\"@type\":\"Organization\",\"@id\":\"https:\/\/psol50.org.br\/#organization\",\"name\":\"PSOL 50\",\"alternateName\":\"PSOL 50\",\"url\":\"https:\/\/psol50.org.br\/\",\"logo\":{\"@type\":\"ImageObject\",\"inLanguage\":\"pt-BR\",\"@id\":\"https:\/\/psol50.org.br\/#\/schema\/logo\/image\/\",\"url\":\"https:\/\/psol50.org.br\/inc\/uploads\/2018\/07\/capa.png\",\"contentUrl\":\"https:\/\/psol50.org.br\/inc\/uploads\/2018\/07\/capa.png\",\"width\":1350,\"height\":900,\"caption\":\"PSOL 50\"},\"image\":{\"@id\":\"https:\/\/psol50.org.br\/#\/schema\/logo\/image\/\"},\"sameAs\":[\"https:\/\/www.facebook.com\/psol50\",\"https:\/\/x.com\/psol50\",\"https:\/\/www.instagram.com\/psol50\/\",\"https:\/\/www.youtube.com\/channel\/UC7SnJS5o1os7a6CaiNabzcg\"]},{\"@type\":\"Person\",\"@id\":\"https:\/\/psol50.org.br\/#\/schema\/person\/475dfa57d0b815993c714c2e96491fcd\",\"name\":\"Comunica\u00e7\u00e3o PSOL\",\"image\":{\"@type\":\"ImageObject\",\"inLanguage\":\"pt-BR\",\"@id\":\"https:\/\/psol50.org.br\/#\/schema\/person\/image\/\",\"url\":\"https:\/\/secure.gravatar.com\/avatar\/b34fc4f4e468a4e51785917065a3db57b841f5c95dba6ad8c73aaf8f66f8f9bf?s=96&d=mm&r=g\",\"contentUrl\":\"https:\/\/secure.gravatar.com\/avatar\/b34fc4f4e468a4e51785917065a3db57b841f5c95dba6ad8c73aaf8f66f8f9bf?s=96&d=mm&r=g\",\"caption\":\"Comunica\u00e7\u00e3o PSOL\"}}]}<\/script>\n<!-- \/ Yoast SEO plugin. -->","yoast_head_json":{"title":"Basta de viol\u00eancia contra as mulheres! Toda solidariedade \u00e0 deputada Isa Penna (PSOL-SP)!","description":"A Executiva Nacional do PSOL manifesta sua irrestrita solidariedade \u00e0 deputada Isa Penna, importunada sexualmente durante o exerc\u00edcio de seu mandato.","robots":{"index":"index","follow":"follow","max-snippet":"max-snippet:-1","max-image-preview":"max-image-preview:large","max-video-preview":"max-video-preview:-1"},"canonical":"https:\/\/psol50.org.br\/basta-de-violencia-contra-as-mulheres-toda-solidariedade-a-deputada-isa-penna-psol-sp\/","og_locale":"pt_BR","og_type":"article","og_title":"Basta de viol\u00eancia contra as mulheres! Toda solidariedade \u00e0 deputada Isa Penna (PSOL-SP)!","og_description":"A Executiva Nacional do PSOL manifesta sua irrestrita solidariedade \u00e0 deputada Isa Penna, importunada sexualmente durante o exerc\u00edcio de seu mandato.","og_url":"https:\/\/psol50.org.br\/basta-de-violencia-contra-as-mulheres-toda-solidariedade-a-deputada-isa-penna-psol-sp\/","og_site_name":"PSOL 50","article_publisher":"https:\/\/www.facebook.com\/psol50","article_published_time":"2020-12-18T14:11:05+00:00","og_image":[{"width":1200,"height":720,"url":"https:\/\/psol50.org.br\/inc\/uploads\/2020\/12\/isa_penna_alesp_assedio.jpeg","type":"image\/jpeg"}],"author":"Comunica\u00e7\u00e3o PSOL","twitter_card":"summary_large_image","twitter_title":"Basta de viol\u00eancia contra as mulheres! Toda solidariedade \u00e0 deputada Isa Penna (PSOL-SP)!","twitter_description":"A Executiva Nacional do PSOL manifesta sua irrestrita solidariedade \u00e0 deputada Isa Penna, importunada sexualmente durante o exerc\u00edcio de seu mandato.","twitter_image":"https:\/\/psol50.org.br\/inc\/uploads\/2020\/12\/isa_penna_alesp_assedio.jpeg","twitter_creator":"@psol50","twitter_site":"@psol50","twitter_misc":{"Escrito por":"Comunica\u00e7\u00e3o PSOL","Est. tempo de leitura":"1 minuto"},"schema":{"@context":"https:\/\/schema.org","@graph":[{"@type":"Article","@id":"https:\/\/psol50.org.br\/basta-de-violencia-contra-as-mulheres-toda-solidariedade-a-deputada-isa-penna-psol-sp\/#article","isPartOf":{"@id":"https:\/\/psol50.org.br\/basta-de-violencia-contra-as-mulheres-toda-solidariedade-a-deputada-isa-penna-psol-sp\/"},"author":{"name":"Comunica\u00e7\u00e3o PSOL","@id":"https:\/\/psol50.org.br\/#\/schema\/person\/475dfa57d0b815993c714c2e96491fcd"},"headline":"Basta de viol\u00eancia contra as mulheres! Toda solidariedade \u00e0 deputada Isa Penna (PSOL-SP)!","datePublished":"2020-12-18T14:11:05+00:00","mainEntityOfPage":{"@id":"https:\/\/psol50.org.br\/basta-de-violencia-contra-as-mulheres-toda-solidariedade-a-deputada-isa-penna-psol-sp\/"},"wordCount":207,"publisher":{"@id":"https:\/\/psol50.org.br\/#organization"},"image":{"@id":"https:\/\/psol50.org.br\/basta-de-violencia-contra-as-mulheres-toda-solidariedade-a-deputada-isa-penna-psol-sp\/#primaryimage"},"thumbnailUrl":"https:\/\/psol50.org.br\/inc\/uploads\/2020\/12\/isa_penna_alesp_assedio.jpeg","keywords":["alesp","ass\u00e9dio","Isa Penna","mulheres","S\u00e3o Paulo","viol\u00eancia"],"articleSection":["Notas","Not\u00edcias","Partido"],"inLanguage":"pt-BR"},{"@type":"WebPage","@id":"https:\/\/psol50.org.br\/basta-de-violencia-contra-as-mulheres-toda-solidariedade-a-deputada-isa-penna-psol-sp\/","url":"https:\/\/psol50.org.br\/basta-de-violencia-contra-as-mulheres-toda-solidariedade-a-deputada-isa-penna-psol-sp\/","name":"Basta de viol\u00eancia contra as mulheres! Toda solidariedade \u00e0 deputada Isa Penna (PSOL-SP)!","isPartOf":{"@id":"https:\/\/psol50.org.br\/#website"},"primaryImageOfPage":{"@id":"https:\/\/psol50.org.br\/basta-de-violencia-contra-as-mulheres-toda-solidariedade-a-deputada-isa-penna-psol-sp\/#primaryimage"},"image":{"@id":"https:\/\/psol50.org.br\/basta-de-violencia-contra-as-mulheres-toda-solidariedade-a-deputada-isa-penna-psol-sp\/#primaryimage"},"thumbnailUrl":"https:\/\/psol50.org.br\/inc\/uploads\/2020\/12\/isa_penna_alesp_assedio.jpeg","datePublished":"2020-12-18T14:11:05+00:00","description":"A Executiva Nacional do PSOL manifesta sua irrestrita solidariedade \u00e0 deputada Isa Penna, importunada sexualmente durante o exerc\u00edcio de seu mandato.","breadcrumb":{"@id":"https:\/\/psol50.org.br\/basta-de-violencia-contra-as-mulheres-toda-solidariedade-a-deputada-isa-penna-psol-sp\/#breadcrumb"},"inLanguage":"pt-BR","potentialAction":[{"@type":"ReadAction","target":["https:\/\/psol50.org.br\/basta-de-violencia-contra-as-mulheres-toda-solidariedade-a-deputada-isa-penna-psol-sp\/"]}]},{"@type":"ImageObject","inLanguage":"pt-BR","@id":"https:\/\/psol50.org.br\/basta-de-violencia-contra-as-mulheres-toda-solidariedade-a-deputada-isa-penna-psol-sp\/#primaryimage","url":"https:\/\/psol50.org.br\/inc\/uploads\/2020\/12\/isa_penna_alesp_assedio.jpeg","contentUrl":"https:\/\/psol50.org.br\/inc\/uploads\/2020\/12\/isa_penna_alesp_assedio.jpeg","width":1200,"height":720},{"@type":"BreadcrumbList","@id":"https:\/\/psol50.org.br\/basta-de-violencia-contra-as-mulheres-toda-solidariedade-a-deputada-isa-penna-psol-sp\/#breadcrumb","itemListElement":[{"@type":"ListItem","position":1,"name":"In\u00edcio","item":"https:\/\/psol50.org.br\/"},{"@type":"ListItem","position":2,"name":"Basta de viol\u00eancia contra as mulheres! Toda solidariedade \u00e0 deputada Isa Penna (PSOL-SP)!"}]},{"@type":"WebSite","@id":"https:\/\/psol50.org.br\/#website","url":"https:\/\/psol50.org.br\/","name":"PSOL 50","description":"Site oficial do Partido Socialismo e Liberdade","publisher":{"@id":"https:\/\/psol50.org.br\/#organization"},"alternateName":"PSOL50","potentialAction":[{"@type":"SearchAction","target":{"@type":"EntryPoint","urlTemplate":"https:\/\/psol50.org.br\/?s={search_term_string}"},"query-input":{"@type":"PropertyValueSpecification","valueRequired":true,"valueName":"search_term_string"}}],"inLanguage":"pt-BR"},{"@type":"Organization","@id":"https:\/\/psol50.org.br\/#organization","name":"PSOL 50","alternateName":"PSOL 50","url":"https:\/\/psol50.org.br\/","logo":{"@type":"ImageObject","inLanguage":"pt-BR","@id":"https:\/\/psol50.org.br\/#\/schema\/logo\/image\/","url":"https:\/\/psol50.org.br\/inc\/uploads\/2018\/07\/capa.png","contentUrl":"https:\/\/psol50.org.br\/inc\/uploads\/2018\/07\/capa.png","width":1350,"height":900,"caption":"PSOL 50"},"image":{"@id":"https:\/\/psol50.org.br\/#\/schema\/logo\/image\/"},"sameAs":["https:\/\/www.facebook.com\/psol50","https:\/\/x.com\/psol50","https:\/\/www.instagram.com\/psol50\/","https:\/\/www.youtube.com\/channel\/UC7SnJS5o1os7a6CaiNabzcg"]},{"@type":"Person","@id":"https:\/\/psol50.org.br\/#\/schema\/person\/475dfa57d0b815993c714c2e96491fcd","name":"Comunica\u00e7\u00e3o PSOL","image":{"@type":"ImageObject","inLanguage":"pt-BR","@id":"https:\/\/psol50.org.br\/#\/schema\/person\/image\/","url":"https:\/\/secure.gravatar.com\/avatar\/b34fc4f4e468a4e51785917065a3db57b841f5c95dba6ad8c73aaf8f66f8f9bf?s=96&d=mm&r=g","contentUrl":"https:\/\/secure.gravatar.com\/avatar\/b34fc4f4e468a4e51785917065a3db57b841f5c95dba6ad8c73aaf8f66f8f9bf?s=96&d=mm&r=g","caption":"Comunica\u00e7\u00e3o PSOL"}}]}},"_links":{"self":[{"href":"https:\/\/psol50.org.br\/rest\/wp\/v2\/posts\/31588","targetHints":{"allow":["GET"]}}],"collection":[{"href":"https:\/\/psol50.org.br\/rest\/wp\/v2\/posts"}],"about":[{"href":"https:\/\/psol50.org.br\/rest\/wp\/v2\/types\/post"}],"author":[{"embeddable":true,"href":"https:\/\/psol50.org.br\/rest\/wp\/v2\/users\/2"}],"replies":[{"embeddable":true,"href":"https:\/\/psol50.org.br\/rest\/wp\/v2\/comments?post=31588"}],"version-history":[{"count":0,"href":"https:\/\/psol50.org.br\/rest\/wp\/v2\/posts\/31588\/revisions"}],"wp:featuredmedia":[{"embeddable":true,"href":"https:\/\/psol50.org.br\/rest\/wp\/v2\/media\/31579"}],"wp:attachment":[{"href":"https:\/\/psol50.org.br\/rest\/wp\/v2\/media?parent=31588"}],"wp:term":[{"taxonomy":"category","embeddable":true,"href":"https:\/\/psol50.org.br\/rest\/wp\/v2\/categories?post=31588"},{"taxonomy":"post_tag","embeddable":true,"href":"https:\/\/psol50.org.br\/rest\/wp\/v2\/tags?post=31588"}],"curies":[{"name":"wp","href":"https:\/\/api.w.org\/{rel}","templated":true}]}}