{"id":31602,"date":"2021-01-04T11:35:14","date_gmt":"2021-01-04T14:35:14","guid":{"rendered":"https:\/\/psol50.org.br\/?p=31602"},"modified":"2021-01-04T11:35:14","modified_gmt":"2021-01-04T14:35:14","slug":"governo-de-edmilson-rodrigues-psol-em-belem-pa-tem-50-de-mulheres-no-comando","status":"publish","type":"post","link":"https:\/\/psol50.org.br\/governo-de-edmilson-rodrigues-psol-em-belem-pa-tem-50-de-mulheres-no-comando\/","title":{"rendered":"Governo de Edmilson Rodrigues (PSOL) em Bel\u00e9m (PA) tem 50% de mulheres no comando"},"content":{"rendered":"<p><a href=\"https:\/\/psol50.org.br\/vacinaja\/\" target=\"_blank\" rel=\"noopener noreferrer\"><img loading=\"lazy\" decoding=\"async\" class=\"size-full wp-image-31535 alignnone\" src=\"https:\/\/psol50.org.br\/inc\/uploads\/2020\/12\/Web-1920-\u2013-1.jpg\" alt=\"\" width=\"1920\" height=\"339\" srcset=\"https:\/\/psol50.org.br\/inc\/uploads\/2020\/12\/Web-1920-\u2013-1.jpg 1920w, https:\/\/psol50.org.br\/inc\/uploads\/2020\/12\/Web-1920-\u2013-1-300x53.jpg 300w, https:\/\/psol50.org.br\/inc\/uploads\/2020\/12\/Web-1920-\u2013-1-1024x181.jpg 1024w, https:\/\/psol50.org.br\/inc\/uploads\/2020\/12\/Web-1920-\u2013-1-768x136.jpg 768w, https:\/\/psol50.org.br\/inc\/uploads\/2020\/12\/Web-1920-\u2013-1-1536x271.jpg 1536w, https:\/\/psol50.org.br\/inc\/uploads\/2020\/12\/Web-1920-\u2013-1-150x26.jpg 150w, https:\/\/psol50.org.br\/inc\/uploads\/2020\/12\/Web-1920-\u2013-1-696x123.jpg 696w, https:\/\/psol50.org.br\/inc\/uploads\/2020\/12\/Web-1920-\u2013-1-1068x189.jpg 1068w\" sizes=\"auto, (max-width: 1920px) 100vw, 1920px\" \/><\/a><\/p>\n<p>Dentre os 37 titulares de secretarias, coordena\u00e7\u00f5es e funda\u00e7\u00f5es empossados pelo novo prefeito de Bel\u00e9m (PA), Edmilson Rodrigues (PSOL), no \u00faltimo s\u00e1bado (2), 18 s\u00e3o mulheres, o que equivale a quase 50% do comando das pastas da administra\u00e7\u00e3o direta e indireta na capital paraense. Tamanha representatividade feminina nas posi\u00e7\u00f5es de tomada de decis\u00e3o \u00e9 in\u00e9dita na Prefeitura de Bel\u00e9m.<\/p>\n<p>\u201cA minha emo\u00e7\u00e3o \u00e9 ver o maior corpo de funcion\u00e1rios com presen\u00e7a de mulheres, atuando em \u00e1reas estrat\u00e9gicas como saneamento, transporte e educa\u00e7\u00e3o, e em quase todas as \u00e1reas, inclusive, mulheres ind\u00edgenas ou negras\u201d, declarou Edmilson no ato de posse dos novos secret\u00e1rios, secret\u00e1rias, coordenadores e presidentes de \u00f3rg\u00e3os municipais. \u201c\u00c9 uma honra para mim estar iniciando o terceiro mandato comandando essa revolu\u00e7\u00e3o em termos de respeito aos direitos de participa\u00e7\u00e3o de mulheres\u201d.<\/p>\n<h6>Conhe\u00e7a cada uma das novas secret\u00e1rias e coordenadoras da gest\u00e3o de Edmilson Rodrigues em Bel\u00e9m:<\/h6>\n<p><em><strong>Ana Val\u00e9ria Borges<\/strong><\/em> &#8211; Engenheira civil, assume a Superintend\u00eancia Executiva de Mobilidade Urbana de Bel\u00e9m (Semob). Ela tem mestrado em Engenharia pela Universidade Federal do Rio de Janeiro (UFRJ). \u00c9 t\u00e9cnica em Regula\u00e7\u00e3o de Servi\u00e7os P\u00fablicos na Ag\u00eancia de Regula\u00e7\u00e3o e Controle de Servi\u00e7os P\u00fablicos do Estado do Par\u00e1 (Arcon-PA), onde tamb\u00e9m gerenciou grupos t\u00e9cnicos de Transportes e Saneamento.<\/p>\n<p><em><strong>Bruna Cavalcante<\/strong><\/em> &#8211; A Funda\u00e7\u00e3o Municipal de Assist\u00eancia ao Estudante (Fmae) tem como nova titular Bruna Cavalcante, que \u00e9 graduada em Tecnologia de Alimentos pela UEPA, especialista em agricultura familiar e desenvolvimento agroambiental da Amaz\u00f4nia pela UFPA.<\/p>\n<p><em><strong>Carolina Quemel<\/strong><\/em> &#8211; Carolina Quemel, graduada em Administra\u00e7\u00e3o e Gest\u00e3o P\u00fablica, assume como secret\u00e1ria municipal de Esporte, Juventude e Lazer (Sejel). Ela \u00e9 vice-presidente do Diret\u00f3rio Municipal do PDT, tesoureira do Diret\u00f3rio Estadual do partido e presidente estadual da A\u00e7\u00e3o da Mulher Trabalhista, o movimento de mulheres da legenda.<\/p>\n<p><em><strong>Christiane Ferreira da Silva<\/strong><\/em> &#8211; A delegada da Pol\u00edcia Civil do Par\u00e1 assume a dire\u00e7\u00e3o da Defesa Civil. Ela \u00e9 graduada em Direito pela UFPA e tem especializa\u00e7\u00f5es em Gest\u00e3o Estrat\u00e9gica em Defesa Social e em Processual Penal e Direito Penal. Foi delegada geral adjunta, diretora do Atendimento a Grupos Vulner\u00e1veis e da Divis\u00e3o de Atendimento ao Adolescente (Data) e vice-presidente do Programa de Prote\u00e7\u00e3o \u00e0 Crian\u00e7a e Adolescente Amea\u00e7ada de Morte.<\/p>\n<p><em><strong>Edna Maria Sodr\u00e9 D\u2019Ara\u00fajo<\/strong><\/em> &#8211; A consultora jur\u00eddica do Munic\u00edpio de Bel\u00e9m, advogada e historiadora Edna Maria Sodr\u00e9 D\u2019Ara\u00fajo, assumiu a presid\u00eancia do Instituto de Previd\u00eancia dos Servidores do Munic\u00edpio (IPMB). Ela \u00e9 servidora de carreira h\u00e1 16 anos, com especializa\u00e7\u00f5es em Direito Previdenci\u00e1rio, Direito Administrativo e Administra\u00e7\u00e3o P\u00fablica.<\/p>\n<p><em><strong>Ellana Silva<\/strong><\/em> &#8211; Cientista social formada pela UFPA e p\u00f3s-graduada em Sociologia pela UEPA, \u00e9 a nova administradora regional de Icoaraci (ADIC). Ela \u00e9 conselheira estadual de Educa\u00e7\u00e3o, ex-conselheira do Fundeb, foi gestora do projeto de leitura e bibliotecas comunit\u00e1rias da Imprensa Oficial do Estado (IOEPA) e pesquisadora.<\/p>\n<p><em><strong>Georgina Tolosa Galv\u00e3o<\/strong><\/em> &#8211; A economista \u00e9 a nova coordenadora-geral do Fundo Ver-O-Sol. P\u00f3s-graduada em Desenvolvimento de \u00c1reas Amaz\u00f4nicas e em Planejamento do Desenvolvimento, pela UFPA. Ela \u00e9 servidora efetiva da Secretaria Estadual de Emprego e Renda do Estado do Par\u00e1 e foi secret\u00e1ria municipal de Finan\u00e7as e presidente da Funpapa.<\/p>\n<p><em><strong>In\u00eas Silveira<\/strong><\/em> &#8211; Especialista em Organiza\u00e7\u00e3o de Eventos, In\u00eas Silveira assumiu a Chefia do Cerimonial do Gabinete do Prefeito Edmilson Rodrigues. Ela foi chefe do Cerimonial nas primeiras gest\u00f5es dele e tamb\u00e9m presidiu a Belemtur. \u00c9 formada em Turismo pela UFPA, com especializa\u00e7\u00f5es em Organiza\u00e7\u00e3o de Evento, Ecoturismo e Turismo para o Mercosul.<\/p>\n<p><em><strong>Ivanise Gasparim<\/strong><\/em> &#8211; Graduada em Direito e Psican\u00e1lise, \u00e9 a nova secret\u00e1ria municipal de Saneamento (Sesan). Ela foi vereadora, secret\u00e1ria estadual de Trabalho, Emprego e Renda, secret\u00e1ria municipal de Economia e coordenadora do projeto de combate \u00e0 pobreza rural do Instituto Interamericano de Combate \u00e0 Pobreza, em Bras\u00edlia.<\/p>\n<p><em><strong>Jane Patr\u00edcia Gama<\/strong><\/em> &#8211; Servidora de carreira da Secretaria Municipal de Saneamento (Sesan), Jane Patr\u00edcia Gama assumiu a Coordenadoria de Diversidade Sexual (CDS). \u00c9 graduada em L\u00ednguas Portuguesa e Espanhola com especializa\u00e7\u00e3o em Pol\u00edticas P\u00fablicas de Igualdade Racial pela UFPA. \u00c9 ativista dos movimentos negro, afro-religioso e LGBTQI+, membro do coletivo Sapato Preto e Yalorix\u00e1 de Nan\u00e3, filha de M\u00e3e Matilde de Oxal\u00e1.<\/p>\n<p><em><strong>Jurandir Santos de Novaes<\/strong><\/em> &#8211; A economista Jurandir Santos de Novaes \u00e9 a secret\u00e1ria municipal de Administra\u00e7\u00e3o (Semad). Ela \u00e9 professora do Curso de Ci\u00eancias Econ\u00f4micas da Universidade Federal do Par\u00e1 (UFPA) e Doutora em Geografia Humana pela Universidade de S\u00e3o Paulo (USP). Foi secret\u00e1ria municipal de Planejamento nas gest\u00f5es anteriores de Edmilson.<\/p>\n<p><em><strong>K\u00e1ritas Lorena de Souza Rodrigues<\/strong><\/em> &#8211; A procuradora do Munic\u00edpio de Bel\u00e9m, K\u00e1ritas Lorena de Souza Rodrigues, servidora de carreira desde o ano de 2006, assume como secret\u00e1ria municipal de Finan\u00e7as (Sefin). Ela \u00e9 advogada com especializa\u00e7\u00e3o em Direito Tribut\u00e1rio e ex- subprocuradora-chefe da Procuradoria Fiscal do Munic\u00edpio de Bel\u00e9m.<\/p>\n<p><em><strong>Keyla Negr\u00e3o<\/strong><\/em> &#8211; Doutora em Ci\u00eancias da Comunica\u00e7\u00e3o pela Unisinos, a jornalista Keyla Negr\u00e3o assume a Coordena\u00e7\u00e3o de Comunica\u00e7\u00e3o Social (Comus). Ela tem mestrado em Comunica\u00e7\u00e3o e Cultura Contempor\u00e2neas pela Universidade Federal da Bahia. \u00c9 professora, pesquisadora e colaboradora do Coletivo Negritar de Comunica\u00e7\u00e3o. Foi diretora do N\u00facleo de Comunica\u00e7\u00e3o Popular e Comunit\u00e1ria da Secretaria de Estado de Comunica\u00e7\u00e3o (Secom).<\/p>\n<p><em><strong>L\u00edvia Noronha<\/strong><\/em> &#8211; L\u00edvia Noronha \u00e9 bacharela e mestra em Filosofia pela UFPA, foi professora substituta do curso de Filosofia da UEPA e professora colaboradora do curso de Educa\u00e7\u00e3o do Campo da UFPA. Ela assumiu a Coordenadoria da Mulher de Bel\u00e9m (Combel). \u00c9 educadora popular, pesquisadora e feminista negra.<\/p>\n<p><em><strong>M\u00e1rcia Kambeba<\/strong><\/em> &#8211; M\u00e1rcia Kambeba assume como ouvidora geral do Munic\u00edpio, sendo a primeira ind\u00edgena a fazer parte do primeiro escal\u00e3o da Prefeitura de Bel\u00e9m. Ela \u00e9 mestre em Geografia, professora convidada da Universidade do Estado do Par\u00e1 (UEPA), ativista, compositora, poeta, fot\u00f3grafa, atriz, palestrante e autora de tr\u00eas livros.<\/p>\n<p><em><strong>M\u00e1rcia Mariana Bittencourt Brito<\/strong><\/em> &#8211; A professora \u00e9 a nova secret\u00e1ria municipal de Educa\u00e7\u00e3o (Semec). Graduada em Pedagogia, \u00e9 professora da Faculdade de Artes Visuais da UFPA, mestre em Educa\u00e7\u00e3o pela UFPA, especialista em Educa\u00e7\u00e3o Superior e Doutora em Educa\u00e7\u00e3o pela Universidade de Bras\u00edlia (UnB).<\/p>\n<p><em><strong>Merilene Silva Costa<\/strong><\/em> &#8211; A Doutora em Ci\u00eancias Agr\u00e1rias em Agrobiodiversidade assumiu a Coordena\u00e7\u00e3o das Pol\u00edticas de Seguran\u00e7a Alimentar e Nutricional (Copsan). Ela tem gradua\u00e7\u00e3o em Engenharia Florestal e mestrado em Ci\u00eancias Florestais e \u00e9 professora da Universidade Federal Rural da Amaz\u00f4nia (UFRA).<\/p>\n<p><em><strong>Vanessa Egla do Nascimento<\/strong><\/em> &#8211; A advogada Vanessa Egla Rocha do Nascimento assume a administra\u00e7\u00e3o distrital de Mosqueiro (Admo). Ela \u00e9 mestranda em Seguran\u00e7a P\u00fablica pela UFPA e servidora p\u00fablica concursada da Companhia de Saneamento do Par\u00e1 (Cosanpa).<\/p>\n<p><a href=\"https:\/\/psol50.org.br\/rendajusta\/\" target=\"_blank\" rel=\"noopener noreferrer\"><img loading=\"lazy\" decoding=\"async\" class=\"size-full wp-image-30552 alignnone\" src=\"https:\/\/psol50.org.br\/inc\/uploads\/2020\/08\/21-08-2020_LancamentoRendaJusta-2.png\" alt=\"\" width=\"1920\" height=\"383\" srcset=\"https:\/\/psol50.org.br\/inc\/uploads\/2020\/08\/21-08-2020_LancamentoRendaJusta-2.png 1920w, https:\/\/psol50.org.br\/inc\/uploads\/2020\/08\/21-08-2020_LancamentoRendaJusta-2-300x60.png 300w, https:\/\/psol50.org.br\/inc\/uploads\/2020\/08\/21-08-2020_LancamentoRendaJusta-2-1024x204.png 1024w, https:\/\/psol50.org.br\/inc\/uploads\/2020\/08\/21-08-2020_LancamentoRendaJusta-2-768x153.png 768w, https:\/\/psol50.org.br\/inc\/uploads\/2020\/08\/21-08-2020_LancamentoRendaJusta-2-1536x306.png 1536w, https:\/\/psol50.org.br\/inc\/uploads\/2020\/08\/21-08-2020_LancamentoRendaJusta-2-150x30.png 150w, https:\/\/psol50.org.br\/inc\/uploads\/2020\/08\/21-08-2020_LancamentoRendaJusta-2-696x139.png 696w, https:\/\/psol50.org.br\/inc\/uploads\/2020\/08\/21-08-2020_LancamentoRendaJusta-2-1068x213.png 1068w\" sizes=\"auto, (max-width: 1920px) 100vw, 1920px\" \/><\/a><\/p>\n","protected":false},"excerpt":{"rendered":"<p>Dentre os 37 titulares de secretarias, coordena\u00e7\u00f5es e funda\u00e7\u00f5es empossados pelo novo prefeito de Bel\u00e9m (PA), Edmilson Rodrigues (PSOL), no \u00faltimo s\u00e1bado (2), 18 s\u00e3o mulheres, o que equivale a quase 50% do comando das pastas da administra\u00e7\u00e3o direta e indireta na capital paraense. Tamanha representatividade feminina nas posi\u00e7\u00f5es de tomada de decis\u00e3o \u00e9 in\u00e9dita [&hellip;]<\/p>\n","protected":false},"author":2,"featured_media":31603,"comment_status":"closed","ping_status":"open","sticky":false,"template":"","format":"standard","meta":{"_acf_changed":false,"footnotes":""},"categories":[6,14],"tags":[643,973,4,345,22,1322],"class_list":{"0":"post-31602","1":"post","2":"type-post","3":"status-publish","4":"format-standard","5":"has-post-thumbnail","7":"category-noticias","8":"category-partido","9":"tag-belem","10":"tag-edmilson-rodrigues","11":"tag-mulheres","12":"tag-prefeitura","13":"tag-psol","14":"tag-representatividade"},"acf":[],"yoast_head":"<!-- This site is optimized with the Yoast SEO plugin v26.5 - https:\/\/yoast.com\/wordpress\/plugins\/seo\/ -->\n<title>Governo de Edmilson Rodrigues (PSOL) em Bel\u00e9m (PA) tem 50% de mulheres no comando<\/title>\n<meta name=\"description\" content=\"Dentre os 37 titulares de secretarias, coordena\u00e7\u00f5es e funda\u00e7\u00f5es empossados, 18 s\u00e3o mulheres em uma experi\u00eancia in\u00e9dita de representatividade em Bel\u00e9m.\" \/>\n<meta name=\"robots\" content=\"index, follow, max-snippet:-1, max-image-preview:large, max-video-preview:-1\" \/>\n<link rel=\"canonical\" href=\"https:\/\/psol50.org.br\/governo-de-edmilson-rodrigues-psol-em-belem-pa-tem-50-de-mulheres-no-comando\/\" \/>\n<meta property=\"og:locale\" content=\"pt_BR\" \/>\n<meta property=\"og:type\" content=\"article\" \/>\n<meta property=\"og:title\" content=\"Governo de Edmilson Rodrigues (PSOL) em Bel\u00e9m (PA) tem 50% de mulheres no comando\" \/>\n<meta property=\"og:description\" content=\"Dentre os 37 titulares de secretarias, coordena\u00e7\u00f5es e funda\u00e7\u00f5es empossados, 18 s\u00e3o mulheres em uma experi\u00eancia in\u00e9dita de representatividade em Bel\u00e9m.\" \/>\n<meta property=\"og:url\" content=\"https:\/\/psol50.org.br\/governo-de-edmilson-rodrigues-psol-em-belem-pa-tem-50-de-mulheres-no-comando\/\" \/>\n<meta property=\"og:site_name\" content=\"PSOL 50\" \/>\n<meta property=\"article:publisher\" content=\"https:\/\/www.facebook.com\/psol50\" \/>\n<meta property=\"article:published_time\" content=\"2021-01-04T14:35:14+00:00\" \/>\n<meta property=\"og:image\" content=\"https:\/\/psol50.org.br\/inc\/uploads\/2021\/01\/135617453_5046978052009295_5299931431256195587_o.jpg\" \/>\n\t<meta property=\"og:image:width\" content=\"1280\" \/>\n\t<meta property=\"og:image:height\" content=\"853\" \/>\n\t<meta property=\"og:image:type\" content=\"image\/jpeg\" \/>\n<meta name=\"author\" content=\"Comunica\u00e7\u00e3o PSOL\" \/>\n<meta name=\"twitter:card\" content=\"summary_large_image\" \/>\n<meta name=\"twitter:title\" content=\"Governo de Edmilson Rodrigues (PSOL) em Bel\u00e9m (PA) tem 50% de mulheres no comando\" \/>\n<meta name=\"twitter:description\" content=\"Dentre os 37 titulares de secretarias, coordena\u00e7\u00f5es e funda\u00e7\u00f5es empossados, 18 s\u00e3o mulheres em uma experi\u00eancia in\u00e9dita de representatividade em Bel\u00e9m.\" \/>\n<meta name=\"twitter:image\" content=\"https:\/\/psol50.org.br\/inc\/uploads\/2021\/01\/135617453_5046978052009295_5299931431256195587_o.jpg\" \/>\n<meta name=\"twitter:creator\" content=\"@psol50\" \/>\n<meta name=\"twitter:site\" content=\"@psol50\" \/>\n<meta name=\"twitter:label1\" content=\"Escrito por\" \/>\n\t<meta name=\"twitter:data1\" content=\"Comunica\u00e7\u00e3o PSOL\" \/>\n\t<meta name=\"twitter:label2\" content=\"Est. tempo de leitura\" \/>\n\t<meta name=\"twitter:data2\" content=\"6 minutos\" \/>\n<script type=\"application\/ld+json\" class=\"yoast-schema-graph\">{\"@context\":\"https:\/\/schema.org\",\"@graph\":[{\"@type\":\"Article\",\"@id\":\"https:\/\/psol50.org.br\/governo-de-edmilson-rodrigues-psol-em-belem-pa-tem-50-de-mulheres-no-comando\/#article\",\"isPartOf\":{\"@id\":\"https:\/\/psol50.org.br\/governo-de-edmilson-rodrigues-psol-em-belem-pa-tem-50-de-mulheres-no-comando\/\"},\"author\":{\"name\":\"Comunica\u00e7\u00e3o PSOL\",\"@id\":\"https:\/\/psol50.org.br\/#\/schema\/person\/475dfa57d0b815993c714c2e96491fcd\"},\"headline\":\"Governo de Edmilson Rodrigues (PSOL) em Bel\u00e9m (PA) tem 50% de mulheres no comando\",\"datePublished\":\"2021-01-04T14:35:14+00:00\",\"mainEntityOfPage\":{\"@id\":\"https:\/\/psol50.org.br\/governo-de-edmilson-rodrigues-psol-em-belem-pa-tem-50-de-mulheres-no-comando\/\"},\"wordCount\":1202,\"publisher\":{\"@id\":\"https:\/\/psol50.org.br\/#organization\"},\"image\":{\"@id\":\"https:\/\/psol50.org.br\/governo-de-edmilson-rodrigues-psol-em-belem-pa-tem-50-de-mulheres-no-comando\/#primaryimage\"},\"thumbnailUrl\":\"https:\/\/psol50.org.br\/inc\/uploads\/2021\/01\/135617453_5046978052009295_5299931431256195587_o.jpg\",\"keywords\":[\"Bel\u00e9m\",\"Edmilson Rodrigues\",\"mulheres\",\"prefeitura\",\"PSOL\",\"representatividade\"],\"articleSection\":[\"Not\u00edcias\",\"Partido\"],\"inLanguage\":\"pt-BR\"},{\"@type\":\"WebPage\",\"@id\":\"https:\/\/psol50.org.br\/governo-de-edmilson-rodrigues-psol-em-belem-pa-tem-50-de-mulheres-no-comando\/\",\"url\":\"https:\/\/psol50.org.br\/governo-de-edmilson-rodrigues-psol-em-belem-pa-tem-50-de-mulheres-no-comando\/\",\"name\":\"Governo de Edmilson Rodrigues (PSOL) em Bel\u00e9m (PA) tem 50% de mulheres no comando\",\"isPartOf\":{\"@id\":\"https:\/\/psol50.org.br\/#website\"},\"primaryImageOfPage\":{\"@id\":\"https:\/\/psol50.org.br\/governo-de-edmilson-rodrigues-psol-em-belem-pa-tem-50-de-mulheres-no-comando\/#primaryimage\"},\"image\":{\"@id\":\"https:\/\/psol50.org.br\/governo-de-edmilson-rodrigues-psol-em-belem-pa-tem-50-de-mulheres-no-comando\/#primaryimage\"},\"thumbnailUrl\":\"https:\/\/psol50.org.br\/inc\/uploads\/2021\/01\/135617453_5046978052009295_5299931431256195587_o.jpg\",\"datePublished\":\"2021-01-04T14:35:14+00:00\",\"description\":\"Dentre os 37 titulares de secretarias, coordena\u00e7\u00f5es e funda\u00e7\u00f5es empossados, 18 s\u00e3o mulheres em uma experi\u00eancia in\u00e9dita de representatividade em Bel\u00e9m.\",\"breadcrumb\":{\"@id\":\"https:\/\/psol50.org.br\/governo-de-edmilson-rodrigues-psol-em-belem-pa-tem-50-de-mulheres-no-comando\/#breadcrumb\"},\"inLanguage\":\"pt-BR\",\"potentialAction\":[{\"@type\":\"ReadAction\",\"target\":[\"https:\/\/psol50.org.br\/governo-de-edmilson-rodrigues-psol-em-belem-pa-tem-50-de-mulheres-no-comando\/\"]}]},{\"@type\":\"ImageObject\",\"inLanguage\":\"pt-BR\",\"@id\":\"https:\/\/psol50.org.br\/governo-de-edmilson-rodrigues-psol-em-belem-pa-tem-50-de-mulheres-no-comando\/#primaryimage\",\"url\":\"https:\/\/psol50.org.br\/inc\/uploads\/2021\/01\/135617453_5046978052009295_5299931431256195587_o.jpg\",\"contentUrl\":\"https:\/\/psol50.org.br\/inc\/uploads\/2021\/01\/135617453_5046978052009295_5299931431256195587_o.jpg\",\"width\":1280,\"height\":853,\"caption\":\"Foto: M\u00e1cio Ferreira\"},{\"@type\":\"BreadcrumbList\",\"@id\":\"https:\/\/psol50.org.br\/governo-de-edmilson-rodrigues-psol-em-belem-pa-tem-50-de-mulheres-no-comando\/#breadcrumb\",\"itemListElement\":[{\"@type\":\"ListItem\",\"position\":1,\"name\":\"In\u00edcio\",\"item\":\"https:\/\/psol50.org.br\/\"},{\"@type\":\"ListItem\",\"position\":2,\"name\":\"Governo de Edmilson Rodrigues (PSOL) em Bel\u00e9m (PA) tem 50% de mulheres no comando\"}]},{\"@type\":\"WebSite\",\"@id\":\"https:\/\/psol50.org.br\/#website\",\"url\":\"https:\/\/psol50.org.br\/\",\"name\":\"PSOL 50\",\"description\":\"Site oficial do Partido Socialismo e Liberdade\",\"publisher\":{\"@id\":\"https:\/\/psol50.org.br\/#organization\"},\"alternateName\":\"PSOL50\",\"potentialAction\":[{\"@type\":\"SearchAction\",\"target\":{\"@type\":\"EntryPoint\",\"urlTemplate\":\"https:\/\/psol50.org.br\/?s={search_term_string}\"},\"query-input\":{\"@type\":\"PropertyValueSpecification\",\"valueRequired\":true,\"valueName\":\"search_term_string\"}}],\"inLanguage\":\"pt-BR\"},{\"@type\":\"Organization\",\"@id\":\"https:\/\/psol50.org.br\/#organization\",\"name\":\"PSOL 50\",\"alternateName\":\"PSOL 50\",\"url\":\"https:\/\/psol50.org.br\/\",\"logo\":{\"@type\":\"ImageObject\",\"inLanguage\":\"pt-BR\",\"@id\":\"https:\/\/psol50.org.br\/#\/schema\/logo\/image\/\",\"url\":\"https:\/\/psol50.org.br\/inc\/uploads\/2018\/07\/capa.png\",\"contentUrl\":\"https:\/\/psol50.org.br\/inc\/uploads\/2018\/07\/capa.png\",\"width\":1350,\"height\":900,\"caption\":\"PSOL 50\"},\"image\":{\"@id\":\"https:\/\/psol50.org.br\/#\/schema\/logo\/image\/\"},\"sameAs\":[\"https:\/\/www.facebook.com\/psol50\",\"https:\/\/x.com\/psol50\",\"https:\/\/www.instagram.com\/psol50\/\",\"https:\/\/www.youtube.com\/channel\/UC7SnJS5o1os7a6CaiNabzcg\"]},{\"@type\":\"Person\",\"@id\":\"https:\/\/psol50.org.br\/#\/schema\/person\/475dfa57d0b815993c714c2e96491fcd\",\"name\":\"Comunica\u00e7\u00e3o PSOL\",\"image\":{\"@type\":\"ImageObject\",\"inLanguage\":\"pt-BR\",\"@id\":\"https:\/\/psol50.org.br\/#\/schema\/person\/image\/\",\"url\":\"https:\/\/secure.gravatar.com\/avatar\/b34fc4f4e468a4e51785917065a3db57b841f5c95dba6ad8c73aaf8f66f8f9bf?s=96&d=mm&r=g\",\"contentUrl\":\"https:\/\/secure.gravatar.com\/avatar\/b34fc4f4e468a4e51785917065a3db57b841f5c95dba6ad8c73aaf8f66f8f9bf?s=96&d=mm&r=g\",\"caption\":\"Comunica\u00e7\u00e3o PSOL\"}}]}<\/script>\n<!-- \/ Yoast SEO plugin. -->","yoast_head_json":{"title":"Governo de Edmilson Rodrigues (PSOL) em Bel\u00e9m (PA) tem 50% de mulheres no comando","description":"Dentre os 37 titulares de secretarias, coordena\u00e7\u00f5es e funda\u00e7\u00f5es empossados, 18 s\u00e3o mulheres em uma experi\u00eancia in\u00e9dita de representatividade em Bel\u00e9m.","robots":{"index":"index","follow":"follow","max-snippet":"max-snippet:-1","max-image-preview":"max-image-preview:large","max-video-preview":"max-video-preview:-1"},"canonical":"https:\/\/psol50.org.br\/governo-de-edmilson-rodrigues-psol-em-belem-pa-tem-50-de-mulheres-no-comando\/","og_locale":"pt_BR","og_type":"article","og_title":"Governo de Edmilson Rodrigues (PSOL) em Bel\u00e9m (PA) tem 50% de mulheres no comando","og_description":"Dentre os 37 titulares de secretarias, coordena\u00e7\u00f5es e funda\u00e7\u00f5es empossados, 18 s\u00e3o mulheres em uma experi\u00eancia in\u00e9dita de representatividade em Bel\u00e9m.","og_url":"https:\/\/psol50.org.br\/governo-de-edmilson-rodrigues-psol-em-belem-pa-tem-50-de-mulheres-no-comando\/","og_site_name":"PSOL 50","article_publisher":"https:\/\/www.facebook.com\/psol50","article_published_time":"2021-01-04T14:35:14+00:00","og_image":[{"width":1280,"height":853,"url":"https:\/\/psol50.org.br\/inc\/uploads\/2021\/01\/135617453_5046978052009295_5299931431256195587_o.jpg","type":"image\/jpeg"}],"author":"Comunica\u00e7\u00e3o PSOL","twitter_card":"summary_large_image","twitter_title":"Governo de Edmilson Rodrigues (PSOL) em Bel\u00e9m (PA) tem 50% de mulheres no comando","twitter_description":"Dentre os 37 titulares de secretarias, coordena\u00e7\u00f5es e funda\u00e7\u00f5es empossados, 18 s\u00e3o mulheres em uma experi\u00eancia in\u00e9dita de representatividade em Bel\u00e9m.","twitter_image":"https:\/\/psol50.org.br\/inc\/uploads\/2021\/01\/135617453_5046978052009295_5299931431256195587_o.jpg","twitter_creator":"@psol50","twitter_site":"@psol50","twitter_misc":{"Escrito por":"Comunica\u00e7\u00e3o PSOL","Est. tempo de leitura":"6 minutos"},"schema":{"@context":"https:\/\/schema.org","@graph":[{"@type":"Article","@id":"https:\/\/psol50.org.br\/governo-de-edmilson-rodrigues-psol-em-belem-pa-tem-50-de-mulheres-no-comando\/#article","isPartOf":{"@id":"https:\/\/psol50.org.br\/governo-de-edmilson-rodrigues-psol-em-belem-pa-tem-50-de-mulheres-no-comando\/"},"author":{"name":"Comunica\u00e7\u00e3o PSOL","@id":"https:\/\/psol50.org.br\/#\/schema\/person\/475dfa57d0b815993c714c2e96491fcd"},"headline":"Governo de Edmilson Rodrigues (PSOL) em Bel\u00e9m (PA) tem 50% de mulheres no comando","datePublished":"2021-01-04T14:35:14+00:00","mainEntityOfPage":{"@id":"https:\/\/psol50.org.br\/governo-de-edmilson-rodrigues-psol-em-belem-pa-tem-50-de-mulheres-no-comando\/"},"wordCount":1202,"publisher":{"@id":"https:\/\/psol50.org.br\/#organization"},"image":{"@id":"https:\/\/psol50.org.br\/governo-de-edmilson-rodrigues-psol-em-belem-pa-tem-50-de-mulheres-no-comando\/#primaryimage"},"thumbnailUrl":"https:\/\/psol50.org.br\/inc\/uploads\/2021\/01\/135617453_5046978052009295_5299931431256195587_o.jpg","keywords":["Bel\u00e9m","Edmilson Rodrigues","mulheres","prefeitura","PSOL","representatividade"],"articleSection":["Not\u00edcias","Partido"],"inLanguage":"pt-BR"},{"@type":"WebPage","@id":"https:\/\/psol50.org.br\/governo-de-edmilson-rodrigues-psol-em-belem-pa-tem-50-de-mulheres-no-comando\/","url":"https:\/\/psol50.org.br\/governo-de-edmilson-rodrigues-psol-em-belem-pa-tem-50-de-mulheres-no-comando\/","name":"Governo de Edmilson Rodrigues (PSOL) em Bel\u00e9m (PA) tem 50% de mulheres no comando","isPartOf":{"@id":"https:\/\/psol50.org.br\/#website"},"primaryImageOfPage":{"@id":"https:\/\/psol50.org.br\/governo-de-edmilson-rodrigues-psol-em-belem-pa-tem-50-de-mulheres-no-comando\/#primaryimage"},"image":{"@id":"https:\/\/psol50.org.br\/governo-de-edmilson-rodrigues-psol-em-belem-pa-tem-50-de-mulheres-no-comando\/#primaryimage"},"thumbnailUrl":"https:\/\/psol50.org.br\/inc\/uploads\/2021\/01\/135617453_5046978052009295_5299931431256195587_o.jpg","datePublished":"2021-01-04T14:35:14+00:00","description":"Dentre os 37 titulares de secretarias, coordena\u00e7\u00f5es e funda\u00e7\u00f5es empossados, 18 s\u00e3o mulheres em uma experi\u00eancia in\u00e9dita de representatividade em Bel\u00e9m.","breadcrumb":{"@id":"https:\/\/psol50.org.br\/governo-de-edmilson-rodrigues-psol-em-belem-pa-tem-50-de-mulheres-no-comando\/#breadcrumb"},"inLanguage":"pt-BR","potentialAction":[{"@type":"ReadAction","target":["https:\/\/psol50.org.br\/governo-de-edmilson-rodrigues-psol-em-belem-pa-tem-50-de-mulheres-no-comando\/"]}]},{"@type":"ImageObject","inLanguage":"pt-BR","@id":"https:\/\/psol50.org.br\/governo-de-edmilson-rodrigues-psol-em-belem-pa-tem-50-de-mulheres-no-comando\/#primaryimage","url":"https:\/\/psol50.org.br\/inc\/uploads\/2021\/01\/135617453_5046978052009295_5299931431256195587_o.jpg","contentUrl":"https:\/\/psol50.org.br\/inc\/uploads\/2021\/01\/135617453_5046978052009295_5299931431256195587_o.jpg","width":1280,"height":853,"caption":"Foto: M\u00e1cio Ferreira"},{"@type":"BreadcrumbList","@id":"https:\/\/psol50.org.br\/governo-de-edmilson-rodrigues-psol-em-belem-pa-tem-50-de-mulheres-no-comando\/#breadcrumb","itemListElement":[{"@type":"ListItem","position":1,"name":"In\u00edcio","item":"https:\/\/psol50.org.br\/"},{"@type":"ListItem","position":2,"name":"Governo de Edmilson Rodrigues (PSOL) em Bel\u00e9m (PA) tem 50% de mulheres no comando"}]},{"@type":"WebSite","@id":"https:\/\/psol50.org.br\/#website","url":"https:\/\/psol50.org.br\/","name":"PSOL 50","description":"Site oficial do Partido Socialismo e Liberdade","publisher":{"@id":"https:\/\/psol50.org.br\/#organization"},"alternateName":"PSOL50","potentialAction":[{"@type":"SearchAction","target":{"@type":"EntryPoint","urlTemplate":"https:\/\/psol50.org.br\/?s={search_term_string}"},"query-input":{"@type":"PropertyValueSpecification","valueRequired":true,"valueName":"search_term_string"}}],"inLanguage":"pt-BR"},{"@type":"Organization","@id":"https:\/\/psol50.org.br\/#organization","name":"PSOL 50","alternateName":"PSOL 50","url":"https:\/\/psol50.org.br\/","logo":{"@type":"ImageObject","inLanguage":"pt-BR","@id":"https:\/\/psol50.org.br\/#\/schema\/logo\/image\/","url":"https:\/\/psol50.org.br\/inc\/uploads\/2018\/07\/capa.png","contentUrl":"https:\/\/psol50.org.br\/inc\/uploads\/2018\/07\/capa.png","width":1350,"height":900,"caption":"PSOL 50"},"image":{"@id":"https:\/\/psol50.org.br\/#\/schema\/logo\/image\/"},"sameAs":["https:\/\/www.facebook.com\/psol50","https:\/\/x.com\/psol50","https:\/\/www.instagram.com\/psol50\/","https:\/\/www.youtube.com\/channel\/UC7SnJS5o1os7a6CaiNabzcg"]},{"@type":"Person","@id":"https:\/\/psol50.org.br\/#\/schema\/person\/475dfa57d0b815993c714c2e96491fcd","name":"Comunica\u00e7\u00e3o PSOL","image":{"@type":"ImageObject","inLanguage":"pt-BR","@id":"https:\/\/psol50.org.br\/#\/schema\/person\/image\/","url":"https:\/\/secure.gravatar.com\/avatar\/b34fc4f4e468a4e51785917065a3db57b841f5c95dba6ad8c73aaf8f66f8f9bf?s=96&d=mm&r=g","contentUrl":"https:\/\/secure.gravatar.com\/avatar\/b34fc4f4e468a4e51785917065a3db57b841f5c95dba6ad8c73aaf8f66f8f9bf?s=96&d=mm&r=g","caption":"Comunica\u00e7\u00e3o PSOL"}}]}},"_links":{"self":[{"href":"https:\/\/psol50.org.br\/rest\/wp\/v2\/posts\/31602","targetHints":{"allow":["GET"]}}],"collection":[{"href":"https:\/\/psol50.org.br\/rest\/wp\/v2\/posts"}],"about":[{"href":"https:\/\/psol50.org.br\/rest\/wp\/v2\/types\/post"}],"author":[{"embeddable":true,"href":"https:\/\/psol50.org.br\/rest\/wp\/v2\/users\/2"}],"replies":[{"embeddable":true,"href":"https:\/\/psol50.org.br\/rest\/wp\/v2\/comments?post=31602"}],"version-history":[{"count":0,"href":"https:\/\/psol50.org.br\/rest\/wp\/v2\/posts\/31602\/revisions"}],"wp:featuredmedia":[{"embeddable":true,"href":"https:\/\/psol50.org.br\/rest\/wp\/v2\/media\/31603"}],"wp:attachment":[{"href":"https:\/\/psol50.org.br\/rest\/wp\/v2\/media?parent=31602"}],"wp:term":[{"taxonomy":"category","embeddable":true,"href":"https:\/\/psol50.org.br\/rest\/wp\/v2\/categories?post=31602"},{"taxonomy":"post_tag","embeddable":true,"href":"https:\/\/psol50.org.br\/rest\/wp\/v2\/tags?post=31602"}],"curies":[{"name":"wp","href":"https:\/\/api.w.org\/{rel}","templated":true}]}}