{"id":31659,"date":"2021-01-07T12:04:42","date_gmt":"2021-01-07T15:04:42","guid":{"rendered":"https:\/\/psol50.org.br\/?p=31659"},"modified":"2021-01-07T12:04:42","modified_gmt":"2021-01-07T15:04:42","slug":"camara-municipal-aprova-urgencia-do-bora-belem-e-projeto-pode-ser-votado-ainda-esta-semana","status":"publish","type":"post","link":"https:\/\/psol50.org.br\/camara-municipal-aprova-urgencia-do-bora-belem-e-projeto-pode-ser-votado-ainda-esta-semana\/","title":{"rendered":"C\u00e2mara Municipal aprova urg\u00eancia do &#8220;Bora Bel\u00e9m&#8221; e projeto pode ser votado ainda esta semana"},"content":{"rendered":"<p><a href=\"https:\/\/psol50.org.br\/vacinaja\/\" target=\"_blank\" rel=\"noopener noreferrer\"><img loading=\"lazy\" decoding=\"async\" class=\"size-full wp-image-31535 alignnone\" src=\"https:\/\/psol50.org.br\/inc\/uploads\/2020\/12\/Web-1920-\u2013-1.jpg\" alt=\"\" width=\"1920\" height=\"339\" srcset=\"https:\/\/psol50.org.br\/inc\/uploads\/2020\/12\/Web-1920-\u2013-1.jpg 1920w, https:\/\/psol50.org.br\/inc\/uploads\/2020\/12\/Web-1920-\u2013-1-300x53.jpg 300w, https:\/\/psol50.org.br\/inc\/uploads\/2020\/12\/Web-1920-\u2013-1-1024x181.jpg 1024w, https:\/\/psol50.org.br\/inc\/uploads\/2020\/12\/Web-1920-\u2013-1-768x136.jpg 768w, https:\/\/psol50.org.br\/inc\/uploads\/2020\/12\/Web-1920-\u2013-1-1536x271.jpg 1536w, https:\/\/psol50.org.br\/inc\/uploads\/2020\/12\/Web-1920-\u2013-1-150x26.jpg 150w, https:\/\/psol50.org.br\/inc\/uploads\/2020\/12\/Web-1920-\u2013-1-696x123.jpg 696w, https:\/\/psol50.org.br\/inc\/uploads\/2020\/12\/Web-1920-\u2013-1-1068x189.jpg 1068w\" sizes=\"auto, (max-width: 1920px) 100vw, 1920px\" \/><\/a><\/p>\n<p>A C\u00e2mara Municipal de Bel\u00e9m aprovou nesta quinta-feira (7) a urg\u00eancia da vota\u00e7\u00e3o do projeto de lei que institui o &#8220;Bora Bel\u00e9m&#8221;, programa de renda b\u00e1sica de at\u00e9 R$ 450 destinado a pessoas em situa\u00e7\u00e3o de extrema pobreza. O regimento do parlamento da capital paraense exige um espa\u00e7o de pelo menos 24 horas entre a aprova\u00e7\u00e3o da urg\u00eancia e a vota\u00e7\u00e3o do projeto em plen\u00e1rio, portanto os vereadores voltam a se reunir nesta sexta-feira (8) para debater e aprovar o projeto.<\/p>\n<p>O prefeito Edmilson Rodrigues estima investir pelo menos R$ 30 milh\u00f5es no programa apresentado como seu primeiro ato \u00e0 frente da Prefeitura. No in\u00edcio da semana ele pediu a vota\u00e7\u00e3o urgente deste projeto destinado \u00e0s fam\u00edlias mais pobres de Bel\u00e9m.<\/p>\n<p>\u201c\u00c9 importante que a gente fa\u00e7a essa pol\u00edtica o quanto antes, \u00e9 necess\u00e1ria. Pois, com o fim do aux\u00edlio emergencial, janeiro ser\u00e1 um m\u00eas muito dif\u00edcil, seja pelas fortes chuvas, com problemas de doen\u00e7as e saneamento causado pelos alagamentos, seja tamb\u00e9m por conta da nova onda do novo coronav\u00edrus\u201d, afirmou o novo prefeito sobre o projeto que\u00a0priorizar\u00e1 fam\u00edlias lideradas por m\u00e3es solo.<\/p>\n<p>Edmilson celebrou a aprova\u00e7\u00e3o da urg\u00eancia do projeto na semana em que se celebra o anivers\u00e1rio da Revolu\u00e7\u00e3o Cabana. &#8220;Neste dia da revolu\u00e7\u00e3o cabana, um passo importante para garantir renda e dignidade aos mais pobres&#8221;, celebrou o prefeito.<\/p>\n<blockquote class=\"twitter-tweet\" data-width=\"550\" data-dnt=\"true\">\n<p lang=\"pt\" dir=\"ltr\">Foi aprovada hoje a urg\u00eancia do projeto &quot;Bora Bel\u00e9m&quot; na C\u00e2mara Municipal, que continua amanh\u00e3 em nova sess\u00e3o (o regimento exige 24h da aprova\u00e7\u00e3o da urg\u00eancia \u00e0 vota\u00e7\u00e3o). Neste dia da revolu\u00e7\u00e3o cabana, um passo importante para garantir renda e dignidade aos mais pobres. <a href=\"https:\/\/twitter.com\/hashtag\/BoraBel%C3%A9m?src=hash&amp;ref_src=twsrc%5Etfw\">#BoraBel\u00e9m<\/a><\/p>\n<p>&mdash; Edmilson Rodrigues (@EdmilsonPSOL) <a href=\"https:\/\/twitter.com\/EdmilsonPSOL\/status\/1347170457032814594?ref_src=twsrc%5Etfw\">January 7, 2021<\/a><\/p><\/blockquote>\n<p><script async src=\"https:\/\/platform.twitter.com\/widgets.js\" charset=\"utf-8\"><\/script><\/p>\n<p><a href=\"https:\/\/psol50.org.br\/rendajusta\/\" target=\"_blank\" rel=\"noopener noreferrer\"><img loading=\"lazy\" decoding=\"async\" class=\"size-full wp-image-30552 alignnone\" src=\"https:\/\/psol50.org.br\/inc\/uploads\/2020\/08\/21-08-2020_LancamentoRendaJusta-2.png\" alt=\"\" width=\"1920\" height=\"383\" srcset=\"https:\/\/psol50.org.br\/inc\/uploads\/2020\/08\/21-08-2020_LancamentoRendaJusta-2.png 1920w, https:\/\/psol50.org.br\/inc\/uploads\/2020\/08\/21-08-2020_LancamentoRendaJusta-2-300x60.png 300w, https:\/\/psol50.org.br\/inc\/uploads\/2020\/08\/21-08-2020_LancamentoRendaJusta-2-1024x204.png 1024w, https:\/\/psol50.org.br\/inc\/uploads\/2020\/08\/21-08-2020_LancamentoRendaJusta-2-768x153.png 768w, https:\/\/psol50.org.br\/inc\/uploads\/2020\/08\/21-08-2020_LancamentoRendaJusta-2-1536x306.png 1536w, https:\/\/psol50.org.br\/inc\/uploads\/2020\/08\/21-08-2020_LancamentoRendaJusta-2-150x30.png 150w, https:\/\/psol50.org.br\/inc\/uploads\/2020\/08\/21-08-2020_LancamentoRendaJusta-2-696x139.png 696w, https:\/\/psol50.org.br\/inc\/uploads\/2020\/08\/21-08-2020_LancamentoRendaJusta-2-1068x213.png 1068w\" sizes=\"auto, (max-width: 1920px) 100vw, 1920px\" \/><\/a><\/p>\n","protected":false},"excerpt":{"rendered":"<p>A C\u00e2mara Municipal de Bel\u00e9m aprovou nesta quinta-feira (7) a urg\u00eancia da vota\u00e7\u00e3o do projeto de lei que institui o &#8220;Bora Bel\u00e9m&#8221;, programa de renda b\u00e1sica de at\u00e9 R$ 450 destinado a pessoas em situa\u00e7\u00e3o de extrema pobreza. O regimento do parlamento da capital paraense exige um espa\u00e7o de pelo menos 24 horas entre a [&hellip;]<\/p>\n","protected":false},"author":2,"featured_media":31661,"comment_status":"closed","ping_status":"open","sticky":false,"template":"","format":"standard","meta":{"_acf_changed":false,"footnotes":""},"categories":[654,6],"tags":[204,643,1324,973,50],"class_list":{"0":"post-31659","1":"post","2":"type-post","3":"status-publish","4":"format-standard","5":"has-post-thumbnail","7":"category-estados","8":"category-noticias","9":"tag-204","10":"tag-belem","11":"tag-bora-belem","12":"tag-edmilson-rodrigues","13":"tag-para"},"acf":[],"yoast_head":"<!-- This site is optimized with the Yoast SEO plugin v26.5 - https:\/\/yoast.com\/wordpress\/plugins\/seo\/ -->\n<title>C\u00e2mara Municipal aprova urg\u00eancia do &quot;Bora Bel\u00e9m&quot; e projeto pode ser votado ainda esta semana<\/title>\n<meta name=\"description\" content=\"O prefeito Edmilson Rodrigues (PSOL) estima investir pelo menos R$ 30 milh\u00f5es no programa destinado \u00e0s fam\u00edlias mais pobres de Bel\u00e9m.\" \/>\n<meta name=\"robots\" content=\"index, follow, max-snippet:-1, max-image-preview:large, max-video-preview:-1\" \/>\n<link rel=\"canonical\" href=\"https:\/\/psol50.org.br\/camara-municipal-aprova-urgencia-do-bora-belem-e-projeto-pode-ser-votado-ainda-esta-semana\/\" \/>\n<meta property=\"og:locale\" content=\"pt_BR\" \/>\n<meta property=\"og:type\" content=\"article\" \/>\n<meta property=\"og:title\" content=\"C\u00e2mara Municipal aprova urg\u00eancia do &quot;Bora Bel\u00e9m&quot; e projeto pode ser votado ainda esta semana\" \/>\n<meta property=\"og:description\" content=\"O prefeito Edmilson Rodrigues (PSOL) estima investir pelo menos R$ 30 milh\u00f5es no programa destinado \u00e0s fam\u00edlias mais pobres de Bel\u00e9m.\" \/>\n<meta property=\"og:url\" content=\"https:\/\/psol50.org.br\/camara-municipal-aprova-urgencia-do-bora-belem-e-projeto-pode-ser-votado-ainda-esta-semana\/\" \/>\n<meta property=\"og:site_name\" content=\"PSOL 50\" \/>\n<meta property=\"article:publisher\" content=\"https:\/\/www.facebook.com\/psol50\" \/>\n<meta property=\"article:published_time\" content=\"2021-01-07T15:04:42+00:00\" \/>\n<meta property=\"og:image\" content=\"https:\/\/psol50.org.br\/inc\/uploads\/2021\/01\/CreateThumbnail.jpg\" \/>\n\t<meta property=\"og:image:width\" content=\"870\" \/>\n\t<meta property=\"og:image:height\" content=\"579\" \/>\n\t<meta property=\"og:image:type\" content=\"image\/jpeg\" \/>\n<meta name=\"author\" content=\"Comunica\u00e7\u00e3o PSOL\" \/>\n<meta name=\"twitter:card\" content=\"summary_large_image\" \/>\n<meta name=\"twitter:title\" content=\"C\u00e2mara Municipal aprova urg\u00eancia do &quot;Bora Bel\u00e9m&quot; e projeto pode ser votado ainda esta semana\" \/>\n<meta name=\"twitter:description\" content=\"O prefeito Edmilson Rodrigues (PSOL) estima investir pelo menos R$ 30 milh\u00f5es no programa destinado \u00e0s fam\u00edlias mais pobres de Bel\u00e9m.\" \/>\n<meta name=\"twitter:image\" content=\"https:\/\/psol50.org.br\/inc\/uploads\/2021\/01\/CreateThumbnail.jpg\" \/>\n<meta name=\"twitter:creator\" content=\"@psol50\" \/>\n<meta name=\"twitter:site\" content=\"@psol50\" \/>\n<meta name=\"twitter:label1\" content=\"Escrito por\" \/>\n\t<meta name=\"twitter:data1\" content=\"Comunica\u00e7\u00e3o PSOL\" \/>\n\t<meta name=\"twitter:label2\" content=\"Est. tempo de leitura\" \/>\n\t<meta name=\"twitter:data2\" content=\"1 minuto\" \/>\n<script type=\"application\/ld+json\" class=\"yoast-schema-graph\">{\"@context\":\"https:\/\/schema.org\",\"@graph\":[{\"@type\":\"Article\",\"@id\":\"https:\/\/psol50.org.br\/camara-municipal-aprova-urgencia-do-bora-belem-e-projeto-pode-ser-votado-ainda-esta-semana\/#article\",\"isPartOf\":{\"@id\":\"https:\/\/psol50.org.br\/camara-municipal-aprova-urgencia-do-bora-belem-e-projeto-pode-ser-votado-ainda-esta-semana\/\"},\"author\":{\"name\":\"Comunica\u00e7\u00e3o PSOL\",\"@id\":\"https:\/\/psol50.org.br\/#\/schema\/person\/475dfa57d0b815993c714c2e96491fcd\"},\"headline\":\"C\u00e2mara Municipal aprova urg\u00eancia do &#8220;Bora Bel\u00e9m&#8221; e projeto pode ser votado ainda esta semana\",\"datePublished\":\"2021-01-07T15:04:42+00:00\",\"mainEntityOfPage\":{\"@id\":\"https:\/\/psol50.org.br\/camara-municipal-aprova-urgencia-do-bora-belem-e-projeto-pode-ser-votado-ainda-esta-semana\/\"},\"wordCount\":270,\"publisher\":{\"@id\":\"https:\/\/psol50.org.br\/#organization\"},\"image\":{\"@id\":\"https:\/\/psol50.org.br\/camara-municipal-aprova-urgencia-do-bora-belem-e-projeto-pode-ser-votado-ainda-esta-semana\/#primaryimage\"},\"thumbnailUrl\":\"https:\/\/psol50.org.br\/inc\/uploads\/2021\/01\/CreateThumbnail.jpg\",\"keywords\":[\"2020\",\"Bel\u00e9m\",\"bora bel\u00e9m\",\"Edmilson Rodrigues\",\"Par\u00e1\"],\"articleSection\":[\"Estados\",\"Not\u00edcias\"],\"inLanguage\":\"pt-BR\"},{\"@type\":\"WebPage\",\"@id\":\"https:\/\/psol50.org.br\/camara-municipal-aprova-urgencia-do-bora-belem-e-projeto-pode-ser-votado-ainda-esta-semana\/\",\"url\":\"https:\/\/psol50.org.br\/camara-municipal-aprova-urgencia-do-bora-belem-e-projeto-pode-ser-votado-ainda-esta-semana\/\",\"name\":\"C\u00e2mara Municipal aprova urg\u00eancia do \\\"Bora Bel\u00e9m\\\" e projeto pode ser votado ainda esta semana\",\"isPartOf\":{\"@id\":\"https:\/\/psol50.org.br\/#website\"},\"primaryImageOfPage\":{\"@id\":\"https:\/\/psol50.org.br\/camara-municipal-aprova-urgencia-do-bora-belem-e-projeto-pode-ser-votado-ainda-esta-semana\/#primaryimage\"},\"image\":{\"@id\":\"https:\/\/psol50.org.br\/camara-municipal-aprova-urgencia-do-bora-belem-e-projeto-pode-ser-votado-ainda-esta-semana\/#primaryimage\"},\"thumbnailUrl\":\"https:\/\/psol50.org.br\/inc\/uploads\/2021\/01\/CreateThumbnail.jpg\",\"datePublished\":\"2021-01-07T15:04:42+00:00\",\"description\":\"O prefeito Edmilson Rodrigues (PSOL) estima investir pelo menos R$ 30 milh\u00f5es no programa destinado \u00e0s fam\u00edlias mais pobres de Bel\u00e9m.\",\"breadcrumb\":{\"@id\":\"https:\/\/psol50.org.br\/camara-municipal-aprova-urgencia-do-bora-belem-e-projeto-pode-ser-votado-ainda-esta-semana\/#breadcrumb\"},\"inLanguage\":\"pt-BR\",\"potentialAction\":[{\"@type\":\"ReadAction\",\"target\":[\"https:\/\/psol50.org.br\/camara-municipal-aprova-urgencia-do-bora-belem-e-projeto-pode-ser-votado-ainda-esta-semana\/\"]}]},{\"@type\":\"ImageObject\",\"inLanguage\":\"pt-BR\",\"@id\":\"https:\/\/psol50.org.br\/camara-municipal-aprova-urgencia-do-bora-belem-e-projeto-pode-ser-votado-ainda-esta-semana\/#primaryimage\",\"url\":\"https:\/\/psol50.org.br\/inc\/uploads\/2021\/01\/CreateThumbnail.jpg\",\"contentUrl\":\"https:\/\/psol50.org.br\/inc\/uploads\/2021\/01\/CreateThumbnail.jpg\",\"width\":870,\"height\":579,\"caption\":\"Foto: M\u00e1cio Ferreira\"},{\"@type\":\"BreadcrumbList\",\"@id\":\"https:\/\/psol50.org.br\/camara-municipal-aprova-urgencia-do-bora-belem-e-projeto-pode-ser-votado-ainda-esta-semana\/#breadcrumb\",\"itemListElement\":[{\"@type\":\"ListItem\",\"position\":1,\"name\":\"In\u00edcio\",\"item\":\"https:\/\/psol50.org.br\/\"},{\"@type\":\"ListItem\",\"position\":2,\"name\":\"C\u00e2mara Municipal aprova urg\u00eancia do &#8220;Bora Bel\u00e9m&#8221; e projeto pode ser votado ainda esta semana\"}]},{\"@type\":\"WebSite\",\"@id\":\"https:\/\/psol50.org.br\/#website\",\"url\":\"https:\/\/psol50.org.br\/\",\"name\":\"PSOL 50\",\"description\":\"Site oficial do Partido Socialismo e Liberdade\",\"publisher\":{\"@id\":\"https:\/\/psol50.org.br\/#organization\"},\"alternateName\":\"PSOL50\",\"potentialAction\":[{\"@type\":\"SearchAction\",\"target\":{\"@type\":\"EntryPoint\",\"urlTemplate\":\"https:\/\/psol50.org.br\/?s={search_term_string}\"},\"query-input\":{\"@type\":\"PropertyValueSpecification\",\"valueRequired\":true,\"valueName\":\"search_term_string\"}}],\"inLanguage\":\"pt-BR\"},{\"@type\":\"Organization\",\"@id\":\"https:\/\/psol50.org.br\/#organization\",\"name\":\"PSOL 50\",\"alternateName\":\"PSOL 50\",\"url\":\"https:\/\/psol50.org.br\/\",\"logo\":{\"@type\":\"ImageObject\",\"inLanguage\":\"pt-BR\",\"@id\":\"https:\/\/psol50.org.br\/#\/schema\/logo\/image\/\",\"url\":\"https:\/\/psol50.org.br\/inc\/uploads\/2018\/07\/capa.png\",\"contentUrl\":\"https:\/\/psol50.org.br\/inc\/uploads\/2018\/07\/capa.png\",\"width\":1350,\"height\":900,\"caption\":\"PSOL 50\"},\"image\":{\"@id\":\"https:\/\/psol50.org.br\/#\/schema\/logo\/image\/\"},\"sameAs\":[\"https:\/\/www.facebook.com\/psol50\",\"https:\/\/x.com\/psol50\",\"https:\/\/www.instagram.com\/psol50\/\",\"https:\/\/www.youtube.com\/channel\/UC7SnJS5o1os7a6CaiNabzcg\"]},{\"@type\":\"Person\",\"@id\":\"https:\/\/psol50.org.br\/#\/schema\/person\/475dfa57d0b815993c714c2e96491fcd\",\"name\":\"Comunica\u00e7\u00e3o PSOL\",\"image\":{\"@type\":\"ImageObject\",\"inLanguage\":\"pt-BR\",\"@id\":\"https:\/\/psol50.org.br\/#\/schema\/person\/image\/\",\"url\":\"https:\/\/secure.gravatar.com\/avatar\/b34fc4f4e468a4e51785917065a3db57b841f5c95dba6ad8c73aaf8f66f8f9bf?s=96&d=mm&r=g\",\"contentUrl\":\"https:\/\/secure.gravatar.com\/avatar\/b34fc4f4e468a4e51785917065a3db57b841f5c95dba6ad8c73aaf8f66f8f9bf?s=96&d=mm&r=g\",\"caption\":\"Comunica\u00e7\u00e3o PSOL\"}}]}<\/script>\n<!-- \/ Yoast SEO plugin. -->","yoast_head_json":{"title":"C\u00e2mara Municipal aprova urg\u00eancia do \"Bora Bel\u00e9m\" e projeto pode ser votado ainda esta semana","description":"O prefeito Edmilson Rodrigues (PSOL) estima investir pelo menos R$ 30 milh\u00f5es no programa destinado \u00e0s fam\u00edlias mais pobres de Bel\u00e9m.","robots":{"index":"index","follow":"follow","max-snippet":"max-snippet:-1","max-image-preview":"max-image-preview:large","max-video-preview":"max-video-preview:-1"},"canonical":"https:\/\/psol50.org.br\/camara-municipal-aprova-urgencia-do-bora-belem-e-projeto-pode-ser-votado-ainda-esta-semana\/","og_locale":"pt_BR","og_type":"article","og_title":"C\u00e2mara Municipal aprova urg\u00eancia do \"Bora Bel\u00e9m\" e projeto pode ser votado ainda esta semana","og_description":"O prefeito Edmilson Rodrigues (PSOL) estima investir pelo menos R$ 30 milh\u00f5es no programa destinado \u00e0s fam\u00edlias mais pobres de Bel\u00e9m.","og_url":"https:\/\/psol50.org.br\/camara-municipal-aprova-urgencia-do-bora-belem-e-projeto-pode-ser-votado-ainda-esta-semana\/","og_site_name":"PSOL 50","article_publisher":"https:\/\/www.facebook.com\/psol50","article_published_time":"2021-01-07T15:04:42+00:00","og_image":[{"width":870,"height":579,"url":"https:\/\/psol50.org.br\/inc\/uploads\/2021\/01\/CreateThumbnail.jpg","type":"image\/jpeg"}],"author":"Comunica\u00e7\u00e3o PSOL","twitter_card":"summary_large_image","twitter_title":"C\u00e2mara Municipal aprova urg\u00eancia do \"Bora Bel\u00e9m\" e projeto pode ser votado ainda esta semana","twitter_description":"O prefeito Edmilson Rodrigues (PSOL) estima investir pelo menos R$ 30 milh\u00f5es no programa destinado \u00e0s fam\u00edlias mais pobres de Bel\u00e9m.","twitter_image":"https:\/\/psol50.org.br\/inc\/uploads\/2021\/01\/CreateThumbnail.jpg","twitter_creator":"@psol50","twitter_site":"@psol50","twitter_misc":{"Escrito por":"Comunica\u00e7\u00e3o PSOL","Est. tempo de leitura":"1 minuto"},"schema":{"@context":"https:\/\/schema.org","@graph":[{"@type":"Article","@id":"https:\/\/psol50.org.br\/camara-municipal-aprova-urgencia-do-bora-belem-e-projeto-pode-ser-votado-ainda-esta-semana\/#article","isPartOf":{"@id":"https:\/\/psol50.org.br\/camara-municipal-aprova-urgencia-do-bora-belem-e-projeto-pode-ser-votado-ainda-esta-semana\/"},"author":{"name":"Comunica\u00e7\u00e3o PSOL","@id":"https:\/\/psol50.org.br\/#\/schema\/person\/475dfa57d0b815993c714c2e96491fcd"},"headline":"C\u00e2mara Municipal aprova urg\u00eancia do &#8220;Bora Bel\u00e9m&#8221; e projeto pode ser votado ainda esta semana","datePublished":"2021-01-07T15:04:42+00:00","mainEntityOfPage":{"@id":"https:\/\/psol50.org.br\/camara-municipal-aprova-urgencia-do-bora-belem-e-projeto-pode-ser-votado-ainda-esta-semana\/"},"wordCount":270,"publisher":{"@id":"https:\/\/psol50.org.br\/#organization"},"image":{"@id":"https:\/\/psol50.org.br\/camara-municipal-aprova-urgencia-do-bora-belem-e-projeto-pode-ser-votado-ainda-esta-semana\/#primaryimage"},"thumbnailUrl":"https:\/\/psol50.org.br\/inc\/uploads\/2021\/01\/CreateThumbnail.jpg","keywords":["2020","Bel\u00e9m","bora bel\u00e9m","Edmilson Rodrigues","Par\u00e1"],"articleSection":["Estados","Not\u00edcias"],"inLanguage":"pt-BR"},{"@type":"WebPage","@id":"https:\/\/psol50.org.br\/camara-municipal-aprova-urgencia-do-bora-belem-e-projeto-pode-ser-votado-ainda-esta-semana\/","url":"https:\/\/psol50.org.br\/camara-municipal-aprova-urgencia-do-bora-belem-e-projeto-pode-ser-votado-ainda-esta-semana\/","name":"C\u00e2mara Municipal aprova urg\u00eancia do \"Bora Bel\u00e9m\" e projeto pode ser votado ainda esta semana","isPartOf":{"@id":"https:\/\/psol50.org.br\/#website"},"primaryImageOfPage":{"@id":"https:\/\/psol50.org.br\/camara-municipal-aprova-urgencia-do-bora-belem-e-projeto-pode-ser-votado-ainda-esta-semana\/#primaryimage"},"image":{"@id":"https:\/\/psol50.org.br\/camara-municipal-aprova-urgencia-do-bora-belem-e-projeto-pode-ser-votado-ainda-esta-semana\/#primaryimage"},"thumbnailUrl":"https:\/\/psol50.org.br\/inc\/uploads\/2021\/01\/CreateThumbnail.jpg","datePublished":"2021-01-07T15:04:42+00:00","description":"O prefeito Edmilson Rodrigues (PSOL) estima investir pelo menos R$ 30 milh\u00f5es no programa destinado \u00e0s fam\u00edlias mais pobres de Bel\u00e9m.","breadcrumb":{"@id":"https:\/\/psol50.org.br\/camara-municipal-aprova-urgencia-do-bora-belem-e-projeto-pode-ser-votado-ainda-esta-semana\/#breadcrumb"},"inLanguage":"pt-BR","potentialAction":[{"@type":"ReadAction","target":["https:\/\/psol50.org.br\/camara-municipal-aprova-urgencia-do-bora-belem-e-projeto-pode-ser-votado-ainda-esta-semana\/"]}]},{"@type":"ImageObject","inLanguage":"pt-BR","@id":"https:\/\/psol50.org.br\/camara-municipal-aprova-urgencia-do-bora-belem-e-projeto-pode-ser-votado-ainda-esta-semana\/#primaryimage","url":"https:\/\/psol50.org.br\/inc\/uploads\/2021\/01\/CreateThumbnail.jpg","contentUrl":"https:\/\/psol50.org.br\/inc\/uploads\/2021\/01\/CreateThumbnail.jpg","width":870,"height":579,"caption":"Foto: M\u00e1cio Ferreira"},{"@type":"BreadcrumbList","@id":"https:\/\/psol50.org.br\/camara-municipal-aprova-urgencia-do-bora-belem-e-projeto-pode-ser-votado-ainda-esta-semana\/#breadcrumb","itemListElement":[{"@type":"ListItem","position":1,"name":"In\u00edcio","item":"https:\/\/psol50.org.br\/"},{"@type":"ListItem","position":2,"name":"C\u00e2mara Municipal aprova urg\u00eancia do &#8220;Bora Bel\u00e9m&#8221; e projeto pode ser votado ainda esta semana"}]},{"@type":"WebSite","@id":"https:\/\/psol50.org.br\/#website","url":"https:\/\/psol50.org.br\/","name":"PSOL 50","description":"Site oficial do Partido Socialismo e Liberdade","publisher":{"@id":"https:\/\/psol50.org.br\/#organization"},"alternateName":"PSOL50","potentialAction":[{"@type":"SearchAction","target":{"@type":"EntryPoint","urlTemplate":"https:\/\/psol50.org.br\/?s={search_term_string}"},"query-input":{"@type":"PropertyValueSpecification","valueRequired":true,"valueName":"search_term_string"}}],"inLanguage":"pt-BR"},{"@type":"Organization","@id":"https:\/\/psol50.org.br\/#organization","name":"PSOL 50","alternateName":"PSOL 50","url":"https:\/\/psol50.org.br\/","logo":{"@type":"ImageObject","inLanguage":"pt-BR","@id":"https:\/\/psol50.org.br\/#\/schema\/logo\/image\/","url":"https:\/\/psol50.org.br\/inc\/uploads\/2018\/07\/capa.png","contentUrl":"https:\/\/psol50.org.br\/inc\/uploads\/2018\/07\/capa.png","width":1350,"height":900,"caption":"PSOL 50"},"image":{"@id":"https:\/\/psol50.org.br\/#\/schema\/logo\/image\/"},"sameAs":["https:\/\/www.facebook.com\/psol50","https:\/\/x.com\/psol50","https:\/\/www.instagram.com\/psol50\/","https:\/\/www.youtube.com\/channel\/UC7SnJS5o1os7a6CaiNabzcg"]},{"@type":"Person","@id":"https:\/\/psol50.org.br\/#\/schema\/person\/475dfa57d0b815993c714c2e96491fcd","name":"Comunica\u00e7\u00e3o PSOL","image":{"@type":"ImageObject","inLanguage":"pt-BR","@id":"https:\/\/psol50.org.br\/#\/schema\/person\/image\/","url":"https:\/\/secure.gravatar.com\/avatar\/b34fc4f4e468a4e51785917065a3db57b841f5c95dba6ad8c73aaf8f66f8f9bf?s=96&d=mm&r=g","contentUrl":"https:\/\/secure.gravatar.com\/avatar\/b34fc4f4e468a4e51785917065a3db57b841f5c95dba6ad8c73aaf8f66f8f9bf?s=96&d=mm&r=g","caption":"Comunica\u00e7\u00e3o PSOL"}}]}},"_links":{"self":[{"href":"https:\/\/psol50.org.br\/rest\/wp\/v2\/posts\/31659","targetHints":{"allow":["GET"]}}],"collection":[{"href":"https:\/\/psol50.org.br\/rest\/wp\/v2\/posts"}],"about":[{"href":"https:\/\/psol50.org.br\/rest\/wp\/v2\/types\/post"}],"author":[{"embeddable":true,"href":"https:\/\/psol50.org.br\/rest\/wp\/v2\/users\/2"}],"replies":[{"embeddable":true,"href":"https:\/\/psol50.org.br\/rest\/wp\/v2\/comments?post=31659"}],"version-history":[{"count":0,"href":"https:\/\/psol50.org.br\/rest\/wp\/v2\/posts\/31659\/revisions"}],"wp:featuredmedia":[{"embeddable":true,"href":"https:\/\/psol50.org.br\/rest\/wp\/v2\/media\/31661"}],"wp:attachment":[{"href":"https:\/\/psol50.org.br\/rest\/wp\/v2\/media?parent=31659"}],"wp:term":[{"taxonomy":"category","embeddable":true,"href":"https:\/\/psol50.org.br\/rest\/wp\/v2\/categories?post=31659"},{"taxonomy":"post_tag","embeddable":true,"href":"https:\/\/psol50.org.br\/rest\/wp\/v2\/tags?post=31659"}],"curies":[{"name":"wp","href":"https:\/\/api.w.org\/{rel}","templated":true}]}}