{"id":31680,"date":"2021-01-11T13:48:16","date_gmt":"2021-01-11T16:48:16","guid":{"rendered":"https:\/\/psol50.org.br\/?p=31680"},"modified":"2021-01-11T13:48:16","modified_gmt":"2021-01-11T16:48:16","slug":"belem-faz-405-anos-nesta-terca-12-veja-a-programacao-da-prefeitura-de-edmilson-rodrigues","status":"publish","type":"post","link":"https:\/\/psol50.org.br\/belem-faz-405-anos-nesta-terca-12-veja-a-programacao-da-prefeitura-de-edmilson-rodrigues\/","title":{"rendered":"Bel\u00e9m faz 405 anos nesta ter\u00e7a (12): veja a programa\u00e7\u00e3o da Prefeitura de Edmilson Rodrigues"},"content":{"rendered":"<p><a href=\"http:\/\/psol50.org.br\/rendajusta\" target=\"_blank\" rel=\"noopener\"><img loading=\"lazy\" decoding=\"async\" class=\"size-full wp-image-31535 alignnone\" src=\"https:\/\/psol50.org.br\/inc\/uploads\/2020\/12\/Web-1920-\u2013-1.jpg\" alt=\"\" width=\"1920\" height=\"339\" srcset=\"https:\/\/psol50.org.br\/inc\/uploads\/2020\/12\/Web-1920-\u2013-1.jpg 1920w, https:\/\/psol50.org.br\/inc\/uploads\/2020\/12\/Web-1920-\u2013-1-300x53.jpg 300w, https:\/\/psol50.org.br\/inc\/uploads\/2020\/12\/Web-1920-\u2013-1-1024x181.jpg 1024w, https:\/\/psol50.org.br\/inc\/uploads\/2020\/12\/Web-1920-\u2013-1-768x136.jpg 768w, https:\/\/psol50.org.br\/inc\/uploads\/2020\/12\/Web-1920-\u2013-1-1536x271.jpg 1536w, https:\/\/psol50.org.br\/inc\/uploads\/2020\/12\/Web-1920-\u2013-1-150x26.jpg 150w, https:\/\/psol50.org.br\/inc\/uploads\/2020\/12\/Web-1920-\u2013-1-696x123.jpg 696w, https:\/\/psol50.org.br\/inc\/uploads\/2020\/12\/Web-1920-\u2013-1-1068x189.jpg 1068w\" sizes=\"auto, (max-width: 1920px) 100vw, 1920px\" \/><\/a><\/p>\n<p>Para celebrar o anivers\u00e1rio de 405 anos de Bel\u00e9m (PA) nesta ter\u00e7a-feira (12), a Prefeitura comandada por Edmilson Rodrigues (PSOL) preparou uma s\u00e9rie de atividades comemorativas. A programa\u00e7\u00e3o inclui o lan\u00e7amento do programa de renda cidad\u00e3 Bora Bel\u00e9m; a cerim\u00f4nia de entrega da Medalha Francisco Caldeira Castelo Branco; e o recebimento da doa\u00e7\u00e3o da creche S\u00e3o Francisco de Assis pela prefeitura. Todos os eventos contar\u00e3o com a presen\u00e7a do prefeito.<\/p>\n<blockquote class=\"twitter-tweet\" data-width=\"550\" data-dnt=\"true\">\n<p lang=\"pt\" dir=\"ltr\">Amanh\u00e3 \u00e9 dia de celebrar os 405 anos de Bel\u00e9m e declarar o nosso amor pela cidade. \u2764\ufe0f<a href=\"https:\/\/twitter.com\/hashtag\/GovernodaNossaGente?src=hash&amp;ref_src=twsrc%5Etfw\">#GovernodaNossaGente<\/a> <a href=\"https:\/\/twitter.com\/hashtag\/GovernoDoTrabalho?src=hash&amp;ref_src=twsrc%5Etfw\">#GovernoDoTrabalho<\/a> <a href=\"https:\/\/t.co\/emvFkVM3mP\">https:\/\/t.co\/emvFkVM3mP<\/a><\/p>\n<p>&mdash; Edmilson Rodrigues (@EdmilsonPSOL) <a href=\"https:\/\/twitter.com\/EdmilsonPSOL\/status\/1348658789646557185?ref_src=twsrc%5Etfw\">January 11, 2021<\/a><\/p><\/blockquote>\n<p><script async src=\"https:\/\/platform.twitter.com\/widgets.js\" charset=\"utf-8\"><\/script><\/p>\n<h6>Confira a programa\u00e7\u00e3o deste dia hist\u00f3rico para Bel\u00e9m:<\/h6>\n<p><em><strong>9h<\/strong><\/em>: Ato de entrega da segunda etapa do canal do Tucunduba pelo Governo do Estado, a\u00e7\u00e3o cooperada com a Prefeitura de Bel\u00e9m por meio da Secretaria Municipal de Urbanismo, \u00f3rg\u00e3o respons\u00e1vel pela ilumina\u00e7\u00e3o na via p\u00fablica.<\/p>\n<p>Local: Av. Tucunduba com Passagem Vilhena \u2013 Margem direita do canal, Bel\u00e9m\/PA.<\/p>\n<p><em><strong>10h30<\/strong><\/em>: Ato de recebimento da doa\u00e7\u00e3o da creche S\u00e3o Francisco de Assis. A doa\u00e7\u00e3o \u00e9 realizada por um empres\u00e1rio \u00e0 prefeitura. O im\u00f3vel ir\u00e1 sediar a Unidade de Educa\u00e7\u00e3o Infantil S\u00e3o Francisco de Assis.<\/p>\n<p>Local: Creche S\u00e3o Francisco de Assis &#8211; Rua S\u00e3o Silvestre, n\u00b02005. Entre Alcindo Cacela e Tv. Nove de Janeiro, Bel\u00e9m\/PA.<\/p>\n<p><strong><em>16h<\/em>:<\/strong> Ato de lan\u00e7amento do programa de renda cidad\u00e3 Bora Bel\u00e9m, uma a\u00e7\u00e3o em coopera\u00e7\u00e3o da Prefeitura de Bel\u00e9m com o Governo do Estado.<\/p>\n<p>Local: Memorial dos Povos &#8211; Av. Governador Jos\u00e9 Malcher, n\u00b0257, Nazar\u00e9 \u2013 Bel\u00e9m \/PA.<\/p>\n<p><em><strong>19h<\/strong><\/em>: Cerim\u00f4nia de entrega da Medalha Francisco Caldeira Castelo Branco.<\/p>\n<p>Local: Solar da Beira &#8211; Boulevard Castilhos Fran\u00e7a, n\u00b0120, Campina \u2013 Bel\u00e9m \/PA.<\/p>\n<p><a href=\"http:\/\/psol50.org.br\/rendajusta\" target=\"_blank\" rel=\"noopener\"><img loading=\"lazy\" decoding=\"async\" class=\"size-full wp-image-30552 alignnone\" src=\"https:\/\/psol50.org.br\/inc\/uploads\/2020\/08\/21-08-2020_LancamentoRendaJusta-2.png\" alt=\"\" width=\"1920\" height=\"383\" srcset=\"https:\/\/psol50.org.br\/inc\/uploads\/2020\/08\/21-08-2020_LancamentoRendaJusta-2.png 1920w, https:\/\/psol50.org.br\/inc\/uploads\/2020\/08\/21-08-2020_LancamentoRendaJusta-2-300x60.png 300w, https:\/\/psol50.org.br\/inc\/uploads\/2020\/08\/21-08-2020_LancamentoRendaJusta-2-1024x204.png 1024w, https:\/\/psol50.org.br\/inc\/uploads\/2020\/08\/21-08-2020_LancamentoRendaJusta-2-768x153.png 768w, https:\/\/psol50.org.br\/inc\/uploads\/2020\/08\/21-08-2020_LancamentoRendaJusta-2-1536x306.png 1536w, https:\/\/psol50.org.br\/inc\/uploads\/2020\/08\/21-08-2020_LancamentoRendaJusta-2-150x30.png 150w, https:\/\/psol50.org.br\/inc\/uploads\/2020\/08\/21-08-2020_LancamentoRendaJusta-2-696x139.png 696w, https:\/\/psol50.org.br\/inc\/uploads\/2020\/08\/21-08-2020_LancamentoRendaJusta-2-1068x213.png 1068w\" sizes=\"auto, (max-width: 1920px) 100vw, 1920px\" \/><\/a><\/p>\n","protected":false},"excerpt":{"rendered":"<p>Para celebrar o anivers\u00e1rio de 405 anos de Bel\u00e9m (PA) nesta ter\u00e7a-feira (12), a Prefeitura comandada por Edmilson Rodrigues (PSOL) preparou uma s\u00e9rie de atividades comemorativas. A programa\u00e7\u00e3o inclui o lan\u00e7amento do programa de renda cidad\u00e3 Bora Bel\u00e9m; a cerim\u00f4nia de entrega da Medalha Francisco Caldeira Castelo Branco; e o recebimento da doa\u00e7\u00e3o da creche [&hellip;]<\/p>\n","protected":false},"author":2,"featured_media":31297,"comment_status":"closed","ping_status":"open","sticky":false,"template":"","format":"standard","meta":{"_acf_changed":false,"footnotes":""},"categories":[654,6],"tags":[643,1324,973,50,345],"class_list":{"0":"post-31680","1":"post","2":"type-post","3":"status-publish","4":"format-standard","5":"has-post-thumbnail","7":"category-estados","8":"category-noticias","9":"tag-belem","10":"tag-bora-belem","11":"tag-edmilson-rodrigues","12":"tag-para","13":"tag-prefeitura"},"acf":[],"yoast_head":"<!-- This site is optimized with the Yoast SEO plugin v26.5 - https:\/\/yoast.com\/wordpress\/plugins\/seo\/ -->\n<title>Bel\u00e9m faz 405 anos nesta ter\u00e7a (12): veja a programa\u00e7\u00e3o da Prefeitura de Edmilson Rodrigues<\/title>\n<meta name=\"description\" content=\"A programa\u00e7\u00e3o inclui, entre tantas outras atividades, o lan\u00e7amento do programa de renda cidad\u00e3 Bora Bel\u00e9m.\" \/>\n<meta name=\"robots\" content=\"index, follow, max-snippet:-1, max-image-preview:large, max-video-preview:-1\" \/>\n<link rel=\"canonical\" href=\"https:\/\/psol50.org.br\/belem-faz-405-anos-nesta-terca-12-veja-a-programacao-da-prefeitura-de-edmilson-rodrigues\/\" \/>\n<meta property=\"og:locale\" content=\"pt_BR\" \/>\n<meta property=\"og:type\" content=\"article\" \/>\n<meta property=\"og:title\" content=\"Bel\u00e9m faz 405 anos nesta ter\u00e7a (12): veja a programa\u00e7\u00e3o da Prefeitura de Edmilson Rodrigues\" \/>\n<meta property=\"og:description\" content=\"A programa\u00e7\u00e3o inclui, entre tantas outras atividades, o lan\u00e7amento do programa de renda cidad\u00e3 Bora Bel\u00e9m.\" \/>\n<meta property=\"og:url\" content=\"https:\/\/psol50.org.br\/belem-faz-405-anos-nesta-terca-12-veja-a-programacao-da-prefeitura-de-edmilson-rodrigues\/\" \/>\n<meta property=\"og:site_name\" content=\"PSOL 50\" \/>\n<meta property=\"article:publisher\" content=\"https:\/\/www.facebook.com\/psol50\" \/>\n<meta property=\"article:published_time\" content=\"2021-01-11T16:48:16+00:00\" \/>\n<meta property=\"og:image\" content=\"https:\/\/psol50.org.br\/inc\/uploads\/2020\/11\/ae-edmilson-rodrigues-2000-29112020173253419.jpeg\" \/>\n\t<meta property=\"og:image:width\" content=\"1500\" \/>\n\t<meta property=\"og:image:height\" content=\"1001\" \/>\n\t<meta property=\"og:image:type\" content=\"image\/jpeg\" \/>\n<meta name=\"author\" content=\"Comunica\u00e7\u00e3o PSOL\" \/>\n<meta name=\"twitter:card\" content=\"summary_large_image\" \/>\n<meta name=\"twitter:title\" content=\"Bel\u00e9m faz 405 anos nesta ter\u00e7a (12): veja a programa\u00e7\u00e3o da Prefeitura de Edmilson Rodrigues\" \/>\n<meta name=\"twitter:description\" content=\"A programa\u00e7\u00e3o inclui, entre tantas outras atividades, o lan\u00e7amento do programa de renda cidad\u00e3 Bora Bel\u00e9m.\" \/>\n<meta name=\"twitter:image\" content=\"https:\/\/psol50.org.br\/inc\/uploads\/2020\/11\/ae-edmilson-rodrigues-2000-29112020173253419.jpeg\" \/>\n<meta name=\"twitter:creator\" content=\"@psol50\" \/>\n<meta name=\"twitter:site\" content=\"@psol50\" \/>\n<meta name=\"twitter:label1\" content=\"Escrito por\" \/>\n\t<meta name=\"twitter:data1\" content=\"Comunica\u00e7\u00e3o PSOL\" \/>\n\t<meta name=\"twitter:label2\" content=\"Est. tempo de leitura\" \/>\n\t<meta name=\"twitter:data2\" content=\"1 minuto\" \/>\n<script type=\"application\/ld+json\" class=\"yoast-schema-graph\">{\"@context\":\"https:\/\/schema.org\",\"@graph\":[{\"@type\":\"Article\",\"@id\":\"https:\/\/psol50.org.br\/belem-faz-405-anos-nesta-terca-12-veja-a-programacao-da-prefeitura-de-edmilson-rodrigues\/#article\",\"isPartOf\":{\"@id\":\"https:\/\/psol50.org.br\/belem-faz-405-anos-nesta-terca-12-veja-a-programacao-da-prefeitura-de-edmilson-rodrigues\/\"},\"author\":{\"name\":\"Comunica\u00e7\u00e3o PSOL\",\"@id\":\"https:\/\/psol50.org.br\/#\/schema\/person\/475dfa57d0b815993c714c2e96491fcd\"},\"headline\":\"Bel\u00e9m faz 405 anos nesta ter\u00e7a (12): veja a programa\u00e7\u00e3o da Prefeitura de Edmilson Rodrigues\",\"datePublished\":\"2021-01-11T16:48:16+00:00\",\"mainEntityOfPage\":{\"@id\":\"https:\/\/psol50.org.br\/belem-faz-405-anos-nesta-terca-12-veja-a-programacao-da-prefeitura-de-edmilson-rodrigues\/\"},\"wordCount\":298,\"publisher\":{\"@id\":\"https:\/\/psol50.org.br\/#organization\"},\"image\":{\"@id\":\"https:\/\/psol50.org.br\/belem-faz-405-anos-nesta-terca-12-veja-a-programacao-da-prefeitura-de-edmilson-rodrigues\/#primaryimage\"},\"thumbnailUrl\":\"https:\/\/psol50.org.br\/inc\/uploads\/2020\/11\/ae-edmilson-rodrigues-2000-29112020173253419.jpeg\",\"keywords\":[\"Bel\u00e9m\",\"bora bel\u00e9m\",\"Edmilson Rodrigues\",\"Par\u00e1\",\"prefeitura\"],\"articleSection\":[\"Estados\",\"Not\u00edcias\"],\"inLanguage\":\"pt-BR\"},{\"@type\":\"WebPage\",\"@id\":\"https:\/\/psol50.org.br\/belem-faz-405-anos-nesta-terca-12-veja-a-programacao-da-prefeitura-de-edmilson-rodrigues\/\",\"url\":\"https:\/\/psol50.org.br\/belem-faz-405-anos-nesta-terca-12-veja-a-programacao-da-prefeitura-de-edmilson-rodrigues\/\",\"name\":\"Bel\u00e9m faz 405 anos nesta ter\u00e7a (12): veja a programa\u00e7\u00e3o da Prefeitura de Edmilson Rodrigues\",\"isPartOf\":{\"@id\":\"https:\/\/psol50.org.br\/#website\"},\"primaryImageOfPage\":{\"@id\":\"https:\/\/psol50.org.br\/belem-faz-405-anos-nesta-terca-12-veja-a-programacao-da-prefeitura-de-edmilson-rodrigues\/#primaryimage\"},\"image\":{\"@id\":\"https:\/\/psol50.org.br\/belem-faz-405-anos-nesta-terca-12-veja-a-programacao-da-prefeitura-de-edmilson-rodrigues\/#primaryimage\"},\"thumbnailUrl\":\"https:\/\/psol50.org.br\/inc\/uploads\/2020\/11\/ae-edmilson-rodrigues-2000-29112020173253419.jpeg\",\"datePublished\":\"2021-01-11T16:48:16+00:00\",\"description\":\"A programa\u00e7\u00e3o inclui, entre tantas outras atividades, o lan\u00e7amento do programa de renda cidad\u00e3 Bora Bel\u00e9m.\",\"breadcrumb\":{\"@id\":\"https:\/\/psol50.org.br\/belem-faz-405-anos-nesta-terca-12-veja-a-programacao-da-prefeitura-de-edmilson-rodrigues\/#breadcrumb\"},\"inLanguage\":\"pt-BR\",\"potentialAction\":[{\"@type\":\"ReadAction\",\"target\":[\"https:\/\/psol50.org.br\/belem-faz-405-anos-nesta-terca-12-veja-a-programacao-da-prefeitura-de-edmilson-rodrigues\/\"]}]},{\"@type\":\"ImageObject\",\"inLanguage\":\"pt-BR\",\"@id\":\"https:\/\/psol50.org.br\/belem-faz-405-anos-nesta-terca-12-veja-a-programacao-da-prefeitura-de-edmilson-rodrigues\/#primaryimage\",\"url\":\"https:\/\/psol50.org.br\/inc\/uploads\/2020\/11\/ae-edmilson-rodrigues-2000-29112020173253419.jpeg\",\"contentUrl\":\"https:\/\/psol50.org.br\/inc\/uploads\/2020\/11\/ae-edmilson-rodrigues-2000-29112020173253419.jpeg\",\"width\":1500,\"height\":1001},{\"@type\":\"BreadcrumbList\",\"@id\":\"https:\/\/psol50.org.br\/belem-faz-405-anos-nesta-terca-12-veja-a-programacao-da-prefeitura-de-edmilson-rodrigues\/#breadcrumb\",\"itemListElement\":[{\"@type\":\"ListItem\",\"position\":1,\"name\":\"In\u00edcio\",\"item\":\"https:\/\/psol50.org.br\/\"},{\"@type\":\"ListItem\",\"position\":2,\"name\":\"Bel\u00e9m faz 405 anos nesta ter\u00e7a (12): veja a programa\u00e7\u00e3o da Prefeitura de Edmilson Rodrigues\"}]},{\"@type\":\"WebSite\",\"@id\":\"https:\/\/psol50.org.br\/#website\",\"url\":\"https:\/\/psol50.org.br\/\",\"name\":\"PSOL 50\",\"description\":\"Site oficial do Partido Socialismo e Liberdade\",\"publisher\":{\"@id\":\"https:\/\/psol50.org.br\/#organization\"},\"alternateName\":\"PSOL50\",\"potentialAction\":[{\"@type\":\"SearchAction\",\"target\":{\"@type\":\"EntryPoint\",\"urlTemplate\":\"https:\/\/psol50.org.br\/?s={search_term_string}\"},\"query-input\":{\"@type\":\"PropertyValueSpecification\",\"valueRequired\":true,\"valueName\":\"search_term_string\"}}],\"inLanguage\":\"pt-BR\"},{\"@type\":\"Organization\",\"@id\":\"https:\/\/psol50.org.br\/#organization\",\"name\":\"PSOL 50\",\"alternateName\":\"PSOL 50\",\"url\":\"https:\/\/psol50.org.br\/\",\"logo\":{\"@type\":\"ImageObject\",\"inLanguage\":\"pt-BR\",\"@id\":\"https:\/\/psol50.org.br\/#\/schema\/logo\/image\/\",\"url\":\"https:\/\/psol50.org.br\/inc\/uploads\/2018\/07\/capa.png\",\"contentUrl\":\"https:\/\/psol50.org.br\/inc\/uploads\/2018\/07\/capa.png\",\"width\":1350,\"height\":900,\"caption\":\"PSOL 50\"},\"image\":{\"@id\":\"https:\/\/psol50.org.br\/#\/schema\/logo\/image\/\"},\"sameAs\":[\"https:\/\/www.facebook.com\/psol50\",\"https:\/\/x.com\/psol50\",\"https:\/\/www.instagram.com\/psol50\/\",\"https:\/\/www.youtube.com\/channel\/UC7SnJS5o1os7a6CaiNabzcg\"]},{\"@type\":\"Person\",\"@id\":\"https:\/\/psol50.org.br\/#\/schema\/person\/475dfa57d0b815993c714c2e96491fcd\",\"name\":\"Comunica\u00e7\u00e3o PSOL\",\"image\":{\"@type\":\"ImageObject\",\"inLanguage\":\"pt-BR\",\"@id\":\"https:\/\/psol50.org.br\/#\/schema\/person\/image\/\",\"url\":\"https:\/\/secure.gravatar.com\/avatar\/b34fc4f4e468a4e51785917065a3db57b841f5c95dba6ad8c73aaf8f66f8f9bf?s=96&d=mm&r=g\",\"contentUrl\":\"https:\/\/secure.gravatar.com\/avatar\/b34fc4f4e468a4e51785917065a3db57b841f5c95dba6ad8c73aaf8f66f8f9bf?s=96&d=mm&r=g\",\"caption\":\"Comunica\u00e7\u00e3o PSOL\"}}]}<\/script>\n<!-- \/ Yoast SEO plugin. -->","yoast_head_json":{"title":"Bel\u00e9m faz 405 anos nesta ter\u00e7a (12): veja a programa\u00e7\u00e3o da Prefeitura de Edmilson Rodrigues","description":"A programa\u00e7\u00e3o inclui, entre tantas outras atividades, o lan\u00e7amento do programa de renda cidad\u00e3 Bora Bel\u00e9m.","robots":{"index":"index","follow":"follow","max-snippet":"max-snippet:-1","max-image-preview":"max-image-preview:large","max-video-preview":"max-video-preview:-1"},"canonical":"https:\/\/psol50.org.br\/belem-faz-405-anos-nesta-terca-12-veja-a-programacao-da-prefeitura-de-edmilson-rodrigues\/","og_locale":"pt_BR","og_type":"article","og_title":"Bel\u00e9m faz 405 anos nesta ter\u00e7a (12): veja a programa\u00e7\u00e3o da Prefeitura de Edmilson Rodrigues","og_description":"A programa\u00e7\u00e3o inclui, entre tantas outras atividades, o lan\u00e7amento do programa de renda cidad\u00e3 Bora Bel\u00e9m.","og_url":"https:\/\/psol50.org.br\/belem-faz-405-anos-nesta-terca-12-veja-a-programacao-da-prefeitura-de-edmilson-rodrigues\/","og_site_name":"PSOL 50","article_publisher":"https:\/\/www.facebook.com\/psol50","article_published_time":"2021-01-11T16:48:16+00:00","og_image":[{"width":1500,"height":1001,"url":"https:\/\/psol50.org.br\/inc\/uploads\/2020\/11\/ae-edmilson-rodrigues-2000-29112020173253419.jpeg","type":"image\/jpeg"}],"author":"Comunica\u00e7\u00e3o PSOL","twitter_card":"summary_large_image","twitter_title":"Bel\u00e9m faz 405 anos nesta ter\u00e7a (12): veja a programa\u00e7\u00e3o da Prefeitura de Edmilson Rodrigues","twitter_description":"A programa\u00e7\u00e3o inclui, entre tantas outras atividades, o lan\u00e7amento do programa de renda cidad\u00e3 Bora Bel\u00e9m.","twitter_image":"https:\/\/psol50.org.br\/inc\/uploads\/2020\/11\/ae-edmilson-rodrigues-2000-29112020173253419.jpeg","twitter_creator":"@psol50","twitter_site":"@psol50","twitter_misc":{"Escrito por":"Comunica\u00e7\u00e3o PSOL","Est. tempo de leitura":"1 minuto"},"schema":{"@context":"https:\/\/schema.org","@graph":[{"@type":"Article","@id":"https:\/\/psol50.org.br\/belem-faz-405-anos-nesta-terca-12-veja-a-programacao-da-prefeitura-de-edmilson-rodrigues\/#article","isPartOf":{"@id":"https:\/\/psol50.org.br\/belem-faz-405-anos-nesta-terca-12-veja-a-programacao-da-prefeitura-de-edmilson-rodrigues\/"},"author":{"name":"Comunica\u00e7\u00e3o PSOL","@id":"https:\/\/psol50.org.br\/#\/schema\/person\/475dfa57d0b815993c714c2e96491fcd"},"headline":"Bel\u00e9m faz 405 anos nesta ter\u00e7a (12): veja a programa\u00e7\u00e3o da Prefeitura de Edmilson Rodrigues","datePublished":"2021-01-11T16:48:16+00:00","mainEntityOfPage":{"@id":"https:\/\/psol50.org.br\/belem-faz-405-anos-nesta-terca-12-veja-a-programacao-da-prefeitura-de-edmilson-rodrigues\/"},"wordCount":298,"publisher":{"@id":"https:\/\/psol50.org.br\/#organization"},"image":{"@id":"https:\/\/psol50.org.br\/belem-faz-405-anos-nesta-terca-12-veja-a-programacao-da-prefeitura-de-edmilson-rodrigues\/#primaryimage"},"thumbnailUrl":"https:\/\/psol50.org.br\/inc\/uploads\/2020\/11\/ae-edmilson-rodrigues-2000-29112020173253419.jpeg","keywords":["Bel\u00e9m","bora bel\u00e9m","Edmilson Rodrigues","Par\u00e1","prefeitura"],"articleSection":["Estados","Not\u00edcias"],"inLanguage":"pt-BR"},{"@type":"WebPage","@id":"https:\/\/psol50.org.br\/belem-faz-405-anos-nesta-terca-12-veja-a-programacao-da-prefeitura-de-edmilson-rodrigues\/","url":"https:\/\/psol50.org.br\/belem-faz-405-anos-nesta-terca-12-veja-a-programacao-da-prefeitura-de-edmilson-rodrigues\/","name":"Bel\u00e9m faz 405 anos nesta ter\u00e7a (12): veja a programa\u00e7\u00e3o da Prefeitura de Edmilson Rodrigues","isPartOf":{"@id":"https:\/\/psol50.org.br\/#website"},"primaryImageOfPage":{"@id":"https:\/\/psol50.org.br\/belem-faz-405-anos-nesta-terca-12-veja-a-programacao-da-prefeitura-de-edmilson-rodrigues\/#primaryimage"},"image":{"@id":"https:\/\/psol50.org.br\/belem-faz-405-anos-nesta-terca-12-veja-a-programacao-da-prefeitura-de-edmilson-rodrigues\/#primaryimage"},"thumbnailUrl":"https:\/\/psol50.org.br\/inc\/uploads\/2020\/11\/ae-edmilson-rodrigues-2000-29112020173253419.jpeg","datePublished":"2021-01-11T16:48:16+00:00","description":"A programa\u00e7\u00e3o inclui, entre tantas outras atividades, o lan\u00e7amento do programa de renda cidad\u00e3 Bora Bel\u00e9m.","breadcrumb":{"@id":"https:\/\/psol50.org.br\/belem-faz-405-anos-nesta-terca-12-veja-a-programacao-da-prefeitura-de-edmilson-rodrigues\/#breadcrumb"},"inLanguage":"pt-BR","potentialAction":[{"@type":"ReadAction","target":["https:\/\/psol50.org.br\/belem-faz-405-anos-nesta-terca-12-veja-a-programacao-da-prefeitura-de-edmilson-rodrigues\/"]}]},{"@type":"ImageObject","inLanguage":"pt-BR","@id":"https:\/\/psol50.org.br\/belem-faz-405-anos-nesta-terca-12-veja-a-programacao-da-prefeitura-de-edmilson-rodrigues\/#primaryimage","url":"https:\/\/psol50.org.br\/inc\/uploads\/2020\/11\/ae-edmilson-rodrigues-2000-29112020173253419.jpeg","contentUrl":"https:\/\/psol50.org.br\/inc\/uploads\/2020\/11\/ae-edmilson-rodrigues-2000-29112020173253419.jpeg","width":1500,"height":1001},{"@type":"BreadcrumbList","@id":"https:\/\/psol50.org.br\/belem-faz-405-anos-nesta-terca-12-veja-a-programacao-da-prefeitura-de-edmilson-rodrigues\/#breadcrumb","itemListElement":[{"@type":"ListItem","position":1,"name":"In\u00edcio","item":"https:\/\/psol50.org.br\/"},{"@type":"ListItem","position":2,"name":"Bel\u00e9m faz 405 anos nesta ter\u00e7a (12): veja a programa\u00e7\u00e3o da Prefeitura de Edmilson Rodrigues"}]},{"@type":"WebSite","@id":"https:\/\/psol50.org.br\/#website","url":"https:\/\/psol50.org.br\/","name":"PSOL 50","description":"Site oficial do Partido Socialismo e Liberdade","publisher":{"@id":"https:\/\/psol50.org.br\/#organization"},"alternateName":"PSOL50","potentialAction":[{"@type":"SearchAction","target":{"@type":"EntryPoint","urlTemplate":"https:\/\/psol50.org.br\/?s={search_term_string}"},"query-input":{"@type":"PropertyValueSpecification","valueRequired":true,"valueName":"search_term_string"}}],"inLanguage":"pt-BR"},{"@type":"Organization","@id":"https:\/\/psol50.org.br\/#organization","name":"PSOL 50","alternateName":"PSOL 50","url":"https:\/\/psol50.org.br\/","logo":{"@type":"ImageObject","inLanguage":"pt-BR","@id":"https:\/\/psol50.org.br\/#\/schema\/logo\/image\/","url":"https:\/\/psol50.org.br\/inc\/uploads\/2018\/07\/capa.png","contentUrl":"https:\/\/psol50.org.br\/inc\/uploads\/2018\/07\/capa.png","width":1350,"height":900,"caption":"PSOL 50"},"image":{"@id":"https:\/\/psol50.org.br\/#\/schema\/logo\/image\/"},"sameAs":["https:\/\/www.facebook.com\/psol50","https:\/\/x.com\/psol50","https:\/\/www.instagram.com\/psol50\/","https:\/\/www.youtube.com\/channel\/UC7SnJS5o1os7a6CaiNabzcg"]},{"@type":"Person","@id":"https:\/\/psol50.org.br\/#\/schema\/person\/475dfa57d0b815993c714c2e96491fcd","name":"Comunica\u00e7\u00e3o PSOL","image":{"@type":"ImageObject","inLanguage":"pt-BR","@id":"https:\/\/psol50.org.br\/#\/schema\/person\/image\/","url":"https:\/\/secure.gravatar.com\/avatar\/b34fc4f4e468a4e51785917065a3db57b841f5c95dba6ad8c73aaf8f66f8f9bf?s=96&d=mm&r=g","contentUrl":"https:\/\/secure.gravatar.com\/avatar\/b34fc4f4e468a4e51785917065a3db57b841f5c95dba6ad8c73aaf8f66f8f9bf?s=96&d=mm&r=g","caption":"Comunica\u00e7\u00e3o PSOL"}}]}},"_links":{"self":[{"href":"https:\/\/psol50.org.br\/rest\/wp\/v2\/posts\/31680","targetHints":{"allow":["GET"]}}],"collection":[{"href":"https:\/\/psol50.org.br\/rest\/wp\/v2\/posts"}],"about":[{"href":"https:\/\/psol50.org.br\/rest\/wp\/v2\/types\/post"}],"author":[{"embeddable":true,"href":"https:\/\/psol50.org.br\/rest\/wp\/v2\/users\/2"}],"replies":[{"embeddable":true,"href":"https:\/\/psol50.org.br\/rest\/wp\/v2\/comments?post=31680"}],"version-history":[{"count":0,"href":"https:\/\/psol50.org.br\/rest\/wp\/v2\/posts\/31680\/revisions"}],"wp:featuredmedia":[{"embeddable":true,"href":"https:\/\/psol50.org.br\/rest\/wp\/v2\/media\/31297"}],"wp:attachment":[{"href":"https:\/\/psol50.org.br\/rest\/wp\/v2\/media?parent=31680"}],"wp:term":[{"taxonomy":"category","embeddable":true,"href":"https:\/\/psol50.org.br\/rest\/wp\/v2\/categories?post=31680"},{"taxonomy":"post_tag","embeddable":true,"href":"https:\/\/psol50.org.br\/rest\/wp\/v2\/tags?post=31680"}],"curies":[{"name":"wp","href":"https:\/\/api.w.org\/{rel}","templated":true}]}}