{"id":31689,"date":"2021-01-12T13:59:49","date_gmt":"2021-01-12T16:59:49","guid":{"rendered":"https:\/\/psol50.org.br\/?p=31689"},"modified":"2021-01-12T13:59:49","modified_gmt":"2021-01-12T16:59:49","slug":"guilherme-boulos-2021-sera-o-ano-da-vacina-apesar-de-bolsonaro","status":"publish","type":"post","link":"https:\/\/psol50.org.br\/guilherme-boulos-2021-sera-o-ano-da-vacina-apesar-de-bolsonaro\/","title":{"rendered":"Guilherme Boulos: &#8220;2021 ser\u00e1 o ano da vacina, apesar de Bolsonaro&#8221;"},"content":{"rendered":"<p><a href=\"https:\/\/psol50.org.br\/vacinaja\/\" target=\"_blank\" rel=\"noopener\"><img loading=\"lazy\" decoding=\"async\" class=\"size-full wp-image-31535 alignnone\" src=\"https:\/\/psol50.org.br\/inc\/uploads\/2020\/12\/Web-1920-\u2013-1.jpg\" alt=\"\" width=\"1920\" height=\"339\" srcset=\"https:\/\/psol50.org.br\/inc\/uploads\/2020\/12\/Web-1920-\u2013-1.jpg 1920w, https:\/\/psol50.org.br\/inc\/uploads\/2020\/12\/Web-1920-\u2013-1-300x53.jpg 300w, https:\/\/psol50.org.br\/inc\/uploads\/2020\/12\/Web-1920-\u2013-1-1024x181.jpg 1024w, https:\/\/psol50.org.br\/inc\/uploads\/2020\/12\/Web-1920-\u2013-1-768x136.jpg 768w, https:\/\/psol50.org.br\/inc\/uploads\/2020\/12\/Web-1920-\u2013-1-1536x271.jpg 1536w, https:\/\/psol50.org.br\/inc\/uploads\/2020\/12\/Web-1920-\u2013-1-150x26.jpg 150w, https:\/\/psol50.org.br\/inc\/uploads\/2020\/12\/Web-1920-\u2013-1-696x123.jpg 696w, https:\/\/psol50.org.br\/inc\/uploads\/2020\/12\/Web-1920-\u2013-1-1068x189.jpg 1068w\" sizes=\"auto, (max-width: 1920px) 100vw, 1920px\" \/><\/a><\/p>\n<p>Em artigo publicado nesta ter\u00e7a-feira (12) na Folha de S. Paulo, em seu retorno como colunista fixo do jornal, Guilherme Boulos falou sobre as consequ\u00eancias da pandemia de Covid-19 para o Brasil, agravadas com a postura irrespons\u00e1vel e negacionista do governo de Jair Bolsonaro, e a &#8220;porta de sa\u00edda&#8221; deste momento dif\u00edcil da hist\u00f3ria brasileira e mundial que podem ser as vacinas produzidas por laborat\u00f3rios de todo o planeta.<\/p>\n<p>&#8220;2021 ser\u00e1 o ano da vacina, apesar de Bolsonaro e gra\u00e7as \u00e0 dedica\u00e7\u00e3o de cientistas no Brasil e no mundo&#8221;, afirma Boulos, que chegou ao segundo turno das elei\u00e7\u00f5es \u00e0 Prefeitura de S\u00e3o Paulo em 2020.<\/p>\n<p>Guilherme Boulos alerta para outra pandemia, t\u00e3o devastadora quanto a de Covid-19 e que amea\u00e7a o Brasil em 2021: a da mis\u00e9ria. &#8220;Ela foi contida at\u00e9 aqui devido ao aux\u00edlio emergencial \u2014aprovado contra a vontade de Bolsonaro em mar\u00e7o\u2014, que beneficiou 68 milh\u00f5es de fam\u00edlias&#8221;, lembra o psolista.<\/p>\n<p>&#8220;Acabar com o benef\u00edcio, em meio \u00e0 segunda onda da pandemia, \u00e9 um gesto b\u00e1rbaro de irresponsabilidade social, ainda mais ante o fato de que no fim do ano o pa\u00eds chegou a 14,1 milh\u00f5es de desempregados, recorde da s\u00e9rie hist\u00f3rica do IBGE&#8221;, alerta.<\/p>\n<p>Al\u00e9m da crise humanit\u00e1ria inevit\u00e1vel que ocorrer\u00e1 com o fim do aux\u00edlio emergencial, Guilherme Boulos tamb\u00e9m alerta para os riscos que a economia brasileira corre. &#8220;Ser\u00e3o R$ 32 bilh\u00f5es a menos na economia por m\u00eas. Quem recebe o auxilio gasta no consumo, frequentemente no com\u00e9rcio local: no mercado, no a\u00e7ougue, na padaria do bairro. Sem esse dinheiro em circula\u00e7\u00e3o, poderemos ter uma nova onda de fal\u00eancias nos pequenos neg\u00f3cios e mais desemprego&#8221;, prev\u00ea Boulos.<\/p>\n<p>&#8220;\u00c9 not\u00f3rio que os programas de transfer\u00eancia de renda t\u00eam efeito econ\u00f4mico multiplicador, ampliando o consumo popular, estimulando a gera\u00e7\u00e3o de emprego e gerando impacto positivo na arrecada\u00e7\u00e3o tribut\u00e1ria&#8221;, conclui.<\/p>\n<p><strong><em><a href=\"https:\/\/www1.folha.uol.com.br\/colunas\/guilhermeboulos\/2021\/01\/2021-o-ano-da-vacina.shtml\" target=\"_blank\" rel=\"noopener\">Leia o artigo de Guilherme Boulos na \u00edntegra na Folha de S.Paulo clicando aqui.<\/a><\/em><\/strong><\/p>\n<p><a href=\"https:\/\/psol50.org.br\/rendajusta\/\" target=\"_blank\" rel=\"noopener\"><img loading=\"lazy\" decoding=\"async\" class=\"size-full wp-image-30552 alignnone\" src=\"https:\/\/psol50.org.br\/inc\/uploads\/2020\/08\/21-08-2020_LancamentoRendaJusta-2.png\" alt=\"\" width=\"1920\" height=\"383\" srcset=\"https:\/\/psol50.org.br\/inc\/uploads\/2020\/08\/21-08-2020_LancamentoRendaJusta-2.png 1920w, https:\/\/psol50.org.br\/inc\/uploads\/2020\/08\/21-08-2020_LancamentoRendaJusta-2-300x60.png 300w, https:\/\/psol50.org.br\/inc\/uploads\/2020\/08\/21-08-2020_LancamentoRendaJusta-2-1024x204.png 1024w, https:\/\/psol50.org.br\/inc\/uploads\/2020\/08\/21-08-2020_LancamentoRendaJusta-2-768x153.png 768w, https:\/\/psol50.org.br\/inc\/uploads\/2020\/08\/21-08-2020_LancamentoRendaJusta-2-1536x306.png 1536w, https:\/\/psol50.org.br\/inc\/uploads\/2020\/08\/21-08-2020_LancamentoRendaJusta-2-150x30.png 150w, https:\/\/psol50.org.br\/inc\/uploads\/2020\/08\/21-08-2020_LancamentoRendaJusta-2-696x139.png 696w, https:\/\/psol50.org.br\/inc\/uploads\/2020\/08\/21-08-2020_LancamentoRendaJusta-2-1068x213.png 1068w\" sizes=\"auto, (max-width: 1920px) 100vw, 1920px\" \/><\/a><\/p>\n","protected":false},"excerpt":{"rendered":"<p>Em artigo publicado nesta ter\u00e7a-feira (12) na Folha de S. Paulo, em seu retorno como colunista fixo do jornal, Guilherme Boulos falou sobre as consequ\u00eancias da pandemia de Covid-19 para o Brasil, agravadas com a postura irrespons\u00e1vel e negacionista do governo de Jair Bolsonaro, e a &#8220;porta de sa\u00edda&#8221; deste momento dif\u00edcil da hist\u00f3ria brasileira [&hellip;]<\/p>\n","protected":false},"author":2,"featured_media":31690,"comment_status":"closed","ping_status":"open","sticky":false,"template":"","format":"standard","meta":{"_acf_changed":false,"footnotes":""},"categories":[3,6],"tags":[266,342,371,977,367,1125],"class_list":{"0":"post-31689","1":"post","2":"type-post","3":"status-publish","4":"format-standard","5":"has-post-thumbnail","7":"category-artigos-e-entrevistas","8":"category-noticias","9":"tag-artigo","10":"tag-boulos","11":"tag-covid-19","12":"tag-guilherme-boulos","13":"tag-pandemia","14":"tag-vacina"},"acf":[],"yoast_head":"<!-- This site is optimized with the Yoast SEO plugin v26.5 - https:\/\/yoast.com\/wordpress\/plugins\/seo\/ -->\n<title>Guilherme Boulos: &quot;2021 ser\u00e1 o ano da vacina, apesar de Bolsonaro&quot;<\/title>\n<meta name=\"description\" content=\"&quot;2021 ser\u00e1 o ano da vacina, apesar de Bolsonaro e gra\u00e7as \u00e0 dedica\u00e7\u00e3o de cientistas no Brasil e no mundo&quot;, afirma Boulos em artigo na Folha.\" \/>\n<meta name=\"robots\" content=\"index, follow, max-snippet:-1, max-image-preview:large, max-video-preview:-1\" \/>\n<link rel=\"canonical\" href=\"https:\/\/psol50.org.br\/guilherme-boulos-2021-sera-o-ano-da-vacina-apesar-de-bolsonaro\/\" \/>\n<meta property=\"og:locale\" content=\"pt_BR\" \/>\n<meta property=\"og:type\" content=\"article\" \/>\n<meta property=\"og:title\" content=\"Guilherme Boulos: &quot;2021 ser\u00e1 o ano da vacina, apesar de Bolsonaro&quot;\" \/>\n<meta property=\"og:description\" content=\"&quot;2021 ser\u00e1 o ano da vacina, apesar de Bolsonaro e gra\u00e7as \u00e0 dedica\u00e7\u00e3o de cientistas no Brasil e no mundo&quot;, afirma Boulos em artigo na Folha.\" \/>\n<meta property=\"og:url\" content=\"https:\/\/psol50.org.br\/guilherme-boulos-2021-sera-o-ano-da-vacina-apesar-de-bolsonaro\/\" \/>\n<meta property=\"og:site_name\" content=\"PSOL 50\" \/>\n<meta property=\"article:publisher\" content=\"https:\/\/www.facebook.com\/psol50\" \/>\n<meta property=\"article:published_time\" content=\"2021-01-12T16:59:49+00:00\" \/>\n<meta property=\"og:image\" content=\"https:\/\/psol50.org.br\/inc\/uploads\/2021\/01\/x90511272_SAO-PAULO-SP-15112020PoliticaEleicoes-2020O-candidato-do-PSOL-a-Prefeitura-de-Sao.jpg.pagespeed.ic_.zo5ba3cHGL.jpg\" \/>\n\t<meta property=\"og:image:width\" content=\"1086\" \/>\n\t<meta property=\"og:image:height\" content=\"652\" \/>\n\t<meta property=\"og:image:type\" content=\"image\/jpeg\" \/>\n<meta name=\"author\" content=\"Comunica\u00e7\u00e3o PSOL\" \/>\n<meta name=\"twitter:card\" content=\"summary_large_image\" \/>\n<meta name=\"twitter:title\" content=\"Guilherme Boulos: &quot;2021 ser\u00e1 o ano da vacina, apesar de Bolsonaro&quot;\" \/>\n<meta name=\"twitter:description\" content=\"&quot;2021 ser\u00e1 o ano da vacina, apesar de Bolsonaro e gra\u00e7as \u00e0 dedica\u00e7\u00e3o de cientistas no Brasil e no mundo&quot;, afirma Boulos em artigo na Folha.\" \/>\n<meta name=\"twitter:image\" content=\"https:\/\/psol50.org.br\/inc\/uploads\/2021\/01\/x90511272_SAO-PAULO-SP-15112020PoliticaEleicoes-2020O-candidato-do-PSOL-a-Prefeitura-de-Sao.jpg.pagespeed.ic_.zo5ba3cHGL.jpg\" \/>\n<meta name=\"twitter:creator\" content=\"@psol50\" \/>\n<meta name=\"twitter:site\" content=\"@psol50\" \/>\n<meta name=\"twitter:label1\" content=\"Escrito por\" \/>\n\t<meta name=\"twitter:data1\" content=\"Comunica\u00e7\u00e3o PSOL\" \/>\n\t<meta name=\"twitter:label2\" content=\"Est. tempo de leitura\" \/>\n\t<meta name=\"twitter:data2\" content=\"2 minutos\" \/>\n<script type=\"application\/ld+json\" class=\"yoast-schema-graph\">{\"@context\":\"https:\/\/schema.org\",\"@graph\":[{\"@type\":\"Article\",\"@id\":\"https:\/\/psol50.org.br\/guilherme-boulos-2021-sera-o-ano-da-vacina-apesar-de-bolsonaro\/#article\",\"isPartOf\":{\"@id\":\"https:\/\/psol50.org.br\/guilherme-boulos-2021-sera-o-ano-da-vacina-apesar-de-bolsonaro\/\"},\"author\":{\"name\":\"Comunica\u00e7\u00e3o PSOL\",\"@id\":\"https:\/\/psol50.org.br\/#\/schema\/person\/475dfa57d0b815993c714c2e96491fcd\"},\"headline\":\"Guilherme Boulos: &#8220;2021 ser\u00e1 o ano da vacina, apesar de Bolsonaro&#8221;\",\"datePublished\":\"2021-01-12T16:59:49+00:00\",\"mainEntityOfPage\":{\"@id\":\"https:\/\/psol50.org.br\/guilherme-boulos-2021-sera-o-ano-da-vacina-apesar-de-bolsonaro\/\"},\"wordCount\":358,\"publisher\":{\"@id\":\"https:\/\/psol50.org.br\/#organization\"},\"image\":{\"@id\":\"https:\/\/psol50.org.br\/guilherme-boulos-2021-sera-o-ano-da-vacina-apesar-de-bolsonaro\/#primaryimage\"},\"thumbnailUrl\":\"https:\/\/psol50.org.br\/inc\/uploads\/2021\/01\/x90511272_SAO-PAULO-SP-15112020PoliticaEleicoes-2020O-candidato-do-PSOL-a-Prefeitura-de-Sao.jpg.pagespeed.ic_.zo5ba3cHGL.jpg\",\"keywords\":[\"artigo\",\"Boulos\",\"covid-19\",\"Guilherme Boulos\",\"pandemia\",\"vacina\"],\"articleSection\":[\"Artigos\",\"Not\u00edcias\"],\"inLanguage\":\"pt-BR\"},{\"@type\":\"WebPage\",\"@id\":\"https:\/\/psol50.org.br\/guilherme-boulos-2021-sera-o-ano-da-vacina-apesar-de-bolsonaro\/\",\"url\":\"https:\/\/psol50.org.br\/guilherme-boulos-2021-sera-o-ano-da-vacina-apesar-de-bolsonaro\/\",\"name\":\"Guilherme Boulos: \\\"2021 ser\u00e1 o ano da vacina, apesar de Bolsonaro\\\"\",\"isPartOf\":{\"@id\":\"https:\/\/psol50.org.br\/#website\"},\"primaryImageOfPage\":{\"@id\":\"https:\/\/psol50.org.br\/guilherme-boulos-2021-sera-o-ano-da-vacina-apesar-de-bolsonaro\/#primaryimage\"},\"image\":{\"@id\":\"https:\/\/psol50.org.br\/guilherme-boulos-2021-sera-o-ano-da-vacina-apesar-de-bolsonaro\/#primaryimage\"},\"thumbnailUrl\":\"https:\/\/psol50.org.br\/inc\/uploads\/2021\/01\/x90511272_SAO-PAULO-SP-15112020PoliticaEleicoes-2020O-candidato-do-PSOL-a-Prefeitura-de-Sao.jpg.pagespeed.ic_.zo5ba3cHGL.jpg\",\"datePublished\":\"2021-01-12T16:59:49+00:00\",\"description\":\"\\\"2021 ser\u00e1 o ano da vacina, apesar de Bolsonaro e gra\u00e7as \u00e0 dedica\u00e7\u00e3o de cientistas no Brasil e no mundo\\\", afirma Boulos em artigo na Folha.\",\"breadcrumb\":{\"@id\":\"https:\/\/psol50.org.br\/guilherme-boulos-2021-sera-o-ano-da-vacina-apesar-de-bolsonaro\/#breadcrumb\"},\"inLanguage\":\"pt-BR\",\"potentialAction\":[{\"@type\":\"ReadAction\",\"target\":[\"https:\/\/psol50.org.br\/guilherme-boulos-2021-sera-o-ano-da-vacina-apesar-de-bolsonaro\/\"]}]},{\"@type\":\"ImageObject\",\"inLanguage\":\"pt-BR\",\"@id\":\"https:\/\/psol50.org.br\/guilherme-boulos-2021-sera-o-ano-da-vacina-apesar-de-bolsonaro\/#primaryimage\",\"url\":\"https:\/\/psol50.org.br\/inc\/uploads\/2021\/01\/x90511272_SAO-PAULO-SP-15112020PoliticaEleicoes-2020O-candidato-do-PSOL-a-Prefeitura-de-Sao.jpg.pagespeed.ic_.zo5ba3cHGL.jpg\",\"contentUrl\":\"https:\/\/psol50.org.br\/inc\/uploads\/2021\/01\/x90511272_SAO-PAULO-SP-15112020PoliticaEleicoes-2020O-candidato-do-PSOL-a-Prefeitura-de-Sao.jpg.pagespeed.ic_.zo5ba3cHGL.jpg\",\"width\":1086,\"height\":652},{\"@type\":\"BreadcrumbList\",\"@id\":\"https:\/\/psol50.org.br\/guilherme-boulos-2021-sera-o-ano-da-vacina-apesar-de-bolsonaro\/#breadcrumb\",\"itemListElement\":[{\"@type\":\"ListItem\",\"position\":1,\"name\":\"In\u00edcio\",\"item\":\"https:\/\/psol50.org.br\/\"},{\"@type\":\"ListItem\",\"position\":2,\"name\":\"Guilherme Boulos: &#8220;2021 ser\u00e1 o ano da vacina, apesar de Bolsonaro&#8221;\"}]},{\"@type\":\"WebSite\",\"@id\":\"https:\/\/psol50.org.br\/#website\",\"url\":\"https:\/\/psol50.org.br\/\",\"name\":\"PSOL 50\",\"description\":\"Site oficial do Partido Socialismo e Liberdade\",\"publisher\":{\"@id\":\"https:\/\/psol50.org.br\/#organization\"},\"alternateName\":\"PSOL50\",\"potentialAction\":[{\"@type\":\"SearchAction\",\"target\":{\"@type\":\"EntryPoint\",\"urlTemplate\":\"https:\/\/psol50.org.br\/?s={search_term_string}\"},\"query-input\":{\"@type\":\"PropertyValueSpecification\",\"valueRequired\":true,\"valueName\":\"search_term_string\"}}],\"inLanguage\":\"pt-BR\"},{\"@type\":\"Organization\",\"@id\":\"https:\/\/psol50.org.br\/#organization\",\"name\":\"PSOL 50\",\"alternateName\":\"PSOL 50\",\"url\":\"https:\/\/psol50.org.br\/\",\"logo\":{\"@type\":\"ImageObject\",\"inLanguage\":\"pt-BR\",\"@id\":\"https:\/\/psol50.org.br\/#\/schema\/logo\/image\/\",\"url\":\"https:\/\/psol50.org.br\/inc\/uploads\/2018\/07\/capa.png\",\"contentUrl\":\"https:\/\/psol50.org.br\/inc\/uploads\/2018\/07\/capa.png\",\"width\":1350,\"height\":900,\"caption\":\"PSOL 50\"},\"image\":{\"@id\":\"https:\/\/psol50.org.br\/#\/schema\/logo\/image\/\"},\"sameAs\":[\"https:\/\/www.facebook.com\/psol50\",\"https:\/\/x.com\/psol50\",\"https:\/\/www.instagram.com\/psol50\/\",\"https:\/\/www.youtube.com\/channel\/UC7SnJS5o1os7a6CaiNabzcg\"]},{\"@type\":\"Person\",\"@id\":\"https:\/\/psol50.org.br\/#\/schema\/person\/475dfa57d0b815993c714c2e96491fcd\",\"name\":\"Comunica\u00e7\u00e3o PSOL\",\"image\":{\"@type\":\"ImageObject\",\"inLanguage\":\"pt-BR\",\"@id\":\"https:\/\/psol50.org.br\/#\/schema\/person\/image\/\",\"url\":\"https:\/\/secure.gravatar.com\/avatar\/b34fc4f4e468a4e51785917065a3db57b841f5c95dba6ad8c73aaf8f66f8f9bf?s=96&d=mm&r=g\",\"contentUrl\":\"https:\/\/secure.gravatar.com\/avatar\/b34fc4f4e468a4e51785917065a3db57b841f5c95dba6ad8c73aaf8f66f8f9bf?s=96&d=mm&r=g\",\"caption\":\"Comunica\u00e7\u00e3o PSOL\"}}]}<\/script>\n<!-- \/ Yoast SEO plugin. -->","yoast_head_json":{"title":"Guilherme Boulos: \"2021 ser\u00e1 o ano da vacina, apesar de Bolsonaro\"","description":"\"2021 ser\u00e1 o ano da vacina, apesar de Bolsonaro e gra\u00e7as \u00e0 dedica\u00e7\u00e3o de cientistas no Brasil e no mundo\", afirma Boulos em artigo na Folha.","robots":{"index":"index","follow":"follow","max-snippet":"max-snippet:-1","max-image-preview":"max-image-preview:large","max-video-preview":"max-video-preview:-1"},"canonical":"https:\/\/psol50.org.br\/guilherme-boulos-2021-sera-o-ano-da-vacina-apesar-de-bolsonaro\/","og_locale":"pt_BR","og_type":"article","og_title":"Guilherme Boulos: \"2021 ser\u00e1 o ano da vacina, apesar de Bolsonaro\"","og_description":"\"2021 ser\u00e1 o ano da vacina, apesar de Bolsonaro e gra\u00e7as \u00e0 dedica\u00e7\u00e3o de cientistas no Brasil e no mundo\", afirma Boulos em artigo na Folha.","og_url":"https:\/\/psol50.org.br\/guilherme-boulos-2021-sera-o-ano-da-vacina-apesar-de-bolsonaro\/","og_site_name":"PSOL 50","article_publisher":"https:\/\/www.facebook.com\/psol50","article_published_time":"2021-01-12T16:59:49+00:00","og_image":[{"width":1086,"height":652,"url":"https:\/\/psol50.org.br\/inc\/uploads\/2021\/01\/x90511272_SAO-PAULO-SP-15112020PoliticaEleicoes-2020O-candidato-do-PSOL-a-Prefeitura-de-Sao.jpg.pagespeed.ic_.zo5ba3cHGL.jpg","type":"image\/jpeg"}],"author":"Comunica\u00e7\u00e3o PSOL","twitter_card":"summary_large_image","twitter_title":"Guilherme Boulos: \"2021 ser\u00e1 o ano da vacina, apesar de Bolsonaro\"","twitter_description":"\"2021 ser\u00e1 o ano da vacina, apesar de Bolsonaro e gra\u00e7as \u00e0 dedica\u00e7\u00e3o de cientistas no Brasil e no mundo\", afirma Boulos em artigo na Folha.","twitter_image":"https:\/\/psol50.org.br\/inc\/uploads\/2021\/01\/x90511272_SAO-PAULO-SP-15112020PoliticaEleicoes-2020O-candidato-do-PSOL-a-Prefeitura-de-Sao.jpg.pagespeed.ic_.zo5ba3cHGL.jpg","twitter_creator":"@psol50","twitter_site":"@psol50","twitter_misc":{"Escrito por":"Comunica\u00e7\u00e3o PSOL","Est. tempo de leitura":"2 minutos"},"schema":{"@context":"https:\/\/schema.org","@graph":[{"@type":"Article","@id":"https:\/\/psol50.org.br\/guilherme-boulos-2021-sera-o-ano-da-vacina-apesar-de-bolsonaro\/#article","isPartOf":{"@id":"https:\/\/psol50.org.br\/guilherme-boulos-2021-sera-o-ano-da-vacina-apesar-de-bolsonaro\/"},"author":{"name":"Comunica\u00e7\u00e3o PSOL","@id":"https:\/\/psol50.org.br\/#\/schema\/person\/475dfa57d0b815993c714c2e96491fcd"},"headline":"Guilherme Boulos: &#8220;2021 ser\u00e1 o ano da vacina, apesar de Bolsonaro&#8221;","datePublished":"2021-01-12T16:59:49+00:00","mainEntityOfPage":{"@id":"https:\/\/psol50.org.br\/guilherme-boulos-2021-sera-o-ano-da-vacina-apesar-de-bolsonaro\/"},"wordCount":358,"publisher":{"@id":"https:\/\/psol50.org.br\/#organization"},"image":{"@id":"https:\/\/psol50.org.br\/guilherme-boulos-2021-sera-o-ano-da-vacina-apesar-de-bolsonaro\/#primaryimage"},"thumbnailUrl":"https:\/\/psol50.org.br\/inc\/uploads\/2021\/01\/x90511272_SAO-PAULO-SP-15112020PoliticaEleicoes-2020O-candidato-do-PSOL-a-Prefeitura-de-Sao.jpg.pagespeed.ic_.zo5ba3cHGL.jpg","keywords":["artigo","Boulos","covid-19","Guilherme Boulos","pandemia","vacina"],"articleSection":["Artigos","Not\u00edcias"],"inLanguage":"pt-BR"},{"@type":"WebPage","@id":"https:\/\/psol50.org.br\/guilherme-boulos-2021-sera-o-ano-da-vacina-apesar-de-bolsonaro\/","url":"https:\/\/psol50.org.br\/guilherme-boulos-2021-sera-o-ano-da-vacina-apesar-de-bolsonaro\/","name":"Guilherme Boulos: \"2021 ser\u00e1 o ano da vacina, apesar de Bolsonaro\"","isPartOf":{"@id":"https:\/\/psol50.org.br\/#website"},"primaryImageOfPage":{"@id":"https:\/\/psol50.org.br\/guilherme-boulos-2021-sera-o-ano-da-vacina-apesar-de-bolsonaro\/#primaryimage"},"image":{"@id":"https:\/\/psol50.org.br\/guilherme-boulos-2021-sera-o-ano-da-vacina-apesar-de-bolsonaro\/#primaryimage"},"thumbnailUrl":"https:\/\/psol50.org.br\/inc\/uploads\/2021\/01\/x90511272_SAO-PAULO-SP-15112020PoliticaEleicoes-2020O-candidato-do-PSOL-a-Prefeitura-de-Sao.jpg.pagespeed.ic_.zo5ba3cHGL.jpg","datePublished":"2021-01-12T16:59:49+00:00","description":"\"2021 ser\u00e1 o ano da vacina, apesar de Bolsonaro e gra\u00e7as \u00e0 dedica\u00e7\u00e3o de cientistas no Brasil e no mundo\", afirma Boulos em artigo na Folha.","breadcrumb":{"@id":"https:\/\/psol50.org.br\/guilherme-boulos-2021-sera-o-ano-da-vacina-apesar-de-bolsonaro\/#breadcrumb"},"inLanguage":"pt-BR","potentialAction":[{"@type":"ReadAction","target":["https:\/\/psol50.org.br\/guilherme-boulos-2021-sera-o-ano-da-vacina-apesar-de-bolsonaro\/"]}]},{"@type":"ImageObject","inLanguage":"pt-BR","@id":"https:\/\/psol50.org.br\/guilherme-boulos-2021-sera-o-ano-da-vacina-apesar-de-bolsonaro\/#primaryimage","url":"https:\/\/psol50.org.br\/inc\/uploads\/2021\/01\/x90511272_SAO-PAULO-SP-15112020PoliticaEleicoes-2020O-candidato-do-PSOL-a-Prefeitura-de-Sao.jpg.pagespeed.ic_.zo5ba3cHGL.jpg","contentUrl":"https:\/\/psol50.org.br\/inc\/uploads\/2021\/01\/x90511272_SAO-PAULO-SP-15112020PoliticaEleicoes-2020O-candidato-do-PSOL-a-Prefeitura-de-Sao.jpg.pagespeed.ic_.zo5ba3cHGL.jpg","width":1086,"height":652},{"@type":"BreadcrumbList","@id":"https:\/\/psol50.org.br\/guilherme-boulos-2021-sera-o-ano-da-vacina-apesar-de-bolsonaro\/#breadcrumb","itemListElement":[{"@type":"ListItem","position":1,"name":"In\u00edcio","item":"https:\/\/psol50.org.br\/"},{"@type":"ListItem","position":2,"name":"Guilherme Boulos: &#8220;2021 ser\u00e1 o ano da vacina, apesar de Bolsonaro&#8221;"}]},{"@type":"WebSite","@id":"https:\/\/psol50.org.br\/#website","url":"https:\/\/psol50.org.br\/","name":"PSOL 50","description":"Site oficial do Partido Socialismo e Liberdade","publisher":{"@id":"https:\/\/psol50.org.br\/#organization"},"alternateName":"PSOL50","potentialAction":[{"@type":"SearchAction","target":{"@type":"EntryPoint","urlTemplate":"https:\/\/psol50.org.br\/?s={search_term_string}"},"query-input":{"@type":"PropertyValueSpecification","valueRequired":true,"valueName":"search_term_string"}}],"inLanguage":"pt-BR"},{"@type":"Organization","@id":"https:\/\/psol50.org.br\/#organization","name":"PSOL 50","alternateName":"PSOL 50","url":"https:\/\/psol50.org.br\/","logo":{"@type":"ImageObject","inLanguage":"pt-BR","@id":"https:\/\/psol50.org.br\/#\/schema\/logo\/image\/","url":"https:\/\/psol50.org.br\/inc\/uploads\/2018\/07\/capa.png","contentUrl":"https:\/\/psol50.org.br\/inc\/uploads\/2018\/07\/capa.png","width":1350,"height":900,"caption":"PSOL 50"},"image":{"@id":"https:\/\/psol50.org.br\/#\/schema\/logo\/image\/"},"sameAs":["https:\/\/www.facebook.com\/psol50","https:\/\/x.com\/psol50","https:\/\/www.instagram.com\/psol50\/","https:\/\/www.youtube.com\/channel\/UC7SnJS5o1os7a6CaiNabzcg"]},{"@type":"Person","@id":"https:\/\/psol50.org.br\/#\/schema\/person\/475dfa57d0b815993c714c2e96491fcd","name":"Comunica\u00e7\u00e3o PSOL","image":{"@type":"ImageObject","inLanguage":"pt-BR","@id":"https:\/\/psol50.org.br\/#\/schema\/person\/image\/","url":"https:\/\/secure.gravatar.com\/avatar\/b34fc4f4e468a4e51785917065a3db57b841f5c95dba6ad8c73aaf8f66f8f9bf?s=96&d=mm&r=g","contentUrl":"https:\/\/secure.gravatar.com\/avatar\/b34fc4f4e468a4e51785917065a3db57b841f5c95dba6ad8c73aaf8f66f8f9bf?s=96&d=mm&r=g","caption":"Comunica\u00e7\u00e3o PSOL"}}]}},"_links":{"self":[{"href":"https:\/\/psol50.org.br\/rest\/wp\/v2\/posts\/31689","targetHints":{"allow":["GET"]}}],"collection":[{"href":"https:\/\/psol50.org.br\/rest\/wp\/v2\/posts"}],"about":[{"href":"https:\/\/psol50.org.br\/rest\/wp\/v2\/types\/post"}],"author":[{"embeddable":true,"href":"https:\/\/psol50.org.br\/rest\/wp\/v2\/users\/2"}],"replies":[{"embeddable":true,"href":"https:\/\/psol50.org.br\/rest\/wp\/v2\/comments?post=31689"}],"version-history":[{"count":0,"href":"https:\/\/psol50.org.br\/rest\/wp\/v2\/posts\/31689\/revisions"}],"wp:featuredmedia":[{"embeddable":true,"href":"https:\/\/psol50.org.br\/rest\/wp\/v2\/media\/31690"}],"wp:attachment":[{"href":"https:\/\/psol50.org.br\/rest\/wp\/v2\/media?parent=31689"}],"wp:term":[{"taxonomy":"category","embeddable":true,"href":"https:\/\/psol50.org.br\/rest\/wp\/v2\/categories?post=31689"},{"taxonomy":"post_tag","embeddable":true,"href":"https:\/\/psol50.org.br\/rest\/wp\/v2\/tags?post=31689"}],"curies":[{"name":"wp","href":"https:\/\/api.w.org\/{rel}","templated":true}]}}