{"id":3170,"date":"2015-03-04T00:00:00","date_gmt":"2015-03-04T18:54:05","guid":{"rendered":"http:\/\/psol50.org.br\/arquivo\/2015\/03\/04\/azerbaijao-organiza-jogos-europeus-em-contexto-de-repressao-generalizada\/"},"modified":"2015-03-04T00:00:00","modified_gmt":"2015-03-04T18:54:05","slug":"azerbaijao-organiza-jogos-europeus-em-contexto-de-repressao-generalizada","status":"publish","type":"post","link":"https:\/\/psol50.org.br\/azerbaijao-organiza-jogos-europeus-em-contexto-de-repressao-generalizada\/","title":{"rendered":"Azerbaij\u00e3o organiza Jogos Europeus em contexto de repress\u00e3o generalizada"},"content":{"rendered":"<p style=\"text-align: justify;\">\n\t<span style=\"font-family:arial,helvetica,sans-serif;\"><span style=\"font-size: 12px;\">Amea\u00e7as, agress\u00f5es e c\u00e1rcere para os que criticam o governo s\u00e3o caracter\u00edsticas do regime azerbaijano no momento em que o pa\u00eds se prepara para abrigar os primeiros Jogos Europeus, afirmou a Anistia Internacional em um novo informe publicado hoje (4), quando faltam 100 dias para a cerim\u00f4nia de abertura.<br \/>\n\t&nbsp;<br \/>\n\tEm <a href=\"http:\/\/www.amnistia-internacional.pt\/files\/Relatoriosvarios\/Report_Azerbaijan_Guilty_of_defending_rights.pdf\" target=\"_blank\" rel=\"noopener\"><em>Guilty of Defending Rights: Azerbaijan\u2019s human rights defenders and activists behind bars<\/em><\/a> destaca-se a crescente persegui\u00e7\u00e3o de cr\u00edticos do governo, que s\u00e3o detidos por acusa\u00e7\u00f5es falsas, s\u00e3o agredidos, amea\u00e7ados e privados de assist\u00eancia jur\u00eddica e atendimento m\u00e9dico urgente.<br \/>\n\t&nbsp;<br \/>\n\t\u201cNingu\u00e9m deveria deixar-se seduzir pelo brilho e apar\u00eancia do espet\u00e1culo internacional que est\u00e1 sendo organizando pelo Azerbaij\u00e3o para projetar uma imagem internacional imaculada e atrair investimento estrangeiro. Suas autoridades est\u00e3o dentre as mais repressivas da Europa e, sem d\u00favida, estariam no p\u00f3dio dos vencedores se concedessem medalhas pelo n\u00famero de ativistas e defensores e defensoras dos direitos humanos na pris\u00e3o\u201d, afirmou John Dalhuisen, diretor do Programa da Anistia Internacional para a Europa e \u00c1sia Central.<br \/>\n\t&nbsp;<br \/>\n\tPelo menos 22 presos de consci\u00eancia est\u00e3o atualmente na pris\u00e3o ou sob cust\u00f3dia a espera de julgamento no Azerbaij\u00e3o ap\u00f3s a apresenta\u00e7\u00e3o de acusa\u00e7\u00f5es falsas que v\u00e3o desde fraude e malversa\u00e7\u00e3o de fundos a abuso de drogas, e at\u00e9 mesmo trai\u00e7\u00e3o.<br \/>\n\t&nbsp;<br \/>\n\tEm junho de 2014, em seu discurso ante a Assembleia Parlamentar do Conselho da Europa, o presidente Aliyev afirmou que a liberdade de express\u00e3o, de associa\u00e7\u00e3o e de reuni\u00e3o estava garantida no Azerbaij\u00e3o.<\/p>\n<p>\tEntretanto, destacados defensores e defensoras dos direitos humanos falaram de uma realidade diferente, oferecendo detalhes sobre mais de 90 casos de hostilidade, intimida\u00e7\u00e3o, deten\u00e7\u00e3o arbitr\u00e1ria e acusa\u00e7\u00f5es de motiva\u00e7\u00e3o pol\u00edtica contra defensores dos direitos humanos, jornalistas e outras pessoas que se atreveram a criticar o governo azerbaijano. A rea\u00e7\u00e3o das autoridades n\u00e3o se fez esperar: em quest\u00e3o de semanas, todas as pessoas que haviam prestado declara\u00e7\u00f5es \u00e0 Assembleia Parlamentar foram detidas, uma ap\u00f3s a outra.<br \/>\n\t&nbsp;<br \/>\n\t\u201cNa pr\u00e1tica, estas \u00faltimas deten\u00e7\u00f5es paralisaram a sociedade civil e amorda\u00e7aram a liberdade de express\u00e3o, e marcam a pior etapa da trajet\u00f3ria do pa\u00eds em mat\u00e9ria de direitos humanos desde que proclamou sua independ\u00eancia\u201d, afirmou John Dalhuisen.<br \/>\n\t&nbsp;<br \/>\n\tLeyla Yunus, defensora dos direitos humanos de 60 anos e uma das mais proeminentes e influentes cr\u00edticas do governo, foi detida em julho de 2014, poucos dias depois de fazer um apelo ao boicote dos Jogos Europeus como medida de protesto pelo atroz hist\u00f3rico de direitos humanos do regime.<\/p>\n<p>\tLeyla Yunus contou a seu advogado que um guarda a arrastou de sua cela at\u00e9 uma sala vazia onde a atiraram ao ch\u00e3o e deram-lhe pontap\u00e9s. Em outra ocasi\u00e3o, um grupo de homens fez-lhe gestos amea\u00e7adores de car\u00e1ter sexual. Passou os \u00faltimos seis meses na pris\u00e3o \u00e0 espera de julgamento, onde as duras condi\u00e7\u00f5es agravaram seus problemas de sa\u00fade. Ela sofre de diabetes e hepatite C.<br \/>\n\t&nbsp;<br \/>\n\tLeyla Yunus foi acusada de trai\u00e7\u00e3o, atividade empresarial il\u00edcita, evas\u00e3o fiscal, abuso de autoridade, fraude e falsifica\u00e7\u00e3o. Estas acusa\u00e7\u00f5es, falsas e politicamente motivadas, foram o resultado da nova normativa aprovada pelo governo para poder fechar sedes de ONGs arbitrariamente e encarcerar seus dirigentes.<br \/>\n\t&nbsp;<br \/>\n\t<strong>Campanha repressiva contra jornalistas<\/strong><br \/>\n\tAs autoridades intensificaram sua campanha repressiva contra jornalistas que criticam o governo. Khadija Ismayilova, premiada jornalista investigativa, foi detida em 5 de dezembro de 2014 pela inveross\u00edmil acusa\u00e7\u00e3o de incitar um ex-companheiro ao suic\u00eddio.<br \/>\n\t&nbsp;<br \/>\n\tKhadija havia publicado uma lista de presos pol\u00edticos e tamb\u00e9m estava investigando den\u00fancias que vinculavam a fam\u00edlia do presidente Aliyev com um lucrativo projeto de constru\u00e7\u00e3o em Bak\u00fa. Anteriormente, havia sido anonimamente amea\u00e7ada com a publica\u00e7\u00e3o de fotografias \u00edntimas dela \u2013 supostamente tiradas por agentes do governo \u00e0s escondidas em sua casa\u2013 se n\u00e3o renunciasse a seu trabalho.<br \/>\n\t&nbsp;<br \/>\n\t<strong>Acusa\u00e7\u00f5es falsas ligadas a drogas e vandalismo contra jovens ativistas<\/strong><br \/>\n\tAs autoridades tamb\u00e9m perseguem jovens ativistas que se destacam e fazem cr\u00edticas ao governo, acusando-os de delitos relacionados com drogas ou vandalismo. As acusa\u00e7\u00f5es utilizadas para realizar a sua deten\u00e7\u00e3o s\u00e3o muito question\u00e1veis, e o interrogat\u00f3rio da pol\u00edcia gira em torno as suas ideias pol\u00edticas.<br \/>\n\t&nbsp;<br \/>\n\tO conhecido blogueiro Faraj Karimov assegurou que a pol\u00edcia o agrediu para obrig\u00e1-lo a admitir delitos relacionados com drogas. O amea\u00e7aram dizendo-lhe que se n\u00e3o assinasse uma \u201cconfiss\u00e3o\u201d, a pol\u00edcia causaria \u201cproblemas a seus pais\u201d colocando armas em sua casa.<br \/>\n\t&nbsp;<br \/>\n\tA viol\u00eancia tamb\u00e9m \u00e9 pr\u00e1tica comum sob cust\u00f3dia. Orkhan Eyyubzade, ativista a favor da democracia, de 19 anos, que estava cumprindo 20 dias de deten\u00e7\u00e3o administrativa por participar de uma concentra\u00e7\u00e3o pac\u00edfica \u201cn\u00e3o autorizada\u201d, sofreu uma brutal agress\u00e3o por parte de dois agentes de pol\u00edcia. Contou a seu advogado que a pol\u00edcia o obrigou a deitar-se de boca para baixo, algemou suas m\u00e3os nas costas, rasgou sua roupa \u00edntima, deu-lhe pontap\u00e9s e socos e amea\u00e7ou violent\u00e1-lo com uma garrafa. N\u00e3o foi realizada uma investiga\u00e7\u00e3o eficaz sobre estas den\u00fancias. Ao contr\u00e1rio, ele foi acusado de agress\u00e3o a agentes de pol\u00edcia e condenado a dois anos de pris\u00e3o.<br \/>\n\t&nbsp;<br \/>\n\t\u201cCom o olhar voltado aos petrod\u00f3lares do Azerbaij\u00e3o, a comunidade internacional tem guardado um chamativo sil\u00eancio sobre as viola\u00e7\u00f5es de direitos humanos e as repressivas t\u00e1ticas do pa\u00eds. \u00c9 uma atitude de vis\u00e3o limitada, que presta desservi\u00e7o aos que atualmente se consomem entre as grades\u201d, disse John Dalhuisen.<br \/>\n\t&nbsp;<br \/>\n\tA Anistia Internacional est\u00e1 solicitando \u00e0s autoridades azerbaijanas que libertem imediata e incondicionalmente todos os prisioneiros de consci\u00eancia e que investiguem completa e imparcialmente todas as den\u00fancias de maus-tratos infligidos por agentes estatais e n\u00e3o estatais. Al\u00e9m disso, a organiza\u00e7\u00e3o pede que parem de amea\u00e7ar e apresentar acusa\u00e7\u00f5es contra pessoas por exercerem sua liberdade de express\u00e3o e associa\u00e7\u00e3o.<br \/>\n\t&nbsp;<\/span><\/span><\/p>\n","protected":false},"excerpt":{"rendered":"<p>Amea\u00e7as, agress\u00f5es e c\u00e1rcere para os que criticam o governo s\u00e3o caracter\u00edsticas do regime azerbaijano no momento em que o pa\u00eds se prepara para abrigar os primeiros Jogos Europeus, afirmou a Anistia Internacional em um novo informe publicado hoje (4), quando faltam 100 dias para a cerim\u00f4nia de abertura. &nbsp; Em Guilty of Defending Rights: [&hellip;]<\/p>\n","protected":false},"author":2,"featured_media":0,"comment_status":"open","ping_status":"open","sticky":false,"template":"","format":"standard","meta":{"_acf_changed":false,"footnotes":""},"categories":[6],"tags":[],"class_list":{"0":"post-3170","1":"post","2":"type-post","3":"status-publish","4":"format-standard","6":"category-noticias"},"acf":[],"yoast_head":"<!-- This site is optimized with the Yoast SEO plugin v26.5 - https:\/\/yoast.com\/wordpress\/plugins\/seo\/ -->\n<title>Azerbaij\u00e3o organiza Jogos Europeus em contexto de repress\u00e3o generalizada - PSOL 50<\/title>\n<meta name=\"robots\" content=\"index, follow, max-snippet:-1, max-image-preview:large, max-video-preview:-1\" \/>\n<link rel=\"canonical\" href=\"https:\/\/psol50.org.br\/azerbaijao-organiza-jogos-europeus-em-contexto-de-repressao-generalizada\/\" \/>\n<meta property=\"og:locale\" content=\"pt_BR\" \/>\n<meta property=\"og:type\" content=\"article\" \/>\n<meta property=\"og:title\" content=\"Azerbaij\u00e3o organiza Jogos Europeus em contexto de repress\u00e3o generalizada - PSOL 50\" \/>\n<meta property=\"og:description\" content=\"Amea\u00e7as, agress\u00f5es e c\u00e1rcere para os que criticam o governo s\u00e3o caracter\u00edsticas do regime azerbaijano no momento em que o pa\u00eds se prepara para abrigar os primeiros Jogos Europeus, afirmou a Anistia Internacional em um novo informe publicado hoje (4), quando faltam 100 dias para a cerim\u00f4nia de abertura. &nbsp; Em Guilty of Defending Rights: [&hellip;]\" \/>\n<meta property=\"og:url\" content=\"https:\/\/psol50.org.br\/azerbaijao-organiza-jogos-europeus-em-contexto-de-repressao-generalizada\/\" \/>\n<meta property=\"og:site_name\" content=\"PSOL 50\" \/>\n<meta property=\"article:publisher\" content=\"https:\/\/www.facebook.com\/psol50\" \/>\n<meta property=\"article:published_time\" content=\"2015-03-04T18:54:05+00:00\" \/>\n<meta property=\"og:image\" content=\"https:\/\/psol50.org.br\/inc\/uploads\/2018\/07\/capa.png\" \/>\n\t<meta property=\"og:image:width\" content=\"1350\" \/>\n\t<meta property=\"og:image:height\" content=\"900\" \/>\n\t<meta property=\"og:image:type\" content=\"image\/png\" \/>\n<meta name=\"author\" content=\"Comunica\u00e7\u00e3o PSOL\" \/>\n<meta name=\"twitter:card\" content=\"summary_large_image\" \/>\n<meta name=\"twitter:creator\" content=\"@psol50\" \/>\n<meta name=\"twitter:site\" content=\"@psol50\" \/>\n<meta name=\"twitter:label1\" content=\"Escrito por\" \/>\n\t<meta name=\"twitter:data1\" content=\"Comunica\u00e7\u00e3o PSOL\" \/>\n\t<meta name=\"twitter:label2\" content=\"Est. tempo de leitura\" \/>\n\t<meta name=\"twitter:data2\" content=\"5 minutos\" \/>\n<script type=\"application\/ld+json\" class=\"yoast-schema-graph\">{\"@context\":\"https:\/\/schema.org\",\"@graph\":[{\"@type\":\"Article\",\"@id\":\"https:\/\/psol50.org.br\/azerbaijao-organiza-jogos-europeus-em-contexto-de-repressao-generalizada\/#article\",\"isPartOf\":{\"@id\":\"https:\/\/psol50.org.br\/azerbaijao-organiza-jogos-europeus-em-contexto-de-repressao-generalizada\/\"},\"author\":{\"name\":\"Comunica\u00e7\u00e3o PSOL\",\"@id\":\"https:\/\/psol50.org.br\/#\/schema\/person\/475dfa57d0b815993c714c2e96491fcd\"},\"headline\":\"Azerbaij\u00e3o organiza Jogos Europeus em contexto de repress\u00e3o generalizada\",\"datePublished\":\"2015-03-04T18:54:05+00:00\",\"mainEntityOfPage\":{\"@id\":\"https:\/\/psol50.org.br\/azerbaijao-organiza-jogos-europeus-em-contexto-de-repressao-generalizada\/\"},\"wordCount\":1061,\"commentCount\":0,\"publisher\":{\"@id\":\"https:\/\/psol50.org.br\/#organization\"},\"articleSection\":[\"Not\u00edcias\"],\"inLanguage\":\"pt-BR\",\"potentialAction\":[{\"@type\":\"CommentAction\",\"name\":\"Comment\",\"target\":[\"https:\/\/psol50.org.br\/azerbaijao-organiza-jogos-europeus-em-contexto-de-repressao-generalizada\/#respond\"]}]},{\"@type\":\"WebPage\",\"@id\":\"https:\/\/psol50.org.br\/azerbaijao-organiza-jogos-europeus-em-contexto-de-repressao-generalizada\/\",\"url\":\"https:\/\/psol50.org.br\/azerbaijao-organiza-jogos-europeus-em-contexto-de-repressao-generalizada\/\",\"name\":\"Azerbaij\u00e3o organiza Jogos Europeus em contexto de repress\u00e3o generalizada - PSOL 50\",\"isPartOf\":{\"@id\":\"https:\/\/psol50.org.br\/#website\"},\"datePublished\":\"2015-03-04T18:54:05+00:00\",\"breadcrumb\":{\"@id\":\"https:\/\/psol50.org.br\/azerbaijao-organiza-jogos-europeus-em-contexto-de-repressao-generalizada\/#breadcrumb\"},\"inLanguage\":\"pt-BR\",\"potentialAction\":[{\"@type\":\"ReadAction\",\"target\":[\"https:\/\/psol50.org.br\/azerbaijao-organiza-jogos-europeus-em-contexto-de-repressao-generalizada\/\"]}]},{\"@type\":\"BreadcrumbList\",\"@id\":\"https:\/\/psol50.org.br\/azerbaijao-organiza-jogos-europeus-em-contexto-de-repressao-generalizada\/#breadcrumb\",\"itemListElement\":[{\"@type\":\"ListItem\",\"position\":1,\"name\":\"In\u00edcio\",\"item\":\"https:\/\/psol50.org.br\/\"},{\"@type\":\"ListItem\",\"position\":2,\"name\":\"Azerbaij\u00e3o organiza Jogos Europeus em contexto de repress\u00e3o generalizada\"}]},{\"@type\":\"WebSite\",\"@id\":\"https:\/\/psol50.org.br\/#website\",\"url\":\"https:\/\/psol50.org.br\/\",\"name\":\"PSOL 50\",\"description\":\"Site oficial do Partido Socialismo e Liberdade\",\"publisher\":{\"@id\":\"https:\/\/psol50.org.br\/#organization\"},\"alternateName\":\"PSOL50\",\"potentialAction\":[{\"@type\":\"SearchAction\",\"target\":{\"@type\":\"EntryPoint\",\"urlTemplate\":\"https:\/\/psol50.org.br\/?s={search_term_string}\"},\"query-input\":{\"@type\":\"PropertyValueSpecification\",\"valueRequired\":true,\"valueName\":\"search_term_string\"}}],\"inLanguage\":\"pt-BR\"},{\"@type\":\"Organization\",\"@id\":\"https:\/\/psol50.org.br\/#organization\",\"name\":\"PSOL 50\",\"alternateName\":\"PSOL 50\",\"url\":\"https:\/\/psol50.org.br\/\",\"logo\":{\"@type\":\"ImageObject\",\"inLanguage\":\"pt-BR\",\"@id\":\"https:\/\/psol50.org.br\/#\/schema\/logo\/image\/\",\"url\":\"https:\/\/psol50.org.br\/inc\/uploads\/2018\/07\/capa.png\",\"contentUrl\":\"https:\/\/psol50.org.br\/inc\/uploads\/2018\/07\/capa.png\",\"width\":1350,\"height\":900,\"caption\":\"PSOL 50\"},\"image\":{\"@id\":\"https:\/\/psol50.org.br\/#\/schema\/logo\/image\/\"},\"sameAs\":[\"https:\/\/www.facebook.com\/psol50\",\"https:\/\/x.com\/psol50\",\"https:\/\/www.instagram.com\/psol50\/\",\"https:\/\/www.youtube.com\/channel\/UC7SnJS5o1os7a6CaiNabzcg\"]},{\"@type\":\"Person\",\"@id\":\"https:\/\/psol50.org.br\/#\/schema\/person\/475dfa57d0b815993c714c2e96491fcd\",\"name\":\"Comunica\u00e7\u00e3o PSOL\",\"image\":{\"@type\":\"ImageObject\",\"inLanguage\":\"pt-BR\",\"@id\":\"https:\/\/psol50.org.br\/#\/schema\/person\/image\/\",\"url\":\"https:\/\/secure.gravatar.com\/avatar\/b34fc4f4e468a4e51785917065a3db57b841f5c95dba6ad8c73aaf8f66f8f9bf?s=96&d=mm&r=g\",\"contentUrl\":\"https:\/\/secure.gravatar.com\/avatar\/b34fc4f4e468a4e51785917065a3db57b841f5c95dba6ad8c73aaf8f66f8f9bf?s=96&d=mm&r=g\",\"caption\":\"Comunica\u00e7\u00e3o PSOL\"}}]}<\/script>\n<!-- \/ Yoast SEO plugin. -->","yoast_head_json":{"title":"Azerbaij\u00e3o organiza Jogos Europeus em contexto de repress\u00e3o generalizada - PSOL 50","robots":{"index":"index","follow":"follow","max-snippet":"max-snippet:-1","max-image-preview":"max-image-preview:large","max-video-preview":"max-video-preview:-1"},"canonical":"https:\/\/psol50.org.br\/azerbaijao-organiza-jogos-europeus-em-contexto-de-repressao-generalizada\/","og_locale":"pt_BR","og_type":"article","og_title":"Azerbaij\u00e3o organiza Jogos Europeus em contexto de repress\u00e3o generalizada - PSOL 50","og_description":"Amea\u00e7as, agress\u00f5es e c\u00e1rcere para os que criticam o governo s\u00e3o caracter\u00edsticas do regime azerbaijano no momento em que o pa\u00eds se prepara para abrigar os primeiros Jogos Europeus, afirmou a Anistia Internacional em um novo informe publicado hoje (4), quando faltam 100 dias para a cerim\u00f4nia de abertura. &nbsp; Em Guilty of Defending Rights: [&hellip;]","og_url":"https:\/\/psol50.org.br\/azerbaijao-organiza-jogos-europeus-em-contexto-de-repressao-generalizada\/","og_site_name":"PSOL 50","article_publisher":"https:\/\/www.facebook.com\/psol50","article_published_time":"2015-03-04T18:54:05+00:00","og_image":[{"width":1350,"height":900,"url":"https:\/\/psol50.org.br\/inc\/uploads\/2018\/07\/capa.png","type":"image\/png"}],"author":"Comunica\u00e7\u00e3o PSOL","twitter_card":"summary_large_image","twitter_creator":"@psol50","twitter_site":"@psol50","twitter_misc":{"Escrito por":"Comunica\u00e7\u00e3o PSOL","Est. tempo de leitura":"5 minutos"},"schema":{"@context":"https:\/\/schema.org","@graph":[{"@type":"Article","@id":"https:\/\/psol50.org.br\/azerbaijao-organiza-jogos-europeus-em-contexto-de-repressao-generalizada\/#article","isPartOf":{"@id":"https:\/\/psol50.org.br\/azerbaijao-organiza-jogos-europeus-em-contexto-de-repressao-generalizada\/"},"author":{"name":"Comunica\u00e7\u00e3o PSOL","@id":"https:\/\/psol50.org.br\/#\/schema\/person\/475dfa57d0b815993c714c2e96491fcd"},"headline":"Azerbaij\u00e3o organiza Jogos Europeus em contexto de repress\u00e3o generalizada","datePublished":"2015-03-04T18:54:05+00:00","mainEntityOfPage":{"@id":"https:\/\/psol50.org.br\/azerbaijao-organiza-jogos-europeus-em-contexto-de-repressao-generalizada\/"},"wordCount":1061,"commentCount":0,"publisher":{"@id":"https:\/\/psol50.org.br\/#organization"},"articleSection":["Not\u00edcias"],"inLanguage":"pt-BR","potentialAction":[{"@type":"CommentAction","name":"Comment","target":["https:\/\/psol50.org.br\/azerbaijao-organiza-jogos-europeus-em-contexto-de-repressao-generalizada\/#respond"]}]},{"@type":"WebPage","@id":"https:\/\/psol50.org.br\/azerbaijao-organiza-jogos-europeus-em-contexto-de-repressao-generalizada\/","url":"https:\/\/psol50.org.br\/azerbaijao-organiza-jogos-europeus-em-contexto-de-repressao-generalizada\/","name":"Azerbaij\u00e3o organiza Jogos Europeus em contexto de repress\u00e3o generalizada - PSOL 50","isPartOf":{"@id":"https:\/\/psol50.org.br\/#website"},"datePublished":"2015-03-04T18:54:05+00:00","breadcrumb":{"@id":"https:\/\/psol50.org.br\/azerbaijao-organiza-jogos-europeus-em-contexto-de-repressao-generalizada\/#breadcrumb"},"inLanguage":"pt-BR","potentialAction":[{"@type":"ReadAction","target":["https:\/\/psol50.org.br\/azerbaijao-organiza-jogos-europeus-em-contexto-de-repressao-generalizada\/"]}]},{"@type":"BreadcrumbList","@id":"https:\/\/psol50.org.br\/azerbaijao-organiza-jogos-europeus-em-contexto-de-repressao-generalizada\/#breadcrumb","itemListElement":[{"@type":"ListItem","position":1,"name":"In\u00edcio","item":"https:\/\/psol50.org.br\/"},{"@type":"ListItem","position":2,"name":"Azerbaij\u00e3o organiza Jogos Europeus em contexto de repress\u00e3o generalizada"}]},{"@type":"WebSite","@id":"https:\/\/psol50.org.br\/#website","url":"https:\/\/psol50.org.br\/","name":"PSOL 50","description":"Site oficial do Partido Socialismo e Liberdade","publisher":{"@id":"https:\/\/psol50.org.br\/#organization"},"alternateName":"PSOL50","potentialAction":[{"@type":"SearchAction","target":{"@type":"EntryPoint","urlTemplate":"https:\/\/psol50.org.br\/?s={search_term_string}"},"query-input":{"@type":"PropertyValueSpecification","valueRequired":true,"valueName":"search_term_string"}}],"inLanguage":"pt-BR"},{"@type":"Organization","@id":"https:\/\/psol50.org.br\/#organization","name":"PSOL 50","alternateName":"PSOL 50","url":"https:\/\/psol50.org.br\/","logo":{"@type":"ImageObject","inLanguage":"pt-BR","@id":"https:\/\/psol50.org.br\/#\/schema\/logo\/image\/","url":"https:\/\/psol50.org.br\/inc\/uploads\/2018\/07\/capa.png","contentUrl":"https:\/\/psol50.org.br\/inc\/uploads\/2018\/07\/capa.png","width":1350,"height":900,"caption":"PSOL 50"},"image":{"@id":"https:\/\/psol50.org.br\/#\/schema\/logo\/image\/"},"sameAs":["https:\/\/www.facebook.com\/psol50","https:\/\/x.com\/psol50","https:\/\/www.instagram.com\/psol50\/","https:\/\/www.youtube.com\/channel\/UC7SnJS5o1os7a6CaiNabzcg"]},{"@type":"Person","@id":"https:\/\/psol50.org.br\/#\/schema\/person\/475dfa57d0b815993c714c2e96491fcd","name":"Comunica\u00e7\u00e3o PSOL","image":{"@type":"ImageObject","inLanguage":"pt-BR","@id":"https:\/\/psol50.org.br\/#\/schema\/person\/image\/","url":"https:\/\/secure.gravatar.com\/avatar\/b34fc4f4e468a4e51785917065a3db57b841f5c95dba6ad8c73aaf8f66f8f9bf?s=96&d=mm&r=g","contentUrl":"https:\/\/secure.gravatar.com\/avatar\/b34fc4f4e468a4e51785917065a3db57b841f5c95dba6ad8c73aaf8f66f8f9bf?s=96&d=mm&r=g","caption":"Comunica\u00e7\u00e3o PSOL"}}]}},"_links":{"self":[{"href":"https:\/\/psol50.org.br\/rest\/wp\/v2\/posts\/3170","targetHints":{"allow":["GET"]}}],"collection":[{"href":"https:\/\/psol50.org.br\/rest\/wp\/v2\/posts"}],"about":[{"href":"https:\/\/psol50.org.br\/rest\/wp\/v2\/types\/post"}],"author":[{"embeddable":true,"href":"https:\/\/psol50.org.br\/rest\/wp\/v2\/users\/2"}],"replies":[{"embeddable":true,"href":"https:\/\/psol50.org.br\/rest\/wp\/v2\/comments?post=3170"}],"version-history":[{"count":0,"href":"https:\/\/psol50.org.br\/rest\/wp\/v2\/posts\/3170\/revisions"}],"wp:attachment":[{"href":"https:\/\/psol50.org.br\/rest\/wp\/v2\/media?parent=3170"}],"wp:term":[{"taxonomy":"category","embeddable":true,"href":"https:\/\/psol50.org.br\/rest\/wp\/v2\/categories?post=3170"},{"taxonomy":"post_tag","embeddable":true,"href":"https:\/\/psol50.org.br\/rest\/wp\/v2\/tags?post=3170"}],"curies":[{"name":"wp","href":"https:\/\/api.w.org\/{rel}","templated":true}]}}