{"id":31717,"date":"2021-01-15T11:29:42","date_gmt":"2021-01-15T14:29:42","guid":{"rendered":"https:\/\/psol50.org.br\/?p=31717"},"modified":"2021-08-21T22:06:56","modified_gmt":"2021-08-22T01:06:56","slug":"resolucao-do-psol-sobre-eleicao-para-a-presidencia-da-camara-dos-deputados","status":"publish","type":"post","link":"https:\/\/psol50.org.br\/resolucao-do-psol-sobre-eleicao-para-a-presidencia-da-camara-dos-deputados\/","title":{"rendered":"Resolu\u00e7\u00e3o do PSOL sobre elei\u00e7\u00e3o para a Presid\u00eancia da C\u00e2mara dos Deputados"},"content":{"rendered":"<p>A Executiva Nacional do PSOL, reunida para debater as posi\u00e7\u00f5es presentes no interior da nossa bancada federal acerca da t\u00e1tica para a elei\u00e7\u00e3o da Presid\u00eancia da C\u00e2mara dos Deputados, e reconhecendo a legitimidade de todas as op\u00e7\u00f5es em discuss\u00e3o, delibera:<\/p>\n<p>a) Em favor da constru\u00e7\u00e3o de uma candidatura de esquerda no primeiro turno que defenda as bandeiras da amplia\u00e7\u00e3o de direitos, da democracia, da soberania nacional, da defesa da sa\u00fade p\u00fablica, de mudan\u00e7as anti-austeridade na pol\u00edtica econ\u00f4mica, da vacina\u00e7\u00e3o de todos e todas e do combate a toda as formas de discrimina\u00e7\u00e3o e opress\u00e3o, bandeiras estas que ser\u00e3o refor\u00e7adas por uma presid\u00eancia da C\u00e2mara dos Deputados que d\u00ea in\u00edcio ao processo de impeachment de Bolsonaro;<\/p>\n<p>b) Que essa constru\u00e7\u00e3o deve ser feita em di\u00e1logo com deputados e deputadas de outros partidos que defendam uma candidatura de esquerda e, desde j\u00e1, sa\u00fada a disposi\u00e7\u00e3o da companheira Luiza Erundina para cumprir essa tarefa;<\/p>\n<p>c) Que caso a candidatura de esquerda n\u00e3o esteja no segundo turno, orienta o voto da bancada do PSOL no candidato que representar uma alternativa \u00e0quele apoiado pelo governo Jair Bolsonaro.<\/p>\n<p><em><strong>Executiva Nacional do PSOL<\/strong><\/em><br \/>\n<em><strong>15 de janeiro de 2021.<\/strong><\/em><\/p>\n","protected":false},"excerpt":{"rendered":"<p>A Executiva Nacional do PSOL, reunida para debater as posi\u00e7\u00f5es presentes no interior da nossa bancada federal acerca da t\u00e1tica para a elei\u00e7\u00e3o da Presid\u00eancia da C\u00e2mara dos Deputados, e reconhecendo a legitimidade de todas as op\u00e7\u00f5es em discuss\u00e3o, delibera: a) Em favor da constru\u00e7\u00e3o de uma candidatura de esquerda no primeiro turno que defenda [&hellip;]<\/p>\n","protected":false},"author":2,"featured_media":21163,"comment_status":"closed","ping_status":"open","sticky":false,"template":"","format":"standard","meta":{"_acf_changed":false,"footnotes":""},"categories":[20,6,72],"tags":[163,1111,553,255,22,1315],"class_list":{"0":"post-31717","1":"post","2":"type-post","3":"status-publish","4":"format-standard","5":"has-post-thumbnail","7":"category-notas","8":"category-noticias","9":"category-resolucoes","10":"tag-camara","11":"tag-candidatura","12":"tag-luiza-erundina","13":"tag-presidencia","14":"tag-psol","15":"tag-resolucao"},"acf":[],"yoast_head":"<!-- This site is optimized with the Yoast SEO plugin v26.5 - https:\/\/yoast.com\/wordpress\/plugins\/seo\/ -->\n<title>Resolu\u00e7\u00e3o do PSOL sobre elei\u00e7\u00e3o para a Presid\u00eancia da C\u00e2mara dos Deputados<\/title>\n<meta name=\"description\" content=\"Executiva Nacional do PSOL se posiciona em favor da constru\u00e7\u00e3o de uma candidatura de esquerda no primeiro turno.\" \/>\n<meta name=\"robots\" content=\"index, follow, max-snippet:-1, max-image-preview:large, max-video-preview:-1\" \/>\n<link rel=\"canonical\" href=\"https:\/\/psol50.org.br\/resolucao-do-psol-sobre-eleicao-para-a-presidencia-da-camara-dos-deputados\/\" \/>\n<meta property=\"og:locale\" content=\"pt_BR\" \/>\n<meta property=\"og:type\" content=\"article\" \/>\n<meta property=\"og:title\" content=\"Resolu\u00e7\u00e3o do PSOL sobre elei\u00e7\u00e3o para a Presid\u00eancia da C\u00e2mara dos Deputados\" \/>\n<meta property=\"og:description\" content=\"Executiva Nacional do PSOL se posiciona em favor da constru\u00e7\u00e3o de uma candidatura de esquerda no primeiro turno.\" \/>\n<meta property=\"og:url\" content=\"https:\/\/psol50.org.br\/resolucao-do-psol-sobre-eleicao-para-a-presidencia-da-camara-dos-deputados\/\" \/>\n<meta property=\"og:site_name\" content=\"PSOL 50\" \/>\n<meta property=\"article:publisher\" content=\"https:\/\/www.facebook.com\/psol50\" \/>\n<meta property=\"article:published_time\" content=\"2021-01-15T14:29:42+00:00\" \/>\n<meta property=\"article:modified_time\" content=\"2021-08-22T01:06:56+00:00\" \/>\n<meta property=\"og:image\" content=\"https:\/\/psol50.org.br\/inc\/uploads\/2018\/07\/capa.png\" \/>\n\t<meta property=\"og:image:width\" content=\"1350\" \/>\n\t<meta property=\"og:image:height\" content=\"900\" \/>\n\t<meta property=\"og:image:type\" content=\"image\/png\" \/>\n<meta name=\"author\" content=\"Comunica\u00e7\u00e3o PSOL\" \/>\n<meta name=\"twitter:card\" content=\"summary_large_image\" \/>\n<meta name=\"twitter:title\" content=\"Resolu\u00e7\u00e3o do PSOL sobre elei\u00e7\u00e3o para a Presid\u00eancia da C\u00e2mara dos Deputados\" \/>\n<meta name=\"twitter:description\" content=\"Executiva Nacional do PSOL se posiciona em favor da constru\u00e7\u00e3o de uma candidatura de esquerda no primeiro turno.\" \/>\n<meta name=\"twitter:image\" content=\"https:\/\/psol50.org.br\/inc\/uploads\/2018\/07\/capa.png\" \/>\n<meta name=\"twitter:creator\" content=\"@psol50\" \/>\n<meta name=\"twitter:site\" content=\"@psol50\" \/>\n<meta name=\"twitter:label1\" content=\"Escrito por\" \/>\n\t<meta name=\"twitter:data1\" content=\"Comunica\u00e7\u00e3o PSOL\" \/>\n\t<meta name=\"twitter:label2\" content=\"Est. tempo de leitura\" \/>\n\t<meta name=\"twitter:data2\" content=\"2 minutos\" \/>\n<script type=\"application\/ld+json\" class=\"yoast-schema-graph\">{\"@context\":\"https:\/\/schema.org\",\"@graph\":[{\"@type\":\"Article\",\"@id\":\"https:\/\/psol50.org.br\/resolucao-do-psol-sobre-eleicao-para-a-presidencia-da-camara-dos-deputados\/#article\",\"isPartOf\":{\"@id\":\"https:\/\/psol50.org.br\/resolucao-do-psol-sobre-eleicao-para-a-presidencia-da-camara-dos-deputados\/\"},\"author\":{\"name\":\"Comunica\u00e7\u00e3o PSOL\",\"@id\":\"https:\/\/psol50.org.br\/#\/schema\/person\/475dfa57d0b815993c714c2e96491fcd\"},\"headline\":\"Resolu\u00e7\u00e3o do PSOL sobre elei\u00e7\u00e3o para a Presid\u00eancia da C\u00e2mara dos Deputados\",\"datePublished\":\"2021-01-15T14:29:42+00:00\",\"dateModified\":\"2021-08-22T01:06:56+00:00\",\"mainEntityOfPage\":{\"@id\":\"https:\/\/psol50.org.br\/resolucao-do-psol-sobre-eleicao-para-a-presidencia-da-camara-dos-deputados\/\"},\"wordCount\":232,\"publisher\":{\"@id\":\"https:\/\/psol50.org.br\/#organization\"},\"image\":{\"@id\":\"https:\/\/psol50.org.br\/resolucao-do-psol-sobre-eleicao-para-a-presidencia-da-camara-dos-deputados\/#primaryimage\"},\"thumbnailUrl\":\"https:\/\/psol50.org.br\/inc\/uploads\/2018\/07\/capa.png\",\"keywords\":[\"c\u00e2mara\",\"candidatura\",\"Luiza Erundina\",\"Presid\u00eancia\",\"PSOL\",\"resolu\u00e7\u00e3o\"],\"articleSection\":[\"Notas\",\"Not\u00edcias\",\"Resolu\u00e7\u00f5es\"],\"inLanguage\":\"pt-BR\"},{\"@type\":\"WebPage\",\"@id\":\"https:\/\/psol50.org.br\/resolucao-do-psol-sobre-eleicao-para-a-presidencia-da-camara-dos-deputados\/\",\"url\":\"https:\/\/psol50.org.br\/resolucao-do-psol-sobre-eleicao-para-a-presidencia-da-camara-dos-deputados\/\",\"name\":\"Resolu\u00e7\u00e3o do PSOL sobre elei\u00e7\u00e3o para a Presid\u00eancia da C\u00e2mara dos Deputados\",\"isPartOf\":{\"@id\":\"https:\/\/psol50.org.br\/#website\"},\"primaryImageOfPage\":{\"@id\":\"https:\/\/psol50.org.br\/resolucao-do-psol-sobre-eleicao-para-a-presidencia-da-camara-dos-deputados\/#primaryimage\"},\"image\":{\"@id\":\"https:\/\/psol50.org.br\/resolucao-do-psol-sobre-eleicao-para-a-presidencia-da-camara-dos-deputados\/#primaryimage\"},\"thumbnailUrl\":\"https:\/\/psol50.org.br\/inc\/uploads\/2018\/07\/capa.png\",\"datePublished\":\"2021-01-15T14:29:42+00:00\",\"dateModified\":\"2021-08-22T01:06:56+00:00\",\"description\":\"Executiva Nacional do PSOL se posiciona em favor da constru\u00e7\u00e3o de uma candidatura de esquerda no primeiro turno.\",\"breadcrumb\":{\"@id\":\"https:\/\/psol50.org.br\/resolucao-do-psol-sobre-eleicao-para-a-presidencia-da-camara-dos-deputados\/#breadcrumb\"},\"inLanguage\":\"pt-BR\",\"potentialAction\":[{\"@type\":\"ReadAction\",\"target\":[\"https:\/\/psol50.org.br\/resolucao-do-psol-sobre-eleicao-para-a-presidencia-da-camara-dos-deputados\/\"]}]},{\"@type\":\"ImageObject\",\"inLanguage\":\"pt-BR\",\"@id\":\"https:\/\/psol50.org.br\/resolucao-do-psol-sobre-eleicao-para-a-presidencia-da-camara-dos-deputados\/#primaryimage\",\"url\":\"https:\/\/psol50.org.br\/inc\/uploads\/2018\/07\/capa.png\",\"contentUrl\":\"https:\/\/psol50.org.br\/inc\/uploads\/2018\/07\/capa.png\",\"width\":1350,\"height\":900},{\"@type\":\"BreadcrumbList\",\"@id\":\"https:\/\/psol50.org.br\/resolucao-do-psol-sobre-eleicao-para-a-presidencia-da-camara-dos-deputados\/#breadcrumb\",\"itemListElement\":[{\"@type\":\"ListItem\",\"position\":1,\"name\":\"In\u00edcio\",\"item\":\"https:\/\/psol50.org.br\/\"},{\"@type\":\"ListItem\",\"position\":2,\"name\":\"Resolu\u00e7\u00e3o do PSOL sobre elei\u00e7\u00e3o para a Presid\u00eancia da C\u00e2mara dos Deputados\"}]},{\"@type\":\"WebSite\",\"@id\":\"https:\/\/psol50.org.br\/#website\",\"url\":\"https:\/\/psol50.org.br\/\",\"name\":\"PSOL 50\",\"description\":\"Site oficial do Partido Socialismo e Liberdade\",\"publisher\":{\"@id\":\"https:\/\/psol50.org.br\/#organization\"},\"alternateName\":\"PSOL50\",\"potentialAction\":[{\"@type\":\"SearchAction\",\"target\":{\"@type\":\"EntryPoint\",\"urlTemplate\":\"https:\/\/psol50.org.br\/?s={search_term_string}\"},\"query-input\":{\"@type\":\"PropertyValueSpecification\",\"valueRequired\":true,\"valueName\":\"search_term_string\"}}],\"inLanguage\":\"pt-BR\"},{\"@type\":\"Organization\",\"@id\":\"https:\/\/psol50.org.br\/#organization\",\"name\":\"PSOL 50\",\"alternateName\":\"PSOL 50\",\"url\":\"https:\/\/psol50.org.br\/\",\"logo\":{\"@type\":\"ImageObject\",\"inLanguage\":\"pt-BR\",\"@id\":\"https:\/\/psol50.org.br\/#\/schema\/logo\/image\/\",\"url\":\"https:\/\/psol50.org.br\/inc\/uploads\/2018\/07\/capa.png\",\"contentUrl\":\"https:\/\/psol50.org.br\/inc\/uploads\/2018\/07\/capa.png\",\"width\":1350,\"height\":900,\"caption\":\"PSOL 50\"},\"image\":{\"@id\":\"https:\/\/psol50.org.br\/#\/schema\/logo\/image\/\"},\"sameAs\":[\"https:\/\/www.facebook.com\/psol50\",\"https:\/\/x.com\/psol50\",\"https:\/\/www.instagram.com\/psol50\/\",\"https:\/\/www.youtube.com\/channel\/UC7SnJS5o1os7a6CaiNabzcg\"]},{\"@type\":\"Person\",\"@id\":\"https:\/\/psol50.org.br\/#\/schema\/person\/475dfa57d0b815993c714c2e96491fcd\",\"name\":\"Comunica\u00e7\u00e3o PSOL\",\"image\":{\"@type\":\"ImageObject\",\"inLanguage\":\"pt-BR\",\"@id\":\"https:\/\/psol50.org.br\/#\/schema\/person\/image\/\",\"url\":\"https:\/\/secure.gravatar.com\/avatar\/b34fc4f4e468a4e51785917065a3db57b841f5c95dba6ad8c73aaf8f66f8f9bf?s=96&d=mm&r=g\",\"contentUrl\":\"https:\/\/secure.gravatar.com\/avatar\/b34fc4f4e468a4e51785917065a3db57b841f5c95dba6ad8c73aaf8f66f8f9bf?s=96&d=mm&r=g\",\"caption\":\"Comunica\u00e7\u00e3o PSOL\"}}]}<\/script>\n<!-- \/ Yoast SEO plugin. -->","yoast_head_json":{"title":"Resolu\u00e7\u00e3o do PSOL sobre elei\u00e7\u00e3o para a Presid\u00eancia da C\u00e2mara dos Deputados","description":"Executiva Nacional do PSOL se posiciona em favor da constru\u00e7\u00e3o de uma candidatura de esquerda no primeiro turno.","robots":{"index":"index","follow":"follow","max-snippet":"max-snippet:-1","max-image-preview":"max-image-preview:large","max-video-preview":"max-video-preview:-1"},"canonical":"https:\/\/psol50.org.br\/resolucao-do-psol-sobre-eleicao-para-a-presidencia-da-camara-dos-deputados\/","og_locale":"pt_BR","og_type":"article","og_title":"Resolu\u00e7\u00e3o do PSOL sobre elei\u00e7\u00e3o para a Presid\u00eancia da C\u00e2mara dos Deputados","og_description":"Executiva Nacional do PSOL se posiciona em favor da constru\u00e7\u00e3o de uma candidatura de esquerda no primeiro turno.","og_url":"https:\/\/psol50.org.br\/resolucao-do-psol-sobre-eleicao-para-a-presidencia-da-camara-dos-deputados\/","og_site_name":"PSOL 50","article_publisher":"https:\/\/www.facebook.com\/psol50","article_published_time":"2021-01-15T14:29:42+00:00","article_modified_time":"2021-08-22T01:06:56+00:00","og_image":[{"width":1350,"height":900,"url":"https:\/\/psol50.org.br\/inc\/uploads\/2018\/07\/capa.png","type":"image\/png"}],"author":"Comunica\u00e7\u00e3o PSOL","twitter_card":"summary_large_image","twitter_title":"Resolu\u00e7\u00e3o do PSOL sobre elei\u00e7\u00e3o para a Presid\u00eancia da C\u00e2mara dos Deputados","twitter_description":"Executiva Nacional do PSOL se posiciona em favor da constru\u00e7\u00e3o de uma candidatura de esquerda no primeiro turno.","twitter_image":"https:\/\/psol50.org.br\/inc\/uploads\/2018\/07\/capa.png","twitter_creator":"@psol50","twitter_site":"@psol50","twitter_misc":{"Escrito por":"Comunica\u00e7\u00e3o PSOL","Est. tempo de leitura":"2 minutos"},"schema":{"@context":"https:\/\/schema.org","@graph":[{"@type":"Article","@id":"https:\/\/psol50.org.br\/resolucao-do-psol-sobre-eleicao-para-a-presidencia-da-camara-dos-deputados\/#article","isPartOf":{"@id":"https:\/\/psol50.org.br\/resolucao-do-psol-sobre-eleicao-para-a-presidencia-da-camara-dos-deputados\/"},"author":{"name":"Comunica\u00e7\u00e3o PSOL","@id":"https:\/\/psol50.org.br\/#\/schema\/person\/475dfa57d0b815993c714c2e96491fcd"},"headline":"Resolu\u00e7\u00e3o do PSOL sobre elei\u00e7\u00e3o para a Presid\u00eancia da C\u00e2mara dos Deputados","datePublished":"2021-01-15T14:29:42+00:00","dateModified":"2021-08-22T01:06:56+00:00","mainEntityOfPage":{"@id":"https:\/\/psol50.org.br\/resolucao-do-psol-sobre-eleicao-para-a-presidencia-da-camara-dos-deputados\/"},"wordCount":232,"publisher":{"@id":"https:\/\/psol50.org.br\/#organization"},"image":{"@id":"https:\/\/psol50.org.br\/resolucao-do-psol-sobre-eleicao-para-a-presidencia-da-camara-dos-deputados\/#primaryimage"},"thumbnailUrl":"https:\/\/psol50.org.br\/inc\/uploads\/2018\/07\/capa.png","keywords":["c\u00e2mara","candidatura","Luiza Erundina","Presid\u00eancia","PSOL","resolu\u00e7\u00e3o"],"articleSection":["Notas","Not\u00edcias","Resolu\u00e7\u00f5es"],"inLanguage":"pt-BR"},{"@type":"WebPage","@id":"https:\/\/psol50.org.br\/resolucao-do-psol-sobre-eleicao-para-a-presidencia-da-camara-dos-deputados\/","url":"https:\/\/psol50.org.br\/resolucao-do-psol-sobre-eleicao-para-a-presidencia-da-camara-dos-deputados\/","name":"Resolu\u00e7\u00e3o do PSOL sobre elei\u00e7\u00e3o para a Presid\u00eancia da C\u00e2mara dos Deputados","isPartOf":{"@id":"https:\/\/psol50.org.br\/#website"},"primaryImageOfPage":{"@id":"https:\/\/psol50.org.br\/resolucao-do-psol-sobre-eleicao-para-a-presidencia-da-camara-dos-deputados\/#primaryimage"},"image":{"@id":"https:\/\/psol50.org.br\/resolucao-do-psol-sobre-eleicao-para-a-presidencia-da-camara-dos-deputados\/#primaryimage"},"thumbnailUrl":"https:\/\/psol50.org.br\/inc\/uploads\/2018\/07\/capa.png","datePublished":"2021-01-15T14:29:42+00:00","dateModified":"2021-08-22T01:06:56+00:00","description":"Executiva Nacional do PSOL se posiciona em favor da constru\u00e7\u00e3o de uma candidatura de esquerda no primeiro turno.","breadcrumb":{"@id":"https:\/\/psol50.org.br\/resolucao-do-psol-sobre-eleicao-para-a-presidencia-da-camara-dos-deputados\/#breadcrumb"},"inLanguage":"pt-BR","potentialAction":[{"@type":"ReadAction","target":["https:\/\/psol50.org.br\/resolucao-do-psol-sobre-eleicao-para-a-presidencia-da-camara-dos-deputados\/"]}]},{"@type":"ImageObject","inLanguage":"pt-BR","@id":"https:\/\/psol50.org.br\/resolucao-do-psol-sobre-eleicao-para-a-presidencia-da-camara-dos-deputados\/#primaryimage","url":"https:\/\/psol50.org.br\/inc\/uploads\/2018\/07\/capa.png","contentUrl":"https:\/\/psol50.org.br\/inc\/uploads\/2018\/07\/capa.png","width":1350,"height":900},{"@type":"BreadcrumbList","@id":"https:\/\/psol50.org.br\/resolucao-do-psol-sobre-eleicao-para-a-presidencia-da-camara-dos-deputados\/#breadcrumb","itemListElement":[{"@type":"ListItem","position":1,"name":"In\u00edcio","item":"https:\/\/psol50.org.br\/"},{"@type":"ListItem","position":2,"name":"Resolu\u00e7\u00e3o do PSOL sobre elei\u00e7\u00e3o para a Presid\u00eancia da C\u00e2mara dos Deputados"}]},{"@type":"WebSite","@id":"https:\/\/psol50.org.br\/#website","url":"https:\/\/psol50.org.br\/","name":"PSOL 50","description":"Site oficial do Partido Socialismo e Liberdade","publisher":{"@id":"https:\/\/psol50.org.br\/#organization"},"alternateName":"PSOL50","potentialAction":[{"@type":"SearchAction","target":{"@type":"EntryPoint","urlTemplate":"https:\/\/psol50.org.br\/?s={search_term_string}"},"query-input":{"@type":"PropertyValueSpecification","valueRequired":true,"valueName":"search_term_string"}}],"inLanguage":"pt-BR"},{"@type":"Organization","@id":"https:\/\/psol50.org.br\/#organization","name":"PSOL 50","alternateName":"PSOL 50","url":"https:\/\/psol50.org.br\/","logo":{"@type":"ImageObject","inLanguage":"pt-BR","@id":"https:\/\/psol50.org.br\/#\/schema\/logo\/image\/","url":"https:\/\/psol50.org.br\/inc\/uploads\/2018\/07\/capa.png","contentUrl":"https:\/\/psol50.org.br\/inc\/uploads\/2018\/07\/capa.png","width":1350,"height":900,"caption":"PSOL 50"},"image":{"@id":"https:\/\/psol50.org.br\/#\/schema\/logo\/image\/"},"sameAs":["https:\/\/www.facebook.com\/psol50","https:\/\/x.com\/psol50","https:\/\/www.instagram.com\/psol50\/","https:\/\/www.youtube.com\/channel\/UC7SnJS5o1os7a6CaiNabzcg"]},{"@type":"Person","@id":"https:\/\/psol50.org.br\/#\/schema\/person\/475dfa57d0b815993c714c2e96491fcd","name":"Comunica\u00e7\u00e3o PSOL","image":{"@type":"ImageObject","inLanguage":"pt-BR","@id":"https:\/\/psol50.org.br\/#\/schema\/person\/image\/","url":"https:\/\/secure.gravatar.com\/avatar\/b34fc4f4e468a4e51785917065a3db57b841f5c95dba6ad8c73aaf8f66f8f9bf?s=96&d=mm&r=g","contentUrl":"https:\/\/secure.gravatar.com\/avatar\/b34fc4f4e468a4e51785917065a3db57b841f5c95dba6ad8c73aaf8f66f8f9bf?s=96&d=mm&r=g","caption":"Comunica\u00e7\u00e3o PSOL"}}]}},"_links":{"self":[{"href":"https:\/\/psol50.org.br\/rest\/wp\/v2\/posts\/31717","targetHints":{"allow":["GET"]}}],"collection":[{"href":"https:\/\/psol50.org.br\/rest\/wp\/v2\/posts"}],"about":[{"href":"https:\/\/psol50.org.br\/rest\/wp\/v2\/types\/post"}],"author":[{"embeddable":true,"href":"https:\/\/psol50.org.br\/rest\/wp\/v2\/users\/2"}],"replies":[{"embeddable":true,"href":"https:\/\/psol50.org.br\/rest\/wp\/v2\/comments?post=31717"}],"version-history":[{"count":1,"href":"https:\/\/psol50.org.br\/rest\/wp\/v2\/posts\/31717\/revisions"}],"predecessor-version":[{"id":34034,"href":"https:\/\/psol50.org.br\/rest\/wp\/v2\/posts\/31717\/revisions\/34034"}],"wp:featuredmedia":[{"embeddable":true,"href":"https:\/\/psol50.org.br\/rest\/wp\/v2\/media\/21163"}],"wp:attachment":[{"href":"https:\/\/psol50.org.br\/rest\/wp\/v2\/media?parent=31717"}],"wp:term":[{"taxonomy":"category","embeddable":true,"href":"https:\/\/psol50.org.br\/rest\/wp\/v2\/categories?post=31717"},{"taxonomy":"post_tag","embeddable":true,"href":"https:\/\/psol50.org.br\/rest\/wp\/v2\/tags?post=31717"}],"curies":[{"name":"wp","href":"https:\/\/api.w.org\/{rel}","templated":true}]}}